{"id":18585,"date":"2023-08-05T17:30:25","date_gmt":"2023-08-05T16:30:25","guid":{"rendered":"https:\/\/www.carlosyconchita.net\/rutas\/?p=18585"},"modified":"2023-08-13T17:49:43","modified_gmt":"2023-08-13T16:49:43","slug":"05-08-2023-borna-426","status":"publish","type":"post","link":"https:\/\/www.carlosyconchita.net\/rutas\/05-08-2023-borna-426\/","title":{"rendered":"05-08-2023-Borna 426"},"content":{"rendered":"<p style=\"text-align: center;\"><span style=\"color: #ff0000;\"><cite>558 bornas localizadas hasta hoy , del total de 602 existentes, nos faltan s\u00f3lo 44<\/cite><\/span><\/p>\n<p style=\"text-align: justify;\">Hoy por fin hemos podido llegar hasta la borna 426, ya que ayer lo intentamos, pero la lluvia , viento y niebla hizo que desisti\u00e9ramos cuando llev\u00e1bamos m\u00e1s o menos la mitad del recorrido.<\/p>\n<p style=\"text-align: justify;\">Ayer empezamos a caminar en el Parking de la Molinassa, en donde dejamos el coche, ya lloviznando un poco, pero sin llegar a ponernos el anorak, poco despu\u00e9s tuvimos que ponernos el anorak, y finalmente la capelina, porque la lluvia hab\u00eda aumentado bastante.<\/p>\n<p style=\"text-align: justify;\">Pero finalmente , teniendo en cuenta lo que nos faltaba para llegar arriba al Port de Boet, donde est\u00e1 la borna, y despu\u00e9s bajar, decidimos cancelar la excursi\u00f3n y volvimos atr\u00e1s cuando hab\u00edamos recorrido unos 2 kms., ya que adem\u00e1s arriba en las monta\u00f1as hab\u00eda mucha niebla y soplaba bastante viento.<\/p>\n<p style=\"text-align: justify;\">M\u00e1s abajo est\u00e1 el enlace a las fotos de ayer, que incluyen unas cuantas realizadas en el pueblo de Alins, donde dorm\u00edamos, y en donde por la tarde se despej\u00f3 bastante el d\u00eda.<\/p>\n<p style=\"text-align: justify;\">En el track hemos marcado el punto a donde llegamos ayer y nos dimos la vuelta.<\/p>\n<p style=\"text-align: justify;\">Teniendo en cuenta que las previsiones para hoy d\u00eda 5, eran de sol todo el d\u00eda, decidimos intentarlo de nuevo, y \u00e9sta vez no hemos tenido ning\u00fan problema con el tiempo, a excepci\u00f3n del fr\u00edo que hac\u00eda por la ma\u00f1ana, ya que est\u00e1bamos a unos 5 \u00baC, cuando empezamos a caminar, y que al final ha resultado algo m\u00e1s cansada de lo que pens\u00e1bamos, debido al desnivel acumulado en una subida bastante corta.<\/p>\n<p style=\"text-align: justify;\">Como se v\u00e9 en las fotos, el paisaje es muy bonito, con unas monta\u00f1as bastante impresionantes, aunque afortunadamente nosotros \u00edbamos al Port de Boet y no a ellas&#8230;<\/p>\n<p>El camino de subida hasta el Port de Boet sigue el recorrido del GR-11<\/p>\n<p style=\"text-align: justify;\">La borna 426 tiene una caracter\u00edstica curiosa, que es que tiene grabada la \u00abF\u00bb de Francia y el \u00ab6\u00bb del n\u00famero al rev\u00e9s, o sea como en un espejo, suponemos por error del artesano que lo grab\u00f3.<\/p>\n<p style=\"text-align: justify;\">El parking de la Molinassa es de pago , en teor\u00eda, y decimos esto porque seg\u00fan la informaci\u00f3n del Parque Nacional del Alt Pirineo, es obligatorio pagar , para poder reservar y asegurar las plazas.<br \/>\nPero eso es en teor\u00eda, porque si empiezas a subir por el camino de tierra que lleva al parking antes de que \u00ababran\u00bb la taquilla puedes pasar sin problemas, por lo que puede suceder que si entra mucha gente sin pagar antes de que abran , cuando llegas arriba habiendo pagado el ticket por anticipado, no encuentres sitio.<br \/>\nNosotros pasamos por la \u00abtaquilla\u00bb ayer viernes sobre las 7.45 h. de la ma\u00f1ana , y no hab\u00eda nadie, pero\u00a0 a la vuelta, s\u00ed que nos pidieron el ticket para comprobar si hab\u00edamos pagado o no.<br \/>\nSuponemos que si no lo hubieras pagado por anticipado, te lo cobran a la salida, pero \u00e9se no es el problema, sino que actuando de esta forma, puede ser que no encuentres sitio para aparcar, por culpa de la gente que ha entrado sin \u00abreservar\u00bb ni pagar la plaza con antelaci\u00f3n.<\/p>\n<p style=\"text-align: justify;\">Creemos que deberia haber un sistema parecido a los parkings , con una barrera que solo se abriera con el ticket, para poder controlar los coches que suben y el espacio disponible, ya que al hacer la reserva por internet, te informa de las plazas libres que quedan&#8230;en teor\u00eda claro.<br \/>\nO dejarlo totalmente libre y que cada uno se las arregle como pueda, porque sino, parece que lo \u00fanico que se busca es recaudar algo, sin establecer un sistema que funcione.<\/p>\n<p style=\"text-align: justify;\">Como nos dijo el chico que estaba en la taquilla el jueves, a donde fuimos para informarnos, los dias laborables no suele haber problemas (nosotros aparcamos ayer viernes sin problema), pero los fines de semana la cosa se complica (hoy hemos podido aparcar pero solo quedaba otra plaza libre para aparcar en la zona indicada y hab\u00eda un mont\u00f3n de coches en el camino de subida).<\/p>\n<p style=\"text-align: justify;\">Y para complicar m\u00e1s la cosa, cuando baj\u00e1bamos hoy s\u00e1bado despu\u00e9s de hacer la excursi\u00f3n, sobre las 15.30 h. la taquilla estaba cerrada&#8230; significa eso que los fines de semana no hay nadie ??<\/p>\n<p style=\"text-align: justify;\">Y por \u00faltimo, como se puede ver en la imagen del ticket,\u00a0 del personal que deber\u00eda controlar algo, ni rastro.<\/p>\n<p style=\"text-align: justify;\">\u00a0<\/p>\n<p><img loading=\"lazy\" decoding=\"async\" class=\"aligncenter wp-image-18595 size-full\" src=\"https:\/\/www.carlosyconchita.net\/rutas\/wp-content\/uploads\/2023\/08\/parrking-molinassa.png\" alt=\"\" width=\"1104\" height=\"604\" srcset=\"https:\/\/www.carlosyconchita.net\/rutas\/wp-content\/uploads\/2023\/08\/parrking-molinassa.png 1104w, https:\/\/www.carlosyconchita.net\/rutas\/wp-content\/uploads\/2023\/08\/parrking-molinassa-300x164.png 300w, https:\/\/www.carlosyconchita.net\/rutas\/wp-content\/uploads\/2023\/08\/parrking-molinassa-600x328.png 600w, https:\/\/www.carlosyconchita.net\/rutas\/wp-content\/uploads\/2023\/08\/parrking-molinassa-768x420.png 768w\" sizes=\"auto, (max-width: 1104px) 100vw, 1104px\" \/><\/p>\n<p>&nbsp;<\/p>\n<p>&nbsp;<\/p>\n<hr \/>\n<p>&nbsp;<\/p>\n<p><strong>Distancia total<\/strong> :\u00a0\u00a0\u00a0 9.200\u00a0 \u00a0 m<span class=\"totlen\"><span class=\"summaryvalue\">.\u00a0\u00a0\u00a0\u00a0\u00a0\u00a0\u00a0\u00a0\u00a0\u00a0\u00a0\u00a0\u00a0\u00a0\u00a0\u00a0\u00a0\u00a0\u00a0\u00a0\u00a0 <strong>Alturas m\u00edn\/m\u00e1x. :\u00a0<\/strong> \u00a0\u00a0 1.808 m. \/ 2.513 m.\u00a0 <br \/>\n<\/span><\/span><\/p>\n<p><strong>Desnivel acumulado (s\/GPS Visualizer)<\/strong> :\u00a0 \u00a0 724 \u00a0 m.<\/p>\n<p><strong>Desnivel acumulado (s\/Wikiloc)<\/strong> :\u00a0 \u00a0\u00a0 701 \u00a0 m.<\/p>\n<p>&nbsp;<\/p>\n<hr \/>\n<p style=\"text-align: justify;\"><strong>Album de fotos de ayer , d\u00eda 04-08-2023 (lluvia)<\/strong><\/p>\n<p><a href=\"https:\/\/photos.app.goo.gl\/w1ch1Bo9J2guGUPd6\" target=\"_blank\" rel=\"noopener\"><img loading=\"lazy\" decoding=\"async\" class=\"size-medium wp-image-18587 aligncenter\" src=\"https:\/\/www.carlosyconchita.net\/rutas\/wp-content\/uploads\/2023\/08\/B-426-intento-00000-17-300x169.jpg\" alt=\"\" width=\"300\" height=\"169\" srcset=\"https:\/\/www.carlosyconchita.net\/rutas\/wp-content\/uploads\/2023\/08\/B-426-intento-00000-17-300x169.jpg 300w, https:\/\/www.carlosyconchita.net\/rutas\/wp-content\/uploads\/2023\/08\/B-426-intento-00000-17-600x338.jpg 600w, https:\/\/www.carlosyconchita.net\/rutas\/wp-content\/uploads\/2023\/08\/B-426-intento-00000-17-768x433.jpg 768w, https:\/\/www.carlosyconchita.net\/rutas\/wp-content\/uploads\/2023\/08\/B-426-intento-00000-17.jpg 1024w\" sizes=\"auto, (max-width: 300px) 100vw, 300px\" \/><\/a><\/p>\n<p>&nbsp;<\/p>\n<hr \/>\n<p><strong>Album de fotos hoy &#8211; Borna 426<\/strong><\/p>\n<p><a href=\"https:\/\/photos.app.goo.gl\/BC2kUWJ9vGY2hRNa8\" target=\"_blank\" rel=\"noopener\"><img loading=\"lazy\" decoding=\"async\" class=\"size-medium wp-image-18586 aligncenter\" src=\"https:\/\/www.carlosyconchita.net\/rutas\/wp-content\/uploads\/2023\/08\/B-426-00032-300x169.jpg\" alt=\"\" width=\"300\" height=\"169\" srcset=\"https:\/\/www.carlosyconchita.net\/rutas\/wp-content\/uploads\/2023\/08\/B-426-00032-300x169.jpg 300w, https:\/\/www.carlosyconchita.net\/rutas\/wp-content\/uploads\/2023\/08\/B-426-00032-600x338.jpg 600w, https:\/\/www.carlosyconchita.net\/rutas\/wp-content\/uploads\/2023\/08\/B-426-00032-768x433.jpg 768w, https:\/\/www.carlosyconchita.net\/rutas\/wp-content\/uploads\/2023\/08\/B-426-00032.jpg 1024w\" sizes=\"auto, (max-width: 300px) 100vw, 300px\" \/><\/a><\/p>\n<hr \/>\n<p>&nbsp;<\/p>\n<h4><strong>Mapa y track de la ruta<\/strong><\/h4>\n<p>&nbsp;<\/p>\n<p><a href=\"https:\/\/www.carlosyconchita.net\/rutas\/wp-content\/uploads\/gpx\/Borna-426-Boet.html\" target=\"_blank\" rel=\"noopener\"><img loading=\"lazy\" decoding=\"async\" class=\"aligncenter wp-image-16466\" src=\"https:\/\/www.carlosyconchita.net\/rutas\/wp-content\/uploads\/2021\/09\/mapa2.jpg\" alt=\"\" width=\"0185\" height=\"185\" srcset=\"https:\/\/www.carlosyconchita.net\/rutas\/wp-content\/uploads\/2021\/09\/mapa2.jpg 225w, https:\/\/www.carlosyconchita.net\/rutas\/wp-content\/uploads\/2021\/09\/mapa2-120x120.jpg 120w\" sizes=\"auto, (max-width: 185px) 100vw, 185px\" \/><\/a><\/p>\n<hr \/>\n<p><strong>Wikiloc\u00a0\u00a0\u00a0 <\/strong><strong><br \/>\n<\/strong><\/p>\n<p><a href=\"https:\/\/es.wikiloc.com\/rutas-senderismo\/borna-o-mojon-fronterizo-426-142855867\" target=\"_blank\" rel=\"noopener\"><img loading=\"lazy\" decoding=\"async\" class=\"aligncenter size-full wp-image-958\" src=\"https:\/\/www.carlosyconchita.net\/rutas\/wp-content\/uploads\/2020\/09\/wikiloc.jpg\" alt=\"\" width=\"117\" height=\"34\" \/><\/a><\/p>\n<p>&nbsp;<\/p>\n<hr \/>\n<p style=\"text-align: justify;\"><span style=\"color: #ff0000; background-color: #ffffff; font-size: 14pt;\"><strong>Si te ha gustado, comp\u00e1rtelo en tu red favorita o env\u00edanos tu comentario.<br \/>\n<\/strong><\/span><\/p>\n<p style=\"text-align: justify;\"><span style=\"font-size: 14pt;\"><strong><span style=\"color: #ff0000;\">Muchas gracias !<\/span><\/strong><\/span><\/p>\n<hr \/>\n<p style=\"text-align: justify;\"><strong><span style=\"color: #008000;\">Suscribete si quieres recibir un mail cuando publiquemos nuevas rutas : no enviamos publicidad y como m\u00e1ximo enviamos 2 mails al mes<\/span><\/strong><\/p>\n<p style=\"text-align: center;\"><a href=\"https:\/\/mailchi.mp\/6989c83a3e24\/wmv06rtqcz\/\" target=\"_blank\" rel=\"noopener noreferrer\"><strong><span style=\"color: #0000ff;\">Pulsa aqu\u00ed para suscribirte<\/span><\/strong><\/a><\/p>\n<hr \/>\n<p style=\"text-align: justify;\">\u00a0<\/p>\n<h3 style=\"text-align: justify;\">Puedes imprimir esta publicaci\u00f3n o guardarla en diferentes formatos :<\/h3>\n<p style=\"text-align: justify;\"><span style=\"color: #ff0000; font-size: 14pt;\">Para facilitar la impresi\u00f3n, hemos reducido considerablemente el tama\u00f1o de las fotos, pero si deseas imprimir sin fotos, aconsejamos guardarlo como \u201cdoc\u201d, y antes de imprimirlo, eliminar las fotos<\/span><\/p>\n<p>&nbsp;<\/p>\n<hr \/>\n","protected":false},"excerpt":{"rendered":"<p>558 bornas localizadas hasta hoy , del total de 602 existentes, nos faltan s\u00f3lo 44 Hoy por fin hemos podido llegar hasta la borna 426, ya que ayer lo intentamos, pero la lluvia , viento y niebla hizo que desisti\u00e9ramos cuando llev\u00e1bamos m\u00e1s o menos la mitad del recorrido. Ayer empezamos a caminar en el [&hellip;]<\/p>\n","protected":false},"author":50,"featured_media":18586,"comment_status":"closed","ping_status":"open","sticky":false,"template":"","format":"standard","meta":{"footnotes":""},"categories":[22,11,76,74],"tags":[],"class_list":{"0":"post-18585","1":"post","2":"type-post","3":"status-publish","4":"format-standard","5":"has-post-thumbnail","6":"hentry","7":"category-de-05-a-10-km","8":"category-moderada","9":"category-lleida","10":"category-0-mojones-bornas-frontera","12":"post-with-thumbnail","13":"post-with-thumbnail-icon"},"yoast_head":"<!-- This site is optimized with the Yoast SEO plugin v27.4 - https:\/\/yoast.com\/product\/yoast-seo-wordpress\/ -->\n<title>05-08-2023-Borna 426 -<\/title>\n<meta name=\"robots\" content=\"index, follow, max-snippet:-1, max-image-preview:large, max-video-preview:-1\" \/>\n<link rel=\"canonical\" href=\"https:\/\/www.carlosyconchita.net\/rutas\/05-08-2023-borna-426\/\" \/>\n<meta property=\"og:locale\" content=\"es_ES\" \/>\n<meta property=\"og:type\" content=\"article\" \/>\n<meta property=\"og:title\" content=\"05-08-2023-Borna 426 -\" \/>\n<meta property=\"og:description\" content=\"558 bornas localizadas hasta hoy , del total de 602 existentes, nos faltan s\u00f3lo 44 Hoy por fin hemos podido llegar hasta la borna 426, ya que ayer lo intentamos, pero la lluvia , viento y niebla hizo que desisti\u00e9ramos cuando llev\u00e1bamos m\u00e1s o menos la mitad del recorrido. Ayer empezamos a caminar en el [&hellip;]\" \/>\n<meta property=\"og:url\" content=\"https:\/\/www.carlosyconchita.net\/rutas\/05-08-2023-borna-426\/\" \/>\n<meta property=\"og:site_name\" content=\"Las rutas de Carlos y Conchita\" \/>\n<meta property=\"article:published_time\" content=\"2023-08-05T16:30:25+00:00\" \/>\n<meta property=\"article:modified_time\" content=\"2023-08-13T16:49:43+00:00\" \/>\n<meta property=\"og:image\" content=\"https:\/\/www.carlosyconchita.net\/rutas\/wp-content\/uploads\/2023\/08\/B-426-00032.jpg\" \/>\n\t<meta property=\"og:image:width\" content=\"1024\" \/>\n\t<meta property=\"og:image:height\" content=\"577\" \/>\n\t<meta property=\"og:image:type\" content=\"image\/jpeg\" \/>\n<meta name=\"author\" content=\"Carlos Conchita\" \/>\n<meta name=\"twitter:label1\" content=\"Escrito por\" \/>\n\t<meta name=\"twitter:data1\" content=\"Carlos Conchita\" \/>\n\t<meta name=\"twitter:label2\" content=\"Tiempo de lectura\" \/>\n\t<meta name=\"twitter:data2\" content=\"5 minutos\" \/>\n<script type=\"application\/ld+json\" class=\"yoast-schema-graph\">{\"@context\":\"https:\\\/\\\/schema.org\",\"@graph\":[{\"@type\":\"Article\",\"@id\":\"https:\\\/\\\/www.carlosyconchita.net\\\/rutas\\\/05-08-2023-borna-426\\\/#article\",\"isPartOf\":{\"@id\":\"https:\\\/\\\/www.carlosyconchita.net\\\/rutas\\\/05-08-2023-borna-426\\\/\"},\"author\":{\"name\":\"Carlos Conchita\",\"@id\":\"https:\\\/\\\/www.carlosyconchita.net\\\/rutas\\\/#\\\/schema\\\/person\\\/a9691f7258c28443fab2d3aa1479ea19\"},\"headline\":\"05-08-2023-Borna 426\",\"datePublished\":\"2023-08-05T16:30:25+00:00\",\"dateModified\":\"2023-08-13T16:49:43+00:00\",\"mainEntityOfPage\":{\"@id\":\"https:\\\/\\\/www.carlosyconchita.net\\\/rutas\\\/05-08-2023-borna-426\\\/\"},\"wordCount\":892,\"image\":{\"@id\":\"https:\\\/\\\/www.carlosyconchita.net\\\/rutas\\\/05-08-2023-borna-426\\\/#primaryimage\"},\"thumbnailUrl\":\"https:\\\/\\\/www.carlosyconchita.net\\\/rutas\\\/wp-content\\\/uploads\\\/2023\\\/08\\\/B-426-00032.jpg\",\"articleSection\":[\"2 - De 5 a 10 km.\",\"2-Moderada\",\"Lleida\",\"Mojones \\\/ Bornas frontera ES-FR\"],\"inLanguage\":\"es\"},{\"@type\":\"WebPage\",\"@id\":\"https:\\\/\\\/www.carlosyconchita.net\\\/rutas\\\/05-08-2023-borna-426\\\/\",\"url\":\"https:\\\/\\\/www.carlosyconchita.net\\\/rutas\\\/05-08-2023-borna-426\\\/\",\"name\":\"05-08-2023-Borna 426 -\",\"isPartOf\":{\"@id\":\"https:\\\/\\\/www.carlosyconchita.net\\\/rutas\\\/#website\"},\"primaryImageOfPage\":{\"@id\":\"https:\\\/\\\/www.carlosyconchita.net\\\/rutas\\\/05-08-2023-borna-426\\\/#primaryimage\"},\"image\":{\"@id\":\"https:\\\/\\\/www.carlosyconchita.net\\\/rutas\\\/05-08-2023-borna-426\\\/#primaryimage\"},\"thumbnailUrl\":\"https:\\\/\\\/www.carlosyconchita.net\\\/rutas\\\/wp-content\\\/uploads\\\/2023\\\/08\\\/B-426-00032.jpg\",\"datePublished\":\"2023-08-05T16:30:25+00:00\",\"dateModified\":\"2023-08-13T16:49:43+00:00\",\"author\":{\"@id\":\"https:\\\/\\\/www.carlosyconchita.net\\\/rutas\\\/#\\\/schema\\\/person\\\/a9691f7258c28443fab2d3aa1479ea19\"},\"breadcrumb\":{\"@id\":\"https:\\\/\\\/www.carlosyconchita.net\\\/rutas\\\/05-08-2023-borna-426\\\/#breadcrumb\"},\"inLanguage\":\"es\",\"potentialAction\":[{\"@type\":\"ReadAction\",\"target\":[\"https:\\\/\\\/www.carlosyconchita.net\\\/rutas\\\/05-08-2023-borna-426\\\/\"]}]},{\"@type\":\"ImageObject\",\"inLanguage\":\"es\",\"@id\":\"https:\\\/\\\/www.carlosyconchita.net\\\/rutas\\\/05-08-2023-borna-426\\\/#primaryimage\",\"url\":\"https:\\\/\\\/www.carlosyconchita.net\\\/rutas\\\/wp-content\\\/uploads\\\/2023\\\/08\\\/B-426-00032.jpg\",\"contentUrl\":\"https:\\\/\\\/www.carlosyconchita.net\\\/rutas\\\/wp-content\\\/uploads\\\/2023\\\/08\\\/B-426-00032.jpg\",\"width\":1024,\"height\":577},{\"@type\":\"BreadcrumbList\",\"@id\":\"https:\\\/\\\/www.carlosyconchita.net\\\/rutas\\\/05-08-2023-borna-426\\\/#breadcrumb\",\"itemListElement\":[{\"@type\":\"ListItem\",\"position\":1,\"name\":\"Portada\",\"item\":\"https:\\\/\\\/www.carlosyconchita.net\\\/rutas\\\/\"},{\"@type\":\"ListItem\",\"position\":2,\"name\":\"05-08-2023-Borna 426\"}]},{\"@type\":\"WebSite\",\"@id\":\"https:\\\/\\\/www.carlosyconchita.net\\\/rutas\\\/#website\",\"url\":\"https:\\\/\\\/www.carlosyconchita.net\\\/rutas\\\/\",\"name\":\"Las rutas de Carlos y Conchita\",\"description\":\"\",\"potentialAction\":[{\"@type\":\"SearchAction\",\"target\":{\"@type\":\"EntryPoint\",\"urlTemplate\":\"https:\\\/\\\/www.carlosyconchita.net\\\/rutas\\\/?s={search_term_string}\"},\"query-input\":{\"@type\":\"PropertyValueSpecification\",\"valueRequired\":true,\"valueName\":\"search_term_string\"}}],\"inLanguage\":\"es\"},{\"@type\":\"Person\",\"@id\":\"https:\\\/\\\/www.carlosyconchita.net\\\/rutas\\\/#\\\/schema\\\/person\\\/a9691f7258c28443fab2d3aa1479ea19\",\"name\":\"Carlos Conchita\",\"image\":{\"@type\":\"ImageObject\",\"inLanguage\":\"es\",\"@id\":\"https:\\\/\\\/secure.gravatar.com\\\/avatar\\\/3a4625b20c8da3de99da69bfe7a322774e291c3f90dce7e8778a30fe6748ed1a?s=96&d=mm&r=g\",\"url\":\"https:\\\/\\\/secure.gravatar.com\\\/avatar\\\/3a4625b20c8da3de99da69bfe7a322774e291c3f90dce7e8778a30fe6748ed1a?s=96&d=mm&r=g\",\"contentUrl\":\"https:\\\/\\\/secure.gravatar.com\\\/avatar\\\/3a4625b20c8da3de99da69bfe7a322774e291c3f90dce7e8778a30fe6748ed1a?s=96&d=mm&r=g\",\"caption\":\"Carlos Conchita\"}}]}<\/script>\n<!-- \/ Yoast SEO plugin. -->","yoast_head_json":{"title":"05-08-2023-Borna 426 -","robots":{"index":"index","follow":"follow","max-snippet":"max-snippet:-1","max-image-preview":"max-image-preview:large","max-video-preview":"max-video-preview:-1"},"canonical":"https:\/\/www.carlosyconchita.net\/rutas\/05-08-2023-borna-426\/","og_locale":"es_ES","og_type":"article","og_title":"05-08-2023-Borna 426 -","og_description":"558 bornas localizadas hasta hoy , del total de 602 existentes, nos faltan s\u00f3lo 44 Hoy por fin hemos podido llegar hasta la borna 426, ya que ayer lo intentamos, pero la lluvia , viento y niebla hizo que desisti\u00e9ramos cuando llev\u00e1bamos m\u00e1s o menos la mitad del recorrido. Ayer empezamos a caminar en el [&hellip;]","og_url":"https:\/\/www.carlosyconchita.net\/rutas\/05-08-2023-borna-426\/","og_site_name":"Las rutas de Carlos y Conchita","article_published_time":"2023-08-05T16:30:25+00:00","article_modified_time":"2023-08-13T16:49:43+00:00","og_image":[{"width":1024,"height":577,"url":"https:\/\/www.carlosyconchita.net\/rutas\/wp-content\/uploads\/2023\/08\/B-426-00032.jpg","type":"image\/jpeg"}],"author":"Carlos Conchita","twitter_misc":{"Escrito por":"Carlos Conchita","Tiempo de lectura":"5 minutos"},"schema":{"@context":"https:\/\/schema.org","@graph":[{"@type":"Article","@id":"https:\/\/www.carlosyconchita.net\/rutas\/05-08-2023-borna-426\/#article","isPartOf":{"@id":"https:\/\/www.carlosyconchita.net\/rutas\/05-08-2023-borna-426\/"},"author":{"name":"Carlos Conchita","@id":"https:\/\/www.carlosyconchita.net\/rutas\/#\/schema\/person\/a9691f7258c28443fab2d3aa1479ea19"},"headline":"05-08-2023-Borna 426","datePublished":"2023-08-05T16:30:25+00:00","dateModified":"2023-08-13T16:49:43+00:00","mainEntityOfPage":{"@id":"https:\/\/www.carlosyconchita.net\/rutas\/05-08-2023-borna-426\/"},"wordCount":892,"image":{"@id":"https:\/\/www.carlosyconchita.net\/rutas\/05-08-2023-borna-426\/#primaryimage"},"thumbnailUrl":"https:\/\/www.carlosyconchita.net\/rutas\/wp-content\/uploads\/2023\/08\/B-426-00032.jpg","articleSection":["2 - De 5 a 10 km.","2-Moderada","Lleida","Mojones \/ Bornas frontera ES-FR"],"inLanguage":"es"},{"@type":"WebPage","@id":"https:\/\/www.carlosyconchita.net\/rutas\/05-08-2023-borna-426\/","url":"https:\/\/www.carlosyconchita.net\/rutas\/05-08-2023-borna-426\/","name":"05-08-2023-Borna 426 -","isPartOf":{"@id":"https:\/\/www.carlosyconchita.net\/rutas\/#website"},"primaryImageOfPage":{"@id":"https:\/\/www.carlosyconchita.net\/rutas\/05-08-2023-borna-426\/#primaryimage"},"image":{"@id":"https:\/\/www.carlosyconchita.net\/rutas\/05-08-2023-borna-426\/#primaryimage"},"thumbnailUrl":"https:\/\/www.carlosyconchita.net\/rutas\/wp-content\/uploads\/2023\/08\/B-426-00032.jpg","datePublished":"2023-08-05T16:30:25+00:00","dateModified":"2023-08-13T16:49:43+00:00","author":{"@id":"https:\/\/www.carlosyconchita.net\/rutas\/#\/schema\/person\/a9691f7258c28443fab2d3aa1479ea19"},"breadcrumb":{"@id":"https:\/\/www.carlosyconchita.net\/rutas\/05-08-2023-borna-426\/#breadcrumb"},"inLanguage":"es","potentialAction":[{"@type":"ReadAction","target":["https:\/\/www.carlosyconchita.net\/rutas\/05-08-2023-borna-426\/"]}]},{"@type":"ImageObject","inLanguage":"es","@id":"https:\/\/www.carlosyconchita.net\/rutas\/05-08-2023-borna-426\/#primaryimage","url":"https:\/\/www.carlosyconchita.net\/rutas\/wp-content\/uploads\/2023\/08\/B-426-00032.jpg","contentUrl":"https:\/\/www.carlosyconchita.net\/rutas\/wp-content\/uploads\/2023\/08\/B-426-00032.jpg","width":1024,"height":577},{"@type":"BreadcrumbList","@id":"https:\/\/www.carlosyconchita.net\/rutas\/05-08-2023-borna-426\/#breadcrumb","itemListElement":[{"@type":"ListItem","position":1,"name":"Portada","item":"https:\/\/www.carlosyconchita.net\/rutas\/"},{"@type":"ListItem","position":2,"name":"05-08-2023-Borna 426"}]},{"@type":"WebSite","@id":"https:\/\/www.carlosyconchita.net\/rutas\/#website","url":"https:\/\/www.carlosyconchita.net\/rutas\/","name":"Las rutas de Carlos y Conchita","description":"","potentialAction":[{"@type":"SearchAction","target":{"@type":"EntryPoint","urlTemplate":"https:\/\/www.carlosyconchita.net\/rutas\/?s={search_term_string}"},"query-input":{"@type":"PropertyValueSpecification","valueRequired":true,"valueName":"search_term_string"}}],"inLanguage":"es"},{"@type":"Person","@id":"https:\/\/www.carlosyconchita.net\/rutas\/#\/schema\/person\/a9691f7258c28443fab2d3aa1479ea19","name":"Carlos Conchita","image":{"@type":"ImageObject","inLanguage":"es","@id":"https:\/\/secure.gravatar.com\/avatar\/3a4625b20c8da3de99da69bfe7a322774e291c3f90dce7e8778a30fe6748ed1a?s=96&d=mm&r=g","url":"https:\/\/secure.gravatar.com\/avatar\/3a4625b20c8da3de99da69bfe7a322774e291c3f90dce7e8778a30fe6748ed1a?s=96&d=mm&r=g","contentUrl":"https:\/\/secure.gravatar.com\/avatar\/3a4625b20c8da3de99da69bfe7a322774e291c3f90dce7e8778a30fe6748ed1a?s=96&d=mm&r=g","caption":"Carlos Conchita"}}]}},"_links":{"self":[{"href":"https:\/\/www.carlosyconchita.net\/rutas\/wp-json\/wp\/v2\/posts\/18585","targetHints":{"allow":["GET"]}}],"collection":[{"href":"https:\/\/www.carlosyconchita.net\/rutas\/wp-json\/wp\/v2\/posts"}],"about":[{"href":"https:\/\/www.carlosyconchita.net\/rutas\/wp-json\/wp\/v2\/types\/post"}],"author":[{"embeddable":true,"href":"https:\/\/www.carlosyconchita.net\/rutas\/wp-json\/wp\/v2\/users\/50"}],"replies":[{"embeddable":true,"href":"https:\/\/www.carlosyconchita.net\/rutas\/wp-json\/wp\/v2\/comments?post=18585"}],"version-history":[{"count":0,"href":"https:\/\/www.carlosyconchita.net\/rutas\/wp-json\/wp\/v2\/posts\/18585\/revisions"}],"wp:featuredmedia":[{"embeddable":true,"href":"https:\/\/www.carlosyconchita.net\/rutas\/wp-json\/wp\/v2\/media\/18586"}],"wp:attachment":[{"href":"https:\/\/www.carlosyconchita.net\/rutas\/wp-json\/wp\/v2\/media?parent=18585"}],"wp:term":[{"taxonomy":"category","embeddable":true,"href":"https:\/\/www.carlosyconchita.net\/rutas\/wp-json\/wp\/v2\/categories?post=18585"},{"taxonomy":"post_tag","embeddable":true,"href":"https:\/\/www.carlosyconchita.net\/rutas\/wp-json\/wp\/v2\/tags?post=18585"}],"curies":[{"name":"wp","href":"https:\/\/api.w.org\/{rel}","templated":true}]}}