{"id":18610,"date":"2023-08-09T17:40:20","date_gmt":"2023-08-09T16:40:20","guid":{"rendered":"https:\/\/www.carlosyconchita.net\/rutas\/?p=18610"},"modified":"2023-08-13T18:04:13","modified_gmt":"2023-08-13T17:04:13","slug":"09-08-2023-bornas-411-414","status":"publish","type":"post","link":"https:\/\/www.carlosyconchita.net\/rutas\/09-08-2023-bornas-411-414\/","title":{"rendered":"09-08-2023-Bornas 411-414"},"content":{"rendered":"<p style=\"text-align: center;\"><span style=\"color: #ff0000;\"><cite>560 bornas localizadas hasta hoy , del total de 602 existentes, nos faltan s\u00f3lo 42<\/cite><\/span><\/p>\n<p style=\"text-align: justify;\">Hoy volvemos a la zona de Canejan, para llegar hasta las bornas 411 y 412, ya que el pasado d\u00eda\u00a0 <a href=\"https:\/\/www.carlosyconchita.net\/rutas\/01-07-2023-bornas-413-a-416\/\" target=\"_blank\" rel=\"noopener\"><span style=\"color: #0000ff;\">01-07-2023-Bornas 413 a 416 (+ intento 417)<\/span><\/a><span style=\"color: #0000ff;\">\u00a0\u00a0<span style=\"color: #333333;\"> no pudimos hacer , debido a las complicaciones y longitud del recorrido.<\/span><\/span><\/p>\n<p style=\"text-align: justify;\">Desde Canejan iniciamos el fuerte ascenso, pero en vez de ir m\u00e1s o menos directos hacia la B-412, subimos m\u00e1s y nos vamos a la B-414.<br \/>\nEl motivo es que en la excursi\u00f3n antes citada de julio, para acortar el descenso pasamos por una zona de helechos, con muchas garrapatas, que afortunadamente pudimos quitarnos en los d\u00edas posteriores sin ninguna consecuencia grave.<\/p>\n<p style=\"text-align: justify;\">Por eso, esta vez hemos preferido subir unos 200 m. m\u00e1s de desnivel y hacer varios kil\u00f3metros de m\u00e1s, para seguir el camino hasta llegar al bosque en donde est\u00e1 la B-414 (ya vista el 01-julio) , y ya por dentro del bosque, a la sombra y sin garrapatas, ir descendiendo hasta la B-413 (ya vista el 01-julio), y las que eran nuestro objetivo hoy, la 412 y la 411.<\/p>\n<p style=\"text-align: justify;\">El descenso ha sido bastante pesado, especialmente desde la B-412 a la B-411, con mucha pendiente y como casi siempre sin ning\u00fan camino, por lo que nos hemos cansado bastante en este tramo, que despu\u00e9s evidentemente, hemos tenido que subir para volver.<\/p>\n<p style=\"text-align: justify;\">Dado que la B-412 est\u00e1 grabada en una piedra s\u00f3lamente visible desde abajo, y en una zona con mucha inclinaci\u00f3n, nos la pasamos de largo porque no la vimos hasta unos metros m\u00e1s abajo,\u00a0 y como que ten\u00edamos que descender m\u00e1s para llegar a la B-411, la dejamos para la subida.<\/p>\n<p>Y para acabar de arreglarlo, debido a lo tupido del bosque, los dos GPS que siempre llevamos, perdieron cobertura entre la B-412 y la B-411, por lo que tuvimos que dar varias vueltas para poder localizar la B-411<\/p>\n<p style=\"text-align: justify;\">Ha sido un d\u00eda de fuerte calor, pero s\u00f3lo lo hemos sufrido a la vuelta y ya de bajada, porque la subida por zona descubierta a primer\u00edsima hora de la ma\u00f1ana ha sido con tiempo fresco (en las fotos se puede ver que llevamos puesta una chaqueta), y despu\u00e9s\u00a0 ha sido por dentro del bosque a la sombra, tanto\u00a0 a la ida como a la vuelta, y como decimos, s\u00f3lo a la bajada por el camino hacia Canejan, ha sido a pleno sol.<\/p>\n<p style=\"text-align: justify;\">Por cierto, hace unos d\u00edas se celebr\u00f3 una carrera por la zona, por lo que el camino de subida desde Canejan estaba bastante mejor que en julio, porque hab\u00edan cortado las hierbas, y por dentro del bosque, estaba indicado el recorrido con unas se\u00f1ales fosforescentes en los arboles, y debido al paso de los corredores, a pesar del fuerte desnivel, se pod\u00eda subir un poco mejor al estar algo pisado el recorrido.<\/p>\n<hr \/>\n<p>&nbsp;<\/p>\n<p><strong>Distancia total<\/strong> :\u00a0\u00a0\u00a0 8.657\u00a0 \u00a0 m<span class=\"totlen\"><span class=\"summaryvalue\">.\u00a0\u00a0\u00a0\u00a0\u00a0\u00a0\u00a0\u00a0\u00a0\u00a0\u00a0\u00a0\u00a0\u00a0\u00a0\u00a0\u00a0\u00a0\u00a0\u00a0\u00a0 <strong>Alturas m\u00edn\/m\u00e1x. :\u00a0<\/strong> \u00a0\u00a0 906 m. \/\u00a0 1.645 m.\u00a0 <br \/>\n<\/span><\/span><\/p>\n<p><strong>Desnivel acumulado (s\/GPS Visualizer)<\/strong> :\u00a0 \u00a0 1.023 \u00a0 m.<\/p>\n<p><strong>Desnivel acumulado (s\/Wikiloc)<\/strong> :\u00a0 \u00a0\u00a0 985 \u00a0 m.<\/p>\n<p>&nbsp;<\/p>\n<hr \/>\n<p><strong>Album de fotos<\/strong><\/p>\n<p><a href=\"https:\/\/photos.app.goo.gl\/mckaG1Cx6LTkwHMo9\" target=\"_blank\" rel=\"noopener\"><img loading=\"lazy\" decoding=\"async\" class=\"size-medium wp-image-18611 aligncenter\" src=\"https:\/\/www.carlosyconchita.net\/rutas\/wp-content\/uploads\/2023\/08\/B-411-414-00032-300x169.jpg\" alt=\"\" width=\"300\" height=\"169\" srcset=\"https:\/\/www.carlosyconchita.net\/rutas\/wp-content\/uploads\/2023\/08\/B-411-414-00032-300x169.jpg 300w, https:\/\/www.carlosyconchita.net\/rutas\/wp-content\/uploads\/2023\/08\/B-411-414-00032-600x338.jpg 600w, https:\/\/www.carlosyconchita.net\/rutas\/wp-content\/uploads\/2023\/08\/B-411-414-00032-768x433.jpg 768w, https:\/\/www.carlosyconchita.net\/rutas\/wp-content\/uploads\/2023\/08\/B-411-414-00032.jpg 1024w\" sizes=\"auto, (max-width: 300px) 100vw, 300px\" \/><\/a><\/p>\n<hr \/>\n<p>&nbsp;<\/p>\n<h4><strong>Mapa y track de la ruta<\/strong><\/h4>\n<p style=\"text-align: center;\"><strong><span style=\"color: #ff0000;\">Pulsando sobre los waypoints del mapa, se puede ver una foto del sitio.<\/span><\/strong><\/p>\n<p>&nbsp;<\/p>\n<p><a href=\"https:\/\/www.carlosyconchita.net\/rutas\/wp-content\/uploads\/gpx\/Bornas-411-414.html\" target=\"_blank\" rel=\"noopener\"><img loading=\"lazy\" decoding=\"async\" class=\"aligncenter wp-image-16466\" src=\"https:\/\/www.carlosyconchita.net\/rutas\/wp-content\/uploads\/2021\/09\/mapa2.jpg\" alt=\"\" width=\"0185\" height=\"185\" srcset=\"https:\/\/www.carlosyconchita.net\/rutas\/wp-content\/uploads\/2021\/09\/mapa2.jpg 225w, https:\/\/www.carlosyconchita.net\/rutas\/wp-content\/uploads\/2021\/09\/mapa2-120x120.jpg 120w\" sizes=\"auto, (max-width: 185px) 100vw, 185px\" \/><\/a><\/p>\n<hr \/>\n<p><strong>Wikiloc\u00a0\u00a0\u00a0 <\/strong><strong><br \/>\n<\/strong><\/p>\n<p><a href=\"https:\/\/es.wikiloc.com\/rutas-senderismo\/bornas-o-mojones-fronterizos-411-a-414-143654088\" target=\"_blank\" rel=\"noopener\"><img loading=\"lazy\" decoding=\"async\" class=\"aligncenter size-full wp-image-958\" src=\"https:\/\/www.carlosyconchita.net\/rutas\/wp-content\/uploads\/2020\/09\/wikiloc.jpg\" alt=\"\" width=\"117\" height=\"34\" \/><\/a><\/p>\n<p>&nbsp;<\/p>\n<hr \/>\n<p style=\"text-align: justify;\"><span style=\"color: #ff0000; background-color: #ffffff; font-size: 14pt;\"><strong>Si te ha gustado, comp\u00e1rtelo en tu red favorita o env\u00edanos tu comentario.<br \/>\n<\/strong><\/span><\/p>\n<p style=\"text-align: justify;\"><span style=\"font-size: 14pt;\"><strong><span style=\"color: #ff0000;\">Muchas gracias !<\/span><\/strong><\/span><\/p>\n<hr \/>\n<p style=\"text-align: justify;\"><strong><span style=\"color: #008000;\">Suscribete si quieres recibir un mail cuando publiquemos nuevas rutas : no enviamos publicidad y como m\u00e1ximo enviamos 2 mails al mes<\/span><\/strong><\/p>\n<p style=\"text-align: center;\"><a href=\"https:\/\/mailchi.mp\/6989c83a3e24\/wmv06rtqcz\/\" target=\"_blank\" rel=\"noopener noreferrer\"><strong><span style=\"color: #0000ff;\">Pulsa aqu\u00ed para suscribirte<\/span><\/strong><\/a><\/p>\n<hr \/>\n<p style=\"text-align: justify;\">\u00a0<\/p>\n<h3 style=\"text-align: justify;\">Puedes imprimir esta publicaci\u00f3n o guardarla en diferentes formatos :<\/h3>\n<p style=\"text-align: justify;\"><span style=\"color: #ff0000; font-size: 14pt;\">Para facilitar la impresi\u00f3n, hemos reducido considerablemente el tama\u00f1o de las fotos, pero si deseas imprimir sin fotos, aconsejamos guardarlo como \u201cdoc\u201d, y antes de imprimirlo, eliminar las fotos<\/span><\/p>\n<p>&nbsp;<\/p>\n<hr \/>\n","protected":false},"excerpt":{"rendered":"<p>560 bornas localizadas hasta hoy , del total de 602 existentes, nos faltan s\u00f3lo 42 Hoy volvemos a la zona de Canejan, para llegar hasta las bornas 411 y 412, ya que el pasado d\u00eda\u00a0 01-07-2023-Bornas 413 a 416 (+ intento 417)\u00a0\u00a0 no pudimos hacer , debido a las complicaciones y longitud del recorrido. Desde [&hellip;]<\/p>\n","protected":false},"author":50,"featured_media":18611,"comment_status":"closed","ping_status":"open","sticky":false,"template":"","format":"standard","meta":{"footnotes":""},"categories":[22,11,74,109],"tags":[],"class_list":{"0":"post-18610","1":"post","2":"type-post","3":"status-publish","4":"format-standard","5":"has-post-thumbnail","6":"hentry","7":"category-de-05-a-10-km","8":"category-moderada","9":"category-0-mojones-bornas-frontera","10":"category-valle-de-aran","12":"post-with-thumbnail","13":"post-with-thumbnail-icon"},"yoast_head":"<!-- This site is optimized with the Yoast SEO plugin v27.4 - https:\/\/yoast.com\/product\/yoast-seo-wordpress\/ -->\n<title>09-08-2023-Bornas 411-414 -<\/title>\n<meta name=\"robots\" content=\"index, follow, max-snippet:-1, max-image-preview:large, max-video-preview:-1\" \/>\n<link rel=\"canonical\" href=\"https:\/\/www.carlosyconchita.net\/rutas\/09-08-2023-bornas-411-414\/\" \/>\n<meta property=\"og:locale\" content=\"es_ES\" \/>\n<meta property=\"og:type\" content=\"article\" \/>\n<meta property=\"og:title\" content=\"09-08-2023-Bornas 411-414 -\" \/>\n<meta property=\"og:description\" content=\"560 bornas localizadas hasta hoy , del total de 602 existentes, nos faltan s\u00f3lo 42 Hoy volvemos a la zona de Canejan, para llegar hasta las bornas 411 y 412, ya que el pasado d\u00eda\u00a0 01-07-2023-Bornas 413 a 416 (+ intento 417)\u00a0\u00a0 no pudimos hacer , debido a las complicaciones y longitud del recorrido. Desde [&hellip;]\" \/>\n<meta property=\"og:url\" content=\"https:\/\/www.carlosyconchita.net\/rutas\/09-08-2023-bornas-411-414\/\" \/>\n<meta property=\"og:site_name\" content=\"Las rutas de Carlos y Conchita\" \/>\n<meta property=\"article:published_time\" content=\"2023-08-09T16:40:20+00:00\" \/>\n<meta property=\"article:modified_time\" content=\"2023-08-13T17:04:13+00:00\" \/>\n<meta property=\"og:image\" content=\"https:\/\/www.carlosyconchita.net\/rutas\/wp-content\/uploads\/2023\/08\/B-411-414-00032.jpg\" \/>\n\t<meta property=\"og:image:width\" content=\"1024\" \/>\n\t<meta property=\"og:image:height\" content=\"577\" \/>\n\t<meta property=\"og:image:type\" content=\"image\/jpeg\" \/>\n<meta name=\"author\" content=\"Carlos Conchita\" \/>\n<meta name=\"twitter:label1\" content=\"Escrito por\" \/>\n\t<meta name=\"twitter:data1\" content=\"Carlos Conchita\" \/>\n\t<meta name=\"twitter:label2\" content=\"Tiempo de lectura\" \/>\n\t<meta name=\"twitter:data2\" content=\"4 minutos\" \/>\n<script type=\"application\/ld+json\" class=\"yoast-schema-graph\">{\"@context\":\"https:\\\/\\\/schema.org\",\"@graph\":[{\"@type\":\"Article\",\"@id\":\"https:\\\/\\\/www.carlosyconchita.net\\\/rutas\\\/09-08-2023-bornas-411-414\\\/#article\",\"isPartOf\":{\"@id\":\"https:\\\/\\\/www.carlosyconchita.net\\\/rutas\\\/09-08-2023-bornas-411-414\\\/\"},\"author\":{\"name\":\"Carlos Conchita\",\"@id\":\"https:\\\/\\\/www.carlosyconchita.net\\\/rutas\\\/#\\\/schema\\\/person\\\/a9691f7258c28443fab2d3aa1479ea19\"},\"headline\":\"09-08-2023-Bornas 411-414\",\"datePublished\":\"2023-08-09T16:40:20+00:00\",\"dateModified\":\"2023-08-13T17:04:13+00:00\",\"mainEntityOfPage\":{\"@id\":\"https:\\\/\\\/www.carlosyconchita.net\\\/rutas\\\/09-08-2023-bornas-411-414\\\/\"},\"wordCount\":622,\"image\":{\"@id\":\"https:\\\/\\\/www.carlosyconchita.net\\\/rutas\\\/09-08-2023-bornas-411-414\\\/#primaryimage\"},\"thumbnailUrl\":\"https:\\\/\\\/www.carlosyconchita.net\\\/rutas\\\/wp-content\\\/uploads\\\/2023\\\/08\\\/B-411-414-00032.jpg\",\"articleSection\":[\"2 - De 5 a 10 km.\",\"2-Moderada\",\"Mojones \\\/ Bornas frontera ES-FR\",\"Valle de Ar\u00e1n\"],\"inLanguage\":\"es\"},{\"@type\":\"WebPage\",\"@id\":\"https:\\\/\\\/www.carlosyconchita.net\\\/rutas\\\/09-08-2023-bornas-411-414\\\/\",\"url\":\"https:\\\/\\\/www.carlosyconchita.net\\\/rutas\\\/09-08-2023-bornas-411-414\\\/\",\"name\":\"09-08-2023-Bornas 411-414 -\",\"isPartOf\":{\"@id\":\"https:\\\/\\\/www.carlosyconchita.net\\\/rutas\\\/#website\"},\"primaryImageOfPage\":{\"@id\":\"https:\\\/\\\/www.carlosyconchita.net\\\/rutas\\\/09-08-2023-bornas-411-414\\\/#primaryimage\"},\"image\":{\"@id\":\"https:\\\/\\\/www.carlosyconchita.net\\\/rutas\\\/09-08-2023-bornas-411-414\\\/#primaryimage\"},\"thumbnailUrl\":\"https:\\\/\\\/www.carlosyconchita.net\\\/rutas\\\/wp-content\\\/uploads\\\/2023\\\/08\\\/B-411-414-00032.jpg\",\"datePublished\":\"2023-08-09T16:40:20+00:00\",\"dateModified\":\"2023-08-13T17:04:13+00:00\",\"author\":{\"@id\":\"https:\\\/\\\/www.carlosyconchita.net\\\/rutas\\\/#\\\/schema\\\/person\\\/a9691f7258c28443fab2d3aa1479ea19\"},\"breadcrumb\":{\"@id\":\"https:\\\/\\\/www.carlosyconchita.net\\\/rutas\\\/09-08-2023-bornas-411-414\\\/#breadcrumb\"},\"inLanguage\":\"es\",\"potentialAction\":[{\"@type\":\"ReadAction\",\"target\":[\"https:\\\/\\\/www.carlosyconchita.net\\\/rutas\\\/09-08-2023-bornas-411-414\\\/\"]}]},{\"@type\":\"ImageObject\",\"inLanguage\":\"es\",\"@id\":\"https:\\\/\\\/www.carlosyconchita.net\\\/rutas\\\/09-08-2023-bornas-411-414\\\/#primaryimage\",\"url\":\"https:\\\/\\\/www.carlosyconchita.net\\\/rutas\\\/wp-content\\\/uploads\\\/2023\\\/08\\\/B-411-414-00032.jpg\",\"contentUrl\":\"https:\\\/\\\/www.carlosyconchita.net\\\/rutas\\\/wp-content\\\/uploads\\\/2023\\\/08\\\/B-411-414-00032.jpg\",\"width\":1024,\"height\":577},{\"@type\":\"BreadcrumbList\",\"@id\":\"https:\\\/\\\/www.carlosyconchita.net\\\/rutas\\\/09-08-2023-bornas-411-414\\\/#breadcrumb\",\"itemListElement\":[{\"@type\":\"ListItem\",\"position\":1,\"name\":\"Portada\",\"item\":\"https:\\\/\\\/www.carlosyconchita.net\\\/rutas\\\/\"},{\"@type\":\"ListItem\",\"position\":2,\"name\":\"09-08-2023-Bornas 411-414\"}]},{\"@type\":\"WebSite\",\"@id\":\"https:\\\/\\\/www.carlosyconchita.net\\\/rutas\\\/#website\",\"url\":\"https:\\\/\\\/www.carlosyconchita.net\\\/rutas\\\/\",\"name\":\"Las rutas de Carlos y Conchita\",\"description\":\"\",\"potentialAction\":[{\"@type\":\"SearchAction\",\"target\":{\"@type\":\"EntryPoint\",\"urlTemplate\":\"https:\\\/\\\/www.carlosyconchita.net\\\/rutas\\\/?s={search_term_string}\"},\"query-input\":{\"@type\":\"PropertyValueSpecification\",\"valueRequired\":true,\"valueName\":\"search_term_string\"}}],\"inLanguage\":\"es\"},{\"@type\":\"Person\",\"@id\":\"https:\\\/\\\/www.carlosyconchita.net\\\/rutas\\\/#\\\/schema\\\/person\\\/a9691f7258c28443fab2d3aa1479ea19\",\"name\":\"Carlos Conchita\",\"image\":{\"@type\":\"ImageObject\",\"inLanguage\":\"es\",\"@id\":\"https:\\\/\\\/secure.gravatar.com\\\/avatar\\\/3a4625b20c8da3de99da69bfe7a322774e291c3f90dce7e8778a30fe6748ed1a?s=96&d=mm&r=g\",\"url\":\"https:\\\/\\\/secure.gravatar.com\\\/avatar\\\/3a4625b20c8da3de99da69bfe7a322774e291c3f90dce7e8778a30fe6748ed1a?s=96&d=mm&r=g\",\"contentUrl\":\"https:\\\/\\\/secure.gravatar.com\\\/avatar\\\/3a4625b20c8da3de99da69bfe7a322774e291c3f90dce7e8778a30fe6748ed1a?s=96&d=mm&r=g\",\"caption\":\"Carlos Conchita\"}}]}<\/script>\n<!-- \/ Yoast SEO plugin. -->","yoast_head_json":{"title":"09-08-2023-Bornas 411-414 -","robots":{"index":"index","follow":"follow","max-snippet":"max-snippet:-1","max-image-preview":"max-image-preview:large","max-video-preview":"max-video-preview:-1"},"canonical":"https:\/\/www.carlosyconchita.net\/rutas\/09-08-2023-bornas-411-414\/","og_locale":"es_ES","og_type":"article","og_title":"09-08-2023-Bornas 411-414 -","og_description":"560 bornas localizadas hasta hoy , del total de 602 existentes, nos faltan s\u00f3lo 42 Hoy volvemos a la zona de Canejan, para llegar hasta las bornas 411 y 412, ya que el pasado d\u00eda\u00a0 01-07-2023-Bornas 413 a 416 (+ intento 417)\u00a0\u00a0 no pudimos hacer , debido a las complicaciones y longitud del recorrido. Desde [&hellip;]","og_url":"https:\/\/www.carlosyconchita.net\/rutas\/09-08-2023-bornas-411-414\/","og_site_name":"Las rutas de Carlos y Conchita","article_published_time":"2023-08-09T16:40:20+00:00","article_modified_time":"2023-08-13T17:04:13+00:00","og_image":[{"width":1024,"height":577,"url":"https:\/\/www.carlosyconchita.net\/rutas\/wp-content\/uploads\/2023\/08\/B-411-414-00032.jpg","type":"image\/jpeg"}],"author":"Carlos Conchita","twitter_misc":{"Escrito por":"Carlos Conchita","Tiempo de lectura":"4 minutos"},"schema":{"@context":"https:\/\/schema.org","@graph":[{"@type":"Article","@id":"https:\/\/www.carlosyconchita.net\/rutas\/09-08-2023-bornas-411-414\/#article","isPartOf":{"@id":"https:\/\/www.carlosyconchita.net\/rutas\/09-08-2023-bornas-411-414\/"},"author":{"name":"Carlos Conchita","@id":"https:\/\/www.carlosyconchita.net\/rutas\/#\/schema\/person\/a9691f7258c28443fab2d3aa1479ea19"},"headline":"09-08-2023-Bornas 411-414","datePublished":"2023-08-09T16:40:20+00:00","dateModified":"2023-08-13T17:04:13+00:00","mainEntityOfPage":{"@id":"https:\/\/www.carlosyconchita.net\/rutas\/09-08-2023-bornas-411-414\/"},"wordCount":622,"image":{"@id":"https:\/\/www.carlosyconchita.net\/rutas\/09-08-2023-bornas-411-414\/#primaryimage"},"thumbnailUrl":"https:\/\/www.carlosyconchita.net\/rutas\/wp-content\/uploads\/2023\/08\/B-411-414-00032.jpg","articleSection":["2 - De 5 a 10 km.","2-Moderada","Mojones \/ Bornas frontera ES-FR","Valle de Ar\u00e1n"],"inLanguage":"es"},{"@type":"WebPage","@id":"https:\/\/www.carlosyconchita.net\/rutas\/09-08-2023-bornas-411-414\/","url":"https:\/\/www.carlosyconchita.net\/rutas\/09-08-2023-bornas-411-414\/","name":"09-08-2023-Bornas 411-414 -","isPartOf":{"@id":"https:\/\/www.carlosyconchita.net\/rutas\/#website"},"primaryImageOfPage":{"@id":"https:\/\/www.carlosyconchita.net\/rutas\/09-08-2023-bornas-411-414\/#primaryimage"},"image":{"@id":"https:\/\/www.carlosyconchita.net\/rutas\/09-08-2023-bornas-411-414\/#primaryimage"},"thumbnailUrl":"https:\/\/www.carlosyconchita.net\/rutas\/wp-content\/uploads\/2023\/08\/B-411-414-00032.jpg","datePublished":"2023-08-09T16:40:20+00:00","dateModified":"2023-08-13T17:04:13+00:00","author":{"@id":"https:\/\/www.carlosyconchita.net\/rutas\/#\/schema\/person\/a9691f7258c28443fab2d3aa1479ea19"},"breadcrumb":{"@id":"https:\/\/www.carlosyconchita.net\/rutas\/09-08-2023-bornas-411-414\/#breadcrumb"},"inLanguage":"es","potentialAction":[{"@type":"ReadAction","target":["https:\/\/www.carlosyconchita.net\/rutas\/09-08-2023-bornas-411-414\/"]}]},{"@type":"ImageObject","inLanguage":"es","@id":"https:\/\/www.carlosyconchita.net\/rutas\/09-08-2023-bornas-411-414\/#primaryimage","url":"https:\/\/www.carlosyconchita.net\/rutas\/wp-content\/uploads\/2023\/08\/B-411-414-00032.jpg","contentUrl":"https:\/\/www.carlosyconchita.net\/rutas\/wp-content\/uploads\/2023\/08\/B-411-414-00032.jpg","width":1024,"height":577},{"@type":"BreadcrumbList","@id":"https:\/\/www.carlosyconchita.net\/rutas\/09-08-2023-bornas-411-414\/#breadcrumb","itemListElement":[{"@type":"ListItem","position":1,"name":"Portada","item":"https:\/\/www.carlosyconchita.net\/rutas\/"},{"@type":"ListItem","position":2,"name":"09-08-2023-Bornas 411-414"}]},{"@type":"WebSite","@id":"https:\/\/www.carlosyconchita.net\/rutas\/#website","url":"https:\/\/www.carlosyconchita.net\/rutas\/","name":"Las rutas de Carlos y Conchita","description":"","potentialAction":[{"@type":"SearchAction","target":{"@type":"EntryPoint","urlTemplate":"https:\/\/www.carlosyconchita.net\/rutas\/?s={search_term_string}"},"query-input":{"@type":"PropertyValueSpecification","valueRequired":true,"valueName":"search_term_string"}}],"inLanguage":"es"},{"@type":"Person","@id":"https:\/\/www.carlosyconchita.net\/rutas\/#\/schema\/person\/a9691f7258c28443fab2d3aa1479ea19","name":"Carlos Conchita","image":{"@type":"ImageObject","inLanguage":"es","@id":"https:\/\/secure.gravatar.com\/avatar\/3a4625b20c8da3de99da69bfe7a322774e291c3f90dce7e8778a30fe6748ed1a?s=96&d=mm&r=g","url":"https:\/\/secure.gravatar.com\/avatar\/3a4625b20c8da3de99da69bfe7a322774e291c3f90dce7e8778a30fe6748ed1a?s=96&d=mm&r=g","contentUrl":"https:\/\/secure.gravatar.com\/avatar\/3a4625b20c8da3de99da69bfe7a322774e291c3f90dce7e8778a30fe6748ed1a?s=96&d=mm&r=g","caption":"Carlos Conchita"}}]}},"_links":{"self":[{"href":"https:\/\/www.carlosyconchita.net\/rutas\/wp-json\/wp\/v2\/posts\/18610","targetHints":{"allow":["GET"]}}],"collection":[{"href":"https:\/\/www.carlosyconchita.net\/rutas\/wp-json\/wp\/v2\/posts"}],"about":[{"href":"https:\/\/www.carlosyconchita.net\/rutas\/wp-json\/wp\/v2\/types\/post"}],"author":[{"embeddable":true,"href":"https:\/\/www.carlosyconchita.net\/rutas\/wp-json\/wp\/v2\/users\/50"}],"replies":[{"embeddable":true,"href":"https:\/\/www.carlosyconchita.net\/rutas\/wp-json\/wp\/v2\/comments?post=18610"}],"version-history":[{"count":0,"href":"https:\/\/www.carlosyconchita.net\/rutas\/wp-json\/wp\/v2\/posts\/18610\/revisions"}],"wp:featuredmedia":[{"embeddable":true,"href":"https:\/\/www.carlosyconchita.net\/rutas\/wp-json\/wp\/v2\/media\/18611"}],"wp:attachment":[{"href":"https:\/\/www.carlosyconchita.net\/rutas\/wp-json\/wp\/v2\/media?parent=18610"}],"wp:term":[{"taxonomy":"category","embeddable":true,"href":"https:\/\/www.carlosyconchita.net\/rutas\/wp-json\/wp\/v2\/categories?post=18610"},{"taxonomy":"post_tag","embeddable":true,"href":"https:\/\/www.carlosyconchita.net\/rutas\/wp-json\/wp\/v2\/tags?post=18610"}],"curies":[{"name":"wp","href":"https:\/\/api.w.org\/{rel}","templated":true}]}}