{"id":18624,"date":"2023-08-10T17:15:11","date_gmt":"2023-08-10T16:15:11","guid":{"rendered":"https:\/\/www.carlosyconchita.net\/rutas\/?p=18624"},"modified":"2023-08-14T18:03:34","modified_gmt":"2023-08-14T17:03:34","slug":"10-08-2023-bornas-418-419","status":"publish","type":"post","link":"https:\/\/www.carlosyconchita.net\/rutas\/10-08-2023-bornas-418-419\/","title":{"rendered":"10-08-2023-Bornas 418-419"},"content":{"rendered":"<p style=\"text-align: center;\"><span style=\"color: #ff0000;\"><cite>562 bornas localizadas hasta hoy , del total de 602 existentes, nos faltan s\u00f3lo 40<\/cite><\/span><\/p>\n<p style=\"text-align: justify;\">Desde Bagergue , cerca de Vielha, tomamos con el coche un camino de tierra de unos 10 kms. con algunos tramos en bastante mal estado , y dos tramos muy dif\u00edciles, con una fuerte pendiente , con piedras de todos los tama\u00f1os y en uno de ellos, con dos agujeros bastante grandes en el suelo, justo despu\u00e9s de una curva, que te obligan a hacer malabarismos para que no caiga la rueda dentro.<\/p>\n<p style=\"text-align: justify;\">El peligro es que a la vuelta, esos dos tramos son de fuerte bajada, y debido al gran n\u00famero de piedras peque\u00f1as y grandes, hay que ir bajando a paso de tortuga , porque si necesitas frenar , las 4 ruedas resbalan sobre las piedras y podrias ir a parar a la curva sin control sobre el coche.<\/p>\n<p style=\"text-align: justify;\">Al menos hay un letrero al principio del mismo, indicando que se recomienda coches 4&#215;4, y a\u00fan as\u00ed hay que ir con much\u00edsmo cuidado, y de hecho, creo que ha sido m\u00e1s estresante la vuelta con el coche y el paso por esos dos puntos complicados, que la propia caminata en s\u00ed.<\/p>\n<p style=\"text-align: justify;\">El camino nos\u00a0 llevar\u00e1 a la zona de las minas de Liat, y desde all\u00ed podremos llegar de forma relativamente f\u00e1cil a las bornas 418 y 419, sin tener que caminar esos 10 km. de ida (m\u00e1s la vuelta&#8230;) , por una zona sin sombra y con mucho calor.<\/p>\n<p style=\"text-align: justify;\">El tramo final del camino es muy bonito, con una gran explanada, en donde podemos dejar el coche antes de empezar a subir por el camino, que realmente contin\u00faa, aunque hay una barrera (rota), que en teor\u00eda imped\u00eda el paso en su d\u00eda.<br \/>\nCuando llegamos , hab\u00eda dos todoterrrenos 4&#215;4 muy preparados, con ruedas altas etc., que intentaron avanzar m\u00e1s, pero finalmente dieron la vuelta y aparcaron en la explanada.<\/p>\n<p style=\"text-align: justify;\">Empezamos a caminar subiendo la peque\u00f1a colina frente a la que hemos dejado el coche, y despu\u00e9s de descender por al otro lado, cruzamos el peque\u00f1o r\u00edo Unh\u00f2la y nos dirigimos a nuestra derecha, pero ah\u00ed perdemos el camino, suponemos que poco usado y tenemos que ir subiendo campo a trav\u00e9s, hasta que lo volvemos a encontrar.<\/p>\n<p style=\"text-align: justify;\">Vemos a lo lejos el Lago Long de Liat, al que iremos despu\u00e9s de las bornas, cuando volvamos.<\/p>\n<p style=\"text-align: justify;\">Primeramente nos dirigimos a la B-419, situada a nuestra derecha conforme vamos subiendo, y despu\u00e9s tenemos que ir a nuestra izquierda, y subir unos metros para llegar al Port de la Horqueta, en donde est\u00e1 la B-418.<br \/>\nAll\u00ed nos encontramos a un simp\u00e1tico monta\u00f1ero, llamado tambi\u00e9n Carlos , que estaba haciendo una traves\u00eda de varios d\u00edas por la zona, y al que le ense\u00f1amos la borna , ya que no la hab\u00eda visto, porque no est\u00e1 en el mismo paso del puerto, sino un poco m\u00e1s elevada y grabada en una roca.<\/p>\n<p style=\"text-align: justify;\">La vuelta la hacemos de momento por el mismo camino de la ida, pero bastante antes de llegar al r\u00edo Unh\u00f2la,\u00a0 nos desviamos a nuestra derecha para ir al lago de Liat, donde aprovechamos para comer algo, en un bonito sitio.<\/p>\n<p style=\"text-align: justify;\">Despu\u00e9s nos vamos ya en direcci\u00f3n al coche, y pasamos por el Horat de la Unh\u00f2la, un enorme agujero en el que cae el agua del rio , y que desaparece por entre los agujeros que debe haber, ya que el fondo de ese agujero est\u00e1 completamente seco.<br \/>\nDebe ser algo parecido a lo que ma\u00f1ana veremos en Artiga de Lin y los Uelhs deth Jo\u00e8u.<\/p>\n<hr \/>\n<p>&nbsp;<\/p>\n<p><strong>Distancia total<\/strong> :\u00a0\u00a0\u00a0 8.410\u00a0 \u00a0 m<span class=\"totlen\"><span class=\"summaryvalue\">.\u00a0\u00a0\u00a0\u00a0\u00a0\u00a0\u00a0\u00a0\u00a0\u00a0\u00a0\u00a0\u00a0\u00a0\u00a0\u00a0\u00a0\u00a0\u00a0\u00a0\u00a0 <strong>Alturas m\u00edn\/m\u00e1x. :\u00a0<\/strong> \u00a0\u00a0 2.058 m. \/\u00a0 2.465 m.\u00a0 <br \/>\n<\/span><\/span><\/p>\n<p><strong>Desnivel acumulado (s\/GPS Visualizer)<\/strong> :\u00a0 \u00a0\u00a0\u00a0 451 \u00a0 m.<\/p>\n<p><strong>Desnivel acumulado (s\/Wikiloc)<\/strong> :\u00a0 \u00a0\u00a0 439 \u00a0 m.<\/p>\n<p>&nbsp;<\/p>\n<hr \/>\n<p><strong>Album de fotos<\/strong><\/p>\n<p>&nbsp;<\/p>\n<p><a href=\"https:\/\/photos.app.goo.gl\/ZwZxBp9nEkLaVx8k7\" target=\"_blank\" rel=\"noopener\"><img loading=\"lazy\" decoding=\"async\" class=\"size-medium wp-image-18625 aligncenter\" src=\"https:\/\/www.carlosyconchita.net\/rutas\/wp-content\/uploads\/2023\/08\/B-418-419-00043-300x169.jpg\" alt=\"\" width=\"300\" height=\"169\" srcset=\"https:\/\/www.carlosyconchita.net\/rutas\/wp-content\/uploads\/2023\/08\/B-418-419-00043-300x169.jpg 300w, https:\/\/www.carlosyconchita.net\/rutas\/wp-content\/uploads\/2023\/08\/B-418-419-00043-600x338.jpg 600w, https:\/\/www.carlosyconchita.net\/rutas\/wp-content\/uploads\/2023\/08\/B-418-419-00043-768x433.jpg 768w, https:\/\/www.carlosyconchita.net\/rutas\/wp-content\/uploads\/2023\/08\/B-418-419-00043.jpg 1024w\" sizes=\"auto, (max-width: 300px) 100vw, 300px\" \/><\/a><\/p>\n<hr \/>\n<p>&nbsp;<\/p>\n<h4><strong>Mapa y track de la ruta<\/strong><\/h4>\n<p style=\"text-align: center;\"><strong><span style=\"color: #ff0000;\">Pulsando sobre los waypoints del mapa, se puede ver una foto del sitio.<\/span><\/strong><\/p>\n<p>&nbsp;<\/p>\n<p><a href=\"https:\/\/www.carlosyconchita.net\/rutas\/wp-content\/uploads\/gpx\/Bornas-418-419.html\" target=\"_blank\" rel=\"noopener\"><img loading=\"lazy\" decoding=\"async\" class=\"aligncenter wp-image-16466\" src=\"https:\/\/www.carlosyconchita.net\/rutas\/wp-content\/uploads\/2021\/09\/mapa2.jpg\" alt=\"\" width=\"0185\" height=\"185\" srcset=\"https:\/\/www.carlosyconchita.net\/rutas\/wp-content\/uploads\/2021\/09\/mapa2.jpg 225w, https:\/\/www.carlosyconchita.net\/rutas\/wp-content\/uploads\/2021\/09\/mapa2-120x120.jpg 120w\" sizes=\"auto, (max-width: 185px) 100vw, 185px\" \/><\/a><\/p>\n<hr \/>\n<p><strong>Wikiloc\u00a0\u00a0\u00a0 <\/strong><strong><br \/>\n<\/strong><\/p>\n<p><a href=\"https:\/\/es.wikiloc.com\/rutas-senderismo\/bornas-o-mojones-fronterizos-418-419-143775868\" target=\"_blank\" rel=\"noopener\"><img loading=\"lazy\" decoding=\"async\" class=\"aligncenter size-full wp-image-958\" src=\"https:\/\/www.carlosyconchita.net\/rutas\/wp-content\/uploads\/2020\/09\/wikiloc.jpg\" alt=\"\" width=\"117\" height=\"34\" \/><\/a><\/p>\n<p>&nbsp;<\/p>\n<hr \/>\n<p style=\"text-align: justify;\"><span style=\"color: #ff0000; background-color: #ffffff; font-size: 14pt;\"><strong>Si te ha gustado, comp\u00e1rtelo en tu red favorita o env\u00edanos tu comentario.<br \/>\n<\/strong><\/span><\/p>\n<p style=\"text-align: justify;\"><span style=\"font-size: 14pt;\"><strong><span style=\"color: #ff0000;\">Muchas gracias !<\/span><\/strong><\/span><\/p>\n<hr \/>\n<p style=\"text-align: justify;\"><strong><span style=\"color: #008000;\">Suscribete si quieres recibir un mail cuando publiquemos nuevas rutas : no enviamos publicidad y como m\u00e1ximo enviamos 2 mails al mes<\/span><\/strong><\/p>\n<p style=\"text-align: center;\"><a href=\"https:\/\/mailchi.mp\/6989c83a3e24\/wmv06rtqcz\/\" target=\"_blank\" rel=\"noopener noreferrer\"><strong><span style=\"color: #0000ff;\">Pulsa aqu\u00ed para suscribirte<\/span><\/strong><\/a><\/p>\n<hr \/>\n<p style=\"text-align: justify;\">\u00a0<\/p>\n<h3 style=\"text-align: justify;\">Puedes imprimir esta publicaci\u00f3n o guardarla en diferentes formatos :<\/h3>\n<p style=\"text-align: justify;\"><span style=\"color: #ff0000; font-size: 14pt;\">Para facilitar la impresi\u00f3n, hemos reducido considerablemente el tama\u00f1o de las fotos, pero si deseas imprimir sin fotos, aconsejamos guardarlo como \u201cdoc\u201d, y antes de imprimirlo, eliminar las fotos<\/span><\/p>\n<p>&nbsp;<\/p>\n","protected":false},"excerpt":{"rendered":"<p>562 bornas localizadas hasta hoy , del total de 602 existentes, nos faltan s\u00f3lo 40 Desde Bagergue , cerca de Vielha, tomamos con el coche un camino de tierra de unos 10 kms. con algunos tramos en bastante mal estado , y dos tramos muy dif\u00edciles, con una fuerte pendiente , con piedras de todos [&hellip;]<\/p>\n","protected":false},"author":50,"featured_media":18625,"comment_status":"closed","ping_status":"open","sticky":false,"template":"","format":"standard","meta":{"footnotes":""},"categories":[22,11,74,109],"tags":[],"class_list":{"0":"post-18624","1":"post","2":"type-post","3":"status-publish","4":"format-standard","5":"has-post-thumbnail","6":"hentry","7":"category-de-05-a-10-km","8":"category-moderada","9":"category-0-mojones-bornas-frontera","10":"category-valle-de-aran","12":"post-with-thumbnail","13":"post-with-thumbnail-icon"},"yoast_head":"<!-- This site is optimized with the Yoast SEO plugin v27.4 - https:\/\/yoast.com\/product\/yoast-seo-wordpress\/ -->\n<title>10-08-2023-Bornas 418-419 -<\/title>\n<meta name=\"robots\" content=\"index, follow, max-snippet:-1, max-image-preview:large, max-video-preview:-1\" \/>\n<link rel=\"canonical\" href=\"https:\/\/www.carlosyconchita.net\/rutas\/10-08-2023-bornas-418-419\/\" \/>\n<meta property=\"og:locale\" content=\"es_ES\" \/>\n<meta property=\"og:type\" content=\"article\" \/>\n<meta property=\"og:title\" content=\"10-08-2023-Bornas 418-419 -\" \/>\n<meta property=\"og:description\" content=\"562 bornas localizadas hasta hoy , del total de 602 existentes, nos faltan s\u00f3lo 40 Desde Bagergue , cerca de Vielha, tomamos con el coche un camino de tierra de unos 10 kms. con algunos tramos en bastante mal estado , y dos tramos muy dif\u00edciles, con una fuerte pendiente , con piedras de todos [&hellip;]\" \/>\n<meta property=\"og:url\" content=\"https:\/\/www.carlosyconchita.net\/rutas\/10-08-2023-bornas-418-419\/\" \/>\n<meta property=\"og:site_name\" content=\"Las rutas de Carlos y Conchita\" \/>\n<meta property=\"article:published_time\" content=\"2023-08-10T16:15:11+00:00\" \/>\n<meta property=\"article:modified_time\" content=\"2023-08-14T17:03:34+00:00\" \/>\n<meta property=\"og:image\" content=\"https:\/\/www.carlosyconchita.net\/rutas\/wp-content\/uploads\/2023\/08\/B-418-419-00043.jpg\" \/>\n\t<meta property=\"og:image:width\" content=\"1024\" \/>\n\t<meta property=\"og:image:height\" content=\"577\" \/>\n\t<meta property=\"og:image:type\" content=\"image\/jpeg\" \/>\n<meta name=\"author\" content=\"Carlos Conchita\" \/>\n<meta name=\"twitter:label1\" content=\"Escrito por\" \/>\n\t<meta name=\"twitter:data1\" content=\"Carlos Conchita\" \/>\n\t<meta name=\"twitter:label2\" content=\"Tiempo de lectura\" \/>\n\t<meta name=\"twitter:data2\" content=\"4 minutos\" \/>\n<script type=\"application\/ld+json\" class=\"yoast-schema-graph\">{\"@context\":\"https:\\\/\\\/schema.org\",\"@graph\":[{\"@type\":\"Article\",\"@id\":\"https:\\\/\\\/www.carlosyconchita.net\\\/rutas\\\/10-08-2023-bornas-418-419\\\/#article\",\"isPartOf\":{\"@id\":\"https:\\\/\\\/www.carlosyconchita.net\\\/rutas\\\/10-08-2023-bornas-418-419\\\/\"},\"author\":{\"name\":\"Carlos Conchita\",\"@id\":\"https:\\\/\\\/www.carlosyconchita.net\\\/rutas\\\/#\\\/schema\\\/person\\\/a9691f7258c28443fab2d3aa1479ea19\"},\"headline\":\"10-08-2023-Bornas 418-419\",\"datePublished\":\"2023-08-10T16:15:11+00:00\",\"dateModified\":\"2023-08-14T17:03:34+00:00\",\"mainEntityOfPage\":{\"@id\":\"https:\\\/\\\/www.carlosyconchita.net\\\/rutas\\\/10-08-2023-bornas-418-419\\\/\"},\"wordCount\":750,\"image\":{\"@id\":\"https:\\\/\\\/www.carlosyconchita.net\\\/rutas\\\/10-08-2023-bornas-418-419\\\/#primaryimage\"},\"thumbnailUrl\":\"https:\\\/\\\/www.carlosyconchita.net\\\/rutas\\\/wp-content\\\/uploads\\\/2023\\\/08\\\/B-418-419-00043.jpg\",\"articleSection\":[\"2 - De 5 a 10 km.\",\"2-Moderada\",\"Mojones \\\/ Bornas frontera ES-FR\",\"Valle de Ar\u00e1n\"],\"inLanguage\":\"es\"},{\"@type\":\"WebPage\",\"@id\":\"https:\\\/\\\/www.carlosyconchita.net\\\/rutas\\\/10-08-2023-bornas-418-419\\\/\",\"url\":\"https:\\\/\\\/www.carlosyconchita.net\\\/rutas\\\/10-08-2023-bornas-418-419\\\/\",\"name\":\"10-08-2023-Bornas 418-419 -\",\"isPartOf\":{\"@id\":\"https:\\\/\\\/www.carlosyconchita.net\\\/rutas\\\/#website\"},\"primaryImageOfPage\":{\"@id\":\"https:\\\/\\\/www.carlosyconchita.net\\\/rutas\\\/10-08-2023-bornas-418-419\\\/#primaryimage\"},\"image\":{\"@id\":\"https:\\\/\\\/www.carlosyconchita.net\\\/rutas\\\/10-08-2023-bornas-418-419\\\/#primaryimage\"},\"thumbnailUrl\":\"https:\\\/\\\/www.carlosyconchita.net\\\/rutas\\\/wp-content\\\/uploads\\\/2023\\\/08\\\/B-418-419-00043.jpg\",\"datePublished\":\"2023-08-10T16:15:11+00:00\",\"dateModified\":\"2023-08-14T17:03:34+00:00\",\"author\":{\"@id\":\"https:\\\/\\\/www.carlosyconchita.net\\\/rutas\\\/#\\\/schema\\\/person\\\/a9691f7258c28443fab2d3aa1479ea19\"},\"breadcrumb\":{\"@id\":\"https:\\\/\\\/www.carlosyconchita.net\\\/rutas\\\/10-08-2023-bornas-418-419\\\/#breadcrumb\"},\"inLanguage\":\"es\",\"potentialAction\":[{\"@type\":\"ReadAction\",\"target\":[\"https:\\\/\\\/www.carlosyconchita.net\\\/rutas\\\/10-08-2023-bornas-418-419\\\/\"]}]},{\"@type\":\"ImageObject\",\"inLanguage\":\"es\",\"@id\":\"https:\\\/\\\/www.carlosyconchita.net\\\/rutas\\\/10-08-2023-bornas-418-419\\\/#primaryimage\",\"url\":\"https:\\\/\\\/www.carlosyconchita.net\\\/rutas\\\/wp-content\\\/uploads\\\/2023\\\/08\\\/B-418-419-00043.jpg\",\"contentUrl\":\"https:\\\/\\\/www.carlosyconchita.net\\\/rutas\\\/wp-content\\\/uploads\\\/2023\\\/08\\\/B-418-419-00043.jpg\",\"width\":1024,\"height\":577},{\"@type\":\"BreadcrumbList\",\"@id\":\"https:\\\/\\\/www.carlosyconchita.net\\\/rutas\\\/10-08-2023-bornas-418-419\\\/#breadcrumb\",\"itemListElement\":[{\"@type\":\"ListItem\",\"position\":1,\"name\":\"Portada\",\"item\":\"https:\\\/\\\/www.carlosyconchita.net\\\/rutas\\\/\"},{\"@type\":\"ListItem\",\"position\":2,\"name\":\"10-08-2023-Bornas 418-419\"}]},{\"@type\":\"WebSite\",\"@id\":\"https:\\\/\\\/www.carlosyconchita.net\\\/rutas\\\/#website\",\"url\":\"https:\\\/\\\/www.carlosyconchita.net\\\/rutas\\\/\",\"name\":\"Las rutas de Carlos y Conchita\",\"description\":\"\",\"potentialAction\":[{\"@type\":\"SearchAction\",\"target\":{\"@type\":\"EntryPoint\",\"urlTemplate\":\"https:\\\/\\\/www.carlosyconchita.net\\\/rutas\\\/?s={search_term_string}\"},\"query-input\":{\"@type\":\"PropertyValueSpecification\",\"valueRequired\":true,\"valueName\":\"search_term_string\"}}],\"inLanguage\":\"es\"},{\"@type\":\"Person\",\"@id\":\"https:\\\/\\\/www.carlosyconchita.net\\\/rutas\\\/#\\\/schema\\\/person\\\/a9691f7258c28443fab2d3aa1479ea19\",\"name\":\"Carlos Conchita\",\"image\":{\"@type\":\"ImageObject\",\"inLanguage\":\"es\",\"@id\":\"https:\\\/\\\/secure.gravatar.com\\\/avatar\\\/3a4625b20c8da3de99da69bfe7a322774e291c3f90dce7e8778a30fe6748ed1a?s=96&d=mm&r=g\",\"url\":\"https:\\\/\\\/secure.gravatar.com\\\/avatar\\\/3a4625b20c8da3de99da69bfe7a322774e291c3f90dce7e8778a30fe6748ed1a?s=96&d=mm&r=g\",\"contentUrl\":\"https:\\\/\\\/secure.gravatar.com\\\/avatar\\\/3a4625b20c8da3de99da69bfe7a322774e291c3f90dce7e8778a30fe6748ed1a?s=96&d=mm&r=g\",\"caption\":\"Carlos Conchita\"}}]}<\/script>\n<!-- \/ Yoast SEO plugin. -->","yoast_head_json":{"title":"10-08-2023-Bornas 418-419 -","robots":{"index":"index","follow":"follow","max-snippet":"max-snippet:-1","max-image-preview":"max-image-preview:large","max-video-preview":"max-video-preview:-1"},"canonical":"https:\/\/www.carlosyconchita.net\/rutas\/10-08-2023-bornas-418-419\/","og_locale":"es_ES","og_type":"article","og_title":"10-08-2023-Bornas 418-419 -","og_description":"562 bornas localizadas hasta hoy , del total de 602 existentes, nos faltan s\u00f3lo 40 Desde Bagergue , cerca de Vielha, tomamos con el coche un camino de tierra de unos 10 kms. con algunos tramos en bastante mal estado , y dos tramos muy dif\u00edciles, con una fuerte pendiente , con piedras de todos [&hellip;]","og_url":"https:\/\/www.carlosyconchita.net\/rutas\/10-08-2023-bornas-418-419\/","og_site_name":"Las rutas de Carlos y Conchita","article_published_time":"2023-08-10T16:15:11+00:00","article_modified_time":"2023-08-14T17:03:34+00:00","og_image":[{"width":1024,"height":577,"url":"https:\/\/www.carlosyconchita.net\/rutas\/wp-content\/uploads\/2023\/08\/B-418-419-00043.jpg","type":"image\/jpeg"}],"author":"Carlos Conchita","twitter_misc":{"Escrito por":"Carlos Conchita","Tiempo de lectura":"4 minutos"},"schema":{"@context":"https:\/\/schema.org","@graph":[{"@type":"Article","@id":"https:\/\/www.carlosyconchita.net\/rutas\/10-08-2023-bornas-418-419\/#article","isPartOf":{"@id":"https:\/\/www.carlosyconchita.net\/rutas\/10-08-2023-bornas-418-419\/"},"author":{"name":"Carlos Conchita","@id":"https:\/\/www.carlosyconchita.net\/rutas\/#\/schema\/person\/a9691f7258c28443fab2d3aa1479ea19"},"headline":"10-08-2023-Bornas 418-419","datePublished":"2023-08-10T16:15:11+00:00","dateModified":"2023-08-14T17:03:34+00:00","mainEntityOfPage":{"@id":"https:\/\/www.carlosyconchita.net\/rutas\/10-08-2023-bornas-418-419\/"},"wordCount":750,"image":{"@id":"https:\/\/www.carlosyconchita.net\/rutas\/10-08-2023-bornas-418-419\/#primaryimage"},"thumbnailUrl":"https:\/\/www.carlosyconchita.net\/rutas\/wp-content\/uploads\/2023\/08\/B-418-419-00043.jpg","articleSection":["2 - De 5 a 10 km.","2-Moderada","Mojones \/ Bornas frontera ES-FR","Valle de Ar\u00e1n"],"inLanguage":"es"},{"@type":"WebPage","@id":"https:\/\/www.carlosyconchita.net\/rutas\/10-08-2023-bornas-418-419\/","url":"https:\/\/www.carlosyconchita.net\/rutas\/10-08-2023-bornas-418-419\/","name":"10-08-2023-Bornas 418-419 -","isPartOf":{"@id":"https:\/\/www.carlosyconchita.net\/rutas\/#website"},"primaryImageOfPage":{"@id":"https:\/\/www.carlosyconchita.net\/rutas\/10-08-2023-bornas-418-419\/#primaryimage"},"image":{"@id":"https:\/\/www.carlosyconchita.net\/rutas\/10-08-2023-bornas-418-419\/#primaryimage"},"thumbnailUrl":"https:\/\/www.carlosyconchita.net\/rutas\/wp-content\/uploads\/2023\/08\/B-418-419-00043.jpg","datePublished":"2023-08-10T16:15:11+00:00","dateModified":"2023-08-14T17:03:34+00:00","author":{"@id":"https:\/\/www.carlosyconchita.net\/rutas\/#\/schema\/person\/a9691f7258c28443fab2d3aa1479ea19"},"breadcrumb":{"@id":"https:\/\/www.carlosyconchita.net\/rutas\/10-08-2023-bornas-418-419\/#breadcrumb"},"inLanguage":"es","potentialAction":[{"@type":"ReadAction","target":["https:\/\/www.carlosyconchita.net\/rutas\/10-08-2023-bornas-418-419\/"]}]},{"@type":"ImageObject","inLanguage":"es","@id":"https:\/\/www.carlosyconchita.net\/rutas\/10-08-2023-bornas-418-419\/#primaryimage","url":"https:\/\/www.carlosyconchita.net\/rutas\/wp-content\/uploads\/2023\/08\/B-418-419-00043.jpg","contentUrl":"https:\/\/www.carlosyconchita.net\/rutas\/wp-content\/uploads\/2023\/08\/B-418-419-00043.jpg","width":1024,"height":577},{"@type":"BreadcrumbList","@id":"https:\/\/www.carlosyconchita.net\/rutas\/10-08-2023-bornas-418-419\/#breadcrumb","itemListElement":[{"@type":"ListItem","position":1,"name":"Portada","item":"https:\/\/www.carlosyconchita.net\/rutas\/"},{"@type":"ListItem","position":2,"name":"10-08-2023-Bornas 418-419"}]},{"@type":"WebSite","@id":"https:\/\/www.carlosyconchita.net\/rutas\/#website","url":"https:\/\/www.carlosyconchita.net\/rutas\/","name":"Las rutas de Carlos y Conchita","description":"","potentialAction":[{"@type":"SearchAction","target":{"@type":"EntryPoint","urlTemplate":"https:\/\/www.carlosyconchita.net\/rutas\/?s={search_term_string}"},"query-input":{"@type":"PropertyValueSpecification","valueRequired":true,"valueName":"search_term_string"}}],"inLanguage":"es"},{"@type":"Person","@id":"https:\/\/www.carlosyconchita.net\/rutas\/#\/schema\/person\/a9691f7258c28443fab2d3aa1479ea19","name":"Carlos Conchita","image":{"@type":"ImageObject","inLanguage":"es","@id":"https:\/\/secure.gravatar.com\/avatar\/3a4625b20c8da3de99da69bfe7a322774e291c3f90dce7e8778a30fe6748ed1a?s=96&d=mm&r=g","url":"https:\/\/secure.gravatar.com\/avatar\/3a4625b20c8da3de99da69bfe7a322774e291c3f90dce7e8778a30fe6748ed1a?s=96&d=mm&r=g","contentUrl":"https:\/\/secure.gravatar.com\/avatar\/3a4625b20c8da3de99da69bfe7a322774e291c3f90dce7e8778a30fe6748ed1a?s=96&d=mm&r=g","caption":"Carlos Conchita"}}]}},"_links":{"self":[{"href":"https:\/\/www.carlosyconchita.net\/rutas\/wp-json\/wp\/v2\/posts\/18624","targetHints":{"allow":["GET"]}}],"collection":[{"href":"https:\/\/www.carlosyconchita.net\/rutas\/wp-json\/wp\/v2\/posts"}],"about":[{"href":"https:\/\/www.carlosyconchita.net\/rutas\/wp-json\/wp\/v2\/types\/post"}],"author":[{"embeddable":true,"href":"https:\/\/www.carlosyconchita.net\/rutas\/wp-json\/wp\/v2\/users\/50"}],"replies":[{"embeddable":true,"href":"https:\/\/www.carlosyconchita.net\/rutas\/wp-json\/wp\/v2\/comments?post=18624"}],"version-history":[{"count":0,"href":"https:\/\/www.carlosyconchita.net\/rutas\/wp-json\/wp\/v2\/posts\/18624\/revisions"}],"wp:featuredmedia":[{"embeddable":true,"href":"https:\/\/www.carlosyconchita.net\/rutas\/wp-json\/wp\/v2\/media\/18625"}],"wp:attachment":[{"href":"https:\/\/www.carlosyconchita.net\/rutas\/wp-json\/wp\/v2\/media?parent=18624"}],"wp:term":[{"taxonomy":"category","embeddable":true,"href":"https:\/\/www.carlosyconchita.net\/rutas\/wp-json\/wp\/v2\/categories?post=18624"},{"taxonomy":"post_tag","embeddable":true,"href":"https:\/\/www.carlosyconchita.net\/rutas\/wp-json\/wp\/v2\/tags?post=18624"}],"curies":[{"name":"wp","href":"https:\/\/api.w.org\/{rel}","templated":true}]}}