{"id":18735,"date":"2023-09-10T17:09:43","date_gmt":"2023-09-10T16:09:43","guid":{"rendered":"https:\/\/www.carlosyconchita.net\/rutas\/?p=18735"},"modified":"2024-03-06T18:43:52","modified_gmt":"2024-03-06T17:43:52","slug":"10-09-2023-borna-417","status":"publish","type":"post","link":"https:\/\/www.carlosyconchita.net\/rutas\/10-09-2023-borna-417\/","title":{"rendered":"10-09-2023-Borna 417"},"content":{"rendered":"<p style=\"text-align: center;\"><cite><span style=\"color: #ff0000;\">569 bornas localizadas hasta hoy , del total de 602 existentes, nos faltan s\u00f3lo 33<\/span><br \/>\n<\/cite><\/p>\n<p style=\"text-align: center;\"><span style=\"color: #0000ff;\">Enlace al album de fotos de las bornas :\u00a0\u00a0\u00a0\u00a0<strong><a href=\"https:\/\/www.carlosyconchita.net\/rutas\/bornas-es-fr-fotos\/\" target=\"_blank\" rel=\"noopener\"> Fotos bornas<\/a><\/strong><\/span><\/p>\n<p>&nbsp;<\/p>\n<p style=\"text-align: justify;\">Hoy por fin hemos podido llegar hasta la borna 417, ya que la vez anterior, debido a la lluvia de los d\u00edas anteriores, no pudimos subir por una ladera muy inclinada por estar completamente mojada y resbaladiza, por lo que lo intentamos por otro sitio en el que hab\u00eda rocas, pensando que ser\u00eda posible, pero llegamos a un punto en que ya no pudimos continuar. ( Ver\u00a0\u00a0 <a href=\"https:\/\/www.carlosyconchita.net\/rutas\/01-07-2023-bornas-413-a-416\/\" target=\"_blank\" rel=\"noopener\"><span style=\"color: #0000ff;\">01-07-2023-Bornas 413 a 416 (+ intento 417)<\/span><\/a> )<\/p>\n<p style=\"text-align: justify;\">Esta vez nos acompa\u00f1a nuestro amigo Eef, y con buen tiempo, mucho esfuerzo y con su valiosa ayuda e indicaciones, al final hemos podido llegar arriba y fotografiar esta borna, que ten\u00edamos en nuestra lista negra de forma muy merecida.<\/p>\n<p style=\"text-align: justify;\">Empezamos a caminar muy temprano,\u00a0 como se puede ver en la primera foto del album, en que las luces de Canejan todav\u00eda est\u00e1n encendidas,\u00a0 y de hecho nos tuvimos que esperar un rato dentro del coche porque al llegar todav\u00eda era de noche, aunque en la foto parece que haya mucha luz.<\/p>\n<p style=\"text-align: justify;\">Al igual que las otras veces que hemos estado all\u00ed, hay un primer tramo de fuerte y continua subida de unos 3.5 \u00f3 4\u00a0 kms. , despu\u00e9s\u00a0 otro tramo tambi\u00e9n de subida pero algo m\u00e1s normal, y lo peor es el tramo final, de fuerte subida, pasando por un par de zonas con grandes rocas y sin ning\u00fan camino, siguiendo despu\u00e9s por una ladera con fuerte inclinaci\u00f3n (sin camino, naturalmente&#8230;) hasta llegar a la \u00abcresta\u00bb que subiendo tambi\u00e9n de forma bastante fuerte, nos lleva a la borna situada en el Cap de la Pique.<\/p>\n<p style=\"text-align: justify;\">Una vez all\u00ed, despu\u00e9s de las fotos y de descansar un poco, iniciamos el descenso, nada f\u00e1cil por la fuerte pendiente, y que en realidad casi nos cansa tanto como la subida, y una vez pasadas las dos zonas de rocas y llegados al camino normal, paramos a comer el bocadillo y de paso descansar, porque nos queda un largo camino de bajada hasta Canejan, que con el calor y estando ya cansados, se nos hace muy pesado.<\/p>\n<p>Por el camino, pasamos de nuevo por las B-415\u00a0 y\u00a0 416, que fotografiamos de nuevo.<\/p>\n<p>Y una vez en el bungalow del camping, en la cena nos bebemos una merecida botella de cava para celebrarlo !<\/p>\n<p>Enlace a la web de Eef con esta excursi\u00f3n :\u00a0\u00a0\u00a0 <a href=\"https:\/\/www.grpdesbf.nl\/esfr-html-trips-20230910.html\" target=\"_blank\" rel=\"noopener\"><strong><span style=\"color: #0000ff;\">Ver enlace<\/span> <\/strong><\/a><\/p>\n<hr \/>\n<p>&nbsp;<\/p>\n<p><strong>Distancia total<\/strong> :\u00a0\u00a0\u00a0 13.800\u00a0 \u00a0 m<span class=\"totlen\"><span class=\"summaryvalue\">.\u00a0\u00a0\u00a0\u00a0\u00a0\u00a0\u00a0\u00a0\u00a0\u00a0\u00a0\u00a0\u00a0\u00a0\u00a0\u00a0\u00a0\u00a0\u00a0\u00a0\u00a0 <strong>Alturas m\u00edn\/m\u00e1x. :\u00a0<\/strong> \u00a0\u00a0 904\u00a0 m. \/\u00a0 2.035 m.\u00a0 <br \/>\n<\/span><\/span><\/p>\n<p><strong>Desnivel acumulado (s\/GPS Visualizer)<\/strong> :\u00a0 \u00a0\u00a0 1.164\u00a0 m.<\/p>\n<p><strong>Desnivel acumulado (s\/Wikiloc)<\/strong> :\u00a0 \u00a0 1.114 \u00a0 m.<\/p>\n<p>&nbsp;<\/p>\n<hr \/>\n<p><strong>Album de fotos<\/strong><\/p>\n<p><a href=\"https:\/\/photos.app.goo.gl\/VRm4o2EeiYptqR7B9\" target=\"_blank\" rel=\"noopener\"><img loading=\"lazy\" decoding=\"async\" class=\"size-medium wp-image-18736 aligncenter\" src=\"https:\/\/www.carlosyconchita.net\/rutas\/wp-content\/uploads\/2023\/09\/B-417-00027-300x169.jpg\" alt=\"\" width=\"300\" height=\"169\" srcset=\"https:\/\/www.carlosyconchita.net\/rutas\/wp-content\/uploads\/2023\/09\/B-417-00027-300x169.jpg 300w, https:\/\/www.carlosyconchita.net\/rutas\/wp-content\/uploads\/2023\/09\/B-417-00027-600x338.jpg 600w, https:\/\/www.carlosyconchita.net\/rutas\/wp-content\/uploads\/2023\/09\/B-417-00027-768x433.jpg 768w, https:\/\/www.carlosyconchita.net\/rutas\/wp-content\/uploads\/2023\/09\/B-417-00027.jpg 1024w\" sizes=\"auto, (max-width: 300px) 100vw, 300px\" \/><\/a><\/p>\n<hr \/>\n<p><strong>Mini-video de Eef desde la B-417 , en el Cap de la Pique<\/strong><\/p>\n<p>&nbsp;<\/p>\n<p><iframe loading=\"lazy\" title=\"Vistas desde el moj\u00f3n fronterizo 417 en el Cap de la Pique\" width=\"720\" height=\"405\" src=\"https:\/\/www.youtube.com\/embed\/1-uM0Cb4t_A?feature=oembed\" frameborder=\"0\" allow=\"accelerometer; autoplay; clipboard-write; encrypted-media; gyroscope; picture-in-picture; web-share\" allowfullscreen><\/iframe><\/p>\n<h4>\u00a0<\/h4>\n<hr \/>\n<h4><strong>Mapa y track de la ruta<\/strong><\/h4>\n<p style=\"text-align: center;\"><strong><span style=\"color: #ff0000;\">Pulsando sobre los waypoints del mapa, se puede ver una foto del sitio.<\/span><\/strong><\/p>\n<p>&nbsp;<\/p>\n<p><a href=\"https:\/\/www.carlosyconchita.net\/rutas\/wp-content\/uploads\/gpx\/Borna-417.html\" target=\"_blank\" rel=\"noopener\"><img loading=\"lazy\" decoding=\"async\" class=\"aligncenter wp-image-16466\" src=\"https:\/\/www.carlosyconchita.net\/rutas\/wp-content\/uploads\/2021\/09\/mapa2.jpg\" alt=\"\" width=\"0185\" height=\"185\" srcset=\"https:\/\/www.carlosyconchita.net\/rutas\/wp-content\/uploads\/2021\/09\/mapa2.jpg 225w, https:\/\/www.carlosyconchita.net\/rutas\/wp-content\/uploads\/2021\/09\/mapa2-120x120.jpg 120w\" sizes=\"auto, (max-width: 185px) 100vw, 185px\" \/><\/a><\/p>\n<hr \/>\n<p><strong>Wikiloc\u00a0\u00a0\u00a0 <\/strong><strong><br \/>\n<\/strong><\/p>\n<p><a href=\"https:\/\/es.wikiloc.com\/rutas-senderismo\/borna-o-mojon-fronterizo-417-147995495\" target=\"_blank\" rel=\"noopener\"><img loading=\"lazy\" decoding=\"async\" class=\"aligncenter size-full wp-image-958\" src=\"https:\/\/www.carlosyconchita.net\/rutas\/wp-content\/uploads\/2020\/09\/wikiloc.jpg\" alt=\"\" width=\"117\" height=\"34\" \/><\/a><\/p>\n<p>&nbsp;<\/p>\n<hr \/>\n<p style=\"text-align: justify;\"><span style=\"color: #ff0000; background-color: #ffffff; font-size: 14pt;\"><strong>Si te ha gustado, comp\u00e1rtelo en tu red favorita o env\u00edanos tu comentario.<br \/>\n<\/strong><\/span><\/p>\n<p style=\"text-align: justify;\"><span style=\"font-size: 14pt;\"><strong><span style=\"color: #ff0000;\">Muchas gracias !<\/span><\/strong><\/span><\/p>\n<hr \/>\n<p style=\"text-align: justify;\"><strong><span style=\"color: #008000;\">Suscribete si quieres recibir un mail cuando publiquemos nuevas rutas : no enviamos publicidad y como m\u00e1ximo enviamos 2 mails al mes<\/span><\/strong><\/p>\n<p style=\"text-align: center;\"><a href=\"https:\/\/mailchi.mp\/6989c83a3e24\/wmv06rtqcz\/\" target=\"_blank\" rel=\"noopener noreferrer\"><strong><span style=\"color: #0000ff;\">Pulsa aqu\u00ed para suscribirte<\/span><\/strong><\/a><\/p>\n<hr \/>\n<p style=\"text-align: justify;\">\u00a0<\/p>\n<h3 style=\"text-align: justify;\">Puedes imprimir esta publicaci\u00f3n o guardarla en diferentes formatos :<\/h3>\n<p style=\"text-align: justify;\"><span style=\"color: #ff0000; font-size: 14pt;\">Para facilitar la impresi\u00f3n, hemos reducido considerablemente el tama\u00f1o de las fotos, pero si deseas imprimir sin fotos, aconsejamos guardarlo como \u201cdoc\u201d, y antes de imprimirlo, eliminar las fotos<\/span><\/p>\n<p>&nbsp;<\/p>\n<hr \/>\n<p>&nbsp;<\/p>\n","protected":false},"excerpt":{"rendered":"<p>569 bornas localizadas hasta hoy , del total de 602 existentes, nos faltan s\u00f3lo 33 Enlace al album de fotos de las bornas :\u00a0\u00a0\u00a0\u00a0 Fotos bornas &nbsp; Hoy por fin hemos podido llegar hasta la borna 417, ya que la vez anterior, debido a la lluvia de los d\u00edas anteriores, no pudimos subir por una [&hellip;]<\/p>\n","protected":false},"author":50,"featured_media":18736,"comment_status":"closed","ping_status":"open","sticky":false,"template":"","format":"standard","meta":{"footnotes":""},"categories":[23,12,74,109],"tags":[],"class_list":{"0":"post-18735","1":"post","2":"type-post","3":"status-publish","4":"format-standard","5":"has-post-thumbnail","6":"hentry","7":"category-de-10-a-15-km","8":"category-dificil","9":"category-0-mojones-bornas-frontera","10":"category-valle-de-aran","12":"post-with-thumbnail","13":"post-with-thumbnail-icon"},"yoast_head":"<!-- This site is optimized with the Yoast SEO plugin v27.4 - https:\/\/yoast.com\/product\/yoast-seo-wordpress\/ -->\n<title>10-09-2023-Borna 417 -<\/title>\n<meta name=\"robots\" content=\"index, follow, max-snippet:-1, max-image-preview:large, max-video-preview:-1\" \/>\n<link rel=\"canonical\" href=\"https:\/\/www.carlosyconchita.net\/rutas\/10-09-2023-borna-417\/\" \/>\n<meta property=\"og:locale\" content=\"es_ES\" \/>\n<meta property=\"og:type\" content=\"article\" \/>\n<meta property=\"og:title\" content=\"10-09-2023-Borna 417 -\" \/>\n<meta property=\"og:description\" content=\"569 bornas localizadas hasta hoy , del total de 602 existentes, nos faltan s\u00f3lo 33 Enlace al album de fotos de las bornas :\u00a0\u00a0\u00a0\u00a0 Fotos bornas &nbsp; Hoy por fin hemos podido llegar hasta la borna 417, ya que la vez anterior, debido a la lluvia de los d\u00edas anteriores, no pudimos subir por una [&hellip;]\" \/>\n<meta property=\"og:url\" content=\"https:\/\/www.carlosyconchita.net\/rutas\/10-09-2023-borna-417\/\" \/>\n<meta property=\"og:site_name\" content=\"Las rutas de Carlos y Conchita\" \/>\n<meta property=\"article:published_time\" content=\"2023-09-10T16:09:43+00:00\" \/>\n<meta property=\"article:modified_time\" content=\"2024-03-06T17:43:52+00:00\" \/>\n<meta property=\"og:image\" content=\"https:\/\/www.carlosyconchita.net\/rutas\/wp-content\/uploads\/2023\/09\/B-417-00027.jpg\" \/>\n\t<meta property=\"og:image:width\" content=\"1024\" \/>\n\t<meta property=\"og:image:height\" content=\"577\" \/>\n\t<meta property=\"og:image:type\" content=\"image\/jpeg\" \/>\n<meta name=\"author\" content=\"Carlos Conchita\" \/>\n<meta name=\"twitter:label1\" content=\"Escrito por\" \/>\n\t<meta name=\"twitter:data1\" content=\"Carlos Conchita\" \/>\n\t<meta name=\"twitter:label2\" content=\"Tiempo de lectura\" \/>\n\t<meta name=\"twitter:data2\" content=\"4 minutos\" \/>\n<script type=\"application\/ld+json\" class=\"yoast-schema-graph\">{\"@context\":\"https:\\\/\\\/schema.org\",\"@graph\":[{\"@type\":\"Article\",\"@id\":\"https:\\\/\\\/www.carlosyconchita.net\\\/rutas\\\/10-09-2023-borna-417\\\/#article\",\"isPartOf\":{\"@id\":\"https:\\\/\\\/www.carlosyconchita.net\\\/rutas\\\/10-09-2023-borna-417\\\/\"},\"author\":{\"name\":\"Carlos Conchita\",\"@id\":\"https:\\\/\\\/www.carlosyconchita.net\\\/rutas\\\/#\\\/schema\\\/person\\\/a9691f7258c28443fab2d3aa1479ea19\"},\"headline\":\"10-09-2023-Borna 417\",\"datePublished\":\"2023-09-10T16:09:43+00:00\",\"dateModified\":\"2024-03-06T17:43:52+00:00\",\"mainEntityOfPage\":{\"@id\":\"https:\\\/\\\/www.carlosyconchita.net\\\/rutas\\\/10-09-2023-borna-417\\\/\"},\"wordCount\":574,\"image\":{\"@id\":\"https:\\\/\\\/www.carlosyconchita.net\\\/rutas\\\/10-09-2023-borna-417\\\/#primaryimage\"},\"thumbnailUrl\":\"https:\\\/\\\/www.carlosyconchita.net\\\/rutas\\\/wp-content\\\/uploads\\\/2023\\\/09\\\/B-417-00027.jpg\",\"articleSection\":[\"3 - De 10 a 15 km.\",\"3-Dif\u00edcil\",\"Mojones \\\/ Bornas frontera ES-FR\",\"Valle de Ar\u00e1n\"],\"inLanguage\":\"es\"},{\"@type\":\"WebPage\",\"@id\":\"https:\\\/\\\/www.carlosyconchita.net\\\/rutas\\\/10-09-2023-borna-417\\\/\",\"url\":\"https:\\\/\\\/www.carlosyconchita.net\\\/rutas\\\/10-09-2023-borna-417\\\/\",\"name\":\"10-09-2023-Borna 417 -\",\"isPartOf\":{\"@id\":\"https:\\\/\\\/www.carlosyconchita.net\\\/rutas\\\/#website\"},\"primaryImageOfPage\":{\"@id\":\"https:\\\/\\\/www.carlosyconchita.net\\\/rutas\\\/10-09-2023-borna-417\\\/#primaryimage\"},\"image\":{\"@id\":\"https:\\\/\\\/www.carlosyconchita.net\\\/rutas\\\/10-09-2023-borna-417\\\/#primaryimage\"},\"thumbnailUrl\":\"https:\\\/\\\/www.carlosyconchita.net\\\/rutas\\\/wp-content\\\/uploads\\\/2023\\\/09\\\/B-417-00027.jpg\",\"datePublished\":\"2023-09-10T16:09:43+00:00\",\"dateModified\":\"2024-03-06T17:43:52+00:00\",\"author\":{\"@id\":\"https:\\\/\\\/www.carlosyconchita.net\\\/rutas\\\/#\\\/schema\\\/person\\\/a9691f7258c28443fab2d3aa1479ea19\"},\"breadcrumb\":{\"@id\":\"https:\\\/\\\/www.carlosyconchita.net\\\/rutas\\\/10-09-2023-borna-417\\\/#breadcrumb\"},\"inLanguage\":\"es\",\"potentialAction\":[{\"@type\":\"ReadAction\",\"target\":[\"https:\\\/\\\/www.carlosyconchita.net\\\/rutas\\\/10-09-2023-borna-417\\\/\"]}]},{\"@type\":\"ImageObject\",\"inLanguage\":\"es\",\"@id\":\"https:\\\/\\\/www.carlosyconchita.net\\\/rutas\\\/10-09-2023-borna-417\\\/#primaryimage\",\"url\":\"https:\\\/\\\/www.carlosyconchita.net\\\/rutas\\\/wp-content\\\/uploads\\\/2023\\\/09\\\/B-417-00027.jpg\",\"contentUrl\":\"https:\\\/\\\/www.carlosyconchita.net\\\/rutas\\\/wp-content\\\/uploads\\\/2023\\\/09\\\/B-417-00027.jpg\",\"width\":1024,\"height\":577},{\"@type\":\"BreadcrumbList\",\"@id\":\"https:\\\/\\\/www.carlosyconchita.net\\\/rutas\\\/10-09-2023-borna-417\\\/#breadcrumb\",\"itemListElement\":[{\"@type\":\"ListItem\",\"position\":1,\"name\":\"Portada\",\"item\":\"https:\\\/\\\/www.carlosyconchita.net\\\/rutas\\\/\"},{\"@type\":\"ListItem\",\"position\":2,\"name\":\"10-09-2023-Borna 417\"}]},{\"@type\":\"WebSite\",\"@id\":\"https:\\\/\\\/www.carlosyconchita.net\\\/rutas\\\/#website\",\"url\":\"https:\\\/\\\/www.carlosyconchita.net\\\/rutas\\\/\",\"name\":\"Las rutas de Carlos y Conchita\",\"description\":\"\",\"potentialAction\":[{\"@type\":\"SearchAction\",\"target\":{\"@type\":\"EntryPoint\",\"urlTemplate\":\"https:\\\/\\\/www.carlosyconchita.net\\\/rutas\\\/?s={search_term_string}\"},\"query-input\":{\"@type\":\"PropertyValueSpecification\",\"valueRequired\":true,\"valueName\":\"search_term_string\"}}],\"inLanguage\":\"es\"},{\"@type\":\"Person\",\"@id\":\"https:\\\/\\\/www.carlosyconchita.net\\\/rutas\\\/#\\\/schema\\\/person\\\/a9691f7258c28443fab2d3aa1479ea19\",\"name\":\"Carlos Conchita\",\"image\":{\"@type\":\"ImageObject\",\"inLanguage\":\"es\",\"@id\":\"https:\\\/\\\/secure.gravatar.com\\\/avatar\\\/3a4625b20c8da3de99da69bfe7a322774e291c3f90dce7e8778a30fe6748ed1a?s=96&d=mm&r=g\",\"url\":\"https:\\\/\\\/secure.gravatar.com\\\/avatar\\\/3a4625b20c8da3de99da69bfe7a322774e291c3f90dce7e8778a30fe6748ed1a?s=96&d=mm&r=g\",\"contentUrl\":\"https:\\\/\\\/secure.gravatar.com\\\/avatar\\\/3a4625b20c8da3de99da69bfe7a322774e291c3f90dce7e8778a30fe6748ed1a?s=96&d=mm&r=g\",\"caption\":\"Carlos Conchita\"}}]}<\/script>\n<!-- \/ Yoast SEO plugin. -->","yoast_head_json":{"title":"10-09-2023-Borna 417 -","robots":{"index":"index","follow":"follow","max-snippet":"max-snippet:-1","max-image-preview":"max-image-preview:large","max-video-preview":"max-video-preview:-1"},"canonical":"https:\/\/www.carlosyconchita.net\/rutas\/10-09-2023-borna-417\/","og_locale":"es_ES","og_type":"article","og_title":"10-09-2023-Borna 417 -","og_description":"569 bornas localizadas hasta hoy , del total de 602 existentes, nos faltan s\u00f3lo 33 Enlace al album de fotos de las bornas :\u00a0\u00a0\u00a0\u00a0 Fotos bornas &nbsp; Hoy por fin hemos podido llegar hasta la borna 417, ya que la vez anterior, debido a la lluvia de los d\u00edas anteriores, no pudimos subir por una [&hellip;]","og_url":"https:\/\/www.carlosyconchita.net\/rutas\/10-09-2023-borna-417\/","og_site_name":"Las rutas de Carlos y Conchita","article_published_time":"2023-09-10T16:09:43+00:00","article_modified_time":"2024-03-06T17:43:52+00:00","og_image":[{"width":1024,"height":577,"url":"https:\/\/www.carlosyconchita.net\/rutas\/wp-content\/uploads\/2023\/09\/B-417-00027.jpg","type":"image\/jpeg"}],"author":"Carlos Conchita","twitter_misc":{"Escrito por":"Carlos Conchita","Tiempo de lectura":"4 minutos"},"schema":{"@context":"https:\/\/schema.org","@graph":[{"@type":"Article","@id":"https:\/\/www.carlosyconchita.net\/rutas\/10-09-2023-borna-417\/#article","isPartOf":{"@id":"https:\/\/www.carlosyconchita.net\/rutas\/10-09-2023-borna-417\/"},"author":{"name":"Carlos Conchita","@id":"https:\/\/www.carlosyconchita.net\/rutas\/#\/schema\/person\/a9691f7258c28443fab2d3aa1479ea19"},"headline":"10-09-2023-Borna 417","datePublished":"2023-09-10T16:09:43+00:00","dateModified":"2024-03-06T17:43:52+00:00","mainEntityOfPage":{"@id":"https:\/\/www.carlosyconchita.net\/rutas\/10-09-2023-borna-417\/"},"wordCount":574,"image":{"@id":"https:\/\/www.carlosyconchita.net\/rutas\/10-09-2023-borna-417\/#primaryimage"},"thumbnailUrl":"https:\/\/www.carlosyconchita.net\/rutas\/wp-content\/uploads\/2023\/09\/B-417-00027.jpg","articleSection":["3 - De 10 a 15 km.","3-Dif\u00edcil","Mojones \/ Bornas frontera ES-FR","Valle de Ar\u00e1n"],"inLanguage":"es"},{"@type":"WebPage","@id":"https:\/\/www.carlosyconchita.net\/rutas\/10-09-2023-borna-417\/","url":"https:\/\/www.carlosyconchita.net\/rutas\/10-09-2023-borna-417\/","name":"10-09-2023-Borna 417 -","isPartOf":{"@id":"https:\/\/www.carlosyconchita.net\/rutas\/#website"},"primaryImageOfPage":{"@id":"https:\/\/www.carlosyconchita.net\/rutas\/10-09-2023-borna-417\/#primaryimage"},"image":{"@id":"https:\/\/www.carlosyconchita.net\/rutas\/10-09-2023-borna-417\/#primaryimage"},"thumbnailUrl":"https:\/\/www.carlosyconchita.net\/rutas\/wp-content\/uploads\/2023\/09\/B-417-00027.jpg","datePublished":"2023-09-10T16:09:43+00:00","dateModified":"2024-03-06T17:43:52+00:00","author":{"@id":"https:\/\/www.carlosyconchita.net\/rutas\/#\/schema\/person\/a9691f7258c28443fab2d3aa1479ea19"},"breadcrumb":{"@id":"https:\/\/www.carlosyconchita.net\/rutas\/10-09-2023-borna-417\/#breadcrumb"},"inLanguage":"es","potentialAction":[{"@type":"ReadAction","target":["https:\/\/www.carlosyconchita.net\/rutas\/10-09-2023-borna-417\/"]}]},{"@type":"ImageObject","inLanguage":"es","@id":"https:\/\/www.carlosyconchita.net\/rutas\/10-09-2023-borna-417\/#primaryimage","url":"https:\/\/www.carlosyconchita.net\/rutas\/wp-content\/uploads\/2023\/09\/B-417-00027.jpg","contentUrl":"https:\/\/www.carlosyconchita.net\/rutas\/wp-content\/uploads\/2023\/09\/B-417-00027.jpg","width":1024,"height":577},{"@type":"BreadcrumbList","@id":"https:\/\/www.carlosyconchita.net\/rutas\/10-09-2023-borna-417\/#breadcrumb","itemListElement":[{"@type":"ListItem","position":1,"name":"Portada","item":"https:\/\/www.carlosyconchita.net\/rutas\/"},{"@type":"ListItem","position":2,"name":"10-09-2023-Borna 417"}]},{"@type":"WebSite","@id":"https:\/\/www.carlosyconchita.net\/rutas\/#website","url":"https:\/\/www.carlosyconchita.net\/rutas\/","name":"Las rutas de Carlos y Conchita","description":"","potentialAction":[{"@type":"SearchAction","target":{"@type":"EntryPoint","urlTemplate":"https:\/\/www.carlosyconchita.net\/rutas\/?s={search_term_string}"},"query-input":{"@type":"PropertyValueSpecification","valueRequired":true,"valueName":"search_term_string"}}],"inLanguage":"es"},{"@type":"Person","@id":"https:\/\/www.carlosyconchita.net\/rutas\/#\/schema\/person\/a9691f7258c28443fab2d3aa1479ea19","name":"Carlos Conchita","image":{"@type":"ImageObject","inLanguage":"es","@id":"https:\/\/secure.gravatar.com\/avatar\/3a4625b20c8da3de99da69bfe7a322774e291c3f90dce7e8778a30fe6748ed1a?s=96&d=mm&r=g","url":"https:\/\/secure.gravatar.com\/avatar\/3a4625b20c8da3de99da69bfe7a322774e291c3f90dce7e8778a30fe6748ed1a?s=96&d=mm&r=g","contentUrl":"https:\/\/secure.gravatar.com\/avatar\/3a4625b20c8da3de99da69bfe7a322774e291c3f90dce7e8778a30fe6748ed1a?s=96&d=mm&r=g","caption":"Carlos Conchita"}}]}},"_links":{"self":[{"href":"https:\/\/www.carlosyconchita.net\/rutas\/wp-json\/wp\/v2\/posts\/18735","targetHints":{"allow":["GET"]}}],"collection":[{"href":"https:\/\/www.carlosyconchita.net\/rutas\/wp-json\/wp\/v2\/posts"}],"about":[{"href":"https:\/\/www.carlosyconchita.net\/rutas\/wp-json\/wp\/v2\/types\/post"}],"author":[{"embeddable":true,"href":"https:\/\/www.carlosyconchita.net\/rutas\/wp-json\/wp\/v2\/users\/50"}],"replies":[{"embeddable":true,"href":"https:\/\/www.carlosyconchita.net\/rutas\/wp-json\/wp\/v2\/comments?post=18735"}],"version-history":[{"count":0,"href":"https:\/\/www.carlosyconchita.net\/rutas\/wp-json\/wp\/v2\/posts\/18735\/revisions"}],"wp:featuredmedia":[{"embeddable":true,"href":"https:\/\/www.carlosyconchita.net\/rutas\/wp-json\/wp\/v2\/media\/18736"}],"wp:attachment":[{"href":"https:\/\/www.carlosyconchita.net\/rutas\/wp-json\/wp\/v2\/media?parent=18735"}],"wp:term":[{"taxonomy":"category","embeddable":true,"href":"https:\/\/www.carlosyconchita.net\/rutas\/wp-json\/wp\/v2\/categories?post=18735"},{"taxonomy":"post_tag","embeddable":true,"href":"https:\/\/www.carlosyconchita.net\/rutas\/wp-json\/wp\/v2\/tags?post=18735"}],"curies":[{"name":"wp","href":"https:\/\/api.w.org\/{rel}","templated":true}]}}