{"id":18941,"date":"2023-09-14T16:33:01","date_gmt":"2023-09-14T15:33:01","guid":{"rendered":"https:\/\/www.carlosyconchita.net\/rutas\/?p=18941"},"modified":"2023-10-17T16:43:13","modified_gmt":"2023-10-17T15:43:13","slug":"14-09-2023-borna-321-port-de-la-canau","status":"publish","type":"post","link":"https:\/\/www.carlosyconchita.net\/rutas\/14-09-2023-borna-321-port-de-la-canau\/","title":{"rendered":"14-09-2023-Borna 321 (Port de la Canau)"},"content":{"rendered":"<p style=\"text-align: center;\"><cite><span style=\"color: #ff0000;\">573 bornas localizadas hasta hoy , del total de 602 existentes, nos faltan s\u00f3lo 29<\/span><br \/>\n<\/cite><\/p>\n<p style=\"text-align: center;\"><span style=\"color: #0000ff;\">Enlace al album de fotos de las bornas :\u00a0\u00a0\u00a0\u00a0<strong><a href=\"https:\/\/www.carlosyconchita.net\/rutas\/bornas-es-fr-fotos\/\" target=\"_blank\" rel=\"noopener\"> Fotos bornas<\/a><\/strong><\/span><\/p>\n<p style=\"text-align: justify;\">Hoy hemos subido hasta el Port de la Canau, en donde est\u00e1 la borna o moj\u00f3n fronterizo 321, con un considerable desnivel, ya que en menos de 3 km. hay que subir unos 700 m. , pero si quitamos la primera parte bastante plana y c\u00f3moda, nos queda una subida de unos 500 m. en aproximadamente 1.5 km.<br \/>\nY aparte del desnivel , en cuanto empezamos a subir en serio, el camino, aunque bastante visible, discurre la mayor parte por la ladera, muy inclinada,\u00a0 en forma de canal relativamente estrecho y con mucha piedra peque\u00f1a, por lo que al subir, est\u00e1bamos un poco preocupados por los posibles resbalones en\u00a0 el descenso, aunque afortunadamente la cosa despu\u00e9s no fu\u00e9 tan preocupante como nos tem\u00edamos.<\/p>\n<p>A mitad de camino, nos encontramos con un gran \u00abagujero\u00bb al fondo de la ladera por la que sub\u00edamos, en el que todav\u00eda quedaba nieve, pero como nos suele pasar cuando vamos por un camino algo complicado, nos \u00abolvidamos\u00bb de hacer fotos, por lo que no hay muchas de este recorrido.<\/p>\n<p>En el \u00faltimo tramo, aunque la pendiente contin\u00faa siendo fuerte, el camino es mucho m\u00e1s seguro, ya que no caminamos por ninguna ladera inclinada y resbaladiza, sino que vamos ya por una zona m\u00e1s amplia, con grandes piedras , pero sin peligro de resbalar.<\/p>\n<p>A pesar de todo, al final no acabamos tan cansados como nos tem\u00edamos, y nos dirigimos hacia la colina donde est\u00e1 la Virgen de Troumouse, en el centro de este gran circo de Troumouse, (ver en el album de fotos la historia de esta virgen)\u00a0 en donde paramos a comer el sandwich y descansar un poco.<\/p>\n<p>Para llegar al punto de inicio, desde Gavarnie tenemos que seguir la carretera D922 hasta el final, que queda cerrada por una puerta corredera en el Albergue de Maillet, ya que a partir de ese punto, hay que coger un \u00abmini-tren\u00bb que sube hasta el Parking Le Clot.<br \/>\nPero si llegas antes de las 8.00 h. se puede subir con el coche hasta un peque\u00f1o parking antes del Parking Le Clot, y el \u00fanico requisito es que para bajar tienes que esperar a que pase el mini-tren, y ponerte detr\u00e1s de \u00e9l.<\/p>\n<p>Cuando bajab\u00e1mos detr\u00e1s del mini-tren, hemos podido hacer varias fotos de la subida al Port de la Canau, ya que entonces se ve\u00eda mucho mejor, al estar en linea recta con la canal.<\/p>\n<p>Al final de todo el recorrido, y despu\u00e9s de bajar desde nuestro parking hasta el Albergue, paramos para tomar una muy merecida cervecita, y nos encontramos de nuevo con unos simp\u00e1ticos asturianos, que hemos visto varias veces estos d\u00edas por estas monta\u00f1as&#8230;\u00a0 Un saludo a toda la familia si pod\u00e9is leer esta publicaci\u00f3n !<\/p>\n<p>El Circo de Troumouse, es el m\u00e1s grande de los 3 de la zona de Gavarnie, (Gavarnie, Troumouse y Estaub\u00e9) , aunque es m\u00e1s famoso el de Gavarnie, pero en este a\u00f1o tan seco, hay muy poca agua en las cascadas.<\/p>\n<hr \/>\n<p>&nbsp;<\/p>\n<p><strong>Distancia total<\/strong> :\u00a0\u00a0\u00a0 7.450\u00a0 \u00a0 m<span class=\"totlen\"><span class=\"summaryvalue\">.\u00a0\u00a0\u00a0\u00a0\u00a0\u00a0\u00a0\u00a0\u00a0\u00a0\u00a0\u00a0\u00a0\u00a0\u00a0\u00a0\u00a0\u00a0\u00a0\u00a0\u00a0 <strong>Alturas m\u00edn\/m\u00e1x. :\u00a0<\/strong> \u00a0\u00a0 2.006 m. \/\u00a0 2.691 m.\u00a0 <br \/>\n<\/span><\/span><\/p>\n<p><strong>Desnivel acumulado (s\/GPS Visualizer)<\/strong> :\u00a0 \u00a0\u00a0 731\u00a0 m.<\/p>\n<p><strong>Desnivel acumulado (s\/Wikiloc)<\/strong> :\u00a0 \u00a0 698\u00a0 m.<\/p>\n<hr \/>\n<p>&nbsp;<\/p>\n<p><strong>Mini-video Circo de Troumouse<\/strong><\/p>\n<p><iframe loading=\"lazy\" title=\"Circo de Troumouse\" width=\"720\" height=\"405\" src=\"https:\/\/www.youtube.com\/embed\/6AGeTu6Ct7g?feature=oembed\" frameborder=\"0\" allow=\"accelerometer; autoplay; clipboard-write; encrypted-media; gyroscope; picture-in-picture; web-share\" allowfullscreen><\/iframe><\/p>\n<p>&nbsp;<\/p>\n<hr \/>\n<p><strong>Album de fotos<\/strong><\/p>\n<p><a href=\"https:\/\/photos.app.goo.gl\/LuR7MUeRQ9DQnra5A\" target=\"_blank\" rel=\"noopener\"><img loading=\"lazy\" decoding=\"async\" class=\"size-medium wp-image-18942 aligncenter\" src=\"https:\/\/www.carlosyconchita.net\/rutas\/wp-content\/uploads\/2023\/10\/Bornas321-00020a-300x169.jpg\" alt=\"\" width=\"300\" height=\"169\" srcset=\"https:\/\/www.carlosyconchita.net\/rutas\/wp-content\/uploads\/2023\/10\/Bornas321-00020a-300x169.jpg 300w, https:\/\/www.carlosyconchita.net\/rutas\/wp-content\/uploads\/2023\/10\/Bornas321-00020a-600x338.jpg 600w, https:\/\/www.carlosyconchita.net\/rutas\/wp-content\/uploads\/2023\/10\/Bornas321-00020a-768x433.jpg 768w, https:\/\/www.carlosyconchita.net\/rutas\/wp-content\/uploads\/2023\/10\/Bornas321-00020a.jpg 1024w\" sizes=\"auto, (max-width: 300px) 100vw, 300px\" \/><\/a><\/p>\n<p>&nbsp;<\/p>\n<hr \/>\n<p style=\"text-align: justify;\">\u00a0<\/p>\n<h4><strong>Mapa y track de la ruta<\/strong><\/h4>\n<p style=\"text-align: center;\"><strong><span style=\"color: #ff0000;\">Pulsando sobre los waypoints del mapa, se puede ver una foto del sitio.<\/span><\/strong><\/p>\n<p>&nbsp;<\/p>\n<p><a href=\"https:\/\/www.carlosyconchita.net\/rutas\/wp-content\/uploads\/gpx\/Borna-321.html\" target=\"_blank\" rel=\"noopener\"><img loading=\"lazy\" decoding=\"async\" class=\"aligncenter wp-image-16466\" src=\"https:\/\/www.carlosyconchita.net\/rutas\/wp-content\/uploads\/2021\/09\/mapa2.jpg\" alt=\"\" width=\"0185\" height=\"185\" srcset=\"https:\/\/www.carlosyconchita.net\/rutas\/wp-content\/uploads\/2021\/09\/mapa2.jpg 225w, https:\/\/www.carlosyconchita.net\/rutas\/wp-content\/uploads\/2021\/09\/mapa2-120x120.jpg 120w\" sizes=\"auto, (max-width: 185px) 100vw, 185px\" \/><\/a><\/p>\n<hr \/>\n<p><strong>Wikiloc\u00a0\u00a0\u00a0 <\/strong><strong><br \/>\n<\/strong><\/p>\n<p><a href=\"https:\/\/es.wikiloc.com\/rutas-senderismo\/borna-o-mojon-fronterizo-321-150529083\" target=\"_blank\" rel=\"noopener\"><img loading=\"lazy\" decoding=\"async\" class=\"aligncenter size-full wp-image-958\" src=\"https:\/\/www.carlosyconchita.net\/rutas\/wp-content\/uploads\/2020\/09\/wikiloc.jpg\" alt=\"\" width=\"117\" height=\"34\" \/><\/a><\/p>\n<p>&nbsp;<\/p>\n<hr \/>\n<p style=\"text-align: justify;\"><span style=\"color: #ff0000; background-color: #ffffff; font-size: 14pt;\"><strong>Si te ha gustado, comp\u00e1rtelo en tu red favorita o env\u00edanos tu comentario.<br \/>\n<\/strong><\/span><\/p>\n<p style=\"text-align: justify;\"><span style=\"font-size: 14pt;\"><strong><span style=\"color: #ff0000;\">Muchas gracias !<\/span><\/strong><\/span><\/p>\n<hr \/>\n<p style=\"text-align: justify;\"><strong><span style=\"color: #008000;\">Suscribete si quieres recibir un mail cuando publiquemos nuevas rutas : no enviamos publicidad y como m\u00e1ximo enviamos 2 mails al mes<\/span><\/strong><\/p>\n<p style=\"text-align: center;\"><a href=\"https:\/\/mailchi.mp\/6989c83a3e24\/wmv06rtqcz\/\" target=\"_blank\" rel=\"noopener noreferrer\"><strong><span style=\"color: #0000ff;\">Pulsa aqu\u00ed para suscribirte<\/span><\/strong><\/a><\/p>\n<hr \/>\n<p style=\"text-align: justify;\">\u00a0<\/p>\n<h3 style=\"text-align: justify;\">Puedes imprimir esta publicaci\u00f3n o guardarla en diferentes formatos :<\/h3>\n<p style=\"text-align: justify;\"><span style=\"color: #ff0000; font-size: 14pt;\">Para facilitar la impresi\u00f3n, hemos reducido considerablemente el tama\u00f1o de las fotos, pero si deseas imprimir sin fotos, aconsejamos guardarlo como \u201cdoc\u201d, y antes de imprimirlo, eliminar las fotos<\/span><\/p>\n<p>&nbsp;<\/p>\n<hr \/>\n<p>&nbsp;<\/p>\n","protected":false},"excerpt":{"rendered":"<p>573 bornas localizadas hasta hoy , del total de 602 existentes, nos faltan s\u00f3lo 29 Enlace al album de fotos de las bornas :\u00a0\u00a0\u00a0\u00a0 Fotos bornas Hoy hemos subido hasta el Port de la Canau, en donde est\u00e1 la borna o moj\u00f3n fronterizo 321, con un considerable desnivel, ya que en menos de 3 km. [&hellip;]<\/p>\n","protected":false},"author":50,"featured_media":18942,"comment_status":"closed","ping_status":"open","sticky":false,"template":"","format":"standard","meta":{"footnotes":""},"categories":[22,11,128,74],"tags":[],"class_list":{"0":"post-18941","1":"post","2":"type-post","3":"status-publish","4":"format-standard","5":"has-post-thumbnail","6":"hentry","7":"category-de-05-a-10-km","8":"category-moderada","9":"category-gavarnie","10":"category-0-mojones-bornas-frontera","12":"post-with-thumbnail","13":"post-with-thumbnail-icon"},"yoast_head":"<!-- This site is optimized with the Yoast SEO plugin v27.4 - https:\/\/yoast.com\/product\/yoast-seo-wordpress\/ -->\n<title>14-09-2023-Borna 321 (Port de la Canau) -<\/title>\n<meta name=\"robots\" content=\"index, follow, max-snippet:-1, max-image-preview:large, max-video-preview:-1\" \/>\n<link rel=\"canonical\" href=\"https:\/\/www.carlosyconchita.net\/rutas\/14-09-2023-borna-321-port-de-la-canau\/\" \/>\n<meta property=\"og:locale\" content=\"es_ES\" \/>\n<meta property=\"og:type\" content=\"article\" \/>\n<meta property=\"og:title\" content=\"14-09-2023-Borna 321 (Port de la Canau) -\" \/>\n<meta property=\"og:description\" content=\"573 bornas localizadas hasta hoy , del total de 602 existentes, nos faltan s\u00f3lo 29 Enlace al album de fotos de las bornas :\u00a0\u00a0\u00a0\u00a0 Fotos bornas Hoy hemos subido hasta el Port de la Canau, en donde est\u00e1 la borna o moj\u00f3n fronterizo 321, con un considerable desnivel, ya que en menos de 3 km. [&hellip;]\" \/>\n<meta property=\"og:url\" content=\"https:\/\/www.carlosyconchita.net\/rutas\/14-09-2023-borna-321-port-de-la-canau\/\" \/>\n<meta property=\"og:site_name\" content=\"Las rutas de Carlos y Conchita\" \/>\n<meta property=\"article:published_time\" content=\"2023-09-14T15:33:01+00:00\" \/>\n<meta property=\"article:modified_time\" content=\"2023-10-17T15:43:13+00:00\" \/>\n<meta property=\"og:image\" content=\"https:\/\/www.carlosyconchita.net\/rutas\/wp-content\/uploads\/2023\/10\/Bornas321-00020a.jpg\" \/>\n\t<meta property=\"og:image:width\" content=\"1024\" \/>\n\t<meta property=\"og:image:height\" content=\"577\" \/>\n\t<meta property=\"og:image:type\" content=\"image\/jpeg\" \/>\n<meta name=\"author\" content=\"Carlos Conchita\" \/>\n<meta name=\"twitter:label1\" content=\"Escrito por\" \/>\n\t<meta name=\"twitter:data1\" content=\"Carlos Conchita\" \/>\n\t<meta name=\"twitter:label2\" content=\"Tiempo de lectura\" \/>\n\t<meta name=\"twitter:data2\" content=\"4 minutos\" \/>\n<script type=\"application\/ld+json\" class=\"yoast-schema-graph\">{\"@context\":\"https:\\\/\\\/schema.org\",\"@graph\":[{\"@type\":\"Article\",\"@id\":\"https:\\\/\\\/www.carlosyconchita.net\\\/rutas\\\/14-09-2023-borna-321-port-de-la-canau\\\/#article\",\"isPartOf\":{\"@id\":\"https:\\\/\\\/www.carlosyconchita.net\\\/rutas\\\/14-09-2023-borna-321-port-de-la-canau\\\/\"},\"author\":{\"name\":\"Carlos Conchita\",\"@id\":\"https:\\\/\\\/www.carlosyconchita.net\\\/rutas\\\/#\\\/schema\\\/person\\\/a9691f7258c28443fab2d3aa1479ea19\"},\"headline\":\"14-09-2023-Borna 321 (Port de la Canau)\",\"datePublished\":\"2023-09-14T15:33:01+00:00\",\"dateModified\":\"2023-10-17T15:43:13+00:00\",\"mainEntityOfPage\":{\"@id\":\"https:\\\/\\\/www.carlosyconchita.net\\\/rutas\\\/14-09-2023-borna-321-port-de-la-canau\\\/\"},\"wordCount\":682,\"image\":{\"@id\":\"https:\\\/\\\/www.carlosyconchita.net\\\/rutas\\\/14-09-2023-borna-321-port-de-la-canau\\\/#primaryimage\"},\"thumbnailUrl\":\"https:\\\/\\\/www.carlosyconchita.net\\\/rutas\\\/wp-content\\\/uploads\\\/2023\\\/10\\\/Bornas321-00020a.jpg\",\"articleSection\":[\"2 - De 5 a 10 km.\",\"2-Moderada\",\"Gavarnie\",\"Mojones \\\/ Bornas frontera ES-FR\"],\"inLanguage\":\"es\"},{\"@type\":\"WebPage\",\"@id\":\"https:\\\/\\\/www.carlosyconchita.net\\\/rutas\\\/14-09-2023-borna-321-port-de-la-canau\\\/\",\"url\":\"https:\\\/\\\/www.carlosyconchita.net\\\/rutas\\\/14-09-2023-borna-321-port-de-la-canau\\\/\",\"name\":\"14-09-2023-Borna 321 (Port de la Canau) -\",\"isPartOf\":{\"@id\":\"https:\\\/\\\/www.carlosyconchita.net\\\/rutas\\\/#website\"},\"primaryImageOfPage\":{\"@id\":\"https:\\\/\\\/www.carlosyconchita.net\\\/rutas\\\/14-09-2023-borna-321-port-de-la-canau\\\/#primaryimage\"},\"image\":{\"@id\":\"https:\\\/\\\/www.carlosyconchita.net\\\/rutas\\\/14-09-2023-borna-321-port-de-la-canau\\\/#primaryimage\"},\"thumbnailUrl\":\"https:\\\/\\\/www.carlosyconchita.net\\\/rutas\\\/wp-content\\\/uploads\\\/2023\\\/10\\\/Bornas321-00020a.jpg\",\"datePublished\":\"2023-09-14T15:33:01+00:00\",\"dateModified\":\"2023-10-17T15:43:13+00:00\",\"author\":{\"@id\":\"https:\\\/\\\/www.carlosyconchita.net\\\/rutas\\\/#\\\/schema\\\/person\\\/a9691f7258c28443fab2d3aa1479ea19\"},\"breadcrumb\":{\"@id\":\"https:\\\/\\\/www.carlosyconchita.net\\\/rutas\\\/14-09-2023-borna-321-port-de-la-canau\\\/#breadcrumb\"},\"inLanguage\":\"es\",\"potentialAction\":[{\"@type\":\"ReadAction\",\"target\":[\"https:\\\/\\\/www.carlosyconchita.net\\\/rutas\\\/14-09-2023-borna-321-port-de-la-canau\\\/\"]}]},{\"@type\":\"ImageObject\",\"inLanguage\":\"es\",\"@id\":\"https:\\\/\\\/www.carlosyconchita.net\\\/rutas\\\/14-09-2023-borna-321-port-de-la-canau\\\/#primaryimage\",\"url\":\"https:\\\/\\\/www.carlosyconchita.net\\\/rutas\\\/wp-content\\\/uploads\\\/2023\\\/10\\\/Bornas321-00020a.jpg\",\"contentUrl\":\"https:\\\/\\\/www.carlosyconchita.net\\\/rutas\\\/wp-content\\\/uploads\\\/2023\\\/10\\\/Bornas321-00020a.jpg\",\"width\":1024,\"height\":577},{\"@type\":\"BreadcrumbList\",\"@id\":\"https:\\\/\\\/www.carlosyconchita.net\\\/rutas\\\/14-09-2023-borna-321-port-de-la-canau\\\/#breadcrumb\",\"itemListElement\":[{\"@type\":\"ListItem\",\"position\":1,\"name\":\"Portada\",\"item\":\"https:\\\/\\\/www.carlosyconchita.net\\\/rutas\\\/\"},{\"@type\":\"ListItem\",\"position\":2,\"name\":\"14-09-2023-Borna 321 (Port de la Canau)\"}]},{\"@type\":\"WebSite\",\"@id\":\"https:\\\/\\\/www.carlosyconchita.net\\\/rutas\\\/#website\",\"url\":\"https:\\\/\\\/www.carlosyconchita.net\\\/rutas\\\/\",\"name\":\"Las rutas de Carlos y Conchita\",\"description\":\"\",\"potentialAction\":[{\"@type\":\"SearchAction\",\"target\":{\"@type\":\"EntryPoint\",\"urlTemplate\":\"https:\\\/\\\/www.carlosyconchita.net\\\/rutas\\\/?s={search_term_string}\"},\"query-input\":{\"@type\":\"PropertyValueSpecification\",\"valueRequired\":true,\"valueName\":\"search_term_string\"}}],\"inLanguage\":\"es\"},{\"@type\":\"Person\",\"@id\":\"https:\\\/\\\/www.carlosyconchita.net\\\/rutas\\\/#\\\/schema\\\/person\\\/a9691f7258c28443fab2d3aa1479ea19\",\"name\":\"Carlos Conchita\",\"image\":{\"@type\":\"ImageObject\",\"inLanguage\":\"es\",\"@id\":\"https:\\\/\\\/secure.gravatar.com\\\/avatar\\\/3a4625b20c8da3de99da69bfe7a322774e291c3f90dce7e8778a30fe6748ed1a?s=96&d=mm&r=g\",\"url\":\"https:\\\/\\\/secure.gravatar.com\\\/avatar\\\/3a4625b20c8da3de99da69bfe7a322774e291c3f90dce7e8778a30fe6748ed1a?s=96&d=mm&r=g\",\"contentUrl\":\"https:\\\/\\\/secure.gravatar.com\\\/avatar\\\/3a4625b20c8da3de99da69bfe7a322774e291c3f90dce7e8778a30fe6748ed1a?s=96&d=mm&r=g\",\"caption\":\"Carlos Conchita\"}}]}<\/script>\n<!-- \/ Yoast SEO plugin. -->","yoast_head_json":{"title":"14-09-2023-Borna 321 (Port de la Canau) -","robots":{"index":"index","follow":"follow","max-snippet":"max-snippet:-1","max-image-preview":"max-image-preview:large","max-video-preview":"max-video-preview:-1"},"canonical":"https:\/\/www.carlosyconchita.net\/rutas\/14-09-2023-borna-321-port-de-la-canau\/","og_locale":"es_ES","og_type":"article","og_title":"14-09-2023-Borna 321 (Port de la Canau) -","og_description":"573 bornas localizadas hasta hoy , del total de 602 existentes, nos faltan s\u00f3lo 29 Enlace al album de fotos de las bornas :\u00a0\u00a0\u00a0\u00a0 Fotos bornas Hoy hemos subido hasta el Port de la Canau, en donde est\u00e1 la borna o moj\u00f3n fronterizo 321, con un considerable desnivel, ya que en menos de 3 km. [&hellip;]","og_url":"https:\/\/www.carlosyconchita.net\/rutas\/14-09-2023-borna-321-port-de-la-canau\/","og_site_name":"Las rutas de Carlos y Conchita","article_published_time":"2023-09-14T15:33:01+00:00","article_modified_time":"2023-10-17T15:43:13+00:00","og_image":[{"width":1024,"height":577,"url":"https:\/\/www.carlosyconchita.net\/rutas\/wp-content\/uploads\/2023\/10\/Bornas321-00020a.jpg","type":"image\/jpeg"}],"author":"Carlos Conchita","twitter_misc":{"Escrito por":"Carlos Conchita","Tiempo de lectura":"4 minutos"},"schema":{"@context":"https:\/\/schema.org","@graph":[{"@type":"Article","@id":"https:\/\/www.carlosyconchita.net\/rutas\/14-09-2023-borna-321-port-de-la-canau\/#article","isPartOf":{"@id":"https:\/\/www.carlosyconchita.net\/rutas\/14-09-2023-borna-321-port-de-la-canau\/"},"author":{"name":"Carlos Conchita","@id":"https:\/\/www.carlosyconchita.net\/rutas\/#\/schema\/person\/a9691f7258c28443fab2d3aa1479ea19"},"headline":"14-09-2023-Borna 321 (Port de la Canau)","datePublished":"2023-09-14T15:33:01+00:00","dateModified":"2023-10-17T15:43:13+00:00","mainEntityOfPage":{"@id":"https:\/\/www.carlosyconchita.net\/rutas\/14-09-2023-borna-321-port-de-la-canau\/"},"wordCount":682,"image":{"@id":"https:\/\/www.carlosyconchita.net\/rutas\/14-09-2023-borna-321-port-de-la-canau\/#primaryimage"},"thumbnailUrl":"https:\/\/www.carlosyconchita.net\/rutas\/wp-content\/uploads\/2023\/10\/Bornas321-00020a.jpg","articleSection":["2 - De 5 a 10 km.","2-Moderada","Gavarnie","Mojones \/ Bornas frontera ES-FR"],"inLanguage":"es"},{"@type":"WebPage","@id":"https:\/\/www.carlosyconchita.net\/rutas\/14-09-2023-borna-321-port-de-la-canau\/","url":"https:\/\/www.carlosyconchita.net\/rutas\/14-09-2023-borna-321-port-de-la-canau\/","name":"14-09-2023-Borna 321 (Port de la Canau) -","isPartOf":{"@id":"https:\/\/www.carlosyconchita.net\/rutas\/#website"},"primaryImageOfPage":{"@id":"https:\/\/www.carlosyconchita.net\/rutas\/14-09-2023-borna-321-port-de-la-canau\/#primaryimage"},"image":{"@id":"https:\/\/www.carlosyconchita.net\/rutas\/14-09-2023-borna-321-port-de-la-canau\/#primaryimage"},"thumbnailUrl":"https:\/\/www.carlosyconchita.net\/rutas\/wp-content\/uploads\/2023\/10\/Bornas321-00020a.jpg","datePublished":"2023-09-14T15:33:01+00:00","dateModified":"2023-10-17T15:43:13+00:00","author":{"@id":"https:\/\/www.carlosyconchita.net\/rutas\/#\/schema\/person\/a9691f7258c28443fab2d3aa1479ea19"},"breadcrumb":{"@id":"https:\/\/www.carlosyconchita.net\/rutas\/14-09-2023-borna-321-port-de-la-canau\/#breadcrumb"},"inLanguage":"es","potentialAction":[{"@type":"ReadAction","target":["https:\/\/www.carlosyconchita.net\/rutas\/14-09-2023-borna-321-port-de-la-canau\/"]}]},{"@type":"ImageObject","inLanguage":"es","@id":"https:\/\/www.carlosyconchita.net\/rutas\/14-09-2023-borna-321-port-de-la-canau\/#primaryimage","url":"https:\/\/www.carlosyconchita.net\/rutas\/wp-content\/uploads\/2023\/10\/Bornas321-00020a.jpg","contentUrl":"https:\/\/www.carlosyconchita.net\/rutas\/wp-content\/uploads\/2023\/10\/Bornas321-00020a.jpg","width":1024,"height":577},{"@type":"BreadcrumbList","@id":"https:\/\/www.carlosyconchita.net\/rutas\/14-09-2023-borna-321-port-de-la-canau\/#breadcrumb","itemListElement":[{"@type":"ListItem","position":1,"name":"Portada","item":"https:\/\/www.carlosyconchita.net\/rutas\/"},{"@type":"ListItem","position":2,"name":"14-09-2023-Borna 321 (Port de la Canau)"}]},{"@type":"WebSite","@id":"https:\/\/www.carlosyconchita.net\/rutas\/#website","url":"https:\/\/www.carlosyconchita.net\/rutas\/","name":"Las rutas de Carlos y Conchita","description":"","potentialAction":[{"@type":"SearchAction","target":{"@type":"EntryPoint","urlTemplate":"https:\/\/www.carlosyconchita.net\/rutas\/?s={search_term_string}"},"query-input":{"@type":"PropertyValueSpecification","valueRequired":true,"valueName":"search_term_string"}}],"inLanguage":"es"},{"@type":"Person","@id":"https:\/\/www.carlosyconchita.net\/rutas\/#\/schema\/person\/a9691f7258c28443fab2d3aa1479ea19","name":"Carlos Conchita","image":{"@type":"ImageObject","inLanguage":"es","@id":"https:\/\/secure.gravatar.com\/avatar\/3a4625b20c8da3de99da69bfe7a322774e291c3f90dce7e8778a30fe6748ed1a?s=96&d=mm&r=g","url":"https:\/\/secure.gravatar.com\/avatar\/3a4625b20c8da3de99da69bfe7a322774e291c3f90dce7e8778a30fe6748ed1a?s=96&d=mm&r=g","contentUrl":"https:\/\/secure.gravatar.com\/avatar\/3a4625b20c8da3de99da69bfe7a322774e291c3f90dce7e8778a30fe6748ed1a?s=96&d=mm&r=g","caption":"Carlos Conchita"}}]}},"_links":{"self":[{"href":"https:\/\/www.carlosyconchita.net\/rutas\/wp-json\/wp\/v2\/posts\/18941","targetHints":{"allow":["GET"]}}],"collection":[{"href":"https:\/\/www.carlosyconchita.net\/rutas\/wp-json\/wp\/v2\/posts"}],"about":[{"href":"https:\/\/www.carlosyconchita.net\/rutas\/wp-json\/wp\/v2\/types\/post"}],"author":[{"embeddable":true,"href":"https:\/\/www.carlosyconchita.net\/rutas\/wp-json\/wp\/v2\/users\/50"}],"replies":[{"embeddable":true,"href":"https:\/\/www.carlosyconchita.net\/rutas\/wp-json\/wp\/v2\/comments?post=18941"}],"version-history":[{"count":0,"href":"https:\/\/www.carlosyconchita.net\/rutas\/wp-json\/wp\/v2\/posts\/18941\/revisions"}],"wp:featuredmedia":[{"embeddable":true,"href":"https:\/\/www.carlosyconchita.net\/rutas\/wp-json\/wp\/v2\/media\/18942"}],"wp:attachment":[{"href":"https:\/\/www.carlosyconchita.net\/rutas\/wp-json\/wp\/v2\/media?parent=18941"}],"wp:term":[{"taxonomy":"category","embeddable":true,"href":"https:\/\/www.carlosyconchita.net\/rutas\/wp-json\/wp\/v2\/categories?post=18941"},{"taxonomy":"post_tag","embeddable":true,"href":"https:\/\/www.carlosyconchita.net\/rutas\/wp-json\/wp\/v2\/tags?post=18941"}],"curies":[{"name":"wp","href":"https:\/\/api.w.org\/{rel}","templated":true}]}}