{"id":18958,"date":"2023-09-28T17:28:52","date_gmt":"2023-09-28T16:28:52","guid":{"rendered":"https:\/\/www.carlosyconchita.net\/rutas\/?p=18958"},"modified":"2023-10-23T16:34:51","modified_gmt":"2023-10-23T15:34:51","slug":"28-09-2023-borna-420-bis","status":"publish","type":"post","link":"https:\/\/www.carlosyconchita.net\/rutas\/28-09-2023-borna-420-bis\/","title":{"rendered":"28-09-2023-Borna 420 bis"},"content":{"rendered":"<p style=\"text-align: center;\"><cite><span style=\"color: #ff0000;\">573 bornas localizadas hasta hoy , del total de 602 existentes, nos faltan s\u00f3lo 29<\/span><br \/>\n<\/cite><\/p>\n<p style=\"text-align: center;\"><span style=\"color: #0000ff;\">Enlace al album de fotos de las bornas :\u00a0\u00a0\u00a0\u00a0<strong><a href=\"https:\/\/www.carlosyconchita.net\/rutas\/bornas-es-fr-fotos\/\" target=\"_blank\" rel=\"noopener\"> Fotos bornas<\/a><\/strong><\/span><\/p>\n<p>&nbsp;<\/p>\n<p style=\"text-align: justify;\">Hoy hemos hecho una larga, cansada , dif\u00edcil para nosotros y calurosa caminata para llegar a la borna o moj\u00f3n fronterizo 420bis, empezando en en Refugio de Montgarri, donde hemos dejado el coche.<br \/>\nDecimos todo esto, porque realmente nos hemos cansado mucho, o mejor dicho much\u00edsimo para llegar a la borna, ya que en realidad han sido unos 15 kms. y unos 1.000 m. de desnivel, con un\u00a0 recorrido con varios repechones o mejor dicho \u00absifones\u00bb, ya que el primero de ellos (ver album de fotos),\u00a0 cuando llegamos arriba, vemos que hemos de bajar algo as\u00ed como 70-80 m. y luego subir 150 para llegar a la cresta que vemos, pero una vez all\u00ed hemos tenido que subir y bajar 4 \u00f3 5 veces m\u00e1s, aunque menos metros afortunadamente.<\/p>\n<p style=\"text-align: justify;\">Lo que tambi\u00e9n nos ha pasado es que hoy est\u00e1bamos los dos cansad\u00edsimos ya al poco de empezar, y a punto hemos estado de renunciar y volver atr\u00e1s , pero s\u00f3lo de pensar que entonces deber\u00edamos repetir lo que ya llev\u00e1bamos hecho, no nos ha quedado m\u00e1s remedio que continuar.<br \/>\nNos ha pasado varias veces que uno de los dos tiene un mal d\u00eda, pero coincidir los dos y que al d\u00eda siguiente se te haya pasado todo, es un poco raro.<\/p>\n<p style=\"text-align: justify;\">Y lo decimos porque al d\u00eda siguiente, que hicimos la B-420, tambi\u00e9n con 15 km, aunque \u00abs\u00f3lo\u00bb\u00a0 un desnivel de 800 m. nos cansamos lo que podr\u00edamos decir normal, sin ning\u00fan problema especial, ni recuerdos del d\u00eda anterior&#8230;<\/p>\n<p style=\"text-align: justify;\">En cuanto a la ruta, saliendo del Refugio, tenemos un corto tramo horizontal, despu\u00e9s entramos en un bosque y despu\u00e9s tenemos que ir subiendo hasta llegar a un col o puerto (sin nombre ?&#8230;), y desde all\u00ed subir unos pocos metros a nuestra izquierda a una peque\u00f1a colina donde est\u00e1 la B-420 bis, colocada en el a\u00f1o 1997, debido a una reclamaci\u00f3n por parte espa\u00f1ola , pero que hace unos a\u00f1os alguien separ\u00f3 la mitad superior, y actualmente \u00e9sta ya ha desaparecido y solo queda la mitad inferior.<\/p>\n<p style=\"text-align: justify;\">Ponemos aqu\u00ed unas fotos del a\u00f1o 2011 con la borna completa, y del 2013, ya partida en dos, aunque todav\u00eda estaba la parte rota en el suelo.<\/p>\n<p>&nbsp;<\/p>\n<p><img loading=\"lazy\" decoding=\"async\" class=\"size-medium aligncenter\" src=\"https:\/\/lh3.googleusercontent.com\/pw\/ADCreHePAPyozUaEv2fcsTDPwWmnKIcbpQOGxwQ89_6xaDiFgQIquFCRjy3pl0c-PNs2amsjowtMx-GM-6ujiaInSfwisdH6cYVJJRq3U0awNCRyQr-pgtSJDZz2VXtdjM1LxjKX7wQjeNrQqPM6L0aOien_Gg=w512-h384-s-no?authuser=0\" width=\"512\" height=\"384\" \/><\/p>\n<p><img loading=\"lazy\" decoding=\"async\" class=\"size-medium aligncenter\" src=\"https:\/\/lh3.googleusercontent.com\/pw\/ADCreHc5MC2TT2F31Yv7LTrkD-qYkGFDqY-5NAo7v4xMl-fOgcAfzpLQ8OExnWdX5-kd0pdxm7blQljsAof5FLg6NIvwU9tO1yy2tNqzhkS3SB7zblybCq7ElevAjrTORr6ECNa6Ro_7QfMJipU1aJjxb_7beA=w512-h384-s-no?authuser=0\" width=\"512\" height=\"384\" \/><\/p>\n<p>&nbsp;<\/p>\n<p>Y aqu\u00ed copiamos de la web de Eef Berns\u00a0 la explicaci\u00f3n sobre el origen de esta borna :<\/p>\n<p>Ver original en su web :\u00a0\u00a0 <span style=\"color: #0000ff;\"><a style=\"color: #0000ff;\" href=\"https:\/\/www.grpdesbf.nl\/esfr-html-curiosities.html\" target=\"_blank\" rel=\"noopener\">Pulsar enlace<\/a> <\/span><\/p>\n<p>&nbsp;<\/p>\n<p><img loading=\"lazy\" decoding=\"async\" class=\"size-medium aligncenter\" src=\"https:\/\/lh3.googleusercontent.com\/pw\/ADCreHf4DhzNBq0GGpCYJRn9vXy0i8EvQ9TiQRXGA7Q8gH2YEk_cA41F13vg6Nz3RB5uN7LU8fiMNw40hmJMfShp6SWZUbxUa9wp9JSiEu6ykqaT9yuGW26OctB-5sm-P2OJBIUHfT4d7ZJiJP5NbDY7gdIXCw=w782-h665-s-no?authuser=0\" width=\"782\" height=\"665\" \/><\/p>\n<p style=\"text-align: justify;\">Cuando llegamos al refugio de Montgarri, nos tomamos unos refrescos, y como que\u00a0 vemos que la iglesia (Santuario dera Mair de Diu de Montgarri)\u00a0 est\u00e1 abierta, aprovechamos para verla por dentro y hacer unas fotos.<\/p>\n<hr \/>\n<p>&nbsp;<\/p>\n<p><strong>Distancia total<\/strong> :\u00a0\u00a0\u00a0 15.070\u00a0 \u00a0 m<span class=\"totlen\"><span class=\"summaryvalue\">.\u00a0\u00a0\u00a0\u00a0\u00a0\u00a0\u00a0\u00a0\u00a0\u00a0\u00a0\u00a0\u00a0\u00a0\u00a0\u00a0\u00a0\u00a0\u00a0\u00a0\u00a0 <strong>Alturas m\u00edn\/m\u00e1x. :\u00a0<\/strong> \u00a0\u00a0 1.630 m. \/\u00a0 2.510 m.\u00a0 <br \/>\n<\/span><\/span><\/p>\n<p><strong>Desnivel acumulado (s\/GPS Visualizer)<\/strong> :\u00a0 \u00a0\u00a0 1.089\u00a0 m.<\/p>\n<p><strong>Desnivel acumulado (s\/Wikiloc)<\/strong> :\u00a0 \u00a0 991\u00a0 m.<\/p>\n<p>&nbsp;<\/p>\n<hr \/>\n<p><strong>Album de fotos<\/strong><\/p>\n<p>&nbsp;<\/p>\n<p><a href=\"https:\/\/photos.app.goo.gl\/Vja6EuQBRUQQW9wX7\" target=\"_blank\" rel=\"noopener\"><img loading=\"lazy\" decoding=\"async\" class=\"size-medium wp-image-18959 aligncenter\" src=\"https:\/\/www.carlosyconchita.net\/rutas\/wp-content\/uploads\/2023\/10\/Borna420bis-00040-300x169.jpg\" alt=\"\" width=\"300\" height=\"169\" srcset=\"https:\/\/www.carlosyconchita.net\/rutas\/wp-content\/uploads\/2023\/10\/Borna420bis-00040-300x169.jpg 300w, https:\/\/www.carlosyconchita.net\/rutas\/wp-content\/uploads\/2023\/10\/Borna420bis-00040-600x338.jpg 600w, https:\/\/www.carlosyconchita.net\/rutas\/wp-content\/uploads\/2023\/10\/Borna420bis-00040-768x433.jpg 768w, https:\/\/www.carlosyconchita.net\/rutas\/wp-content\/uploads\/2023\/10\/Borna420bis-00040.jpg 1024w\" sizes=\"auto, (max-width: 300px) 100vw, 300px\" \/><\/a><\/p>\n<hr \/>\n<p>&nbsp;<\/p>\n<h4><strong>Mapa y track de la ruta<\/strong><\/h4>\n<p style=\"text-align: center;\"><strong><span style=\"color: #ff0000;\">Pulsando sobre los waypoints del mapa, se puede ver una foto del sitio.<\/span><\/strong><\/p>\n<p>&nbsp;<\/p>\n<p><a href=\"https:\/\/www.carlosyconchita.net\/rutas\/wp-content\/uploads\/gpx\/Borna420bis.html\" target=\"_blank\" rel=\"noopener\"><img loading=\"lazy\" decoding=\"async\" class=\"aligncenter wp-image-16466\" src=\"https:\/\/www.carlosyconchita.net\/rutas\/wp-content\/uploads\/2021\/09\/mapa2.jpg\" alt=\"\" width=\"0185\" height=\"185\" srcset=\"https:\/\/www.carlosyconchita.net\/rutas\/wp-content\/uploads\/2021\/09\/mapa2.jpg 225w, https:\/\/www.carlosyconchita.net\/rutas\/wp-content\/uploads\/2021\/09\/mapa2-120x120.jpg 120w\" sizes=\"auto, (max-width: 185px) 100vw, 185px\" \/><\/a><\/p>\n<hr \/>\n<p><strong>Wikiloc\u00a0\u00a0\u00a0 <\/strong><strong><br \/>\n<\/strong><\/p>\n<p><a href=\"https:\/\/es.wikiloc.com\/rutas-senderismo\/borna-o-mojon-fronterizo-420bis-150695832\" target=\"_blank\" rel=\"noopener\"><img loading=\"lazy\" decoding=\"async\" class=\"aligncenter size-full wp-image-958\" src=\"https:\/\/www.carlosyconchita.net\/rutas\/wp-content\/uploads\/2020\/09\/wikiloc.jpg\" alt=\"\" width=\"117\" height=\"34\" \/><\/a><\/p>\n<p>&nbsp;<\/p>\n<hr \/>\n<p style=\"text-align: justify;\"><span style=\"color: #ff0000; background-color: #ffffff; font-size: 14pt;\"><strong>Si te ha gustado, comp\u00e1rtelo en tu red favorita o env\u00edanos tu comentario.<br \/>\n<\/strong><\/span><\/p>\n<p style=\"text-align: justify;\"><span style=\"font-size: 14pt;\"><strong><span style=\"color: #ff0000;\">Muchas gracias !<\/span><\/strong><\/span><\/p>\n<hr \/>\n<p style=\"text-align: justify;\"><strong><span style=\"color: #008000;\">Suscribete si quieres recibir un mail cuando publiquemos nuevas rutas : no enviamos publicidad y como m\u00e1ximo enviamos 2 mails al mes<\/span><\/strong><\/p>\n<p style=\"text-align: center;\"><a href=\"https:\/\/mailchi.mp\/6989c83a3e24\/wmv06rtqcz\/\" target=\"_blank\" rel=\"noopener noreferrer\"><strong><span style=\"color: #0000ff;\">Pulsa aqu\u00ed para suscribirte<\/span><\/strong><\/a><\/p>\n<hr \/>\n<p style=\"text-align: justify;\">\u00a0<\/p>\n<h3 style=\"text-align: justify;\">Puedes imprimir esta publicaci\u00f3n o guardarla en diferentes formatos :<\/h3>\n<p style=\"text-align: justify;\"><span style=\"color: #ff0000; font-size: 14pt;\">Para facilitar la impresi\u00f3n, hemos reducido considerablemente el tama\u00f1o de las fotos, pero si deseas imprimir sin fotos, aconsejamos guardarlo como \u201cdoc\u201d, y antes de imprimirlo, eliminar las fotos<\/span><\/p>\n<p>&nbsp;<\/p>\n<hr \/>\n","protected":false},"excerpt":{"rendered":"<p>573 bornas localizadas hasta hoy , del total de 602 existentes, nos faltan s\u00f3lo 29 Enlace al album de fotos de las bornas :\u00a0\u00a0\u00a0\u00a0 Fotos bornas &nbsp; Hoy hemos hecho una larga, cansada , dif\u00edcil para nosotros y calurosa caminata para llegar a la borna o moj\u00f3n fronterizo 420bis, empezando en en Refugio de Montgarri, [&hellip;]<\/p>\n","protected":false},"author":50,"featured_media":18959,"comment_status":"closed","ping_status":"open","sticky":false,"template":"","format":"standard","meta":{"footnotes":""},"categories":[12,27,74,109],"tags":[],"class_list":{"0":"post-18958","1":"post","2":"type-post","3":"status-publish","4":"format-standard","5":"has-post-thumbnail","6":"hentry","7":"category-dificil","8":"category-4-de-15-a-20-km","9":"category-0-mojones-bornas-frontera","10":"category-valle-de-aran","12":"post-with-thumbnail","13":"post-with-thumbnail-icon"},"yoast_head":"<!-- This site is optimized with the Yoast SEO plugin v27.4 - https:\/\/yoast.com\/product\/yoast-seo-wordpress\/ -->\n<title>28-09-2023-Borna 420 bis -<\/title>\n<meta name=\"robots\" content=\"index, follow, max-snippet:-1, max-image-preview:large, max-video-preview:-1\" \/>\n<link rel=\"canonical\" href=\"https:\/\/www.carlosyconchita.net\/rutas\/28-09-2023-borna-420-bis\/\" \/>\n<meta property=\"og:locale\" content=\"es_ES\" \/>\n<meta property=\"og:type\" content=\"article\" \/>\n<meta property=\"og:title\" content=\"28-09-2023-Borna 420 bis -\" \/>\n<meta property=\"og:description\" content=\"573 bornas localizadas hasta hoy , del total de 602 existentes, nos faltan s\u00f3lo 29 Enlace al album de fotos de las bornas :\u00a0\u00a0\u00a0\u00a0 Fotos bornas &nbsp; Hoy hemos hecho una larga, cansada , dif\u00edcil para nosotros y calurosa caminata para llegar a la borna o moj\u00f3n fronterizo 420bis, empezando en en Refugio de Montgarri, [&hellip;]\" \/>\n<meta property=\"og:url\" content=\"https:\/\/www.carlosyconchita.net\/rutas\/28-09-2023-borna-420-bis\/\" \/>\n<meta property=\"og:site_name\" content=\"Las rutas de Carlos y Conchita\" \/>\n<meta property=\"article:published_time\" content=\"2023-09-28T16:28:52+00:00\" \/>\n<meta property=\"article:modified_time\" content=\"2023-10-23T15:34:51+00:00\" \/>\n<meta property=\"og:image\" content=\"https:\/\/www.carlosyconchita.net\/rutas\/wp-content\/uploads\/2023\/10\/Borna420bis-00040.jpg\" \/>\n\t<meta property=\"og:image:width\" content=\"1024\" \/>\n\t<meta property=\"og:image:height\" content=\"577\" \/>\n\t<meta property=\"og:image:type\" content=\"image\/jpeg\" \/>\n<meta name=\"author\" content=\"Carlos Conchita\" \/>\n<meta name=\"twitter:label1\" content=\"Escrito por\" \/>\n\t<meta name=\"twitter:data1\" content=\"Carlos Conchita\" \/>\n\t<meta name=\"twitter:label2\" content=\"Tiempo de lectura\" \/>\n\t<meta name=\"twitter:data2\" content=\"4 minutos\" \/>\n<script type=\"application\/ld+json\" class=\"yoast-schema-graph\">{\"@context\":\"https:\\\/\\\/schema.org\",\"@graph\":[{\"@type\":\"Article\",\"@id\":\"https:\\\/\\\/www.carlosyconchita.net\\\/rutas\\\/28-09-2023-borna-420-bis\\\/#article\",\"isPartOf\":{\"@id\":\"https:\\\/\\\/www.carlosyconchita.net\\\/rutas\\\/28-09-2023-borna-420-bis\\\/\"},\"author\":{\"name\":\"Carlos Conchita\",\"@id\":\"https:\\\/\\\/www.carlosyconchita.net\\\/rutas\\\/#\\\/schema\\\/person\\\/a9691f7258c28443fab2d3aa1479ea19\"},\"headline\":\"28-09-2023-Borna 420 bis\",\"datePublished\":\"2023-09-28T16:28:52+00:00\",\"dateModified\":\"2023-10-23T15:34:51+00:00\",\"mainEntityOfPage\":{\"@id\":\"https:\\\/\\\/www.carlosyconchita.net\\\/rutas\\\/28-09-2023-borna-420-bis\\\/\"},\"wordCount\":602,\"image\":{\"@id\":\"https:\\\/\\\/www.carlosyconchita.net\\\/rutas\\\/28-09-2023-borna-420-bis\\\/#primaryimage\"},\"thumbnailUrl\":\"https:\\\/\\\/www.carlosyconchita.net\\\/rutas\\\/wp-content\\\/uploads\\\/2023\\\/10\\\/Borna420bis-00040.jpg\",\"articleSection\":[\"3-Dif\u00edcil\",\"4 - De 15 a 20 km.\",\"Mojones \\\/ Bornas frontera ES-FR\",\"Valle de Ar\u00e1n\"],\"inLanguage\":\"es\"},{\"@type\":\"WebPage\",\"@id\":\"https:\\\/\\\/www.carlosyconchita.net\\\/rutas\\\/28-09-2023-borna-420-bis\\\/\",\"url\":\"https:\\\/\\\/www.carlosyconchita.net\\\/rutas\\\/28-09-2023-borna-420-bis\\\/\",\"name\":\"28-09-2023-Borna 420 bis -\",\"isPartOf\":{\"@id\":\"https:\\\/\\\/www.carlosyconchita.net\\\/rutas\\\/#website\"},\"primaryImageOfPage\":{\"@id\":\"https:\\\/\\\/www.carlosyconchita.net\\\/rutas\\\/28-09-2023-borna-420-bis\\\/#primaryimage\"},\"image\":{\"@id\":\"https:\\\/\\\/www.carlosyconchita.net\\\/rutas\\\/28-09-2023-borna-420-bis\\\/#primaryimage\"},\"thumbnailUrl\":\"https:\\\/\\\/www.carlosyconchita.net\\\/rutas\\\/wp-content\\\/uploads\\\/2023\\\/10\\\/Borna420bis-00040.jpg\",\"datePublished\":\"2023-09-28T16:28:52+00:00\",\"dateModified\":\"2023-10-23T15:34:51+00:00\",\"author\":{\"@id\":\"https:\\\/\\\/www.carlosyconchita.net\\\/rutas\\\/#\\\/schema\\\/person\\\/a9691f7258c28443fab2d3aa1479ea19\"},\"breadcrumb\":{\"@id\":\"https:\\\/\\\/www.carlosyconchita.net\\\/rutas\\\/28-09-2023-borna-420-bis\\\/#breadcrumb\"},\"inLanguage\":\"es\",\"potentialAction\":[{\"@type\":\"ReadAction\",\"target\":[\"https:\\\/\\\/www.carlosyconchita.net\\\/rutas\\\/28-09-2023-borna-420-bis\\\/\"]}]},{\"@type\":\"ImageObject\",\"inLanguage\":\"es\",\"@id\":\"https:\\\/\\\/www.carlosyconchita.net\\\/rutas\\\/28-09-2023-borna-420-bis\\\/#primaryimage\",\"url\":\"https:\\\/\\\/www.carlosyconchita.net\\\/rutas\\\/wp-content\\\/uploads\\\/2023\\\/10\\\/Borna420bis-00040.jpg\",\"contentUrl\":\"https:\\\/\\\/www.carlosyconchita.net\\\/rutas\\\/wp-content\\\/uploads\\\/2023\\\/10\\\/Borna420bis-00040.jpg\",\"width\":1024,\"height\":577},{\"@type\":\"BreadcrumbList\",\"@id\":\"https:\\\/\\\/www.carlosyconchita.net\\\/rutas\\\/28-09-2023-borna-420-bis\\\/#breadcrumb\",\"itemListElement\":[{\"@type\":\"ListItem\",\"position\":1,\"name\":\"Portada\",\"item\":\"https:\\\/\\\/www.carlosyconchita.net\\\/rutas\\\/\"},{\"@type\":\"ListItem\",\"position\":2,\"name\":\"28-09-2023-Borna 420 bis\"}]},{\"@type\":\"WebSite\",\"@id\":\"https:\\\/\\\/www.carlosyconchita.net\\\/rutas\\\/#website\",\"url\":\"https:\\\/\\\/www.carlosyconchita.net\\\/rutas\\\/\",\"name\":\"Las rutas de Carlos y Conchita\",\"description\":\"\",\"potentialAction\":[{\"@type\":\"SearchAction\",\"target\":{\"@type\":\"EntryPoint\",\"urlTemplate\":\"https:\\\/\\\/www.carlosyconchita.net\\\/rutas\\\/?s={search_term_string}\"},\"query-input\":{\"@type\":\"PropertyValueSpecification\",\"valueRequired\":true,\"valueName\":\"search_term_string\"}}],\"inLanguage\":\"es\"},{\"@type\":\"Person\",\"@id\":\"https:\\\/\\\/www.carlosyconchita.net\\\/rutas\\\/#\\\/schema\\\/person\\\/a9691f7258c28443fab2d3aa1479ea19\",\"name\":\"Carlos Conchita\",\"image\":{\"@type\":\"ImageObject\",\"inLanguage\":\"es\",\"@id\":\"https:\\\/\\\/secure.gravatar.com\\\/avatar\\\/3a4625b20c8da3de99da69bfe7a322774e291c3f90dce7e8778a30fe6748ed1a?s=96&d=mm&r=g\",\"url\":\"https:\\\/\\\/secure.gravatar.com\\\/avatar\\\/3a4625b20c8da3de99da69bfe7a322774e291c3f90dce7e8778a30fe6748ed1a?s=96&d=mm&r=g\",\"contentUrl\":\"https:\\\/\\\/secure.gravatar.com\\\/avatar\\\/3a4625b20c8da3de99da69bfe7a322774e291c3f90dce7e8778a30fe6748ed1a?s=96&d=mm&r=g\",\"caption\":\"Carlos Conchita\"}}]}<\/script>\n<!-- \/ Yoast SEO plugin. -->","yoast_head_json":{"title":"28-09-2023-Borna 420 bis -","robots":{"index":"index","follow":"follow","max-snippet":"max-snippet:-1","max-image-preview":"max-image-preview:large","max-video-preview":"max-video-preview:-1"},"canonical":"https:\/\/www.carlosyconchita.net\/rutas\/28-09-2023-borna-420-bis\/","og_locale":"es_ES","og_type":"article","og_title":"28-09-2023-Borna 420 bis -","og_description":"573 bornas localizadas hasta hoy , del total de 602 existentes, nos faltan s\u00f3lo 29 Enlace al album de fotos de las bornas :\u00a0\u00a0\u00a0\u00a0 Fotos bornas &nbsp; Hoy hemos hecho una larga, cansada , dif\u00edcil para nosotros y calurosa caminata para llegar a la borna o moj\u00f3n fronterizo 420bis, empezando en en Refugio de Montgarri, [&hellip;]","og_url":"https:\/\/www.carlosyconchita.net\/rutas\/28-09-2023-borna-420-bis\/","og_site_name":"Las rutas de Carlos y Conchita","article_published_time":"2023-09-28T16:28:52+00:00","article_modified_time":"2023-10-23T15:34:51+00:00","og_image":[{"width":1024,"height":577,"url":"https:\/\/www.carlosyconchita.net\/rutas\/wp-content\/uploads\/2023\/10\/Borna420bis-00040.jpg","type":"image\/jpeg"}],"author":"Carlos Conchita","twitter_misc":{"Escrito por":"Carlos Conchita","Tiempo de lectura":"4 minutos"},"schema":{"@context":"https:\/\/schema.org","@graph":[{"@type":"Article","@id":"https:\/\/www.carlosyconchita.net\/rutas\/28-09-2023-borna-420-bis\/#article","isPartOf":{"@id":"https:\/\/www.carlosyconchita.net\/rutas\/28-09-2023-borna-420-bis\/"},"author":{"name":"Carlos Conchita","@id":"https:\/\/www.carlosyconchita.net\/rutas\/#\/schema\/person\/a9691f7258c28443fab2d3aa1479ea19"},"headline":"28-09-2023-Borna 420 bis","datePublished":"2023-09-28T16:28:52+00:00","dateModified":"2023-10-23T15:34:51+00:00","mainEntityOfPage":{"@id":"https:\/\/www.carlosyconchita.net\/rutas\/28-09-2023-borna-420-bis\/"},"wordCount":602,"image":{"@id":"https:\/\/www.carlosyconchita.net\/rutas\/28-09-2023-borna-420-bis\/#primaryimage"},"thumbnailUrl":"https:\/\/www.carlosyconchita.net\/rutas\/wp-content\/uploads\/2023\/10\/Borna420bis-00040.jpg","articleSection":["3-Dif\u00edcil","4 - De 15 a 20 km.","Mojones \/ Bornas frontera ES-FR","Valle de Ar\u00e1n"],"inLanguage":"es"},{"@type":"WebPage","@id":"https:\/\/www.carlosyconchita.net\/rutas\/28-09-2023-borna-420-bis\/","url":"https:\/\/www.carlosyconchita.net\/rutas\/28-09-2023-borna-420-bis\/","name":"28-09-2023-Borna 420 bis -","isPartOf":{"@id":"https:\/\/www.carlosyconchita.net\/rutas\/#website"},"primaryImageOfPage":{"@id":"https:\/\/www.carlosyconchita.net\/rutas\/28-09-2023-borna-420-bis\/#primaryimage"},"image":{"@id":"https:\/\/www.carlosyconchita.net\/rutas\/28-09-2023-borna-420-bis\/#primaryimage"},"thumbnailUrl":"https:\/\/www.carlosyconchita.net\/rutas\/wp-content\/uploads\/2023\/10\/Borna420bis-00040.jpg","datePublished":"2023-09-28T16:28:52+00:00","dateModified":"2023-10-23T15:34:51+00:00","author":{"@id":"https:\/\/www.carlosyconchita.net\/rutas\/#\/schema\/person\/a9691f7258c28443fab2d3aa1479ea19"},"breadcrumb":{"@id":"https:\/\/www.carlosyconchita.net\/rutas\/28-09-2023-borna-420-bis\/#breadcrumb"},"inLanguage":"es","potentialAction":[{"@type":"ReadAction","target":["https:\/\/www.carlosyconchita.net\/rutas\/28-09-2023-borna-420-bis\/"]}]},{"@type":"ImageObject","inLanguage":"es","@id":"https:\/\/www.carlosyconchita.net\/rutas\/28-09-2023-borna-420-bis\/#primaryimage","url":"https:\/\/www.carlosyconchita.net\/rutas\/wp-content\/uploads\/2023\/10\/Borna420bis-00040.jpg","contentUrl":"https:\/\/www.carlosyconchita.net\/rutas\/wp-content\/uploads\/2023\/10\/Borna420bis-00040.jpg","width":1024,"height":577},{"@type":"BreadcrumbList","@id":"https:\/\/www.carlosyconchita.net\/rutas\/28-09-2023-borna-420-bis\/#breadcrumb","itemListElement":[{"@type":"ListItem","position":1,"name":"Portada","item":"https:\/\/www.carlosyconchita.net\/rutas\/"},{"@type":"ListItem","position":2,"name":"28-09-2023-Borna 420 bis"}]},{"@type":"WebSite","@id":"https:\/\/www.carlosyconchita.net\/rutas\/#website","url":"https:\/\/www.carlosyconchita.net\/rutas\/","name":"Las rutas de Carlos y Conchita","description":"","potentialAction":[{"@type":"SearchAction","target":{"@type":"EntryPoint","urlTemplate":"https:\/\/www.carlosyconchita.net\/rutas\/?s={search_term_string}"},"query-input":{"@type":"PropertyValueSpecification","valueRequired":true,"valueName":"search_term_string"}}],"inLanguage":"es"},{"@type":"Person","@id":"https:\/\/www.carlosyconchita.net\/rutas\/#\/schema\/person\/a9691f7258c28443fab2d3aa1479ea19","name":"Carlos Conchita","image":{"@type":"ImageObject","inLanguage":"es","@id":"https:\/\/secure.gravatar.com\/avatar\/3a4625b20c8da3de99da69bfe7a322774e291c3f90dce7e8778a30fe6748ed1a?s=96&d=mm&r=g","url":"https:\/\/secure.gravatar.com\/avatar\/3a4625b20c8da3de99da69bfe7a322774e291c3f90dce7e8778a30fe6748ed1a?s=96&d=mm&r=g","contentUrl":"https:\/\/secure.gravatar.com\/avatar\/3a4625b20c8da3de99da69bfe7a322774e291c3f90dce7e8778a30fe6748ed1a?s=96&d=mm&r=g","caption":"Carlos Conchita"}}]}},"_links":{"self":[{"href":"https:\/\/www.carlosyconchita.net\/rutas\/wp-json\/wp\/v2\/posts\/18958","targetHints":{"allow":["GET"]}}],"collection":[{"href":"https:\/\/www.carlosyconchita.net\/rutas\/wp-json\/wp\/v2\/posts"}],"about":[{"href":"https:\/\/www.carlosyconchita.net\/rutas\/wp-json\/wp\/v2\/types\/post"}],"author":[{"embeddable":true,"href":"https:\/\/www.carlosyconchita.net\/rutas\/wp-json\/wp\/v2\/users\/50"}],"replies":[{"embeddable":true,"href":"https:\/\/www.carlosyconchita.net\/rutas\/wp-json\/wp\/v2\/comments?post=18958"}],"version-history":[{"count":0,"href":"https:\/\/www.carlosyconchita.net\/rutas\/wp-json\/wp\/v2\/posts\/18958\/revisions"}],"wp:featuredmedia":[{"embeddable":true,"href":"https:\/\/www.carlosyconchita.net\/rutas\/wp-json\/wp\/v2\/media\/18959"}],"wp:attachment":[{"href":"https:\/\/www.carlosyconchita.net\/rutas\/wp-json\/wp\/v2\/media?parent=18958"}],"wp:term":[{"taxonomy":"category","embeddable":true,"href":"https:\/\/www.carlosyconchita.net\/rutas\/wp-json\/wp\/v2\/categories?post=18958"},{"taxonomy":"post_tag","embeddable":true,"href":"https:\/\/www.carlosyconchita.net\/rutas\/wp-json\/wp\/v2\/tags?post=18958"}],"curies":[{"name":"wp","href":"https:\/\/api.w.org\/{rel}","templated":true}]}}