{"id":19210,"date":"2023-06-18T17:40:10","date_gmt":"2023-06-18T16:40:10","guid":{"rendered":"https:\/\/www.carlosyconchita.net\/rutas\/?p=19210"},"modified":"2024-01-03T19:06:18","modified_gmt":"2024-01-03T18:06:18","slug":"18-06-2023-porto-flavia","status":"publish","type":"post","link":"https:\/\/www.carlosyconchita.net\/rutas\/18-06-2023-porto-flavia\/","title":{"rendered":"18-06-2023-Porto Flavia"},"content":{"rendered":"<p style=\"text-align: justify;\">Hoy hemos hecho una bonita y calurosa excursi\u00f3n por la costa de Cerde\u00f1a, desde Nebida, donde hemos dejado el coche, hasta Porto Flavia, justo enfrente del caracter\u00edstico Pan de Azucar.<\/p>\n<p style=\"text-align: justify;\">Hay un primer tramo que el camino va por zona de vegetaci\u00f3n baja , y despu\u00e9s ya seguimos la bonita costa y acantilados, con unos magn\u00edficos paisajes y playas, pero sin ninguna sombra&#8230;<\/p>\n<p style=\"text-align: justify;\">La excursi\u00f3n no ha sido muy larga, (6 km. y 155 m. de desnivel)\u00a0 ya que s\u00f3lo hemos caminado a la ida (lo explicamos m\u00e1s abajo) pero el calor ha sido muy fuerte, por lo que la clasificamos como \u00abmoderada\u00bb por ese motivo.<\/p>\n<p>Nuestra idea inicial era hacer la ida y la vuelta, y no cont\u00e1bamos con hacer la visita a las instalaciones de Porto Flavia, pero en el peque\u00f1o kiosco\/bar que hay al final del recorrido, junto a la entrada de Porto Flavia, la encargada que nos sirvi\u00f3 las cervezas para comer nuestro bocata all\u00ed, se \u00abasust\u00f3\u00bb al decirle que despu\u00e9s \u00edbamos a volver a Nebida caminando, ya que\u00a0 a esa hora el calor ya era muy fuerte, y como se puede ver en las fotos, no hay ninguna sombra en el recorrido.<br \/>\nAdem\u00e1s nos explic\u00f3 que Porto Flavia no era una mina de carb\u00f3n, como nosotros cre\u00edamos y como tantas que hay por la zona de Carbonia, sino unas instalaciones para cargar los barcos con el carb\u00f3n de las minas cercanas.<\/p>\n<p style=\"text-align: justify;\">As\u00ed que al final nos convenci\u00f3, y debido a los horarios disponibles para la visita, decidimos volver a Nebida en un minib\u00fas que empezaba all\u00ed mismo, recoger entonces el coche y volver a Porto Flavia para poder hacer la visita a las instalaciones , que result\u00f3 muy interesante.<\/p>\n<p>Y despu\u00e9s de estas idas y venidas, tuvimos tiempo todav\u00eda de darnos un chapuz\u00f3n en Portu Caul\u00ed.<\/p>\n<p style=\"text-align: justify;\">Seg\u00fan nos explicaron en la visita, antes de la construcci\u00f3n de Porto Flavia en\u00a0 1924 , (el nombre viene de la hija del ingeniero que lo proyect\u00f3 y construy\u00f3), el carb\u00f3n se llevaba a hombros hasta las playas, en donde se cargaba en unas peque\u00f1as embarcaciones llamadas \u00abbilancelle\u00bb, (eran las \u00fanicas que pod\u00edan acercarse a la playa) hasta el puerto de Carloforte, en donde se cargaba en los grandes buques para su distribuci\u00f3n por todo el mundo.<\/p>\n<p style=\"text-align: justify;\">La instalaci\u00f3n , muy ingeniosa, se compone de forma muy resumida en dos t\u00faneles superpuestos excavados en la roca : en el superior entraba un peque\u00f1o tren de vagonetas cargadas con el carb\u00f3n de la zona, que eran descargadas en unos enormes \u00absilos\u00bb excavados debajo de ese primer t\u00fanel.<br \/>\nMuchos metros m\u00e1s abajo, en el segundo t\u00fanel, por debajo del nivel de los silos, hab\u00eda una serie de compuertas que se abr\u00edan, cayendo el carb\u00f3n a una cinta transportadora que lo llevaba al exterior, a la costa, donde se descargaba directamente en los grandes buques, que en ese punto, enfrente del Pan de Az\u00facar, pod\u00edan llegar sin problema de calado.<\/p>\n<p style=\"text-align: justify;\">Con esta instalaci\u00f3n, el tiempo de cargar un gran buque \u00aba mano\u00bb que era de 1 mes, pas\u00f3 a ser tan s\u00f3lo de 1 d\u00eda.<\/p>\n<p style=\"text-align: justify;\">En los a\u00f1os 60, debido a las restricciones en el uso de carb\u00f3n en Europa, se dej\u00f3 de usar , quedando ahora tan s\u00f3lo como visita tur\u00edstica, pero que realmente vale la pena.<\/p>\n<p>Ponemos aqu\u00ed una foto de la \u00e9poca :<\/p>\n<p><img loading=\"lazy\" decoding=\"async\" class=\"alignnone size-medium\" src=\"https:\/\/lh3.googleusercontent.com\/pw\/ABLVV87KgUUdHI5RFP5W-vtHKisvD-Fp5vzZjTPffrAMUK4VRi1AW7UxrGSd9_r1uBkvZWn1ggx_VKjYY_ewJGdbokIIrJCftBh-KUeclplbykbJ6ELOHTzcOFR9J62o-5fI1SIsO7iDvOOUNUUmQbo5wlD_kw=w1024-h577-s-no-gm?authuser=0\" width=\"1024\" height=\"577\" \/><\/p>\n<hr \/>\n<p>&nbsp;<\/p>\n<hr \/>\n<p><strong>Album de fotos<\/strong><\/p>\n<p><a href=\"https:\/\/photos.app.goo.gl\/8T4djtHUKQDFuZns7\" target=\"_blank\" rel=\"noopener\"><img loading=\"lazy\" decoding=\"async\" class=\"size-medium wp-image-19211 aligncenter\" src=\"https:\/\/www.carlosyconchita.net\/rutas\/wp-content\/uploads\/2024\/01\/Cerdena-18-00009-300x169.jpg\" alt=\"\" width=\"300\" height=\"169\" srcset=\"https:\/\/www.carlosyconchita.net\/rutas\/wp-content\/uploads\/2024\/01\/Cerdena-18-00009-300x169.jpg 300w, https:\/\/www.carlosyconchita.net\/rutas\/wp-content\/uploads\/2024\/01\/Cerdena-18-00009-600x338.jpg 600w, https:\/\/www.carlosyconchita.net\/rutas\/wp-content\/uploads\/2024\/01\/Cerdena-18-00009-768x433.jpg 768w, https:\/\/www.carlosyconchita.net\/rutas\/wp-content\/uploads\/2024\/01\/Cerdena-18-00009.jpg 1024w\" sizes=\"auto, (max-width: 300px) 100vw, 300px\" \/><\/a><\/p>\n<hr \/>\n<p>&nbsp;<\/p>\n<h4><strong>Mapa y track de la ruta<\/strong><\/h4>\n<p><a href=\"https:\/\/www.carlosyconchita.net\/rutas\/wp-content\/uploads\/gpx\/PortoFlavia.html\" target=\"_blank\" rel=\"noopener\"><img loading=\"lazy\" decoding=\"async\" class=\"aligncenter wp-image-16466\" src=\"https:\/\/www.carlosyconchita.net\/rutas\/wp-content\/uploads\/2021\/09\/mapa2.jpg\" alt=\"\" width=\"0185\" height=\"185\" srcset=\"https:\/\/www.carlosyconchita.net\/rutas\/wp-content\/uploads\/2021\/09\/mapa2.jpg 225w, https:\/\/www.carlosyconchita.net\/rutas\/wp-content\/uploads\/2021\/09\/mapa2-120x120.jpg 120w\" sizes=\"auto, (max-width: 185px) 100vw, 185px\" \/><\/a><\/p>\n<hr \/>\n<p><strong>Wikiloc\u00a0\u00a0\u00a0 <\/strong><strong><br \/>\n<\/strong><\/p>\n<p><a href=\"https:\/\/es.wikiloc.com\/rutas-senderismo\/excursion-a-porto-flavia-desde-nebida-cerdena-157315155\" target=\"_blank\" rel=\"noopener\"><img loading=\"lazy\" decoding=\"async\" class=\"aligncenter size-full wp-image-958\" src=\"https:\/\/www.carlosyconchita.net\/rutas\/wp-content\/uploads\/2020\/09\/wikiloc.jpg\" alt=\"\" width=\"117\" height=\"34\" \/><\/a><\/p>\n<p>&nbsp;<\/p>\n<hr \/>\n<p style=\"text-align: justify;\"><span style=\"color: #ff0000; background-color: #ffffff; font-size: 14pt;\"><strong>Si te ha gustado, comp\u00e1rtelo en tu red favorita o env\u00edanos tu comentario.<br \/>\n<\/strong><\/span><\/p>\n<p style=\"text-align: justify;\"><span style=\"font-size: 14pt;\"><strong><span style=\"color: #ff0000;\">Muchas gracias !<\/span><\/strong><\/span><\/p>\n<hr \/>\n<p style=\"text-align: justify;\"><strong><span style=\"color: #008000;\">Suscribete si quieres recibir un mail cuando publiquemos nuevas rutas : no enviamos publicidad y como m\u00e1ximo enviamos 2 mails al mes<\/span><\/strong><\/p>\n<p style=\"text-align: center;\"><a href=\"https:\/\/mailchi.mp\/6989c83a3e24\/wmv06rtqcz\/\" target=\"_blank\" rel=\"noopener noreferrer\"><strong><span style=\"color: #0000ff;\">Pulsa aqu\u00ed para suscribirte<\/span><\/strong><\/a><\/p>\n","protected":false},"excerpt":{"rendered":"<p>Hoy hemos hecho una bonita y calurosa excursi\u00f3n por la costa de Cerde\u00f1a, desde Nebida, donde hemos dejado el coche, hasta Porto Flavia, justo enfrente del caracter\u00edstico Pan de Azucar. Hay un primer tramo que el camino va por zona de vegetaci\u00f3n baja , y despu\u00e9s ya seguimos la bonita costa y acantilados, con unos [&hellip;]<\/p>\n","protected":false},"author":50,"featured_media":19211,"comment_status":"closed","ping_status":"open","sticky":false,"template":"","format":"standard","meta":{"footnotes":""},"categories":[22,11,126,125],"tags":[],"class_list":{"0":"post-19210","1":"post","2":"type-post","3":"status-publish","4":"format-standard","5":"has-post-thumbnail","6":"hentry","7":"category-de-05-a-10-km","8":"category-moderada","9":"category-cerdena","10":"category-italia","12":"post-with-thumbnail","13":"post-with-thumbnail-icon"},"yoast_head":"<!-- This site is optimized with the Yoast SEO plugin v27.4 - https:\/\/yoast.com\/product\/yoast-seo-wordpress\/ -->\n<title>18-06-2023-Porto Flavia -<\/title>\n<meta name=\"robots\" content=\"index, follow, max-snippet:-1, max-image-preview:large, max-video-preview:-1\" \/>\n<link rel=\"canonical\" href=\"https:\/\/www.carlosyconchita.net\/rutas\/18-06-2023-porto-flavia\/\" \/>\n<meta property=\"og:locale\" content=\"es_ES\" \/>\n<meta property=\"og:type\" content=\"article\" \/>\n<meta property=\"og:title\" content=\"18-06-2023-Porto Flavia -\" \/>\n<meta property=\"og:description\" content=\"Hoy hemos hecho una bonita y calurosa excursi\u00f3n por la costa de Cerde\u00f1a, desde Nebida, donde hemos dejado el coche, hasta Porto Flavia, justo enfrente del caracter\u00edstico Pan de Azucar. Hay un primer tramo que el camino va por zona de vegetaci\u00f3n baja , y despu\u00e9s ya seguimos la bonita costa y acantilados, con unos [&hellip;]\" \/>\n<meta property=\"og:url\" content=\"https:\/\/www.carlosyconchita.net\/rutas\/18-06-2023-porto-flavia\/\" \/>\n<meta property=\"og:site_name\" content=\"Las rutas de Carlos y Conchita\" \/>\n<meta property=\"article:published_time\" content=\"2023-06-18T16:40:10+00:00\" \/>\n<meta property=\"article:modified_time\" content=\"2024-01-03T18:06:18+00:00\" \/>\n<meta property=\"og:image\" content=\"https:\/\/www.carlosyconchita.net\/rutas\/wp-content\/uploads\/2024\/01\/Cerdena-18-00009.jpg\" \/>\n\t<meta property=\"og:image:width\" content=\"1024\" \/>\n\t<meta property=\"og:image:height\" content=\"577\" \/>\n\t<meta property=\"og:image:type\" content=\"image\/jpeg\" \/>\n<meta name=\"author\" content=\"Carlos Conchita\" \/>\n<meta name=\"twitter:label1\" content=\"Escrito por\" \/>\n\t<meta name=\"twitter:data1\" content=\"Carlos Conchita\" \/>\n\t<meta name=\"twitter:label2\" content=\"Tiempo de lectura\" \/>\n\t<meta name=\"twitter:data2\" content=\"4 minutos\" \/>\n<script type=\"application\/ld+json\" class=\"yoast-schema-graph\">{\"@context\":\"https:\\\/\\\/schema.org\",\"@graph\":[{\"@type\":\"Article\",\"@id\":\"https:\\\/\\\/www.carlosyconchita.net\\\/rutas\\\/18-06-2023-porto-flavia\\\/#article\",\"isPartOf\":{\"@id\":\"https:\\\/\\\/www.carlosyconchita.net\\\/rutas\\\/18-06-2023-porto-flavia\\\/\"},\"author\":{\"name\":\"Carlos Conchita\",\"@id\":\"https:\\\/\\\/www.carlosyconchita.net\\\/rutas\\\/#\\\/schema\\\/person\\\/a9691f7258c28443fab2d3aa1479ea19\"},\"headline\":\"18-06-2023-Porto Flavia\",\"datePublished\":\"2023-06-18T16:40:10+00:00\",\"dateModified\":\"2024-01-03T18:06:18+00:00\",\"mainEntityOfPage\":{\"@id\":\"https:\\\/\\\/www.carlosyconchita.net\\\/rutas\\\/18-06-2023-porto-flavia\\\/\"},\"wordCount\":646,\"image\":{\"@id\":\"https:\\\/\\\/www.carlosyconchita.net\\\/rutas\\\/18-06-2023-porto-flavia\\\/#primaryimage\"},\"thumbnailUrl\":\"https:\\\/\\\/www.carlosyconchita.net\\\/rutas\\\/wp-content\\\/uploads\\\/2024\\\/01\\\/Cerdena-18-00009.jpg\",\"articleSection\":[\"2 - De 5 a 10 km.\",\"2-Moderada\",\"Cerde\u00f1a\",\"Italia\"],\"inLanguage\":\"es\"},{\"@type\":\"WebPage\",\"@id\":\"https:\\\/\\\/www.carlosyconchita.net\\\/rutas\\\/18-06-2023-porto-flavia\\\/\",\"url\":\"https:\\\/\\\/www.carlosyconchita.net\\\/rutas\\\/18-06-2023-porto-flavia\\\/\",\"name\":\"18-06-2023-Porto Flavia -\",\"isPartOf\":{\"@id\":\"https:\\\/\\\/www.carlosyconchita.net\\\/rutas\\\/#website\"},\"primaryImageOfPage\":{\"@id\":\"https:\\\/\\\/www.carlosyconchita.net\\\/rutas\\\/18-06-2023-porto-flavia\\\/#primaryimage\"},\"image\":{\"@id\":\"https:\\\/\\\/www.carlosyconchita.net\\\/rutas\\\/18-06-2023-porto-flavia\\\/#primaryimage\"},\"thumbnailUrl\":\"https:\\\/\\\/www.carlosyconchita.net\\\/rutas\\\/wp-content\\\/uploads\\\/2024\\\/01\\\/Cerdena-18-00009.jpg\",\"datePublished\":\"2023-06-18T16:40:10+00:00\",\"dateModified\":\"2024-01-03T18:06:18+00:00\",\"author\":{\"@id\":\"https:\\\/\\\/www.carlosyconchita.net\\\/rutas\\\/#\\\/schema\\\/person\\\/a9691f7258c28443fab2d3aa1479ea19\"},\"breadcrumb\":{\"@id\":\"https:\\\/\\\/www.carlosyconchita.net\\\/rutas\\\/18-06-2023-porto-flavia\\\/#breadcrumb\"},\"inLanguage\":\"es\",\"potentialAction\":[{\"@type\":\"ReadAction\",\"target\":[\"https:\\\/\\\/www.carlosyconchita.net\\\/rutas\\\/18-06-2023-porto-flavia\\\/\"]}]},{\"@type\":\"ImageObject\",\"inLanguage\":\"es\",\"@id\":\"https:\\\/\\\/www.carlosyconchita.net\\\/rutas\\\/18-06-2023-porto-flavia\\\/#primaryimage\",\"url\":\"https:\\\/\\\/www.carlosyconchita.net\\\/rutas\\\/wp-content\\\/uploads\\\/2024\\\/01\\\/Cerdena-18-00009.jpg\",\"contentUrl\":\"https:\\\/\\\/www.carlosyconchita.net\\\/rutas\\\/wp-content\\\/uploads\\\/2024\\\/01\\\/Cerdena-18-00009.jpg\",\"width\":1024,\"height\":577},{\"@type\":\"BreadcrumbList\",\"@id\":\"https:\\\/\\\/www.carlosyconchita.net\\\/rutas\\\/18-06-2023-porto-flavia\\\/#breadcrumb\",\"itemListElement\":[{\"@type\":\"ListItem\",\"position\":1,\"name\":\"Portada\",\"item\":\"https:\\\/\\\/www.carlosyconchita.net\\\/rutas\\\/\"},{\"@type\":\"ListItem\",\"position\":2,\"name\":\"18-06-2023-Porto Flavia\"}]},{\"@type\":\"WebSite\",\"@id\":\"https:\\\/\\\/www.carlosyconchita.net\\\/rutas\\\/#website\",\"url\":\"https:\\\/\\\/www.carlosyconchita.net\\\/rutas\\\/\",\"name\":\"Las rutas de Carlos y Conchita\",\"description\":\"\",\"potentialAction\":[{\"@type\":\"SearchAction\",\"target\":{\"@type\":\"EntryPoint\",\"urlTemplate\":\"https:\\\/\\\/www.carlosyconchita.net\\\/rutas\\\/?s={search_term_string}\"},\"query-input\":{\"@type\":\"PropertyValueSpecification\",\"valueRequired\":true,\"valueName\":\"search_term_string\"}}],\"inLanguage\":\"es\"},{\"@type\":\"Person\",\"@id\":\"https:\\\/\\\/www.carlosyconchita.net\\\/rutas\\\/#\\\/schema\\\/person\\\/a9691f7258c28443fab2d3aa1479ea19\",\"name\":\"Carlos Conchita\",\"image\":{\"@type\":\"ImageObject\",\"inLanguage\":\"es\",\"@id\":\"https:\\\/\\\/secure.gravatar.com\\\/avatar\\\/3a4625b20c8da3de99da69bfe7a322774e291c3f90dce7e8778a30fe6748ed1a?s=96&d=mm&r=g\",\"url\":\"https:\\\/\\\/secure.gravatar.com\\\/avatar\\\/3a4625b20c8da3de99da69bfe7a322774e291c3f90dce7e8778a30fe6748ed1a?s=96&d=mm&r=g\",\"contentUrl\":\"https:\\\/\\\/secure.gravatar.com\\\/avatar\\\/3a4625b20c8da3de99da69bfe7a322774e291c3f90dce7e8778a30fe6748ed1a?s=96&d=mm&r=g\",\"caption\":\"Carlos Conchita\"}}]}<\/script>\n<!-- \/ Yoast SEO plugin. -->","yoast_head_json":{"title":"18-06-2023-Porto Flavia -","robots":{"index":"index","follow":"follow","max-snippet":"max-snippet:-1","max-image-preview":"max-image-preview:large","max-video-preview":"max-video-preview:-1"},"canonical":"https:\/\/www.carlosyconchita.net\/rutas\/18-06-2023-porto-flavia\/","og_locale":"es_ES","og_type":"article","og_title":"18-06-2023-Porto Flavia -","og_description":"Hoy hemos hecho una bonita y calurosa excursi\u00f3n por la costa de Cerde\u00f1a, desde Nebida, donde hemos dejado el coche, hasta Porto Flavia, justo enfrente del caracter\u00edstico Pan de Azucar. Hay un primer tramo que el camino va por zona de vegetaci\u00f3n baja , y despu\u00e9s ya seguimos la bonita costa y acantilados, con unos [&hellip;]","og_url":"https:\/\/www.carlosyconchita.net\/rutas\/18-06-2023-porto-flavia\/","og_site_name":"Las rutas de Carlos y Conchita","article_published_time":"2023-06-18T16:40:10+00:00","article_modified_time":"2024-01-03T18:06:18+00:00","og_image":[{"width":1024,"height":577,"url":"https:\/\/www.carlosyconchita.net\/rutas\/wp-content\/uploads\/2024\/01\/Cerdena-18-00009.jpg","type":"image\/jpeg"}],"author":"Carlos Conchita","twitter_misc":{"Escrito por":"Carlos Conchita","Tiempo de lectura":"4 minutos"},"schema":{"@context":"https:\/\/schema.org","@graph":[{"@type":"Article","@id":"https:\/\/www.carlosyconchita.net\/rutas\/18-06-2023-porto-flavia\/#article","isPartOf":{"@id":"https:\/\/www.carlosyconchita.net\/rutas\/18-06-2023-porto-flavia\/"},"author":{"name":"Carlos Conchita","@id":"https:\/\/www.carlosyconchita.net\/rutas\/#\/schema\/person\/a9691f7258c28443fab2d3aa1479ea19"},"headline":"18-06-2023-Porto Flavia","datePublished":"2023-06-18T16:40:10+00:00","dateModified":"2024-01-03T18:06:18+00:00","mainEntityOfPage":{"@id":"https:\/\/www.carlosyconchita.net\/rutas\/18-06-2023-porto-flavia\/"},"wordCount":646,"image":{"@id":"https:\/\/www.carlosyconchita.net\/rutas\/18-06-2023-porto-flavia\/#primaryimage"},"thumbnailUrl":"https:\/\/www.carlosyconchita.net\/rutas\/wp-content\/uploads\/2024\/01\/Cerdena-18-00009.jpg","articleSection":["2 - De 5 a 10 km.","2-Moderada","Cerde\u00f1a","Italia"],"inLanguage":"es"},{"@type":"WebPage","@id":"https:\/\/www.carlosyconchita.net\/rutas\/18-06-2023-porto-flavia\/","url":"https:\/\/www.carlosyconchita.net\/rutas\/18-06-2023-porto-flavia\/","name":"18-06-2023-Porto Flavia -","isPartOf":{"@id":"https:\/\/www.carlosyconchita.net\/rutas\/#website"},"primaryImageOfPage":{"@id":"https:\/\/www.carlosyconchita.net\/rutas\/18-06-2023-porto-flavia\/#primaryimage"},"image":{"@id":"https:\/\/www.carlosyconchita.net\/rutas\/18-06-2023-porto-flavia\/#primaryimage"},"thumbnailUrl":"https:\/\/www.carlosyconchita.net\/rutas\/wp-content\/uploads\/2024\/01\/Cerdena-18-00009.jpg","datePublished":"2023-06-18T16:40:10+00:00","dateModified":"2024-01-03T18:06:18+00:00","author":{"@id":"https:\/\/www.carlosyconchita.net\/rutas\/#\/schema\/person\/a9691f7258c28443fab2d3aa1479ea19"},"breadcrumb":{"@id":"https:\/\/www.carlosyconchita.net\/rutas\/18-06-2023-porto-flavia\/#breadcrumb"},"inLanguage":"es","potentialAction":[{"@type":"ReadAction","target":["https:\/\/www.carlosyconchita.net\/rutas\/18-06-2023-porto-flavia\/"]}]},{"@type":"ImageObject","inLanguage":"es","@id":"https:\/\/www.carlosyconchita.net\/rutas\/18-06-2023-porto-flavia\/#primaryimage","url":"https:\/\/www.carlosyconchita.net\/rutas\/wp-content\/uploads\/2024\/01\/Cerdena-18-00009.jpg","contentUrl":"https:\/\/www.carlosyconchita.net\/rutas\/wp-content\/uploads\/2024\/01\/Cerdena-18-00009.jpg","width":1024,"height":577},{"@type":"BreadcrumbList","@id":"https:\/\/www.carlosyconchita.net\/rutas\/18-06-2023-porto-flavia\/#breadcrumb","itemListElement":[{"@type":"ListItem","position":1,"name":"Portada","item":"https:\/\/www.carlosyconchita.net\/rutas\/"},{"@type":"ListItem","position":2,"name":"18-06-2023-Porto Flavia"}]},{"@type":"WebSite","@id":"https:\/\/www.carlosyconchita.net\/rutas\/#website","url":"https:\/\/www.carlosyconchita.net\/rutas\/","name":"Las rutas de Carlos y Conchita","description":"","potentialAction":[{"@type":"SearchAction","target":{"@type":"EntryPoint","urlTemplate":"https:\/\/www.carlosyconchita.net\/rutas\/?s={search_term_string}"},"query-input":{"@type":"PropertyValueSpecification","valueRequired":true,"valueName":"search_term_string"}}],"inLanguage":"es"},{"@type":"Person","@id":"https:\/\/www.carlosyconchita.net\/rutas\/#\/schema\/person\/a9691f7258c28443fab2d3aa1479ea19","name":"Carlos Conchita","image":{"@type":"ImageObject","inLanguage":"es","@id":"https:\/\/secure.gravatar.com\/avatar\/3a4625b20c8da3de99da69bfe7a322774e291c3f90dce7e8778a30fe6748ed1a?s=96&d=mm&r=g","url":"https:\/\/secure.gravatar.com\/avatar\/3a4625b20c8da3de99da69bfe7a322774e291c3f90dce7e8778a30fe6748ed1a?s=96&d=mm&r=g","contentUrl":"https:\/\/secure.gravatar.com\/avatar\/3a4625b20c8da3de99da69bfe7a322774e291c3f90dce7e8778a30fe6748ed1a?s=96&d=mm&r=g","caption":"Carlos Conchita"}}]}},"_links":{"self":[{"href":"https:\/\/www.carlosyconchita.net\/rutas\/wp-json\/wp\/v2\/posts\/19210","targetHints":{"allow":["GET"]}}],"collection":[{"href":"https:\/\/www.carlosyconchita.net\/rutas\/wp-json\/wp\/v2\/posts"}],"about":[{"href":"https:\/\/www.carlosyconchita.net\/rutas\/wp-json\/wp\/v2\/types\/post"}],"author":[{"embeddable":true,"href":"https:\/\/www.carlosyconchita.net\/rutas\/wp-json\/wp\/v2\/users\/50"}],"replies":[{"embeddable":true,"href":"https:\/\/www.carlosyconchita.net\/rutas\/wp-json\/wp\/v2\/comments?post=19210"}],"version-history":[{"count":0,"href":"https:\/\/www.carlosyconchita.net\/rutas\/wp-json\/wp\/v2\/posts\/19210\/revisions"}],"wp:featuredmedia":[{"embeddable":true,"href":"https:\/\/www.carlosyconchita.net\/rutas\/wp-json\/wp\/v2\/media\/19211"}],"wp:attachment":[{"href":"https:\/\/www.carlosyconchita.net\/rutas\/wp-json\/wp\/v2\/media?parent=19210"}],"wp:term":[{"taxonomy":"category","embeddable":true,"href":"https:\/\/www.carlosyconchita.net\/rutas\/wp-json\/wp\/v2\/categories?post=19210"},{"taxonomy":"post_tag","embeddable":true,"href":"https:\/\/www.carlosyconchita.net\/rutas\/wp-json\/wp\/v2\/tags?post=19210"}],"curies":[{"name":"wp","href":"https:\/\/api.w.org\/{rel}","templated":true}]}}