{"id":19222,"date":"2023-06-22T19:01:42","date_gmt":"2023-06-22T18:01:42","guid":{"rendered":"https:\/\/www.carlosyconchita.net\/rutas\/?p=19222"},"modified":"2024-01-11T19:11:50","modified_gmt":"2024-01-11T18:11:50","slug":"cerdena-paginal-principal","status":"publish","type":"post","link":"https:\/\/www.carlosyconchita.net\/rutas\/cerdena-paginal-principal\/","title":{"rendered":"Cerde\u00f1a : p\u00e1ginal principal"},"content":{"rendered":"<p class=\"entry-title\"><a title=\"Enlace permanente a 16-06-2023-Viaje avi\u00f3n y visita Cagliari\" href=\"https:\/\/www.carlosyconchita.net\/rutas\/16-06-2023-viaje-avion-y-visita-cagliari\/\" target=\"_blank\" rel=\"bookmark noopener\"><strong><span style=\"color: #0000ff;\">16-06-2023-Viaje avi\u00f3n y visita Cagliari<\/span><\/strong><\/a><\/p>\n<p class=\"entry-title\"><strong><span style=\"color: #0000ff;\"><a style=\"color: #0000ff;\" title=\"Enlace permanente a 17-06-2023-Nora, playa, visita mina Carbonia\" href=\"https:\/\/www.carlosyconchita.net\/rutas\/17-06-2023-nora-playa-visita-mina-carbonia\/\" target=\"_blank\" rel=\"bookmark noopener\">17-06-2023-Nora, playa, visita mina Carbonia<\/a><\/span><\/strong><\/p>\n<p class=\"entry-title\"><strong><span style=\"color: #0000ff;\"><a style=\"color: #0000ff;\" title=\"Enlace permanente a 18-06-2023-Porto Flavia\" href=\"https:\/\/www.carlosyconchita.net\/rutas\/18-06-2023-porto-flavia\/\" target=\"_blank\" rel=\"bookmark noopener\">18-06-2023-Porto Flavia<\/a><\/span><\/strong><\/p>\n<p class=\"entry-title\"><a title=\"Enlace permanente a 19-06-2023-Yacimiento Nurago de Barumini\" href=\"https:\/\/www.carlosyconchita.net\/rutas\/19-06-2023-yacimiento-nurago-de-barumini\/\" target=\"_blank\" rel=\"bookmark noopener\"><strong><span style=\"color: #0000ff;\">19-06-2023-Yacimiento Nurago de Barumini<\/span><\/strong><\/a><\/p>\n<p class=\"entry-title\"><strong><span style=\"color: #0000ff;\"><a style=\"color: #0000ff;\" title=\"Enlace permanente a 19-06-2023-Pozo sagrado Santa Cristina\" href=\"https:\/\/www.carlosyconchita.net\/rutas\/19-06-2023-pozo-sagrado-santa-cristina\/\" target=\"_blank\" rel=\"bookmark noopener\">19-06-2023-Pozo sagrado Santa Cristina<\/a><\/span><\/strong><\/p>\n<p class=\"entry-title\"><a href=\"https:\/\/www.carlosyconchita.net\/rutas\/19-06-2023-tharros-zona-arqueologica\/\" target=\"_blank\" rel=\"noopener\"><strong><span style=\"color: #0000ff;\">19-06-2023-Tharros -zona arqueol\u00f3gica<\/span><\/strong><\/a><\/p>\n<p class=\"entry-title\"><a href=\"https:\/\/www.carlosyconchita.net\/rutas\/19-06-2023-visita-alghero\/\" target=\"_blank\" rel=\"noopener\"><strong><span style=\"color: #0000ff;\">19-06-2023-Visita Alghero<\/span><\/strong><\/a><\/p>\n<p class=\"entry-title\"><a href=\"https:\/\/www.carlosyconchita.net\/rutas\/20-06-2023-cueva-de-neptuno\/\" target=\"_blank\" rel=\"noopener\"><strong><span style=\"color: #0000ff;\">20-06-2023-Cueva de Neptuno<\/span><\/strong><\/a><\/p>\n<p class=\"entry-title\"><a href=\"https:\/\/www.carlosyconchita.net\/rutas\/20-06-2023-mirador-al-faro-cabo-caccia\/\" target=\"_blank\" rel=\"noopener\"><strong><span style=\"color: #0000ff;\">20-06-2023-Mirador al Faro Cabo Caccia<\/span><\/strong><\/a><\/p>\n<header class=\"entry-header\">\n<p class=\"entry-title\"><a href=\"https:\/\/www.carlosyconchita.net\/rutas\/20-06-2023-cueva-de-las-vasijas-rotas-grotta-dei-vasi-rotti\/\" target=\"_blank\" rel=\"noopener\"><strong><span style=\"color: #0000ff;\">20-06-2023-Cueva de las Vasijas Rotas (Grotta dei Vasi Rotti)<\/span><\/strong><\/a><\/p>\n<header class=\"entry-header\">\n<p class=\"entry-title\"><a href=\"https:\/\/www.carlosyconchita.net\/rutas\/20-06-2023-torre-del-bolo-playa-maria-pia-y-cena-alghero\/\" target=\"_blank\" rel=\"noopener\"><strong><span style=\"color: #0000ff;\">20-06-2023-Torre del Bolo, playa Mar\u00eda P\u00eda y cena Alghero<\/span><\/strong><\/a><\/p>\n<p><a href=\"https:\/\/www.carlosyconchita.net\/rutas\/21-06-2023-basilica-sacargia-y-visita-olbia\/\" target=\"_blank\" rel=\"noopener\"><strong><span style=\"color: #0000ff;\">21-06-2023-Bas\u00edlica Saccargia y visita Olbia<\/span><\/strong><\/a><\/p>\n<p><a href=\"https:\/\/www.carlosyconchita.net\/rutas\/21-06-2023-capo-testa\/\" target=\"_blank\" rel=\"noopener\"><strong><span style=\"color: #0000ff;\">21-06-2023-Capo Testa<\/span><\/strong><\/a><\/p>\n<p><a href=\"https:\/\/www.carlosyconchita.net\/rutas\/22-06-2023-volvemos-a-casa-se-acabo-lo-bueno\/\" target=\"_blank\" rel=\"noopener\"><strong><span style=\"color: #0000ff;\">22-06-2023-Volvemos a casa : se acab\u00f3 lo bueno !<\/span><\/strong><\/a><\/p>\n<\/header>\n<\/header>\n<p class=\"entry-title\">\u00a0<\/p>\n<p>&nbsp;<\/p>\n<p>&nbsp;<\/p>\n<p>&nbsp;<\/p>\n<hr \/>\n<p>&nbsp;<\/p>\n","protected":false},"excerpt":{"rendered":"<p>16-06-2023-Viaje avi\u00f3n y visita Cagliari 17-06-2023-Nora, playa, visita mina Carbonia 18-06-2023-Porto Flavia 19-06-2023-Yacimiento Nurago de Barumini 19-06-2023-Pozo sagrado Santa Cristina 19-06-2023-Tharros -zona arqueol\u00f3gica 19-06-2023-Visita Alghero 20-06-2023-Cueva de Neptuno 20-06-2023-Mirador al Faro Cabo Caccia 20-06-2023-Cueva de las Vasijas Rotas (Grotta dei Vasi Rotti) 20-06-2023-Torre del Bolo, playa Mar\u00eda P\u00eda y cena Alghero 21-06-2023-Bas\u00edlica Saccargia y visita [&hellip;]<\/p>\n","protected":false},"author":50,"featured_media":18541,"comment_status":"closed","ping_status":"open","sticky":false,"template":"","format":"standard","meta":{"footnotes":""},"categories":[126,125],"tags":[],"class_list":{"0":"post-19222","1":"post","2":"type-post","3":"status-publish","4":"format-standard","5":"has-post-thumbnail","6":"hentry","7":"category-cerdena","8":"category-italia","10":"post-with-thumbnail","11":"post-with-thumbnail-icon"},"yoast_head":"<!-- This site is optimized with the Yoast SEO plugin v27.4 - https:\/\/yoast.com\/product\/yoast-seo-wordpress\/ -->\n<title>Cerde\u00f1a : p\u00e1ginal principal -<\/title>\n<meta name=\"robots\" content=\"index, follow, max-snippet:-1, max-image-preview:large, max-video-preview:-1\" \/>\n<link rel=\"canonical\" href=\"https:\/\/www.carlosyconchita.net\/rutas\/cerdena-paginal-principal\/\" \/>\n<meta property=\"og:locale\" content=\"es_ES\" \/>\n<meta property=\"og:type\" content=\"article\" \/>\n<meta property=\"og:title\" content=\"Cerde\u00f1a : p\u00e1ginal principal -\" \/>\n<meta property=\"og:description\" content=\"16-06-2023-Viaje avi\u00f3n y visita Cagliari 17-06-2023-Nora, playa, visita mina Carbonia 18-06-2023-Porto Flavia 19-06-2023-Yacimiento Nurago de Barumini 19-06-2023-Pozo sagrado Santa Cristina 19-06-2023-Tharros -zona arqueol\u00f3gica 19-06-2023-Visita Alghero 20-06-2023-Cueva de Neptuno 20-06-2023-Mirador al Faro Cabo Caccia 20-06-2023-Cueva de las Vasijas Rotas (Grotta dei Vasi Rotti) 20-06-2023-Torre del Bolo, playa Mar\u00eda P\u00eda y cena Alghero 21-06-2023-Bas\u00edlica Saccargia y visita [&hellip;]\" \/>\n<meta property=\"og:url\" content=\"https:\/\/www.carlosyconchita.net\/rutas\/cerdena-paginal-principal\/\" \/>\n<meta property=\"og:site_name\" content=\"Las rutas de Carlos y Conchita\" \/>\n<meta property=\"article:published_time\" content=\"2023-06-22T18:01:42+00:00\" \/>\n<meta property=\"article:modified_time\" content=\"2024-01-11T18:11:50+00:00\" \/>\n<meta property=\"og:image\" content=\"https:\/\/www.carlosyconchita.net\/rutas\/wp-content\/uploads\/2023\/08\/Cerdena-17-00063.jpg\" \/>\n\t<meta property=\"og:image:width\" content=\"1024\" \/>\n\t<meta property=\"og:image:height\" content=\"577\" \/>\n\t<meta property=\"og:image:type\" content=\"image\/jpeg\" \/>\n<meta name=\"author\" content=\"Carlos Conchita\" \/>\n<meta name=\"twitter:label1\" content=\"Escrito por\" \/>\n\t<meta name=\"twitter:data1\" content=\"Carlos Conchita\" \/>\n\t<meta name=\"twitter:label2\" content=\"Tiempo de lectura\" \/>\n\t<meta name=\"twitter:data2\" content=\"1 minuto\" \/>\n<script type=\"application\/ld+json\" class=\"yoast-schema-graph\">{\"@context\":\"https:\\\/\\\/schema.org\",\"@graph\":[{\"@type\":\"Article\",\"@id\":\"https:\\\/\\\/www.carlosyconchita.net\\\/rutas\\\/cerdena-paginal-principal\\\/#article\",\"isPartOf\":{\"@id\":\"https:\\\/\\\/www.carlosyconchita.net\\\/rutas\\\/cerdena-paginal-principal\\\/\"},\"author\":{\"name\":\"Carlos Conchita\",\"@id\":\"https:\\\/\\\/www.carlosyconchita.net\\\/rutas\\\/#\\\/schema\\\/person\\\/a9691f7258c28443fab2d3aa1479ea19\"},\"headline\":\"Cerde\u00f1a : p\u00e1ginal principal\",\"datePublished\":\"2023-06-22T18:01:42+00:00\",\"dateModified\":\"2024-01-11T18:11:50+00:00\",\"mainEntityOfPage\":{\"@id\":\"https:\\\/\\\/www.carlosyconchita.net\\\/rutas\\\/cerdena-paginal-principal\\\/\"},\"wordCount\":107,\"image\":{\"@id\":\"https:\\\/\\\/www.carlosyconchita.net\\\/rutas\\\/cerdena-paginal-principal\\\/#primaryimage\"},\"thumbnailUrl\":\"https:\\\/\\\/www.carlosyconchita.net\\\/rutas\\\/wp-content\\\/uploads\\\/2023\\\/08\\\/Cerdena-17-00063.jpg\",\"articleSection\":[\"Cerde\u00f1a\",\"Italia\"],\"inLanguage\":\"es\"},{\"@type\":\"WebPage\",\"@id\":\"https:\\\/\\\/www.carlosyconchita.net\\\/rutas\\\/cerdena-paginal-principal\\\/\",\"url\":\"https:\\\/\\\/www.carlosyconchita.net\\\/rutas\\\/cerdena-paginal-principal\\\/\",\"name\":\"Cerde\u00f1a : p\u00e1ginal principal -\",\"isPartOf\":{\"@id\":\"https:\\\/\\\/www.carlosyconchita.net\\\/rutas\\\/#website\"},\"primaryImageOfPage\":{\"@id\":\"https:\\\/\\\/www.carlosyconchita.net\\\/rutas\\\/cerdena-paginal-principal\\\/#primaryimage\"},\"image\":{\"@id\":\"https:\\\/\\\/www.carlosyconchita.net\\\/rutas\\\/cerdena-paginal-principal\\\/#primaryimage\"},\"thumbnailUrl\":\"https:\\\/\\\/www.carlosyconchita.net\\\/rutas\\\/wp-content\\\/uploads\\\/2023\\\/08\\\/Cerdena-17-00063.jpg\",\"datePublished\":\"2023-06-22T18:01:42+00:00\",\"dateModified\":\"2024-01-11T18:11:50+00:00\",\"author\":{\"@id\":\"https:\\\/\\\/www.carlosyconchita.net\\\/rutas\\\/#\\\/schema\\\/person\\\/a9691f7258c28443fab2d3aa1479ea19\"},\"breadcrumb\":{\"@id\":\"https:\\\/\\\/www.carlosyconchita.net\\\/rutas\\\/cerdena-paginal-principal\\\/#breadcrumb\"},\"inLanguage\":\"es\",\"potentialAction\":[{\"@type\":\"ReadAction\",\"target\":[\"https:\\\/\\\/www.carlosyconchita.net\\\/rutas\\\/cerdena-paginal-principal\\\/\"]}]},{\"@type\":\"ImageObject\",\"inLanguage\":\"es\",\"@id\":\"https:\\\/\\\/www.carlosyconchita.net\\\/rutas\\\/cerdena-paginal-principal\\\/#primaryimage\",\"url\":\"https:\\\/\\\/www.carlosyconchita.net\\\/rutas\\\/wp-content\\\/uploads\\\/2023\\\/08\\\/Cerdena-17-00063.jpg\",\"contentUrl\":\"https:\\\/\\\/www.carlosyconchita.net\\\/rutas\\\/wp-content\\\/uploads\\\/2023\\\/08\\\/Cerdena-17-00063.jpg\",\"width\":1024,\"height\":577},{\"@type\":\"BreadcrumbList\",\"@id\":\"https:\\\/\\\/www.carlosyconchita.net\\\/rutas\\\/cerdena-paginal-principal\\\/#breadcrumb\",\"itemListElement\":[{\"@type\":\"ListItem\",\"position\":1,\"name\":\"Portada\",\"item\":\"https:\\\/\\\/www.carlosyconchita.net\\\/rutas\\\/\"},{\"@type\":\"ListItem\",\"position\":2,\"name\":\"Cerde\u00f1a : p\u00e1ginal principal\"}]},{\"@type\":\"WebSite\",\"@id\":\"https:\\\/\\\/www.carlosyconchita.net\\\/rutas\\\/#website\",\"url\":\"https:\\\/\\\/www.carlosyconchita.net\\\/rutas\\\/\",\"name\":\"Las rutas de Carlos y Conchita\",\"description\":\"\",\"potentialAction\":[{\"@type\":\"SearchAction\",\"target\":{\"@type\":\"EntryPoint\",\"urlTemplate\":\"https:\\\/\\\/www.carlosyconchita.net\\\/rutas\\\/?s={search_term_string}\"},\"query-input\":{\"@type\":\"PropertyValueSpecification\",\"valueRequired\":true,\"valueName\":\"search_term_string\"}}],\"inLanguage\":\"es\"},{\"@type\":\"Person\",\"@id\":\"https:\\\/\\\/www.carlosyconchita.net\\\/rutas\\\/#\\\/schema\\\/person\\\/a9691f7258c28443fab2d3aa1479ea19\",\"name\":\"Carlos Conchita\",\"image\":{\"@type\":\"ImageObject\",\"inLanguage\":\"es\",\"@id\":\"https:\\\/\\\/secure.gravatar.com\\\/avatar\\\/3a4625b20c8da3de99da69bfe7a322774e291c3f90dce7e8778a30fe6748ed1a?s=96&d=mm&r=g\",\"url\":\"https:\\\/\\\/secure.gravatar.com\\\/avatar\\\/3a4625b20c8da3de99da69bfe7a322774e291c3f90dce7e8778a30fe6748ed1a?s=96&d=mm&r=g\",\"contentUrl\":\"https:\\\/\\\/secure.gravatar.com\\\/avatar\\\/3a4625b20c8da3de99da69bfe7a322774e291c3f90dce7e8778a30fe6748ed1a?s=96&d=mm&r=g\",\"caption\":\"Carlos Conchita\"}}]}<\/script>\n<!-- \/ Yoast SEO plugin. -->","yoast_head_json":{"title":"Cerde\u00f1a : p\u00e1ginal principal -","robots":{"index":"index","follow":"follow","max-snippet":"max-snippet:-1","max-image-preview":"max-image-preview:large","max-video-preview":"max-video-preview:-1"},"canonical":"https:\/\/www.carlosyconchita.net\/rutas\/cerdena-paginal-principal\/","og_locale":"es_ES","og_type":"article","og_title":"Cerde\u00f1a : p\u00e1ginal principal -","og_description":"16-06-2023-Viaje avi\u00f3n y visita Cagliari 17-06-2023-Nora, playa, visita mina Carbonia 18-06-2023-Porto Flavia 19-06-2023-Yacimiento Nurago de Barumini 19-06-2023-Pozo sagrado Santa Cristina 19-06-2023-Tharros -zona arqueol\u00f3gica 19-06-2023-Visita Alghero 20-06-2023-Cueva de Neptuno 20-06-2023-Mirador al Faro Cabo Caccia 20-06-2023-Cueva de las Vasijas Rotas (Grotta dei Vasi Rotti) 20-06-2023-Torre del Bolo, playa Mar\u00eda P\u00eda y cena Alghero 21-06-2023-Bas\u00edlica Saccargia y visita [&hellip;]","og_url":"https:\/\/www.carlosyconchita.net\/rutas\/cerdena-paginal-principal\/","og_site_name":"Las rutas de Carlos y Conchita","article_published_time":"2023-06-22T18:01:42+00:00","article_modified_time":"2024-01-11T18:11:50+00:00","og_image":[{"width":1024,"height":577,"url":"https:\/\/www.carlosyconchita.net\/rutas\/wp-content\/uploads\/2023\/08\/Cerdena-17-00063.jpg","type":"image\/jpeg"}],"author":"Carlos Conchita","twitter_misc":{"Escrito por":"Carlos Conchita","Tiempo de lectura":"1 minuto"},"schema":{"@context":"https:\/\/schema.org","@graph":[{"@type":"Article","@id":"https:\/\/www.carlosyconchita.net\/rutas\/cerdena-paginal-principal\/#article","isPartOf":{"@id":"https:\/\/www.carlosyconchita.net\/rutas\/cerdena-paginal-principal\/"},"author":{"name":"Carlos Conchita","@id":"https:\/\/www.carlosyconchita.net\/rutas\/#\/schema\/person\/a9691f7258c28443fab2d3aa1479ea19"},"headline":"Cerde\u00f1a : p\u00e1ginal principal","datePublished":"2023-06-22T18:01:42+00:00","dateModified":"2024-01-11T18:11:50+00:00","mainEntityOfPage":{"@id":"https:\/\/www.carlosyconchita.net\/rutas\/cerdena-paginal-principal\/"},"wordCount":107,"image":{"@id":"https:\/\/www.carlosyconchita.net\/rutas\/cerdena-paginal-principal\/#primaryimage"},"thumbnailUrl":"https:\/\/www.carlosyconchita.net\/rutas\/wp-content\/uploads\/2023\/08\/Cerdena-17-00063.jpg","articleSection":["Cerde\u00f1a","Italia"],"inLanguage":"es"},{"@type":"WebPage","@id":"https:\/\/www.carlosyconchita.net\/rutas\/cerdena-paginal-principal\/","url":"https:\/\/www.carlosyconchita.net\/rutas\/cerdena-paginal-principal\/","name":"Cerde\u00f1a : p\u00e1ginal principal -","isPartOf":{"@id":"https:\/\/www.carlosyconchita.net\/rutas\/#website"},"primaryImageOfPage":{"@id":"https:\/\/www.carlosyconchita.net\/rutas\/cerdena-paginal-principal\/#primaryimage"},"image":{"@id":"https:\/\/www.carlosyconchita.net\/rutas\/cerdena-paginal-principal\/#primaryimage"},"thumbnailUrl":"https:\/\/www.carlosyconchita.net\/rutas\/wp-content\/uploads\/2023\/08\/Cerdena-17-00063.jpg","datePublished":"2023-06-22T18:01:42+00:00","dateModified":"2024-01-11T18:11:50+00:00","author":{"@id":"https:\/\/www.carlosyconchita.net\/rutas\/#\/schema\/person\/a9691f7258c28443fab2d3aa1479ea19"},"breadcrumb":{"@id":"https:\/\/www.carlosyconchita.net\/rutas\/cerdena-paginal-principal\/#breadcrumb"},"inLanguage":"es","potentialAction":[{"@type":"ReadAction","target":["https:\/\/www.carlosyconchita.net\/rutas\/cerdena-paginal-principal\/"]}]},{"@type":"ImageObject","inLanguage":"es","@id":"https:\/\/www.carlosyconchita.net\/rutas\/cerdena-paginal-principal\/#primaryimage","url":"https:\/\/www.carlosyconchita.net\/rutas\/wp-content\/uploads\/2023\/08\/Cerdena-17-00063.jpg","contentUrl":"https:\/\/www.carlosyconchita.net\/rutas\/wp-content\/uploads\/2023\/08\/Cerdena-17-00063.jpg","width":1024,"height":577},{"@type":"BreadcrumbList","@id":"https:\/\/www.carlosyconchita.net\/rutas\/cerdena-paginal-principal\/#breadcrumb","itemListElement":[{"@type":"ListItem","position":1,"name":"Portada","item":"https:\/\/www.carlosyconchita.net\/rutas\/"},{"@type":"ListItem","position":2,"name":"Cerde\u00f1a : p\u00e1ginal principal"}]},{"@type":"WebSite","@id":"https:\/\/www.carlosyconchita.net\/rutas\/#website","url":"https:\/\/www.carlosyconchita.net\/rutas\/","name":"Las rutas de Carlos y Conchita","description":"","potentialAction":[{"@type":"SearchAction","target":{"@type":"EntryPoint","urlTemplate":"https:\/\/www.carlosyconchita.net\/rutas\/?s={search_term_string}"},"query-input":{"@type":"PropertyValueSpecification","valueRequired":true,"valueName":"search_term_string"}}],"inLanguage":"es"},{"@type":"Person","@id":"https:\/\/www.carlosyconchita.net\/rutas\/#\/schema\/person\/a9691f7258c28443fab2d3aa1479ea19","name":"Carlos Conchita","image":{"@type":"ImageObject","inLanguage":"es","@id":"https:\/\/secure.gravatar.com\/avatar\/3a4625b20c8da3de99da69bfe7a322774e291c3f90dce7e8778a30fe6748ed1a?s=96&d=mm&r=g","url":"https:\/\/secure.gravatar.com\/avatar\/3a4625b20c8da3de99da69bfe7a322774e291c3f90dce7e8778a30fe6748ed1a?s=96&d=mm&r=g","contentUrl":"https:\/\/secure.gravatar.com\/avatar\/3a4625b20c8da3de99da69bfe7a322774e291c3f90dce7e8778a30fe6748ed1a?s=96&d=mm&r=g","caption":"Carlos Conchita"}}]}},"_links":{"self":[{"href":"https:\/\/www.carlosyconchita.net\/rutas\/wp-json\/wp\/v2\/posts\/19222","targetHints":{"allow":["GET"]}}],"collection":[{"href":"https:\/\/www.carlosyconchita.net\/rutas\/wp-json\/wp\/v2\/posts"}],"about":[{"href":"https:\/\/www.carlosyconchita.net\/rutas\/wp-json\/wp\/v2\/types\/post"}],"author":[{"embeddable":true,"href":"https:\/\/www.carlosyconchita.net\/rutas\/wp-json\/wp\/v2\/users\/50"}],"replies":[{"embeddable":true,"href":"https:\/\/www.carlosyconchita.net\/rutas\/wp-json\/wp\/v2\/comments?post=19222"}],"version-history":[{"count":0,"href":"https:\/\/www.carlosyconchita.net\/rutas\/wp-json\/wp\/v2\/posts\/19222\/revisions"}],"wp:featuredmedia":[{"embeddable":true,"href":"https:\/\/www.carlosyconchita.net\/rutas\/wp-json\/wp\/v2\/media\/18541"}],"wp:attachment":[{"href":"https:\/\/www.carlosyconchita.net\/rutas\/wp-json\/wp\/v2\/media?parent=19222"}],"wp:term":[{"taxonomy":"category","embeddable":true,"href":"https:\/\/www.carlosyconchita.net\/rutas\/wp-json\/wp\/v2\/categories?post=19222"},{"taxonomy":"post_tag","embeddable":true,"href":"https:\/\/www.carlosyconchita.net\/rutas\/wp-json\/wp\/v2\/tags?post=19222"}],"curies":[{"name":"wp","href":"https:\/\/api.w.org\/{rel}","templated":true}]}}