{"id":19326,"date":"2023-06-20T18:23:20","date_gmt":"2023-06-20T17:23:20","guid":{"rendered":"https:\/\/www.carlosyconchita.net\/rutas\/?p=19326"},"modified":"2024-01-10T21:28:54","modified_gmt":"2024-01-10T20:28:54","slug":"20-06-2023-torre-del-bolo-playa-maria-pia-y-cena-alghero","status":"publish","type":"post","link":"https:\/\/www.carlosyconchita.net\/rutas\/20-06-2023-torre-del-bolo-playa-maria-pia-y-cena-alghero\/","title":{"rendered":"20-06-2023-Torre del Bolo, playa Mar\u00eda P\u00eda y cena Alghero"},"content":{"rendered":"<p style=\"text-align: justify;\">Despu\u00e9s de la subida a la Cueva de las Vasijas Rotas, movemos el coche una corta distancia para llegar a la zona de la Cala Dragunara, para hacer una corta caminata hasta una de las varias torres de vigilancia existentes en la zona, en este caso la Torre del Bolo.<\/p>\n<p style=\"text-align: justify;\">El recorrido es muy corto, alrededor de 1.5 km. y en teor\u00eda muy f\u00e1cil, pero el fuerte calor a estas horas del mediod\u00eda, sumado a que ya en la caminata anterior a la Cueva de las Vasijas Rotas hab\u00edamos sudado de lo lindo, ha hecho que nos haya resultado algo pesada.<\/p>\n<p style=\"text-align: justify;\">Como se puede ver en las fotos, el term\u00f3metro del coche marcaba 38\u00ba C.<\/p>\n<p style=\"text-align: justify;\">La Cala Dragunara es una peque\u00f1a y muy bonita cala, y al igual que en la caminata anterior, podemos ver las bonitas vistas de la Bah\u00eda de Porto Conte.<\/p>\n<p style=\"text-align: justify;\">A la vuelta, en la citada Cala Dragunara, hemos comido unas refrescantes ensaladas y una cervecita para reponernos del fuerte calor.<\/p>\n<p style=\"text-align: justify;\">Y despu\u00e9s de descansar un poco en el hotel en Alghero, hemos ido caminando a la Playa de Mar\u00eda P\u00eda, muy cerca, para darnos un ba\u00f1o cuando el calor ya no apretaba tanto.<\/p>\n<p style=\"text-align: justify;\">Y por la noche en Alghero, un paseo por la zona antigua, la cena y un helado italiano&#8230;<\/p>\n<hr \/>\n<p><img loading=\"lazy\" decoding=\"async\" class=\"size-medium aligncenter\" src=\"https:\/\/lh3.googleusercontent.com\/pw\/ABLVV86k-SzUDPlDqbSJo-He-t7JqXN3hPPhdUNswSMfHhbpYigTwi-Gk7QzyCweYBPxGjQ7Aszqpse575xmpL7J9EQKZZFi87BAfI_F2inLCqzD_Y0f9F44Y7Llyf3LBvOIe3JYpidnyqdJoqghxsD6eviFsQ=w1024-h577-s-no-gm?authuser=0\" width=\"1024\" height=\"577\" \/><\/p>\n<p><img loading=\"lazy\" decoding=\"async\" class=\"alignnone size-medium\" src=\"https:\/\/lh3.googleusercontent.com\/pw\/ABLVV87zMNYDswwLBXoq3JX1qBm4vlTjR3M3V9YbOS5M-YcxVXFYln3KfwfKwC1lO2IsXSyMJTGD3ipiUShTYHojAkRkPE0736f0OXL3vjZVIsuxfdD3NC4pDkfBQg3i8xwaB5oL6h0ORk1-LupNM6QrCVnZjQ=w860-h647-s-no-gm?authuser=0\" width=\"860\" height=\"647\" \/><\/p>\n<p>&nbsp;<\/p>\n<hr \/>\n<p>&nbsp;<\/p>\n<p><strong>Album de fotos<\/strong><\/p>\n<p>&nbsp;<\/p>\n<p><a href=\"https:\/\/photos.app.goo.gl\/JtyYzJYCg1p4V5vC6\" target=\"_blank\" rel=\"noopener\"><img loading=\"lazy\" decoding=\"async\" class=\"size-medium wp-image-19327 aligncenter\" src=\"https:\/\/www.carlosyconchita.net\/rutas\/wp-content\/uploads\/2024\/01\/Cerdena-20-00119-300x169.jpg\" alt=\"\" width=\"300\" height=\"169\" srcset=\"https:\/\/www.carlosyconchita.net\/rutas\/wp-content\/uploads\/2024\/01\/Cerdena-20-00119-300x169.jpg 300w, https:\/\/www.carlosyconchita.net\/rutas\/wp-content\/uploads\/2024\/01\/Cerdena-20-00119-600x338.jpg 600w, https:\/\/www.carlosyconchita.net\/rutas\/wp-content\/uploads\/2024\/01\/Cerdena-20-00119-768x433.jpg 768w, https:\/\/www.carlosyconchita.net\/rutas\/wp-content\/uploads\/2024\/01\/Cerdena-20-00119.jpg 1024w\" sizes=\"auto, (max-width: 300px) 100vw, 300px\" \/><\/a><\/p>\n<p>&nbsp;<\/p>\n<p>&nbsp;<\/p>\n<hr \/>\n<h4><strong>Mapa y track de la ruta<\/strong><\/h4>\n<p><a href=\"https:\/\/www.carlosyconchita.net\/rutas\/wp-content\/uploads\/gpx\/TorreBolo.html\" target=\"_blank\" rel=\"noopener\"><img loading=\"lazy\" decoding=\"async\" class=\"aligncenter wp-image-16466\" src=\"https:\/\/www.carlosyconchita.net\/rutas\/wp-content\/uploads\/2021\/09\/mapa2.jpg\" alt=\"\" width=\"0185\" height=\"185\" srcset=\"https:\/\/www.carlosyconchita.net\/rutas\/wp-content\/uploads\/2021\/09\/mapa2.jpg 225w, https:\/\/www.carlosyconchita.net\/rutas\/wp-content\/uploads\/2021\/09\/mapa2-120x120.jpg 120w\" sizes=\"auto, (max-width: 185px) 100vw, 185px\" \/><\/a><\/p>\n<hr \/>\n<p><strong>Wikiloc\u00a0\u00a0\u00a0 <\/strong><strong><br \/>\n<\/strong><\/p>\n<p><a href=\"https:\/\/es.wikiloc.com\/rutas-senderismo\/pla-de-la-calme-y-refugio-de-la-calme-89521427\" target=\"_blank\" rel=\"noopener\"><img loading=\"lazy\" decoding=\"async\" class=\"aligncenter size-full wp-image-958\" src=\"https:\/\/www.carlosyconchita.net\/rutas\/wp-content\/uploads\/2020\/09\/wikiloc.jpg\" alt=\"\" width=\"117\" height=\"34\" \/><\/a><\/p>\n<p>&nbsp;<\/p>\n<hr \/>\n<p style=\"text-align: justify;\"><span style=\"color: #ff0000; background-color: #ffffff; font-size: 14pt;\"><strong>Si te ha gustado o tienes alguna consulta,\u00a0 env\u00edanos tu comentario.<br \/>\n<\/strong><\/span><\/p>\n<p style=\"text-align: justify;\"><span style=\"font-size: 14pt;\"><strong><span style=\"color: #ff0000;\">Muchas gracias !<\/span><\/strong><\/span><\/p>\n<hr \/>\n<p style=\"text-align: justify;\"><strong><span style=\"color: #008000;\">Suscribete si quieres recibir un mail cuando publiquemos nuevas rutas : no enviamos publicidad y como m\u00e1ximo enviamos 2 mails al mes<\/span><\/strong><\/p>\n<p style=\"text-align: center;\"><a href=\"https:\/\/mailchi.mp\/6989c83a3e24\/wmv06rtqcz\/\" target=\"_blank\" rel=\"noopener noreferrer\"><strong><span style=\"color: #0000ff;\">Pulsa aqu\u00ed para suscribirte<\/span><\/strong><\/a><\/p>\n<hr \/>\n<p style=\"text-align: justify;\">\u00a0<\/p>\n<h3 style=\"text-align: justify;\">Puedes imprimir esta publicaci\u00f3n o guardarla en diferentes formatos :<\/h3>\n<p style=\"text-align: justify;\"><span style=\"color: #ff0000; font-size: 14pt;\">Para facilitar la impresi\u00f3n, hemos reducido considerablemente el tama\u00f1o de las fotos, pero si deseas imprimir sin fotos, aconsejamos guardarlo como \u201cdoc\u201d, y antes de imprimirlo, eliminar las fotos<\/span><\/p>\n<p>&nbsp;<\/p>\n<hr \/>\n","protected":false},"excerpt":{"rendered":"<p>Despu\u00e9s de la subida a la Cueva de las Vasijas Rotas, movemos el coche una corta distancia para llegar a la zona de la Cala Dragunara, para hacer una corta caminata hasta una de las varias torres de vigilancia existentes en la zona, en este caso la Torre del Bolo. El recorrido es muy corto, [&hellip;]<\/p>\n","protected":false},"author":50,"featured_media":19327,"comment_status":"closed","ping_status":"open","sticky":false,"template":"","format":"standard","meta":{"footnotes":""},"categories":[14,21,126],"tags":[],"class_list":{"0":"post-19326","1":"post","2":"type-post","3":"status-publish","4":"format-standard","5":"has-post-thumbnail","6":"hentry","7":"category-muy-facil","8":"category-hasta-5-km","9":"category-cerdena","11":"post-with-thumbnail","12":"post-with-thumbnail-icon"},"yoast_head":"<!-- This site is optimized with the Yoast SEO plugin v27.5 - https:\/\/yoast.com\/product\/yoast-seo-wordpress\/ -->\n<title>20-06-2023-Torre del Bolo, playa Mar\u00eda P\u00eda y cena Alghero -<\/title>\n<meta name=\"robots\" content=\"index, follow, max-snippet:-1, max-image-preview:large, max-video-preview:-1\" \/>\n<link rel=\"canonical\" href=\"https:\/\/www.carlosyconchita.net\/rutas\/20-06-2023-torre-del-bolo-playa-maria-pia-y-cena-alghero\/\" \/>\n<meta property=\"og:locale\" content=\"es_ES\" \/>\n<meta property=\"og:type\" content=\"article\" \/>\n<meta property=\"og:title\" content=\"20-06-2023-Torre del Bolo, playa Mar\u00eda P\u00eda y cena Alghero -\" \/>\n<meta property=\"og:description\" content=\"Despu\u00e9s de la subida a la Cueva de las Vasijas Rotas, movemos el coche una corta distancia para llegar a la zona de la Cala Dragunara, para hacer una corta caminata hasta una de las varias torres de vigilancia existentes en la zona, en este caso la Torre del Bolo. El recorrido es muy corto, [&hellip;]\" \/>\n<meta property=\"og:url\" content=\"https:\/\/www.carlosyconchita.net\/rutas\/20-06-2023-torre-del-bolo-playa-maria-pia-y-cena-alghero\/\" \/>\n<meta property=\"og:site_name\" content=\"Las rutas de Carlos y Conchita\" \/>\n<meta property=\"article:published_time\" content=\"2023-06-20T17:23:20+00:00\" \/>\n<meta property=\"article:modified_time\" content=\"2024-01-10T20:28:54+00:00\" \/>\n<meta property=\"og:image\" content=\"https:\/\/www.carlosyconchita.net\/rutas\/wp-content\/uploads\/2024\/01\/Cerdena-20-00119.jpg\" \/>\n\t<meta property=\"og:image:width\" content=\"1024\" \/>\n\t<meta property=\"og:image:height\" content=\"577\" \/>\n\t<meta property=\"og:image:type\" content=\"image\/jpeg\" \/>\n<meta name=\"author\" content=\"Carlos Conchita\" \/>\n<meta name=\"twitter:label1\" content=\"Escrito por\" \/>\n\t<meta name=\"twitter:data1\" content=\"Carlos Conchita\" \/>\n\t<meta name=\"twitter:label2\" content=\"Tiempo de lectura\" \/>\n\t<meta name=\"twitter:data2\" content=\"3 minutos\" \/>\n<script type=\"application\/ld+json\" class=\"yoast-schema-graph\">{\"@context\":\"https:\\\/\\\/schema.org\",\"@graph\":[{\"@type\":\"Article\",\"@id\":\"https:\\\/\\\/www.carlosyconchita.net\\\/rutas\\\/20-06-2023-torre-del-bolo-playa-maria-pia-y-cena-alghero\\\/#article\",\"isPartOf\":{\"@id\":\"https:\\\/\\\/www.carlosyconchita.net\\\/rutas\\\/20-06-2023-torre-del-bolo-playa-maria-pia-y-cena-alghero\\\/\"},\"author\":{\"name\":\"Carlos Conchita\",\"@id\":\"https:\\\/\\\/www.carlosyconchita.net\\\/rutas\\\/#\\\/schema\\\/person\\\/a9691f7258c28443fab2d3aa1479ea19\"},\"headline\":\"20-06-2023-Torre del Bolo, playa Mar\u00eda P\u00eda y cena Alghero\",\"datePublished\":\"2023-06-20T17:23:20+00:00\",\"dateModified\":\"2024-01-10T20:28:54+00:00\",\"mainEntityOfPage\":{\"@id\":\"https:\\\/\\\/www.carlosyconchita.net\\\/rutas\\\/20-06-2023-torre-del-bolo-playa-maria-pia-y-cena-alghero\\\/\"},\"wordCount\":336,\"image\":{\"@id\":\"https:\\\/\\\/www.carlosyconchita.net\\\/rutas\\\/20-06-2023-torre-del-bolo-playa-maria-pia-y-cena-alghero\\\/#primaryimage\"},\"thumbnailUrl\":\"https:\\\/\\\/www.carlosyconchita.net\\\/rutas\\\/wp-content\\\/uploads\\\/2024\\\/01\\\/Cerdena-20-00119.jpg\",\"articleSection\":[\"0-Muy f\u00e1cil\",\"1 - Hasta 5 km.\",\"Cerde\u00f1a\"],\"inLanguage\":\"es\"},{\"@type\":\"WebPage\",\"@id\":\"https:\\\/\\\/www.carlosyconchita.net\\\/rutas\\\/20-06-2023-torre-del-bolo-playa-maria-pia-y-cena-alghero\\\/\",\"url\":\"https:\\\/\\\/www.carlosyconchita.net\\\/rutas\\\/20-06-2023-torre-del-bolo-playa-maria-pia-y-cena-alghero\\\/\",\"name\":\"20-06-2023-Torre del Bolo, playa Mar\u00eda P\u00eda y cena Alghero -\",\"isPartOf\":{\"@id\":\"https:\\\/\\\/www.carlosyconchita.net\\\/rutas\\\/#website\"},\"primaryImageOfPage\":{\"@id\":\"https:\\\/\\\/www.carlosyconchita.net\\\/rutas\\\/20-06-2023-torre-del-bolo-playa-maria-pia-y-cena-alghero\\\/#primaryimage\"},\"image\":{\"@id\":\"https:\\\/\\\/www.carlosyconchita.net\\\/rutas\\\/20-06-2023-torre-del-bolo-playa-maria-pia-y-cena-alghero\\\/#primaryimage\"},\"thumbnailUrl\":\"https:\\\/\\\/www.carlosyconchita.net\\\/rutas\\\/wp-content\\\/uploads\\\/2024\\\/01\\\/Cerdena-20-00119.jpg\",\"datePublished\":\"2023-06-20T17:23:20+00:00\",\"dateModified\":\"2024-01-10T20:28:54+00:00\",\"author\":{\"@id\":\"https:\\\/\\\/www.carlosyconchita.net\\\/rutas\\\/#\\\/schema\\\/person\\\/a9691f7258c28443fab2d3aa1479ea19\"},\"breadcrumb\":{\"@id\":\"https:\\\/\\\/www.carlosyconchita.net\\\/rutas\\\/20-06-2023-torre-del-bolo-playa-maria-pia-y-cena-alghero\\\/#breadcrumb\"},\"inLanguage\":\"es\",\"potentialAction\":[{\"@type\":\"ReadAction\",\"target\":[\"https:\\\/\\\/www.carlosyconchita.net\\\/rutas\\\/20-06-2023-torre-del-bolo-playa-maria-pia-y-cena-alghero\\\/\"]}]},{\"@type\":\"ImageObject\",\"inLanguage\":\"es\",\"@id\":\"https:\\\/\\\/www.carlosyconchita.net\\\/rutas\\\/20-06-2023-torre-del-bolo-playa-maria-pia-y-cena-alghero\\\/#primaryimage\",\"url\":\"https:\\\/\\\/www.carlosyconchita.net\\\/rutas\\\/wp-content\\\/uploads\\\/2024\\\/01\\\/Cerdena-20-00119.jpg\",\"contentUrl\":\"https:\\\/\\\/www.carlosyconchita.net\\\/rutas\\\/wp-content\\\/uploads\\\/2024\\\/01\\\/Cerdena-20-00119.jpg\",\"width\":1024,\"height\":577},{\"@type\":\"BreadcrumbList\",\"@id\":\"https:\\\/\\\/www.carlosyconchita.net\\\/rutas\\\/20-06-2023-torre-del-bolo-playa-maria-pia-y-cena-alghero\\\/#breadcrumb\",\"itemListElement\":[{\"@type\":\"ListItem\",\"position\":1,\"name\":\"Portada\",\"item\":\"https:\\\/\\\/www.carlosyconchita.net\\\/rutas\\\/\"},{\"@type\":\"ListItem\",\"position\":2,\"name\":\"20-06-2023-Torre del Bolo, playa Mar\u00eda P\u00eda y cena Alghero\"}]},{\"@type\":\"WebSite\",\"@id\":\"https:\\\/\\\/www.carlosyconchita.net\\\/rutas\\\/#website\",\"url\":\"https:\\\/\\\/www.carlosyconchita.net\\\/rutas\\\/\",\"name\":\"Las rutas de Carlos y Conchita\",\"description\":\"\",\"potentialAction\":[{\"@type\":\"SearchAction\",\"target\":{\"@type\":\"EntryPoint\",\"urlTemplate\":\"https:\\\/\\\/www.carlosyconchita.net\\\/rutas\\\/?s={search_term_string}\"},\"query-input\":{\"@type\":\"PropertyValueSpecification\",\"valueRequired\":true,\"valueName\":\"search_term_string\"}}],\"inLanguage\":\"es\"},{\"@type\":\"Person\",\"@id\":\"https:\\\/\\\/www.carlosyconchita.net\\\/rutas\\\/#\\\/schema\\\/person\\\/a9691f7258c28443fab2d3aa1479ea19\",\"name\":\"Carlos Conchita\",\"image\":{\"@type\":\"ImageObject\",\"inLanguage\":\"es\",\"@id\":\"https:\\\/\\\/secure.gravatar.com\\\/avatar\\\/3a4625b20c8da3de99da69bfe7a322774e291c3f90dce7e8778a30fe6748ed1a?s=96&d=mm&r=g\",\"url\":\"https:\\\/\\\/secure.gravatar.com\\\/avatar\\\/3a4625b20c8da3de99da69bfe7a322774e291c3f90dce7e8778a30fe6748ed1a?s=96&d=mm&r=g\",\"contentUrl\":\"https:\\\/\\\/secure.gravatar.com\\\/avatar\\\/3a4625b20c8da3de99da69bfe7a322774e291c3f90dce7e8778a30fe6748ed1a?s=96&d=mm&r=g\",\"caption\":\"Carlos Conchita\"}}]}<\/script>\n<!-- \/ Yoast SEO plugin. -->","yoast_head_json":{"title":"20-06-2023-Torre del Bolo, playa Mar\u00eda P\u00eda y cena Alghero -","robots":{"index":"index","follow":"follow","max-snippet":"max-snippet:-1","max-image-preview":"max-image-preview:large","max-video-preview":"max-video-preview:-1"},"canonical":"https:\/\/www.carlosyconchita.net\/rutas\/20-06-2023-torre-del-bolo-playa-maria-pia-y-cena-alghero\/","og_locale":"es_ES","og_type":"article","og_title":"20-06-2023-Torre del Bolo, playa Mar\u00eda P\u00eda y cena Alghero -","og_description":"Despu\u00e9s de la subida a la Cueva de las Vasijas Rotas, movemos el coche una corta distancia para llegar a la zona de la Cala Dragunara, para hacer una corta caminata hasta una de las varias torres de vigilancia existentes en la zona, en este caso la Torre del Bolo. El recorrido es muy corto, [&hellip;]","og_url":"https:\/\/www.carlosyconchita.net\/rutas\/20-06-2023-torre-del-bolo-playa-maria-pia-y-cena-alghero\/","og_site_name":"Las rutas de Carlos y Conchita","article_published_time":"2023-06-20T17:23:20+00:00","article_modified_time":"2024-01-10T20:28:54+00:00","og_image":[{"width":1024,"height":577,"url":"https:\/\/www.carlosyconchita.net\/rutas\/wp-content\/uploads\/2024\/01\/Cerdena-20-00119.jpg","type":"image\/jpeg"}],"author":"Carlos Conchita","twitter_misc":{"Escrito por":"Carlos Conchita","Tiempo de lectura":"3 minutos"},"schema":{"@context":"https:\/\/schema.org","@graph":[{"@type":"Article","@id":"https:\/\/www.carlosyconchita.net\/rutas\/20-06-2023-torre-del-bolo-playa-maria-pia-y-cena-alghero\/#article","isPartOf":{"@id":"https:\/\/www.carlosyconchita.net\/rutas\/20-06-2023-torre-del-bolo-playa-maria-pia-y-cena-alghero\/"},"author":{"name":"Carlos Conchita","@id":"https:\/\/www.carlosyconchita.net\/rutas\/#\/schema\/person\/a9691f7258c28443fab2d3aa1479ea19"},"headline":"20-06-2023-Torre del Bolo, playa Mar\u00eda P\u00eda y cena Alghero","datePublished":"2023-06-20T17:23:20+00:00","dateModified":"2024-01-10T20:28:54+00:00","mainEntityOfPage":{"@id":"https:\/\/www.carlosyconchita.net\/rutas\/20-06-2023-torre-del-bolo-playa-maria-pia-y-cena-alghero\/"},"wordCount":336,"image":{"@id":"https:\/\/www.carlosyconchita.net\/rutas\/20-06-2023-torre-del-bolo-playa-maria-pia-y-cena-alghero\/#primaryimage"},"thumbnailUrl":"https:\/\/www.carlosyconchita.net\/rutas\/wp-content\/uploads\/2024\/01\/Cerdena-20-00119.jpg","articleSection":["0-Muy f\u00e1cil","1 - Hasta 5 km.","Cerde\u00f1a"],"inLanguage":"es"},{"@type":"WebPage","@id":"https:\/\/www.carlosyconchita.net\/rutas\/20-06-2023-torre-del-bolo-playa-maria-pia-y-cena-alghero\/","url":"https:\/\/www.carlosyconchita.net\/rutas\/20-06-2023-torre-del-bolo-playa-maria-pia-y-cena-alghero\/","name":"20-06-2023-Torre del Bolo, playa Mar\u00eda P\u00eda y cena Alghero -","isPartOf":{"@id":"https:\/\/www.carlosyconchita.net\/rutas\/#website"},"primaryImageOfPage":{"@id":"https:\/\/www.carlosyconchita.net\/rutas\/20-06-2023-torre-del-bolo-playa-maria-pia-y-cena-alghero\/#primaryimage"},"image":{"@id":"https:\/\/www.carlosyconchita.net\/rutas\/20-06-2023-torre-del-bolo-playa-maria-pia-y-cena-alghero\/#primaryimage"},"thumbnailUrl":"https:\/\/www.carlosyconchita.net\/rutas\/wp-content\/uploads\/2024\/01\/Cerdena-20-00119.jpg","datePublished":"2023-06-20T17:23:20+00:00","dateModified":"2024-01-10T20:28:54+00:00","author":{"@id":"https:\/\/www.carlosyconchita.net\/rutas\/#\/schema\/person\/a9691f7258c28443fab2d3aa1479ea19"},"breadcrumb":{"@id":"https:\/\/www.carlosyconchita.net\/rutas\/20-06-2023-torre-del-bolo-playa-maria-pia-y-cena-alghero\/#breadcrumb"},"inLanguage":"es","potentialAction":[{"@type":"ReadAction","target":["https:\/\/www.carlosyconchita.net\/rutas\/20-06-2023-torre-del-bolo-playa-maria-pia-y-cena-alghero\/"]}]},{"@type":"ImageObject","inLanguage":"es","@id":"https:\/\/www.carlosyconchita.net\/rutas\/20-06-2023-torre-del-bolo-playa-maria-pia-y-cena-alghero\/#primaryimage","url":"https:\/\/www.carlosyconchita.net\/rutas\/wp-content\/uploads\/2024\/01\/Cerdena-20-00119.jpg","contentUrl":"https:\/\/www.carlosyconchita.net\/rutas\/wp-content\/uploads\/2024\/01\/Cerdena-20-00119.jpg","width":1024,"height":577},{"@type":"BreadcrumbList","@id":"https:\/\/www.carlosyconchita.net\/rutas\/20-06-2023-torre-del-bolo-playa-maria-pia-y-cena-alghero\/#breadcrumb","itemListElement":[{"@type":"ListItem","position":1,"name":"Portada","item":"https:\/\/www.carlosyconchita.net\/rutas\/"},{"@type":"ListItem","position":2,"name":"20-06-2023-Torre del Bolo, playa Mar\u00eda P\u00eda y cena Alghero"}]},{"@type":"WebSite","@id":"https:\/\/www.carlosyconchita.net\/rutas\/#website","url":"https:\/\/www.carlosyconchita.net\/rutas\/","name":"Las rutas de Carlos y Conchita","description":"","potentialAction":[{"@type":"SearchAction","target":{"@type":"EntryPoint","urlTemplate":"https:\/\/www.carlosyconchita.net\/rutas\/?s={search_term_string}"},"query-input":{"@type":"PropertyValueSpecification","valueRequired":true,"valueName":"search_term_string"}}],"inLanguage":"es"},{"@type":"Person","@id":"https:\/\/www.carlosyconchita.net\/rutas\/#\/schema\/person\/a9691f7258c28443fab2d3aa1479ea19","name":"Carlos Conchita","image":{"@type":"ImageObject","inLanguage":"es","@id":"https:\/\/secure.gravatar.com\/avatar\/3a4625b20c8da3de99da69bfe7a322774e291c3f90dce7e8778a30fe6748ed1a?s=96&d=mm&r=g","url":"https:\/\/secure.gravatar.com\/avatar\/3a4625b20c8da3de99da69bfe7a322774e291c3f90dce7e8778a30fe6748ed1a?s=96&d=mm&r=g","contentUrl":"https:\/\/secure.gravatar.com\/avatar\/3a4625b20c8da3de99da69bfe7a322774e291c3f90dce7e8778a30fe6748ed1a?s=96&d=mm&r=g","caption":"Carlos Conchita"}}]}},"_links":{"self":[{"href":"https:\/\/www.carlosyconchita.net\/rutas\/wp-json\/wp\/v2\/posts\/19326","targetHints":{"allow":["GET"]}}],"collection":[{"href":"https:\/\/www.carlosyconchita.net\/rutas\/wp-json\/wp\/v2\/posts"}],"about":[{"href":"https:\/\/www.carlosyconchita.net\/rutas\/wp-json\/wp\/v2\/types\/post"}],"author":[{"embeddable":true,"href":"https:\/\/www.carlosyconchita.net\/rutas\/wp-json\/wp\/v2\/users\/50"}],"replies":[{"embeddable":true,"href":"https:\/\/www.carlosyconchita.net\/rutas\/wp-json\/wp\/v2\/comments?post=19326"}],"version-history":[{"count":0,"href":"https:\/\/www.carlosyconchita.net\/rutas\/wp-json\/wp\/v2\/posts\/19326\/revisions"}],"wp:featuredmedia":[{"embeddable":true,"href":"https:\/\/www.carlosyconchita.net\/rutas\/wp-json\/wp\/v2\/media\/19327"}],"wp:attachment":[{"href":"https:\/\/www.carlosyconchita.net\/rutas\/wp-json\/wp\/v2\/media?parent=19326"}],"wp:term":[{"taxonomy":"category","embeddable":true,"href":"https:\/\/www.carlosyconchita.net\/rutas\/wp-json\/wp\/v2\/categories?post=19326"},{"taxonomy":"post_tag","embeddable":true,"href":"https:\/\/www.carlosyconchita.net\/rutas\/wp-json\/wp\/v2\/tags?post=19326"}],"curies":[{"name":"wp","href":"https:\/\/api.w.org\/{rel}","templated":true}]}}