{"id":19408,"date":"2023-02-28T18:01:34","date_gmt":"2023-02-28T17:01:34","guid":{"rendered":"https:\/\/www.carlosyconchita.net\/rutas\/?p=19408"},"modified":"2024-03-01T11:49:34","modified_gmt":"2024-03-01T10:49:34","slug":"28-02-2023-mallorca-pagina-principal","status":"publish","type":"post","link":"https:\/\/www.carlosyconchita.net\/rutas\/28-02-2023-mallorca-pagina-principal\/","title":{"rendered":"28-02-2023-Mallorca : p\u00e1gina principal"},"content":{"rendered":"<p>&nbsp;<\/p>\n<p><a href=\"https:\/\/www.carlosyconchita.net\/rutas\/22-02-2023-valldemosa-torre-veger-y-palma\/\" target=\"_blank\" rel=\"noopener\"><strong><span style=\"color: #0000ff;\">22-02-2023-Valldemosa, Torre Veger y visitas Palma<\/span><\/strong><\/a><\/p>\n<p><a href=\"https:\/\/www.carlosyconchita.net\/rutas\/23-02-2023-puig-aguila-y-calas-estremer-y-castell\/\" target=\"_blank\" rel=\"noopener\"><strong><span style=\"color: #0000ff;\">23-02-2023-Puig del Aguila y Calas Estermer y Castell<\/span><\/strong><\/a><\/p>\n<p class=\"entry-title\"><a href=\"https:\/\/www.carlosyconchita.net\/rutas\/23-02-2023-cala-barques-y-formentor\/\" target=\"_blank\" rel=\"noopener\"><strong><span style=\"color: #0000ff;\">23-02-2023-Cala Barqu\u00e9s y Formentor<\/span><\/strong><\/a><\/p>\n<p class=\"entry-title\"><a href=\"https:\/\/www.carlosyconchita.net\/rutas\/24-02-2023-yacimiento-arqueologico-capocorb-vell\/\" target=\"_blank\" rel=\"noopener\"><strong><span style=\"color: #0000ff;\">24-02-2023-Yacimiento arqueol\u00f3gico Capocorb Vell y Lluchmajor<\/span><\/strong><\/a><\/p>\n<p class=\"entry-title\"><a href=\"https:\/\/www.carlosyconchita.net\/rutas\/24-02-2023-cala-llombards-a-calo-des-moros\/\" target=\"_blank\" rel=\"noopener\"><strong><span style=\"color: #0000ff;\">24-02-2023- Cala Llombards a Cal\u00f3 de n\u2019Adrover<\/span><\/strong><\/a><\/p>\n<p class=\"entry-title\"><a href=\"https:\/\/www.carlosyconchita.net\/rutas\/24-02-2023-calo-des-moros\/\" target=\"_blank\" rel=\"noopener\"><strong><span style=\"color: #0000ff;\">24-02-2023-Cal\u00f3 des Moros<\/span><\/strong><\/a><\/p>\n<p><a href=\"https:\/\/www.carlosyconchita.net\/rutas\/25-02-2023-cuevas-del-drach\/\" target=\"_blank\" rel=\"noopener\"><span style=\"color: #0000ff;\"><strong>25-02-2023-Cuevas del Drach<\/strong><\/span><\/a><\/p>\n<p><a href=\"https:\/\/www.carlosyconchita.net\/rutas\/25-02-2023-cala-romantica-a-cala-vargues\/\" target=\"_blank\" rel=\"noopener\"><strong><span style=\"color: #0000ff;\">25-02-2023-Cala Rom\u00e1ntica a Cala Vargues<\/span><\/strong><\/a><\/p>\n<p class=\"entry-title\"><strong><a title=\"Enlace permanente a 26-02-2023-Monasterio La Trapa, mirador Josep Sastre (isla Dragonera) y Puig Ses Basses\" href=\"https:\/\/www.carlosyconchita.net\/rutas\/26-02-2023-monasterio-la-trapa-mirador-josep-sastre-isla-dragonera-y-puig-ses-basses\/\" target=\"_blank\" rel=\"bookmark noopener\"><span style=\"color: #0000ff;\">26-02-2023-Monasterio La Trapa, mirador Josep Sastre (isla Dragonera) y Puig Ses Basses<\/span><\/a><\/strong><\/p>\n<p><a href=\"https:\/\/www.carlosyconchita.net\/rutas\/27-02-2023-palma-castillo-bellver-iglesia-cristal-porciuncula\/\" target=\"_blank\" rel=\"noopener\"><strong><span style=\"color: #0000ff;\">27-02-2023-27-02-2023-Palma : castillo Bellver , Iglesia Cristal (Porci\u00fancula)<\/span><\/strong><\/a><\/p>\n<p>&nbsp;<\/p>\n<p>&nbsp;<\/p>\n<p>&nbsp;<\/p>\n<p>&nbsp;<\/p>\n<p>&nbsp;<\/p>\n<p>&nbsp;<\/p>\n<p>&nbsp;<\/p>\n<p>&nbsp;<\/p>\n<p>&nbsp;<\/p>\n<p>&nbsp;<\/p>\n<p>&nbsp;<\/p>\n","protected":false},"excerpt":{"rendered":"<p>&nbsp; 22-02-2023-Valldemosa, Torre Veger y visitas Palma 23-02-2023-Puig del Aguila y Calas Estermer y Castell 23-02-2023-Cala Barqu\u00e9s y Formentor 24-02-2023-Yacimiento arqueol\u00f3gico Capocorb Vell y Lluchmajor 24-02-2023- Cala Llombards a Cal\u00f3 de n\u2019Adrover 24-02-2023-Cal\u00f3 des Moros 25-02-2023-Cuevas del Drach 25-02-2023-Cala Rom\u00e1ntica a Cala Vargues 26-02-2023-Monasterio La Trapa, mirador Josep Sastre (isla Dragonera) y Puig Ses Basses [&hellip;]<\/p>\n","protected":false},"author":50,"featured_media":19406,"comment_status":"closed","ping_status":"open","sticky":false,"template":"","format":"standard","meta":{"footnotes":""},"categories":[131],"tags":[],"class_list":{"0":"post-19408","1":"post","2":"type-post","3":"status-publish","4":"format-standard","5":"has-post-thumbnail","6":"hentry","7":"category-mallorca","9":"post-with-thumbnail","10":"post-with-thumbnail-icon"},"yoast_head":"<!-- This site is optimized with the Yoast SEO plugin v27.4 - https:\/\/yoast.com\/product\/yoast-seo-wordpress\/ -->\n<title>28-02-2023-Mallorca : p\u00e1gina principal -<\/title>\n<meta name=\"robots\" content=\"index, follow, max-snippet:-1, max-image-preview:large, max-video-preview:-1\" \/>\n<link rel=\"canonical\" href=\"https:\/\/www.carlosyconchita.net\/rutas\/28-02-2023-mallorca-pagina-principal\/\" \/>\n<meta property=\"og:locale\" content=\"es_ES\" \/>\n<meta property=\"og:type\" content=\"article\" \/>\n<meta property=\"og:title\" content=\"28-02-2023-Mallorca : p\u00e1gina principal -\" \/>\n<meta property=\"og:description\" content=\"&nbsp; 22-02-2023-Valldemosa, Torre Veger y visitas Palma 23-02-2023-Puig del Aguila y Calas Estermer y Castell 23-02-2023-Cala Barqu\u00e9s y Formentor 24-02-2023-Yacimiento arqueol\u00f3gico Capocorb Vell y Lluchmajor 24-02-2023- Cala Llombards a Cal\u00f3 de n\u2019Adrover 24-02-2023-Cal\u00f3 des Moros 25-02-2023-Cuevas del Drach 25-02-2023-Cala Rom\u00e1ntica a Cala Vargues 26-02-2023-Monasterio La Trapa, mirador Josep Sastre (isla Dragonera) y Puig Ses Basses [&hellip;]\" \/>\n<meta property=\"og:url\" content=\"https:\/\/www.carlosyconchita.net\/rutas\/28-02-2023-mallorca-pagina-principal\/\" \/>\n<meta property=\"og:site_name\" content=\"Las rutas de Carlos y Conchita\" \/>\n<meta property=\"article:published_time\" content=\"2023-02-28T17:01:34+00:00\" \/>\n<meta property=\"article:modified_time\" content=\"2024-03-01T10:49:34+00:00\" \/>\n<meta property=\"og:image\" content=\"https:\/\/www.carlosyconchita.net\/rutas\/wp-content\/uploads\/2024\/01\/Mallorca-22-00072.jpg\" \/>\n\t<meta property=\"og:image:width\" content=\"1019\" \/>\n\t<meta property=\"og:image:height\" content=\"764\" \/>\n\t<meta property=\"og:image:type\" content=\"image\/jpeg\" \/>\n<meta name=\"author\" content=\"Carlos Conchita\" \/>\n<meta name=\"twitter:label1\" content=\"Escrito por\" \/>\n\t<meta name=\"twitter:data1\" content=\"Carlos Conchita\" \/>\n\t<meta name=\"twitter:label2\" content=\"Tiempo de lectura\" \/>\n\t<meta name=\"twitter:data2\" content=\"1 minuto\" \/>\n<script type=\"application\/ld+json\" class=\"yoast-schema-graph\">{\"@context\":\"https:\\\/\\\/schema.org\",\"@graph\":[{\"@type\":\"Article\",\"@id\":\"https:\\\/\\\/www.carlosyconchita.net\\\/rutas\\\/28-02-2023-mallorca-pagina-principal\\\/#article\",\"isPartOf\":{\"@id\":\"https:\\\/\\\/www.carlosyconchita.net\\\/rutas\\\/28-02-2023-mallorca-pagina-principal\\\/\"},\"author\":{\"name\":\"Carlos Conchita\",\"@id\":\"https:\\\/\\\/www.carlosyconchita.net\\\/rutas\\\/#\\\/schema\\\/person\\\/a9691f7258c28443fab2d3aa1479ea19\"},\"headline\":\"28-02-2023-Mallorca : p\u00e1gina principal\",\"datePublished\":\"2023-02-28T17:01:34+00:00\",\"dateModified\":\"2024-03-01T10:49:34+00:00\",\"mainEntityOfPage\":{\"@id\":\"https:\\\/\\\/www.carlosyconchita.net\\\/rutas\\\/28-02-2023-mallorca-pagina-principal\\\/\"},\"wordCount\":106,\"image\":{\"@id\":\"https:\\\/\\\/www.carlosyconchita.net\\\/rutas\\\/28-02-2023-mallorca-pagina-principal\\\/#primaryimage\"},\"thumbnailUrl\":\"https:\\\/\\\/www.carlosyconchita.net\\\/rutas\\\/wp-content\\\/uploads\\\/2024\\\/01\\\/Mallorca-22-00072.jpg\",\"articleSection\":[\"Mallorca\"],\"inLanguage\":\"es\"},{\"@type\":\"WebPage\",\"@id\":\"https:\\\/\\\/www.carlosyconchita.net\\\/rutas\\\/28-02-2023-mallorca-pagina-principal\\\/\",\"url\":\"https:\\\/\\\/www.carlosyconchita.net\\\/rutas\\\/28-02-2023-mallorca-pagina-principal\\\/\",\"name\":\"28-02-2023-Mallorca : p\u00e1gina principal -\",\"isPartOf\":{\"@id\":\"https:\\\/\\\/www.carlosyconchita.net\\\/rutas\\\/#website\"},\"primaryImageOfPage\":{\"@id\":\"https:\\\/\\\/www.carlosyconchita.net\\\/rutas\\\/28-02-2023-mallorca-pagina-principal\\\/#primaryimage\"},\"image\":{\"@id\":\"https:\\\/\\\/www.carlosyconchita.net\\\/rutas\\\/28-02-2023-mallorca-pagina-principal\\\/#primaryimage\"},\"thumbnailUrl\":\"https:\\\/\\\/www.carlosyconchita.net\\\/rutas\\\/wp-content\\\/uploads\\\/2024\\\/01\\\/Mallorca-22-00072.jpg\",\"datePublished\":\"2023-02-28T17:01:34+00:00\",\"dateModified\":\"2024-03-01T10:49:34+00:00\",\"author\":{\"@id\":\"https:\\\/\\\/www.carlosyconchita.net\\\/rutas\\\/#\\\/schema\\\/person\\\/a9691f7258c28443fab2d3aa1479ea19\"},\"breadcrumb\":{\"@id\":\"https:\\\/\\\/www.carlosyconchita.net\\\/rutas\\\/28-02-2023-mallorca-pagina-principal\\\/#breadcrumb\"},\"inLanguage\":\"es\",\"potentialAction\":[{\"@type\":\"ReadAction\",\"target\":[\"https:\\\/\\\/www.carlosyconchita.net\\\/rutas\\\/28-02-2023-mallorca-pagina-principal\\\/\"]}]},{\"@type\":\"ImageObject\",\"inLanguage\":\"es\",\"@id\":\"https:\\\/\\\/www.carlosyconchita.net\\\/rutas\\\/28-02-2023-mallorca-pagina-principal\\\/#primaryimage\",\"url\":\"https:\\\/\\\/www.carlosyconchita.net\\\/rutas\\\/wp-content\\\/uploads\\\/2024\\\/01\\\/Mallorca-22-00072.jpg\",\"contentUrl\":\"https:\\\/\\\/www.carlosyconchita.net\\\/rutas\\\/wp-content\\\/uploads\\\/2024\\\/01\\\/Mallorca-22-00072.jpg\",\"width\":1019,\"height\":764},{\"@type\":\"BreadcrumbList\",\"@id\":\"https:\\\/\\\/www.carlosyconchita.net\\\/rutas\\\/28-02-2023-mallorca-pagina-principal\\\/#breadcrumb\",\"itemListElement\":[{\"@type\":\"ListItem\",\"position\":1,\"name\":\"Portada\",\"item\":\"https:\\\/\\\/www.carlosyconchita.net\\\/rutas\\\/\"},{\"@type\":\"ListItem\",\"position\":2,\"name\":\"28-02-2023-Mallorca : p\u00e1gina principal\"}]},{\"@type\":\"WebSite\",\"@id\":\"https:\\\/\\\/www.carlosyconchita.net\\\/rutas\\\/#website\",\"url\":\"https:\\\/\\\/www.carlosyconchita.net\\\/rutas\\\/\",\"name\":\"Las rutas de Carlos y Conchita\",\"description\":\"\",\"potentialAction\":[{\"@type\":\"SearchAction\",\"target\":{\"@type\":\"EntryPoint\",\"urlTemplate\":\"https:\\\/\\\/www.carlosyconchita.net\\\/rutas\\\/?s={search_term_string}\"},\"query-input\":{\"@type\":\"PropertyValueSpecification\",\"valueRequired\":true,\"valueName\":\"search_term_string\"}}],\"inLanguage\":\"es\"},{\"@type\":\"Person\",\"@id\":\"https:\\\/\\\/www.carlosyconchita.net\\\/rutas\\\/#\\\/schema\\\/person\\\/a9691f7258c28443fab2d3aa1479ea19\",\"name\":\"Carlos Conchita\",\"image\":{\"@type\":\"ImageObject\",\"inLanguage\":\"es\",\"@id\":\"https:\\\/\\\/secure.gravatar.com\\\/avatar\\\/3a4625b20c8da3de99da69bfe7a322774e291c3f90dce7e8778a30fe6748ed1a?s=96&d=mm&r=g\",\"url\":\"https:\\\/\\\/secure.gravatar.com\\\/avatar\\\/3a4625b20c8da3de99da69bfe7a322774e291c3f90dce7e8778a30fe6748ed1a?s=96&d=mm&r=g\",\"contentUrl\":\"https:\\\/\\\/secure.gravatar.com\\\/avatar\\\/3a4625b20c8da3de99da69bfe7a322774e291c3f90dce7e8778a30fe6748ed1a?s=96&d=mm&r=g\",\"caption\":\"Carlos Conchita\"}}]}<\/script>\n<!-- \/ Yoast SEO plugin. -->","yoast_head_json":{"title":"28-02-2023-Mallorca : p\u00e1gina principal -","robots":{"index":"index","follow":"follow","max-snippet":"max-snippet:-1","max-image-preview":"max-image-preview:large","max-video-preview":"max-video-preview:-1"},"canonical":"https:\/\/www.carlosyconchita.net\/rutas\/28-02-2023-mallorca-pagina-principal\/","og_locale":"es_ES","og_type":"article","og_title":"28-02-2023-Mallorca : p\u00e1gina principal -","og_description":"&nbsp; 22-02-2023-Valldemosa, Torre Veger y visitas Palma 23-02-2023-Puig del Aguila y Calas Estermer y Castell 23-02-2023-Cala Barqu\u00e9s y Formentor 24-02-2023-Yacimiento arqueol\u00f3gico Capocorb Vell y Lluchmajor 24-02-2023- Cala Llombards a Cal\u00f3 de n\u2019Adrover 24-02-2023-Cal\u00f3 des Moros 25-02-2023-Cuevas del Drach 25-02-2023-Cala Rom\u00e1ntica a Cala Vargues 26-02-2023-Monasterio La Trapa, mirador Josep Sastre (isla Dragonera) y Puig Ses Basses [&hellip;]","og_url":"https:\/\/www.carlosyconchita.net\/rutas\/28-02-2023-mallorca-pagina-principal\/","og_site_name":"Las rutas de Carlos y Conchita","article_published_time":"2023-02-28T17:01:34+00:00","article_modified_time":"2024-03-01T10:49:34+00:00","og_image":[{"width":1019,"height":764,"url":"https:\/\/www.carlosyconchita.net\/rutas\/wp-content\/uploads\/2024\/01\/Mallorca-22-00072.jpg","type":"image\/jpeg"}],"author":"Carlos Conchita","twitter_misc":{"Escrito por":"Carlos Conchita","Tiempo de lectura":"1 minuto"},"schema":{"@context":"https:\/\/schema.org","@graph":[{"@type":"Article","@id":"https:\/\/www.carlosyconchita.net\/rutas\/28-02-2023-mallorca-pagina-principal\/#article","isPartOf":{"@id":"https:\/\/www.carlosyconchita.net\/rutas\/28-02-2023-mallorca-pagina-principal\/"},"author":{"name":"Carlos Conchita","@id":"https:\/\/www.carlosyconchita.net\/rutas\/#\/schema\/person\/a9691f7258c28443fab2d3aa1479ea19"},"headline":"28-02-2023-Mallorca : p\u00e1gina principal","datePublished":"2023-02-28T17:01:34+00:00","dateModified":"2024-03-01T10:49:34+00:00","mainEntityOfPage":{"@id":"https:\/\/www.carlosyconchita.net\/rutas\/28-02-2023-mallorca-pagina-principal\/"},"wordCount":106,"image":{"@id":"https:\/\/www.carlosyconchita.net\/rutas\/28-02-2023-mallorca-pagina-principal\/#primaryimage"},"thumbnailUrl":"https:\/\/www.carlosyconchita.net\/rutas\/wp-content\/uploads\/2024\/01\/Mallorca-22-00072.jpg","articleSection":["Mallorca"],"inLanguage":"es"},{"@type":"WebPage","@id":"https:\/\/www.carlosyconchita.net\/rutas\/28-02-2023-mallorca-pagina-principal\/","url":"https:\/\/www.carlosyconchita.net\/rutas\/28-02-2023-mallorca-pagina-principal\/","name":"28-02-2023-Mallorca : p\u00e1gina principal -","isPartOf":{"@id":"https:\/\/www.carlosyconchita.net\/rutas\/#website"},"primaryImageOfPage":{"@id":"https:\/\/www.carlosyconchita.net\/rutas\/28-02-2023-mallorca-pagina-principal\/#primaryimage"},"image":{"@id":"https:\/\/www.carlosyconchita.net\/rutas\/28-02-2023-mallorca-pagina-principal\/#primaryimage"},"thumbnailUrl":"https:\/\/www.carlosyconchita.net\/rutas\/wp-content\/uploads\/2024\/01\/Mallorca-22-00072.jpg","datePublished":"2023-02-28T17:01:34+00:00","dateModified":"2024-03-01T10:49:34+00:00","author":{"@id":"https:\/\/www.carlosyconchita.net\/rutas\/#\/schema\/person\/a9691f7258c28443fab2d3aa1479ea19"},"breadcrumb":{"@id":"https:\/\/www.carlosyconchita.net\/rutas\/28-02-2023-mallorca-pagina-principal\/#breadcrumb"},"inLanguage":"es","potentialAction":[{"@type":"ReadAction","target":["https:\/\/www.carlosyconchita.net\/rutas\/28-02-2023-mallorca-pagina-principal\/"]}]},{"@type":"ImageObject","inLanguage":"es","@id":"https:\/\/www.carlosyconchita.net\/rutas\/28-02-2023-mallorca-pagina-principal\/#primaryimage","url":"https:\/\/www.carlosyconchita.net\/rutas\/wp-content\/uploads\/2024\/01\/Mallorca-22-00072.jpg","contentUrl":"https:\/\/www.carlosyconchita.net\/rutas\/wp-content\/uploads\/2024\/01\/Mallorca-22-00072.jpg","width":1019,"height":764},{"@type":"BreadcrumbList","@id":"https:\/\/www.carlosyconchita.net\/rutas\/28-02-2023-mallorca-pagina-principal\/#breadcrumb","itemListElement":[{"@type":"ListItem","position":1,"name":"Portada","item":"https:\/\/www.carlosyconchita.net\/rutas\/"},{"@type":"ListItem","position":2,"name":"28-02-2023-Mallorca : p\u00e1gina principal"}]},{"@type":"WebSite","@id":"https:\/\/www.carlosyconchita.net\/rutas\/#website","url":"https:\/\/www.carlosyconchita.net\/rutas\/","name":"Las rutas de Carlos y Conchita","description":"","potentialAction":[{"@type":"SearchAction","target":{"@type":"EntryPoint","urlTemplate":"https:\/\/www.carlosyconchita.net\/rutas\/?s={search_term_string}"},"query-input":{"@type":"PropertyValueSpecification","valueRequired":true,"valueName":"search_term_string"}}],"inLanguage":"es"},{"@type":"Person","@id":"https:\/\/www.carlosyconchita.net\/rutas\/#\/schema\/person\/a9691f7258c28443fab2d3aa1479ea19","name":"Carlos Conchita","image":{"@type":"ImageObject","inLanguage":"es","@id":"https:\/\/secure.gravatar.com\/avatar\/3a4625b20c8da3de99da69bfe7a322774e291c3f90dce7e8778a30fe6748ed1a?s=96&d=mm&r=g","url":"https:\/\/secure.gravatar.com\/avatar\/3a4625b20c8da3de99da69bfe7a322774e291c3f90dce7e8778a30fe6748ed1a?s=96&d=mm&r=g","contentUrl":"https:\/\/secure.gravatar.com\/avatar\/3a4625b20c8da3de99da69bfe7a322774e291c3f90dce7e8778a30fe6748ed1a?s=96&d=mm&r=g","caption":"Carlos Conchita"}}]}},"_links":{"self":[{"href":"https:\/\/www.carlosyconchita.net\/rutas\/wp-json\/wp\/v2\/posts\/19408","targetHints":{"allow":["GET"]}}],"collection":[{"href":"https:\/\/www.carlosyconchita.net\/rutas\/wp-json\/wp\/v2\/posts"}],"about":[{"href":"https:\/\/www.carlosyconchita.net\/rutas\/wp-json\/wp\/v2\/types\/post"}],"author":[{"embeddable":true,"href":"https:\/\/www.carlosyconchita.net\/rutas\/wp-json\/wp\/v2\/users\/50"}],"replies":[{"embeddable":true,"href":"https:\/\/www.carlosyconchita.net\/rutas\/wp-json\/wp\/v2\/comments?post=19408"}],"version-history":[{"count":0,"href":"https:\/\/www.carlosyconchita.net\/rutas\/wp-json\/wp\/v2\/posts\/19408\/revisions"}],"wp:featuredmedia":[{"embeddable":true,"href":"https:\/\/www.carlosyconchita.net\/rutas\/wp-json\/wp\/v2\/media\/19406"}],"wp:attachment":[{"href":"https:\/\/www.carlosyconchita.net\/rutas\/wp-json\/wp\/v2\/media?parent=19408"}],"wp:term":[{"taxonomy":"category","embeddable":true,"href":"https:\/\/www.carlosyconchita.net\/rutas\/wp-json\/wp\/v2\/categories?post=19408"},{"taxonomy":"post_tag","embeddable":true,"href":"https:\/\/www.carlosyconchita.net\/rutas\/wp-json\/wp\/v2\/tags?post=19408"}],"curies":[{"name":"wp","href":"https:\/\/api.w.org\/{rel}","templated":true}]}}