{"id":19432,"date":"2023-02-24T18:15:26","date_gmt":"2023-02-24T17:15:26","guid":{"rendered":"https:\/\/www.carlosyconchita.net\/rutas\/?p=19432"},"modified":"2024-01-17T19:16:58","modified_gmt":"2024-01-17T18:16:58","slug":"24-02-2023-yacimiento-arqueologico-capocorb-vell","status":"publish","type":"post","link":"https:\/\/www.carlosyconchita.net\/rutas\/24-02-2023-yacimiento-arqueologico-capocorb-vell\/","title":{"rendered":"24-02-2023-Yacimiento arqueol\u00f3gico Capocorb Vell y Lluchmajor"},"content":{"rendered":"<p style=\"text-align: justify;\">Visita al Yacimiento arqueol\u00f3gico de Capocorb Vell, uno de los m\u00e1s importantes de Mallorca y de las Islas Baleares en general.<\/p>\n<p style=\"text-align: justify;\">Este poblado se fund\u00f3 alrededor del a\u00f1o 1.000 A.de C. , despu\u00e9s fu\u00e9 ocupado por las poblaciones baleares, por los romanos en el a\u00f1o 123 A.de C., posteriormente por los musulmanes, cristianos y en el a\u00f1o 1.229 por la corona catalanoaragonesa con el rey Jaume I.<\/p>\n<p>Al otro lado de la carretera, junto a una especie de antigua mas\u00eda cerrada,vemos unos paneles informativos de las carreteras construidas por prisioneros pol\u00edticos y de guerra entre los a\u00f1os 1936 y 1942.<\/p>\n<p style=\"text-align: justify;\">Despu\u00e9s nos vamos a Lluchmajor para dar una vuelta por el pueblo, y comprar una t\u00edpica sobrasada, antes de hacer una caminata por la costa.<\/p>\n<p>Esta vez hemos grabado el recorrido por el pueblo, porque en estos casos no lo solemos hacer, y despu\u00e9s nos parece que hemos caminado bastante, pero no lo podemos comprobar : en este caso hemos caminado unos 5.5 kms.<\/p>\n<p>&nbsp;<\/p>\n<hr \/>\n<p style=\"text-align: justify;\"><strong>Album de fotos<\/strong><\/p>\n<p><a href=\"https:\/\/photos.app.goo.gl\/igfNHtQ4wM3J6naq9\" target=\"_blank\" rel=\"noopener\"><img loading=\"lazy\" decoding=\"async\" class=\"size-medium wp-image-19433 aligncenter\" src=\"https:\/\/www.carlosyconchita.net\/rutas\/wp-content\/uploads\/2024\/01\/Mallorca-24-00006-300x169.jpg\" alt=\"\" width=\"300\" height=\"169\" srcset=\"https:\/\/www.carlosyconchita.net\/rutas\/wp-content\/uploads\/2024\/01\/Mallorca-24-00006-300x169.jpg 300w, https:\/\/www.carlosyconchita.net\/rutas\/wp-content\/uploads\/2024\/01\/Mallorca-24-00006-600x338.jpg 600w, https:\/\/www.carlosyconchita.net\/rutas\/wp-content\/uploads\/2024\/01\/Mallorca-24-00006-768x433.jpg 768w, https:\/\/www.carlosyconchita.net\/rutas\/wp-content\/uploads\/2024\/01\/Mallorca-24-00006.jpg 1024w\" sizes=\"auto, (max-width: 300px) 100vw, 300px\" \/><\/a><\/p>\n<p>&nbsp;<\/p>\n<hr \/>\n<p>&nbsp;<\/p>\n<p>&nbsp;<\/p>\n<p>&nbsp;<\/p>\n","protected":false},"excerpt":{"rendered":"<p>Visita al Yacimiento arqueol\u00f3gico de Capocorb Vell, uno de los m\u00e1s importantes de Mallorca y de las Islas Baleares en general. Este poblado se fund\u00f3 alrededor del a\u00f1o 1.000 A.de C. , despu\u00e9s fu\u00e9 ocupado por las poblaciones baleares, por los romanos en el a\u00f1o 123 A.de C., posteriormente por los musulmanes, cristianos y en [&hellip;]<\/p>\n","protected":false},"author":50,"featured_media":19433,"comment_status":"closed","ping_status":"open","sticky":false,"template":"","format":"standard","meta":{"footnotes":""},"categories":[38,14,21,131],"tags":[],"class_list":{"0":"post-19432","1":"post","2":"type-post","3":"status-publish","4":"format-standard","5":"has-post-thumbnail","6":"hentry","7":"category-fotos","8":"category-muy-facil","9":"category-hasta-5-km","10":"category-mallorca","12":"post-with-thumbnail","13":"post-with-thumbnail-icon"},"yoast_head":"<!-- This site is optimized with the Yoast SEO plugin v27.5 - https:\/\/yoast.com\/product\/yoast-seo-wordpress\/ -->\n<title>24-02-2023-Yacimiento arqueol\u00f3gico Capocorb Vell y Lluchmajor -<\/title>\n<meta name=\"robots\" content=\"index, follow, max-snippet:-1, max-image-preview:large, max-video-preview:-1\" \/>\n<link rel=\"canonical\" href=\"https:\/\/www.carlosyconchita.net\/rutas\/24-02-2023-yacimiento-arqueologico-capocorb-vell\/\" \/>\n<meta property=\"og:locale\" content=\"es_ES\" \/>\n<meta property=\"og:type\" content=\"article\" \/>\n<meta property=\"og:title\" content=\"24-02-2023-Yacimiento arqueol\u00f3gico Capocorb Vell y Lluchmajor -\" \/>\n<meta property=\"og:description\" content=\"Visita al Yacimiento arqueol\u00f3gico de Capocorb Vell, uno de los m\u00e1s importantes de Mallorca y de las Islas Baleares en general. Este poblado se fund\u00f3 alrededor del a\u00f1o 1.000 A.de C. , despu\u00e9s fu\u00e9 ocupado por las poblaciones baleares, por los romanos en el a\u00f1o 123 A.de C., posteriormente por los musulmanes, cristianos y en [&hellip;]\" \/>\n<meta property=\"og:url\" content=\"https:\/\/www.carlosyconchita.net\/rutas\/24-02-2023-yacimiento-arqueologico-capocorb-vell\/\" \/>\n<meta property=\"og:site_name\" content=\"Las rutas de Carlos y Conchita\" \/>\n<meta property=\"article:published_time\" content=\"2023-02-24T17:15:26+00:00\" \/>\n<meta property=\"article:modified_time\" content=\"2024-01-17T18:16:58+00:00\" \/>\n<meta property=\"og:image\" content=\"https:\/\/www.carlosyconchita.net\/rutas\/wp-content\/uploads\/2024\/01\/Mallorca-24-00006.jpg\" \/>\n\t<meta property=\"og:image:width\" content=\"1024\" \/>\n\t<meta property=\"og:image:height\" content=\"577\" \/>\n\t<meta property=\"og:image:type\" content=\"image\/jpeg\" \/>\n<meta name=\"author\" content=\"Carlos Conchita\" \/>\n<meta name=\"twitter:label1\" content=\"Escrito por\" \/>\n\t<meta name=\"twitter:data1\" content=\"Carlos Conchita\" \/>\n\t<meta name=\"twitter:label2\" content=\"Tiempo de lectura\" \/>\n\t<meta name=\"twitter:data2\" content=\"2 minutos\" \/>\n<script type=\"application\/ld+json\" class=\"yoast-schema-graph\">{\"@context\":\"https:\\\/\\\/schema.org\",\"@graph\":[{\"@type\":\"Article\",\"@id\":\"https:\\\/\\\/www.carlosyconchita.net\\\/rutas\\\/24-02-2023-yacimiento-arqueologico-capocorb-vell\\\/#article\",\"isPartOf\":{\"@id\":\"https:\\\/\\\/www.carlosyconchita.net\\\/rutas\\\/24-02-2023-yacimiento-arqueologico-capocorb-vell\\\/\"},\"author\":{\"name\":\"Carlos Conchita\",\"@id\":\"https:\\\/\\\/www.carlosyconchita.net\\\/rutas\\\/#\\\/schema\\\/person\\\/a9691f7258c28443fab2d3aa1479ea19\"},\"headline\":\"24-02-2023-Yacimiento arqueol\u00f3gico Capocorb Vell y Lluchmajor\",\"datePublished\":\"2023-02-24T17:15:26+00:00\",\"dateModified\":\"2024-01-17T18:16:58+00:00\",\"mainEntityOfPage\":{\"@id\":\"https:\\\/\\\/www.carlosyconchita.net\\\/rutas\\\/24-02-2023-yacimiento-arqueologico-capocorb-vell\\\/\"},\"wordCount\":188,\"image\":{\"@id\":\"https:\\\/\\\/www.carlosyconchita.net\\\/rutas\\\/24-02-2023-yacimiento-arqueologico-capocorb-vell\\\/#primaryimage\"},\"thumbnailUrl\":\"https:\\\/\\\/www.carlosyconchita.net\\\/rutas\\\/wp-content\\\/uploads\\\/2024\\\/01\\\/Mallorca-24-00006.jpg\",\"articleSection\":[\"0-Fotos\",\"0-Muy f\u00e1cil\",\"1 - Hasta 5 km.\",\"Mallorca\"],\"inLanguage\":\"es\"},{\"@type\":\"WebPage\",\"@id\":\"https:\\\/\\\/www.carlosyconchita.net\\\/rutas\\\/24-02-2023-yacimiento-arqueologico-capocorb-vell\\\/\",\"url\":\"https:\\\/\\\/www.carlosyconchita.net\\\/rutas\\\/24-02-2023-yacimiento-arqueologico-capocorb-vell\\\/\",\"name\":\"24-02-2023-Yacimiento arqueol\u00f3gico Capocorb Vell y Lluchmajor -\",\"isPartOf\":{\"@id\":\"https:\\\/\\\/www.carlosyconchita.net\\\/rutas\\\/#website\"},\"primaryImageOfPage\":{\"@id\":\"https:\\\/\\\/www.carlosyconchita.net\\\/rutas\\\/24-02-2023-yacimiento-arqueologico-capocorb-vell\\\/#primaryimage\"},\"image\":{\"@id\":\"https:\\\/\\\/www.carlosyconchita.net\\\/rutas\\\/24-02-2023-yacimiento-arqueologico-capocorb-vell\\\/#primaryimage\"},\"thumbnailUrl\":\"https:\\\/\\\/www.carlosyconchita.net\\\/rutas\\\/wp-content\\\/uploads\\\/2024\\\/01\\\/Mallorca-24-00006.jpg\",\"datePublished\":\"2023-02-24T17:15:26+00:00\",\"dateModified\":\"2024-01-17T18:16:58+00:00\",\"author\":{\"@id\":\"https:\\\/\\\/www.carlosyconchita.net\\\/rutas\\\/#\\\/schema\\\/person\\\/a9691f7258c28443fab2d3aa1479ea19\"},\"breadcrumb\":{\"@id\":\"https:\\\/\\\/www.carlosyconchita.net\\\/rutas\\\/24-02-2023-yacimiento-arqueologico-capocorb-vell\\\/#breadcrumb\"},\"inLanguage\":\"es\",\"potentialAction\":[{\"@type\":\"ReadAction\",\"target\":[\"https:\\\/\\\/www.carlosyconchita.net\\\/rutas\\\/24-02-2023-yacimiento-arqueologico-capocorb-vell\\\/\"]}]},{\"@type\":\"ImageObject\",\"inLanguage\":\"es\",\"@id\":\"https:\\\/\\\/www.carlosyconchita.net\\\/rutas\\\/24-02-2023-yacimiento-arqueologico-capocorb-vell\\\/#primaryimage\",\"url\":\"https:\\\/\\\/www.carlosyconchita.net\\\/rutas\\\/wp-content\\\/uploads\\\/2024\\\/01\\\/Mallorca-24-00006.jpg\",\"contentUrl\":\"https:\\\/\\\/www.carlosyconchita.net\\\/rutas\\\/wp-content\\\/uploads\\\/2024\\\/01\\\/Mallorca-24-00006.jpg\",\"width\":1024,\"height\":577},{\"@type\":\"BreadcrumbList\",\"@id\":\"https:\\\/\\\/www.carlosyconchita.net\\\/rutas\\\/24-02-2023-yacimiento-arqueologico-capocorb-vell\\\/#breadcrumb\",\"itemListElement\":[{\"@type\":\"ListItem\",\"position\":1,\"name\":\"Portada\",\"item\":\"https:\\\/\\\/www.carlosyconchita.net\\\/rutas\\\/\"},{\"@type\":\"ListItem\",\"position\":2,\"name\":\"24-02-2023-Yacimiento arqueol\u00f3gico Capocorb Vell y Lluchmajor\"}]},{\"@type\":\"WebSite\",\"@id\":\"https:\\\/\\\/www.carlosyconchita.net\\\/rutas\\\/#website\",\"url\":\"https:\\\/\\\/www.carlosyconchita.net\\\/rutas\\\/\",\"name\":\"Las rutas de Carlos y Conchita\",\"description\":\"\",\"potentialAction\":[{\"@type\":\"SearchAction\",\"target\":{\"@type\":\"EntryPoint\",\"urlTemplate\":\"https:\\\/\\\/www.carlosyconchita.net\\\/rutas\\\/?s={search_term_string}\"},\"query-input\":{\"@type\":\"PropertyValueSpecification\",\"valueRequired\":true,\"valueName\":\"search_term_string\"}}],\"inLanguage\":\"es\"},{\"@type\":\"Person\",\"@id\":\"https:\\\/\\\/www.carlosyconchita.net\\\/rutas\\\/#\\\/schema\\\/person\\\/a9691f7258c28443fab2d3aa1479ea19\",\"name\":\"Carlos Conchita\",\"image\":{\"@type\":\"ImageObject\",\"inLanguage\":\"es\",\"@id\":\"https:\\\/\\\/secure.gravatar.com\\\/avatar\\\/3a4625b20c8da3de99da69bfe7a322774e291c3f90dce7e8778a30fe6748ed1a?s=96&d=mm&r=g\",\"url\":\"https:\\\/\\\/secure.gravatar.com\\\/avatar\\\/3a4625b20c8da3de99da69bfe7a322774e291c3f90dce7e8778a30fe6748ed1a?s=96&d=mm&r=g\",\"contentUrl\":\"https:\\\/\\\/secure.gravatar.com\\\/avatar\\\/3a4625b20c8da3de99da69bfe7a322774e291c3f90dce7e8778a30fe6748ed1a?s=96&d=mm&r=g\",\"caption\":\"Carlos Conchita\"}}]}<\/script>\n<!-- \/ Yoast SEO plugin. -->","yoast_head_json":{"title":"24-02-2023-Yacimiento arqueol\u00f3gico Capocorb Vell y Lluchmajor -","robots":{"index":"index","follow":"follow","max-snippet":"max-snippet:-1","max-image-preview":"max-image-preview:large","max-video-preview":"max-video-preview:-1"},"canonical":"https:\/\/www.carlosyconchita.net\/rutas\/24-02-2023-yacimiento-arqueologico-capocorb-vell\/","og_locale":"es_ES","og_type":"article","og_title":"24-02-2023-Yacimiento arqueol\u00f3gico Capocorb Vell y Lluchmajor -","og_description":"Visita al Yacimiento arqueol\u00f3gico de Capocorb Vell, uno de los m\u00e1s importantes de Mallorca y de las Islas Baleares en general. Este poblado se fund\u00f3 alrededor del a\u00f1o 1.000 A.de C. , despu\u00e9s fu\u00e9 ocupado por las poblaciones baleares, por los romanos en el a\u00f1o 123 A.de C., posteriormente por los musulmanes, cristianos y en [&hellip;]","og_url":"https:\/\/www.carlosyconchita.net\/rutas\/24-02-2023-yacimiento-arqueologico-capocorb-vell\/","og_site_name":"Las rutas de Carlos y Conchita","article_published_time":"2023-02-24T17:15:26+00:00","article_modified_time":"2024-01-17T18:16:58+00:00","og_image":[{"width":1024,"height":577,"url":"https:\/\/www.carlosyconchita.net\/rutas\/wp-content\/uploads\/2024\/01\/Mallorca-24-00006.jpg","type":"image\/jpeg"}],"author":"Carlos Conchita","twitter_misc":{"Escrito por":"Carlos Conchita","Tiempo de lectura":"2 minutos"},"schema":{"@context":"https:\/\/schema.org","@graph":[{"@type":"Article","@id":"https:\/\/www.carlosyconchita.net\/rutas\/24-02-2023-yacimiento-arqueologico-capocorb-vell\/#article","isPartOf":{"@id":"https:\/\/www.carlosyconchita.net\/rutas\/24-02-2023-yacimiento-arqueologico-capocorb-vell\/"},"author":{"name":"Carlos Conchita","@id":"https:\/\/www.carlosyconchita.net\/rutas\/#\/schema\/person\/a9691f7258c28443fab2d3aa1479ea19"},"headline":"24-02-2023-Yacimiento arqueol\u00f3gico Capocorb Vell y Lluchmajor","datePublished":"2023-02-24T17:15:26+00:00","dateModified":"2024-01-17T18:16:58+00:00","mainEntityOfPage":{"@id":"https:\/\/www.carlosyconchita.net\/rutas\/24-02-2023-yacimiento-arqueologico-capocorb-vell\/"},"wordCount":188,"image":{"@id":"https:\/\/www.carlosyconchita.net\/rutas\/24-02-2023-yacimiento-arqueologico-capocorb-vell\/#primaryimage"},"thumbnailUrl":"https:\/\/www.carlosyconchita.net\/rutas\/wp-content\/uploads\/2024\/01\/Mallorca-24-00006.jpg","articleSection":["0-Fotos","0-Muy f\u00e1cil","1 - Hasta 5 km.","Mallorca"],"inLanguage":"es"},{"@type":"WebPage","@id":"https:\/\/www.carlosyconchita.net\/rutas\/24-02-2023-yacimiento-arqueologico-capocorb-vell\/","url":"https:\/\/www.carlosyconchita.net\/rutas\/24-02-2023-yacimiento-arqueologico-capocorb-vell\/","name":"24-02-2023-Yacimiento arqueol\u00f3gico Capocorb Vell y Lluchmajor -","isPartOf":{"@id":"https:\/\/www.carlosyconchita.net\/rutas\/#website"},"primaryImageOfPage":{"@id":"https:\/\/www.carlosyconchita.net\/rutas\/24-02-2023-yacimiento-arqueologico-capocorb-vell\/#primaryimage"},"image":{"@id":"https:\/\/www.carlosyconchita.net\/rutas\/24-02-2023-yacimiento-arqueologico-capocorb-vell\/#primaryimage"},"thumbnailUrl":"https:\/\/www.carlosyconchita.net\/rutas\/wp-content\/uploads\/2024\/01\/Mallorca-24-00006.jpg","datePublished":"2023-02-24T17:15:26+00:00","dateModified":"2024-01-17T18:16:58+00:00","author":{"@id":"https:\/\/www.carlosyconchita.net\/rutas\/#\/schema\/person\/a9691f7258c28443fab2d3aa1479ea19"},"breadcrumb":{"@id":"https:\/\/www.carlosyconchita.net\/rutas\/24-02-2023-yacimiento-arqueologico-capocorb-vell\/#breadcrumb"},"inLanguage":"es","potentialAction":[{"@type":"ReadAction","target":["https:\/\/www.carlosyconchita.net\/rutas\/24-02-2023-yacimiento-arqueologico-capocorb-vell\/"]}]},{"@type":"ImageObject","inLanguage":"es","@id":"https:\/\/www.carlosyconchita.net\/rutas\/24-02-2023-yacimiento-arqueologico-capocorb-vell\/#primaryimage","url":"https:\/\/www.carlosyconchita.net\/rutas\/wp-content\/uploads\/2024\/01\/Mallorca-24-00006.jpg","contentUrl":"https:\/\/www.carlosyconchita.net\/rutas\/wp-content\/uploads\/2024\/01\/Mallorca-24-00006.jpg","width":1024,"height":577},{"@type":"BreadcrumbList","@id":"https:\/\/www.carlosyconchita.net\/rutas\/24-02-2023-yacimiento-arqueologico-capocorb-vell\/#breadcrumb","itemListElement":[{"@type":"ListItem","position":1,"name":"Portada","item":"https:\/\/www.carlosyconchita.net\/rutas\/"},{"@type":"ListItem","position":2,"name":"24-02-2023-Yacimiento arqueol\u00f3gico Capocorb Vell y Lluchmajor"}]},{"@type":"WebSite","@id":"https:\/\/www.carlosyconchita.net\/rutas\/#website","url":"https:\/\/www.carlosyconchita.net\/rutas\/","name":"Las rutas de Carlos y Conchita","description":"","potentialAction":[{"@type":"SearchAction","target":{"@type":"EntryPoint","urlTemplate":"https:\/\/www.carlosyconchita.net\/rutas\/?s={search_term_string}"},"query-input":{"@type":"PropertyValueSpecification","valueRequired":true,"valueName":"search_term_string"}}],"inLanguage":"es"},{"@type":"Person","@id":"https:\/\/www.carlosyconchita.net\/rutas\/#\/schema\/person\/a9691f7258c28443fab2d3aa1479ea19","name":"Carlos Conchita","image":{"@type":"ImageObject","inLanguage":"es","@id":"https:\/\/secure.gravatar.com\/avatar\/3a4625b20c8da3de99da69bfe7a322774e291c3f90dce7e8778a30fe6748ed1a?s=96&d=mm&r=g","url":"https:\/\/secure.gravatar.com\/avatar\/3a4625b20c8da3de99da69bfe7a322774e291c3f90dce7e8778a30fe6748ed1a?s=96&d=mm&r=g","contentUrl":"https:\/\/secure.gravatar.com\/avatar\/3a4625b20c8da3de99da69bfe7a322774e291c3f90dce7e8778a30fe6748ed1a?s=96&d=mm&r=g","caption":"Carlos Conchita"}}]}},"_links":{"self":[{"href":"https:\/\/www.carlosyconchita.net\/rutas\/wp-json\/wp\/v2\/posts\/19432","targetHints":{"allow":["GET"]}}],"collection":[{"href":"https:\/\/www.carlosyconchita.net\/rutas\/wp-json\/wp\/v2\/posts"}],"about":[{"href":"https:\/\/www.carlosyconchita.net\/rutas\/wp-json\/wp\/v2\/types\/post"}],"author":[{"embeddable":true,"href":"https:\/\/www.carlosyconchita.net\/rutas\/wp-json\/wp\/v2\/users\/50"}],"replies":[{"embeddable":true,"href":"https:\/\/www.carlosyconchita.net\/rutas\/wp-json\/wp\/v2\/comments?post=19432"}],"version-history":[{"count":0,"href":"https:\/\/www.carlosyconchita.net\/rutas\/wp-json\/wp\/v2\/posts\/19432\/revisions"}],"wp:featuredmedia":[{"embeddable":true,"href":"https:\/\/www.carlosyconchita.net\/rutas\/wp-json\/wp\/v2\/media\/19433"}],"wp:attachment":[{"href":"https:\/\/www.carlosyconchita.net\/rutas\/wp-json\/wp\/v2\/media?parent=19432"}],"wp:term":[{"taxonomy":"category","embeddable":true,"href":"https:\/\/www.carlosyconchita.net\/rutas\/wp-json\/wp\/v2\/categories?post=19432"},{"taxonomy":"post_tag","embeddable":true,"href":"https:\/\/www.carlosyconchita.net\/rutas\/wp-json\/wp\/v2\/tags?post=19432"}],"curies":[{"name":"wp","href":"https:\/\/api.w.org\/{rel}","templated":true}]}}