{"id":19488,"date":"2023-02-26T11:28:30","date_gmt":"2023-02-26T10:28:30","guid":{"rendered":"https:\/\/www.carlosyconchita.net\/rutas\/?p=19488"},"modified":"2024-02-29T12:24:39","modified_gmt":"2024-02-29T11:24:39","slug":"26-02-2023-monasterio-la-trapa-mirador-josep-sastre-isla-dragonera-y-puig-ses-basses","status":"publish","type":"post","link":"https:\/\/www.carlosyconchita.net\/rutas\/26-02-2023-monasterio-la-trapa-mirador-josep-sastre-isla-dragonera-y-puig-ses-basses\/","title":{"rendered":"26-02-2023-Monasterio La Trapa, mirador Josep Sastre (isla Dragonera) y Puig Ses Basses"},"content":{"rendered":"<p style=\"text-align: justify;\">Empezando en la peque\u00f1a poblaci\u00f3n de Sant Elm, hemos hecho una bonita y bastante calurosa excursi\u00f3n para subir al antiguo Monasterio de la Trapa, despu\u00e9s al mirador Josep Sastre y por \u00faltimo\u00a0 al peque\u00f1o Puig de Ses Basses.<br \/>\nDesde el mirador, y tambi\u00e9n durante buena parte del recorrido, hemos podido disfrutar de unas magn\u00edficas vistas de la isla Dragonera.<\/p>\n<p style=\"text-align: justify;\">La hemos clasificada con \u00abF\u00e1cil-Moderada\u00bb\u00a0 porque el recorrido no es especialmente dif\u00edcil ni complicado, pero por el tipo de terreno bastante escaso de \u00e1rboles , excepto el primer tramo de subida desde donde dejamos el coche, en verano puede ser m\u00e1s pesado el recorrido.<\/p>\n<p>Hay un par de tramos un poco m\u00e1s complicados, ya que hay que subir y despu\u00e9s bajar por encima de rocas, en donde lo mejor es sentarse, pero sin especial dificultad.<\/p>\n<p>El antiguo monasterio\u00a0 est\u00e1 en restauraci\u00f3n desde hace bastantes a\u00f1os, as\u00ed como toda la zona , estropeada varias veces por los incendios forestales y por los a\u00f1os de abandono hasta el que Gobierno Balear lo compr\u00f3 en los a\u00f1os\u00a0 70 del pasado siglo XX.<\/p>\n<p style=\"text-align: justify;\">Por la tarde, despu\u00e9s de la caminata, el tiempo ha ido empeorando, con fr\u00edo y\u00a0 viento, y nos hemos ido a dar una vuelta por el puerto de Andraitx, en donde podemos ver bastantes yates , muy bonitos y grandes, muchos de ellos alemanes, ya que esta poblaci\u00f3n tiene una buena colonia de habitantes de esta nacionalidad.<br \/>\nY para calentarnos un poco, nos hemos tomado una buena raci\u00f3n de ensaimada rellena\u00a0 y un calentito chocolate a la taza.<\/p>\n<hr \/>\n<p>&nbsp;<\/p>\n<p><strong>Distancia total<\/strong> :\u00a0\u00a0\u00a0 10.000 \u00a0 m<span class=\"totlen\"><span class=\"summaryvalue\">.\u00a0\u00a0\u00a0\u00a0\u00a0\u00a0\u00a0\u00a0\u00a0\u00a0\u00a0\u00a0\u00a0\u00a0\u00a0\u00a0\u00a0\u00a0\u00a0\u00a0\u00a0 <strong>Alturas m\u00edn\/m\u00e1x. :\u00a0<\/strong> \u00a0\u00a0 23 m. \/\u00a0 484 m.\u00a0 <br \/>\n<\/span><\/span><\/p>\n<p><strong>Desnivel acumulado (s\/GPS Visualizer)<\/strong> :\u00a0 \u00a0\u00a0 650\u00a0 m.<\/p>\n<p><strong>Desnivel acumulado (s\/Wikiloc)<\/strong> :\u00a0\u00a0 510\u00a0 m.<\/p>\n<p>&nbsp;<\/p>\n<hr \/>\n<p><strong>Album de fotos<\/strong><\/p>\n<p><a href=\"https:\/\/photos.app.goo.gl\/HeNX4tjwUZY9hgHP8\" target=\"_blank\" rel=\"noopener\"><img loading=\"lazy\" decoding=\"async\" class=\"size-medium wp-image-19489 aligncenter\" src=\"https:\/\/www.carlosyconchita.net\/rutas\/wp-content\/uploads\/2024\/02\/Mallorca-26-00057-300x226.jpg\" alt=\"\" width=\"300\" height=\"226\" srcset=\"https:\/\/www.carlosyconchita.net\/rutas\/wp-content\/uploads\/2024\/02\/Mallorca-26-00057-300x226.jpg 300w, https:\/\/www.carlosyconchita.net\/rutas\/wp-content\/uploads\/2024\/02\/Mallorca-26-00057-598x450.jpg 598w, https:\/\/www.carlosyconchita.net\/rutas\/wp-content\/uploads\/2024\/02\/Mallorca-26-00057-768x578.jpg 768w, https:\/\/www.carlosyconchita.net\/rutas\/wp-content\/uploads\/2024\/02\/Mallorca-26-00057.jpg 1016w\" sizes=\"auto, (max-width: 300px) 100vw, 300px\" \/><\/a><\/p>\n<hr \/>\n<h4><strong>Mapa y track de la ruta<\/strong><\/h4>\n<p style=\"text-align: center;\"><strong><span style=\"color: #ff0000;\">Pulsando sobre los waypoints del mapa, se puede ver una foto del sitio.<\/span><\/strong><\/p>\n<p>&nbsp;<\/p>\n<p><a href=\"https:\/\/www.carlosyconchita.net\/rutas\/wp-content\/uploads\/gpx\/LaTrapa-MiradorDragonera.html\" target=\"_blank\" rel=\"noopener\"><img loading=\"lazy\" decoding=\"async\" class=\"aligncenter wp-image-16466\" src=\"https:\/\/www.carlosyconchita.net\/rutas\/wp-content\/uploads\/2021\/09\/mapa2.jpg\" alt=\"\" width=\"0185\" height=\"185\" srcset=\"https:\/\/www.carlosyconchita.net\/rutas\/wp-content\/uploads\/2021\/09\/mapa2.jpg 225w, https:\/\/www.carlosyconchita.net\/rutas\/wp-content\/uploads\/2021\/09\/mapa2-120x120.jpg 120w\" sizes=\"auto, (max-width: 185px) 100vw, 185px\" \/><\/a><\/p>\n<hr \/>\n<p><strong>Wikiloc\u00a0\u00a0\u00a0 <\/strong><strong><br \/>\n<\/strong><\/p>\n<p><a href=\"https:\/\/es.wikiloc.com\/rutas-senderismo\/26-02-2023-monasterio-la-trapa-mirador-josep-sastre-isla-dragonera-y-puig-ses-basses-162554181\" target=\"_blank\" rel=\"noopener\"><img loading=\"lazy\" decoding=\"async\" class=\"aligncenter size-full wp-image-958\" src=\"https:\/\/www.carlosyconchita.net\/rutas\/wp-content\/uploads\/2020\/09\/wikiloc.jpg\" alt=\"\" width=\"117\" height=\"34\" \/><\/a><\/p>\n<p>&nbsp;<\/p>\n<hr \/>\n<p style=\"text-align: justify;\"><span style=\"color: #ff0000; background-color: #ffffff; font-size: 14pt;\"><strong>Si te ha gustado o tienes alguna consulta,\u00a0 env\u00edanos tu comentario.<br \/>\n<\/strong><\/span><\/p>\n<p style=\"text-align: justify;\"><span style=\"font-size: 14pt;\"><strong><span style=\"color: #ff0000;\">Muchas gracias !<\/span><\/strong><\/span><\/p>\n<hr \/>\n<p style=\"text-align: justify;\"><strong><span style=\"color: #008000;\">Suscribete si quieres recibir un mail cuando publiquemos nuevas rutas : no enviamos publicidad y como m\u00e1ximo enviamos 2 mails al mes<\/span><\/strong><\/p>\n<p style=\"text-align: center;\"><a href=\"https:\/\/mailchi.mp\/6989c83a3e24\/wmv06rtqcz\/\" target=\"_blank\" rel=\"noopener noreferrer\"><strong><span style=\"color: #0000ff;\">Pulsa aqu\u00ed para suscribirte<\/span><\/strong><\/a><\/p>\n<hr \/>\n<p style=\"text-align: justify;\">\u00a0<\/p>\n<h3 style=\"text-align: justify;\">Puedes imprimir esta publicaci\u00f3n o guardarla en diferentes formatos :<\/h3>\n<p style=\"text-align: justify;\"><span style=\"color: #ff0000; font-size: 14pt;\">Para facilitar la impresi\u00f3n, hemos reducido considerablemente el tama\u00f1o de las fotos, pero si deseas imprimir sin fotos, aconsejamos guardarlo como \u201cdoc\u201d, y antes de imprimirlo, eliminar las fotos<\/span><\/p>\n<p>&nbsp;<\/p>\n","protected":false},"excerpt":{"rendered":"<p>Empezando en la peque\u00f1a poblaci\u00f3n de Sant Elm, hemos hecho una bonita y bastante calurosa excursi\u00f3n para subir al antiguo Monasterio de la Trapa, despu\u00e9s al mirador Josep Sastre y por \u00faltimo\u00a0 al peque\u00f1o Puig de Ses Basses. Desde el mirador, y tambi\u00e9n durante buena parte del recorrido, hemos podido disfrutar de unas magn\u00edficas vistas [&hellip;]<\/p>\n","protected":false},"author":50,"featured_media":19489,"comment_status":"closed","ping_status":"open","sticky":false,"template":"","format":"standard","meta":{"footnotes":""},"categories":[10,22,11,131],"tags":[],"class_list":{"0":"post-19488","1":"post","2":"type-post","3":"status-publish","4":"format-standard","5":"has-post-thumbnail","6":"hentry","7":"category-facil","8":"category-de-05-a-10-km","9":"category-moderada","10":"category-mallorca","12":"post-with-thumbnail","13":"post-with-thumbnail-icon"},"yoast_head":"<!-- This site is optimized with the Yoast SEO plugin v27.4 - https:\/\/yoast.com\/product\/yoast-seo-wordpress\/ -->\n<title>26-02-2023-Monasterio La Trapa, mirador Josep Sastre (isla Dragonera) y Puig Ses Basses -<\/title>\n<meta name=\"robots\" content=\"index, follow, max-snippet:-1, max-image-preview:large, max-video-preview:-1\" \/>\n<link rel=\"canonical\" href=\"https:\/\/www.carlosyconchita.net\/rutas\/26-02-2023-monasterio-la-trapa-mirador-josep-sastre-isla-dragonera-y-puig-ses-basses\/\" \/>\n<meta property=\"og:locale\" content=\"es_ES\" \/>\n<meta property=\"og:type\" content=\"article\" \/>\n<meta property=\"og:title\" content=\"26-02-2023-Monasterio La Trapa, mirador Josep Sastre (isla Dragonera) y Puig Ses Basses -\" \/>\n<meta property=\"og:description\" content=\"Empezando en la peque\u00f1a poblaci\u00f3n de Sant Elm, hemos hecho una bonita y bastante calurosa excursi\u00f3n para subir al antiguo Monasterio de la Trapa, despu\u00e9s al mirador Josep Sastre y por \u00faltimo\u00a0 al peque\u00f1o Puig de Ses Basses. Desde el mirador, y tambi\u00e9n durante buena parte del recorrido, hemos podido disfrutar de unas magn\u00edficas vistas [&hellip;]\" \/>\n<meta property=\"og:url\" content=\"https:\/\/www.carlosyconchita.net\/rutas\/26-02-2023-monasterio-la-trapa-mirador-josep-sastre-isla-dragonera-y-puig-ses-basses\/\" \/>\n<meta property=\"og:site_name\" content=\"Las rutas de Carlos y Conchita\" \/>\n<meta property=\"article:published_time\" content=\"2023-02-26T10:28:30+00:00\" \/>\n<meta property=\"article:modified_time\" content=\"2024-02-29T11:24:39+00:00\" \/>\n<meta property=\"og:image\" content=\"https:\/\/www.carlosyconchita.net\/rutas\/wp-content\/uploads\/2024\/02\/Mallorca-26-00057.jpg\" \/>\n\t<meta property=\"og:image:width\" content=\"1016\" \/>\n\t<meta property=\"og:image:height\" content=\"764\" \/>\n\t<meta property=\"og:image:type\" content=\"image\/jpeg\" \/>\n<meta name=\"author\" content=\"Carlos Conchita\" \/>\n<meta name=\"twitter:label1\" content=\"Escrito por\" \/>\n\t<meta name=\"twitter:data1\" content=\"Carlos Conchita\" \/>\n\t<meta name=\"twitter:label2\" content=\"Tiempo de lectura\" \/>\n\t<meta name=\"twitter:data2\" content=\"3 minutos\" \/>\n<script type=\"application\/ld+json\" class=\"yoast-schema-graph\">{\"@context\":\"https:\\\/\\\/schema.org\",\"@graph\":[{\"@type\":\"Article\",\"@id\":\"https:\\\/\\\/www.carlosyconchita.net\\\/rutas\\\/26-02-2023-monasterio-la-trapa-mirador-josep-sastre-isla-dragonera-y-puig-ses-basses\\\/#article\",\"isPartOf\":{\"@id\":\"https:\\\/\\\/www.carlosyconchita.net\\\/rutas\\\/26-02-2023-monasterio-la-trapa-mirador-josep-sastre-isla-dragonera-y-puig-ses-basses\\\/\"},\"author\":{\"name\":\"Carlos Conchita\",\"@id\":\"https:\\\/\\\/www.carlosyconchita.net\\\/rutas\\\/#\\\/schema\\\/person\\\/a9691f7258c28443fab2d3aa1479ea19\"},\"headline\":\"26-02-2023-Monasterio La Trapa, mirador Josep Sastre (isla Dragonera) y Puig Ses Basses\",\"datePublished\":\"2023-02-26T10:28:30+00:00\",\"dateModified\":\"2024-02-29T11:24:39+00:00\",\"mainEntityOfPage\":{\"@id\":\"https:\\\/\\\/www.carlosyconchita.net\\\/rutas\\\/26-02-2023-monasterio-la-trapa-mirador-josep-sastre-isla-dragonera-y-puig-ses-basses\\\/\"},\"wordCount\":415,\"image\":{\"@id\":\"https:\\\/\\\/www.carlosyconchita.net\\\/rutas\\\/26-02-2023-monasterio-la-trapa-mirador-josep-sastre-isla-dragonera-y-puig-ses-basses\\\/#primaryimage\"},\"thumbnailUrl\":\"https:\\\/\\\/www.carlosyconchita.net\\\/rutas\\\/wp-content\\\/uploads\\\/2024\\\/02\\\/Mallorca-26-00057.jpg\",\"articleSection\":[\"1-F\u00e1cil\",\"2 - De 5 a 10 km.\",\"2-Moderada\",\"Mallorca\"],\"inLanguage\":\"es\"},{\"@type\":\"WebPage\",\"@id\":\"https:\\\/\\\/www.carlosyconchita.net\\\/rutas\\\/26-02-2023-monasterio-la-trapa-mirador-josep-sastre-isla-dragonera-y-puig-ses-basses\\\/\",\"url\":\"https:\\\/\\\/www.carlosyconchita.net\\\/rutas\\\/26-02-2023-monasterio-la-trapa-mirador-josep-sastre-isla-dragonera-y-puig-ses-basses\\\/\",\"name\":\"26-02-2023-Monasterio La Trapa, mirador Josep Sastre (isla Dragonera) y Puig Ses Basses -\",\"isPartOf\":{\"@id\":\"https:\\\/\\\/www.carlosyconchita.net\\\/rutas\\\/#website\"},\"primaryImageOfPage\":{\"@id\":\"https:\\\/\\\/www.carlosyconchita.net\\\/rutas\\\/26-02-2023-monasterio-la-trapa-mirador-josep-sastre-isla-dragonera-y-puig-ses-basses\\\/#primaryimage\"},\"image\":{\"@id\":\"https:\\\/\\\/www.carlosyconchita.net\\\/rutas\\\/26-02-2023-monasterio-la-trapa-mirador-josep-sastre-isla-dragonera-y-puig-ses-basses\\\/#primaryimage\"},\"thumbnailUrl\":\"https:\\\/\\\/www.carlosyconchita.net\\\/rutas\\\/wp-content\\\/uploads\\\/2024\\\/02\\\/Mallorca-26-00057.jpg\",\"datePublished\":\"2023-02-26T10:28:30+00:00\",\"dateModified\":\"2024-02-29T11:24:39+00:00\",\"author\":{\"@id\":\"https:\\\/\\\/www.carlosyconchita.net\\\/rutas\\\/#\\\/schema\\\/person\\\/a9691f7258c28443fab2d3aa1479ea19\"},\"breadcrumb\":{\"@id\":\"https:\\\/\\\/www.carlosyconchita.net\\\/rutas\\\/26-02-2023-monasterio-la-trapa-mirador-josep-sastre-isla-dragonera-y-puig-ses-basses\\\/#breadcrumb\"},\"inLanguage\":\"es\",\"potentialAction\":[{\"@type\":\"ReadAction\",\"target\":[\"https:\\\/\\\/www.carlosyconchita.net\\\/rutas\\\/26-02-2023-monasterio-la-trapa-mirador-josep-sastre-isla-dragonera-y-puig-ses-basses\\\/\"]}]},{\"@type\":\"ImageObject\",\"inLanguage\":\"es\",\"@id\":\"https:\\\/\\\/www.carlosyconchita.net\\\/rutas\\\/26-02-2023-monasterio-la-trapa-mirador-josep-sastre-isla-dragonera-y-puig-ses-basses\\\/#primaryimage\",\"url\":\"https:\\\/\\\/www.carlosyconchita.net\\\/rutas\\\/wp-content\\\/uploads\\\/2024\\\/02\\\/Mallorca-26-00057.jpg\",\"contentUrl\":\"https:\\\/\\\/www.carlosyconchita.net\\\/rutas\\\/wp-content\\\/uploads\\\/2024\\\/02\\\/Mallorca-26-00057.jpg\",\"width\":1016,\"height\":764},{\"@type\":\"BreadcrumbList\",\"@id\":\"https:\\\/\\\/www.carlosyconchita.net\\\/rutas\\\/26-02-2023-monasterio-la-trapa-mirador-josep-sastre-isla-dragonera-y-puig-ses-basses\\\/#breadcrumb\",\"itemListElement\":[{\"@type\":\"ListItem\",\"position\":1,\"name\":\"Portada\",\"item\":\"https:\\\/\\\/www.carlosyconchita.net\\\/rutas\\\/\"},{\"@type\":\"ListItem\",\"position\":2,\"name\":\"26-02-2023-Monasterio La Trapa, mirador Josep Sastre (isla Dragonera) y Puig Ses Basses\"}]},{\"@type\":\"WebSite\",\"@id\":\"https:\\\/\\\/www.carlosyconchita.net\\\/rutas\\\/#website\",\"url\":\"https:\\\/\\\/www.carlosyconchita.net\\\/rutas\\\/\",\"name\":\"Las rutas de Carlos y Conchita\",\"description\":\"\",\"potentialAction\":[{\"@type\":\"SearchAction\",\"target\":{\"@type\":\"EntryPoint\",\"urlTemplate\":\"https:\\\/\\\/www.carlosyconchita.net\\\/rutas\\\/?s={search_term_string}\"},\"query-input\":{\"@type\":\"PropertyValueSpecification\",\"valueRequired\":true,\"valueName\":\"search_term_string\"}}],\"inLanguage\":\"es\"},{\"@type\":\"Person\",\"@id\":\"https:\\\/\\\/www.carlosyconchita.net\\\/rutas\\\/#\\\/schema\\\/person\\\/a9691f7258c28443fab2d3aa1479ea19\",\"name\":\"Carlos Conchita\",\"image\":{\"@type\":\"ImageObject\",\"inLanguage\":\"es\",\"@id\":\"https:\\\/\\\/secure.gravatar.com\\\/avatar\\\/3a4625b20c8da3de99da69bfe7a322774e291c3f90dce7e8778a30fe6748ed1a?s=96&d=mm&r=g\",\"url\":\"https:\\\/\\\/secure.gravatar.com\\\/avatar\\\/3a4625b20c8da3de99da69bfe7a322774e291c3f90dce7e8778a30fe6748ed1a?s=96&d=mm&r=g\",\"contentUrl\":\"https:\\\/\\\/secure.gravatar.com\\\/avatar\\\/3a4625b20c8da3de99da69bfe7a322774e291c3f90dce7e8778a30fe6748ed1a?s=96&d=mm&r=g\",\"caption\":\"Carlos Conchita\"}}]}<\/script>\n<!-- \/ Yoast SEO plugin. -->","yoast_head_json":{"title":"26-02-2023-Monasterio La Trapa, mirador Josep Sastre (isla Dragonera) y Puig Ses Basses -","robots":{"index":"index","follow":"follow","max-snippet":"max-snippet:-1","max-image-preview":"max-image-preview:large","max-video-preview":"max-video-preview:-1"},"canonical":"https:\/\/www.carlosyconchita.net\/rutas\/26-02-2023-monasterio-la-trapa-mirador-josep-sastre-isla-dragonera-y-puig-ses-basses\/","og_locale":"es_ES","og_type":"article","og_title":"26-02-2023-Monasterio La Trapa, mirador Josep Sastre (isla Dragonera) y Puig Ses Basses -","og_description":"Empezando en la peque\u00f1a poblaci\u00f3n de Sant Elm, hemos hecho una bonita y bastante calurosa excursi\u00f3n para subir al antiguo Monasterio de la Trapa, despu\u00e9s al mirador Josep Sastre y por \u00faltimo\u00a0 al peque\u00f1o Puig de Ses Basses. Desde el mirador, y tambi\u00e9n durante buena parte del recorrido, hemos podido disfrutar de unas magn\u00edficas vistas [&hellip;]","og_url":"https:\/\/www.carlosyconchita.net\/rutas\/26-02-2023-monasterio-la-trapa-mirador-josep-sastre-isla-dragonera-y-puig-ses-basses\/","og_site_name":"Las rutas de Carlos y Conchita","article_published_time":"2023-02-26T10:28:30+00:00","article_modified_time":"2024-02-29T11:24:39+00:00","og_image":[{"width":1016,"height":764,"url":"https:\/\/www.carlosyconchita.net\/rutas\/wp-content\/uploads\/2024\/02\/Mallorca-26-00057.jpg","type":"image\/jpeg"}],"author":"Carlos Conchita","twitter_misc":{"Escrito por":"Carlos Conchita","Tiempo de lectura":"3 minutos"},"schema":{"@context":"https:\/\/schema.org","@graph":[{"@type":"Article","@id":"https:\/\/www.carlosyconchita.net\/rutas\/26-02-2023-monasterio-la-trapa-mirador-josep-sastre-isla-dragonera-y-puig-ses-basses\/#article","isPartOf":{"@id":"https:\/\/www.carlosyconchita.net\/rutas\/26-02-2023-monasterio-la-trapa-mirador-josep-sastre-isla-dragonera-y-puig-ses-basses\/"},"author":{"name":"Carlos Conchita","@id":"https:\/\/www.carlosyconchita.net\/rutas\/#\/schema\/person\/a9691f7258c28443fab2d3aa1479ea19"},"headline":"26-02-2023-Monasterio La Trapa, mirador Josep Sastre (isla Dragonera) y Puig Ses Basses","datePublished":"2023-02-26T10:28:30+00:00","dateModified":"2024-02-29T11:24:39+00:00","mainEntityOfPage":{"@id":"https:\/\/www.carlosyconchita.net\/rutas\/26-02-2023-monasterio-la-trapa-mirador-josep-sastre-isla-dragonera-y-puig-ses-basses\/"},"wordCount":415,"image":{"@id":"https:\/\/www.carlosyconchita.net\/rutas\/26-02-2023-monasterio-la-trapa-mirador-josep-sastre-isla-dragonera-y-puig-ses-basses\/#primaryimage"},"thumbnailUrl":"https:\/\/www.carlosyconchita.net\/rutas\/wp-content\/uploads\/2024\/02\/Mallorca-26-00057.jpg","articleSection":["1-F\u00e1cil","2 - De 5 a 10 km.","2-Moderada","Mallorca"],"inLanguage":"es"},{"@type":"WebPage","@id":"https:\/\/www.carlosyconchita.net\/rutas\/26-02-2023-monasterio-la-trapa-mirador-josep-sastre-isla-dragonera-y-puig-ses-basses\/","url":"https:\/\/www.carlosyconchita.net\/rutas\/26-02-2023-monasterio-la-trapa-mirador-josep-sastre-isla-dragonera-y-puig-ses-basses\/","name":"26-02-2023-Monasterio La Trapa, mirador Josep Sastre (isla Dragonera) y Puig Ses Basses -","isPartOf":{"@id":"https:\/\/www.carlosyconchita.net\/rutas\/#website"},"primaryImageOfPage":{"@id":"https:\/\/www.carlosyconchita.net\/rutas\/26-02-2023-monasterio-la-trapa-mirador-josep-sastre-isla-dragonera-y-puig-ses-basses\/#primaryimage"},"image":{"@id":"https:\/\/www.carlosyconchita.net\/rutas\/26-02-2023-monasterio-la-trapa-mirador-josep-sastre-isla-dragonera-y-puig-ses-basses\/#primaryimage"},"thumbnailUrl":"https:\/\/www.carlosyconchita.net\/rutas\/wp-content\/uploads\/2024\/02\/Mallorca-26-00057.jpg","datePublished":"2023-02-26T10:28:30+00:00","dateModified":"2024-02-29T11:24:39+00:00","author":{"@id":"https:\/\/www.carlosyconchita.net\/rutas\/#\/schema\/person\/a9691f7258c28443fab2d3aa1479ea19"},"breadcrumb":{"@id":"https:\/\/www.carlosyconchita.net\/rutas\/26-02-2023-monasterio-la-trapa-mirador-josep-sastre-isla-dragonera-y-puig-ses-basses\/#breadcrumb"},"inLanguage":"es","potentialAction":[{"@type":"ReadAction","target":["https:\/\/www.carlosyconchita.net\/rutas\/26-02-2023-monasterio-la-trapa-mirador-josep-sastre-isla-dragonera-y-puig-ses-basses\/"]}]},{"@type":"ImageObject","inLanguage":"es","@id":"https:\/\/www.carlosyconchita.net\/rutas\/26-02-2023-monasterio-la-trapa-mirador-josep-sastre-isla-dragonera-y-puig-ses-basses\/#primaryimage","url":"https:\/\/www.carlosyconchita.net\/rutas\/wp-content\/uploads\/2024\/02\/Mallorca-26-00057.jpg","contentUrl":"https:\/\/www.carlosyconchita.net\/rutas\/wp-content\/uploads\/2024\/02\/Mallorca-26-00057.jpg","width":1016,"height":764},{"@type":"BreadcrumbList","@id":"https:\/\/www.carlosyconchita.net\/rutas\/26-02-2023-monasterio-la-trapa-mirador-josep-sastre-isla-dragonera-y-puig-ses-basses\/#breadcrumb","itemListElement":[{"@type":"ListItem","position":1,"name":"Portada","item":"https:\/\/www.carlosyconchita.net\/rutas\/"},{"@type":"ListItem","position":2,"name":"26-02-2023-Monasterio La Trapa, mirador Josep Sastre (isla Dragonera) y Puig Ses Basses"}]},{"@type":"WebSite","@id":"https:\/\/www.carlosyconchita.net\/rutas\/#website","url":"https:\/\/www.carlosyconchita.net\/rutas\/","name":"Las rutas de Carlos y Conchita","description":"","potentialAction":[{"@type":"SearchAction","target":{"@type":"EntryPoint","urlTemplate":"https:\/\/www.carlosyconchita.net\/rutas\/?s={search_term_string}"},"query-input":{"@type":"PropertyValueSpecification","valueRequired":true,"valueName":"search_term_string"}}],"inLanguage":"es"},{"@type":"Person","@id":"https:\/\/www.carlosyconchita.net\/rutas\/#\/schema\/person\/a9691f7258c28443fab2d3aa1479ea19","name":"Carlos Conchita","image":{"@type":"ImageObject","inLanguage":"es","@id":"https:\/\/secure.gravatar.com\/avatar\/3a4625b20c8da3de99da69bfe7a322774e291c3f90dce7e8778a30fe6748ed1a?s=96&d=mm&r=g","url":"https:\/\/secure.gravatar.com\/avatar\/3a4625b20c8da3de99da69bfe7a322774e291c3f90dce7e8778a30fe6748ed1a?s=96&d=mm&r=g","contentUrl":"https:\/\/secure.gravatar.com\/avatar\/3a4625b20c8da3de99da69bfe7a322774e291c3f90dce7e8778a30fe6748ed1a?s=96&d=mm&r=g","caption":"Carlos Conchita"}}]}},"_links":{"self":[{"href":"https:\/\/www.carlosyconchita.net\/rutas\/wp-json\/wp\/v2\/posts\/19488","targetHints":{"allow":["GET"]}}],"collection":[{"href":"https:\/\/www.carlosyconchita.net\/rutas\/wp-json\/wp\/v2\/posts"}],"about":[{"href":"https:\/\/www.carlosyconchita.net\/rutas\/wp-json\/wp\/v2\/types\/post"}],"author":[{"embeddable":true,"href":"https:\/\/www.carlosyconchita.net\/rutas\/wp-json\/wp\/v2\/users\/50"}],"replies":[{"embeddable":true,"href":"https:\/\/www.carlosyconchita.net\/rutas\/wp-json\/wp\/v2\/comments?post=19488"}],"version-history":[{"count":0,"href":"https:\/\/www.carlosyconchita.net\/rutas\/wp-json\/wp\/v2\/posts\/19488\/revisions"}],"wp:featuredmedia":[{"embeddable":true,"href":"https:\/\/www.carlosyconchita.net\/rutas\/wp-json\/wp\/v2\/media\/19489"}],"wp:attachment":[{"href":"https:\/\/www.carlosyconchita.net\/rutas\/wp-json\/wp\/v2\/media?parent=19488"}],"wp:term":[{"taxonomy":"category","embeddable":true,"href":"https:\/\/www.carlosyconchita.net\/rutas\/wp-json\/wp\/v2\/categories?post=19488"},{"taxonomy":"post_tag","embeddable":true,"href":"https:\/\/www.carlosyconchita.net\/rutas\/wp-json\/wp\/v2\/tags?post=19488"}],"curies":[{"name":"wp","href":"https:\/\/api.w.org\/{rel}","templated":true}]}}