{"id":19500,"date":"2023-02-27T11:41:56","date_gmt":"2023-02-27T10:41:56","guid":{"rendered":"https:\/\/www.carlosyconchita.net\/rutas\/?p=19500"},"modified":"2024-03-01T12:06:13","modified_gmt":"2024-03-01T11:06:13","slug":"27-02-2023-palma-castillo-bellver-iglesia-cristal-porciuncula","status":"publish","type":"post","link":"https:\/\/www.carlosyconchita.net\/rutas\/27-02-2023-palma-castillo-bellver-iglesia-cristal-porciuncula\/","title":{"rendered":"27-02-2023-Palma : castillo Bellver , Iglesia Cristal (Porci\u00fancula)"},"content":{"rendered":"<p style=\"text-align: justify;\">Hoy tenemos un d\u00eda lluvioso,y aunque supon\u00edamos que no podr\u00edamos hacer ninguna caminata como ten\u00edamos previsto,\u00a0 hemos ido de todas formas al Puerto de S\u00f3ller, pero no por la carretera principal, sino por la monta\u00f1a, en donde ha empezado a nevar.<br \/>\nEn S\u00f3ller\u00a0 estaba lloviendo mucho, y por las previsiones que ten\u00edamos posiblemente nevar\u00eda m\u00e1s tarde, por lo que teniendo en cuenta el coche que ten\u00edamos alquilado, no muy de fiar, y con neum\u00e1ticos normales, hemos vuelto a Palma por la carretera principal, y all\u00ed hemos hecho dos peque\u00f1as visitas que ten\u00edamos pendientes.<\/p>\n<p>Y por lo visto hicimos bien en volver, porque por la noche, en el hotel donde est\u00e1bamos, en las noticias de televisi\u00f3n y tambi\u00e9n varias personas del hotel, nos comentaron que quedaron bloqueadas en S\u00f3ller por culpa de la nieve.<\/p>\n<p style=\"text-align: justify;\">En Palma\u00a0 hacemos dos peque\u00f1as visitas :\u00a0 al castillo de Bellver , que hoy estaba cerrado , por lo que s\u00f3lo hemos podido verlo por fuera, y despu\u00e9s a la llamada iglesia de Cristal, cuyo nombre exacto es Iglesia Porci\u00fancula.<\/p>\n<hr \/>\n<p><strong>Album de fotos<\/strong><\/p>\n<p><a href=\"https:\/\/photos.app.goo.gl\/KiECqcvjD4FiiP6L8\" target=\"_blank\" rel=\"noopener\"><img loading=\"lazy\" decoding=\"async\" class=\"size-medium wp-image-19501 aligncenter\" src=\"https:\/\/www.carlosyconchita.net\/rutas\/wp-content\/uploads\/2024\/03\/Mallorca-27-00003-300x226.jpg\" alt=\"\" width=\"300\" height=\"226\" srcset=\"https:\/\/www.carlosyconchita.net\/rutas\/wp-content\/uploads\/2024\/03\/Mallorca-27-00003-300x226.jpg 300w, https:\/\/www.carlosyconchita.net\/rutas\/wp-content\/uploads\/2024\/03\/Mallorca-27-00003-598x450.jpg 598w, https:\/\/www.carlosyconchita.net\/rutas\/wp-content\/uploads\/2024\/03\/Mallorca-27-00003-768x578.jpg 768w, https:\/\/www.carlosyconchita.net\/rutas\/wp-content\/uploads\/2024\/03\/Mallorca-27-00003.jpg 1016w\" sizes=\"auto, (max-width: 300px) 100vw, 300px\" \/><\/a><\/p>\n<hr \/>\n<p>&nbsp;<\/p>\n","protected":false},"excerpt":{"rendered":"<p>Hoy tenemos un d\u00eda lluvioso,y aunque supon\u00edamos que no podr\u00edamos hacer ninguna caminata como ten\u00edamos previsto,\u00a0 hemos ido de todas formas al Puerto de S\u00f3ller, pero no por la carretera principal, sino por la monta\u00f1a, en donde ha empezado a nevar. En S\u00f3ller\u00a0 estaba lloviendo mucho, y por las previsiones que ten\u00edamos posiblemente nevar\u00eda m\u00e1s [&hellip;]<\/p>\n","protected":false},"author":50,"featured_media":19501,"comment_status":"closed","ping_status":"open","sticky":false,"template":"","format":"standard","meta":{"footnotes":""},"categories":[38,131],"tags":[],"class_list":{"0":"post-19500","1":"post","2":"type-post","3":"status-publish","4":"format-standard","5":"has-post-thumbnail","6":"hentry","7":"category-fotos","8":"category-mallorca","10":"post-with-thumbnail","11":"post-with-thumbnail-icon"},"yoast_head":"<!-- This site is optimized with the Yoast SEO plugin v27.4 - https:\/\/yoast.com\/product\/yoast-seo-wordpress\/ -->\n<title>27-02-2023-Palma : castillo Bellver , Iglesia Cristal (Porci\u00fancula) -<\/title>\n<meta name=\"robots\" content=\"index, follow, max-snippet:-1, max-image-preview:large, max-video-preview:-1\" \/>\n<link rel=\"canonical\" href=\"https:\/\/www.carlosyconchita.net\/rutas\/27-02-2023-palma-castillo-bellver-iglesia-cristal-porciuncula\/\" \/>\n<meta property=\"og:locale\" content=\"es_ES\" \/>\n<meta property=\"og:type\" content=\"article\" \/>\n<meta property=\"og:title\" content=\"27-02-2023-Palma : castillo Bellver , Iglesia Cristal (Porci\u00fancula) -\" \/>\n<meta property=\"og:description\" content=\"Hoy tenemos un d\u00eda lluvioso,y aunque supon\u00edamos que no podr\u00edamos hacer ninguna caminata como ten\u00edamos previsto,\u00a0 hemos ido de todas formas al Puerto de S\u00f3ller, pero no por la carretera principal, sino por la monta\u00f1a, en donde ha empezado a nevar. En S\u00f3ller\u00a0 estaba lloviendo mucho, y por las previsiones que ten\u00edamos posiblemente nevar\u00eda m\u00e1s [&hellip;]\" \/>\n<meta property=\"og:url\" content=\"https:\/\/www.carlosyconchita.net\/rutas\/27-02-2023-palma-castillo-bellver-iglesia-cristal-porciuncula\/\" \/>\n<meta property=\"og:site_name\" content=\"Las rutas de Carlos y Conchita\" \/>\n<meta property=\"article:published_time\" content=\"2023-02-27T10:41:56+00:00\" \/>\n<meta property=\"article:modified_time\" content=\"2024-03-01T11:06:13+00:00\" \/>\n<meta property=\"og:image\" content=\"https:\/\/www.carlosyconchita.net\/rutas\/wp-content\/uploads\/2024\/03\/Mallorca-27-00003.jpg\" \/>\n\t<meta property=\"og:image:width\" content=\"1016\" \/>\n\t<meta property=\"og:image:height\" content=\"764\" \/>\n\t<meta property=\"og:image:type\" content=\"image\/jpeg\" \/>\n<meta name=\"author\" content=\"Carlos Conchita\" \/>\n<meta name=\"twitter:label1\" content=\"Escrito por\" \/>\n\t<meta name=\"twitter:data1\" content=\"Carlos Conchita\" \/>\n\t<meta name=\"twitter:label2\" content=\"Tiempo de lectura\" \/>\n\t<meta name=\"twitter:data2\" content=\"2 minutos\" \/>\n<script type=\"application\/ld+json\" class=\"yoast-schema-graph\">{\"@context\":\"https:\\\/\\\/schema.org\",\"@graph\":[{\"@type\":\"Article\",\"@id\":\"https:\\\/\\\/www.carlosyconchita.net\\\/rutas\\\/27-02-2023-palma-castillo-bellver-iglesia-cristal-porciuncula\\\/#article\",\"isPartOf\":{\"@id\":\"https:\\\/\\\/www.carlosyconchita.net\\\/rutas\\\/27-02-2023-palma-castillo-bellver-iglesia-cristal-porciuncula\\\/\"},\"author\":{\"name\":\"Carlos Conchita\",\"@id\":\"https:\\\/\\\/www.carlosyconchita.net\\\/rutas\\\/#\\\/schema\\\/person\\\/a9691f7258c28443fab2d3aa1479ea19\"},\"headline\":\"27-02-2023-Palma : castillo Bellver , Iglesia Cristal (Porci\u00fancula)\",\"datePublished\":\"2023-02-27T10:41:56+00:00\",\"dateModified\":\"2024-03-01T11:06:13+00:00\",\"mainEntityOfPage\":{\"@id\":\"https:\\\/\\\/www.carlosyconchita.net\\\/rutas\\\/27-02-2023-palma-castillo-bellver-iglesia-cristal-porciuncula\\\/\"},\"wordCount\":206,\"image\":{\"@id\":\"https:\\\/\\\/www.carlosyconchita.net\\\/rutas\\\/27-02-2023-palma-castillo-bellver-iglesia-cristal-porciuncula\\\/#primaryimage\"},\"thumbnailUrl\":\"https:\\\/\\\/www.carlosyconchita.net\\\/rutas\\\/wp-content\\\/uploads\\\/2024\\\/03\\\/Mallorca-27-00003.jpg\",\"articleSection\":[\"0-Fotos\",\"Mallorca\"],\"inLanguage\":\"es\"},{\"@type\":\"WebPage\",\"@id\":\"https:\\\/\\\/www.carlosyconchita.net\\\/rutas\\\/27-02-2023-palma-castillo-bellver-iglesia-cristal-porciuncula\\\/\",\"url\":\"https:\\\/\\\/www.carlosyconchita.net\\\/rutas\\\/27-02-2023-palma-castillo-bellver-iglesia-cristal-porciuncula\\\/\",\"name\":\"27-02-2023-Palma : castillo Bellver , Iglesia Cristal (Porci\u00fancula) -\",\"isPartOf\":{\"@id\":\"https:\\\/\\\/www.carlosyconchita.net\\\/rutas\\\/#website\"},\"primaryImageOfPage\":{\"@id\":\"https:\\\/\\\/www.carlosyconchita.net\\\/rutas\\\/27-02-2023-palma-castillo-bellver-iglesia-cristal-porciuncula\\\/#primaryimage\"},\"image\":{\"@id\":\"https:\\\/\\\/www.carlosyconchita.net\\\/rutas\\\/27-02-2023-palma-castillo-bellver-iglesia-cristal-porciuncula\\\/#primaryimage\"},\"thumbnailUrl\":\"https:\\\/\\\/www.carlosyconchita.net\\\/rutas\\\/wp-content\\\/uploads\\\/2024\\\/03\\\/Mallorca-27-00003.jpg\",\"datePublished\":\"2023-02-27T10:41:56+00:00\",\"dateModified\":\"2024-03-01T11:06:13+00:00\",\"author\":{\"@id\":\"https:\\\/\\\/www.carlosyconchita.net\\\/rutas\\\/#\\\/schema\\\/person\\\/a9691f7258c28443fab2d3aa1479ea19\"},\"breadcrumb\":{\"@id\":\"https:\\\/\\\/www.carlosyconchita.net\\\/rutas\\\/27-02-2023-palma-castillo-bellver-iglesia-cristal-porciuncula\\\/#breadcrumb\"},\"inLanguage\":\"es\",\"potentialAction\":[{\"@type\":\"ReadAction\",\"target\":[\"https:\\\/\\\/www.carlosyconchita.net\\\/rutas\\\/27-02-2023-palma-castillo-bellver-iglesia-cristal-porciuncula\\\/\"]}]},{\"@type\":\"ImageObject\",\"inLanguage\":\"es\",\"@id\":\"https:\\\/\\\/www.carlosyconchita.net\\\/rutas\\\/27-02-2023-palma-castillo-bellver-iglesia-cristal-porciuncula\\\/#primaryimage\",\"url\":\"https:\\\/\\\/www.carlosyconchita.net\\\/rutas\\\/wp-content\\\/uploads\\\/2024\\\/03\\\/Mallorca-27-00003.jpg\",\"contentUrl\":\"https:\\\/\\\/www.carlosyconchita.net\\\/rutas\\\/wp-content\\\/uploads\\\/2024\\\/03\\\/Mallorca-27-00003.jpg\",\"width\":1016,\"height\":764},{\"@type\":\"BreadcrumbList\",\"@id\":\"https:\\\/\\\/www.carlosyconchita.net\\\/rutas\\\/27-02-2023-palma-castillo-bellver-iglesia-cristal-porciuncula\\\/#breadcrumb\",\"itemListElement\":[{\"@type\":\"ListItem\",\"position\":1,\"name\":\"Portada\",\"item\":\"https:\\\/\\\/www.carlosyconchita.net\\\/rutas\\\/\"},{\"@type\":\"ListItem\",\"position\":2,\"name\":\"27-02-2023-Palma : castillo Bellver , Iglesia Cristal (Porci\u00fancula)\"}]},{\"@type\":\"WebSite\",\"@id\":\"https:\\\/\\\/www.carlosyconchita.net\\\/rutas\\\/#website\",\"url\":\"https:\\\/\\\/www.carlosyconchita.net\\\/rutas\\\/\",\"name\":\"Las rutas de Carlos y Conchita\",\"description\":\"\",\"potentialAction\":[{\"@type\":\"SearchAction\",\"target\":{\"@type\":\"EntryPoint\",\"urlTemplate\":\"https:\\\/\\\/www.carlosyconchita.net\\\/rutas\\\/?s={search_term_string}\"},\"query-input\":{\"@type\":\"PropertyValueSpecification\",\"valueRequired\":true,\"valueName\":\"search_term_string\"}}],\"inLanguage\":\"es\"},{\"@type\":\"Person\",\"@id\":\"https:\\\/\\\/www.carlosyconchita.net\\\/rutas\\\/#\\\/schema\\\/person\\\/a9691f7258c28443fab2d3aa1479ea19\",\"name\":\"Carlos Conchita\",\"image\":{\"@type\":\"ImageObject\",\"inLanguage\":\"es\",\"@id\":\"https:\\\/\\\/secure.gravatar.com\\\/avatar\\\/3a4625b20c8da3de99da69bfe7a322774e291c3f90dce7e8778a30fe6748ed1a?s=96&d=mm&r=g\",\"url\":\"https:\\\/\\\/secure.gravatar.com\\\/avatar\\\/3a4625b20c8da3de99da69bfe7a322774e291c3f90dce7e8778a30fe6748ed1a?s=96&d=mm&r=g\",\"contentUrl\":\"https:\\\/\\\/secure.gravatar.com\\\/avatar\\\/3a4625b20c8da3de99da69bfe7a322774e291c3f90dce7e8778a30fe6748ed1a?s=96&d=mm&r=g\",\"caption\":\"Carlos Conchita\"}}]}<\/script>\n<!-- \/ Yoast SEO plugin. -->","yoast_head_json":{"title":"27-02-2023-Palma : castillo Bellver , Iglesia Cristal (Porci\u00fancula) -","robots":{"index":"index","follow":"follow","max-snippet":"max-snippet:-1","max-image-preview":"max-image-preview:large","max-video-preview":"max-video-preview:-1"},"canonical":"https:\/\/www.carlosyconchita.net\/rutas\/27-02-2023-palma-castillo-bellver-iglesia-cristal-porciuncula\/","og_locale":"es_ES","og_type":"article","og_title":"27-02-2023-Palma : castillo Bellver , Iglesia Cristal (Porci\u00fancula) -","og_description":"Hoy tenemos un d\u00eda lluvioso,y aunque supon\u00edamos que no podr\u00edamos hacer ninguna caminata como ten\u00edamos previsto,\u00a0 hemos ido de todas formas al Puerto de S\u00f3ller, pero no por la carretera principal, sino por la monta\u00f1a, en donde ha empezado a nevar. En S\u00f3ller\u00a0 estaba lloviendo mucho, y por las previsiones que ten\u00edamos posiblemente nevar\u00eda m\u00e1s [&hellip;]","og_url":"https:\/\/www.carlosyconchita.net\/rutas\/27-02-2023-palma-castillo-bellver-iglesia-cristal-porciuncula\/","og_site_name":"Las rutas de Carlos y Conchita","article_published_time":"2023-02-27T10:41:56+00:00","article_modified_time":"2024-03-01T11:06:13+00:00","og_image":[{"width":1016,"height":764,"url":"https:\/\/www.carlosyconchita.net\/rutas\/wp-content\/uploads\/2024\/03\/Mallorca-27-00003.jpg","type":"image\/jpeg"}],"author":"Carlos Conchita","twitter_misc":{"Escrito por":"Carlos Conchita","Tiempo de lectura":"2 minutos"},"schema":{"@context":"https:\/\/schema.org","@graph":[{"@type":"Article","@id":"https:\/\/www.carlosyconchita.net\/rutas\/27-02-2023-palma-castillo-bellver-iglesia-cristal-porciuncula\/#article","isPartOf":{"@id":"https:\/\/www.carlosyconchita.net\/rutas\/27-02-2023-palma-castillo-bellver-iglesia-cristal-porciuncula\/"},"author":{"name":"Carlos Conchita","@id":"https:\/\/www.carlosyconchita.net\/rutas\/#\/schema\/person\/a9691f7258c28443fab2d3aa1479ea19"},"headline":"27-02-2023-Palma : castillo Bellver , Iglesia Cristal (Porci\u00fancula)","datePublished":"2023-02-27T10:41:56+00:00","dateModified":"2024-03-01T11:06:13+00:00","mainEntityOfPage":{"@id":"https:\/\/www.carlosyconchita.net\/rutas\/27-02-2023-palma-castillo-bellver-iglesia-cristal-porciuncula\/"},"wordCount":206,"image":{"@id":"https:\/\/www.carlosyconchita.net\/rutas\/27-02-2023-palma-castillo-bellver-iglesia-cristal-porciuncula\/#primaryimage"},"thumbnailUrl":"https:\/\/www.carlosyconchita.net\/rutas\/wp-content\/uploads\/2024\/03\/Mallorca-27-00003.jpg","articleSection":["0-Fotos","Mallorca"],"inLanguage":"es"},{"@type":"WebPage","@id":"https:\/\/www.carlosyconchita.net\/rutas\/27-02-2023-palma-castillo-bellver-iglesia-cristal-porciuncula\/","url":"https:\/\/www.carlosyconchita.net\/rutas\/27-02-2023-palma-castillo-bellver-iglesia-cristal-porciuncula\/","name":"27-02-2023-Palma : castillo Bellver , Iglesia Cristal (Porci\u00fancula) -","isPartOf":{"@id":"https:\/\/www.carlosyconchita.net\/rutas\/#website"},"primaryImageOfPage":{"@id":"https:\/\/www.carlosyconchita.net\/rutas\/27-02-2023-palma-castillo-bellver-iglesia-cristal-porciuncula\/#primaryimage"},"image":{"@id":"https:\/\/www.carlosyconchita.net\/rutas\/27-02-2023-palma-castillo-bellver-iglesia-cristal-porciuncula\/#primaryimage"},"thumbnailUrl":"https:\/\/www.carlosyconchita.net\/rutas\/wp-content\/uploads\/2024\/03\/Mallorca-27-00003.jpg","datePublished":"2023-02-27T10:41:56+00:00","dateModified":"2024-03-01T11:06:13+00:00","author":{"@id":"https:\/\/www.carlosyconchita.net\/rutas\/#\/schema\/person\/a9691f7258c28443fab2d3aa1479ea19"},"breadcrumb":{"@id":"https:\/\/www.carlosyconchita.net\/rutas\/27-02-2023-palma-castillo-bellver-iglesia-cristal-porciuncula\/#breadcrumb"},"inLanguage":"es","potentialAction":[{"@type":"ReadAction","target":["https:\/\/www.carlosyconchita.net\/rutas\/27-02-2023-palma-castillo-bellver-iglesia-cristal-porciuncula\/"]}]},{"@type":"ImageObject","inLanguage":"es","@id":"https:\/\/www.carlosyconchita.net\/rutas\/27-02-2023-palma-castillo-bellver-iglesia-cristal-porciuncula\/#primaryimage","url":"https:\/\/www.carlosyconchita.net\/rutas\/wp-content\/uploads\/2024\/03\/Mallorca-27-00003.jpg","contentUrl":"https:\/\/www.carlosyconchita.net\/rutas\/wp-content\/uploads\/2024\/03\/Mallorca-27-00003.jpg","width":1016,"height":764},{"@type":"BreadcrumbList","@id":"https:\/\/www.carlosyconchita.net\/rutas\/27-02-2023-palma-castillo-bellver-iglesia-cristal-porciuncula\/#breadcrumb","itemListElement":[{"@type":"ListItem","position":1,"name":"Portada","item":"https:\/\/www.carlosyconchita.net\/rutas\/"},{"@type":"ListItem","position":2,"name":"27-02-2023-Palma : castillo Bellver , Iglesia Cristal (Porci\u00fancula)"}]},{"@type":"WebSite","@id":"https:\/\/www.carlosyconchita.net\/rutas\/#website","url":"https:\/\/www.carlosyconchita.net\/rutas\/","name":"Las rutas de Carlos y Conchita","description":"","potentialAction":[{"@type":"SearchAction","target":{"@type":"EntryPoint","urlTemplate":"https:\/\/www.carlosyconchita.net\/rutas\/?s={search_term_string}"},"query-input":{"@type":"PropertyValueSpecification","valueRequired":true,"valueName":"search_term_string"}}],"inLanguage":"es"},{"@type":"Person","@id":"https:\/\/www.carlosyconchita.net\/rutas\/#\/schema\/person\/a9691f7258c28443fab2d3aa1479ea19","name":"Carlos Conchita","image":{"@type":"ImageObject","inLanguage":"es","@id":"https:\/\/secure.gravatar.com\/avatar\/3a4625b20c8da3de99da69bfe7a322774e291c3f90dce7e8778a30fe6748ed1a?s=96&d=mm&r=g","url":"https:\/\/secure.gravatar.com\/avatar\/3a4625b20c8da3de99da69bfe7a322774e291c3f90dce7e8778a30fe6748ed1a?s=96&d=mm&r=g","contentUrl":"https:\/\/secure.gravatar.com\/avatar\/3a4625b20c8da3de99da69bfe7a322774e291c3f90dce7e8778a30fe6748ed1a?s=96&d=mm&r=g","caption":"Carlos Conchita"}}]}},"_links":{"self":[{"href":"https:\/\/www.carlosyconchita.net\/rutas\/wp-json\/wp\/v2\/posts\/19500","targetHints":{"allow":["GET"]}}],"collection":[{"href":"https:\/\/www.carlosyconchita.net\/rutas\/wp-json\/wp\/v2\/posts"}],"about":[{"href":"https:\/\/www.carlosyconchita.net\/rutas\/wp-json\/wp\/v2\/types\/post"}],"author":[{"embeddable":true,"href":"https:\/\/www.carlosyconchita.net\/rutas\/wp-json\/wp\/v2\/users\/50"}],"replies":[{"embeddable":true,"href":"https:\/\/www.carlosyconchita.net\/rutas\/wp-json\/wp\/v2\/comments?post=19500"}],"version-history":[{"count":0,"href":"https:\/\/www.carlosyconchita.net\/rutas\/wp-json\/wp\/v2\/posts\/19500\/revisions"}],"wp:featuredmedia":[{"embeddable":true,"href":"https:\/\/www.carlosyconchita.net\/rutas\/wp-json\/wp\/v2\/media\/19501"}],"wp:attachment":[{"href":"https:\/\/www.carlosyconchita.net\/rutas\/wp-json\/wp\/v2\/media?parent=19500"}],"wp:term":[{"taxonomy":"category","embeddable":true,"href":"https:\/\/www.carlosyconchita.net\/rutas\/wp-json\/wp\/v2\/categories?post=19500"},{"taxonomy":"post_tag","embeddable":true,"href":"https:\/\/www.carlosyconchita.net\/rutas\/wp-json\/wp\/v2\/tags?post=19500"}],"curies":[{"name":"wp","href":"https:\/\/api.w.org\/{rel}","templated":true}]}}