{"id":19700,"date":"2024-04-01T16:50:14","date_gmt":"2024-04-01T15:50:14","guid":{"rendered":"https:\/\/www.carlosyconchita.net\/rutas\/?p=19700"},"modified":"2024-04-22T18:53:08","modified_gmt":"2024-04-22T17:53:08","slug":"01-04-2024-valle-de-restonica-y-visita-corte","status":"publish","type":"post","link":"https:\/\/www.carlosyconchita.net\/rutas\/01-04-2024-valle-de-restonica-y-visita-corte\/","title":{"rendered":"01-04-2024-Valle de Restonica y visita Cort\u00e9"},"content":{"rendered":"<p style=\"text-align: justify;\">Hoy era el \u00fanico d\u00eda en que la previsi\u00f3n del tiempo amenazaba con lluvia, y as\u00ed a sido, al menos durante unas horas.<\/p>\n<p style=\"text-align: justify;\">Desde Patrimonio donde hemos estado estos d\u00edas, nos desplazamos a Cort\u00e9, en donde ten\u00edamos previsto hacer una caminata hasta el lago Melo y si pod\u00edamos (nos hab\u00edan dicho que hab\u00eda nieve todav\u00eda en las alturas), continuar hasta el lago Capitello.<\/p>\n<p style=\"text-align: justify;\">Para ello, deb\u00edamos seguir el bonito valle de Restonica, con much\u00edsima agua,\u00a0 por la carretera D623 desde Cort\u00e9 hasta el final de la misma, donde hay un aparcamiento, y all\u00ed empezar a caminar.<\/p>\n<p style=\"text-align: justify;\">Pero la cosa se ha complicado enormemente, ya que por un lado el d\u00eda estaba algo lluvioso y con niebla, pero adem\u00e1s, hab\u00eda un puente que hab\u00eda sido destruido por el agua y por tanto, no se pod\u00eda llegar al aparcamiento previsto, ya que aparte de que no pod\u00edamos cruzar el r\u00edo ni a pi\u00e9 ni con coche, desde el puente destru\u00eddo faltaban todav\u00eda unos 7-8 kms. hasta el aparcamiento, por lo cual la excursi\u00f3n hubiera sido largu\u00edsima.<\/p>\n<p style=\"text-align: justify;\">Al llegar a Cort\u00e9 hab\u00edamos preguntado a unos gendarmes que nos encontramos, si sab\u00edan si se pod\u00eda llegar a\u00a0 los lagos antes comentados a causa de la nieve, y nos contestaron que no sab\u00edan como estaba la nieve pero que hab\u00eda un puente ca\u00eddo y que la carretera estaba cortada por un valla y que por tanto no se pod\u00eda llegar hasta el parking.<\/p>\n<p style=\"text-align: justify;\">Por ello, cuando llegamos a la valla, aparcamos el coche all\u00ed y decidimos ir caminando hasta donde pudi\u00e9ramos, para ver el valle y el puente ca\u00eddo, pensando que estaba all\u00ed mismo, pero al cabo de unos 3 kms. empez\u00f3 a llover bastante, y decidimos volver al coche, pero como que la valla no imped\u00eda el paso de los coches, volvimos a hacer el recorrido hacia arriba pero esta vez con el coche, y as\u00ed al menos no nos moj\u00e1bamos.<\/p>\n<p style=\"text-align: justify;\">Llegamos pues al puente ca\u00eddo, y vimos que estaba la zona en obras, pero que evidentemente no se pod\u00eda cruzar a pi\u00e9 el r\u00edo por la gran cantidad de agua del r\u00edo, y menos con ese d\u00eda, por lo que dimos la vuelta hacia Cort\u00e9, donde comimos en un restaurante y despu\u00e9s dimos una vuelta para recorrer la poblaci\u00f3n, sin lluvia y con algo de sol.<\/p>\n<hr \/>\n<p><strong>Album de fotos<\/strong><\/p>\n<p><a href=\"https:\/\/photos.app.goo.gl\/V6dBr4TZ7sGrSMBC6\" target=\"_blank\" rel=\"noopener\"><img loading=\"lazy\" decoding=\"async\" class=\"size-medium wp-image-19701 aligncenter\" src=\"https:\/\/www.carlosyconchita.net\/rutas\/wp-content\/uploads\/2024\/04\/Corcega-01-00014-300x150.jpg\" alt=\"\" width=\"300\" height=\"150\" srcset=\"https:\/\/www.carlosyconchita.net\/rutas\/wp-content\/uploads\/2024\/04\/Corcega-01-00014-300x150.jpg 300w, https:\/\/www.carlosyconchita.net\/rutas\/wp-content\/uploads\/2024\/04\/Corcega-01-00014-600x300.jpg 600w, https:\/\/www.carlosyconchita.net\/rutas\/wp-content\/uploads\/2024\/04\/Corcega-01-00014-768x384.jpg 768w, https:\/\/www.carlosyconchita.net\/rutas\/wp-content\/uploads\/2024\/04\/Corcega-01-00014-960x480.jpg 960w, https:\/\/www.carlosyconchita.net\/rutas\/wp-content\/uploads\/2024\/04\/Corcega-01-00014.jpg 1100w\" sizes=\"auto, (max-width: 300px) 100vw, 300px\" \/><\/a><\/p>\n<hr \/>\n<p>Mini-video Valle Restonica<\/p>\n<p>&nbsp;<\/p>\n<p><iframe loading=\"lazy\" title=\"Valle Restonica y puente ca\u00eddo\" width=\"720\" height=\"405\" src=\"https:\/\/www.youtube.com\/embed\/BlzHoIOakwk?feature=oembed\" frameborder=\"0\" allow=\"accelerometer; autoplay; clipboard-write; encrypted-media; gyroscope; picture-in-picture; web-share\" referrerpolicy=\"strict-origin-when-cross-origin\" allowfullscreen><\/iframe><\/p>\n<p>&nbsp;<\/p>\n<p>&nbsp;<\/p>\n<p>&nbsp;<\/p>\n<p>&nbsp;<\/p>\n","protected":false},"excerpt":{"rendered":"<p>Hoy era el \u00fanico d\u00eda en que la previsi\u00f3n del tiempo amenazaba con lluvia, y as\u00ed a sido, al menos durante unas horas. Desde Patrimonio donde hemos estado estos d\u00edas, nos desplazamos a Cort\u00e9, en donde ten\u00edamos previsto hacer una caminata hasta el lago Melo y si pod\u00edamos (nos hab\u00edan dicho que hab\u00eda nieve todav\u00eda [&hellip;]<\/p>\n","protected":false},"author":50,"featured_media":19701,"comment_status":"closed","ping_status":"open","sticky":false,"template":"","format":"standard","meta":{"footnotes":""},"categories":[14,21,132],"tags":[],"class_list":{"0":"post-19700","1":"post","2":"type-post","3":"status-publish","4":"format-standard","5":"has-post-thumbnail","6":"hentry","7":"category-muy-facil","8":"category-hasta-5-km","9":"category-corcega","11":"post-with-thumbnail","12":"post-with-thumbnail-icon"},"yoast_head":"<!-- This site is optimized with the Yoast SEO plugin v27.4 - https:\/\/yoast.com\/product\/yoast-seo-wordpress\/ -->\n<title>01-04-2024-Valle de Restonica y visita Cort\u00e9 -<\/title>\n<meta name=\"robots\" content=\"index, follow, max-snippet:-1, max-image-preview:large, max-video-preview:-1\" \/>\n<link rel=\"canonical\" href=\"https:\/\/www.carlosyconchita.net\/rutas\/01-04-2024-valle-de-restonica-y-visita-corte\/\" \/>\n<meta property=\"og:locale\" content=\"es_ES\" \/>\n<meta property=\"og:type\" content=\"article\" \/>\n<meta property=\"og:title\" content=\"01-04-2024-Valle de Restonica y visita Cort\u00e9 -\" \/>\n<meta property=\"og:description\" content=\"Hoy era el \u00fanico d\u00eda en que la previsi\u00f3n del tiempo amenazaba con lluvia, y as\u00ed a sido, al menos durante unas horas. Desde Patrimonio donde hemos estado estos d\u00edas, nos desplazamos a Cort\u00e9, en donde ten\u00edamos previsto hacer una caminata hasta el lago Melo y si pod\u00edamos (nos hab\u00edan dicho que hab\u00eda nieve todav\u00eda [&hellip;]\" \/>\n<meta property=\"og:url\" content=\"https:\/\/www.carlosyconchita.net\/rutas\/01-04-2024-valle-de-restonica-y-visita-corte\/\" \/>\n<meta property=\"og:site_name\" content=\"Las rutas de Carlos y Conchita\" \/>\n<meta property=\"article:published_time\" content=\"2024-04-01T15:50:14+00:00\" \/>\n<meta property=\"article:modified_time\" content=\"2024-04-22T17:53:08+00:00\" \/>\n<meta property=\"og:image\" content=\"https:\/\/www.carlosyconchita.net\/rutas\/wp-content\/uploads\/2024\/04\/Corcega-01-00014.jpg\" \/>\n\t<meta property=\"og:image:width\" content=\"1100\" \/>\n\t<meta property=\"og:image:height\" content=\"550\" \/>\n\t<meta property=\"og:image:type\" content=\"image\/jpeg\" \/>\n<meta name=\"author\" content=\"Carlos Conchita\" \/>\n<meta name=\"twitter:label1\" content=\"Escrito por\" \/>\n\t<meta name=\"twitter:data1\" content=\"Carlos Conchita\" \/>\n\t<meta name=\"twitter:label2\" content=\"Tiempo de lectura\" \/>\n\t<meta name=\"twitter:data2\" content=\"3 minutos\" \/>\n<script type=\"application\/ld+json\" class=\"yoast-schema-graph\">{\"@context\":\"https:\\\/\\\/schema.org\",\"@graph\":[{\"@type\":\"Article\",\"@id\":\"https:\\\/\\\/www.carlosyconchita.net\\\/rutas\\\/01-04-2024-valle-de-restonica-y-visita-corte\\\/#article\",\"isPartOf\":{\"@id\":\"https:\\\/\\\/www.carlosyconchita.net\\\/rutas\\\/01-04-2024-valle-de-restonica-y-visita-corte\\\/\"},\"author\":{\"name\":\"Carlos Conchita\",\"@id\":\"https:\\\/\\\/www.carlosyconchita.net\\\/rutas\\\/#\\\/schema\\\/person\\\/a9691f7258c28443fab2d3aa1479ea19\"},\"headline\":\"01-04-2024-Valle de Restonica y visita Cort\u00e9\",\"datePublished\":\"2024-04-01T15:50:14+00:00\",\"dateModified\":\"2024-04-22T17:53:08+00:00\",\"mainEntityOfPage\":{\"@id\":\"https:\\\/\\\/www.carlosyconchita.net\\\/rutas\\\/01-04-2024-valle-de-restonica-y-visita-corte\\\/\"},\"wordCount\":444,\"image\":{\"@id\":\"https:\\\/\\\/www.carlosyconchita.net\\\/rutas\\\/01-04-2024-valle-de-restonica-y-visita-corte\\\/#primaryimage\"},\"thumbnailUrl\":\"https:\\\/\\\/www.carlosyconchita.net\\\/rutas\\\/wp-content\\\/uploads\\\/2024\\\/04\\\/Corcega-01-00014.jpg\",\"articleSection\":[\"0-Muy f\u00e1cil\",\"1 - Hasta 5 km.\",\"C\u00f3rcega\"],\"inLanguage\":\"es\"},{\"@type\":\"WebPage\",\"@id\":\"https:\\\/\\\/www.carlosyconchita.net\\\/rutas\\\/01-04-2024-valle-de-restonica-y-visita-corte\\\/\",\"url\":\"https:\\\/\\\/www.carlosyconchita.net\\\/rutas\\\/01-04-2024-valle-de-restonica-y-visita-corte\\\/\",\"name\":\"01-04-2024-Valle de Restonica y visita Cort\u00e9 -\",\"isPartOf\":{\"@id\":\"https:\\\/\\\/www.carlosyconchita.net\\\/rutas\\\/#website\"},\"primaryImageOfPage\":{\"@id\":\"https:\\\/\\\/www.carlosyconchita.net\\\/rutas\\\/01-04-2024-valle-de-restonica-y-visita-corte\\\/#primaryimage\"},\"image\":{\"@id\":\"https:\\\/\\\/www.carlosyconchita.net\\\/rutas\\\/01-04-2024-valle-de-restonica-y-visita-corte\\\/#primaryimage\"},\"thumbnailUrl\":\"https:\\\/\\\/www.carlosyconchita.net\\\/rutas\\\/wp-content\\\/uploads\\\/2024\\\/04\\\/Corcega-01-00014.jpg\",\"datePublished\":\"2024-04-01T15:50:14+00:00\",\"dateModified\":\"2024-04-22T17:53:08+00:00\",\"author\":{\"@id\":\"https:\\\/\\\/www.carlosyconchita.net\\\/rutas\\\/#\\\/schema\\\/person\\\/a9691f7258c28443fab2d3aa1479ea19\"},\"breadcrumb\":{\"@id\":\"https:\\\/\\\/www.carlosyconchita.net\\\/rutas\\\/01-04-2024-valle-de-restonica-y-visita-corte\\\/#breadcrumb\"},\"inLanguage\":\"es\",\"potentialAction\":[{\"@type\":\"ReadAction\",\"target\":[\"https:\\\/\\\/www.carlosyconchita.net\\\/rutas\\\/01-04-2024-valle-de-restonica-y-visita-corte\\\/\"]}]},{\"@type\":\"ImageObject\",\"inLanguage\":\"es\",\"@id\":\"https:\\\/\\\/www.carlosyconchita.net\\\/rutas\\\/01-04-2024-valle-de-restonica-y-visita-corte\\\/#primaryimage\",\"url\":\"https:\\\/\\\/www.carlosyconchita.net\\\/rutas\\\/wp-content\\\/uploads\\\/2024\\\/04\\\/Corcega-01-00014.jpg\",\"contentUrl\":\"https:\\\/\\\/www.carlosyconchita.net\\\/rutas\\\/wp-content\\\/uploads\\\/2024\\\/04\\\/Corcega-01-00014.jpg\",\"width\":1100,\"height\":550},{\"@type\":\"BreadcrumbList\",\"@id\":\"https:\\\/\\\/www.carlosyconchita.net\\\/rutas\\\/01-04-2024-valle-de-restonica-y-visita-corte\\\/#breadcrumb\",\"itemListElement\":[{\"@type\":\"ListItem\",\"position\":1,\"name\":\"Portada\",\"item\":\"https:\\\/\\\/www.carlosyconchita.net\\\/rutas\\\/\"},{\"@type\":\"ListItem\",\"position\":2,\"name\":\"01-04-2024-Valle de Restonica y visita Cort\u00e9\"}]},{\"@type\":\"WebSite\",\"@id\":\"https:\\\/\\\/www.carlosyconchita.net\\\/rutas\\\/#website\",\"url\":\"https:\\\/\\\/www.carlosyconchita.net\\\/rutas\\\/\",\"name\":\"Las rutas de Carlos y Conchita\",\"description\":\"\",\"potentialAction\":[{\"@type\":\"SearchAction\",\"target\":{\"@type\":\"EntryPoint\",\"urlTemplate\":\"https:\\\/\\\/www.carlosyconchita.net\\\/rutas\\\/?s={search_term_string}\"},\"query-input\":{\"@type\":\"PropertyValueSpecification\",\"valueRequired\":true,\"valueName\":\"search_term_string\"}}],\"inLanguage\":\"es\"},{\"@type\":\"Person\",\"@id\":\"https:\\\/\\\/www.carlosyconchita.net\\\/rutas\\\/#\\\/schema\\\/person\\\/a9691f7258c28443fab2d3aa1479ea19\",\"name\":\"Carlos Conchita\",\"image\":{\"@type\":\"ImageObject\",\"inLanguage\":\"es\",\"@id\":\"https:\\\/\\\/secure.gravatar.com\\\/avatar\\\/3a4625b20c8da3de99da69bfe7a322774e291c3f90dce7e8778a30fe6748ed1a?s=96&d=mm&r=g\",\"url\":\"https:\\\/\\\/secure.gravatar.com\\\/avatar\\\/3a4625b20c8da3de99da69bfe7a322774e291c3f90dce7e8778a30fe6748ed1a?s=96&d=mm&r=g\",\"contentUrl\":\"https:\\\/\\\/secure.gravatar.com\\\/avatar\\\/3a4625b20c8da3de99da69bfe7a322774e291c3f90dce7e8778a30fe6748ed1a?s=96&d=mm&r=g\",\"caption\":\"Carlos Conchita\"}}]}<\/script>\n<!-- \/ Yoast SEO plugin. -->","yoast_head_json":{"title":"01-04-2024-Valle de Restonica y visita Cort\u00e9 -","robots":{"index":"index","follow":"follow","max-snippet":"max-snippet:-1","max-image-preview":"max-image-preview:large","max-video-preview":"max-video-preview:-1"},"canonical":"https:\/\/www.carlosyconchita.net\/rutas\/01-04-2024-valle-de-restonica-y-visita-corte\/","og_locale":"es_ES","og_type":"article","og_title":"01-04-2024-Valle de Restonica y visita Cort\u00e9 -","og_description":"Hoy era el \u00fanico d\u00eda en que la previsi\u00f3n del tiempo amenazaba con lluvia, y as\u00ed a sido, al menos durante unas horas. Desde Patrimonio donde hemos estado estos d\u00edas, nos desplazamos a Cort\u00e9, en donde ten\u00edamos previsto hacer una caminata hasta el lago Melo y si pod\u00edamos (nos hab\u00edan dicho que hab\u00eda nieve todav\u00eda [&hellip;]","og_url":"https:\/\/www.carlosyconchita.net\/rutas\/01-04-2024-valle-de-restonica-y-visita-corte\/","og_site_name":"Las rutas de Carlos y Conchita","article_published_time":"2024-04-01T15:50:14+00:00","article_modified_time":"2024-04-22T17:53:08+00:00","og_image":[{"width":1100,"height":550,"url":"https:\/\/www.carlosyconchita.net\/rutas\/wp-content\/uploads\/2024\/04\/Corcega-01-00014.jpg","type":"image\/jpeg"}],"author":"Carlos Conchita","twitter_misc":{"Escrito por":"Carlos Conchita","Tiempo de lectura":"3 minutos"},"schema":{"@context":"https:\/\/schema.org","@graph":[{"@type":"Article","@id":"https:\/\/www.carlosyconchita.net\/rutas\/01-04-2024-valle-de-restonica-y-visita-corte\/#article","isPartOf":{"@id":"https:\/\/www.carlosyconchita.net\/rutas\/01-04-2024-valle-de-restonica-y-visita-corte\/"},"author":{"name":"Carlos Conchita","@id":"https:\/\/www.carlosyconchita.net\/rutas\/#\/schema\/person\/a9691f7258c28443fab2d3aa1479ea19"},"headline":"01-04-2024-Valle de Restonica y visita Cort\u00e9","datePublished":"2024-04-01T15:50:14+00:00","dateModified":"2024-04-22T17:53:08+00:00","mainEntityOfPage":{"@id":"https:\/\/www.carlosyconchita.net\/rutas\/01-04-2024-valle-de-restonica-y-visita-corte\/"},"wordCount":444,"image":{"@id":"https:\/\/www.carlosyconchita.net\/rutas\/01-04-2024-valle-de-restonica-y-visita-corte\/#primaryimage"},"thumbnailUrl":"https:\/\/www.carlosyconchita.net\/rutas\/wp-content\/uploads\/2024\/04\/Corcega-01-00014.jpg","articleSection":["0-Muy f\u00e1cil","1 - Hasta 5 km.","C\u00f3rcega"],"inLanguage":"es"},{"@type":"WebPage","@id":"https:\/\/www.carlosyconchita.net\/rutas\/01-04-2024-valle-de-restonica-y-visita-corte\/","url":"https:\/\/www.carlosyconchita.net\/rutas\/01-04-2024-valle-de-restonica-y-visita-corte\/","name":"01-04-2024-Valle de Restonica y visita Cort\u00e9 -","isPartOf":{"@id":"https:\/\/www.carlosyconchita.net\/rutas\/#website"},"primaryImageOfPage":{"@id":"https:\/\/www.carlosyconchita.net\/rutas\/01-04-2024-valle-de-restonica-y-visita-corte\/#primaryimage"},"image":{"@id":"https:\/\/www.carlosyconchita.net\/rutas\/01-04-2024-valle-de-restonica-y-visita-corte\/#primaryimage"},"thumbnailUrl":"https:\/\/www.carlosyconchita.net\/rutas\/wp-content\/uploads\/2024\/04\/Corcega-01-00014.jpg","datePublished":"2024-04-01T15:50:14+00:00","dateModified":"2024-04-22T17:53:08+00:00","author":{"@id":"https:\/\/www.carlosyconchita.net\/rutas\/#\/schema\/person\/a9691f7258c28443fab2d3aa1479ea19"},"breadcrumb":{"@id":"https:\/\/www.carlosyconchita.net\/rutas\/01-04-2024-valle-de-restonica-y-visita-corte\/#breadcrumb"},"inLanguage":"es","potentialAction":[{"@type":"ReadAction","target":["https:\/\/www.carlosyconchita.net\/rutas\/01-04-2024-valle-de-restonica-y-visita-corte\/"]}]},{"@type":"ImageObject","inLanguage":"es","@id":"https:\/\/www.carlosyconchita.net\/rutas\/01-04-2024-valle-de-restonica-y-visita-corte\/#primaryimage","url":"https:\/\/www.carlosyconchita.net\/rutas\/wp-content\/uploads\/2024\/04\/Corcega-01-00014.jpg","contentUrl":"https:\/\/www.carlosyconchita.net\/rutas\/wp-content\/uploads\/2024\/04\/Corcega-01-00014.jpg","width":1100,"height":550},{"@type":"BreadcrumbList","@id":"https:\/\/www.carlosyconchita.net\/rutas\/01-04-2024-valle-de-restonica-y-visita-corte\/#breadcrumb","itemListElement":[{"@type":"ListItem","position":1,"name":"Portada","item":"https:\/\/www.carlosyconchita.net\/rutas\/"},{"@type":"ListItem","position":2,"name":"01-04-2024-Valle de Restonica y visita Cort\u00e9"}]},{"@type":"WebSite","@id":"https:\/\/www.carlosyconchita.net\/rutas\/#website","url":"https:\/\/www.carlosyconchita.net\/rutas\/","name":"Las rutas de Carlos y Conchita","description":"","potentialAction":[{"@type":"SearchAction","target":{"@type":"EntryPoint","urlTemplate":"https:\/\/www.carlosyconchita.net\/rutas\/?s={search_term_string}"},"query-input":{"@type":"PropertyValueSpecification","valueRequired":true,"valueName":"search_term_string"}}],"inLanguage":"es"},{"@type":"Person","@id":"https:\/\/www.carlosyconchita.net\/rutas\/#\/schema\/person\/a9691f7258c28443fab2d3aa1479ea19","name":"Carlos Conchita","image":{"@type":"ImageObject","inLanguage":"es","@id":"https:\/\/secure.gravatar.com\/avatar\/3a4625b20c8da3de99da69bfe7a322774e291c3f90dce7e8778a30fe6748ed1a?s=96&d=mm&r=g","url":"https:\/\/secure.gravatar.com\/avatar\/3a4625b20c8da3de99da69bfe7a322774e291c3f90dce7e8778a30fe6748ed1a?s=96&d=mm&r=g","contentUrl":"https:\/\/secure.gravatar.com\/avatar\/3a4625b20c8da3de99da69bfe7a322774e291c3f90dce7e8778a30fe6748ed1a?s=96&d=mm&r=g","caption":"Carlos Conchita"}}]}},"_links":{"self":[{"href":"https:\/\/www.carlosyconchita.net\/rutas\/wp-json\/wp\/v2\/posts\/19700","targetHints":{"allow":["GET"]}}],"collection":[{"href":"https:\/\/www.carlosyconchita.net\/rutas\/wp-json\/wp\/v2\/posts"}],"about":[{"href":"https:\/\/www.carlosyconchita.net\/rutas\/wp-json\/wp\/v2\/types\/post"}],"author":[{"embeddable":true,"href":"https:\/\/www.carlosyconchita.net\/rutas\/wp-json\/wp\/v2\/users\/50"}],"replies":[{"embeddable":true,"href":"https:\/\/www.carlosyconchita.net\/rutas\/wp-json\/wp\/v2\/comments?post=19700"}],"version-history":[{"count":0,"href":"https:\/\/www.carlosyconchita.net\/rutas\/wp-json\/wp\/v2\/posts\/19700\/revisions"}],"wp:featuredmedia":[{"embeddable":true,"href":"https:\/\/www.carlosyconchita.net\/rutas\/wp-json\/wp\/v2\/media\/19701"}],"wp:attachment":[{"href":"https:\/\/www.carlosyconchita.net\/rutas\/wp-json\/wp\/v2\/media?parent=19700"}],"wp:term":[{"taxonomy":"category","embeddable":true,"href":"https:\/\/www.carlosyconchita.net\/rutas\/wp-json\/wp\/v2\/categories?post=19700"},{"taxonomy":"post_tag","embeddable":true,"href":"https:\/\/www.carlosyconchita.net\/rutas\/wp-json\/wp\/v2\/tags?post=19700"}],"curies":[{"name":"wp","href":"https:\/\/api.w.org\/{rel}","templated":true}]}}