{"id":19711,"date":"2024-04-02T15:45:11","date_gmt":"2024-04-02T14:45:11","guid":{"rendered":"https:\/\/www.carlosyconchita.net\/rutas\/?p=19711"},"modified":"2024-04-24T16:23:42","modified_gmt":"2024-04-24T15:23:42","slug":"02-04-2024-ruta-corte-a-porto-ota","status":"publish","type":"post","link":"https:\/\/www.carlosyconchita.net\/rutas\/02-04-2024-ruta-corte-a-porto-ota\/","title":{"rendered":"02-04-2024-Ruta en coche de Cort\u00e9 a Porto Ota"},"content":{"rendered":"<p style=\"text-align: justify;\">Hoy nos desplazamos desde Cort\u00e9 hasta la zona de Porto Ota donde estaremos un par de d\u00edas, y nos dirigimos directamente al inicio de la caminata de hoy para llegar al pueblo de Girolata,\u00a0 donde solo se puede llegar en barco o caminando.<\/p>\n<p style=\"text-align: justify;\">Pero antes de llegar, tenemos un bonito recorrido en coche por la carretera D18 y despu\u00e9s por la D84,\u00a0 pasando por zonas muy distintas , como por ejemplo, por la zona llamada la \u00a0Scala de Santa Regina,\u00a0 una especie de estrecha garganta con una estrecha carretera ,\u00a0 despu\u00e9s por las proximidades de una zona de esqu\u00ed, por cierto con una temperatura de s\u00f3lo 5 \u00baC como se puede ver en las fotos, zonas boscosas y ya finalmente y cerca de Ota, por las impresionantes Gorges de Spelunca, entre altas y extra\u00f1as monta\u00f1as, tambi\u00e9n con una estrech\u00edsima carretera sin ning\u00fan sitio para poder parar a hacer alguna foto, pero que compensaremos ma\u00f1ana con una caminata.<\/p>\n<p style=\"text-align: justify;\">Ponemos aqu\u00ed las fotos realizadas en el recorrido en coche, teniendo en cuenta que en las zonas m\u00e1s bonitas, la de la Scala de Santa Regina y las Gorges de Spelunca, se circula por una estrech\u00edsima carretera, sin sitios para parar , por lo que tenemos muy pocas fotos y la mayor\u00eda realizadas desde el coche.<\/p>\n<hr \/>\n<p><strong>Album de fotos<\/strong><\/p>\n<p>&nbsp;<\/p>\n<p><a href=\"https:\/\/photos.app.goo.gl\/pvCngWie2bgN9vnB9\" target=\"_blank\" rel=\"noopener\"><img loading=\"lazy\" decoding=\"async\" class=\"size-medium wp-image-19713 aligncenter\" src=\"https:\/\/www.carlosyconchita.net\/rutas\/wp-content\/uploads\/2024\/04\/Corcega-02-00009-300x150.jpg\" alt=\"\" width=\"300\" height=\"150\" srcset=\"https:\/\/www.carlosyconchita.net\/rutas\/wp-content\/uploads\/2024\/04\/Corcega-02-00009-300x150.jpg 300w, https:\/\/www.carlosyconchita.net\/rutas\/wp-content\/uploads\/2024\/04\/Corcega-02-00009-600x300.jpg 600w, https:\/\/www.carlosyconchita.net\/rutas\/wp-content\/uploads\/2024\/04\/Corcega-02-00009-768x384.jpg 768w, https:\/\/www.carlosyconchita.net\/rutas\/wp-content\/uploads\/2024\/04\/Corcega-02-00009-960x480.jpg 960w, https:\/\/www.carlosyconchita.net\/rutas\/wp-content\/uploads\/2024\/04\/Corcega-02-00009.jpg 1100w\" sizes=\"auto, (max-width: 300px) 100vw, 300px\" \/><\/a><\/p>\n<hr \/>\n<p>&nbsp;<\/p>\n","protected":false},"excerpt":{"rendered":"<p>Hoy nos desplazamos desde Cort\u00e9 hasta la zona de Porto Ota donde estaremos un par de d\u00edas, y nos dirigimos directamente al inicio de la caminata de hoy para llegar al pueblo de Girolata,\u00a0 donde solo se puede llegar en barco o caminando. Pero antes de llegar, tenemos un bonito recorrido en coche por la [&hellip;]<\/p>\n","protected":false},"author":50,"featured_media":19713,"comment_status":"closed","ping_status":"open","sticky":false,"template":"","format":"standard","meta":{"footnotes":""},"categories":[38,132],"tags":[],"class_list":{"0":"post-19711","1":"post","2":"type-post","3":"status-publish","4":"format-standard","5":"has-post-thumbnail","6":"hentry","7":"category-fotos","8":"category-corcega","10":"post-with-thumbnail","11":"post-with-thumbnail-icon"},"yoast_head":"<!-- This site is optimized with the Yoast SEO plugin v27.4 - https:\/\/yoast.com\/product\/yoast-seo-wordpress\/ -->\n<title>02-04-2024-Ruta en coche de Cort\u00e9 a Porto Ota -<\/title>\n<meta name=\"robots\" content=\"index, follow, max-snippet:-1, max-image-preview:large, max-video-preview:-1\" \/>\n<link rel=\"canonical\" href=\"https:\/\/www.carlosyconchita.net\/rutas\/02-04-2024-ruta-corte-a-porto-ota\/\" \/>\n<meta property=\"og:locale\" content=\"es_ES\" \/>\n<meta property=\"og:type\" content=\"article\" \/>\n<meta property=\"og:title\" content=\"02-04-2024-Ruta en coche de Cort\u00e9 a Porto Ota -\" \/>\n<meta property=\"og:description\" content=\"Hoy nos desplazamos desde Cort\u00e9 hasta la zona de Porto Ota donde estaremos un par de d\u00edas, y nos dirigimos directamente al inicio de la caminata de hoy para llegar al pueblo de Girolata,\u00a0 donde solo se puede llegar en barco o caminando. Pero antes de llegar, tenemos un bonito recorrido en coche por la [&hellip;]\" \/>\n<meta property=\"og:url\" content=\"https:\/\/www.carlosyconchita.net\/rutas\/02-04-2024-ruta-corte-a-porto-ota\/\" \/>\n<meta property=\"og:site_name\" content=\"Las rutas de Carlos y Conchita\" \/>\n<meta property=\"article:published_time\" content=\"2024-04-02T14:45:11+00:00\" \/>\n<meta property=\"article:modified_time\" content=\"2024-04-24T15:23:42+00:00\" \/>\n<meta property=\"og:image\" content=\"https:\/\/www.carlosyconchita.net\/rutas\/wp-content\/uploads\/2024\/04\/Corcega-02-00009.jpg\" \/>\n\t<meta property=\"og:image:width\" content=\"1100\" \/>\n\t<meta property=\"og:image:height\" content=\"550\" \/>\n\t<meta property=\"og:image:type\" content=\"image\/jpeg\" \/>\n<meta name=\"author\" content=\"Carlos Conchita\" \/>\n<meta name=\"twitter:label1\" content=\"Escrito por\" \/>\n\t<meta name=\"twitter:data1\" content=\"Carlos Conchita\" \/>\n\t<meta name=\"twitter:label2\" content=\"Tiempo de lectura\" \/>\n\t<meta name=\"twitter:data2\" content=\"2 minutos\" \/>\n<script type=\"application\/ld+json\" class=\"yoast-schema-graph\">{\"@context\":\"https:\\\/\\\/schema.org\",\"@graph\":[{\"@type\":\"Article\",\"@id\":\"https:\\\/\\\/www.carlosyconchita.net\\\/rutas\\\/02-04-2024-ruta-corte-a-porto-ota\\\/#article\",\"isPartOf\":{\"@id\":\"https:\\\/\\\/www.carlosyconchita.net\\\/rutas\\\/02-04-2024-ruta-corte-a-porto-ota\\\/\"},\"author\":{\"name\":\"Carlos Conchita\",\"@id\":\"https:\\\/\\\/www.carlosyconchita.net\\\/rutas\\\/#\\\/schema\\\/person\\\/a9691f7258c28443fab2d3aa1479ea19\"},\"headline\":\"02-04-2024-Ruta en coche de Cort\u00e9 a Porto Ota\",\"datePublished\":\"2024-04-02T14:45:11+00:00\",\"dateModified\":\"2024-04-24T15:23:42+00:00\",\"mainEntityOfPage\":{\"@id\":\"https:\\\/\\\/www.carlosyconchita.net\\\/rutas\\\/02-04-2024-ruta-corte-a-porto-ota\\\/\"},\"wordCount\":237,\"image\":{\"@id\":\"https:\\\/\\\/www.carlosyconchita.net\\\/rutas\\\/02-04-2024-ruta-corte-a-porto-ota\\\/#primaryimage\"},\"thumbnailUrl\":\"https:\\\/\\\/www.carlosyconchita.net\\\/rutas\\\/wp-content\\\/uploads\\\/2024\\\/04\\\/Corcega-02-00009.jpg\",\"articleSection\":[\"0-Fotos\",\"C\u00f3rcega\"],\"inLanguage\":\"es\"},{\"@type\":\"WebPage\",\"@id\":\"https:\\\/\\\/www.carlosyconchita.net\\\/rutas\\\/02-04-2024-ruta-corte-a-porto-ota\\\/\",\"url\":\"https:\\\/\\\/www.carlosyconchita.net\\\/rutas\\\/02-04-2024-ruta-corte-a-porto-ota\\\/\",\"name\":\"02-04-2024-Ruta en coche de Cort\u00e9 a Porto Ota -\",\"isPartOf\":{\"@id\":\"https:\\\/\\\/www.carlosyconchita.net\\\/rutas\\\/#website\"},\"primaryImageOfPage\":{\"@id\":\"https:\\\/\\\/www.carlosyconchita.net\\\/rutas\\\/02-04-2024-ruta-corte-a-porto-ota\\\/#primaryimage\"},\"image\":{\"@id\":\"https:\\\/\\\/www.carlosyconchita.net\\\/rutas\\\/02-04-2024-ruta-corte-a-porto-ota\\\/#primaryimage\"},\"thumbnailUrl\":\"https:\\\/\\\/www.carlosyconchita.net\\\/rutas\\\/wp-content\\\/uploads\\\/2024\\\/04\\\/Corcega-02-00009.jpg\",\"datePublished\":\"2024-04-02T14:45:11+00:00\",\"dateModified\":\"2024-04-24T15:23:42+00:00\",\"author\":{\"@id\":\"https:\\\/\\\/www.carlosyconchita.net\\\/rutas\\\/#\\\/schema\\\/person\\\/a9691f7258c28443fab2d3aa1479ea19\"},\"breadcrumb\":{\"@id\":\"https:\\\/\\\/www.carlosyconchita.net\\\/rutas\\\/02-04-2024-ruta-corte-a-porto-ota\\\/#breadcrumb\"},\"inLanguage\":\"es\",\"potentialAction\":[{\"@type\":\"ReadAction\",\"target\":[\"https:\\\/\\\/www.carlosyconchita.net\\\/rutas\\\/02-04-2024-ruta-corte-a-porto-ota\\\/\"]}]},{\"@type\":\"ImageObject\",\"inLanguage\":\"es\",\"@id\":\"https:\\\/\\\/www.carlosyconchita.net\\\/rutas\\\/02-04-2024-ruta-corte-a-porto-ota\\\/#primaryimage\",\"url\":\"https:\\\/\\\/www.carlosyconchita.net\\\/rutas\\\/wp-content\\\/uploads\\\/2024\\\/04\\\/Corcega-02-00009.jpg\",\"contentUrl\":\"https:\\\/\\\/www.carlosyconchita.net\\\/rutas\\\/wp-content\\\/uploads\\\/2024\\\/04\\\/Corcega-02-00009.jpg\",\"width\":1100,\"height\":550},{\"@type\":\"BreadcrumbList\",\"@id\":\"https:\\\/\\\/www.carlosyconchita.net\\\/rutas\\\/02-04-2024-ruta-corte-a-porto-ota\\\/#breadcrumb\",\"itemListElement\":[{\"@type\":\"ListItem\",\"position\":1,\"name\":\"Portada\",\"item\":\"https:\\\/\\\/www.carlosyconchita.net\\\/rutas\\\/\"},{\"@type\":\"ListItem\",\"position\":2,\"name\":\"02-04-2024-Ruta en coche de Cort\u00e9 a Porto Ota\"}]},{\"@type\":\"WebSite\",\"@id\":\"https:\\\/\\\/www.carlosyconchita.net\\\/rutas\\\/#website\",\"url\":\"https:\\\/\\\/www.carlosyconchita.net\\\/rutas\\\/\",\"name\":\"Las rutas de Carlos y Conchita\",\"description\":\"\",\"potentialAction\":[{\"@type\":\"SearchAction\",\"target\":{\"@type\":\"EntryPoint\",\"urlTemplate\":\"https:\\\/\\\/www.carlosyconchita.net\\\/rutas\\\/?s={search_term_string}\"},\"query-input\":{\"@type\":\"PropertyValueSpecification\",\"valueRequired\":true,\"valueName\":\"search_term_string\"}}],\"inLanguage\":\"es\"},{\"@type\":\"Person\",\"@id\":\"https:\\\/\\\/www.carlosyconchita.net\\\/rutas\\\/#\\\/schema\\\/person\\\/a9691f7258c28443fab2d3aa1479ea19\",\"name\":\"Carlos Conchita\",\"image\":{\"@type\":\"ImageObject\",\"inLanguage\":\"es\",\"@id\":\"https:\\\/\\\/secure.gravatar.com\\\/avatar\\\/3a4625b20c8da3de99da69bfe7a322774e291c3f90dce7e8778a30fe6748ed1a?s=96&d=mm&r=g\",\"url\":\"https:\\\/\\\/secure.gravatar.com\\\/avatar\\\/3a4625b20c8da3de99da69bfe7a322774e291c3f90dce7e8778a30fe6748ed1a?s=96&d=mm&r=g\",\"contentUrl\":\"https:\\\/\\\/secure.gravatar.com\\\/avatar\\\/3a4625b20c8da3de99da69bfe7a322774e291c3f90dce7e8778a30fe6748ed1a?s=96&d=mm&r=g\",\"caption\":\"Carlos Conchita\"}}]}<\/script>\n<!-- \/ Yoast SEO plugin. -->","yoast_head_json":{"title":"02-04-2024-Ruta en coche de Cort\u00e9 a Porto Ota -","robots":{"index":"index","follow":"follow","max-snippet":"max-snippet:-1","max-image-preview":"max-image-preview:large","max-video-preview":"max-video-preview:-1"},"canonical":"https:\/\/www.carlosyconchita.net\/rutas\/02-04-2024-ruta-corte-a-porto-ota\/","og_locale":"es_ES","og_type":"article","og_title":"02-04-2024-Ruta en coche de Cort\u00e9 a Porto Ota -","og_description":"Hoy nos desplazamos desde Cort\u00e9 hasta la zona de Porto Ota donde estaremos un par de d\u00edas, y nos dirigimos directamente al inicio de la caminata de hoy para llegar al pueblo de Girolata,\u00a0 donde solo se puede llegar en barco o caminando. Pero antes de llegar, tenemos un bonito recorrido en coche por la [&hellip;]","og_url":"https:\/\/www.carlosyconchita.net\/rutas\/02-04-2024-ruta-corte-a-porto-ota\/","og_site_name":"Las rutas de Carlos y Conchita","article_published_time":"2024-04-02T14:45:11+00:00","article_modified_time":"2024-04-24T15:23:42+00:00","og_image":[{"width":1100,"height":550,"url":"https:\/\/www.carlosyconchita.net\/rutas\/wp-content\/uploads\/2024\/04\/Corcega-02-00009.jpg","type":"image\/jpeg"}],"author":"Carlos Conchita","twitter_misc":{"Escrito por":"Carlos Conchita","Tiempo de lectura":"2 minutos"},"schema":{"@context":"https:\/\/schema.org","@graph":[{"@type":"Article","@id":"https:\/\/www.carlosyconchita.net\/rutas\/02-04-2024-ruta-corte-a-porto-ota\/#article","isPartOf":{"@id":"https:\/\/www.carlosyconchita.net\/rutas\/02-04-2024-ruta-corte-a-porto-ota\/"},"author":{"name":"Carlos Conchita","@id":"https:\/\/www.carlosyconchita.net\/rutas\/#\/schema\/person\/a9691f7258c28443fab2d3aa1479ea19"},"headline":"02-04-2024-Ruta en coche de Cort\u00e9 a Porto Ota","datePublished":"2024-04-02T14:45:11+00:00","dateModified":"2024-04-24T15:23:42+00:00","mainEntityOfPage":{"@id":"https:\/\/www.carlosyconchita.net\/rutas\/02-04-2024-ruta-corte-a-porto-ota\/"},"wordCount":237,"image":{"@id":"https:\/\/www.carlosyconchita.net\/rutas\/02-04-2024-ruta-corte-a-porto-ota\/#primaryimage"},"thumbnailUrl":"https:\/\/www.carlosyconchita.net\/rutas\/wp-content\/uploads\/2024\/04\/Corcega-02-00009.jpg","articleSection":["0-Fotos","C\u00f3rcega"],"inLanguage":"es"},{"@type":"WebPage","@id":"https:\/\/www.carlosyconchita.net\/rutas\/02-04-2024-ruta-corte-a-porto-ota\/","url":"https:\/\/www.carlosyconchita.net\/rutas\/02-04-2024-ruta-corte-a-porto-ota\/","name":"02-04-2024-Ruta en coche de Cort\u00e9 a Porto Ota -","isPartOf":{"@id":"https:\/\/www.carlosyconchita.net\/rutas\/#website"},"primaryImageOfPage":{"@id":"https:\/\/www.carlosyconchita.net\/rutas\/02-04-2024-ruta-corte-a-porto-ota\/#primaryimage"},"image":{"@id":"https:\/\/www.carlosyconchita.net\/rutas\/02-04-2024-ruta-corte-a-porto-ota\/#primaryimage"},"thumbnailUrl":"https:\/\/www.carlosyconchita.net\/rutas\/wp-content\/uploads\/2024\/04\/Corcega-02-00009.jpg","datePublished":"2024-04-02T14:45:11+00:00","dateModified":"2024-04-24T15:23:42+00:00","author":{"@id":"https:\/\/www.carlosyconchita.net\/rutas\/#\/schema\/person\/a9691f7258c28443fab2d3aa1479ea19"},"breadcrumb":{"@id":"https:\/\/www.carlosyconchita.net\/rutas\/02-04-2024-ruta-corte-a-porto-ota\/#breadcrumb"},"inLanguage":"es","potentialAction":[{"@type":"ReadAction","target":["https:\/\/www.carlosyconchita.net\/rutas\/02-04-2024-ruta-corte-a-porto-ota\/"]}]},{"@type":"ImageObject","inLanguage":"es","@id":"https:\/\/www.carlosyconchita.net\/rutas\/02-04-2024-ruta-corte-a-porto-ota\/#primaryimage","url":"https:\/\/www.carlosyconchita.net\/rutas\/wp-content\/uploads\/2024\/04\/Corcega-02-00009.jpg","contentUrl":"https:\/\/www.carlosyconchita.net\/rutas\/wp-content\/uploads\/2024\/04\/Corcega-02-00009.jpg","width":1100,"height":550},{"@type":"BreadcrumbList","@id":"https:\/\/www.carlosyconchita.net\/rutas\/02-04-2024-ruta-corte-a-porto-ota\/#breadcrumb","itemListElement":[{"@type":"ListItem","position":1,"name":"Portada","item":"https:\/\/www.carlosyconchita.net\/rutas\/"},{"@type":"ListItem","position":2,"name":"02-04-2024-Ruta en coche de Cort\u00e9 a Porto Ota"}]},{"@type":"WebSite","@id":"https:\/\/www.carlosyconchita.net\/rutas\/#website","url":"https:\/\/www.carlosyconchita.net\/rutas\/","name":"Las rutas de Carlos y Conchita","description":"","potentialAction":[{"@type":"SearchAction","target":{"@type":"EntryPoint","urlTemplate":"https:\/\/www.carlosyconchita.net\/rutas\/?s={search_term_string}"},"query-input":{"@type":"PropertyValueSpecification","valueRequired":true,"valueName":"search_term_string"}}],"inLanguage":"es"},{"@type":"Person","@id":"https:\/\/www.carlosyconchita.net\/rutas\/#\/schema\/person\/a9691f7258c28443fab2d3aa1479ea19","name":"Carlos Conchita","image":{"@type":"ImageObject","inLanguage":"es","@id":"https:\/\/secure.gravatar.com\/avatar\/3a4625b20c8da3de99da69bfe7a322774e291c3f90dce7e8778a30fe6748ed1a?s=96&d=mm&r=g","url":"https:\/\/secure.gravatar.com\/avatar\/3a4625b20c8da3de99da69bfe7a322774e291c3f90dce7e8778a30fe6748ed1a?s=96&d=mm&r=g","contentUrl":"https:\/\/secure.gravatar.com\/avatar\/3a4625b20c8da3de99da69bfe7a322774e291c3f90dce7e8778a30fe6748ed1a?s=96&d=mm&r=g","caption":"Carlos Conchita"}}]}},"_links":{"self":[{"href":"https:\/\/www.carlosyconchita.net\/rutas\/wp-json\/wp\/v2\/posts\/19711","targetHints":{"allow":["GET"]}}],"collection":[{"href":"https:\/\/www.carlosyconchita.net\/rutas\/wp-json\/wp\/v2\/posts"}],"about":[{"href":"https:\/\/www.carlosyconchita.net\/rutas\/wp-json\/wp\/v2\/types\/post"}],"author":[{"embeddable":true,"href":"https:\/\/www.carlosyconchita.net\/rutas\/wp-json\/wp\/v2\/users\/50"}],"replies":[{"embeddable":true,"href":"https:\/\/www.carlosyconchita.net\/rutas\/wp-json\/wp\/v2\/comments?post=19711"}],"version-history":[{"count":0,"href":"https:\/\/www.carlosyconchita.net\/rutas\/wp-json\/wp\/v2\/posts\/19711\/revisions"}],"wp:featuredmedia":[{"embeddable":true,"href":"https:\/\/www.carlosyconchita.net\/rutas\/wp-json\/wp\/v2\/media\/19713"}],"wp:attachment":[{"href":"https:\/\/www.carlosyconchita.net\/rutas\/wp-json\/wp\/v2\/media?parent=19711"}],"wp:term":[{"taxonomy":"category","embeddable":true,"href":"https:\/\/www.carlosyconchita.net\/rutas\/wp-json\/wp\/v2\/categories?post=19711"},{"taxonomy":"post_tag","embeddable":true,"href":"https:\/\/www.carlosyconchita.net\/rutas\/wp-json\/wp\/v2\/tags?post=19711"}],"curies":[{"name":"wp","href":"https:\/\/api.w.org\/{rel}","templated":true}]}}