{"id":19718,"date":"2024-04-02T16:34:14","date_gmt":"2024-04-02T15:34:14","guid":{"rendered":"https:\/\/www.carlosyconchita.net\/rutas\/?p=19718"},"modified":"2024-04-24T17:24:32","modified_gmt":"2024-04-24T16:24:32","slug":"02-04-2024-girolata-por-ruta-del-cartero","status":"publish","type":"post","link":"https:\/\/www.carlosyconchita.net\/rutas\/02-04-2024-girolata-por-ruta-del-cartero\/","title":{"rendered":"02-04-2024-Girolata por Ruta del cartero"},"content":{"rendered":"<p style=\"text-align: justify;\">Despu\u00e9s del recorrido en coche desde Cort\u00e9 hasta la zona de Ota, nos dirigimos directamente al inicio de la excursi\u00f3n de hoy, para seguir el llamado \u00abSendero del cartero\u00bb.<\/p>\n<p style=\"text-align: justify;\">Para ello vamos con el coche hasta el\u00a0 \u00abCol de la Croix\u00bb o \u00abBocca a Croce\u00bb, en la carretera D81 cerca de Porto y all\u00ed podemos dejar el coche en una zona de aparcamiento, y empezamos a caminar, siguiendo el letrero del \u00abSentier du Facteur\u00bb, que empieza bajando unos 2.2 kms. con un desnivel de 280 m.\u00a0 hasta el nivel del mar en la Cala de Tuara, y all\u00ed subimos unos 100 m. hasta que llegamos a un punto con una magn\u00edfica vista del peque\u00f1o pueblo de Girolata en donde nos detenemos.<\/p>\n<p style=\"text-align: justify;\">Nuestra idea inicial al preparar el viaje era llegar hasta el pueblo y comer algo all\u00ed, pero despu\u00e9s de la \u00abentretenida\u00bb ruta por carretera de esta ma\u00f1ana, con bonitos paisajes y pasos muy estrechos, hemos pasado m\u00e1s tiempo del previsto, por lo que decidimos comer aqu\u00ed con estas bonitas vistas y no llegar a Girolata, teniendo en cuenta que las vistas m\u00e1s bonitas siempre son desde lejos y no desde el mismo pueblo y que ten\u00edamos que llegar a una hora \u00abnormal \u00bb\u00a0 al hotel para poder recoger las llaves de la habitaci\u00f3n.<\/p>\n<p style=\"text-align: justify;\">La curiosidad de este peque\u00f1o pueblo es que s\u00f3lo se puede llegar andando o en barco, ya que no hay carretera, y por lo visto, \u00e9sta es la ruta que hac\u00edan los carteros para llegar a \u00e9l.<\/p>\n<p style=\"text-align: justify;\">La vuelta la hacemos por el mismo sitio, ya que una variante por la monta\u00f1a , bastante separada del agua no nos convenc\u00eda mucho, ya que hac\u00eda mucho calor y preferimos el aire fresco que de tanto en tanto nos viene del mar.<\/p>\n<p style=\"text-align: justify;\">Hemos hecho tambi\u00e9n una \u00abprueba\u00bb, de subir desde la Cala de Tuara hasta el coche sin parar ni una sola vez, y a buena velocidad, y hemos conseguido hacerlo en escasamente 40 minutos, lo que equivale a unos 3 kms\/h. , velocidad bastante notable para nosotros teniendo en cuenta que son\u00a0 2.2 kms todos de subida y un desnivel de 280 m.\u00a0<\/p>\n<p style=\"text-align: justify;\">\u00a0<\/p>\n<hr \/>\n<p style=\"text-align: justify;\"><strong>Album de fotos<\/strong><\/p>\n<p>\n<a href=\"https:\/\/photos.app.goo.gl\/aV5Ga9ai3m1wfJf28\" target=\"_blank\" rel=\"noopener\"><img loading=\"lazy\" decoding=\"async\" class=\"size-medium wp-image-19719 aligncenter\" src=\"https:\/\/www.carlosyconchita.net\/rutas\/wp-content\/uploads\/2024\/04\/Corcega-02-00078b-300x150.jpg\" alt=\"\" width=\"300\" height=\"150\" srcset=\"https:\/\/www.carlosyconchita.net\/rutas\/wp-content\/uploads\/2024\/04\/Corcega-02-00078b-300x150.jpg 300w, https:\/\/www.carlosyconchita.net\/rutas\/wp-content\/uploads\/2024\/04\/Corcega-02-00078b-600x300.jpg 600w, https:\/\/www.carlosyconchita.net\/rutas\/wp-content\/uploads\/2024\/04\/Corcega-02-00078b-768x384.jpg 768w, https:\/\/www.carlosyconchita.net\/rutas\/wp-content\/uploads\/2024\/04\/Corcega-02-00078b-960x480.jpg 960w, https:\/\/www.carlosyconchita.net\/rutas\/wp-content\/uploads\/2024\/04\/Corcega-02-00078b.jpg 1100w\" sizes=\"auto, (max-width: 300px) 100vw, 300px\" \/><\/a><\/p>\n<hr \/>\n<p>&nbsp;<\/p>\n<p><strong>Distancia total<\/strong> :\u00a0\u00a0\u00a0 7.396 \u00a0 m<span class=\"totlen\"><span class=\"summaryvalue\">.\u00a0\u00a0\u00a0\u00a0\u00a0\u00a0\u00a0\u00a0\u00a0\u00a0\u00a0\u00a0\u00a0\u00a0\u00a0\u00a0\u00a0\u00a0\u00a0\u00a0\u00a0 <strong>Alturas m\u00edn\/m\u00e1x. :\u00a0<\/strong> \u00a0\u00a0 0 m. \/\u00a0 278 m.\u00a0 <br \/>\n<\/span><\/span><\/p>\n<p><strong>Desnivel acumulado (s\/GPS Visualizer)<\/strong> :\u00a0 \u00a0\u00a0 465\u00a0 m.<\/p>\n<p><strong>Desnivel acumulado (s\/Wikiloc)<\/strong> :\u00a0 \u00a0 456\u00a0 m.<\/p>\n<p>&nbsp;<\/p>\n<hr \/>\n<h4><strong>Mapa y track de la ruta<\/strong><\/h4>\n<p style=\"text-align: center;\"><strong><span style=\"color: #ff0000;\">Pulsando sobre los waypoints del mapa, se puede ver una foto del sitio.<\/span><\/strong><\/p>\n<p>&nbsp;<\/p>\n<p><a href=\"https:\/\/www.carlosyconchita.net\/rutas\/wp-content\/uploads\/gpx\/Girolata.html\" target=\"_blank\" rel=\"noopener\"><img loading=\"lazy\" decoding=\"async\" class=\"aligncenter wp-image-16466\" src=\"https:\/\/www.carlosyconchita.net\/rutas\/wp-content\/uploads\/2021\/09\/mapa2.jpg\" alt=\"\" width=\"0185\" height=\"185\" srcset=\"https:\/\/www.carlosyconchita.net\/rutas\/wp-content\/uploads\/2021\/09\/mapa2.jpg 225w, https:\/\/www.carlosyconchita.net\/rutas\/wp-content\/uploads\/2021\/09\/mapa2-120x120.jpg 120w\" sizes=\"auto, (max-width: 185px) 100vw, 185px\" \/><\/a><\/p>\n<hr \/>\n<p><strong>Wikiloc\u00a0\u00a0\u00a0 <\/strong><strong><br \/>\n<\/strong><\/p>\n<p><a href=\"https:\/\/es.wikiloc.com\/rutas-senderismo\/girolata-sendero-del-cartero-corcega-168442206\" target=\"_blank\" rel=\"noopener\"><img loading=\"lazy\" decoding=\"async\" class=\"aligncenter size-full wp-image-958\" src=\"https:\/\/www.carlosyconchita.net\/rutas\/wp-content\/uploads\/2020\/09\/wikiloc.jpg\" alt=\"\" width=\"117\" height=\"34\" \/><\/a><\/p>\n<p>&nbsp;<\/p>\n<hr \/>\n<p style=\"text-align: justify;\"><span style=\"color: #ff0000; background-color: #ffffff; font-size: 14pt;\"><strong>Si te ha gustado o tienes alguna consulta,\u00a0 env\u00edanos tu comentario.<br \/>\n<\/strong><\/span><\/p>\n<p style=\"text-align: justify;\"><span style=\"font-size: 14pt;\"><strong><span style=\"color: #ff0000;\">Muchas gracias !<\/span><\/strong><\/span><\/p>\n<hr \/>\n<p style=\"text-align: justify;\"><strong><span style=\"color: #008000;\">Suscribete si quieres recibir un mail cuando publiquemos nuevas rutas : no enviamos publicidad y como m\u00e1ximo enviamos 2 mails al mes<\/span><\/strong><\/p>\n<p style=\"text-align: center;\"><a href=\"https:\/\/mailchi.mp\/6989c83a3e24\/wmv06rtqcz\/\" target=\"_blank\" rel=\"noopener noreferrer\"><strong><span style=\"color: #0000ff;\">Pulsa aqu\u00ed para suscribirte<\/span><\/strong><\/a><\/p>\n<hr \/>\n<p style=\"text-align: justify;\">\u00a0<\/p>\n<h3 style=\"text-align: justify;\">Puedes imprimir esta publicaci\u00f3n o guardarla en diferentes formatos :<\/h3>\n<p style=\"text-align: justify;\"><span style=\"color: #ff0000; font-size: 14pt;\">Para facilitar la impresi\u00f3n, hemos reducido considerablemente el tama\u00f1o de las fotos, pero si deseas imprimir sin fotos, aconsejamos guardarlo como \u201cdoc\u201d, y antes de imprimirlo, eliminar las fotos<\/span><\/p>\n<p>&nbsp;<\/p>\n","protected":false},"excerpt":{"rendered":"<p>Despu\u00e9s del recorrido en coche desde Cort\u00e9 hasta la zona de Ota, nos dirigimos directamente al inicio de la excursi\u00f3n de hoy, para seguir el llamado \u00abSendero del cartero\u00bb. Para ello vamos con el coche hasta el\u00a0 \u00abCol de la Croix\u00bb o \u00abBocca a Croce\u00bb, en la carretera D81 cerca de Porto y all\u00ed podemos [&hellip;]<\/p>\n","protected":false},"author":50,"featured_media":19719,"comment_status":"closed","ping_status":"open","sticky":false,"template":"","format":"standard","meta":{"footnotes":""},"categories":[10,22,132],"tags":[],"class_list":{"0":"post-19718","1":"post","2":"type-post","3":"status-publish","4":"format-standard","5":"has-post-thumbnail","6":"hentry","7":"category-facil","8":"category-de-05-a-10-km","9":"category-corcega","11":"post-with-thumbnail","12":"post-with-thumbnail-icon"},"yoast_head":"<!-- This site is optimized with the Yoast SEO plugin v27.4 - https:\/\/yoast.com\/product\/yoast-seo-wordpress\/ -->\n<title>02-04-2024-Girolata por Ruta del cartero -<\/title>\n<meta name=\"robots\" content=\"index, follow, max-snippet:-1, max-image-preview:large, max-video-preview:-1\" \/>\n<link rel=\"canonical\" href=\"https:\/\/www.carlosyconchita.net\/rutas\/02-04-2024-girolata-por-ruta-del-cartero\/\" \/>\n<meta property=\"og:locale\" content=\"es_ES\" \/>\n<meta property=\"og:type\" content=\"article\" \/>\n<meta property=\"og:title\" content=\"02-04-2024-Girolata por Ruta del cartero -\" \/>\n<meta property=\"og:description\" content=\"Despu\u00e9s del recorrido en coche desde Cort\u00e9 hasta la zona de Ota, nos dirigimos directamente al inicio de la excursi\u00f3n de hoy, para seguir el llamado \u00abSendero del cartero\u00bb. Para ello vamos con el coche hasta el\u00a0 \u00abCol de la Croix\u00bb o \u00abBocca a Croce\u00bb, en la carretera D81 cerca de Porto y all\u00ed podemos [&hellip;]\" \/>\n<meta property=\"og:url\" content=\"https:\/\/www.carlosyconchita.net\/rutas\/02-04-2024-girolata-por-ruta-del-cartero\/\" \/>\n<meta property=\"og:site_name\" content=\"Las rutas de Carlos y Conchita\" \/>\n<meta property=\"article:published_time\" content=\"2024-04-02T15:34:14+00:00\" \/>\n<meta property=\"article:modified_time\" content=\"2024-04-24T16:24:32+00:00\" \/>\n<meta property=\"og:image\" content=\"https:\/\/www.carlosyconchita.net\/rutas\/wp-content\/uploads\/2024\/04\/Corcega-02-00078b.jpg\" \/>\n\t<meta property=\"og:image:width\" content=\"1100\" \/>\n\t<meta property=\"og:image:height\" content=\"550\" \/>\n\t<meta property=\"og:image:type\" content=\"image\/jpeg\" \/>\n<meta name=\"author\" content=\"Carlos Conchita\" \/>\n<meta name=\"twitter:label1\" content=\"Escrito por\" \/>\n\t<meta name=\"twitter:data1\" content=\"Carlos Conchita\" \/>\n\t<meta name=\"twitter:label2\" content=\"Tiempo de lectura\" \/>\n\t<meta name=\"twitter:data2\" content=\"3 minutos\" \/>\n<script type=\"application\/ld+json\" class=\"yoast-schema-graph\">{\"@context\":\"https:\\\/\\\/schema.org\",\"@graph\":[{\"@type\":\"Article\",\"@id\":\"https:\\\/\\\/www.carlosyconchita.net\\\/rutas\\\/02-04-2024-girolata-por-ruta-del-cartero\\\/#article\",\"isPartOf\":{\"@id\":\"https:\\\/\\\/www.carlosyconchita.net\\\/rutas\\\/02-04-2024-girolata-por-ruta-del-cartero\\\/\"},\"author\":{\"name\":\"Carlos Conchita\",\"@id\":\"https:\\\/\\\/www.carlosyconchita.net\\\/rutas\\\/#\\\/schema\\\/person\\\/a9691f7258c28443fab2d3aa1479ea19\"},\"headline\":\"02-04-2024-Girolata por Ruta del cartero\",\"datePublished\":\"2024-04-02T15:34:14+00:00\",\"dateModified\":\"2024-04-24T16:24:32+00:00\",\"mainEntityOfPage\":{\"@id\":\"https:\\\/\\\/www.carlosyconchita.net\\\/rutas\\\/02-04-2024-girolata-por-ruta-del-cartero\\\/\"},\"wordCount\":500,\"image\":{\"@id\":\"https:\\\/\\\/www.carlosyconchita.net\\\/rutas\\\/02-04-2024-girolata-por-ruta-del-cartero\\\/#primaryimage\"},\"thumbnailUrl\":\"https:\\\/\\\/www.carlosyconchita.net\\\/rutas\\\/wp-content\\\/uploads\\\/2024\\\/04\\\/Corcega-02-00078b.jpg\",\"articleSection\":[\"1-F\u00e1cil\",\"2 - De 5 a 10 km.\",\"C\u00f3rcega\"],\"inLanguage\":\"es\"},{\"@type\":\"WebPage\",\"@id\":\"https:\\\/\\\/www.carlosyconchita.net\\\/rutas\\\/02-04-2024-girolata-por-ruta-del-cartero\\\/\",\"url\":\"https:\\\/\\\/www.carlosyconchita.net\\\/rutas\\\/02-04-2024-girolata-por-ruta-del-cartero\\\/\",\"name\":\"02-04-2024-Girolata por Ruta del cartero -\",\"isPartOf\":{\"@id\":\"https:\\\/\\\/www.carlosyconchita.net\\\/rutas\\\/#website\"},\"primaryImageOfPage\":{\"@id\":\"https:\\\/\\\/www.carlosyconchita.net\\\/rutas\\\/02-04-2024-girolata-por-ruta-del-cartero\\\/#primaryimage\"},\"image\":{\"@id\":\"https:\\\/\\\/www.carlosyconchita.net\\\/rutas\\\/02-04-2024-girolata-por-ruta-del-cartero\\\/#primaryimage\"},\"thumbnailUrl\":\"https:\\\/\\\/www.carlosyconchita.net\\\/rutas\\\/wp-content\\\/uploads\\\/2024\\\/04\\\/Corcega-02-00078b.jpg\",\"datePublished\":\"2024-04-02T15:34:14+00:00\",\"dateModified\":\"2024-04-24T16:24:32+00:00\",\"author\":{\"@id\":\"https:\\\/\\\/www.carlosyconchita.net\\\/rutas\\\/#\\\/schema\\\/person\\\/a9691f7258c28443fab2d3aa1479ea19\"},\"breadcrumb\":{\"@id\":\"https:\\\/\\\/www.carlosyconchita.net\\\/rutas\\\/02-04-2024-girolata-por-ruta-del-cartero\\\/#breadcrumb\"},\"inLanguage\":\"es\",\"potentialAction\":[{\"@type\":\"ReadAction\",\"target\":[\"https:\\\/\\\/www.carlosyconchita.net\\\/rutas\\\/02-04-2024-girolata-por-ruta-del-cartero\\\/\"]}]},{\"@type\":\"ImageObject\",\"inLanguage\":\"es\",\"@id\":\"https:\\\/\\\/www.carlosyconchita.net\\\/rutas\\\/02-04-2024-girolata-por-ruta-del-cartero\\\/#primaryimage\",\"url\":\"https:\\\/\\\/www.carlosyconchita.net\\\/rutas\\\/wp-content\\\/uploads\\\/2024\\\/04\\\/Corcega-02-00078b.jpg\",\"contentUrl\":\"https:\\\/\\\/www.carlosyconchita.net\\\/rutas\\\/wp-content\\\/uploads\\\/2024\\\/04\\\/Corcega-02-00078b.jpg\",\"width\":1100,\"height\":550},{\"@type\":\"BreadcrumbList\",\"@id\":\"https:\\\/\\\/www.carlosyconchita.net\\\/rutas\\\/02-04-2024-girolata-por-ruta-del-cartero\\\/#breadcrumb\",\"itemListElement\":[{\"@type\":\"ListItem\",\"position\":1,\"name\":\"Portada\",\"item\":\"https:\\\/\\\/www.carlosyconchita.net\\\/rutas\\\/\"},{\"@type\":\"ListItem\",\"position\":2,\"name\":\"02-04-2024-Girolata por Ruta del cartero\"}]},{\"@type\":\"WebSite\",\"@id\":\"https:\\\/\\\/www.carlosyconchita.net\\\/rutas\\\/#website\",\"url\":\"https:\\\/\\\/www.carlosyconchita.net\\\/rutas\\\/\",\"name\":\"Las rutas de Carlos y Conchita\",\"description\":\"\",\"potentialAction\":[{\"@type\":\"SearchAction\",\"target\":{\"@type\":\"EntryPoint\",\"urlTemplate\":\"https:\\\/\\\/www.carlosyconchita.net\\\/rutas\\\/?s={search_term_string}\"},\"query-input\":{\"@type\":\"PropertyValueSpecification\",\"valueRequired\":true,\"valueName\":\"search_term_string\"}}],\"inLanguage\":\"es\"},{\"@type\":\"Person\",\"@id\":\"https:\\\/\\\/www.carlosyconchita.net\\\/rutas\\\/#\\\/schema\\\/person\\\/a9691f7258c28443fab2d3aa1479ea19\",\"name\":\"Carlos Conchita\",\"image\":{\"@type\":\"ImageObject\",\"inLanguage\":\"es\",\"@id\":\"https:\\\/\\\/secure.gravatar.com\\\/avatar\\\/3a4625b20c8da3de99da69bfe7a322774e291c3f90dce7e8778a30fe6748ed1a?s=96&d=mm&r=g\",\"url\":\"https:\\\/\\\/secure.gravatar.com\\\/avatar\\\/3a4625b20c8da3de99da69bfe7a322774e291c3f90dce7e8778a30fe6748ed1a?s=96&d=mm&r=g\",\"contentUrl\":\"https:\\\/\\\/secure.gravatar.com\\\/avatar\\\/3a4625b20c8da3de99da69bfe7a322774e291c3f90dce7e8778a30fe6748ed1a?s=96&d=mm&r=g\",\"caption\":\"Carlos Conchita\"}}]}<\/script>\n<!-- \/ Yoast SEO plugin. -->","yoast_head_json":{"title":"02-04-2024-Girolata por Ruta del cartero -","robots":{"index":"index","follow":"follow","max-snippet":"max-snippet:-1","max-image-preview":"max-image-preview:large","max-video-preview":"max-video-preview:-1"},"canonical":"https:\/\/www.carlosyconchita.net\/rutas\/02-04-2024-girolata-por-ruta-del-cartero\/","og_locale":"es_ES","og_type":"article","og_title":"02-04-2024-Girolata por Ruta del cartero -","og_description":"Despu\u00e9s del recorrido en coche desde Cort\u00e9 hasta la zona de Ota, nos dirigimos directamente al inicio de la excursi\u00f3n de hoy, para seguir el llamado \u00abSendero del cartero\u00bb. Para ello vamos con el coche hasta el\u00a0 \u00abCol de la Croix\u00bb o \u00abBocca a Croce\u00bb, en la carretera D81 cerca de Porto y all\u00ed podemos [&hellip;]","og_url":"https:\/\/www.carlosyconchita.net\/rutas\/02-04-2024-girolata-por-ruta-del-cartero\/","og_site_name":"Las rutas de Carlos y Conchita","article_published_time":"2024-04-02T15:34:14+00:00","article_modified_time":"2024-04-24T16:24:32+00:00","og_image":[{"width":1100,"height":550,"url":"https:\/\/www.carlosyconchita.net\/rutas\/wp-content\/uploads\/2024\/04\/Corcega-02-00078b.jpg","type":"image\/jpeg"}],"author":"Carlos Conchita","twitter_misc":{"Escrito por":"Carlos Conchita","Tiempo de lectura":"3 minutos"},"schema":{"@context":"https:\/\/schema.org","@graph":[{"@type":"Article","@id":"https:\/\/www.carlosyconchita.net\/rutas\/02-04-2024-girolata-por-ruta-del-cartero\/#article","isPartOf":{"@id":"https:\/\/www.carlosyconchita.net\/rutas\/02-04-2024-girolata-por-ruta-del-cartero\/"},"author":{"name":"Carlos Conchita","@id":"https:\/\/www.carlosyconchita.net\/rutas\/#\/schema\/person\/a9691f7258c28443fab2d3aa1479ea19"},"headline":"02-04-2024-Girolata por Ruta del cartero","datePublished":"2024-04-02T15:34:14+00:00","dateModified":"2024-04-24T16:24:32+00:00","mainEntityOfPage":{"@id":"https:\/\/www.carlosyconchita.net\/rutas\/02-04-2024-girolata-por-ruta-del-cartero\/"},"wordCount":500,"image":{"@id":"https:\/\/www.carlosyconchita.net\/rutas\/02-04-2024-girolata-por-ruta-del-cartero\/#primaryimage"},"thumbnailUrl":"https:\/\/www.carlosyconchita.net\/rutas\/wp-content\/uploads\/2024\/04\/Corcega-02-00078b.jpg","articleSection":["1-F\u00e1cil","2 - De 5 a 10 km.","C\u00f3rcega"],"inLanguage":"es"},{"@type":"WebPage","@id":"https:\/\/www.carlosyconchita.net\/rutas\/02-04-2024-girolata-por-ruta-del-cartero\/","url":"https:\/\/www.carlosyconchita.net\/rutas\/02-04-2024-girolata-por-ruta-del-cartero\/","name":"02-04-2024-Girolata por Ruta del cartero -","isPartOf":{"@id":"https:\/\/www.carlosyconchita.net\/rutas\/#website"},"primaryImageOfPage":{"@id":"https:\/\/www.carlosyconchita.net\/rutas\/02-04-2024-girolata-por-ruta-del-cartero\/#primaryimage"},"image":{"@id":"https:\/\/www.carlosyconchita.net\/rutas\/02-04-2024-girolata-por-ruta-del-cartero\/#primaryimage"},"thumbnailUrl":"https:\/\/www.carlosyconchita.net\/rutas\/wp-content\/uploads\/2024\/04\/Corcega-02-00078b.jpg","datePublished":"2024-04-02T15:34:14+00:00","dateModified":"2024-04-24T16:24:32+00:00","author":{"@id":"https:\/\/www.carlosyconchita.net\/rutas\/#\/schema\/person\/a9691f7258c28443fab2d3aa1479ea19"},"breadcrumb":{"@id":"https:\/\/www.carlosyconchita.net\/rutas\/02-04-2024-girolata-por-ruta-del-cartero\/#breadcrumb"},"inLanguage":"es","potentialAction":[{"@type":"ReadAction","target":["https:\/\/www.carlosyconchita.net\/rutas\/02-04-2024-girolata-por-ruta-del-cartero\/"]}]},{"@type":"ImageObject","inLanguage":"es","@id":"https:\/\/www.carlosyconchita.net\/rutas\/02-04-2024-girolata-por-ruta-del-cartero\/#primaryimage","url":"https:\/\/www.carlosyconchita.net\/rutas\/wp-content\/uploads\/2024\/04\/Corcega-02-00078b.jpg","contentUrl":"https:\/\/www.carlosyconchita.net\/rutas\/wp-content\/uploads\/2024\/04\/Corcega-02-00078b.jpg","width":1100,"height":550},{"@type":"BreadcrumbList","@id":"https:\/\/www.carlosyconchita.net\/rutas\/02-04-2024-girolata-por-ruta-del-cartero\/#breadcrumb","itemListElement":[{"@type":"ListItem","position":1,"name":"Portada","item":"https:\/\/www.carlosyconchita.net\/rutas\/"},{"@type":"ListItem","position":2,"name":"02-04-2024-Girolata por Ruta del cartero"}]},{"@type":"WebSite","@id":"https:\/\/www.carlosyconchita.net\/rutas\/#website","url":"https:\/\/www.carlosyconchita.net\/rutas\/","name":"Las rutas de Carlos y Conchita","description":"","potentialAction":[{"@type":"SearchAction","target":{"@type":"EntryPoint","urlTemplate":"https:\/\/www.carlosyconchita.net\/rutas\/?s={search_term_string}"},"query-input":{"@type":"PropertyValueSpecification","valueRequired":true,"valueName":"search_term_string"}}],"inLanguage":"es"},{"@type":"Person","@id":"https:\/\/www.carlosyconchita.net\/rutas\/#\/schema\/person\/a9691f7258c28443fab2d3aa1479ea19","name":"Carlos Conchita","image":{"@type":"ImageObject","inLanguage":"es","@id":"https:\/\/secure.gravatar.com\/avatar\/3a4625b20c8da3de99da69bfe7a322774e291c3f90dce7e8778a30fe6748ed1a?s=96&d=mm&r=g","url":"https:\/\/secure.gravatar.com\/avatar\/3a4625b20c8da3de99da69bfe7a322774e291c3f90dce7e8778a30fe6748ed1a?s=96&d=mm&r=g","contentUrl":"https:\/\/secure.gravatar.com\/avatar\/3a4625b20c8da3de99da69bfe7a322774e291c3f90dce7e8778a30fe6748ed1a?s=96&d=mm&r=g","caption":"Carlos Conchita"}}]}},"_links":{"self":[{"href":"https:\/\/www.carlosyconchita.net\/rutas\/wp-json\/wp\/v2\/posts\/19718","targetHints":{"allow":["GET"]}}],"collection":[{"href":"https:\/\/www.carlosyconchita.net\/rutas\/wp-json\/wp\/v2\/posts"}],"about":[{"href":"https:\/\/www.carlosyconchita.net\/rutas\/wp-json\/wp\/v2\/types\/post"}],"author":[{"embeddable":true,"href":"https:\/\/www.carlosyconchita.net\/rutas\/wp-json\/wp\/v2\/users\/50"}],"replies":[{"embeddable":true,"href":"https:\/\/www.carlosyconchita.net\/rutas\/wp-json\/wp\/v2\/comments?post=19718"}],"version-history":[{"count":0,"href":"https:\/\/www.carlosyconchita.net\/rutas\/wp-json\/wp\/v2\/posts\/19718\/revisions"}],"wp:featuredmedia":[{"embeddable":true,"href":"https:\/\/www.carlosyconchita.net\/rutas\/wp-json\/wp\/v2\/media\/19719"}],"wp:attachment":[{"href":"https:\/\/www.carlosyconchita.net\/rutas\/wp-json\/wp\/v2\/media?parent=19718"}],"wp:term":[{"taxonomy":"category","embeddable":true,"href":"https:\/\/www.carlosyconchita.net\/rutas\/wp-json\/wp\/v2\/categories?post=19718"},{"taxonomy":"post_tag","embeddable":true,"href":"https:\/\/www.carlosyconchita.net\/rutas\/wp-json\/wp\/v2\/tags?post=19718"}],"curies":[{"name":"wp","href":"https:\/\/api.w.org\/{rel}","templated":true}]}}