{"id":19764,"date":"2024-04-04T15:09:16","date_gmt":"2024-04-04T14:09:16","guid":{"rendered":"https:\/\/www.carlosyconchita.net\/rutas\/?p=19764"},"modified":"2024-05-16T16:59:46","modified_gmt":"2024-05-16T15:59:46","slug":"04-04-2024-escalera-del-rey-de-aragon-bonifacio-corcega","status":"publish","type":"post","link":"https:\/\/www.carlosyconchita.net\/rutas\/04-04-2024-escalera-del-rey-de-aragon-bonifacio-corcega\/","title":{"rendered":"04-04-2024-Escalera del Rey de Arag\u00f3n &#8211; Bonifacio (C\u00f3rcega)"},"content":{"rendered":"<p>En Bonifacio, desde la parte alta de la zona antigua de la \u00abcitadelle\u00bb, descendemos la llamada escalera del Rey de Arag\u00f3n, que tiene 187 pelda\u00f1os para llegar al nivel del mar, unos 65 m. m\u00e1s abajo.<\/p>\n<p>Seg\u00fan la leyenda, se dice que fue construida en una noche por los soldados del rey aragon\u00e9s Alfonso V que asediaban la ciudad en 1420,\u00a0 aunque otros dicen que fueron los monjes franciscanos quienes la excavaron para llegar a una fuente de agua potable que estaba al nivel del mar.<\/p>\n<p>La escalera est\u00e1 excavada en la roca, en un angulo de 45\u00ba, y para verla desde \u00abfuera\u00bb la \u00fanica opci\u00f3n es hacer una foto desde el mar en alguno de los recorridos en barco por la zona.<\/p>\n<p><img loading=\"lazy\" decoding=\"async\" class=\"aligncenter wp-image-19765 size-full\" src=\"https:\/\/www.carlosyconchita.net\/rutas\/wp-content\/uploads\/2024\/05\/Escalera.jpg\" alt=\"\" width=\"945\" height=\"768\" srcset=\"https:\/\/www.carlosyconchita.net\/rutas\/wp-content\/uploads\/2024\/05\/Escalera.jpg 945w, https:\/\/www.carlosyconchita.net\/rutas\/wp-content\/uploads\/2024\/05\/Escalera-300x244.jpg 300w, https:\/\/www.carlosyconchita.net\/rutas\/wp-content\/uploads\/2024\/05\/Escalera-554x450.jpg 554w, https:\/\/www.carlosyconchita.net\/rutas\/wp-content\/uploads\/2024\/05\/Escalera-768x624.jpg 768w\" sizes=\"auto, (max-width: 945px) 100vw, 945px\" \/><\/p>\n<p>&nbsp;<\/p>\n<hr \/>\n<p><strong>Album de fotos<\/strong><\/p>\n<p>&nbsp;<\/p>\n<p><a href=\"https:\/\/photos.app.goo.gl\/oz78n985oTe73xe97\" target=\"_blank\" rel=\"noopener\"><img loading=\"lazy\" decoding=\"async\" class=\"size-medium wp-image-19767 aligncenter\" src=\"https:\/\/www.carlosyconchita.net\/rutas\/wp-content\/uploads\/2024\/04\/Corcega-04-00038-300x150.jpg\" alt=\"\" width=\"300\" height=\"150\" srcset=\"https:\/\/www.carlosyconchita.net\/rutas\/wp-content\/uploads\/2024\/04\/Corcega-04-00038-300x150.jpg 300w, https:\/\/www.carlosyconchita.net\/rutas\/wp-content\/uploads\/2024\/04\/Corcega-04-00038-600x300.jpg 600w, https:\/\/www.carlosyconchita.net\/rutas\/wp-content\/uploads\/2024\/04\/Corcega-04-00038-768x384.jpg 768w, https:\/\/www.carlosyconchita.net\/rutas\/wp-content\/uploads\/2024\/04\/Corcega-04-00038-960x480.jpg 960w, https:\/\/www.carlosyconchita.net\/rutas\/wp-content\/uploads\/2024\/04\/Corcega-04-00038.jpg 1100w\" sizes=\"auto, (max-width: 300px) 100vw, 300px\" \/><\/a><\/p>\n<p>&nbsp;<\/p>\n<hr \/>\n<p><strong>Mini-video<\/strong><\/p>\n<p><iframe loading=\"lazy\" title=\"Escalera del Rey de Aragon (Bonifacio)\" width=\"720\" height=\"405\" src=\"https:\/\/www.youtube.com\/embed\/SfKXxdAi3LU?feature=oembed\" frameborder=\"0\" allow=\"accelerometer; autoplay; clipboard-write; encrypted-media; gyroscope; picture-in-picture; web-share\" referrerpolicy=\"strict-origin-when-cross-origin\" allowfullscreen><\/iframe><\/p>\n<p>&nbsp;<\/p>\n<hr \/>\n<p>&nbsp;<\/p>\n<p>&nbsp;<\/p>\n","protected":false},"excerpt":{"rendered":"<p>En Bonifacio, desde la parte alta de la zona antigua de la \u00abcitadelle\u00bb, descendemos la llamada escalera del Rey de Arag\u00f3n, que tiene 187 pelda\u00f1os para llegar al nivel del mar, unos 65 m. m\u00e1s abajo. Seg\u00fan la leyenda, se dice que fue construida en una noche por los soldados del rey aragon\u00e9s Alfonso V [&hellip;]<\/p>\n","protected":false},"author":50,"featured_media":19767,"comment_status":"closed","ping_status":"open","sticky":false,"template":"","format":"standard","meta":{"footnotes":""},"categories":[38,21,10],"tags":[],"class_list":{"0":"post-19764","1":"post","2":"type-post","3":"status-publish","4":"format-standard","5":"has-post-thumbnail","6":"hentry","7":"category-fotos","8":"category-hasta-5-km","9":"category-facil","11":"post-with-thumbnail","12":"post-with-thumbnail-icon"},"yoast_head":"<!-- This site is optimized with the Yoast SEO plugin v27.4 - https:\/\/yoast.com\/product\/yoast-seo-wordpress\/ -->\n<title>04-04-2024-Escalera del Rey de Arag\u00f3n - Bonifacio (C\u00f3rcega) -<\/title>\n<meta name=\"robots\" content=\"index, follow, max-snippet:-1, max-image-preview:large, max-video-preview:-1\" \/>\n<link rel=\"canonical\" href=\"https:\/\/www.carlosyconchita.net\/rutas\/04-04-2024-escalera-del-rey-de-aragon-bonifacio-corcega\/\" \/>\n<meta property=\"og:locale\" content=\"es_ES\" \/>\n<meta property=\"og:type\" content=\"article\" \/>\n<meta property=\"og:title\" content=\"04-04-2024-Escalera del Rey de Arag\u00f3n - Bonifacio (C\u00f3rcega) -\" \/>\n<meta property=\"og:description\" content=\"En Bonifacio, desde la parte alta de la zona antigua de la \u00abcitadelle\u00bb, descendemos la llamada escalera del Rey de Arag\u00f3n, que tiene 187 pelda\u00f1os para llegar al nivel del mar, unos 65 m. m\u00e1s abajo. Seg\u00fan la leyenda, se dice que fue construida en una noche por los soldados del rey aragon\u00e9s Alfonso V [&hellip;]\" \/>\n<meta property=\"og:url\" content=\"https:\/\/www.carlosyconchita.net\/rutas\/04-04-2024-escalera-del-rey-de-aragon-bonifacio-corcega\/\" \/>\n<meta property=\"og:site_name\" content=\"Las rutas de Carlos y Conchita\" \/>\n<meta property=\"article:published_time\" content=\"2024-04-04T14:09:16+00:00\" \/>\n<meta property=\"article:modified_time\" content=\"2024-05-16T15:59:46+00:00\" \/>\n<meta property=\"og:image\" content=\"https:\/\/www.carlosyconchita.net\/rutas\/wp-content\/uploads\/2024\/04\/Corcega-04-00038.jpg\" \/>\n\t<meta property=\"og:image:width\" content=\"1100\" \/>\n\t<meta property=\"og:image:height\" content=\"550\" \/>\n\t<meta property=\"og:image:type\" content=\"image\/jpeg\" \/>\n<meta name=\"author\" content=\"Carlos Conchita\" \/>\n<meta name=\"twitter:label1\" content=\"Escrito por\" \/>\n\t<meta name=\"twitter:data1\" content=\"Carlos Conchita\" \/>\n\t<meta name=\"twitter:label2\" content=\"Tiempo de lectura\" \/>\n\t<meta name=\"twitter:data2\" content=\"2 minutos\" \/>\n<script type=\"application\/ld+json\" class=\"yoast-schema-graph\">{\"@context\":\"https:\\\/\\\/schema.org\",\"@graph\":[{\"@type\":\"Article\",\"@id\":\"https:\\\/\\\/www.carlosyconchita.net\\\/rutas\\\/04-04-2024-escalera-del-rey-de-aragon-bonifacio-corcega\\\/#article\",\"isPartOf\":{\"@id\":\"https:\\\/\\\/www.carlosyconchita.net\\\/rutas\\\/04-04-2024-escalera-del-rey-de-aragon-bonifacio-corcega\\\/\"},\"author\":{\"name\":\"Carlos Conchita\",\"@id\":\"https:\\\/\\\/www.carlosyconchita.net\\\/rutas\\\/#\\\/schema\\\/person\\\/a9691f7258c28443fab2d3aa1479ea19\"},\"headline\":\"04-04-2024-Escalera del Rey de Arag\u00f3n &#8211; Bonifacio (C\u00f3rcega)\",\"datePublished\":\"2024-04-04T14:09:16+00:00\",\"dateModified\":\"2024-05-16T15:59:46+00:00\",\"mainEntityOfPage\":{\"@id\":\"https:\\\/\\\/www.carlosyconchita.net\\\/rutas\\\/04-04-2024-escalera-del-rey-de-aragon-bonifacio-corcega\\\/\"},\"wordCount\":152,\"image\":{\"@id\":\"https:\\\/\\\/www.carlosyconchita.net\\\/rutas\\\/04-04-2024-escalera-del-rey-de-aragon-bonifacio-corcega\\\/#primaryimage\"},\"thumbnailUrl\":\"https:\\\/\\\/www.carlosyconchita.net\\\/rutas\\\/wp-content\\\/uploads\\\/2024\\\/04\\\/Corcega-04-00038.jpg\",\"articleSection\":[\"0-Fotos\",\"1 - Hasta 5 km.\",\"1-F\u00e1cil\"],\"inLanguage\":\"es\"},{\"@type\":\"WebPage\",\"@id\":\"https:\\\/\\\/www.carlosyconchita.net\\\/rutas\\\/04-04-2024-escalera-del-rey-de-aragon-bonifacio-corcega\\\/\",\"url\":\"https:\\\/\\\/www.carlosyconchita.net\\\/rutas\\\/04-04-2024-escalera-del-rey-de-aragon-bonifacio-corcega\\\/\",\"name\":\"04-04-2024-Escalera del Rey de Arag\u00f3n - Bonifacio (C\u00f3rcega) -\",\"isPartOf\":{\"@id\":\"https:\\\/\\\/www.carlosyconchita.net\\\/rutas\\\/#website\"},\"primaryImageOfPage\":{\"@id\":\"https:\\\/\\\/www.carlosyconchita.net\\\/rutas\\\/04-04-2024-escalera-del-rey-de-aragon-bonifacio-corcega\\\/#primaryimage\"},\"image\":{\"@id\":\"https:\\\/\\\/www.carlosyconchita.net\\\/rutas\\\/04-04-2024-escalera-del-rey-de-aragon-bonifacio-corcega\\\/#primaryimage\"},\"thumbnailUrl\":\"https:\\\/\\\/www.carlosyconchita.net\\\/rutas\\\/wp-content\\\/uploads\\\/2024\\\/04\\\/Corcega-04-00038.jpg\",\"datePublished\":\"2024-04-04T14:09:16+00:00\",\"dateModified\":\"2024-05-16T15:59:46+00:00\",\"author\":{\"@id\":\"https:\\\/\\\/www.carlosyconchita.net\\\/rutas\\\/#\\\/schema\\\/person\\\/a9691f7258c28443fab2d3aa1479ea19\"},\"breadcrumb\":{\"@id\":\"https:\\\/\\\/www.carlosyconchita.net\\\/rutas\\\/04-04-2024-escalera-del-rey-de-aragon-bonifacio-corcega\\\/#breadcrumb\"},\"inLanguage\":\"es\",\"potentialAction\":[{\"@type\":\"ReadAction\",\"target\":[\"https:\\\/\\\/www.carlosyconchita.net\\\/rutas\\\/04-04-2024-escalera-del-rey-de-aragon-bonifacio-corcega\\\/\"]}]},{\"@type\":\"ImageObject\",\"inLanguage\":\"es\",\"@id\":\"https:\\\/\\\/www.carlosyconchita.net\\\/rutas\\\/04-04-2024-escalera-del-rey-de-aragon-bonifacio-corcega\\\/#primaryimage\",\"url\":\"https:\\\/\\\/www.carlosyconchita.net\\\/rutas\\\/wp-content\\\/uploads\\\/2024\\\/04\\\/Corcega-04-00038.jpg\",\"contentUrl\":\"https:\\\/\\\/www.carlosyconchita.net\\\/rutas\\\/wp-content\\\/uploads\\\/2024\\\/04\\\/Corcega-04-00038.jpg\",\"width\":1100,\"height\":550},{\"@type\":\"BreadcrumbList\",\"@id\":\"https:\\\/\\\/www.carlosyconchita.net\\\/rutas\\\/04-04-2024-escalera-del-rey-de-aragon-bonifacio-corcega\\\/#breadcrumb\",\"itemListElement\":[{\"@type\":\"ListItem\",\"position\":1,\"name\":\"Portada\",\"item\":\"https:\\\/\\\/www.carlosyconchita.net\\\/rutas\\\/\"},{\"@type\":\"ListItem\",\"position\":2,\"name\":\"04-04-2024-Escalera del Rey de Arag\u00f3n &#8211; Bonifacio (C\u00f3rcega)\"}]},{\"@type\":\"WebSite\",\"@id\":\"https:\\\/\\\/www.carlosyconchita.net\\\/rutas\\\/#website\",\"url\":\"https:\\\/\\\/www.carlosyconchita.net\\\/rutas\\\/\",\"name\":\"Las rutas de Carlos y Conchita\",\"description\":\"\",\"potentialAction\":[{\"@type\":\"SearchAction\",\"target\":{\"@type\":\"EntryPoint\",\"urlTemplate\":\"https:\\\/\\\/www.carlosyconchita.net\\\/rutas\\\/?s={search_term_string}\"},\"query-input\":{\"@type\":\"PropertyValueSpecification\",\"valueRequired\":true,\"valueName\":\"search_term_string\"}}],\"inLanguage\":\"es\"},{\"@type\":\"Person\",\"@id\":\"https:\\\/\\\/www.carlosyconchita.net\\\/rutas\\\/#\\\/schema\\\/person\\\/a9691f7258c28443fab2d3aa1479ea19\",\"name\":\"Carlos Conchita\",\"image\":{\"@type\":\"ImageObject\",\"inLanguage\":\"es\",\"@id\":\"https:\\\/\\\/secure.gravatar.com\\\/avatar\\\/3a4625b20c8da3de99da69bfe7a322774e291c3f90dce7e8778a30fe6748ed1a?s=96&d=mm&r=g\",\"url\":\"https:\\\/\\\/secure.gravatar.com\\\/avatar\\\/3a4625b20c8da3de99da69bfe7a322774e291c3f90dce7e8778a30fe6748ed1a?s=96&d=mm&r=g\",\"contentUrl\":\"https:\\\/\\\/secure.gravatar.com\\\/avatar\\\/3a4625b20c8da3de99da69bfe7a322774e291c3f90dce7e8778a30fe6748ed1a?s=96&d=mm&r=g\",\"caption\":\"Carlos Conchita\"}}]}<\/script>\n<!-- \/ Yoast SEO plugin. -->","yoast_head_json":{"title":"04-04-2024-Escalera del Rey de Arag\u00f3n - Bonifacio (C\u00f3rcega) -","robots":{"index":"index","follow":"follow","max-snippet":"max-snippet:-1","max-image-preview":"max-image-preview:large","max-video-preview":"max-video-preview:-1"},"canonical":"https:\/\/www.carlosyconchita.net\/rutas\/04-04-2024-escalera-del-rey-de-aragon-bonifacio-corcega\/","og_locale":"es_ES","og_type":"article","og_title":"04-04-2024-Escalera del Rey de Arag\u00f3n - Bonifacio (C\u00f3rcega) -","og_description":"En Bonifacio, desde la parte alta de la zona antigua de la \u00abcitadelle\u00bb, descendemos la llamada escalera del Rey de Arag\u00f3n, que tiene 187 pelda\u00f1os para llegar al nivel del mar, unos 65 m. m\u00e1s abajo. Seg\u00fan la leyenda, se dice que fue construida en una noche por los soldados del rey aragon\u00e9s Alfonso V [&hellip;]","og_url":"https:\/\/www.carlosyconchita.net\/rutas\/04-04-2024-escalera-del-rey-de-aragon-bonifacio-corcega\/","og_site_name":"Las rutas de Carlos y Conchita","article_published_time":"2024-04-04T14:09:16+00:00","article_modified_time":"2024-05-16T15:59:46+00:00","og_image":[{"width":1100,"height":550,"url":"https:\/\/www.carlosyconchita.net\/rutas\/wp-content\/uploads\/2024\/04\/Corcega-04-00038.jpg","type":"image\/jpeg"}],"author":"Carlos Conchita","twitter_misc":{"Escrito por":"Carlos Conchita","Tiempo de lectura":"2 minutos"},"schema":{"@context":"https:\/\/schema.org","@graph":[{"@type":"Article","@id":"https:\/\/www.carlosyconchita.net\/rutas\/04-04-2024-escalera-del-rey-de-aragon-bonifacio-corcega\/#article","isPartOf":{"@id":"https:\/\/www.carlosyconchita.net\/rutas\/04-04-2024-escalera-del-rey-de-aragon-bonifacio-corcega\/"},"author":{"name":"Carlos Conchita","@id":"https:\/\/www.carlosyconchita.net\/rutas\/#\/schema\/person\/a9691f7258c28443fab2d3aa1479ea19"},"headline":"04-04-2024-Escalera del Rey de Arag\u00f3n &#8211; Bonifacio (C\u00f3rcega)","datePublished":"2024-04-04T14:09:16+00:00","dateModified":"2024-05-16T15:59:46+00:00","mainEntityOfPage":{"@id":"https:\/\/www.carlosyconchita.net\/rutas\/04-04-2024-escalera-del-rey-de-aragon-bonifacio-corcega\/"},"wordCount":152,"image":{"@id":"https:\/\/www.carlosyconchita.net\/rutas\/04-04-2024-escalera-del-rey-de-aragon-bonifacio-corcega\/#primaryimage"},"thumbnailUrl":"https:\/\/www.carlosyconchita.net\/rutas\/wp-content\/uploads\/2024\/04\/Corcega-04-00038.jpg","articleSection":["0-Fotos","1 - Hasta 5 km.","1-F\u00e1cil"],"inLanguage":"es"},{"@type":"WebPage","@id":"https:\/\/www.carlosyconchita.net\/rutas\/04-04-2024-escalera-del-rey-de-aragon-bonifacio-corcega\/","url":"https:\/\/www.carlosyconchita.net\/rutas\/04-04-2024-escalera-del-rey-de-aragon-bonifacio-corcega\/","name":"04-04-2024-Escalera del Rey de Arag\u00f3n - Bonifacio (C\u00f3rcega) -","isPartOf":{"@id":"https:\/\/www.carlosyconchita.net\/rutas\/#website"},"primaryImageOfPage":{"@id":"https:\/\/www.carlosyconchita.net\/rutas\/04-04-2024-escalera-del-rey-de-aragon-bonifacio-corcega\/#primaryimage"},"image":{"@id":"https:\/\/www.carlosyconchita.net\/rutas\/04-04-2024-escalera-del-rey-de-aragon-bonifacio-corcega\/#primaryimage"},"thumbnailUrl":"https:\/\/www.carlosyconchita.net\/rutas\/wp-content\/uploads\/2024\/04\/Corcega-04-00038.jpg","datePublished":"2024-04-04T14:09:16+00:00","dateModified":"2024-05-16T15:59:46+00:00","author":{"@id":"https:\/\/www.carlosyconchita.net\/rutas\/#\/schema\/person\/a9691f7258c28443fab2d3aa1479ea19"},"breadcrumb":{"@id":"https:\/\/www.carlosyconchita.net\/rutas\/04-04-2024-escalera-del-rey-de-aragon-bonifacio-corcega\/#breadcrumb"},"inLanguage":"es","potentialAction":[{"@type":"ReadAction","target":["https:\/\/www.carlosyconchita.net\/rutas\/04-04-2024-escalera-del-rey-de-aragon-bonifacio-corcega\/"]}]},{"@type":"ImageObject","inLanguage":"es","@id":"https:\/\/www.carlosyconchita.net\/rutas\/04-04-2024-escalera-del-rey-de-aragon-bonifacio-corcega\/#primaryimage","url":"https:\/\/www.carlosyconchita.net\/rutas\/wp-content\/uploads\/2024\/04\/Corcega-04-00038.jpg","contentUrl":"https:\/\/www.carlosyconchita.net\/rutas\/wp-content\/uploads\/2024\/04\/Corcega-04-00038.jpg","width":1100,"height":550},{"@type":"BreadcrumbList","@id":"https:\/\/www.carlosyconchita.net\/rutas\/04-04-2024-escalera-del-rey-de-aragon-bonifacio-corcega\/#breadcrumb","itemListElement":[{"@type":"ListItem","position":1,"name":"Portada","item":"https:\/\/www.carlosyconchita.net\/rutas\/"},{"@type":"ListItem","position":2,"name":"04-04-2024-Escalera del Rey de Arag\u00f3n &#8211; Bonifacio (C\u00f3rcega)"}]},{"@type":"WebSite","@id":"https:\/\/www.carlosyconchita.net\/rutas\/#website","url":"https:\/\/www.carlosyconchita.net\/rutas\/","name":"Las rutas de Carlos y Conchita","description":"","potentialAction":[{"@type":"SearchAction","target":{"@type":"EntryPoint","urlTemplate":"https:\/\/www.carlosyconchita.net\/rutas\/?s={search_term_string}"},"query-input":{"@type":"PropertyValueSpecification","valueRequired":true,"valueName":"search_term_string"}}],"inLanguage":"es"},{"@type":"Person","@id":"https:\/\/www.carlosyconchita.net\/rutas\/#\/schema\/person\/a9691f7258c28443fab2d3aa1479ea19","name":"Carlos Conchita","image":{"@type":"ImageObject","inLanguage":"es","@id":"https:\/\/secure.gravatar.com\/avatar\/3a4625b20c8da3de99da69bfe7a322774e291c3f90dce7e8778a30fe6748ed1a?s=96&d=mm&r=g","url":"https:\/\/secure.gravatar.com\/avatar\/3a4625b20c8da3de99da69bfe7a322774e291c3f90dce7e8778a30fe6748ed1a?s=96&d=mm&r=g","contentUrl":"https:\/\/secure.gravatar.com\/avatar\/3a4625b20c8da3de99da69bfe7a322774e291c3f90dce7e8778a30fe6748ed1a?s=96&d=mm&r=g","caption":"Carlos Conchita"}}]}},"_links":{"self":[{"href":"https:\/\/www.carlosyconchita.net\/rutas\/wp-json\/wp\/v2\/posts\/19764","targetHints":{"allow":["GET"]}}],"collection":[{"href":"https:\/\/www.carlosyconchita.net\/rutas\/wp-json\/wp\/v2\/posts"}],"about":[{"href":"https:\/\/www.carlosyconchita.net\/rutas\/wp-json\/wp\/v2\/types\/post"}],"author":[{"embeddable":true,"href":"https:\/\/www.carlosyconchita.net\/rutas\/wp-json\/wp\/v2\/users\/50"}],"replies":[{"embeddable":true,"href":"https:\/\/www.carlosyconchita.net\/rutas\/wp-json\/wp\/v2\/comments?post=19764"}],"version-history":[{"count":0,"href":"https:\/\/www.carlosyconchita.net\/rutas\/wp-json\/wp\/v2\/posts\/19764\/revisions"}],"wp:featuredmedia":[{"embeddable":true,"href":"https:\/\/www.carlosyconchita.net\/rutas\/wp-json\/wp\/v2\/media\/19767"}],"wp:attachment":[{"href":"https:\/\/www.carlosyconchita.net\/rutas\/wp-json\/wp\/v2\/media?parent=19764"}],"wp:term":[{"taxonomy":"category","embeddable":true,"href":"https:\/\/www.carlosyconchita.net\/rutas\/wp-json\/wp\/v2\/categories?post=19764"},{"taxonomy":"post_tag","embeddable":true,"href":"https:\/\/www.carlosyconchita.net\/rutas\/wp-json\/wp\/v2\/tags?post=19764"}],"curies":[{"name":"wp","href":"https:\/\/api.w.org\/{rel}","templated":true}]}}