{"id":19778,"date":"2024-04-05T15:44:09","date_gmt":"2024-04-05T14:44:09","guid":{"rendered":"https:\/\/www.carlosyconchita.net\/rutas\/?p=19778"},"modified":"2024-05-17T16:45:59","modified_gmt":"2024-05-17T15:45:59","slug":"05-04-2024-cabo-y-faro-pertusato","status":"publish","type":"post","link":"https:\/\/www.carlosyconchita.net\/rutas\/05-04-2024-cabo-y-faro-pertusato\/","title":{"rendered":"05-04-2024-Cabo y Faro Pertusato (C\u00f3rcega)"},"content":{"rendered":"<p style=\"text-align: justify;\">Hoy hemos hecho una bonita excursi\u00f3n en los alrededores de Bonifacio, para recorrer la costa por la zona llamada Campu Romanellu hasta la playa de Saint Antoine, en donde est\u00e1 el Capo Pertusato, la peque\u00f1a isla de Saint Antoine, que recuerda a un barco o submarino saliendo del agua, y arriba en el promontorio, el faro de Pertusato.<\/p>\n<p style=\"text-align: justify;\">Esta ruta empieza cerca de la entrada a la citadelle de Bonifacio, donde estuvimos ayer, pero debido a que all\u00ed no se puede aparcar, y hay que dejar el coche abajo en la ciudad en alguno de los parkings, decidimos hacerla al rev\u00e9s, empezando cerca de unas instalaciones militares en donde empieza el camino para llegar al faro, y as\u00ed no tenemos problemas de aparcar ni de pagar el parking.<\/p>\n<p style=\"text-align: justify;\">Desde el punto donde hemos dejado el coche, que a primera hora cuando hemos llegado estaba solo, pero despu\u00e9s ha llegado bastante gente, descendemos por un camino entre la vegetacion, pasamos por unas ruinas y despu\u00e9s de caminar unos pocos metros por la carretera por la que hemos venido, seguimos un sendero que va recorriendo la costa en direcci\u00f3na Bonifacio, desde donde podemos ver las bonitas calas y tambien unas buenas vistas de la ciudad.<br \/>\nPasaremos por el antiguo matadero, actualmente cerrado , y llegamos a Bonifacio, cerca de la entrada de la citadelle, que es donde empezaba en teor\u00eda nuestro camino.<\/p>\n<p style=\"text-align: justify;\">Iniciamos despu\u00e9s el camino de regreso al parking, y poco antes del coche, pasamos por las ruinas de unas instalaciones militares, con algunos bunkeres y bases de ca\u00f1ones, seguimos despu\u00e9s en direcci\u00f3n al coche, un camino que nos llevar\u00e1 al faro Pertusato, que en todo momento vemos enfrente nuestro.<\/p>\n<p style=\"text-align: justify;\">Desde el faro vemos unos peque\u00f1os islotes y a lo lejos la costa de Cerde\u00f1a, en la zona de Capo Testa, en donde estuvimos el a\u00f1o pasado (<a href=\"https:\/\/www.carlosyconchita.net\/rutas\/cerdena-paginal-principal\/\" target=\"_blank\" rel=\"noopener\"><span style=\"color: #0000ff;\">ver enlace<\/span> <\/a>)\u00a0 y mirando hacia abajo una bonita playa , la de Saint Antoine, el Capo Pertusato y la peque\u00f1a isla de Saint Antoine, pero como no tenemos claro si se puede bajar a ella desde el faro, volvemos atras en direcci\u00f3n al coche y bajamos a la playa por un camino m\u00e1s seguro.<\/p>\n<p style=\"text-align: justify;\">Y desde all\u00ed , volvemos a subir al camino principal para llegar al coche.<\/p>\n<hr \/>\n<p>&nbsp;<\/p>\n<p><strong>Distancia total<\/strong> :\u00a0\u00a0\u00a0 10.500 \u00a0 m<span class=\"totlen\"><span class=\"summaryvalue\">.\u00a0\u00a0\u00a0\u00a0\u00a0\u00a0\u00a0\u00a0\u00a0\u00a0\u00a0\u00a0\u00a0\u00a0\u00a0\u00a0\u00a0\u00a0\u00a0\u00a0\u00a0 <strong>Alturas m\u00edn\/m\u00e1x. :\u00a0<\/strong> \u00a0\u00a0 0 m. \/\u00a0 168 m.\u00a0 <br \/>\n<\/span><\/span><\/p>\n<p><strong>\u00a0<\/strong><strong>Desnivel acumulado (s\/Wikiloc)<\/strong> :\u00a0 \u00a0 460\u00a0 m.<\/p>\n<p><strong>Desnivel acumulado (s\/GPS Visualizer )<\/strong> :\u00a0 \u00a0 660\u00a0 m.<\/p>\n<p>&nbsp;<\/p>\n<hr \/>\n<p><strong>Album de fotos<\/strong><\/p>\n<p><a href=\"https:\/\/photos.app.goo.gl\/ZtW7rSxbyJ8a32g1A\" target=\"_blank\" rel=\"noopener\"><img loading=\"lazy\" decoding=\"async\" class=\"size-medium wp-image-19779 aligncenter\" src=\"https:\/\/www.carlosyconchita.net\/rutas\/wp-content\/uploads\/2024\/05\/Corcega-05-00095-300x150.jpg\" alt=\"\" width=\"300\" height=\"150\" srcset=\"https:\/\/www.carlosyconchita.net\/rutas\/wp-content\/uploads\/2024\/05\/Corcega-05-00095-300x150.jpg 300w, https:\/\/www.carlosyconchita.net\/rutas\/wp-content\/uploads\/2024\/05\/Corcega-05-00095-600x300.jpg 600w, https:\/\/www.carlosyconchita.net\/rutas\/wp-content\/uploads\/2024\/05\/Corcega-05-00095-768x384.jpg 768w, https:\/\/www.carlosyconchita.net\/rutas\/wp-content\/uploads\/2024\/05\/Corcega-05-00095-960x480.jpg 960w, https:\/\/www.carlosyconchita.net\/rutas\/wp-content\/uploads\/2024\/05\/Corcega-05-00095.jpg 1100w\" sizes=\"auto, (max-width: 300px) 100vw, 300px\" \/><\/a><\/p>\n<p>&nbsp;<\/p>\n<hr \/>\n<h4><strong>Mapa y track de la ruta<\/strong><\/h4>\n<p style=\"text-align: center;\"><strong><span style=\"color: #ff0000;\">Pulsando sobre los waypoints del mapa, se puede ver una foto del sitio.<\/span><\/strong><\/p>\n<p>&nbsp;<\/p>\n<p><a href=\"https:\/\/www.carlosyconchita.net\/rutas\/wp-content\/uploads\/gpx\/CaboPertusato.html\" target=\"_blank\" rel=\"noopener\"><img loading=\"lazy\" decoding=\"async\" class=\"aligncenter wp-image-16466\" src=\"https:\/\/www.carlosyconchita.net\/rutas\/wp-content\/uploads\/2021\/09\/mapa2.jpg\" alt=\"\" width=\"0185\" height=\"185\" srcset=\"https:\/\/www.carlosyconchita.net\/rutas\/wp-content\/uploads\/2021\/09\/mapa2.jpg 225w, https:\/\/www.carlosyconchita.net\/rutas\/wp-content\/uploads\/2021\/09\/mapa2-120x120.jpg 120w\" sizes=\"auto, (max-width: 185px) 100vw, 185px\" \/><\/a><\/p>\n<hr \/>\n<p><strong>Wikiloc\u00a0\u00a0\u00a0 <\/strong><strong><br \/>\n<\/strong><\/p>\n<p><a href=\"https:\/\/es.wikiloc.com\/rutas-senderismo\/cabo-y-faro-pertusato-corcega-171029807\" target=\"_blank\" rel=\"noopener\"><img loading=\"lazy\" decoding=\"async\" class=\"aligncenter size-full wp-image-958\" src=\"https:\/\/www.carlosyconchita.net\/rutas\/wp-content\/uploads\/2020\/09\/wikiloc.jpg\" alt=\"\" width=\"117\" height=\"34\" \/><\/a><\/p>\n<p>&nbsp;<\/p>\n<hr \/>\n<p style=\"text-align: justify;\"><span style=\"color: #ff0000; background-color: #ffffff; font-size: 14pt;\"><strong>Si te ha gustado o tienes alguna consulta,\u00a0 env\u00edanos tu comentario.<br \/>\n<\/strong><\/span><\/p>\n<p style=\"text-align: justify;\"><span style=\"font-size: 14pt;\"><strong><span style=\"color: #ff0000;\">Muchas gracias !<\/span><\/strong><\/span><\/p>\n<hr \/>\n<p style=\"text-align: justify;\"><strong><span style=\"color: #008000;\">Suscribete si quieres recibir un mail cuando publiquemos nuevas rutas : no enviamos publicidad y como m\u00e1ximo enviamos 2 mails al mes<\/span><\/strong><\/p>\n<p style=\"text-align: center;\"><a href=\"https:\/\/mailchi.mp\/6989c83a3e24\/wmv06rtqcz\/\" target=\"_blank\" rel=\"noopener noreferrer\"><strong><span style=\"color: #0000ff;\">Pulsa aqu\u00ed para suscribirte<\/span><\/strong><\/a><\/p>\n<hr \/>\n<p style=\"text-align: justify;\">\u00a0<\/p>\n<h3 style=\"text-align: justify;\">Puedes imprimir esta publicaci\u00f3n o guardarla en diferentes formatos :<\/h3>\n<p style=\"text-align: justify;\"><span style=\"color: #ff0000; font-size: 14pt;\">Para facilitar la impresi\u00f3n, hemos reducido considerablemente el tama\u00f1o de las fotos, pero si deseas imprimir sin fotos, aconsejamos guardarlo como \u201cdoc\u201d, y antes de imprimirlo, eliminar las fotos<\/span><\/p>\n<p>&nbsp;<\/p>\n","protected":false},"excerpt":{"rendered":"<p>Hoy hemos hecho una bonita excursi\u00f3n en los alrededores de Bonifacio, para recorrer la costa por la zona llamada Campu Romanellu hasta la playa de Saint Antoine, en donde est\u00e1 el Capo Pertusato, la peque\u00f1a isla de Saint Antoine, que recuerda a un barco o submarino saliendo del agua, y arriba en el promontorio, el [&hellip;]<\/p>\n","protected":false},"author":50,"featured_media":19779,"comment_status":"closed","ping_status":"open","sticky":false,"template":"","format":"standard","meta":{"footnotes":""},"categories":[10,23,132],"tags":[],"class_list":{"0":"post-19778","1":"post","2":"type-post","3":"status-publish","4":"format-standard","5":"has-post-thumbnail","6":"hentry","7":"category-facil","8":"category-de-10-a-15-km","9":"category-corcega","11":"post-with-thumbnail","12":"post-with-thumbnail-icon"},"yoast_head":"<!-- This site is optimized with the Yoast SEO plugin v27.5 - https:\/\/yoast.com\/product\/yoast-seo-wordpress\/ -->\n<title>05-04-2024-Cabo y Faro Pertusato (C\u00f3rcega) -<\/title>\n<meta name=\"robots\" content=\"index, follow, max-snippet:-1, max-image-preview:large, max-video-preview:-1\" \/>\n<link rel=\"canonical\" href=\"https:\/\/www.carlosyconchita.net\/rutas\/05-04-2024-cabo-y-faro-pertusato\/\" \/>\n<meta property=\"og:locale\" content=\"es_ES\" \/>\n<meta property=\"og:type\" content=\"article\" \/>\n<meta property=\"og:title\" content=\"05-04-2024-Cabo y Faro Pertusato (C\u00f3rcega) -\" \/>\n<meta property=\"og:description\" content=\"Hoy hemos hecho una bonita excursi\u00f3n en los alrededores de Bonifacio, para recorrer la costa por la zona llamada Campu Romanellu hasta la playa de Saint Antoine, en donde est\u00e1 el Capo Pertusato, la peque\u00f1a isla de Saint Antoine, que recuerda a un barco o submarino saliendo del agua, y arriba en el promontorio, el [&hellip;]\" \/>\n<meta property=\"og:url\" content=\"https:\/\/www.carlosyconchita.net\/rutas\/05-04-2024-cabo-y-faro-pertusato\/\" \/>\n<meta property=\"og:site_name\" content=\"Las rutas de Carlos y Conchita\" \/>\n<meta property=\"article:published_time\" content=\"2024-04-05T14:44:09+00:00\" \/>\n<meta property=\"article:modified_time\" content=\"2024-05-17T15:45:59+00:00\" \/>\n<meta property=\"og:image\" content=\"https:\/\/www.carlosyconchita.net\/rutas\/wp-content\/uploads\/2024\/05\/Corcega-05-00095.jpg\" \/>\n\t<meta property=\"og:image:width\" content=\"1100\" \/>\n\t<meta property=\"og:image:height\" content=\"550\" \/>\n\t<meta property=\"og:image:type\" content=\"image\/jpeg\" \/>\n<meta name=\"author\" content=\"Carlos Conchita\" \/>\n<meta name=\"twitter:label1\" content=\"Escrito por\" \/>\n\t<meta name=\"twitter:data1\" content=\"Carlos Conchita\" \/>\n\t<meta name=\"twitter:label2\" content=\"Tiempo de lectura\" \/>\n\t<meta name=\"twitter:data2\" content=\"4 minutos\" \/>\n<script type=\"application\/ld+json\" class=\"yoast-schema-graph\">{\"@context\":\"https:\\\/\\\/schema.org\",\"@graph\":[{\"@type\":\"Article\",\"@id\":\"https:\\\/\\\/www.carlosyconchita.net\\\/rutas\\\/05-04-2024-cabo-y-faro-pertusato\\\/#article\",\"isPartOf\":{\"@id\":\"https:\\\/\\\/www.carlosyconchita.net\\\/rutas\\\/05-04-2024-cabo-y-faro-pertusato\\\/\"},\"author\":{\"name\":\"Carlos Conchita\",\"@id\":\"https:\\\/\\\/www.carlosyconchita.net\\\/rutas\\\/#\\\/schema\\\/person\\\/a9691f7258c28443fab2d3aa1479ea19\"},\"headline\":\"05-04-2024-Cabo y Faro Pertusato (C\u00f3rcega)\",\"datePublished\":\"2024-04-05T14:44:09+00:00\",\"dateModified\":\"2024-05-17T15:45:59+00:00\",\"mainEntityOfPage\":{\"@id\":\"https:\\\/\\\/www.carlosyconchita.net\\\/rutas\\\/05-04-2024-cabo-y-faro-pertusato\\\/\"},\"wordCount\":526,\"image\":{\"@id\":\"https:\\\/\\\/www.carlosyconchita.net\\\/rutas\\\/05-04-2024-cabo-y-faro-pertusato\\\/#primaryimage\"},\"thumbnailUrl\":\"https:\\\/\\\/www.carlosyconchita.net\\\/rutas\\\/wp-content\\\/uploads\\\/2024\\\/05\\\/Corcega-05-00095.jpg\",\"articleSection\":[\"1-F\u00e1cil\",\"3 - De 10 a 15 km.\",\"C\u00f3rcega\"],\"inLanguage\":\"es\"},{\"@type\":\"WebPage\",\"@id\":\"https:\\\/\\\/www.carlosyconchita.net\\\/rutas\\\/05-04-2024-cabo-y-faro-pertusato\\\/\",\"url\":\"https:\\\/\\\/www.carlosyconchita.net\\\/rutas\\\/05-04-2024-cabo-y-faro-pertusato\\\/\",\"name\":\"05-04-2024-Cabo y Faro Pertusato (C\u00f3rcega) -\",\"isPartOf\":{\"@id\":\"https:\\\/\\\/www.carlosyconchita.net\\\/rutas\\\/#website\"},\"primaryImageOfPage\":{\"@id\":\"https:\\\/\\\/www.carlosyconchita.net\\\/rutas\\\/05-04-2024-cabo-y-faro-pertusato\\\/#primaryimage\"},\"image\":{\"@id\":\"https:\\\/\\\/www.carlosyconchita.net\\\/rutas\\\/05-04-2024-cabo-y-faro-pertusato\\\/#primaryimage\"},\"thumbnailUrl\":\"https:\\\/\\\/www.carlosyconchita.net\\\/rutas\\\/wp-content\\\/uploads\\\/2024\\\/05\\\/Corcega-05-00095.jpg\",\"datePublished\":\"2024-04-05T14:44:09+00:00\",\"dateModified\":\"2024-05-17T15:45:59+00:00\",\"author\":{\"@id\":\"https:\\\/\\\/www.carlosyconchita.net\\\/rutas\\\/#\\\/schema\\\/person\\\/a9691f7258c28443fab2d3aa1479ea19\"},\"breadcrumb\":{\"@id\":\"https:\\\/\\\/www.carlosyconchita.net\\\/rutas\\\/05-04-2024-cabo-y-faro-pertusato\\\/#breadcrumb\"},\"inLanguage\":\"es\",\"potentialAction\":[{\"@type\":\"ReadAction\",\"target\":[\"https:\\\/\\\/www.carlosyconchita.net\\\/rutas\\\/05-04-2024-cabo-y-faro-pertusato\\\/\"]}]},{\"@type\":\"ImageObject\",\"inLanguage\":\"es\",\"@id\":\"https:\\\/\\\/www.carlosyconchita.net\\\/rutas\\\/05-04-2024-cabo-y-faro-pertusato\\\/#primaryimage\",\"url\":\"https:\\\/\\\/www.carlosyconchita.net\\\/rutas\\\/wp-content\\\/uploads\\\/2024\\\/05\\\/Corcega-05-00095.jpg\",\"contentUrl\":\"https:\\\/\\\/www.carlosyconchita.net\\\/rutas\\\/wp-content\\\/uploads\\\/2024\\\/05\\\/Corcega-05-00095.jpg\",\"width\":1100,\"height\":550},{\"@type\":\"BreadcrumbList\",\"@id\":\"https:\\\/\\\/www.carlosyconchita.net\\\/rutas\\\/05-04-2024-cabo-y-faro-pertusato\\\/#breadcrumb\",\"itemListElement\":[{\"@type\":\"ListItem\",\"position\":1,\"name\":\"Portada\",\"item\":\"https:\\\/\\\/www.carlosyconchita.net\\\/rutas\\\/\"},{\"@type\":\"ListItem\",\"position\":2,\"name\":\"05-04-2024-Cabo y Faro Pertusato (C\u00f3rcega)\"}]},{\"@type\":\"WebSite\",\"@id\":\"https:\\\/\\\/www.carlosyconchita.net\\\/rutas\\\/#website\",\"url\":\"https:\\\/\\\/www.carlosyconchita.net\\\/rutas\\\/\",\"name\":\"Las rutas de Carlos y Conchita\",\"description\":\"\",\"potentialAction\":[{\"@type\":\"SearchAction\",\"target\":{\"@type\":\"EntryPoint\",\"urlTemplate\":\"https:\\\/\\\/www.carlosyconchita.net\\\/rutas\\\/?s={search_term_string}\"},\"query-input\":{\"@type\":\"PropertyValueSpecification\",\"valueRequired\":true,\"valueName\":\"search_term_string\"}}],\"inLanguage\":\"es\"},{\"@type\":\"Person\",\"@id\":\"https:\\\/\\\/www.carlosyconchita.net\\\/rutas\\\/#\\\/schema\\\/person\\\/a9691f7258c28443fab2d3aa1479ea19\",\"name\":\"Carlos Conchita\",\"image\":{\"@type\":\"ImageObject\",\"inLanguage\":\"es\",\"@id\":\"https:\\\/\\\/secure.gravatar.com\\\/avatar\\\/3a4625b20c8da3de99da69bfe7a322774e291c3f90dce7e8778a30fe6748ed1a?s=96&d=mm&r=g\",\"url\":\"https:\\\/\\\/secure.gravatar.com\\\/avatar\\\/3a4625b20c8da3de99da69bfe7a322774e291c3f90dce7e8778a30fe6748ed1a?s=96&d=mm&r=g\",\"contentUrl\":\"https:\\\/\\\/secure.gravatar.com\\\/avatar\\\/3a4625b20c8da3de99da69bfe7a322774e291c3f90dce7e8778a30fe6748ed1a?s=96&d=mm&r=g\",\"caption\":\"Carlos Conchita\"}}]}<\/script>\n<!-- \/ Yoast SEO plugin. -->","yoast_head_json":{"title":"05-04-2024-Cabo y Faro Pertusato (C\u00f3rcega) -","robots":{"index":"index","follow":"follow","max-snippet":"max-snippet:-1","max-image-preview":"max-image-preview:large","max-video-preview":"max-video-preview:-1"},"canonical":"https:\/\/www.carlosyconchita.net\/rutas\/05-04-2024-cabo-y-faro-pertusato\/","og_locale":"es_ES","og_type":"article","og_title":"05-04-2024-Cabo y Faro Pertusato (C\u00f3rcega) -","og_description":"Hoy hemos hecho una bonita excursi\u00f3n en los alrededores de Bonifacio, para recorrer la costa por la zona llamada Campu Romanellu hasta la playa de Saint Antoine, en donde est\u00e1 el Capo Pertusato, la peque\u00f1a isla de Saint Antoine, que recuerda a un barco o submarino saliendo del agua, y arriba en el promontorio, el [&hellip;]","og_url":"https:\/\/www.carlosyconchita.net\/rutas\/05-04-2024-cabo-y-faro-pertusato\/","og_site_name":"Las rutas de Carlos y Conchita","article_published_time":"2024-04-05T14:44:09+00:00","article_modified_time":"2024-05-17T15:45:59+00:00","og_image":[{"width":1100,"height":550,"url":"https:\/\/www.carlosyconchita.net\/rutas\/wp-content\/uploads\/2024\/05\/Corcega-05-00095.jpg","type":"image\/jpeg"}],"author":"Carlos Conchita","twitter_misc":{"Escrito por":"Carlos Conchita","Tiempo de lectura":"4 minutos"},"schema":{"@context":"https:\/\/schema.org","@graph":[{"@type":"Article","@id":"https:\/\/www.carlosyconchita.net\/rutas\/05-04-2024-cabo-y-faro-pertusato\/#article","isPartOf":{"@id":"https:\/\/www.carlosyconchita.net\/rutas\/05-04-2024-cabo-y-faro-pertusato\/"},"author":{"name":"Carlos Conchita","@id":"https:\/\/www.carlosyconchita.net\/rutas\/#\/schema\/person\/a9691f7258c28443fab2d3aa1479ea19"},"headline":"05-04-2024-Cabo y Faro Pertusato (C\u00f3rcega)","datePublished":"2024-04-05T14:44:09+00:00","dateModified":"2024-05-17T15:45:59+00:00","mainEntityOfPage":{"@id":"https:\/\/www.carlosyconchita.net\/rutas\/05-04-2024-cabo-y-faro-pertusato\/"},"wordCount":526,"image":{"@id":"https:\/\/www.carlosyconchita.net\/rutas\/05-04-2024-cabo-y-faro-pertusato\/#primaryimage"},"thumbnailUrl":"https:\/\/www.carlosyconchita.net\/rutas\/wp-content\/uploads\/2024\/05\/Corcega-05-00095.jpg","articleSection":["1-F\u00e1cil","3 - De 10 a 15 km.","C\u00f3rcega"],"inLanguage":"es"},{"@type":"WebPage","@id":"https:\/\/www.carlosyconchita.net\/rutas\/05-04-2024-cabo-y-faro-pertusato\/","url":"https:\/\/www.carlosyconchita.net\/rutas\/05-04-2024-cabo-y-faro-pertusato\/","name":"05-04-2024-Cabo y Faro Pertusato (C\u00f3rcega) -","isPartOf":{"@id":"https:\/\/www.carlosyconchita.net\/rutas\/#website"},"primaryImageOfPage":{"@id":"https:\/\/www.carlosyconchita.net\/rutas\/05-04-2024-cabo-y-faro-pertusato\/#primaryimage"},"image":{"@id":"https:\/\/www.carlosyconchita.net\/rutas\/05-04-2024-cabo-y-faro-pertusato\/#primaryimage"},"thumbnailUrl":"https:\/\/www.carlosyconchita.net\/rutas\/wp-content\/uploads\/2024\/05\/Corcega-05-00095.jpg","datePublished":"2024-04-05T14:44:09+00:00","dateModified":"2024-05-17T15:45:59+00:00","author":{"@id":"https:\/\/www.carlosyconchita.net\/rutas\/#\/schema\/person\/a9691f7258c28443fab2d3aa1479ea19"},"breadcrumb":{"@id":"https:\/\/www.carlosyconchita.net\/rutas\/05-04-2024-cabo-y-faro-pertusato\/#breadcrumb"},"inLanguage":"es","potentialAction":[{"@type":"ReadAction","target":["https:\/\/www.carlosyconchita.net\/rutas\/05-04-2024-cabo-y-faro-pertusato\/"]}]},{"@type":"ImageObject","inLanguage":"es","@id":"https:\/\/www.carlosyconchita.net\/rutas\/05-04-2024-cabo-y-faro-pertusato\/#primaryimage","url":"https:\/\/www.carlosyconchita.net\/rutas\/wp-content\/uploads\/2024\/05\/Corcega-05-00095.jpg","contentUrl":"https:\/\/www.carlosyconchita.net\/rutas\/wp-content\/uploads\/2024\/05\/Corcega-05-00095.jpg","width":1100,"height":550},{"@type":"BreadcrumbList","@id":"https:\/\/www.carlosyconchita.net\/rutas\/05-04-2024-cabo-y-faro-pertusato\/#breadcrumb","itemListElement":[{"@type":"ListItem","position":1,"name":"Portada","item":"https:\/\/www.carlosyconchita.net\/rutas\/"},{"@type":"ListItem","position":2,"name":"05-04-2024-Cabo y Faro Pertusato (C\u00f3rcega)"}]},{"@type":"WebSite","@id":"https:\/\/www.carlosyconchita.net\/rutas\/#website","url":"https:\/\/www.carlosyconchita.net\/rutas\/","name":"Las rutas de Carlos y Conchita","description":"","potentialAction":[{"@type":"SearchAction","target":{"@type":"EntryPoint","urlTemplate":"https:\/\/www.carlosyconchita.net\/rutas\/?s={search_term_string}"},"query-input":{"@type":"PropertyValueSpecification","valueRequired":true,"valueName":"search_term_string"}}],"inLanguage":"es"},{"@type":"Person","@id":"https:\/\/www.carlosyconchita.net\/rutas\/#\/schema\/person\/a9691f7258c28443fab2d3aa1479ea19","name":"Carlos Conchita","image":{"@type":"ImageObject","inLanguage":"es","@id":"https:\/\/secure.gravatar.com\/avatar\/3a4625b20c8da3de99da69bfe7a322774e291c3f90dce7e8778a30fe6748ed1a?s=96&d=mm&r=g","url":"https:\/\/secure.gravatar.com\/avatar\/3a4625b20c8da3de99da69bfe7a322774e291c3f90dce7e8778a30fe6748ed1a?s=96&d=mm&r=g","contentUrl":"https:\/\/secure.gravatar.com\/avatar\/3a4625b20c8da3de99da69bfe7a322774e291c3f90dce7e8778a30fe6748ed1a?s=96&d=mm&r=g","caption":"Carlos Conchita"}}]}},"_links":{"self":[{"href":"https:\/\/www.carlosyconchita.net\/rutas\/wp-json\/wp\/v2\/posts\/19778","targetHints":{"allow":["GET"]}}],"collection":[{"href":"https:\/\/www.carlosyconchita.net\/rutas\/wp-json\/wp\/v2\/posts"}],"about":[{"href":"https:\/\/www.carlosyconchita.net\/rutas\/wp-json\/wp\/v2\/types\/post"}],"author":[{"embeddable":true,"href":"https:\/\/www.carlosyconchita.net\/rutas\/wp-json\/wp\/v2\/users\/50"}],"replies":[{"embeddable":true,"href":"https:\/\/www.carlosyconchita.net\/rutas\/wp-json\/wp\/v2\/comments?post=19778"}],"version-history":[{"count":0,"href":"https:\/\/www.carlosyconchita.net\/rutas\/wp-json\/wp\/v2\/posts\/19778\/revisions"}],"wp:featuredmedia":[{"embeddable":true,"href":"https:\/\/www.carlosyconchita.net\/rutas\/wp-json\/wp\/v2\/media\/19779"}],"wp:attachment":[{"href":"https:\/\/www.carlosyconchita.net\/rutas\/wp-json\/wp\/v2\/media?parent=19778"}],"wp:term":[{"taxonomy":"category","embeddable":true,"href":"https:\/\/www.carlosyconchita.net\/rutas\/wp-json\/wp\/v2\/categories?post=19778"},{"taxonomy":"post_tag","embeddable":true,"href":"https:\/\/www.carlosyconchita.net\/rutas\/wp-json\/wp\/v2\/tags?post=19778"}],"curies":[{"name":"wp","href":"https:\/\/api.w.org\/{rel}","templated":true}]}}