{"id":19964,"date":"2024-05-13T16:31:00","date_gmt":"2024-05-13T15:31:00","guid":{"rendered":"https:\/\/www.carlosyconchita.net\/rutas\/?p=19964"},"modified":"2024-07-02T17:19:29","modified_gmt":"2024-07-02T16:19:29","slug":"12-05-2024-teleferico-fuente-de-y-caminata","status":"publish","type":"post","link":"https:\/\/www.carlosyconchita.net\/rutas\/12-05-2024-teleferico-fuente-de-y-caminata\/","title":{"rendered":"12-05-2024-Telef\u00e9rico Fuente D\u00e9 y caminata por los Picos de Europa"},"content":{"rendered":"<p style=\"text-align: justify;\">Hoy el d\u00eda amanece bastante soleado, por lo que nos dirigimos a Fuente D\u00e9 para subir con el telef\u00e9rico a la estaci\u00f3n superior llamada El Cable, y dar una peque\u00f1a caminata por all\u00ed.<\/p>\n<p style=\"text-align: justify;\">Hemos caminado en direcci\u00f3n a la Caba\u00f1a Ver\u00f3nica y los Horcados Rojos, aunque al final no hemos llegado a la Caba\u00f1a Ver\u00f3nica que era nuestra idea inicial, con\u00a0 paisajes muy bonitos, y nos hemos quedado con las ganas de poder volver otro d\u00eda para poder hacer una caminata m\u00e1s larga.<\/p>\n<p style=\"text-align: justify;\">Como se puede ver en las fotos, todav\u00eda queda nieve en las zonas m\u00e1s altas, y tambi\u00e9n en\u00a0 dos o tres sitios por los que hemos pasado, pero un poco antes de empezar a subir en direcci\u00f3n a la Caba\u00f1a, hemos decidido volver, porque hab\u00eda una zona bastante extensa de nieve en la ladera inclinada, y a lo lejos, mirando hacia el Cable, se ve\u00eda subir la niebla.<br \/>\nComo que el paisaje no cambiar\u00eda mucho subiendo a la Caba\u00f1a o desde donde est\u00e1bamos, hemos vuelto a la estaci\u00f3n del Cable , hemos comido un sabroso bocata y despu\u00e9s hemos bajado con el telef\u00e9rico a Fuente D\u00e9.<\/p>\n<hr \/>\n<p><strong>Album de fotos<\/strong><\/p>\n<p><a href=\"https:\/\/photos.app.goo.gl\/GiJqfuB3gDst1iqw8\" target=\"_blank\" rel=\"noopener\"><img loading=\"lazy\" decoding=\"async\" class=\"size-medium wp-image-19965 aligncenter\" src=\"https:\/\/www.carlosyconchita.net\/rutas\/wp-content\/uploads\/2024\/07\/Cantabria-12-00078-300x151.jpg\" alt=\"\" width=\"300\" height=\"151\" srcset=\"https:\/\/www.carlosyconchita.net\/rutas\/wp-content\/uploads\/2024\/07\/Cantabria-12-00078-300x151.jpg 300w, https:\/\/www.carlosyconchita.net\/rutas\/wp-content\/uploads\/2024\/07\/Cantabria-12-00078-600x303.jpg 600w, https:\/\/www.carlosyconchita.net\/rutas\/wp-content\/uploads\/2024\/07\/Cantabria-12-00078-768x387.jpg 768w, https:\/\/www.carlosyconchita.net\/rutas\/wp-content\/uploads\/2024\/07\/Cantabria-12-00078-960x480.jpg 960w, https:\/\/www.carlosyconchita.net\/rutas\/wp-content\/uploads\/2024\/07\/Cantabria-12-00078.jpg 1100w\" sizes=\"auto, (max-width: 300px) 100vw, 300px\" \/><\/a><\/p>\n<hr \/>\n<p>&nbsp;<\/p>\n<p><strong>Distancia total<\/strong> :\u00a0\u00a0\u00a0 8.340 \u00a0 m<span class=\"totlen\"><span class=\"summaryvalue\">.\u00a0\u00a0\u00a0\u00a0\u00a0\u00a0\u00a0\u00a0\u00a0\u00a0\u00a0\u00a0\u00a0\u00a0\u00a0\u00a0\u00a0\u00a0\u00a0\u00a0\u00a0 <strong>Alturas m\u00edn\/m\u00e1x. :\u00a0<\/strong> \u00a0\u00a0 1.839 m. \/\u00a0 2.239 m.<br \/>\n<\/span><\/span><\/p>\n<p><strong>\u00a0<\/strong><strong>Desnivel acumulado (s\/Wikiloc)<\/strong> :\u00a0 \u00a0 409\u00a0 m.<\/p>\n<p><strong>Desnivel acumulado (s\/GPS Visualizer )<\/strong> :\u00a0 \u00a0 443\u00a0 m.<\/p>\n<p>&nbsp;<\/p>\n<hr \/>\n<h4><strong>Mapa y track de la ruta<\/strong><\/h4>\n<p><a href=\"https:\/\/www.carlosyconchita.net\/rutas\/wp-content\/uploads\/gpx\/Caba\u00f1aVeronica.html\" target=\"_blank\" rel=\"noopener\"><img loading=\"lazy\" decoding=\"async\" class=\"aligncenter wp-image-16466\" src=\"https:\/\/www.carlosyconchita.net\/rutas\/wp-content\/uploads\/2021\/09\/mapa2.jpg\" alt=\"\" width=\"0185\" height=\"185\" srcset=\"https:\/\/www.carlosyconchita.net\/rutas\/wp-content\/uploads\/2021\/09\/mapa2.jpg 225w, https:\/\/www.carlosyconchita.net\/rutas\/wp-content\/uploads\/2021\/09\/mapa2-120x120.jpg 120w\" sizes=\"auto, (max-width: 185px) 100vw, 185px\" \/><\/a><\/p>\n<hr \/>\n<p><strong>Wikiloc\u00a0\u00a0\u00a0 <\/strong><strong><br \/>\n<\/strong><br \/>\n<a href=\"https:\/\/es.wikiloc.com\/rutas-senderismo\/teleferico-fuente-de-y-caminata-hacia-la-cabana-veronica-176026889\" target=\"_blank\" rel=\"noopener\"><img loading=\"lazy\" decoding=\"async\" class=\"aligncenter size-full wp-image-958\" src=\"https:\/\/www.carlosyconchita.net\/rutas\/wp-content\/uploads\/2020\/09\/wikiloc.jpg\" alt=\"\" width=\"117\" height=\"34\" \/><\/a><\/p>\n<hr \/>\n<p style=\"text-align: justify;\"><span style=\"color: #ff0000; background-color: #ffffff; font-size: 14pt;\"><strong>Si te ha gustado o tienes alguna consulta,\u00a0 env\u00edanos tu comentario.<br \/>\n<\/strong><\/span><\/p>\n<p style=\"text-align: justify;\"><span style=\"font-size: 14pt;\"><strong><span style=\"color: #ff0000;\">Muchas gracias !<\/span><\/strong><\/span><\/p>\n<hr \/>\n<p style=\"text-align: justify;\"><strong><span style=\"color: #008000;\">Suscribete si quieres recibir un mail cuando publiquemos nuevas rutas : no enviamos publicidad y como m\u00e1ximo enviamos 2 mails al mes<\/span><\/strong><\/p>\n<p style=\"text-align: center;\"><a href=\"https:\/\/mailchi.mp\/6989c83a3e24\/wmv06rtqcz\/\" target=\"_blank\" rel=\"noopener noreferrer\"><strong><span style=\"color: #0000ff;\">Pulsa aqu\u00ed para suscribirte<\/span><\/strong><\/a><\/p>\n<hr \/>\n<h3 style=\"text-align: justify;\">Puedes imprimir esta publicaci\u00f3n o guardarla en diferentes formatos :<\/h3>\n<p style=\"text-align: justify;\"><span style=\"color: #ff0000; font-size: 14pt;\">Para facilitar la impresi\u00f3n, hemos reducido considerablemente el tama\u00f1o de las fotos, pero si deseas imprimir sin fotos, aconsejamos guardarlo como \u201cdoc\u201d, y antes de imprimirlo, eliminar las fotos<\/span><\/p>\n<p>&nbsp;<\/p>\n","protected":false},"excerpt":{"rendered":"<p>Hoy el d\u00eda amanece bastante soleado, por lo que nos dirigimos a Fuente D\u00e9 para subir con el telef\u00e9rico a la estaci\u00f3n superior llamada El Cable, y dar una peque\u00f1a caminata por all\u00ed. Hemos caminado en direcci\u00f3n a la Caba\u00f1a Ver\u00f3nica y los Horcados Rojos, aunque al final no hemos llegado a la Caba\u00f1a Ver\u00f3nica [&hellip;]<\/p>\n","protected":false},"author":50,"featured_media":19965,"comment_status":"closed","ping_status":"open","sticky":false,"template":"","format":"standard","meta":{"footnotes":""},"categories":[10,22,134],"tags":[],"class_list":{"0":"post-19964","1":"post","2":"type-post","3":"status-publish","4":"format-standard","5":"has-post-thumbnail","6":"hentry","7":"category-facil","8":"category-de-05-a-10-km","9":"category-cantabria","11":"post-with-thumbnail","12":"post-with-thumbnail-icon"},"yoast_head":"<!-- This site is optimized with the Yoast SEO plugin v27.4 - https:\/\/yoast.com\/product\/yoast-seo-wordpress\/ -->\n<title>12-05-2024-Telef\u00e9rico Fuente D\u00e9 y caminata por los Picos de Europa -<\/title>\n<meta name=\"robots\" content=\"index, follow, max-snippet:-1, max-image-preview:large, max-video-preview:-1\" \/>\n<link rel=\"canonical\" href=\"https:\/\/www.carlosyconchita.net\/rutas\/12-05-2024-teleferico-fuente-de-y-caminata\/\" \/>\n<meta property=\"og:locale\" content=\"es_ES\" \/>\n<meta property=\"og:type\" content=\"article\" \/>\n<meta property=\"og:title\" content=\"12-05-2024-Telef\u00e9rico Fuente D\u00e9 y caminata por los Picos de Europa -\" \/>\n<meta property=\"og:description\" content=\"Hoy el d\u00eda amanece bastante soleado, por lo que nos dirigimos a Fuente D\u00e9 para subir con el telef\u00e9rico a la estaci\u00f3n superior llamada El Cable, y dar una peque\u00f1a caminata por all\u00ed. Hemos caminado en direcci\u00f3n a la Caba\u00f1a Ver\u00f3nica y los Horcados Rojos, aunque al final no hemos llegado a la Caba\u00f1a Ver\u00f3nica [&hellip;]\" \/>\n<meta property=\"og:url\" content=\"https:\/\/www.carlosyconchita.net\/rutas\/12-05-2024-teleferico-fuente-de-y-caminata\/\" \/>\n<meta property=\"og:site_name\" content=\"Las rutas de Carlos y Conchita\" \/>\n<meta property=\"article:published_time\" content=\"2024-05-13T15:31:00+00:00\" \/>\n<meta property=\"article:modified_time\" content=\"2024-07-02T16:19:29+00:00\" \/>\n<meta property=\"og:image\" content=\"https:\/\/www.carlosyconchita.net\/rutas\/wp-content\/uploads\/2024\/07\/Cantabria-12-00078.jpg\" \/>\n\t<meta property=\"og:image:width\" content=\"1100\" \/>\n\t<meta property=\"og:image:height\" content=\"555\" \/>\n\t<meta property=\"og:image:type\" content=\"image\/jpeg\" \/>\n<meta name=\"author\" content=\"Carlos Conchita\" \/>\n<meta name=\"twitter:label1\" content=\"Escrito por\" \/>\n\t<meta name=\"twitter:data1\" content=\"Carlos Conchita\" \/>\n\t<meta name=\"twitter:label2\" content=\"Tiempo de lectura\" \/>\n\t<meta name=\"twitter:data2\" content=\"3 minutos\" \/>\n<script type=\"application\/ld+json\" class=\"yoast-schema-graph\">{\"@context\":\"https:\\\/\\\/schema.org\",\"@graph\":[{\"@type\":\"Article\",\"@id\":\"https:\\\/\\\/www.carlosyconchita.net\\\/rutas\\\/12-05-2024-teleferico-fuente-de-y-caminata\\\/#article\",\"isPartOf\":{\"@id\":\"https:\\\/\\\/www.carlosyconchita.net\\\/rutas\\\/12-05-2024-teleferico-fuente-de-y-caminata\\\/\"},\"author\":{\"name\":\"Carlos Conchita\",\"@id\":\"https:\\\/\\\/www.carlosyconchita.net\\\/rutas\\\/#\\\/schema\\\/person\\\/a9691f7258c28443fab2d3aa1479ea19\"},\"headline\":\"12-05-2024-Telef\u00e9rico Fuente D\u00e9 y caminata por los Picos de Europa\",\"datePublished\":\"2024-05-13T15:31:00+00:00\",\"dateModified\":\"2024-07-02T16:19:29+00:00\",\"mainEntityOfPage\":{\"@id\":\"https:\\\/\\\/www.carlosyconchita.net\\\/rutas\\\/12-05-2024-teleferico-fuente-de-y-caminata\\\/\"},\"wordCount\":339,\"image\":{\"@id\":\"https:\\\/\\\/www.carlosyconchita.net\\\/rutas\\\/12-05-2024-teleferico-fuente-de-y-caminata\\\/#primaryimage\"},\"thumbnailUrl\":\"https:\\\/\\\/www.carlosyconchita.net\\\/rutas\\\/wp-content\\\/uploads\\\/2024\\\/07\\\/Cantabria-12-00078.jpg\",\"articleSection\":[\"1-F\u00e1cil\",\"2 - De 5 a 10 km.\",\"Cantabria\"],\"inLanguage\":\"es\"},{\"@type\":\"WebPage\",\"@id\":\"https:\\\/\\\/www.carlosyconchita.net\\\/rutas\\\/12-05-2024-teleferico-fuente-de-y-caminata\\\/\",\"url\":\"https:\\\/\\\/www.carlosyconchita.net\\\/rutas\\\/12-05-2024-teleferico-fuente-de-y-caminata\\\/\",\"name\":\"12-05-2024-Telef\u00e9rico Fuente D\u00e9 y caminata por los Picos de Europa -\",\"isPartOf\":{\"@id\":\"https:\\\/\\\/www.carlosyconchita.net\\\/rutas\\\/#website\"},\"primaryImageOfPage\":{\"@id\":\"https:\\\/\\\/www.carlosyconchita.net\\\/rutas\\\/12-05-2024-teleferico-fuente-de-y-caminata\\\/#primaryimage\"},\"image\":{\"@id\":\"https:\\\/\\\/www.carlosyconchita.net\\\/rutas\\\/12-05-2024-teleferico-fuente-de-y-caminata\\\/#primaryimage\"},\"thumbnailUrl\":\"https:\\\/\\\/www.carlosyconchita.net\\\/rutas\\\/wp-content\\\/uploads\\\/2024\\\/07\\\/Cantabria-12-00078.jpg\",\"datePublished\":\"2024-05-13T15:31:00+00:00\",\"dateModified\":\"2024-07-02T16:19:29+00:00\",\"author\":{\"@id\":\"https:\\\/\\\/www.carlosyconchita.net\\\/rutas\\\/#\\\/schema\\\/person\\\/a9691f7258c28443fab2d3aa1479ea19\"},\"breadcrumb\":{\"@id\":\"https:\\\/\\\/www.carlosyconchita.net\\\/rutas\\\/12-05-2024-teleferico-fuente-de-y-caminata\\\/#breadcrumb\"},\"inLanguage\":\"es\",\"potentialAction\":[{\"@type\":\"ReadAction\",\"target\":[\"https:\\\/\\\/www.carlosyconchita.net\\\/rutas\\\/12-05-2024-teleferico-fuente-de-y-caminata\\\/\"]}]},{\"@type\":\"ImageObject\",\"inLanguage\":\"es\",\"@id\":\"https:\\\/\\\/www.carlosyconchita.net\\\/rutas\\\/12-05-2024-teleferico-fuente-de-y-caminata\\\/#primaryimage\",\"url\":\"https:\\\/\\\/www.carlosyconchita.net\\\/rutas\\\/wp-content\\\/uploads\\\/2024\\\/07\\\/Cantabria-12-00078.jpg\",\"contentUrl\":\"https:\\\/\\\/www.carlosyconchita.net\\\/rutas\\\/wp-content\\\/uploads\\\/2024\\\/07\\\/Cantabria-12-00078.jpg\",\"width\":1100,\"height\":555},{\"@type\":\"BreadcrumbList\",\"@id\":\"https:\\\/\\\/www.carlosyconchita.net\\\/rutas\\\/12-05-2024-teleferico-fuente-de-y-caminata\\\/#breadcrumb\",\"itemListElement\":[{\"@type\":\"ListItem\",\"position\":1,\"name\":\"Portada\",\"item\":\"https:\\\/\\\/www.carlosyconchita.net\\\/rutas\\\/\"},{\"@type\":\"ListItem\",\"position\":2,\"name\":\"12-05-2024-Telef\u00e9rico Fuente D\u00e9 y caminata por los Picos de Europa\"}]},{\"@type\":\"WebSite\",\"@id\":\"https:\\\/\\\/www.carlosyconchita.net\\\/rutas\\\/#website\",\"url\":\"https:\\\/\\\/www.carlosyconchita.net\\\/rutas\\\/\",\"name\":\"Las rutas de Carlos y Conchita\",\"description\":\"\",\"potentialAction\":[{\"@type\":\"SearchAction\",\"target\":{\"@type\":\"EntryPoint\",\"urlTemplate\":\"https:\\\/\\\/www.carlosyconchita.net\\\/rutas\\\/?s={search_term_string}\"},\"query-input\":{\"@type\":\"PropertyValueSpecification\",\"valueRequired\":true,\"valueName\":\"search_term_string\"}}],\"inLanguage\":\"es\"},{\"@type\":\"Person\",\"@id\":\"https:\\\/\\\/www.carlosyconchita.net\\\/rutas\\\/#\\\/schema\\\/person\\\/a9691f7258c28443fab2d3aa1479ea19\",\"name\":\"Carlos Conchita\",\"image\":{\"@type\":\"ImageObject\",\"inLanguage\":\"es\",\"@id\":\"https:\\\/\\\/secure.gravatar.com\\\/avatar\\\/3a4625b20c8da3de99da69bfe7a322774e291c3f90dce7e8778a30fe6748ed1a?s=96&d=mm&r=g\",\"url\":\"https:\\\/\\\/secure.gravatar.com\\\/avatar\\\/3a4625b20c8da3de99da69bfe7a322774e291c3f90dce7e8778a30fe6748ed1a?s=96&d=mm&r=g\",\"contentUrl\":\"https:\\\/\\\/secure.gravatar.com\\\/avatar\\\/3a4625b20c8da3de99da69bfe7a322774e291c3f90dce7e8778a30fe6748ed1a?s=96&d=mm&r=g\",\"caption\":\"Carlos Conchita\"}}]}<\/script>\n<!-- \/ Yoast SEO plugin. -->","yoast_head_json":{"title":"12-05-2024-Telef\u00e9rico Fuente D\u00e9 y caminata por los Picos de Europa -","robots":{"index":"index","follow":"follow","max-snippet":"max-snippet:-1","max-image-preview":"max-image-preview:large","max-video-preview":"max-video-preview:-1"},"canonical":"https:\/\/www.carlosyconchita.net\/rutas\/12-05-2024-teleferico-fuente-de-y-caminata\/","og_locale":"es_ES","og_type":"article","og_title":"12-05-2024-Telef\u00e9rico Fuente D\u00e9 y caminata por los Picos de Europa -","og_description":"Hoy el d\u00eda amanece bastante soleado, por lo que nos dirigimos a Fuente D\u00e9 para subir con el telef\u00e9rico a la estaci\u00f3n superior llamada El Cable, y dar una peque\u00f1a caminata por all\u00ed. Hemos caminado en direcci\u00f3n a la Caba\u00f1a Ver\u00f3nica y los Horcados Rojos, aunque al final no hemos llegado a la Caba\u00f1a Ver\u00f3nica [&hellip;]","og_url":"https:\/\/www.carlosyconchita.net\/rutas\/12-05-2024-teleferico-fuente-de-y-caminata\/","og_site_name":"Las rutas de Carlos y Conchita","article_published_time":"2024-05-13T15:31:00+00:00","article_modified_time":"2024-07-02T16:19:29+00:00","og_image":[{"width":1100,"height":555,"url":"https:\/\/www.carlosyconchita.net\/rutas\/wp-content\/uploads\/2024\/07\/Cantabria-12-00078.jpg","type":"image\/jpeg"}],"author":"Carlos Conchita","twitter_misc":{"Escrito por":"Carlos Conchita","Tiempo de lectura":"3 minutos"},"schema":{"@context":"https:\/\/schema.org","@graph":[{"@type":"Article","@id":"https:\/\/www.carlosyconchita.net\/rutas\/12-05-2024-teleferico-fuente-de-y-caminata\/#article","isPartOf":{"@id":"https:\/\/www.carlosyconchita.net\/rutas\/12-05-2024-teleferico-fuente-de-y-caminata\/"},"author":{"name":"Carlos Conchita","@id":"https:\/\/www.carlosyconchita.net\/rutas\/#\/schema\/person\/a9691f7258c28443fab2d3aa1479ea19"},"headline":"12-05-2024-Telef\u00e9rico Fuente D\u00e9 y caminata por los Picos de Europa","datePublished":"2024-05-13T15:31:00+00:00","dateModified":"2024-07-02T16:19:29+00:00","mainEntityOfPage":{"@id":"https:\/\/www.carlosyconchita.net\/rutas\/12-05-2024-teleferico-fuente-de-y-caminata\/"},"wordCount":339,"image":{"@id":"https:\/\/www.carlosyconchita.net\/rutas\/12-05-2024-teleferico-fuente-de-y-caminata\/#primaryimage"},"thumbnailUrl":"https:\/\/www.carlosyconchita.net\/rutas\/wp-content\/uploads\/2024\/07\/Cantabria-12-00078.jpg","articleSection":["1-F\u00e1cil","2 - De 5 a 10 km.","Cantabria"],"inLanguage":"es"},{"@type":"WebPage","@id":"https:\/\/www.carlosyconchita.net\/rutas\/12-05-2024-teleferico-fuente-de-y-caminata\/","url":"https:\/\/www.carlosyconchita.net\/rutas\/12-05-2024-teleferico-fuente-de-y-caminata\/","name":"12-05-2024-Telef\u00e9rico Fuente D\u00e9 y caminata por los Picos de Europa -","isPartOf":{"@id":"https:\/\/www.carlosyconchita.net\/rutas\/#website"},"primaryImageOfPage":{"@id":"https:\/\/www.carlosyconchita.net\/rutas\/12-05-2024-teleferico-fuente-de-y-caminata\/#primaryimage"},"image":{"@id":"https:\/\/www.carlosyconchita.net\/rutas\/12-05-2024-teleferico-fuente-de-y-caminata\/#primaryimage"},"thumbnailUrl":"https:\/\/www.carlosyconchita.net\/rutas\/wp-content\/uploads\/2024\/07\/Cantabria-12-00078.jpg","datePublished":"2024-05-13T15:31:00+00:00","dateModified":"2024-07-02T16:19:29+00:00","author":{"@id":"https:\/\/www.carlosyconchita.net\/rutas\/#\/schema\/person\/a9691f7258c28443fab2d3aa1479ea19"},"breadcrumb":{"@id":"https:\/\/www.carlosyconchita.net\/rutas\/12-05-2024-teleferico-fuente-de-y-caminata\/#breadcrumb"},"inLanguage":"es","potentialAction":[{"@type":"ReadAction","target":["https:\/\/www.carlosyconchita.net\/rutas\/12-05-2024-teleferico-fuente-de-y-caminata\/"]}]},{"@type":"ImageObject","inLanguage":"es","@id":"https:\/\/www.carlosyconchita.net\/rutas\/12-05-2024-teleferico-fuente-de-y-caminata\/#primaryimage","url":"https:\/\/www.carlosyconchita.net\/rutas\/wp-content\/uploads\/2024\/07\/Cantabria-12-00078.jpg","contentUrl":"https:\/\/www.carlosyconchita.net\/rutas\/wp-content\/uploads\/2024\/07\/Cantabria-12-00078.jpg","width":1100,"height":555},{"@type":"BreadcrumbList","@id":"https:\/\/www.carlosyconchita.net\/rutas\/12-05-2024-teleferico-fuente-de-y-caminata\/#breadcrumb","itemListElement":[{"@type":"ListItem","position":1,"name":"Portada","item":"https:\/\/www.carlosyconchita.net\/rutas\/"},{"@type":"ListItem","position":2,"name":"12-05-2024-Telef\u00e9rico Fuente D\u00e9 y caminata por los Picos de Europa"}]},{"@type":"WebSite","@id":"https:\/\/www.carlosyconchita.net\/rutas\/#website","url":"https:\/\/www.carlosyconchita.net\/rutas\/","name":"Las rutas de Carlos y Conchita","description":"","potentialAction":[{"@type":"SearchAction","target":{"@type":"EntryPoint","urlTemplate":"https:\/\/www.carlosyconchita.net\/rutas\/?s={search_term_string}"},"query-input":{"@type":"PropertyValueSpecification","valueRequired":true,"valueName":"search_term_string"}}],"inLanguage":"es"},{"@type":"Person","@id":"https:\/\/www.carlosyconchita.net\/rutas\/#\/schema\/person\/a9691f7258c28443fab2d3aa1479ea19","name":"Carlos Conchita","image":{"@type":"ImageObject","inLanguage":"es","@id":"https:\/\/secure.gravatar.com\/avatar\/3a4625b20c8da3de99da69bfe7a322774e291c3f90dce7e8778a30fe6748ed1a?s=96&d=mm&r=g","url":"https:\/\/secure.gravatar.com\/avatar\/3a4625b20c8da3de99da69bfe7a322774e291c3f90dce7e8778a30fe6748ed1a?s=96&d=mm&r=g","contentUrl":"https:\/\/secure.gravatar.com\/avatar\/3a4625b20c8da3de99da69bfe7a322774e291c3f90dce7e8778a30fe6748ed1a?s=96&d=mm&r=g","caption":"Carlos Conchita"}}]}},"_links":{"self":[{"href":"https:\/\/www.carlosyconchita.net\/rutas\/wp-json\/wp\/v2\/posts\/19964","targetHints":{"allow":["GET"]}}],"collection":[{"href":"https:\/\/www.carlosyconchita.net\/rutas\/wp-json\/wp\/v2\/posts"}],"about":[{"href":"https:\/\/www.carlosyconchita.net\/rutas\/wp-json\/wp\/v2\/types\/post"}],"author":[{"embeddable":true,"href":"https:\/\/www.carlosyconchita.net\/rutas\/wp-json\/wp\/v2\/users\/50"}],"replies":[{"embeddable":true,"href":"https:\/\/www.carlosyconchita.net\/rutas\/wp-json\/wp\/v2\/comments?post=19964"}],"version-history":[{"count":3,"href":"https:\/\/www.carlosyconchita.net\/rutas\/wp-json\/wp\/v2\/posts\/19964\/revisions"}],"predecessor-version":[{"id":19973,"href":"https:\/\/www.carlosyconchita.net\/rutas\/wp-json\/wp\/v2\/posts\/19964\/revisions\/19973"}],"wp:featuredmedia":[{"embeddable":true,"href":"https:\/\/www.carlosyconchita.net\/rutas\/wp-json\/wp\/v2\/media\/19965"}],"wp:attachment":[{"href":"https:\/\/www.carlosyconchita.net\/rutas\/wp-json\/wp\/v2\/media?parent=19964"}],"wp:term":[{"taxonomy":"category","embeddable":true,"href":"https:\/\/www.carlosyconchita.net\/rutas\/wp-json\/wp\/v2\/categories?post=19964"},{"taxonomy":"post_tag","embeddable":true,"href":"https:\/\/www.carlosyconchita.net\/rutas\/wp-json\/wp\/v2\/tags?post=19964"}],"curies":[{"name":"wp","href":"https:\/\/api.w.org\/{rel}","templated":true}]}}