{"id":19980,"date":"2024-07-11T17:43:14","date_gmt":"2024-07-11T16:43:14","guid":{"rendered":"https:\/\/www.carlosyconchita.net\/rutas\/?p=19980"},"modified":"2024-07-25T18:39:14","modified_gmt":"2024-07-25T17:39:14","slug":"11-07-2024-maria-elena-y-ainara-nuevas-buscadores-de-bornas-mojones-fronterizos","status":"publish","type":"post","link":"https:\/\/www.carlosyconchita.net\/rutas\/11-07-2024-maria-elena-y-ainara-nuevas-buscadores-de-bornas-mojones-fronterizos\/","title":{"rendered":"11-07-2024-Mar\u00eda, Elena y Ainara : nuevas buscadores de bornas\/mojones fronterizos  ?"},"content":{"rendered":"<p style=\"text-align: justify;\">Hemos empezado nuestra temporada de bornas de este a\u00f1o, con una estancia en el bonito refugio de Arlet, situado al lado del lago del mismo nombre.<br \/>\nHa sido nuestra primera experiencia en refugios, y la verdad es que ha ido muy bien, tanto por la estancia en el mismo, con unas bonitas y modernas instalaciones, como por las 3 simp\u00e1ticas, amables y eficiente chicas que lo llevan, y tambi\u00e9n\u00a0 por la gente con la que hemos podido hablar, explic\u00e1ndoles qu\u00e9 son los mojones fronterizos, ya que todo el mundo segu\u00eda la Senda de Camile, y deb\u00edamos ser casi los \u00fanicos que no la hac\u00edamos, al menos al completo, ya que hemos recorrido varios tramos de la misma.<\/p>\n<p style=\"text-align: justify;\">Desde aqu\u00ed enviamos un saludo a\u00a0 las 3 encargadas del refugio : Florence, Patricia y Paula, aunque no creemos que vean esta web, al menos nosotros dejamos constancia de su buen trabajo, que luego reflejaremos en su web si podemos o al menos en Google.<\/p>\n<p style=\"text-align: justify;\">Estos 3 dias hemos localizado las bornas 276, 277, 278 y 279, pero aunque no tengamos publicadas todav\u00eda estas excursiones, s\u00ed que queremos publicar esta peque\u00f1a p\u00e1gina dedicada a 3 chicas de Vitoria, con las que cenamos en la misma mesa el \u00faltimo d\u00eda en el refugio, y que estaban haciendo la popular \u00abSenda de Camile\u00bb, y que nos preguntaron qu\u00e9 ruta hac\u00edamos nosotros.<\/p>\n<p style=\"text-align: justify;\">Cuando les explicamos nuestro proyecto de las bornas\/mojones fronterizos, se quedaron asombradas, interesadas, sorprendidas etc., porque no conoc\u00edan este tema , al igual que la mayor\u00eda de la gente y la verdad es que toda la cena les estuvimos dando la \u00abpaliza\u00bb explic\u00e1ndoselo.<\/p>\n<p style=\"text-align: justify;\">Nosotros ese d\u00eda hab\u00edamos hecho las bornas 276 y 277, y como que siguiendo la Senda de Camile , el d\u00eda siguiente ellas\u00a0 ten\u00edan que pasar por all\u00ed, les indicamos donde estaban.<\/p>\n<p style=\"text-align: justify;\">Al d\u00eda siguiente, recibimos una foto de la B-277, aunque la 276 no la encontraron, ya que estaba en una posici\u00f3n un poco rara y era m\u00e1s dif\u00edcil si no est\u00e1s acostumbrado a buscarlas.<\/p>\n<p style=\"text-align: justify;\">Hoy por la\u00a0 ma\u00f1ana,\u00a0 dia 11 de julio, ya en nuestra casa, nos han enviado un mensaje diciendo que iban a pasar por el Puerto de Petrechema, por si hab\u00eda alguna borna cerca.<\/p>\n<p style=\"text-align: justify;\">Efectivamente, all\u00ed en ese puerto est\u00e1 la B-273, que nosotros todav\u00eda no hemos visto, y entonces les hemos enviado una imagen del mapa, as\u00ed como unas fotos de nuestro amigo Eef\u00a0\u00a0 (gracias Eef por toda la info de tu web ! ) para que vieran como era.<\/p>\n<p style=\"text-align: justify;\">Pues al cabo de unas horas, nos han enviado una foto de su segunda borna, la 273 &#8230; a ver si ahora se animan y las hacen todas.<\/p>\n<p style=\"text-align: justify;\">Pues con el permiso de las 3 chicas del refugio de Arlet (os hemos puesto ese nombre para localizaros r\u00e1pidamente en los contactos), publicamos estas dos fotos :<\/p>\n<p>&nbsp;<\/p>\n<p><img loading=\"lazy\" decoding=\"async\" class=\"aligncenter wp-image-19982 size-full\" src=\"https:\/\/www.carlosyconchita.net\/rutas\/wp-content\/uploads\/2024\/07\/Maria-277.jpg\" alt=\"\" width=\"1024\" height=\"768\" srcset=\"https:\/\/www.carlosyconchita.net\/rutas\/wp-content\/uploads\/2024\/07\/Maria-277.jpg 1024w, https:\/\/www.carlosyconchita.net\/rutas\/wp-content\/uploads\/2024\/07\/Maria-277-300x225.jpg 300w, https:\/\/www.carlosyconchita.net\/rutas\/wp-content\/uploads\/2024\/07\/Maria-277-600x450.jpg 600w, https:\/\/www.carlosyconchita.net\/rutas\/wp-content\/uploads\/2024\/07\/Maria-277-768x576.jpg 768w\" sizes=\"auto, (max-width: 1024px) 100vw, 1024px\" \/><\/p>\n<p>&nbsp;<\/p>\n<p><img loading=\"lazy\" decoding=\"async\" class=\"aligncenter wp-image-19983 size-full\" src=\"https:\/\/www.carlosyconchita.net\/rutas\/wp-content\/uploads\/2024\/07\/Maria-273-1.jpg\" alt=\"\" width=\"1024\" height=\"768\" srcset=\"https:\/\/www.carlosyconchita.net\/rutas\/wp-content\/uploads\/2024\/07\/Maria-273-1.jpg 1024w, https:\/\/www.carlosyconchita.net\/rutas\/wp-content\/uploads\/2024\/07\/Maria-273-1-300x225.jpg 300w, https:\/\/www.carlosyconchita.net\/rutas\/wp-content\/uploads\/2024\/07\/Maria-273-1-600x450.jpg 600w, https:\/\/www.carlosyconchita.net\/rutas\/wp-content\/uploads\/2024\/07\/Maria-273-1-768x576.jpg 768w\" sizes=\"auto, (max-width: 1024px) 100vw, 1024px\" \/><\/p>\n<p>&nbsp;<\/p>\n<p>Y aqu\u00ed una foto del refugio y lago de Arlet .<\/p>\n<p>&nbsp;<\/p>\n<p><img loading=\"lazy\" decoding=\"async\" class=\"aligncenter wp-image-19992 size-full\" src=\"https:\/\/www.carlosyconchita.net\/rutas\/wp-content\/uploads\/2024\/07\/IMG_20240708_162403.jpg\" alt=\"\" width=\"1024\" height=\"533\" srcset=\"https:\/\/www.carlosyconchita.net\/rutas\/wp-content\/uploads\/2024\/07\/IMG_20240708_162403.jpg 1024w, https:\/\/www.carlosyconchita.net\/rutas\/wp-content\/uploads\/2024\/07\/IMG_20240708_162403-300x156.jpg 300w, https:\/\/www.carlosyconchita.net\/rutas\/wp-content\/uploads\/2024\/07\/IMG_20240708_162403-600x312.jpg 600w, https:\/\/www.carlosyconchita.net\/rutas\/wp-content\/uploads\/2024\/07\/IMG_20240708_162403-768x400.jpg 768w\" sizes=\"auto, (max-width: 1024px) 100vw, 1024px\" \/><\/p>\n<p>&nbsp;<\/p>\n<p style=\"text-align: justify;\">Aunque no os dediqueis a localizarlas todas, podeis contar con nosotros el d\u00eda que os acerqueis a los Pirineos para ver si pasais cerca de alguna&#8230;<\/p>\n<p style=\"text-align: justify;\">Muchas gracias por vuestra compa\u00f1\u00eda en el refugio, especialmente por aguantar el \u00abrollo\u00bb\u00a0 que os dimos sobre este tema y que termineis bien la Senda de Camile !<\/p>\n<p style=\"text-align: justify;\">Hasta pronto Mar\u00eda, Ainara y Elena !<\/p>\n<p style=\"text-align: justify;\">Carlos y Conchita<\/p>\n<p>&nbsp;<\/p>\n","protected":false},"excerpt":{"rendered":"<p>Hemos empezado nuestra temporada de bornas de este a\u00f1o, con una estancia en el bonito refugio de Arlet, situado al lado del lago del mismo nombre. Ha sido nuestra primera experiencia en refugios, y la verdad es que ha ido muy bien, tanto por la estancia en el mismo, con unas bonitas y modernas instalaciones, [&hellip;]<\/p>\n","protected":false},"author":50,"featured_media":19989,"comment_status":"open","ping_status":"open","sticky":false,"template":"","format":"standard","meta":{"footnotes":""},"categories":[74],"tags":[],"class_list":{"0":"post-19980","1":"post","2":"type-post","3":"status-publish","4":"format-standard","5":"has-post-thumbnail","6":"hentry","7":"category-0-mojones-bornas-frontera","9":"post-with-thumbnail","10":"post-with-thumbnail-icon"},"yoast_head":"<!-- This site is optimized with the Yoast SEO plugin v27.4 - https:\/\/yoast.com\/product\/yoast-seo-wordpress\/ -->\n<title>11-07-2024-Mar\u00eda, Elena y Ainara : nuevas buscadores de bornas\/mojones fronterizos ? -<\/title>\n<meta name=\"robots\" content=\"index, follow, max-snippet:-1, max-image-preview:large, max-video-preview:-1\" \/>\n<link rel=\"canonical\" href=\"https:\/\/www.carlosyconchita.net\/rutas\/11-07-2024-maria-elena-y-ainara-nuevas-buscadores-de-bornas-mojones-fronterizos\/\" \/>\n<meta property=\"og:locale\" content=\"es_ES\" \/>\n<meta property=\"og:type\" content=\"article\" \/>\n<meta property=\"og:title\" content=\"11-07-2024-Mar\u00eda, Elena y Ainara : nuevas buscadores de bornas\/mojones fronterizos ? -\" \/>\n<meta property=\"og:description\" content=\"Hemos empezado nuestra temporada de bornas de este a\u00f1o, con una estancia en el bonito refugio de Arlet, situado al lado del lago del mismo nombre. Ha sido nuestra primera experiencia en refugios, y la verdad es que ha ido muy bien, tanto por la estancia en el mismo, con unas bonitas y modernas instalaciones, [&hellip;]\" \/>\n<meta property=\"og:url\" content=\"https:\/\/www.carlosyconchita.net\/rutas\/11-07-2024-maria-elena-y-ainara-nuevas-buscadores-de-bornas-mojones-fronterizos\/\" \/>\n<meta property=\"og:site_name\" content=\"Las rutas de Carlos y Conchita\" \/>\n<meta property=\"article:published_time\" content=\"2024-07-11T16:43:14+00:00\" \/>\n<meta property=\"article:modified_time\" content=\"2024-07-25T17:39:14+00:00\" \/>\n<meta property=\"og:image\" content=\"https:\/\/www.carlosyconchita.net\/rutas\/wp-content\/uploads\/2024\/07\/Maria-273-2.jpg\" \/>\n\t<meta property=\"og:image:width\" content=\"1024\" \/>\n\t<meta property=\"og:image:height\" content=\"420\" \/>\n\t<meta property=\"og:image:type\" content=\"image\/jpeg\" \/>\n<meta name=\"author\" content=\"Carlos Conchita\" \/>\n<meta name=\"twitter:label1\" content=\"Escrito por\" \/>\n\t<meta name=\"twitter:data1\" content=\"Carlos Conchita\" \/>\n\t<meta name=\"twitter:label2\" content=\"Tiempo de lectura\" \/>\n\t<meta name=\"twitter:data2\" content=\"4 minutos\" \/>\n<script type=\"application\/ld+json\" class=\"yoast-schema-graph\">{\"@context\":\"https:\\\/\\\/schema.org\",\"@graph\":[{\"@type\":\"Article\",\"@id\":\"https:\\\/\\\/www.carlosyconchita.net\\\/rutas\\\/11-07-2024-maria-elena-y-ainara-nuevas-buscadores-de-bornas-mojones-fronterizos\\\/#article\",\"isPartOf\":{\"@id\":\"https:\\\/\\\/www.carlosyconchita.net\\\/rutas\\\/11-07-2024-maria-elena-y-ainara-nuevas-buscadores-de-bornas-mojones-fronterizos\\\/\"},\"author\":{\"name\":\"Carlos Conchita\",\"@id\":\"https:\\\/\\\/www.carlosyconchita.net\\\/rutas\\\/#\\\/schema\\\/person\\\/a9691f7258c28443fab2d3aa1479ea19\"},\"headline\":\"11-07-2024-Mar\u00eda, Elena y Ainara : nuevas buscadores de bornas\\\/mojones fronterizos ?\",\"datePublished\":\"2024-07-11T16:43:14+00:00\",\"dateModified\":\"2024-07-25T17:39:14+00:00\",\"mainEntityOfPage\":{\"@id\":\"https:\\\/\\\/www.carlosyconchita.net\\\/rutas\\\/11-07-2024-maria-elena-y-ainara-nuevas-buscadores-de-bornas-mojones-fronterizos\\\/\"},\"wordCount\":573,\"commentCount\":0,\"image\":{\"@id\":\"https:\\\/\\\/www.carlosyconchita.net\\\/rutas\\\/11-07-2024-maria-elena-y-ainara-nuevas-buscadores-de-bornas-mojones-fronterizos\\\/#primaryimage\"},\"thumbnailUrl\":\"https:\\\/\\\/www.carlosyconchita.net\\\/rutas\\\/wp-content\\\/uploads\\\/2024\\\/07\\\/Maria-273-2.jpg\",\"articleSection\":[\"Mojones \\\/ Bornas frontera ES-FR\"],\"inLanguage\":\"es\",\"potentialAction\":[{\"@type\":\"CommentAction\",\"name\":\"Comment\",\"target\":[\"https:\\\/\\\/www.carlosyconchita.net\\\/rutas\\\/11-07-2024-maria-elena-y-ainara-nuevas-buscadores-de-bornas-mojones-fronterizos\\\/#respond\"]}]},{\"@type\":\"WebPage\",\"@id\":\"https:\\\/\\\/www.carlosyconchita.net\\\/rutas\\\/11-07-2024-maria-elena-y-ainara-nuevas-buscadores-de-bornas-mojones-fronterizos\\\/\",\"url\":\"https:\\\/\\\/www.carlosyconchita.net\\\/rutas\\\/11-07-2024-maria-elena-y-ainara-nuevas-buscadores-de-bornas-mojones-fronterizos\\\/\",\"name\":\"11-07-2024-Mar\u00eda, Elena y Ainara : nuevas buscadores de bornas\\\/mojones fronterizos ? -\",\"isPartOf\":{\"@id\":\"https:\\\/\\\/www.carlosyconchita.net\\\/rutas\\\/#website\"},\"primaryImageOfPage\":{\"@id\":\"https:\\\/\\\/www.carlosyconchita.net\\\/rutas\\\/11-07-2024-maria-elena-y-ainara-nuevas-buscadores-de-bornas-mojones-fronterizos\\\/#primaryimage\"},\"image\":{\"@id\":\"https:\\\/\\\/www.carlosyconchita.net\\\/rutas\\\/11-07-2024-maria-elena-y-ainara-nuevas-buscadores-de-bornas-mojones-fronterizos\\\/#primaryimage\"},\"thumbnailUrl\":\"https:\\\/\\\/www.carlosyconchita.net\\\/rutas\\\/wp-content\\\/uploads\\\/2024\\\/07\\\/Maria-273-2.jpg\",\"datePublished\":\"2024-07-11T16:43:14+00:00\",\"dateModified\":\"2024-07-25T17:39:14+00:00\",\"author\":{\"@id\":\"https:\\\/\\\/www.carlosyconchita.net\\\/rutas\\\/#\\\/schema\\\/person\\\/a9691f7258c28443fab2d3aa1479ea19\"},\"breadcrumb\":{\"@id\":\"https:\\\/\\\/www.carlosyconchita.net\\\/rutas\\\/11-07-2024-maria-elena-y-ainara-nuevas-buscadores-de-bornas-mojones-fronterizos\\\/#breadcrumb\"},\"inLanguage\":\"es\",\"potentialAction\":[{\"@type\":\"ReadAction\",\"target\":[\"https:\\\/\\\/www.carlosyconchita.net\\\/rutas\\\/11-07-2024-maria-elena-y-ainara-nuevas-buscadores-de-bornas-mojones-fronterizos\\\/\"]}]},{\"@type\":\"ImageObject\",\"inLanguage\":\"es\",\"@id\":\"https:\\\/\\\/www.carlosyconchita.net\\\/rutas\\\/11-07-2024-maria-elena-y-ainara-nuevas-buscadores-de-bornas-mojones-fronterizos\\\/#primaryimage\",\"url\":\"https:\\\/\\\/www.carlosyconchita.net\\\/rutas\\\/wp-content\\\/uploads\\\/2024\\\/07\\\/Maria-273-2.jpg\",\"contentUrl\":\"https:\\\/\\\/www.carlosyconchita.net\\\/rutas\\\/wp-content\\\/uploads\\\/2024\\\/07\\\/Maria-273-2.jpg\",\"width\":1024,\"height\":420},{\"@type\":\"BreadcrumbList\",\"@id\":\"https:\\\/\\\/www.carlosyconchita.net\\\/rutas\\\/11-07-2024-maria-elena-y-ainara-nuevas-buscadores-de-bornas-mojones-fronterizos\\\/#breadcrumb\",\"itemListElement\":[{\"@type\":\"ListItem\",\"position\":1,\"name\":\"Portada\",\"item\":\"https:\\\/\\\/www.carlosyconchita.net\\\/rutas\\\/\"},{\"@type\":\"ListItem\",\"position\":2,\"name\":\"11-07-2024-Mar\u00eda, Elena y Ainara : nuevas buscadores de bornas\\\/mojones fronterizos ?\"}]},{\"@type\":\"WebSite\",\"@id\":\"https:\\\/\\\/www.carlosyconchita.net\\\/rutas\\\/#website\",\"url\":\"https:\\\/\\\/www.carlosyconchita.net\\\/rutas\\\/\",\"name\":\"Las rutas de Carlos y Conchita\",\"description\":\"\",\"potentialAction\":[{\"@type\":\"SearchAction\",\"target\":{\"@type\":\"EntryPoint\",\"urlTemplate\":\"https:\\\/\\\/www.carlosyconchita.net\\\/rutas\\\/?s={search_term_string}\"},\"query-input\":{\"@type\":\"PropertyValueSpecification\",\"valueRequired\":true,\"valueName\":\"search_term_string\"}}],\"inLanguage\":\"es\"},{\"@type\":\"Person\",\"@id\":\"https:\\\/\\\/www.carlosyconchita.net\\\/rutas\\\/#\\\/schema\\\/person\\\/a9691f7258c28443fab2d3aa1479ea19\",\"name\":\"Carlos Conchita\",\"image\":{\"@type\":\"ImageObject\",\"inLanguage\":\"es\",\"@id\":\"https:\\\/\\\/secure.gravatar.com\\\/avatar\\\/3a4625b20c8da3de99da69bfe7a322774e291c3f90dce7e8778a30fe6748ed1a?s=96&d=mm&r=g\",\"url\":\"https:\\\/\\\/secure.gravatar.com\\\/avatar\\\/3a4625b20c8da3de99da69bfe7a322774e291c3f90dce7e8778a30fe6748ed1a?s=96&d=mm&r=g\",\"contentUrl\":\"https:\\\/\\\/secure.gravatar.com\\\/avatar\\\/3a4625b20c8da3de99da69bfe7a322774e291c3f90dce7e8778a30fe6748ed1a?s=96&d=mm&r=g\",\"caption\":\"Carlos Conchita\"}}]}<\/script>\n<!-- \/ Yoast SEO plugin. -->","yoast_head_json":{"title":"11-07-2024-Mar\u00eda, Elena y Ainara : nuevas buscadores de bornas\/mojones fronterizos ? -","robots":{"index":"index","follow":"follow","max-snippet":"max-snippet:-1","max-image-preview":"max-image-preview:large","max-video-preview":"max-video-preview:-1"},"canonical":"https:\/\/www.carlosyconchita.net\/rutas\/11-07-2024-maria-elena-y-ainara-nuevas-buscadores-de-bornas-mojones-fronterizos\/","og_locale":"es_ES","og_type":"article","og_title":"11-07-2024-Mar\u00eda, Elena y Ainara : nuevas buscadores de bornas\/mojones fronterizos ? -","og_description":"Hemos empezado nuestra temporada de bornas de este a\u00f1o, con una estancia en el bonito refugio de Arlet, situado al lado del lago del mismo nombre. Ha sido nuestra primera experiencia en refugios, y la verdad es que ha ido muy bien, tanto por la estancia en el mismo, con unas bonitas y modernas instalaciones, [&hellip;]","og_url":"https:\/\/www.carlosyconchita.net\/rutas\/11-07-2024-maria-elena-y-ainara-nuevas-buscadores-de-bornas-mojones-fronterizos\/","og_site_name":"Las rutas de Carlos y Conchita","article_published_time":"2024-07-11T16:43:14+00:00","article_modified_time":"2024-07-25T17:39:14+00:00","og_image":[{"width":1024,"height":420,"url":"https:\/\/www.carlosyconchita.net\/rutas\/wp-content\/uploads\/2024\/07\/Maria-273-2.jpg","type":"image\/jpeg"}],"author":"Carlos Conchita","twitter_misc":{"Escrito por":"Carlos Conchita","Tiempo de lectura":"4 minutos"},"schema":{"@context":"https:\/\/schema.org","@graph":[{"@type":"Article","@id":"https:\/\/www.carlosyconchita.net\/rutas\/11-07-2024-maria-elena-y-ainara-nuevas-buscadores-de-bornas-mojones-fronterizos\/#article","isPartOf":{"@id":"https:\/\/www.carlosyconchita.net\/rutas\/11-07-2024-maria-elena-y-ainara-nuevas-buscadores-de-bornas-mojones-fronterizos\/"},"author":{"name":"Carlos Conchita","@id":"https:\/\/www.carlosyconchita.net\/rutas\/#\/schema\/person\/a9691f7258c28443fab2d3aa1479ea19"},"headline":"11-07-2024-Mar\u00eda, Elena y Ainara : nuevas buscadores de bornas\/mojones fronterizos ?","datePublished":"2024-07-11T16:43:14+00:00","dateModified":"2024-07-25T17:39:14+00:00","mainEntityOfPage":{"@id":"https:\/\/www.carlosyconchita.net\/rutas\/11-07-2024-maria-elena-y-ainara-nuevas-buscadores-de-bornas-mojones-fronterizos\/"},"wordCount":573,"commentCount":0,"image":{"@id":"https:\/\/www.carlosyconchita.net\/rutas\/11-07-2024-maria-elena-y-ainara-nuevas-buscadores-de-bornas-mojones-fronterizos\/#primaryimage"},"thumbnailUrl":"https:\/\/www.carlosyconchita.net\/rutas\/wp-content\/uploads\/2024\/07\/Maria-273-2.jpg","articleSection":["Mojones \/ Bornas frontera ES-FR"],"inLanguage":"es","potentialAction":[{"@type":"CommentAction","name":"Comment","target":["https:\/\/www.carlosyconchita.net\/rutas\/11-07-2024-maria-elena-y-ainara-nuevas-buscadores-de-bornas-mojones-fronterizos\/#respond"]}]},{"@type":"WebPage","@id":"https:\/\/www.carlosyconchita.net\/rutas\/11-07-2024-maria-elena-y-ainara-nuevas-buscadores-de-bornas-mojones-fronterizos\/","url":"https:\/\/www.carlosyconchita.net\/rutas\/11-07-2024-maria-elena-y-ainara-nuevas-buscadores-de-bornas-mojones-fronterizos\/","name":"11-07-2024-Mar\u00eda, Elena y Ainara : nuevas buscadores de bornas\/mojones fronterizos ? -","isPartOf":{"@id":"https:\/\/www.carlosyconchita.net\/rutas\/#website"},"primaryImageOfPage":{"@id":"https:\/\/www.carlosyconchita.net\/rutas\/11-07-2024-maria-elena-y-ainara-nuevas-buscadores-de-bornas-mojones-fronterizos\/#primaryimage"},"image":{"@id":"https:\/\/www.carlosyconchita.net\/rutas\/11-07-2024-maria-elena-y-ainara-nuevas-buscadores-de-bornas-mojones-fronterizos\/#primaryimage"},"thumbnailUrl":"https:\/\/www.carlosyconchita.net\/rutas\/wp-content\/uploads\/2024\/07\/Maria-273-2.jpg","datePublished":"2024-07-11T16:43:14+00:00","dateModified":"2024-07-25T17:39:14+00:00","author":{"@id":"https:\/\/www.carlosyconchita.net\/rutas\/#\/schema\/person\/a9691f7258c28443fab2d3aa1479ea19"},"breadcrumb":{"@id":"https:\/\/www.carlosyconchita.net\/rutas\/11-07-2024-maria-elena-y-ainara-nuevas-buscadores-de-bornas-mojones-fronterizos\/#breadcrumb"},"inLanguage":"es","potentialAction":[{"@type":"ReadAction","target":["https:\/\/www.carlosyconchita.net\/rutas\/11-07-2024-maria-elena-y-ainara-nuevas-buscadores-de-bornas-mojones-fronterizos\/"]}]},{"@type":"ImageObject","inLanguage":"es","@id":"https:\/\/www.carlosyconchita.net\/rutas\/11-07-2024-maria-elena-y-ainara-nuevas-buscadores-de-bornas-mojones-fronterizos\/#primaryimage","url":"https:\/\/www.carlosyconchita.net\/rutas\/wp-content\/uploads\/2024\/07\/Maria-273-2.jpg","contentUrl":"https:\/\/www.carlosyconchita.net\/rutas\/wp-content\/uploads\/2024\/07\/Maria-273-2.jpg","width":1024,"height":420},{"@type":"BreadcrumbList","@id":"https:\/\/www.carlosyconchita.net\/rutas\/11-07-2024-maria-elena-y-ainara-nuevas-buscadores-de-bornas-mojones-fronterizos\/#breadcrumb","itemListElement":[{"@type":"ListItem","position":1,"name":"Portada","item":"https:\/\/www.carlosyconchita.net\/rutas\/"},{"@type":"ListItem","position":2,"name":"11-07-2024-Mar\u00eda, Elena y Ainara : nuevas buscadores de bornas\/mojones fronterizos ?"}]},{"@type":"WebSite","@id":"https:\/\/www.carlosyconchita.net\/rutas\/#website","url":"https:\/\/www.carlosyconchita.net\/rutas\/","name":"Las rutas de Carlos y Conchita","description":"","potentialAction":[{"@type":"SearchAction","target":{"@type":"EntryPoint","urlTemplate":"https:\/\/www.carlosyconchita.net\/rutas\/?s={search_term_string}"},"query-input":{"@type":"PropertyValueSpecification","valueRequired":true,"valueName":"search_term_string"}}],"inLanguage":"es"},{"@type":"Person","@id":"https:\/\/www.carlosyconchita.net\/rutas\/#\/schema\/person\/a9691f7258c28443fab2d3aa1479ea19","name":"Carlos Conchita","image":{"@type":"ImageObject","inLanguage":"es","@id":"https:\/\/secure.gravatar.com\/avatar\/3a4625b20c8da3de99da69bfe7a322774e291c3f90dce7e8778a30fe6748ed1a?s=96&d=mm&r=g","url":"https:\/\/secure.gravatar.com\/avatar\/3a4625b20c8da3de99da69bfe7a322774e291c3f90dce7e8778a30fe6748ed1a?s=96&d=mm&r=g","contentUrl":"https:\/\/secure.gravatar.com\/avatar\/3a4625b20c8da3de99da69bfe7a322774e291c3f90dce7e8778a30fe6748ed1a?s=96&d=mm&r=g","caption":"Carlos Conchita"}}]}},"_links":{"self":[{"href":"https:\/\/www.carlosyconchita.net\/rutas\/wp-json\/wp\/v2\/posts\/19980","targetHints":{"allow":["GET"]}}],"collection":[{"href":"https:\/\/www.carlosyconchita.net\/rutas\/wp-json\/wp\/v2\/posts"}],"about":[{"href":"https:\/\/www.carlosyconchita.net\/rutas\/wp-json\/wp\/v2\/types\/post"}],"author":[{"embeddable":true,"href":"https:\/\/www.carlosyconchita.net\/rutas\/wp-json\/wp\/v2\/users\/50"}],"replies":[{"embeddable":true,"href":"https:\/\/www.carlosyconchita.net\/rutas\/wp-json\/wp\/v2\/comments?post=19980"}],"version-history":[{"count":3,"href":"https:\/\/www.carlosyconchita.net\/rutas\/wp-json\/wp\/v2\/posts\/19980\/revisions"}],"predecessor-version":[{"id":19993,"href":"https:\/\/www.carlosyconchita.net\/rutas\/wp-json\/wp\/v2\/posts\/19980\/revisions\/19993"}],"wp:featuredmedia":[{"embeddable":true,"href":"https:\/\/www.carlosyconchita.net\/rutas\/wp-json\/wp\/v2\/media\/19989"}],"wp:attachment":[{"href":"https:\/\/www.carlosyconchita.net\/rutas\/wp-json\/wp\/v2\/media?parent=19980"}],"wp:term":[{"taxonomy":"category","embeddable":true,"href":"https:\/\/www.carlosyconchita.net\/rutas\/wp-json\/wp\/v2\/categories?post=19980"},{"taxonomy":"post_tag","embeddable":true,"href":"https:\/\/www.carlosyconchita.net\/rutas\/wp-json\/wp\/v2\/tags?post=19980"}],"curies":[{"name":"wp","href":"https:\/\/api.w.org\/{rel}","templated":true}]}}