{"id":20010,"date":"2024-07-08T16:15:22","date_gmt":"2024-07-08T15:15:22","guid":{"rendered":"https:\/\/www.carlosyconchita.net\/rutas\/?p=20010"},"modified":"2024-08-22T16:09:59","modified_gmt":"2024-08-22T15:09:59","slug":"08-07-2024-borna-278-y-refugio-arlet","status":"publish","type":"post","link":"https:\/\/www.carlosyconchita.net\/rutas\/08-07-2024-borna-278-y-refugio-arlet\/","title":{"rendered":"08-07-2024-Borna 278 y Refugio Arlet"},"content":{"rendered":"<p>&nbsp;<\/p>\n<p style=\"text-align: center;\"><cite><span style=\"color: #ff0000;\">575 bornas (n\u00fameros)\u00a0 localizadas\u00a0 del total de 602 existentes, nos faltan s\u00f3lo 27<\/span><br \/>\n<\/cite><\/p>\n<p style=\"text-align: center;\"><span style=\"color: #ff0000;\"><em>694\u00a0 bornas (piedras) localizadas\u00a0 del total de 723 existentes, nos faltan s\u00f3lo 29<\/em><\/span><\/p>\n<p style=\"text-align: center;\">Ver recuento de bornas en la p\u00e1gina principal :\u00a0 Bornas pendientes<\/p>\n<p style=\"text-align: center;\"><span style=\"color: #0000ff;\">Enlace al album de fotos de las bornas :\u00a0<\/span>\u00a0\u00a0\u00a0<strong><a href=\"https:\/\/www.carlosyconchita.net\/rutas\/bornas-es-fr-fotos\/\" target=\"_blank\" rel=\"noopener\"> Fotos bornas<\/a><\/strong><\/p>\n<p>&nbsp;<\/p>\n<p style=\"text-align: justify;\">Para llegar al punto donde dejaremos el coche y empezaremos a subir hasta el refugio de Arlet, situado junto a un bonito lago, nos dirigimos a Hecho, despu\u00e9s seguimos hasta Siresa, y vamos siguiendo la carretera, que despu\u00e9s pasa por un\u00a0 tramo con curvas y carretera muy estrecha, en donde hemos tenido que hacer alguna maniobra al cruzarnos con los coches que ven\u00edan en direcci\u00f3n contraria, y cuando se acaba el tramo asfaltado, podemos continuar por un camino de tierra, pasaremos de largo el Aparcamiento de la Mina,\u00a0 hasta que lleguemos a una se\u00f1al que nos indica que ya no podemos continuar con el coche.<\/p>\n<p style=\"text-align: justify;\">Aparcamos all\u00ed, y despu\u00e9s de ponernos las botas y cargar las pesadas mochilas con la tienda, sacos de dormir etc., empezamos a caminar siguiendo el camino de tierra durante unos 2.5 kms. y all\u00ed tenemos una peque\u00f1a subida hasta llegar a una especie de col o puerto, con una peque\u00f1a construcci\u00f3n\u00a0 suponemos de algun ganadero y desde donde tenemos una buena vista vista de la zona de Aguas Tuertas, con unos bonitos \u00abmeandros\u00bb que tendremos que cruzar porque hay que subir al refugio por el otro lado de la gran llanura.<br \/>\nY a lo lejos , podemos ver los grandes picos que ya \u00abconoc\u00edamos\u00bb de cuando pasamos por el lago de Estan\u00e9s desde el Parking de Sansanet, y tambi\u00e9n desde la estaci\u00f3n de esqu\u00ed de Candanch\u00fa, y localizamos las numerosas bornas de aquella zona.<\/p>\n<p style=\"text-align: justify;\">Para cruzar esta zona \u00abh\u00fameda\u00bb seguimos un track que tenemos, aunque despu\u00e9s, el d\u00eda 10, que dejamos el refugio y volvemos al coche, desde el otro lado vemos un camino mucho m\u00e1s directo para cruzar la zona sin tener que mojarnos mucho.<\/p>\n<p style=\"text-align: justify;\">Una vez en el otro lado, empieza un tramo de fuerte subida y con el camino no muy visible, despu\u00e9s un tramo algo m\u00e1s suave, y al final, la \u00faltima subida para llegar al Col de Arlet, tambi\u00e9n con fuerte desnivel&#8230; con lo que llegamos arriba muy cansados, ya que aparte del calor, era la primera vez que hac\u00edamos un recorrido tan largo y sobre todo con tanto desnivel cargados con la mochila grande , con la tienda y sacos, ya que hace unos d\u00edas al contactar con el refugio para reservar las dos plazas, nos dijeron que lo ten\u00edan todo lleno, y que lo \u00fanico que pod\u00edan ofrecernos es acampar en la zona que llaman de \u00abbivouac\u00bb al lado, pero al menos con acceso a la cena y desayuno.<\/p>\n<p style=\"text-align: justify;\">Una vez en el Col de Arlet, podemos ver una fant\u00e1stica vista del refugio de Arlet, situado al lado del bonito lago del mismo nombre, y localizamos la borna 278, que nos cost\u00f3 un poco porque est\u00e1 grabada en una piedra plana en el suelo, y con el fuerte sol no ve\u00edamos el grabado,<\/p>\n<p style=\"text-align: justify;\">Para llegar al refugio, tenemos que descender unos 100 m. de desnivel, y cuando llegamos all\u00ed, despu\u00e9s de presentarnos, nos dieron la gran alegr\u00eda de que pod\u00edan darnos dos plazas para dormir pero s\u00f3lo para esa noche.<\/p>\n<p style=\"text-align: justify;\">El problema de dormir en la tienda, aparte de que es m\u00e1s inc\u00f3modo, era sobre todo que no permiten dejarla montada durante el d\u00eda, por lo que habr\u00edamos tenido que montarla esta noche, ma\u00f1ana por la ma\u00f1ana desmontarla, volverla a montar para la segunda noche, y claro, el \u00faltimo d\u00eda volver\u00a0 desmontarla, con lo que hubi\u00e9ramos perdido bastante tiempo.<\/p>\n<p style=\"text-align: justify;\">El refugio est\u00e1 reci\u00e9n reformado, muy moderno y limpio, comida buena y con un magn\u00edfico paisaje como se puede ver en las fotos.<\/p>\n<p style=\"text-align: justify;\">Desde aqu\u00ed enviamos un saludo a las 3 encargadas del refugio : Florence, Patricia y Paula, aunque no creemos que vean esta web, al menos nosotros dejamos constancia de su buen trabajo y amabilidad, que luego reflejaremos en su web si podemos o al menos en Google, ya que aunque sea adelantar acontecimientos, el segundo d\u00eda tambi\u00e9n nos encontraron sitio para dormir.<\/p>\n<p style=\"text-align: justify;\">Cuando llegamos, comimos algo ya que en la subida s\u00f3lo hab\u00edamos comido una naranja a medias, y despu\u00e9s dimos la vuelta completa al lago (m\u00e1s o menos 1 km.\u00a0 no incluido en el track), y descansamos un poco al sol.<\/p>\n<p>&nbsp;<\/p>\n<hr \/>\n<p><strong>Album de fotos<\/strong><\/p>\n<p><a href=\"https:\/\/photos.app.goo.gl\/LQGJn6kTW2FRckWh7\" target=\"_blank\" rel=\"noopener\"><img loading=\"lazy\" decoding=\"async\" class=\"size-medium wp-image-20012 aligncenter\" src=\"https:\/\/www.carlosyconchita.net\/rutas\/wp-content\/uploads\/2024\/07\/B-278-RefugioArlet-00040-300x169.jpg\" alt=\"\" width=\"300\" height=\"169\" srcset=\"https:\/\/www.carlosyconchita.net\/rutas\/wp-content\/uploads\/2024\/07\/B-278-RefugioArlet-00040-300x169.jpg 300w, https:\/\/www.carlosyconchita.net\/rutas\/wp-content\/uploads\/2024\/07\/B-278-RefugioArlet-00040-600x338.jpg 600w, https:\/\/www.carlosyconchita.net\/rutas\/wp-content\/uploads\/2024\/07\/B-278-RefugioArlet-00040-768x433.jpg 768w, https:\/\/www.carlosyconchita.net\/rutas\/wp-content\/uploads\/2024\/07\/B-278-RefugioArlet-00040.jpg 1024w\" sizes=\"auto, (max-width: 300px) 100vw, 300px\" \/><\/a><\/p>\n<hr \/>\n<h4><\/h4>\n<p><strong>Distancia total<\/strong> :\u00a0\u00a0\u00a0 7.165 \u00a0 m<span class=\"totlen\"><span class=\"summaryvalue\">.\u00a0\u00a0\u00a0\u00a0\u00a0\u00a0\u00a0\u00a0\u00a0\u00a0\u00a0\u00a0\u00a0\u00a0\u00a0\u00a0\u00a0\u00a0\u00a0\u00a0\u00a0 <strong>Alturas m\u00edn\/m\u00e1x. :\u00a0<\/strong> \u00a0\u00a0 1.353 m. \/\u00a0 2.111 m.<br \/>\n<\/span><\/span><\/p>\n<p><strong>\u00a0<\/strong><strong>Desnivel acumulado (s\/Wikiloc)<\/strong> :\u00a0 \u00a0 +754\u00a0 m. \/\u00a0 -116 m.<\/p>\n<p><strong>Desnivel acumulado (s\/GPS Visualizer )<\/strong> :\u00a0 \u00a0\u00a0 +803 m.\u00a0 \/ -161\u00a0 m.<\/p>\n<p>&nbsp;<\/p>\n<hr \/>\n<h4><\/h4>\n<h4><strong>Mapa y track de la ruta<\/strong><\/h4>\n<p style=\"text-align: center;\"><strong><span style=\"color: #ff0000;\">Pulsando sobre los waypoints del mapa, se puede ver una foto del sitio.<\/span><\/strong><\/p>\n<p><a href=\"https:\/\/www.carlosyconchita.net\/rutas\/wp-content\/uploads\/gpx\/B-278-Arlet.html\" target=\"_blank\" rel=\"noopener\"><img loading=\"lazy\" decoding=\"async\" class=\"aligncenter wp-image-16466\" src=\"https:\/\/www.carlosyconchita.net\/rutas\/wp-content\/uploads\/2021\/09\/mapa2.jpg\" alt=\"\" width=\"0185\" height=\"185\" srcset=\"https:\/\/www.carlosyconchita.net\/rutas\/wp-content\/uploads\/2021\/09\/mapa2.jpg 225w, https:\/\/www.carlosyconchita.net\/rutas\/wp-content\/uploads\/2021\/09\/mapa2-120x120.jpg 120w\" sizes=\"auto, (max-width: 185px) 100vw, 185px\" \/><\/a><\/p>\n<hr \/>\n<p><strong>Wikiloc\u00a0\u00a0\u00a0 <\/strong><strong><br \/>\n<\/strong><br \/>\n<a href=\"https:\/\/es.wikiloc.com\/rutas-senderismo\/borna-o-mojon-fronterizo-278-y-refugio-de-arlet-178994868\" target=\"_blank\" rel=\"noopener\"><img loading=\"lazy\" decoding=\"async\" class=\"aligncenter size-full wp-image-958\" src=\"https:\/\/www.carlosyconchita.net\/rutas\/wp-content\/uploads\/2020\/09\/wikiloc.jpg\" alt=\"\" width=\"117\" height=\"34\" \/><\/a><\/p>\n<hr \/>\n<p style=\"text-align: justify;\"><span style=\"color: #ff0000; background-color: #ffffff; font-size: 14pt;\"><strong>Si te ha gustado o tienes alguna consulta,\u00a0 env\u00edanos tu comentario.<br \/>\n<\/strong><\/span><\/p>\n<p style=\"text-align: justify;\"><span style=\"font-size: 14pt;\"><strong><span style=\"color: #ff0000;\">Muchas gracias !<\/span><\/strong><\/span><\/p>\n<hr \/>\n<p style=\"text-align: justify;\"><strong><span style=\"color: #008000;\">Suscribete si quieres recibir un mail cuando publiquemos nuevas rutas : no enviamos publicidad y como m\u00e1ximo enviamos 2 mails al mes<\/span><\/strong><\/p>\n<p style=\"text-align: center;\"><a href=\"https:\/\/mailchi.mp\/6989c83a3e24\/wmv06rtqcz\/\" target=\"_blank\" rel=\"noopener noreferrer\"><strong><span style=\"color: #0000ff;\">Pulsa aqu\u00ed para suscribirte<\/span><\/strong><\/a><\/p>\n<hr \/>\n<h3 style=\"text-align: justify;\">Puedes imprimir esta publicaci\u00f3n o guardarla en diferentes formatos :<\/h3>\n<p style=\"text-align: justify;\"><span style=\"color: #ff0000; font-size: 14pt;\">Para facilitar la impresi\u00f3n, hemos reducido considerablemente el tama\u00f1o de las fotos, pero si deseas imprimir sin fotos, aconsejamos guardarlo como \u201cdoc\u201d, y antes de imprimirlo, eliminar las fotos<\/span><\/p>\n<p>&nbsp;<\/p>\n","protected":false},"excerpt":{"rendered":"<p>&nbsp; 575 bornas (n\u00fameros)\u00a0 localizadas\u00a0 del total de 602 existentes, nos faltan s\u00f3lo 27 694\u00a0 bornas (piedras) localizadas\u00a0 del total de 723 existentes, nos faltan s\u00f3lo 29 Ver recuento de bornas en la p\u00e1gina principal :\u00a0 Bornas pendientes Enlace al album de fotos de las bornas :\u00a0\u00a0\u00a0\u00a0 Fotos bornas &nbsp; Para llegar al punto donde [&hellip;]<\/p>\n","protected":false},"author":50,"featured_media":20012,"comment_status":"open","ping_status":"open","sticky":false,"template":"","format":"standard","meta":{"footnotes":""},"categories":[22,12,90,74],"tags":[],"class_list":{"0":"post-20010","1":"post","2":"type-post","3":"status-publish","4":"format-standard","5":"has-post-thumbnail","6":"hentry","7":"category-de-05-a-10-km","8":"category-dificil","9":"category-huesca","10":"category-0-mojones-bornas-frontera","12":"post-with-thumbnail","13":"post-with-thumbnail-icon"},"yoast_head":"<!-- This site is optimized with the Yoast SEO plugin v27.5 - https:\/\/yoast.com\/product\/yoast-seo-wordpress\/ -->\n<title>08-07-2024-Borna 278 y Refugio Arlet -<\/title>\n<meta name=\"robots\" content=\"index, follow, max-snippet:-1, max-image-preview:large, max-video-preview:-1\" \/>\n<link rel=\"canonical\" href=\"https:\/\/www.carlosyconchita.net\/rutas\/08-07-2024-borna-278-y-refugio-arlet\/\" \/>\n<meta property=\"og:locale\" content=\"es_ES\" \/>\n<meta property=\"og:type\" content=\"article\" \/>\n<meta property=\"og:title\" content=\"08-07-2024-Borna 278 y Refugio Arlet -\" \/>\n<meta property=\"og:description\" content=\"&nbsp; 575 bornas (n\u00fameros)\u00a0 localizadas\u00a0 del total de 602 existentes, nos faltan s\u00f3lo 27 694\u00a0 bornas (piedras) localizadas\u00a0 del total de 723 existentes, nos faltan s\u00f3lo 29 Ver recuento de bornas en la p\u00e1gina principal :\u00a0 Bornas pendientes Enlace al album de fotos de las bornas :\u00a0\u00a0\u00a0\u00a0 Fotos bornas &nbsp; Para llegar al punto donde [&hellip;]\" \/>\n<meta property=\"og:url\" content=\"https:\/\/www.carlosyconchita.net\/rutas\/08-07-2024-borna-278-y-refugio-arlet\/\" \/>\n<meta property=\"og:site_name\" content=\"Las rutas de Carlos y Conchita\" \/>\n<meta property=\"article:published_time\" content=\"2024-07-08T15:15:22+00:00\" \/>\n<meta property=\"article:modified_time\" content=\"2024-08-22T15:09:59+00:00\" \/>\n<meta property=\"og:image\" content=\"https:\/\/www.carlosyconchita.net\/rutas\/wp-content\/uploads\/2024\/07\/B-278-RefugioArlet-00040.jpg\" \/>\n\t<meta property=\"og:image:width\" content=\"1024\" \/>\n\t<meta property=\"og:image:height\" content=\"577\" \/>\n\t<meta property=\"og:image:type\" content=\"image\/jpeg\" \/>\n<meta name=\"author\" content=\"Carlos Conchita\" \/>\n<meta name=\"twitter:label1\" content=\"Escrito por\" \/>\n\t<meta name=\"twitter:data1\" content=\"Carlos Conchita\" \/>\n\t<meta name=\"twitter:label2\" content=\"Tiempo de lectura\" \/>\n\t<meta name=\"twitter:data2\" content=\"5 minutos\" \/>\n<script type=\"application\/ld+json\" class=\"yoast-schema-graph\">{\"@context\":\"https:\\\/\\\/schema.org\",\"@graph\":[{\"@type\":\"Article\",\"@id\":\"https:\\\/\\\/www.carlosyconchita.net\\\/rutas\\\/08-07-2024-borna-278-y-refugio-arlet\\\/#article\",\"isPartOf\":{\"@id\":\"https:\\\/\\\/www.carlosyconchita.net\\\/rutas\\\/08-07-2024-borna-278-y-refugio-arlet\\\/\"},\"author\":{\"name\":\"Carlos Conchita\",\"@id\":\"https:\\\/\\\/www.carlosyconchita.net\\\/rutas\\\/#\\\/schema\\\/person\\\/a9691f7258c28443fab2d3aa1479ea19\"},\"headline\":\"08-07-2024-Borna 278 y Refugio Arlet\",\"datePublished\":\"2024-07-08T15:15:22+00:00\",\"dateModified\":\"2024-08-22T15:09:59+00:00\",\"mainEntityOfPage\":{\"@id\":\"https:\\\/\\\/www.carlosyconchita.net\\\/rutas\\\/08-07-2024-borna-278-y-refugio-arlet\\\/\"},\"wordCount\":906,\"commentCount\":0,\"image\":{\"@id\":\"https:\\\/\\\/www.carlosyconchita.net\\\/rutas\\\/08-07-2024-borna-278-y-refugio-arlet\\\/#primaryimage\"},\"thumbnailUrl\":\"https:\\\/\\\/www.carlosyconchita.net\\\/rutas\\\/wp-content\\\/uploads\\\/2024\\\/07\\\/B-278-RefugioArlet-00040.jpg\",\"articleSection\":[\"2 - De 5 a 10 km.\",\"3-Dif\u00edcil\",\"Huesca\",\"Mojones \\\/ Bornas frontera ES-FR\"],\"inLanguage\":\"es\",\"potentialAction\":[{\"@type\":\"CommentAction\",\"name\":\"Comment\",\"target\":[\"https:\\\/\\\/www.carlosyconchita.net\\\/rutas\\\/08-07-2024-borna-278-y-refugio-arlet\\\/#respond\"]}]},{\"@type\":\"WebPage\",\"@id\":\"https:\\\/\\\/www.carlosyconchita.net\\\/rutas\\\/08-07-2024-borna-278-y-refugio-arlet\\\/\",\"url\":\"https:\\\/\\\/www.carlosyconchita.net\\\/rutas\\\/08-07-2024-borna-278-y-refugio-arlet\\\/\",\"name\":\"08-07-2024-Borna 278 y Refugio Arlet -\",\"isPartOf\":{\"@id\":\"https:\\\/\\\/www.carlosyconchita.net\\\/rutas\\\/#website\"},\"primaryImageOfPage\":{\"@id\":\"https:\\\/\\\/www.carlosyconchita.net\\\/rutas\\\/08-07-2024-borna-278-y-refugio-arlet\\\/#primaryimage\"},\"image\":{\"@id\":\"https:\\\/\\\/www.carlosyconchita.net\\\/rutas\\\/08-07-2024-borna-278-y-refugio-arlet\\\/#primaryimage\"},\"thumbnailUrl\":\"https:\\\/\\\/www.carlosyconchita.net\\\/rutas\\\/wp-content\\\/uploads\\\/2024\\\/07\\\/B-278-RefugioArlet-00040.jpg\",\"datePublished\":\"2024-07-08T15:15:22+00:00\",\"dateModified\":\"2024-08-22T15:09:59+00:00\",\"author\":{\"@id\":\"https:\\\/\\\/www.carlosyconchita.net\\\/rutas\\\/#\\\/schema\\\/person\\\/a9691f7258c28443fab2d3aa1479ea19\"},\"breadcrumb\":{\"@id\":\"https:\\\/\\\/www.carlosyconchita.net\\\/rutas\\\/08-07-2024-borna-278-y-refugio-arlet\\\/#breadcrumb\"},\"inLanguage\":\"es\",\"potentialAction\":[{\"@type\":\"ReadAction\",\"target\":[\"https:\\\/\\\/www.carlosyconchita.net\\\/rutas\\\/08-07-2024-borna-278-y-refugio-arlet\\\/\"]}]},{\"@type\":\"ImageObject\",\"inLanguage\":\"es\",\"@id\":\"https:\\\/\\\/www.carlosyconchita.net\\\/rutas\\\/08-07-2024-borna-278-y-refugio-arlet\\\/#primaryimage\",\"url\":\"https:\\\/\\\/www.carlosyconchita.net\\\/rutas\\\/wp-content\\\/uploads\\\/2024\\\/07\\\/B-278-RefugioArlet-00040.jpg\",\"contentUrl\":\"https:\\\/\\\/www.carlosyconchita.net\\\/rutas\\\/wp-content\\\/uploads\\\/2024\\\/07\\\/B-278-RefugioArlet-00040.jpg\",\"width\":1024,\"height\":577},{\"@type\":\"BreadcrumbList\",\"@id\":\"https:\\\/\\\/www.carlosyconchita.net\\\/rutas\\\/08-07-2024-borna-278-y-refugio-arlet\\\/#breadcrumb\",\"itemListElement\":[{\"@type\":\"ListItem\",\"position\":1,\"name\":\"Portada\",\"item\":\"https:\\\/\\\/www.carlosyconchita.net\\\/rutas\\\/\"},{\"@type\":\"ListItem\",\"position\":2,\"name\":\"08-07-2024-Borna 278 y Refugio Arlet\"}]},{\"@type\":\"WebSite\",\"@id\":\"https:\\\/\\\/www.carlosyconchita.net\\\/rutas\\\/#website\",\"url\":\"https:\\\/\\\/www.carlosyconchita.net\\\/rutas\\\/\",\"name\":\"Las rutas de Carlos y Conchita\",\"description\":\"\",\"potentialAction\":[{\"@type\":\"SearchAction\",\"target\":{\"@type\":\"EntryPoint\",\"urlTemplate\":\"https:\\\/\\\/www.carlosyconchita.net\\\/rutas\\\/?s={search_term_string}\"},\"query-input\":{\"@type\":\"PropertyValueSpecification\",\"valueRequired\":true,\"valueName\":\"search_term_string\"}}],\"inLanguage\":\"es\"},{\"@type\":\"Person\",\"@id\":\"https:\\\/\\\/www.carlosyconchita.net\\\/rutas\\\/#\\\/schema\\\/person\\\/a9691f7258c28443fab2d3aa1479ea19\",\"name\":\"Carlos Conchita\",\"image\":{\"@type\":\"ImageObject\",\"inLanguage\":\"es\",\"@id\":\"https:\\\/\\\/secure.gravatar.com\\\/avatar\\\/3a4625b20c8da3de99da69bfe7a322774e291c3f90dce7e8778a30fe6748ed1a?s=96&d=mm&r=g\",\"url\":\"https:\\\/\\\/secure.gravatar.com\\\/avatar\\\/3a4625b20c8da3de99da69bfe7a322774e291c3f90dce7e8778a30fe6748ed1a?s=96&d=mm&r=g\",\"contentUrl\":\"https:\\\/\\\/secure.gravatar.com\\\/avatar\\\/3a4625b20c8da3de99da69bfe7a322774e291c3f90dce7e8778a30fe6748ed1a?s=96&d=mm&r=g\",\"caption\":\"Carlos Conchita\"}}]}<\/script>\n<!-- \/ Yoast SEO plugin. -->","yoast_head_json":{"title":"08-07-2024-Borna 278 y Refugio Arlet -","robots":{"index":"index","follow":"follow","max-snippet":"max-snippet:-1","max-image-preview":"max-image-preview:large","max-video-preview":"max-video-preview:-1"},"canonical":"https:\/\/www.carlosyconchita.net\/rutas\/08-07-2024-borna-278-y-refugio-arlet\/","og_locale":"es_ES","og_type":"article","og_title":"08-07-2024-Borna 278 y Refugio Arlet -","og_description":"&nbsp; 575 bornas (n\u00fameros)\u00a0 localizadas\u00a0 del total de 602 existentes, nos faltan s\u00f3lo 27 694\u00a0 bornas (piedras) localizadas\u00a0 del total de 723 existentes, nos faltan s\u00f3lo 29 Ver recuento de bornas en la p\u00e1gina principal :\u00a0 Bornas pendientes Enlace al album de fotos de las bornas :\u00a0\u00a0\u00a0\u00a0 Fotos bornas &nbsp; Para llegar al punto donde [&hellip;]","og_url":"https:\/\/www.carlosyconchita.net\/rutas\/08-07-2024-borna-278-y-refugio-arlet\/","og_site_name":"Las rutas de Carlos y Conchita","article_published_time":"2024-07-08T15:15:22+00:00","article_modified_time":"2024-08-22T15:09:59+00:00","og_image":[{"width":1024,"height":577,"url":"https:\/\/www.carlosyconchita.net\/rutas\/wp-content\/uploads\/2024\/07\/B-278-RefugioArlet-00040.jpg","type":"image\/jpeg"}],"author":"Carlos Conchita","twitter_misc":{"Escrito por":"Carlos Conchita","Tiempo de lectura":"5 minutos"},"schema":{"@context":"https:\/\/schema.org","@graph":[{"@type":"Article","@id":"https:\/\/www.carlosyconchita.net\/rutas\/08-07-2024-borna-278-y-refugio-arlet\/#article","isPartOf":{"@id":"https:\/\/www.carlosyconchita.net\/rutas\/08-07-2024-borna-278-y-refugio-arlet\/"},"author":{"name":"Carlos Conchita","@id":"https:\/\/www.carlosyconchita.net\/rutas\/#\/schema\/person\/a9691f7258c28443fab2d3aa1479ea19"},"headline":"08-07-2024-Borna 278 y Refugio Arlet","datePublished":"2024-07-08T15:15:22+00:00","dateModified":"2024-08-22T15:09:59+00:00","mainEntityOfPage":{"@id":"https:\/\/www.carlosyconchita.net\/rutas\/08-07-2024-borna-278-y-refugio-arlet\/"},"wordCount":906,"commentCount":0,"image":{"@id":"https:\/\/www.carlosyconchita.net\/rutas\/08-07-2024-borna-278-y-refugio-arlet\/#primaryimage"},"thumbnailUrl":"https:\/\/www.carlosyconchita.net\/rutas\/wp-content\/uploads\/2024\/07\/B-278-RefugioArlet-00040.jpg","articleSection":["2 - De 5 a 10 km.","3-Dif\u00edcil","Huesca","Mojones \/ Bornas frontera ES-FR"],"inLanguage":"es","potentialAction":[{"@type":"CommentAction","name":"Comment","target":["https:\/\/www.carlosyconchita.net\/rutas\/08-07-2024-borna-278-y-refugio-arlet\/#respond"]}]},{"@type":"WebPage","@id":"https:\/\/www.carlosyconchita.net\/rutas\/08-07-2024-borna-278-y-refugio-arlet\/","url":"https:\/\/www.carlosyconchita.net\/rutas\/08-07-2024-borna-278-y-refugio-arlet\/","name":"08-07-2024-Borna 278 y Refugio Arlet -","isPartOf":{"@id":"https:\/\/www.carlosyconchita.net\/rutas\/#website"},"primaryImageOfPage":{"@id":"https:\/\/www.carlosyconchita.net\/rutas\/08-07-2024-borna-278-y-refugio-arlet\/#primaryimage"},"image":{"@id":"https:\/\/www.carlosyconchita.net\/rutas\/08-07-2024-borna-278-y-refugio-arlet\/#primaryimage"},"thumbnailUrl":"https:\/\/www.carlosyconchita.net\/rutas\/wp-content\/uploads\/2024\/07\/B-278-RefugioArlet-00040.jpg","datePublished":"2024-07-08T15:15:22+00:00","dateModified":"2024-08-22T15:09:59+00:00","author":{"@id":"https:\/\/www.carlosyconchita.net\/rutas\/#\/schema\/person\/a9691f7258c28443fab2d3aa1479ea19"},"breadcrumb":{"@id":"https:\/\/www.carlosyconchita.net\/rutas\/08-07-2024-borna-278-y-refugio-arlet\/#breadcrumb"},"inLanguage":"es","potentialAction":[{"@type":"ReadAction","target":["https:\/\/www.carlosyconchita.net\/rutas\/08-07-2024-borna-278-y-refugio-arlet\/"]}]},{"@type":"ImageObject","inLanguage":"es","@id":"https:\/\/www.carlosyconchita.net\/rutas\/08-07-2024-borna-278-y-refugio-arlet\/#primaryimage","url":"https:\/\/www.carlosyconchita.net\/rutas\/wp-content\/uploads\/2024\/07\/B-278-RefugioArlet-00040.jpg","contentUrl":"https:\/\/www.carlosyconchita.net\/rutas\/wp-content\/uploads\/2024\/07\/B-278-RefugioArlet-00040.jpg","width":1024,"height":577},{"@type":"BreadcrumbList","@id":"https:\/\/www.carlosyconchita.net\/rutas\/08-07-2024-borna-278-y-refugio-arlet\/#breadcrumb","itemListElement":[{"@type":"ListItem","position":1,"name":"Portada","item":"https:\/\/www.carlosyconchita.net\/rutas\/"},{"@type":"ListItem","position":2,"name":"08-07-2024-Borna 278 y Refugio Arlet"}]},{"@type":"WebSite","@id":"https:\/\/www.carlosyconchita.net\/rutas\/#website","url":"https:\/\/www.carlosyconchita.net\/rutas\/","name":"Las rutas de Carlos y Conchita","description":"","potentialAction":[{"@type":"SearchAction","target":{"@type":"EntryPoint","urlTemplate":"https:\/\/www.carlosyconchita.net\/rutas\/?s={search_term_string}"},"query-input":{"@type":"PropertyValueSpecification","valueRequired":true,"valueName":"search_term_string"}}],"inLanguage":"es"},{"@type":"Person","@id":"https:\/\/www.carlosyconchita.net\/rutas\/#\/schema\/person\/a9691f7258c28443fab2d3aa1479ea19","name":"Carlos Conchita","image":{"@type":"ImageObject","inLanguage":"es","@id":"https:\/\/secure.gravatar.com\/avatar\/3a4625b20c8da3de99da69bfe7a322774e291c3f90dce7e8778a30fe6748ed1a?s=96&d=mm&r=g","url":"https:\/\/secure.gravatar.com\/avatar\/3a4625b20c8da3de99da69bfe7a322774e291c3f90dce7e8778a30fe6748ed1a?s=96&d=mm&r=g","contentUrl":"https:\/\/secure.gravatar.com\/avatar\/3a4625b20c8da3de99da69bfe7a322774e291c3f90dce7e8778a30fe6748ed1a?s=96&d=mm&r=g","caption":"Carlos Conchita"}}]}},"_links":{"self":[{"href":"https:\/\/www.carlosyconchita.net\/rutas\/wp-json\/wp\/v2\/posts\/20010","targetHints":{"allow":["GET"]}}],"collection":[{"href":"https:\/\/www.carlosyconchita.net\/rutas\/wp-json\/wp\/v2\/posts"}],"about":[{"href":"https:\/\/www.carlosyconchita.net\/rutas\/wp-json\/wp\/v2\/types\/post"}],"author":[{"embeddable":true,"href":"https:\/\/www.carlosyconchita.net\/rutas\/wp-json\/wp\/v2\/users\/50"}],"replies":[{"embeddable":true,"href":"https:\/\/www.carlosyconchita.net\/rutas\/wp-json\/wp\/v2\/comments?post=20010"}],"version-history":[{"count":4,"href":"https:\/\/www.carlosyconchita.net\/rutas\/wp-json\/wp\/v2\/posts\/20010\/revisions"}],"predecessor-version":[{"id":20100,"href":"https:\/\/www.carlosyconchita.net\/rutas\/wp-json\/wp\/v2\/posts\/20010\/revisions\/20100"}],"wp:featuredmedia":[{"embeddable":true,"href":"https:\/\/www.carlosyconchita.net\/rutas\/wp-json\/wp\/v2\/media\/20012"}],"wp:attachment":[{"href":"https:\/\/www.carlosyconchita.net\/rutas\/wp-json\/wp\/v2\/media?parent=20010"}],"wp:term":[{"taxonomy":"category","embeddable":true,"href":"https:\/\/www.carlosyconchita.net\/rutas\/wp-json\/wp\/v2\/categories?post=20010"},{"taxonomy":"post_tag","embeddable":true,"href":"https:\/\/www.carlosyconchita.net\/rutas\/wp-json\/wp\/v2\/tags?post=20010"}],"curies":[{"name":"wp","href":"https:\/\/api.w.org\/{rel}","templated":true}]}}