{"id":20126,"date":"2024-09-04T17:45:05","date_gmt":"2024-09-04T16:45:05","guid":{"rendered":"https:\/\/www.carlosyconchita.net\/rutas\/?p=20126"},"modified":"2025-10-26T12:31:58","modified_gmt":"2025-10-26T11:31:58","slug":"04-09-2024-bornas-292-293-294-295","status":"publish","type":"post","link":"https:\/\/www.carlosyconchita.net\/rutas\/04-09-2024-bornas-292-293-294-295\/","title":{"rendered":"04-09-2024-Bornas 292-293-294-295"},"content":{"rendered":"<p style=\"text-align: center;\"><span style=\"color: #ff0000;\"><cite>588\u00a0 bornas (n\u00fameros)\u00a0 localizadas\u00a0 del total de 602 existentes, nos faltan s\u00f3lo 14<\/cite><\/span><\/p>\n<p style=\"text-align: center;\"><em><span style=\"color: #ff0000;\">708\u00a0 bornas (piedras) localizadas del total de 723 existentes, nos faltan s\u00f3lo 15<\/span><br \/>\n<\/em><\/p>\n<p>&nbsp;<\/p>\n<p style=\"text-align: center;\">(ver recuento de bornas en la p\u00e1gina principal :\u00a0 Bornas pendientes<\/p>\n<p style=\"text-align: center;\">Enlace al album de fotos de las bornas :\u00a0\u00a0\u00a0\u00a0<strong><a href=\"https:\/\/www.carlosyconchita.net\/rutas\/bornas-es-fr-fotos\/\" target=\"_blank\" rel=\"noopener\"> Fotos bornas<\/a><\/strong><\/p>\n<hr \/>\n<p>&nbsp;<\/p>\n<p style=\"text-align: center;\">Misma ruta en la web de Eef\u00a0 \u00a0:\u00a0 \u00a0<a href=\"https:\/\/www.grpdesbf.nl\/esfr-html-trips-20240904.html\" target=\"_blank\" rel=\"noopener\"><strong><span style=\"color: #3366ff;\">Ver enlace\u00a0<\/span><\/strong><\/a><\/p>\n<p>&nbsp;<\/p>\n<p style=\"text-align: justify;\">Hoy hemos hecho una muy remojada excursi\u00f3n con Eef para llegar a las bornas 294 y 295 que ten\u00edamos pendientes, pero ya que el camino pasaba por la 292 y la 293 que ya ten\u00edamos localizadas, hemos hecho tambi\u00e9n las consabidas fotos.<\/p>\n<p style=\"text-align: justify;\">Ha estado lloviendo toda la noche, y como se puede ver en las fotos, hemos salido tambi\u00e9n lloviendo, pero dado que nosotros ya conoc\u00edamos casi todo el recorrido y no ten\u00eda ninguna dificultad especial, y que era el \u00faltimo d\u00eda de caminatas, y despu\u00e9s ya volv\u00edamos a casa, hemos decidido hacerla\u00a0 a pesar de la lluvia.<\/p>\n<p style=\"text-align: justify;\">Desde el camping de Lesc\u00fan donde est\u00e1bamos, nos dirigimos con el coche a nuestro conocido parking de Sansanet, y como que los primeros kil\u00f3metros son por un amplio y c\u00f3modo camino de subida, hemos salido tambi\u00e9n con los paraguas, aparte de las capelinas.<\/p>\n<p style=\"text-align: justify;\">A la ida nos hemos saltado las B-272 y 273 que ya ten\u00edamos en nuestra colecci\u00f3n, para asegurarnos las otras dos, y el \u00fanico tramo algo complicado ha sido antes de llegar a la B-274, en que nos hemos encontrado una zona con piedras planas inclinadas y resbaladizas con el agua, pero con mucho cuidado hemos podido\u00a0 pasar.<\/p>\n<p style=\"text-align: justify;\">Despu\u00e9s hemos continuado en direcci\u00f3n a la B-275, grabada en una especie de pared de piedra, y aunque no dif\u00edcil de encontrarla, nos ha costado un poco m\u00e1s, debido a alg\u00fan resbal\u00f3n por estar todo muy mojado.<\/p>\n<p style=\"text-align: justify;\">La vuelta ha sido por el mismo camino, y entonces s\u00ed que nos hemos desviado unos metros para volver a fotografiar la B-273, situada en un peque\u00f1o mont\u00edculo separado del camino.<br \/>\nLa B-272 que tambi\u00e9n ya conoc\u00edamos , est\u00e1 pr\u00e1cticamente al inicio del camino de bajada hacia el parking de Sansanet.<\/p>\n<p style=\"text-align: justify;\">Como que al llegar al coche continuaba lloviendo como durante todo el recorrido, y ya era bastante tarde, hemos tenido que comernos el bocata dentro por la lluvia.<\/p>\n<p style=\"text-align: justify;\">En cuanto a la B-296, situada en el Paso de Aspe, a poca distancia de la B-275, que en teor\u00eda quer\u00edamos intentar hacer, ya ni lo hemos intentado, porque est\u00e1 en la parte alta del paso, y en la zona ha habido varios desprendimientos en los \u00faltimos a\u00f1os, por lo que si con buen tiempo ser\u00eda dificil de llegar a ella, con la lluvia hubiera sido imposible, as\u00ed que nos quedar\u00e1 pendiente para el pr\u00f3ximo a\u00f1o.<\/p>\n<hr \/>\n<p>&nbsp;<\/p>\n<p><strong>Distancia total<\/strong> :\u00a0\u00a0\u00a0\u00a0\u00a0 9.831\u00a0\u00a0 \u00a0 m<span class=\"totlen\"><span class=\"summaryvalue\">.\u00a0\u00a0\u00a0\u00a0\u00a0\u00a0\u00a0\u00a0\u00a0\u00a0\u00a0\u00a0\u00a0\u00a0\u00a0\u00a0\u00a0\u00a0\u00a0\u00a0\u00a0 <strong>Alturas m\u00edn\/m\u00e1x. :\u00a0<\/strong> \u00a0 1.312 m. \/\u00a0 1.678 m.<br \/>\n<\/span><\/span><\/p>\n<p><strong>Desnivel acumulado (s\/GPS Visualizer)<\/strong> :\u00a0 \u00a0\u00a0 589 m.<\/p>\n<p><strong>Desnivel acumulado (s\/Wikiloc)<\/strong> :\u00a0 \u00a0 526\u00a0 m.<\/p>\n<p>&nbsp;<\/p>\n<hr \/>\n<p><strong>Album de fotos<\/strong><\/p>\n<p><a href=\"https:\/\/photos.app.goo.gl\/1pswLuGum5EqBMjA7\" target=\"_blank\" rel=\"noopener\"><img loading=\"lazy\" decoding=\"async\" class=\"size-medium wp-image-20127 aligncenter\" src=\"https:\/\/www.carlosyconchita.net\/rutas\/wp-content\/uploads\/2024\/09\/295-1-300x169.jpg\" alt=\"\" width=\"300\" height=\"169\" srcset=\"https:\/\/www.carlosyconchita.net\/rutas\/wp-content\/uploads\/2024\/09\/295-1-300x169.jpg 300w, https:\/\/www.carlosyconchita.net\/rutas\/wp-content\/uploads\/2024\/09\/295-1-600x338.jpg 600w, https:\/\/www.carlosyconchita.net\/rutas\/wp-content\/uploads\/2024\/09\/295-1-768x433.jpg 768w, https:\/\/www.carlosyconchita.net\/rutas\/wp-content\/uploads\/2024\/09\/295-1.jpg 1024w\" sizes=\"auto, (max-width: 300px) 100vw, 300px\" \/><\/a><\/p>\n<p>&nbsp;<\/p>\n<hr \/>\n<h4><strong>Mapa y track de la ruta<\/strong><\/h4>\n<p style=\"text-align: center;\"><strong><span style=\"color: #ff0000;\">Pulsando sobre los waypoints del mapa, se puede ver una foto del sitio.<\/span><\/strong><\/p>\n<p><a href=\"https:\/\/www.carlosyconchita.net\/rutas\/wp-content\/uploads\/gpx\/Bornas-292-295.html\" target=\"_blank\" rel=\"noopener\"><img loading=\"lazy\" decoding=\"async\" class=\"aligncenter wp-image-16466\" src=\"https:\/\/www.carlosyconchita.net\/rutas\/wp-content\/uploads\/2021\/09\/mapa2.jpg\" alt=\"\" width=\"0185\" height=\"185\" srcset=\"https:\/\/www.carlosyconchita.net\/rutas\/wp-content\/uploads\/2021\/09\/mapa2.jpg 225w, https:\/\/www.carlosyconchita.net\/rutas\/wp-content\/uploads\/2021\/09\/mapa2-120x120.jpg 120w\" sizes=\"auto, (max-width: 185px) 100vw, 185px\" \/><\/a><\/p>\n<hr \/>\n<p><strong>Wikiloc\u00a0\u00a0\u00a0 <\/strong><strong><br \/>\n<\/strong><br \/>\n<a href=\"https:\/\/es.wikiloc.com\/rutas-senderismo\/bornas-o-mojones-fronterizos-292-a-295-188413724\" target=\"_blank\" rel=\"noopener\"><img loading=\"lazy\" decoding=\"async\" class=\"aligncenter size-full wp-image-958\" src=\"https:\/\/www.carlosyconchita.net\/rutas\/wp-content\/uploads\/2020\/09\/wikiloc.jpg\" alt=\"\" width=\"117\" height=\"34\" \/><\/a><\/p>\n<hr \/>\n<p>&nbsp;<\/p>\n<p style=\"text-align: justify;\"><span style=\"color: #ff0000; background-color: #ffffff; font-size: 14pt;\"><strong>Si te ha gustado o tienes alguna consulta,\u00a0 env\u00edanos tu comentario.<br \/>\n<\/strong><\/span><\/p>\n<p style=\"text-align: justify;\"><span style=\"font-size: 14pt;\"><strong><span style=\"color: #ff0000;\">Muchas gracias !<\/span><\/strong><\/span><\/p>\n<hr \/>\n<p style=\"text-align: justify;\"><strong><span style=\"color: #008000;\">Suscribete si quieres recibir un mail cuando publiquemos nuevas rutas : no enviamos publicidad y como m\u00e1ximo enviamos 2 mails al mes<\/span><\/strong><\/p>\n<p style=\"text-align: center;\"><a href=\"https:\/\/mailchi.mp\/6989c83a3e24\/wmv06rtqcz\/\" target=\"_blank\" rel=\"noopener noreferrer\"><strong><span style=\"color: #0000ff;\">Pulsa aqu\u00ed para suscribirte<\/span><\/strong><\/a><\/p>\n<hr \/>\n<h3 style=\"text-align: justify;\">Puedes imprimir esta publicaci\u00f3n o guardarla en diferentes formatos :<\/h3>\n<p style=\"text-align: justify;\"><span style=\"color: #ff0000; font-size: 14pt;\">Para facilitar la impresi\u00f3n, hemos reducido considerablemente el tama\u00f1o de las fotos, pero si deseas imprimir sin fotos, aconsejamos guardarlo como \u201cdoc\u201d, y antes de imprimirlo, eliminar las fotos<\/span><\/p>\n<p>&nbsp;<\/p>\n<hr \/>\n","protected":false},"excerpt":{"rendered":"<p>588\u00a0 bornas (n\u00fameros)\u00a0 localizadas\u00a0 del total de 602 existentes, nos faltan s\u00f3lo 14 708\u00a0 bornas (piedras) localizadas del total de 723 existentes, nos faltan s\u00f3lo 15 &nbsp; (ver recuento de bornas en la p\u00e1gina principal :\u00a0 Bornas pendientes Enlace al album de fotos de las bornas :\u00a0\u00a0\u00a0\u00a0 Fotos bornas &nbsp; Misma ruta en la web [&hellip;]<\/p>\n","protected":false},"author":50,"featured_media":20127,"comment_status":"open","ping_status":"open","sticky":false,"template":"","format":"standard","meta":{"footnotes":""},"categories":[22,11,74],"tags":[],"class_list":{"0":"post-20126","1":"post","2":"type-post","3":"status-publish","4":"format-standard","5":"has-post-thumbnail","6":"hentry","7":"category-de-05-a-10-km","8":"category-moderada","9":"category-0-mojones-bornas-frontera","11":"post-with-thumbnail","12":"post-with-thumbnail-icon"},"yoast_head":"<!-- This site is optimized with the Yoast SEO plugin v27.4 - https:\/\/yoast.com\/product\/yoast-seo-wordpress\/ -->\n<title>04-09-2024-Bornas 292-293-294-295 -<\/title>\n<meta name=\"robots\" content=\"index, follow, max-snippet:-1, max-image-preview:large, max-video-preview:-1\" \/>\n<link rel=\"canonical\" href=\"https:\/\/www.carlosyconchita.net\/rutas\/04-09-2024-bornas-292-293-294-295\/\" \/>\n<meta property=\"og:locale\" content=\"es_ES\" \/>\n<meta property=\"og:type\" content=\"article\" \/>\n<meta property=\"og:title\" content=\"04-09-2024-Bornas 292-293-294-295 -\" \/>\n<meta property=\"og:description\" content=\"588\u00a0 bornas (n\u00fameros)\u00a0 localizadas\u00a0 del total de 602 existentes, nos faltan s\u00f3lo 14 708\u00a0 bornas (piedras) localizadas del total de 723 existentes, nos faltan s\u00f3lo 15 &nbsp; (ver recuento de bornas en la p\u00e1gina principal :\u00a0 Bornas pendientes Enlace al album de fotos de las bornas :\u00a0\u00a0\u00a0\u00a0 Fotos bornas &nbsp; Misma ruta en la web [&hellip;]\" \/>\n<meta property=\"og:url\" content=\"https:\/\/www.carlosyconchita.net\/rutas\/04-09-2024-bornas-292-293-294-295\/\" \/>\n<meta property=\"og:site_name\" content=\"Las rutas de Carlos y Conchita\" \/>\n<meta property=\"article:published_time\" content=\"2024-09-04T16:45:05+00:00\" \/>\n<meta property=\"article:modified_time\" content=\"2025-10-26T11:31:58+00:00\" \/>\n<meta property=\"og:image\" content=\"https:\/\/www.carlosyconchita.net\/rutas\/wp-content\/uploads\/2024\/09\/295-1.jpg\" \/>\n\t<meta property=\"og:image:width\" content=\"1024\" \/>\n\t<meta property=\"og:image:height\" content=\"577\" \/>\n\t<meta property=\"og:image:type\" content=\"image\/jpeg\" \/>\n<meta name=\"author\" content=\"Carlos Conchita\" \/>\n<meta name=\"twitter:label1\" content=\"Escrito por\" \/>\n\t<meta name=\"twitter:data1\" content=\"Carlos Conchita\" \/>\n\t<meta name=\"twitter:label2\" content=\"Tiempo de lectura\" \/>\n\t<meta name=\"twitter:data2\" content=\"4 minutos\" \/>\n<script type=\"application\/ld+json\" class=\"yoast-schema-graph\">{\"@context\":\"https:\\\/\\\/schema.org\",\"@graph\":[{\"@type\":\"Article\",\"@id\":\"https:\\\/\\\/www.carlosyconchita.net\\\/rutas\\\/04-09-2024-bornas-292-293-294-295\\\/#article\",\"isPartOf\":{\"@id\":\"https:\\\/\\\/www.carlosyconchita.net\\\/rutas\\\/04-09-2024-bornas-292-293-294-295\\\/\"},\"author\":{\"name\":\"Carlos Conchita\",\"@id\":\"https:\\\/\\\/www.carlosyconchita.net\\\/rutas\\\/#\\\/schema\\\/person\\\/a9691f7258c28443fab2d3aa1479ea19\"},\"headline\":\"04-09-2024-Bornas 292-293-294-295\",\"datePublished\":\"2024-09-04T16:45:05+00:00\",\"dateModified\":\"2025-10-26T11:31:58+00:00\",\"mainEntityOfPage\":{\"@id\":\"https:\\\/\\\/www.carlosyconchita.net\\\/rutas\\\/04-09-2024-bornas-292-293-294-295\\\/\"},\"wordCount\":610,\"commentCount\":0,\"image\":{\"@id\":\"https:\\\/\\\/www.carlosyconchita.net\\\/rutas\\\/04-09-2024-bornas-292-293-294-295\\\/#primaryimage\"},\"thumbnailUrl\":\"https:\\\/\\\/www.carlosyconchita.net\\\/rutas\\\/wp-content\\\/uploads\\\/2024\\\/09\\\/295-1.jpg\",\"articleSection\":[\"2 - De 5 a 10 km.\",\"2-Moderada\",\"Mojones \\\/ Bornas frontera ES-FR\"],\"inLanguage\":\"es\",\"potentialAction\":[{\"@type\":\"CommentAction\",\"name\":\"Comment\",\"target\":[\"https:\\\/\\\/www.carlosyconchita.net\\\/rutas\\\/04-09-2024-bornas-292-293-294-295\\\/#respond\"]}]},{\"@type\":\"WebPage\",\"@id\":\"https:\\\/\\\/www.carlosyconchita.net\\\/rutas\\\/04-09-2024-bornas-292-293-294-295\\\/\",\"url\":\"https:\\\/\\\/www.carlosyconchita.net\\\/rutas\\\/04-09-2024-bornas-292-293-294-295\\\/\",\"name\":\"04-09-2024-Bornas 292-293-294-295 -\",\"isPartOf\":{\"@id\":\"https:\\\/\\\/www.carlosyconchita.net\\\/rutas\\\/#website\"},\"primaryImageOfPage\":{\"@id\":\"https:\\\/\\\/www.carlosyconchita.net\\\/rutas\\\/04-09-2024-bornas-292-293-294-295\\\/#primaryimage\"},\"image\":{\"@id\":\"https:\\\/\\\/www.carlosyconchita.net\\\/rutas\\\/04-09-2024-bornas-292-293-294-295\\\/#primaryimage\"},\"thumbnailUrl\":\"https:\\\/\\\/www.carlosyconchita.net\\\/rutas\\\/wp-content\\\/uploads\\\/2024\\\/09\\\/295-1.jpg\",\"datePublished\":\"2024-09-04T16:45:05+00:00\",\"dateModified\":\"2025-10-26T11:31:58+00:00\",\"author\":{\"@id\":\"https:\\\/\\\/www.carlosyconchita.net\\\/rutas\\\/#\\\/schema\\\/person\\\/a9691f7258c28443fab2d3aa1479ea19\"},\"breadcrumb\":{\"@id\":\"https:\\\/\\\/www.carlosyconchita.net\\\/rutas\\\/04-09-2024-bornas-292-293-294-295\\\/#breadcrumb\"},\"inLanguage\":\"es\",\"potentialAction\":[{\"@type\":\"ReadAction\",\"target\":[\"https:\\\/\\\/www.carlosyconchita.net\\\/rutas\\\/04-09-2024-bornas-292-293-294-295\\\/\"]}]},{\"@type\":\"ImageObject\",\"inLanguage\":\"es\",\"@id\":\"https:\\\/\\\/www.carlosyconchita.net\\\/rutas\\\/04-09-2024-bornas-292-293-294-295\\\/#primaryimage\",\"url\":\"https:\\\/\\\/www.carlosyconchita.net\\\/rutas\\\/wp-content\\\/uploads\\\/2024\\\/09\\\/295-1.jpg\",\"contentUrl\":\"https:\\\/\\\/www.carlosyconchita.net\\\/rutas\\\/wp-content\\\/uploads\\\/2024\\\/09\\\/295-1.jpg\",\"width\":1024,\"height\":577},{\"@type\":\"BreadcrumbList\",\"@id\":\"https:\\\/\\\/www.carlosyconchita.net\\\/rutas\\\/04-09-2024-bornas-292-293-294-295\\\/#breadcrumb\",\"itemListElement\":[{\"@type\":\"ListItem\",\"position\":1,\"name\":\"Portada\",\"item\":\"https:\\\/\\\/www.carlosyconchita.net\\\/rutas\\\/\"},{\"@type\":\"ListItem\",\"position\":2,\"name\":\"04-09-2024-Bornas 292-293-294-295\"}]},{\"@type\":\"WebSite\",\"@id\":\"https:\\\/\\\/www.carlosyconchita.net\\\/rutas\\\/#website\",\"url\":\"https:\\\/\\\/www.carlosyconchita.net\\\/rutas\\\/\",\"name\":\"Las rutas de Carlos y Conchita\",\"description\":\"\",\"potentialAction\":[{\"@type\":\"SearchAction\",\"target\":{\"@type\":\"EntryPoint\",\"urlTemplate\":\"https:\\\/\\\/www.carlosyconchita.net\\\/rutas\\\/?s={search_term_string}\"},\"query-input\":{\"@type\":\"PropertyValueSpecification\",\"valueRequired\":true,\"valueName\":\"search_term_string\"}}],\"inLanguage\":\"es\"},{\"@type\":\"Person\",\"@id\":\"https:\\\/\\\/www.carlosyconchita.net\\\/rutas\\\/#\\\/schema\\\/person\\\/a9691f7258c28443fab2d3aa1479ea19\",\"name\":\"Carlos Conchita\",\"image\":{\"@type\":\"ImageObject\",\"inLanguage\":\"es\",\"@id\":\"https:\\\/\\\/secure.gravatar.com\\\/avatar\\\/3a4625b20c8da3de99da69bfe7a322774e291c3f90dce7e8778a30fe6748ed1a?s=96&d=mm&r=g\",\"url\":\"https:\\\/\\\/secure.gravatar.com\\\/avatar\\\/3a4625b20c8da3de99da69bfe7a322774e291c3f90dce7e8778a30fe6748ed1a?s=96&d=mm&r=g\",\"contentUrl\":\"https:\\\/\\\/secure.gravatar.com\\\/avatar\\\/3a4625b20c8da3de99da69bfe7a322774e291c3f90dce7e8778a30fe6748ed1a?s=96&d=mm&r=g\",\"caption\":\"Carlos Conchita\"}}]}<\/script>\n<!-- \/ Yoast SEO plugin. -->","yoast_head_json":{"title":"04-09-2024-Bornas 292-293-294-295 -","robots":{"index":"index","follow":"follow","max-snippet":"max-snippet:-1","max-image-preview":"max-image-preview:large","max-video-preview":"max-video-preview:-1"},"canonical":"https:\/\/www.carlosyconchita.net\/rutas\/04-09-2024-bornas-292-293-294-295\/","og_locale":"es_ES","og_type":"article","og_title":"04-09-2024-Bornas 292-293-294-295 -","og_description":"588\u00a0 bornas (n\u00fameros)\u00a0 localizadas\u00a0 del total de 602 existentes, nos faltan s\u00f3lo 14 708\u00a0 bornas (piedras) localizadas del total de 723 existentes, nos faltan s\u00f3lo 15 &nbsp; (ver recuento de bornas en la p\u00e1gina principal :\u00a0 Bornas pendientes Enlace al album de fotos de las bornas :\u00a0\u00a0\u00a0\u00a0 Fotos bornas &nbsp; Misma ruta en la web [&hellip;]","og_url":"https:\/\/www.carlosyconchita.net\/rutas\/04-09-2024-bornas-292-293-294-295\/","og_site_name":"Las rutas de Carlos y Conchita","article_published_time":"2024-09-04T16:45:05+00:00","article_modified_time":"2025-10-26T11:31:58+00:00","og_image":[{"width":1024,"height":577,"url":"https:\/\/www.carlosyconchita.net\/rutas\/wp-content\/uploads\/2024\/09\/295-1.jpg","type":"image\/jpeg"}],"author":"Carlos Conchita","twitter_misc":{"Escrito por":"Carlos Conchita","Tiempo de lectura":"4 minutos"},"schema":{"@context":"https:\/\/schema.org","@graph":[{"@type":"Article","@id":"https:\/\/www.carlosyconchita.net\/rutas\/04-09-2024-bornas-292-293-294-295\/#article","isPartOf":{"@id":"https:\/\/www.carlosyconchita.net\/rutas\/04-09-2024-bornas-292-293-294-295\/"},"author":{"name":"Carlos Conchita","@id":"https:\/\/www.carlosyconchita.net\/rutas\/#\/schema\/person\/a9691f7258c28443fab2d3aa1479ea19"},"headline":"04-09-2024-Bornas 292-293-294-295","datePublished":"2024-09-04T16:45:05+00:00","dateModified":"2025-10-26T11:31:58+00:00","mainEntityOfPage":{"@id":"https:\/\/www.carlosyconchita.net\/rutas\/04-09-2024-bornas-292-293-294-295\/"},"wordCount":610,"commentCount":0,"image":{"@id":"https:\/\/www.carlosyconchita.net\/rutas\/04-09-2024-bornas-292-293-294-295\/#primaryimage"},"thumbnailUrl":"https:\/\/www.carlosyconchita.net\/rutas\/wp-content\/uploads\/2024\/09\/295-1.jpg","articleSection":["2 - De 5 a 10 km.","2-Moderada","Mojones \/ Bornas frontera ES-FR"],"inLanguage":"es","potentialAction":[{"@type":"CommentAction","name":"Comment","target":["https:\/\/www.carlosyconchita.net\/rutas\/04-09-2024-bornas-292-293-294-295\/#respond"]}]},{"@type":"WebPage","@id":"https:\/\/www.carlosyconchita.net\/rutas\/04-09-2024-bornas-292-293-294-295\/","url":"https:\/\/www.carlosyconchita.net\/rutas\/04-09-2024-bornas-292-293-294-295\/","name":"04-09-2024-Bornas 292-293-294-295 -","isPartOf":{"@id":"https:\/\/www.carlosyconchita.net\/rutas\/#website"},"primaryImageOfPage":{"@id":"https:\/\/www.carlosyconchita.net\/rutas\/04-09-2024-bornas-292-293-294-295\/#primaryimage"},"image":{"@id":"https:\/\/www.carlosyconchita.net\/rutas\/04-09-2024-bornas-292-293-294-295\/#primaryimage"},"thumbnailUrl":"https:\/\/www.carlosyconchita.net\/rutas\/wp-content\/uploads\/2024\/09\/295-1.jpg","datePublished":"2024-09-04T16:45:05+00:00","dateModified":"2025-10-26T11:31:58+00:00","author":{"@id":"https:\/\/www.carlosyconchita.net\/rutas\/#\/schema\/person\/a9691f7258c28443fab2d3aa1479ea19"},"breadcrumb":{"@id":"https:\/\/www.carlosyconchita.net\/rutas\/04-09-2024-bornas-292-293-294-295\/#breadcrumb"},"inLanguage":"es","potentialAction":[{"@type":"ReadAction","target":["https:\/\/www.carlosyconchita.net\/rutas\/04-09-2024-bornas-292-293-294-295\/"]}]},{"@type":"ImageObject","inLanguage":"es","@id":"https:\/\/www.carlosyconchita.net\/rutas\/04-09-2024-bornas-292-293-294-295\/#primaryimage","url":"https:\/\/www.carlosyconchita.net\/rutas\/wp-content\/uploads\/2024\/09\/295-1.jpg","contentUrl":"https:\/\/www.carlosyconchita.net\/rutas\/wp-content\/uploads\/2024\/09\/295-1.jpg","width":1024,"height":577},{"@type":"BreadcrumbList","@id":"https:\/\/www.carlosyconchita.net\/rutas\/04-09-2024-bornas-292-293-294-295\/#breadcrumb","itemListElement":[{"@type":"ListItem","position":1,"name":"Portada","item":"https:\/\/www.carlosyconchita.net\/rutas\/"},{"@type":"ListItem","position":2,"name":"04-09-2024-Bornas 292-293-294-295"}]},{"@type":"WebSite","@id":"https:\/\/www.carlosyconchita.net\/rutas\/#website","url":"https:\/\/www.carlosyconchita.net\/rutas\/","name":"Las rutas de Carlos y Conchita","description":"","potentialAction":[{"@type":"SearchAction","target":{"@type":"EntryPoint","urlTemplate":"https:\/\/www.carlosyconchita.net\/rutas\/?s={search_term_string}"},"query-input":{"@type":"PropertyValueSpecification","valueRequired":true,"valueName":"search_term_string"}}],"inLanguage":"es"},{"@type":"Person","@id":"https:\/\/www.carlosyconchita.net\/rutas\/#\/schema\/person\/a9691f7258c28443fab2d3aa1479ea19","name":"Carlos Conchita","image":{"@type":"ImageObject","inLanguage":"es","@id":"https:\/\/secure.gravatar.com\/avatar\/3a4625b20c8da3de99da69bfe7a322774e291c3f90dce7e8778a30fe6748ed1a?s=96&d=mm&r=g","url":"https:\/\/secure.gravatar.com\/avatar\/3a4625b20c8da3de99da69bfe7a322774e291c3f90dce7e8778a30fe6748ed1a?s=96&d=mm&r=g","contentUrl":"https:\/\/secure.gravatar.com\/avatar\/3a4625b20c8da3de99da69bfe7a322774e291c3f90dce7e8778a30fe6748ed1a?s=96&d=mm&r=g","caption":"Carlos Conchita"}}]}},"_links":{"self":[{"href":"https:\/\/www.carlosyconchita.net\/rutas\/wp-json\/wp\/v2\/posts\/20126","targetHints":{"allow":["GET"]}}],"collection":[{"href":"https:\/\/www.carlosyconchita.net\/rutas\/wp-json\/wp\/v2\/posts"}],"about":[{"href":"https:\/\/www.carlosyconchita.net\/rutas\/wp-json\/wp\/v2\/types\/post"}],"author":[{"embeddable":true,"href":"https:\/\/www.carlosyconchita.net\/rutas\/wp-json\/wp\/v2\/users\/50"}],"replies":[{"embeddable":true,"href":"https:\/\/www.carlosyconchita.net\/rutas\/wp-json\/wp\/v2\/comments?post=20126"}],"version-history":[{"count":3,"href":"https:\/\/www.carlosyconchita.net\/rutas\/wp-json\/wp\/v2\/posts\/20126\/revisions"}],"predecessor-version":[{"id":21234,"href":"https:\/\/www.carlosyconchita.net\/rutas\/wp-json\/wp\/v2\/posts\/20126\/revisions\/21234"}],"wp:featuredmedia":[{"embeddable":true,"href":"https:\/\/www.carlosyconchita.net\/rutas\/wp-json\/wp\/v2\/media\/20127"}],"wp:attachment":[{"href":"https:\/\/www.carlosyconchita.net\/rutas\/wp-json\/wp\/v2\/media?parent=20126"}],"wp:term":[{"taxonomy":"category","embeddable":true,"href":"https:\/\/www.carlosyconchita.net\/rutas\/wp-json\/wp\/v2\/categories?post=20126"},{"taxonomy":"post_tag","embeddable":true,"href":"https:\/\/www.carlosyconchita.net\/rutas\/wp-json\/wp\/v2\/tags?post=20126"}],"curies":[{"name":"wp","href":"https:\/\/api.w.org\/{rel}","templated":true}]}}