{"id":20529,"date":"2024-06-07T17:25:06","date_gmt":"2024-06-07T16:25:06","guid":{"rendered":"https:\/\/www.carlosyconchita.net\/rutas\/?p=20529"},"modified":"2025-01-18T17:35:48","modified_gmt":"2025-01-18T16:35:48","slug":"viaje-vizcaya-pagina-principal","status":"publish","type":"post","link":"https:\/\/www.carlosyconchita.net\/rutas\/viaje-vizcaya-pagina-principal\/","title":{"rendered":"Viaje Vizcaya : p\u00e1gina principal"},"content":{"rendered":"<p>&nbsp;<\/p>\n<hr \/>\n<p class=\"entry-title\"><a href=\"https:\/\/www.carlosyconchita.net\/rutas\/07-06-2024-viaje-y-visita-bilbao\/\" target=\"_blank\" rel=\"noopener\"><span style=\"color: #0000ff;\"><strong>07-06-2024-Viaje y visita Bilbao<\/strong><\/span><\/a><\/p>\n<p class=\"entry-title\"><strong><span style=\"color: #0000ff;\"><a style=\"color: #0000ff;\" href=\"https:\/\/www.carlosyconchita.net\/rutas\/08-06-2024-pico-gorbeia\/\" target=\"_blank\" rel=\"noopener\">08-06-2024-Pico Gorbeia<\/a><\/span><\/strong><\/p>\n<p class=\"entry-title\"><strong><span style=\"color: #0000ff;\"><a style=\"color: #0000ff;\" href=\"https:\/\/www.carlosyconchita.net\/rutas\/09-06-2024-castillo-de-butron-y-elantxobe\/\" target=\"_blank\" rel=\"noopener\">09-06-2024-Castillo de Butr\u00f3n y Elantxobe<\/a><\/span><\/strong><\/p>\n<p class=\"entry-title\"><strong><span style=\"color: #0000ff;\"><a style=\"color: #0000ff;\" href=\"https:\/\/www.carlosyconchita.net\/rutas\/09-06-2024-monte-ogono\/\" target=\"_blank\" rel=\"noopener\">09-06-2024-Monte Ogo\u00f1o<\/a><\/span><\/strong><\/p>\n<p class=\"entry-title\"><strong><span style=\"color: #0000ff;\"><a style=\"color: #0000ff;\" href=\"https:\/\/www.carlosyconchita.net\/rutas\/09-06-2024-visita-a-gernika\/\" target=\"_blank\" rel=\"noopener\">09-06-2024-Visita a Gernika<\/a><\/span><\/strong><\/p>\n<p class=\"entry-title\"><strong><span style=\"color: #0000ff;\"><a style=\"color: #0000ff;\" href=\"https:\/\/www.carlosyconchita.net\/rutas\/10-06-2024-san-juan-de-gaztelugatxe-y-cabo-y-faro-matxixako\/\" target=\"_blank\" rel=\"noopener\">10-06-2024-San Juan de Gaztelugatxe y Cabo y Faro Matxixako<\/a><\/span><\/strong><\/p>\n<p class=\"entry-title\"><strong><span style=\"color: #0000ff;\"><a style=\"color: #0000ff;\" href=\"https:\/\/www.carlosyconchita.net\/rutas\/10-06-2024-visita-bermeo\/\" target=\"_blank\" rel=\"noopener\">10-06-2024-Visita Bermeo<\/a><\/span><\/strong><\/p>\n<p class=\"entry-title\"><strong><span style=\"color: #0000ff;\"><a style=\"color: #0000ff;\" href=\"https:\/\/www.carlosyconchita.net\/rutas\/11-06-2024-santuario-de-urkiola\/\" target=\"_blank\" rel=\"noopener\">11-06-2024-Santuario de Urkiola<\/a><\/span><\/strong><\/p>\n<p class=\"entry-title\"><strong><span style=\"color: #0000ff;\"><a style=\"color: #0000ff;\" href=\"https:\/\/www.carlosyconchita.net\/rutas\/11-06-2024-durango\/\" target=\"_blank\" rel=\"noopener\">11-06-2024-Durango<\/a><\/span><\/strong><\/p>\n<p class=\"entry-title\"><strong><span style=\"color: #0000ff;\"><a style=\"color: #0000ff;\" href=\"https:\/\/www.carlosyconchita.net\/rutas\/11-06-2024-necropolis-de-argineta-y-visita-a-elorrio\/\" target=\"_blank\" rel=\"noopener\">11-06-2024-Necr\u00f3polis de Argi\u00f1etay visita a Elorrio<\/a><\/span><\/strong><\/p>\n<p class=\"entry-title\"><strong><span style=\"color: #0000ff;\"><a style=\"color: #0000ff;\" href=\"https:\/\/www.carlosyconchita.net\/rutas\/11-06-2024-getxo-puente-colgante\/\" target=\"_blank\" rel=\"noopener\">11-06-2024-Puente colgante Getxo-Portugalete<\/a><\/span><\/strong><\/p>\n<header class=\"entry-header\">\n<p class=\"entry-title\"><strong><span style=\"color: #0000ff;\"><a style=\"color: #0000ff;\" href=\"https:\/\/www.carlosyconchita.net\/rutas\/12-06-2024-salto-del-rio-nervion-y-monte-santiago\/\" target=\"_blank\" rel=\"noopener\">12-06-2024-Salto del r\u00edo Nervi\u00f3n y monte Santiago<\/a><\/span><\/strong><\/p>\n<p class=\"entry-title\"><strong><span style=\"color: #0000ff;\"><a style=\"color: #0000ff;\" href=\"https:\/\/www.carlosyconchita.net\/rutas\/12-06-2024-cascada-de-gujuli\/\" target=\"_blank\" rel=\"noopener\">12-06-2024-Cascada de Gujuli<\/a><\/span><\/strong><\/p>\n<p class=\"entry-title\"><strong><span style=\"color: #0000ff;\"><a style=\"color: #0000ff;\" href=\"https:\/\/www.carlosyconchita.net\/rutas\/13-06-2024-urkiola-subida-al-saibi-y-fiesta\/\" target=\"_blank\" rel=\"noopener\">13-06-2024-Urkiola : subida al Saibi y fiesta<\/a><\/span><\/strong><\/p>\n<\/header>\n","protected":false},"excerpt":{"rendered":"<p>&nbsp; 07-06-2024-Viaje y visita Bilbao 08-06-2024-Pico Gorbeia 09-06-2024-Castillo de Butr\u00f3n y Elantxobe 09-06-2024-Monte Ogo\u00f1o 09-06-2024-Visita a Gernika 10-06-2024-San Juan de Gaztelugatxe y Cabo y Faro Matxixako 10-06-2024-Visita Bermeo 11-06-2024-Santuario de Urkiola 11-06-2024-Durango 11-06-2024-Necr\u00f3polis de Argi\u00f1etay visita a Elorrio 11-06-2024-Puente colgante Getxo-Portugalete 12-06-2024-Salto del r\u00edo Nervi\u00f3n y monte Santiago 12-06-2024-Cascada de Gujuli 13-06-2024-Urkiola : subida al [&hellip;]<\/p>\n","protected":false},"author":50,"featured_media":20462,"comment_status":"open","ping_status":"open","sticky":false,"template":"","format":"standard","meta":{"footnotes":""},"categories":[137],"tags":[],"class_list":{"0":"post-20529","1":"post","2":"type-post","3":"status-publish","4":"format-standard","5":"has-post-thumbnail","6":"hentry","7":"category-vizcaya","9":"post-with-thumbnail","10":"post-with-thumbnail-icon"},"yoast_head":"<!-- This site is optimized with the Yoast SEO plugin v27.5 - https:\/\/yoast.com\/product\/yoast-seo-wordpress\/ -->\n<title>Viaje Vizcaya : p\u00e1gina principal -<\/title>\n<meta name=\"robots\" content=\"index, follow, max-snippet:-1, max-image-preview:large, max-video-preview:-1\" \/>\n<link rel=\"canonical\" href=\"https:\/\/www.carlosyconchita.net\/rutas\/viaje-vizcaya-pagina-principal\/\" \/>\n<meta property=\"og:locale\" content=\"es_ES\" \/>\n<meta property=\"og:type\" content=\"article\" \/>\n<meta property=\"og:title\" content=\"Viaje Vizcaya : p\u00e1gina principal -\" \/>\n<meta property=\"og:description\" content=\"&nbsp; 07-06-2024-Viaje y visita Bilbao 08-06-2024-Pico Gorbeia 09-06-2024-Castillo de Butr\u00f3n y Elantxobe 09-06-2024-Monte Ogo\u00f1o 09-06-2024-Visita a Gernika 10-06-2024-San Juan de Gaztelugatxe y Cabo y Faro Matxixako 10-06-2024-Visita Bermeo 11-06-2024-Santuario de Urkiola 11-06-2024-Durango 11-06-2024-Necr\u00f3polis de Argi\u00f1etay visita a Elorrio 11-06-2024-Puente colgante Getxo-Portugalete 12-06-2024-Salto del r\u00edo Nervi\u00f3n y monte Santiago 12-06-2024-Cascada de Gujuli 13-06-2024-Urkiola : subida al [&hellip;]\" \/>\n<meta property=\"og:url\" content=\"https:\/\/www.carlosyconchita.net\/rutas\/viaje-vizcaya-pagina-principal\/\" \/>\n<meta property=\"og:site_name\" content=\"Las rutas de Carlos y Conchita\" \/>\n<meta property=\"article:published_time\" content=\"2024-06-07T16:25:06+00:00\" \/>\n<meta property=\"article:modified_time\" content=\"2025-01-18T16:35:48+00:00\" \/>\n<meta property=\"og:image\" content=\"https:\/\/www.carlosyconchita.net\/rutas\/wp-content\/uploads\/2025\/01\/Vizcaya-10-00017.jpg\" \/>\n\t<meta property=\"og:image:width\" content=\"1024\" \/>\n\t<meta property=\"og:image:height\" content=\"577\" \/>\n\t<meta property=\"og:image:type\" content=\"image\/jpeg\" \/>\n<meta name=\"author\" content=\"Carlos Conchita\" \/>\n<meta name=\"twitter:label1\" content=\"Escrito por\" \/>\n\t<meta name=\"twitter:data1\" content=\"Carlos Conchita\" \/>\n\t<meta name=\"twitter:label2\" content=\"Tiempo de lectura\" \/>\n\t<meta name=\"twitter:data2\" content=\"1 minuto\" \/>\n<script type=\"application\/ld+json\" class=\"yoast-schema-graph\">{\"@context\":\"https:\\\/\\\/schema.org\",\"@graph\":[{\"@type\":\"Article\",\"@id\":\"https:\\\/\\\/www.carlosyconchita.net\\\/rutas\\\/viaje-vizcaya-pagina-principal\\\/#article\",\"isPartOf\":{\"@id\":\"https:\\\/\\\/www.carlosyconchita.net\\\/rutas\\\/viaje-vizcaya-pagina-principal\\\/\"},\"author\":{\"name\":\"Carlos Conchita\",\"@id\":\"https:\\\/\\\/www.carlosyconchita.net\\\/rutas\\\/#\\\/schema\\\/person\\\/a9691f7258c28443fab2d3aa1479ea19\"},\"headline\":\"Viaje Vizcaya : p\u00e1gina principal\",\"datePublished\":\"2024-06-07T16:25:06+00:00\",\"dateModified\":\"2025-01-18T16:35:48+00:00\",\"mainEntityOfPage\":{\"@id\":\"https:\\\/\\\/www.carlosyconchita.net\\\/rutas\\\/viaje-vizcaya-pagina-principal\\\/\"},\"wordCount\":96,\"commentCount\":0,\"image\":{\"@id\":\"https:\\\/\\\/www.carlosyconchita.net\\\/rutas\\\/viaje-vizcaya-pagina-principal\\\/#primaryimage\"},\"thumbnailUrl\":\"https:\\\/\\\/www.carlosyconchita.net\\\/rutas\\\/wp-content\\\/uploads\\\/2025\\\/01\\\/Vizcaya-10-00017.jpg\",\"articleSection\":[\"Vizcaya\"],\"inLanguage\":\"es\",\"potentialAction\":[{\"@type\":\"CommentAction\",\"name\":\"Comment\",\"target\":[\"https:\\\/\\\/www.carlosyconchita.net\\\/rutas\\\/viaje-vizcaya-pagina-principal\\\/#respond\"]}]},{\"@type\":\"WebPage\",\"@id\":\"https:\\\/\\\/www.carlosyconchita.net\\\/rutas\\\/viaje-vizcaya-pagina-principal\\\/\",\"url\":\"https:\\\/\\\/www.carlosyconchita.net\\\/rutas\\\/viaje-vizcaya-pagina-principal\\\/\",\"name\":\"Viaje Vizcaya : p\u00e1gina principal -\",\"isPartOf\":{\"@id\":\"https:\\\/\\\/www.carlosyconchita.net\\\/rutas\\\/#website\"},\"primaryImageOfPage\":{\"@id\":\"https:\\\/\\\/www.carlosyconchita.net\\\/rutas\\\/viaje-vizcaya-pagina-principal\\\/#primaryimage\"},\"image\":{\"@id\":\"https:\\\/\\\/www.carlosyconchita.net\\\/rutas\\\/viaje-vizcaya-pagina-principal\\\/#primaryimage\"},\"thumbnailUrl\":\"https:\\\/\\\/www.carlosyconchita.net\\\/rutas\\\/wp-content\\\/uploads\\\/2025\\\/01\\\/Vizcaya-10-00017.jpg\",\"datePublished\":\"2024-06-07T16:25:06+00:00\",\"dateModified\":\"2025-01-18T16:35:48+00:00\",\"author\":{\"@id\":\"https:\\\/\\\/www.carlosyconchita.net\\\/rutas\\\/#\\\/schema\\\/person\\\/a9691f7258c28443fab2d3aa1479ea19\"},\"breadcrumb\":{\"@id\":\"https:\\\/\\\/www.carlosyconchita.net\\\/rutas\\\/viaje-vizcaya-pagina-principal\\\/#breadcrumb\"},\"inLanguage\":\"es\",\"potentialAction\":[{\"@type\":\"ReadAction\",\"target\":[\"https:\\\/\\\/www.carlosyconchita.net\\\/rutas\\\/viaje-vizcaya-pagina-principal\\\/\"]}]},{\"@type\":\"ImageObject\",\"inLanguage\":\"es\",\"@id\":\"https:\\\/\\\/www.carlosyconchita.net\\\/rutas\\\/viaje-vizcaya-pagina-principal\\\/#primaryimage\",\"url\":\"https:\\\/\\\/www.carlosyconchita.net\\\/rutas\\\/wp-content\\\/uploads\\\/2025\\\/01\\\/Vizcaya-10-00017.jpg\",\"contentUrl\":\"https:\\\/\\\/www.carlosyconchita.net\\\/rutas\\\/wp-content\\\/uploads\\\/2025\\\/01\\\/Vizcaya-10-00017.jpg\",\"width\":1024,\"height\":577},{\"@type\":\"BreadcrumbList\",\"@id\":\"https:\\\/\\\/www.carlosyconchita.net\\\/rutas\\\/viaje-vizcaya-pagina-principal\\\/#breadcrumb\",\"itemListElement\":[{\"@type\":\"ListItem\",\"position\":1,\"name\":\"Portada\",\"item\":\"https:\\\/\\\/www.carlosyconchita.net\\\/rutas\\\/\"},{\"@type\":\"ListItem\",\"position\":2,\"name\":\"Viaje Vizcaya : p\u00e1gina principal\"}]},{\"@type\":\"WebSite\",\"@id\":\"https:\\\/\\\/www.carlosyconchita.net\\\/rutas\\\/#website\",\"url\":\"https:\\\/\\\/www.carlosyconchita.net\\\/rutas\\\/\",\"name\":\"Las rutas de Carlos y Conchita\",\"description\":\"\",\"potentialAction\":[{\"@type\":\"SearchAction\",\"target\":{\"@type\":\"EntryPoint\",\"urlTemplate\":\"https:\\\/\\\/www.carlosyconchita.net\\\/rutas\\\/?s={search_term_string}\"},\"query-input\":{\"@type\":\"PropertyValueSpecification\",\"valueRequired\":true,\"valueName\":\"search_term_string\"}}],\"inLanguage\":\"es\"},{\"@type\":\"Person\",\"@id\":\"https:\\\/\\\/www.carlosyconchita.net\\\/rutas\\\/#\\\/schema\\\/person\\\/a9691f7258c28443fab2d3aa1479ea19\",\"name\":\"Carlos Conchita\",\"image\":{\"@type\":\"ImageObject\",\"inLanguage\":\"es\",\"@id\":\"https:\\\/\\\/secure.gravatar.com\\\/avatar\\\/3a4625b20c8da3de99da69bfe7a322774e291c3f90dce7e8778a30fe6748ed1a?s=96&d=mm&r=g\",\"url\":\"https:\\\/\\\/secure.gravatar.com\\\/avatar\\\/3a4625b20c8da3de99da69bfe7a322774e291c3f90dce7e8778a30fe6748ed1a?s=96&d=mm&r=g\",\"contentUrl\":\"https:\\\/\\\/secure.gravatar.com\\\/avatar\\\/3a4625b20c8da3de99da69bfe7a322774e291c3f90dce7e8778a30fe6748ed1a?s=96&d=mm&r=g\",\"caption\":\"Carlos Conchita\"}}]}<\/script>\n<!-- \/ Yoast SEO plugin. -->","yoast_head_json":{"title":"Viaje Vizcaya : p\u00e1gina principal -","robots":{"index":"index","follow":"follow","max-snippet":"max-snippet:-1","max-image-preview":"max-image-preview:large","max-video-preview":"max-video-preview:-1"},"canonical":"https:\/\/www.carlosyconchita.net\/rutas\/viaje-vizcaya-pagina-principal\/","og_locale":"es_ES","og_type":"article","og_title":"Viaje Vizcaya : p\u00e1gina principal -","og_description":"&nbsp; 07-06-2024-Viaje y visita Bilbao 08-06-2024-Pico Gorbeia 09-06-2024-Castillo de Butr\u00f3n y Elantxobe 09-06-2024-Monte Ogo\u00f1o 09-06-2024-Visita a Gernika 10-06-2024-San Juan de Gaztelugatxe y Cabo y Faro Matxixako 10-06-2024-Visita Bermeo 11-06-2024-Santuario de Urkiola 11-06-2024-Durango 11-06-2024-Necr\u00f3polis de Argi\u00f1etay visita a Elorrio 11-06-2024-Puente colgante Getxo-Portugalete 12-06-2024-Salto del r\u00edo Nervi\u00f3n y monte Santiago 12-06-2024-Cascada de Gujuli 13-06-2024-Urkiola : subida al [&hellip;]","og_url":"https:\/\/www.carlosyconchita.net\/rutas\/viaje-vizcaya-pagina-principal\/","og_site_name":"Las rutas de Carlos y Conchita","article_published_time":"2024-06-07T16:25:06+00:00","article_modified_time":"2025-01-18T16:35:48+00:00","og_image":[{"width":1024,"height":577,"url":"https:\/\/www.carlosyconchita.net\/rutas\/wp-content\/uploads\/2025\/01\/Vizcaya-10-00017.jpg","type":"image\/jpeg"}],"author":"Carlos Conchita","twitter_misc":{"Escrito por":"Carlos Conchita","Tiempo de lectura":"1 minuto"},"schema":{"@context":"https:\/\/schema.org","@graph":[{"@type":"Article","@id":"https:\/\/www.carlosyconchita.net\/rutas\/viaje-vizcaya-pagina-principal\/#article","isPartOf":{"@id":"https:\/\/www.carlosyconchita.net\/rutas\/viaje-vizcaya-pagina-principal\/"},"author":{"name":"Carlos Conchita","@id":"https:\/\/www.carlosyconchita.net\/rutas\/#\/schema\/person\/a9691f7258c28443fab2d3aa1479ea19"},"headline":"Viaje Vizcaya : p\u00e1gina principal","datePublished":"2024-06-07T16:25:06+00:00","dateModified":"2025-01-18T16:35:48+00:00","mainEntityOfPage":{"@id":"https:\/\/www.carlosyconchita.net\/rutas\/viaje-vizcaya-pagina-principal\/"},"wordCount":96,"commentCount":0,"image":{"@id":"https:\/\/www.carlosyconchita.net\/rutas\/viaje-vizcaya-pagina-principal\/#primaryimage"},"thumbnailUrl":"https:\/\/www.carlosyconchita.net\/rutas\/wp-content\/uploads\/2025\/01\/Vizcaya-10-00017.jpg","articleSection":["Vizcaya"],"inLanguage":"es","potentialAction":[{"@type":"CommentAction","name":"Comment","target":["https:\/\/www.carlosyconchita.net\/rutas\/viaje-vizcaya-pagina-principal\/#respond"]}]},{"@type":"WebPage","@id":"https:\/\/www.carlosyconchita.net\/rutas\/viaje-vizcaya-pagina-principal\/","url":"https:\/\/www.carlosyconchita.net\/rutas\/viaje-vizcaya-pagina-principal\/","name":"Viaje Vizcaya : p\u00e1gina principal -","isPartOf":{"@id":"https:\/\/www.carlosyconchita.net\/rutas\/#website"},"primaryImageOfPage":{"@id":"https:\/\/www.carlosyconchita.net\/rutas\/viaje-vizcaya-pagina-principal\/#primaryimage"},"image":{"@id":"https:\/\/www.carlosyconchita.net\/rutas\/viaje-vizcaya-pagina-principal\/#primaryimage"},"thumbnailUrl":"https:\/\/www.carlosyconchita.net\/rutas\/wp-content\/uploads\/2025\/01\/Vizcaya-10-00017.jpg","datePublished":"2024-06-07T16:25:06+00:00","dateModified":"2025-01-18T16:35:48+00:00","author":{"@id":"https:\/\/www.carlosyconchita.net\/rutas\/#\/schema\/person\/a9691f7258c28443fab2d3aa1479ea19"},"breadcrumb":{"@id":"https:\/\/www.carlosyconchita.net\/rutas\/viaje-vizcaya-pagina-principal\/#breadcrumb"},"inLanguage":"es","potentialAction":[{"@type":"ReadAction","target":["https:\/\/www.carlosyconchita.net\/rutas\/viaje-vizcaya-pagina-principal\/"]}]},{"@type":"ImageObject","inLanguage":"es","@id":"https:\/\/www.carlosyconchita.net\/rutas\/viaje-vizcaya-pagina-principal\/#primaryimage","url":"https:\/\/www.carlosyconchita.net\/rutas\/wp-content\/uploads\/2025\/01\/Vizcaya-10-00017.jpg","contentUrl":"https:\/\/www.carlosyconchita.net\/rutas\/wp-content\/uploads\/2025\/01\/Vizcaya-10-00017.jpg","width":1024,"height":577},{"@type":"BreadcrumbList","@id":"https:\/\/www.carlosyconchita.net\/rutas\/viaje-vizcaya-pagina-principal\/#breadcrumb","itemListElement":[{"@type":"ListItem","position":1,"name":"Portada","item":"https:\/\/www.carlosyconchita.net\/rutas\/"},{"@type":"ListItem","position":2,"name":"Viaje Vizcaya : p\u00e1gina principal"}]},{"@type":"WebSite","@id":"https:\/\/www.carlosyconchita.net\/rutas\/#website","url":"https:\/\/www.carlosyconchita.net\/rutas\/","name":"Las rutas de Carlos y Conchita","description":"","potentialAction":[{"@type":"SearchAction","target":{"@type":"EntryPoint","urlTemplate":"https:\/\/www.carlosyconchita.net\/rutas\/?s={search_term_string}"},"query-input":{"@type":"PropertyValueSpecification","valueRequired":true,"valueName":"search_term_string"}}],"inLanguage":"es"},{"@type":"Person","@id":"https:\/\/www.carlosyconchita.net\/rutas\/#\/schema\/person\/a9691f7258c28443fab2d3aa1479ea19","name":"Carlos Conchita","image":{"@type":"ImageObject","inLanguage":"es","@id":"https:\/\/secure.gravatar.com\/avatar\/3a4625b20c8da3de99da69bfe7a322774e291c3f90dce7e8778a30fe6748ed1a?s=96&d=mm&r=g","url":"https:\/\/secure.gravatar.com\/avatar\/3a4625b20c8da3de99da69bfe7a322774e291c3f90dce7e8778a30fe6748ed1a?s=96&d=mm&r=g","contentUrl":"https:\/\/secure.gravatar.com\/avatar\/3a4625b20c8da3de99da69bfe7a322774e291c3f90dce7e8778a30fe6748ed1a?s=96&d=mm&r=g","caption":"Carlos Conchita"}}]}},"_links":{"self":[{"href":"https:\/\/www.carlosyconchita.net\/rutas\/wp-json\/wp\/v2\/posts\/20529","targetHints":{"allow":["GET"]}}],"collection":[{"href":"https:\/\/www.carlosyconchita.net\/rutas\/wp-json\/wp\/v2\/posts"}],"about":[{"href":"https:\/\/www.carlosyconchita.net\/rutas\/wp-json\/wp\/v2\/types\/post"}],"author":[{"embeddable":true,"href":"https:\/\/www.carlosyconchita.net\/rutas\/wp-json\/wp\/v2\/users\/50"}],"replies":[{"embeddable":true,"href":"https:\/\/www.carlosyconchita.net\/rutas\/wp-json\/wp\/v2\/comments?post=20529"}],"version-history":[{"count":2,"href":"https:\/\/www.carlosyconchita.net\/rutas\/wp-json\/wp\/v2\/posts\/20529\/revisions"}],"predecessor-version":[{"id":20531,"href":"https:\/\/www.carlosyconchita.net\/rutas\/wp-json\/wp\/v2\/posts\/20529\/revisions\/20531"}],"wp:featuredmedia":[{"embeddable":true,"href":"https:\/\/www.carlosyconchita.net\/rutas\/wp-json\/wp\/v2\/media\/20462"}],"wp:attachment":[{"href":"https:\/\/www.carlosyconchita.net\/rutas\/wp-json\/wp\/v2\/media?parent=20529"}],"wp:term":[{"taxonomy":"category","embeddable":true,"href":"https:\/\/www.carlosyconchita.net\/rutas\/wp-json\/wp\/v2\/categories?post=20529"},{"taxonomy":"post_tag","embeddable":true,"href":"https:\/\/www.carlosyconchita.net\/rutas\/wp-json\/wp\/v2\/tags?post=20529"}],"curies":[{"name":"wp","href":"https:\/\/api.w.org\/{rel}","templated":true}]}}