{"id":20932,"date":"2025-07-27T16:18:02","date_gmt":"2025-07-27T15:18:02","guid":{"rendered":"https:\/\/www.carlosyconchita.net\/rutas\/?p=20932"},"modified":"2025-10-30T21:49:58","modified_gmt":"2025-10-30T20:49:58","slug":"27-07-2025-subida-al-refugio-de-trigoniero-hacia-la-b-325","status":"publish","type":"post","link":"https:\/\/www.carlosyconchita.net\/rutas\/27-07-2025-subida-al-refugio-de-trigoniero-hacia-la-b-325\/","title":{"rendered":"27-07-2025-Subida al refugio de Trigoniero (hacia la B-325)"},"content":{"rendered":"<p style=\"text-align: justify;\">Hoy hacemos la primera parte de la caminata hasta la B-325, situada en el Puerto de Trigoniero o de Moudang, pero como es un recorrido bastante largo y con un considerable desnivel , hemos decidido probar de dormir en el Refugio Libre de Trigoniero (no guardado), y ma\u00f1ana hacer la segunda parte hasta la borna 325.<\/p>\n<p style=\"text-align: justify;\">El camino de hoy no es excesivamente largo, pero s\u00ed con fuerte pendiente, y lo iniciamos en la zona de la antigua aduana de Bielsa, donde hay una gran zona de aparcamiento, y seguimos el sendeero PR-HU-180<\/p>\n<p style=\"text-align: justify;\">El recorrido va siguiendo el barranco del mismo nombre , y podremos ver unas pocas cascadas, porque la espesa vegetaci\u00f3n nos impide ver el agua, aunque s\u00ed que se oye mucho.<br \/>\nEn algunas zonas se pueden ver todav\u00eda los restos de las tormentas del a\u00f1o pasado, con numerosos arboles caidos, y tambi\u00e9n un puente met\u00e1lico (ver fotos), que fu\u00e9 arrancado de las bases y est\u00e1 ahora solamente apoyado encima de las piedras y un poco inclinado.<\/p>\n<p style=\"text-align: justify;\">Llegaremos despu\u00e9s\u00a0 a una bonita zona casi plana, verde, con un riachuelo\u00a0 y m\u00e1s despejada, la Plana del Cabo en donde ya veremos a lo lejos el refugio donde vamos a pasar esta noche.<\/p>\n<p style=\"text-align: justify;\">Desde ese punto hasta el Puerto de Trigoniero, en donde est\u00e1 la B-325, solo quedan unos 2.5 kms. , pero con un desnivel de unos 500 m. motivo por el que hab\u00edamos decidido hacerlo en dos partes.<\/p>\n<p style=\"text-align: justify;\">El refugio fu\u00e9 arreglado hace pocos a\u00f1os, en teor\u00eda tiene sitio para dormir 5-6 personas, pero el interior realmente est\u00e1 muy mal, ya que a pesar de que es la primera vez que dormimos en un refugio libre y no guardado, hemos visto muchos en nuestras excursiones por las monta\u00f1as, y comparandolos, podemos decir que est\u00e1 bastante mal por dentro.<\/p>\n<p style=\"text-align: justify;\">En especial nos referimos a los sitios para dormir, (tampoco pretendemos que en todos haya colchonetas como hemos visto en otros sitios) , pero en este caso, s\u00f3lo hab\u00eda unos tablones m\u00e1s o menos horizontales y planos,\u00a0 que fu\u00e9 donde dormimos nosotros, y el resto eran unos tablones de obra mal clavados encima de palets y que de horizontal no ten\u00edan nada, con un desnivel de varios cent\u00edmetros de un tablon a otro, y un trozo de la antigua puerta de madera cortada y donde debe ser d\u00edficil poder dormir.<\/p>\n<p style=\"text-align: justify;\">Adem\u00e1s hab\u00eda un mont\u00f3n de sacos de sal dentro, y un \u00abbig-bag\u00bb de esos de cargar material de construcci\u00f3n que suponemos que se qued\u00f3 all\u00ed cuando las obras, y otros restos varios.<\/p>\n<p style=\"text-align: justify;\">Como nosotros llegamos muy pronto, elegimos evidentemente la tabla m\u00e1s o menos plana que hab\u00eda, y m\u00e1s tarde , sobre las 8.30-9 h. de la noche, llegaron dos franceses que estaban haciendo una traves\u00eda de varios d\u00edas, y despu\u00e9s de ver como estaba el interior, prefirieron montar las tiendas de campa\u00f1a en el exterior, a pesar del fuerte viento y fr\u00edo que hac\u00eda.<\/p>\n<p>Hablando de fr\u00edo, a media noche tuvimos que ponernos los anoraks, ya que a pesar de los sacos de dormir empez\u00e1bamos a quedarnos fr\u00edos.<\/p>\n<hr \/>\n<p><strong>Distancia total<\/strong> :\u00a0 \u00a0 \u00a05\u2019200\u00a0 km<span class=\"totlen\"><span class=\"summaryvalue\">.\u00a0\u00a0\u00a0\u00a0\u00a0\u00a0\u00a0\u00a0\u00a0\u00a0\u00a0\u00a0\u00a0\u00a0\u00a0\u00a0\u00a0\u00a0\u00a0\u00a0\u00a0 <strong>Alturas m\u00edn\/m\u00e1x. :\u00a0<\/strong>\u00a0 \u00a01.290\u00a0 m. \/\u00a0 1.965 m.<br \/>\n<\/span><\/span><\/p>\n<p>&nbsp;<\/p>\n<p><strong>Desnivel acumulado (s\/Wikiloc)<\/strong> :\u00a0 \u00a0 \u00a0 \u00a0+ 678\u00a0 m.\u00a0 \/\u00a0 -7 m<\/p>\n<p>&nbsp;<\/p>\n<p><strong>Desnivel acumulado (s\/GPSVisualizer)<\/strong>\u00a0 :\u00a0 \u00a0+ 771\u00a0 m.\u00a0 \/ -17 m.<\/p>\n<p>&nbsp;<\/p>\n<p>&nbsp;<\/p>\n<hr \/>\n<p style=\"text-align: justify;\"><strong>Album de fotos<\/strong><\/p>\n<p><a href=\"https:\/\/photos.app.goo.gl\/3nvjNffjwUC9uy4n7\" target=\"_blank\" rel=\"noopener\"><img loading=\"lazy\" decoding=\"async\" class=\"size-medium wp-image-20933 aligncenter\" src=\"https:\/\/www.carlosyconchita.net\/rutas\/wp-content\/uploads\/2025\/08\/Bielsa-27-00029-300x169.jpg\" alt=\"\" width=\"300\" height=\"169\" srcset=\"https:\/\/www.carlosyconchita.net\/rutas\/wp-content\/uploads\/2025\/08\/Bielsa-27-00029-300x169.jpg 300w, https:\/\/www.carlosyconchita.net\/rutas\/wp-content\/uploads\/2025\/08\/Bielsa-27-00029-600x338.jpg 600w, https:\/\/www.carlosyconchita.net\/rutas\/wp-content\/uploads\/2025\/08\/Bielsa-27-00029-768x433.jpg 768w, https:\/\/www.carlosyconchita.net\/rutas\/wp-content\/uploads\/2025\/08\/Bielsa-27-00029.jpg 1024w\" sizes=\"auto, (max-width: 300px) 100vw, 300px\" \/><\/a><\/p>\n<hr \/>\n<p><strong>Minivideo<\/strong><\/p>\n<p>&nbsp;<\/p>\n<p><iframe loading=\"lazy\" title=\"Refugio de Trigoniero\" width=\"720\" height=\"405\" src=\"https:\/\/www.youtube.com\/embed\/VXXv5vWk4tY?feature=oembed\" frameborder=\"0\" allow=\"accelerometer; autoplay; clipboard-write; encrypted-media; gyroscope; picture-in-picture; web-share\" referrerpolicy=\"strict-origin-when-cross-origin\" allowfullscreen><\/iframe><\/p>\n<p>&nbsp;<\/p>\n<hr \/>\n<h4><strong>Mapa y track de la ruta<\/strong><\/h4>\n<p><a href=\"https:\/\/www.carlosyconchita.net\/rutas\/wp-content\/uploads\/gpx\/SubidaRefugioTrigoniero.html\" target=\"_blank\" rel=\"noopener\"><img loading=\"lazy\" decoding=\"async\" class=\"aligncenter wp-image-16466\" src=\"https:\/\/www.carlosyconchita.net\/rutas\/wp-content\/uploads\/2021\/09\/mapa2.jpg\" alt=\"\" width=\"0185\" height=\"185\" srcset=\"https:\/\/www.carlosyconchita.net\/rutas\/wp-content\/uploads\/2021\/09\/mapa2.jpg 225w, https:\/\/www.carlosyconchita.net\/rutas\/wp-content\/uploads\/2021\/09\/mapa2-120x120.jpg 120w\" sizes=\"auto, (max-width: 185px) 100vw, 185px\" \/><\/a><\/p>\n<hr \/>\n<p><strong>Wikiloc\u00a0\u00a0\u00a0 <\/strong><strong><br \/>\n<\/strong><br \/>\n<a href=\"https:\/\/es.wikiloc.com\/rutas-senderismo\/subida-al-refugio-tringoniero-225243340\" target=\"_blank\" rel=\"noopener\"><img loading=\"lazy\" decoding=\"async\" class=\"aligncenter size-full wp-image-958\" src=\"https:\/\/www.carlosyconchita.net\/rutas\/wp-content\/uploads\/2020\/09\/wikiloc.jpg\" alt=\"\" width=\"117\" height=\"34\" \/><\/a><\/p>\n<hr \/>\n<p style=\"text-align: justify;\"><span style=\"color: #ff0000; background-color: #ffffff; font-size: 14pt;\"><strong>Si te ha gustado o tienes alguna consulta,\u00a0 env\u00edanos tu comentario.<br \/>\n<\/strong><\/span><\/p>\n<p style=\"text-align: justify;\"><span style=\"font-size: 14pt;\"><strong><span style=\"color: #ff0000;\">Muchas gracias !<\/span><\/strong><\/span><\/p>\n<hr \/>\n<p style=\"text-align: justify;\"><strong><span style=\"color: #008000;\">Suscribete si quieres recibir un mail cuando publiquemos nuevas rutas : no enviamos publicidad y como m\u00e1ximo enviamos 2 mails al mes<\/span><\/strong><\/p>\n<p style=\"text-align: center;\"><a href=\"https:\/\/mailchi.mp\/6989c83a3e24\/wmv06rtqcz\/\" target=\"_blank\" rel=\"noopener noreferrer\"><strong><span style=\"color: #0000ff;\">Pulsa aqu\u00ed para suscribirte<\/span><\/strong><\/a><\/p>\n<hr \/>\n<h3 style=\"text-align: justify;\">Puedes imprimir esta publicaci\u00f3n o guardarla en diferentes formatos :<\/h3>\n<p style=\"text-align: justify;\"><span style=\"color: #ff0000; font-size: 14pt;\">Para facilitar la impresi\u00f3n, hemos reducido considerablemente el tama\u00f1o de las fotos, pero si deseas imprimir sin fotos, aconsejamos guardarlo como \u201cdoc\u201d, y antes de imprimirlo, eliminar las fotos<\/span><\/p>\n<p>&nbsp;<\/p>\n<hr \/>\n","protected":false},"excerpt":{"rendered":"<p>Hoy hacemos la primera parte de la caminata hasta la B-325, situada en el Puerto de Trigoniero o de Moudang, pero como es un recorrido bastante largo y con un considerable desnivel , hemos decidido probar de dormir en el Refugio Libre de Trigoniero (no guardado), y ma\u00f1ana hacer la segunda parte hasta la borna [&hellip;]<\/p>\n","protected":false},"author":50,"featured_media":20933,"comment_status":"open","ping_status":"open","sticky":false,"template":"","format":"standard","meta":{"footnotes":""},"categories":[22,11,90,74],"tags":[],"class_list":{"0":"post-20932","1":"post","2":"type-post","3":"status-publish","4":"format-standard","5":"has-post-thumbnail","6":"hentry","7":"category-de-05-a-10-km","8":"category-moderada","9":"category-huesca","10":"category-0-mojones-bornas-frontera","12":"post-with-thumbnail","13":"post-with-thumbnail-icon"},"yoast_head":"<!-- This site is optimized with the Yoast SEO plugin v27.5 - https:\/\/yoast.com\/product\/yoast-seo-wordpress\/ -->\n<title>27-07-2025-Subida al refugio de Trigoniero (hacia la B-325) -<\/title>\n<meta name=\"robots\" content=\"index, follow, max-snippet:-1, max-image-preview:large, max-video-preview:-1\" \/>\n<link rel=\"canonical\" href=\"https:\/\/www.carlosyconchita.net\/rutas\/27-07-2025-subida-al-refugio-de-trigoniero-hacia-la-b-325\/\" \/>\n<meta property=\"og:locale\" content=\"es_ES\" \/>\n<meta property=\"og:type\" content=\"article\" \/>\n<meta property=\"og:title\" content=\"27-07-2025-Subida al refugio de Trigoniero (hacia la B-325) -\" \/>\n<meta property=\"og:description\" content=\"Hoy hacemos la primera parte de la caminata hasta la B-325, situada en el Puerto de Trigoniero o de Moudang, pero como es un recorrido bastante largo y con un considerable desnivel , hemos decidido probar de dormir en el Refugio Libre de Trigoniero (no guardado), y ma\u00f1ana hacer la segunda parte hasta la borna [&hellip;]\" \/>\n<meta property=\"og:url\" content=\"https:\/\/www.carlosyconchita.net\/rutas\/27-07-2025-subida-al-refugio-de-trigoniero-hacia-la-b-325\/\" \/>\n<meta property=\"og:site_name\" content=\"Las rutas de Carlos y Conchita\" \/>\n<meta property=\"article:published_time\" content=\"2025-07-27T15:18:02+00:00\" \/>\n<meta property=\"article:modified_time\" content=\"2025-10-30T20:49:58+00:00\" \/>\n<meta property=\"og:image\" content=\"https:\/\/www.carlosyconchita.net\/rutas\/wp-content\/uploads\/2025\/08\/Bielsa-27-00029.jpg\" \/>\n\t<meta property=\"og:image:width\" content=\"1024\" \/>\n\t<meta property=\"og:image:height\" content=\"577\" \/>\n\t<meta property=\"og:image:type\" content=\"image\/jpeg\" \/>\n<meta name=\"author\" content=\"Carlos Conchita\" \/>\n<meta name=\"twitter:label1\" content=\"Escrito por\" \/>\n\t<meta name=\"twitter:data1\" content=\"Carlos Conchita\" \/>\n\t<meta name=\"twitter:label2\" content=\"Tiempo de lectura\" \/>\n\t<meta name=\"twitter:data2\" content=\"4 minutos\" \/>\n<script type=\"application\/ld+json\" class=\"yoast-schema-graph\">{\"@context\":\"https:\\\/\\\/schema.org\",\"@graph\":[{\"@type\":\"Article\",\"@id\":\"https:\\\/\\\/www.carlosyconchita.net\\\/rutas\\\/27-07-2025-subida-al-refugio-de-trigoniero-hacia-la-b-325\\\/#article\",\"isPartOf\":{\"@id\":\"https:\\\/\\\/www.carlosyconchita.net\\\/rutas\\\/27-07-2025-subida-al-refugio-de-trigoniero-hacia-la-b-325\\\/\"},\"author\":{\"name\":\"Carlos Conchita\",\"@id\":\"https:\\\/\\\/www.carlosyconchita.net\\\/rutas\\\/#\\\/schema\\\/person\\\/a9691f7258c28443fab2d3aa1479ea19\"},\"headline\":\"27-07-2025-Subida al refugio de Trigoniero (hacia la B-325)\",\"datePublished\":\"2025-07-27T15:18:02+00:00\",\"dateModified\":\"2025-10-30T20:49:58+00:00\",\"mainEntityOfPage\":{\"@id\":\"https:\\\/\\\/www.carlosyconchita.net\\\/rutas\\\/27-07-2025-subida-al-refugio-de-trigoniero-hacia-la-b-325\\\/\"},\"wordCount\":673,\"commentCount\":0,\"image\":{\"@id\":\"https:\\\/\\\/www.carlosyconchita.net\\\/rutas\\\/27-07-2025-subida-al-refugio-de-trigoniero-hacia-la-b-325\\\/#primaryimage\"},\"thumbnailUrl\":\"https:\\\/\\\/www.carlosyconchita.net\\\/rutas\\\/wp-content\\\/uploads\\\/2025\\\/08\\\/Bielsa-27-00029.jpg\",\"articleSection\":[\"2 - De 5 a 10 km.\",\"2-Moderada\",\"Huesca\",\"Mojones \\\/ Bornas frontera ES-FR\"],\"inLanguage\":\"es\",\"potentialAction\":[{\"@type\":\"CommentAction\",\"name\":\"Comment\",\"target\":[\"https:\\\/\\\/www.carlosyconchita.net\\\/rutas\\\/27-07-2025-subida-al-refugio-de-trigoniero-hacia-la-b-325\\\/#respond\"]}]},{\"@type\":\"WebPage\",\"@id\":\"https:\\\/\\\/www.carlosyconchita.net\\\/rutas\\\/27-07-2025-subida-al-refugio-de-trigoniero-hacia-la-b-325\\\/\",\"url\":\"https:\\\/\\\/www.carlosyconchita.net\\\/rutas\\\/27-07-2025-subida-al-refugio-de-trigoniero-hacia-la-b-325\\\/\",\"name\":\"27-07-2025-Subida al refugio de Trigoniero (hacia la B-325) -\",\"isPartOf\":{\"@id\":\"https:\\\/\\\/www.carlosyconchita.net\\\/rutas\\\/#website\"},\"primaryImageOfPage\":{\"@id\":\"https:\\\/\\\/www.carlosyconchita.net\\\/rutas\\\/27-07-2025-subida-al-refugio-de-trigoniero-hacia-la-b-325\\\/#primaryimage\"},\"image\":{\"@id\":\"https:\\\/\\\/www.carlosyconchita.net\\\/rutas\\\/27-07-2025-subida-al-refugio-de-trigoniero-hacia-la-b-325\\\/#primaryimage\"},\"thumbnailUrl\":\"https:\\\/\\\/www.carlosyconchita.net\\\/rutas\\\/wp-content\\\/uploads\\\/2025\\\/08\\\/Bielsa-27-00029.jpg\",\"datePublished\":\"2025-07-27T15:18:02+00:00\",\"dateModified\":\"2025-10-30T20:49:58+00:00\",\"author\":{\"@id\":\"https:\\\/\\\/www.carlosyconchita.net\\\/rutas\\\/#\\\/schema\\\/person\\\/a9691f7258c28443fab2d3aa1479ea19\"},\"breadcrumb\":{\"@id\":\"https:\\\/\\\/www.carlosyconchita.net\\\/rutas\\\/27-07-2025-subida-al-refugio-de-trigoniero-hacia-la-b-325\\\/#breadcrumb\"},\"inLanguage\":\"es\",\"potentialAction\":[{\"@type\":\"ReadAction\",\"target\":[\"https:\\\/\\\/www.carlosyconchita.net\\\/rutas\\\/27-07-2025-subida-al-refugio-de-trigoniero-hacia-la-b-325\\\/\"]}]},{\"@type\":\"ImageObject\",\"inLanguage\":\"es\",\"@id\":\"https:\\\/\\\/www.carlosyconchita.net\\\/rutas\\\/27-07-2025-subida-al-refugio-de-trigoniero-hacia-la-b-325\\\/#primaryimage\",\"url\":\"https:\\\/\\\/www.carlosyconchita.net\\\/rutas\\\/wp-content\\\/uploads\\\/2025\\\/08\\\/Bielsa-27-00029.jpg\",\"contentUrl\":\"https:\\\/\\\/www.carlosyconchita.net\\\/rutas\\\/wp-content\\\/uploads\\\/2025\\\/08\\\/Bielsa-27-00029.jpg\",\"width\":1024,\"height\":577},{\"@type\":\"BreadcrumbList\",\"@id\":\"https:\\\/\\\/www.carlosyconchita.net\\\/rutas\\\/27-07-2025-subida-al-refugio-de-trigoniero-hacia-la-b-325\\\/#breadcrumb\",\"itemListElement\":[{\"@type\":\"ListItem\",\"position\":1,\"name\":\"Portada\",\"item\":\"https:\\\/\\\/www.carlosyconchita.net\\\/rutas\\\/\"},{\"@type\":\"ListItem\",\"position\":2,\"name\":\"27-07-2025-Subida al refugio de Trigoniero (hacia la B-325)\"}]},{\"@type\":\"WebSite\",\"@id\":\"https:\\\/\\\/www.carlosyconchita.net\\\/rutas\\\/#website\",\"url\":\"https:\\\/\\\/www.carlosyconchita.net\\\/rutas\\\/\",\"name\":\"Las rutas de Carlos y Conchita\",\"description\":\"\",\"potentialAction\":[{\"@type\":\"SearchAction\",\"target\":{\"@type\":\"EntryPoint\",\"urlTemplate\":\"https:\\\/\\\/www.carlosyconchita.net\\\/rutas\\\/?s={search_term_string}\"},\"query-input\":{\"@type\":\"PropertyValueSpecification\",\"valueRequired\":true,\"valueName\":\"search_term_string\"}}],\"inLanguage\":\"es\"},{\"@type\":\"Person\",\"@id\":\"https:\\\/\\\/www.carlosyconchita.net\\\/rutas\\\/#\\\/schema\\\/person\\\/a9691f7258c28443fab2d3aa1479ea19\",\"name\":\"Carlos Conchita\",\"image\":{\"@type\":\"ImageObject\",\"inLanguage\":\"es\",\"@id\":\"https:\\\/\\\/secure.gravatar.com\\\/avatar\\\/3a4625b20c8da3de99da69bfe7a322774e291c3f90dce7e8778a30fe6748ed1a?s=96&d=mm&r=g\",\"url\":\"https:\\\/\\\/secure.gravatar.com\\\/avatar\\\/3a4625b20c8da3de99da69bfe7a322774e291c3f90dce7e8778a30fe6748ed1a?s=96&d=mm&r=g\",\"contentUrl\":\"https:\\\/\\\/secure.gravatar.com\\\/avatar\\\/3a4625b20c8da3de99da69bfe7a322774e291c3f90dce7e8778a30fe6748ed1a?s=96&d=mm&r=g\",\"caption\":\"Carlos Conchita\"}}]}<\/script>\n<!-- \/ Yoast SEO plugin. -->","yoast_head_json":{"title":"27-07-2025-Subida al refugio de Trigoniero (hacia la B-325) -","robots":{"index":"index","follow":"follow","max-snippet":"max-snippet:-1","max-image-preview":"max-image-preview:large","max-video-preview":"max-video-preview:-1"},"canonical":"https:\/\/www.carlosyconchita.net\/rutas\/27-07-2025-subida-al-refugio-de-trigoniero-hacia-la-b-325\/","og_locale":"es_ES","og_type":"article","og_title":"27-07-2025-Subida al refugio de Trigoniero (hacia la B-325) -","og_description":"Hoy hacemos la primera parte de la caminata hasta la B-325, situada en el Puerto de Trigoniero o de Moudang, pero como es un recorrido bastante largo y con un considerable desnivel , hemos decidido probar de dormir en el Refugio Libre de Trigoniero (no guardado), y ma\u00f1ana hacer la segunda parte hasta la borna [&hellip;]","og_url":"https:\/\/www.carlosyconchita.net\/rutas\/27-07-2025-subida-al-refugio-de-trigoniero-hacia-la-b-325\/","og_site_name":"Las rutas de Carlos y Conchita","article_published_time":"2025-07-27T15:18:02+00:00","article_modified_time":"2025-10-30T20:49:58+00:00","og_image":[{"width":1024,"height":577,"url":"https:\/\/www.carlosyconchita.net\/rutas\/wp-content\/uploads\/2025\/08\/Bielsa-27-00029.jpg","type":"image\/jpeg"}],"author":"Carlos Conchita","twitter_misc":{"Escrito por":"Carlos Conchita","Tiempo de lectura":"4 minutos"},"schema":{"@context":"https:\/\/schema.org","@graph":[{"@type":"Article","@id":"https:\/\/www.carlosyconchita.net\/rutas\/27-07-2025-subida-al-refugio-de-trigoniero-hacia-la-b-325\/#article","isPartOf":{"@id":"https:\/\/www.carlosyconchita.net\/rutas\/27-07-2025-subida-al-refugio-de-trigoniero-hacia-la-b-325\/"},"author":{"name":"Carlos Conchita","@id":"https:\/\/www.carlosyconchita.net\/rutas\/#\/schema\/person\/a9691f7258c28443fab2d3aa1479ea19"},"headline":"27-07-2025-Subida al refugio de Trigoniero (hacia la B-325)","datePublished":"2025-07-27T15:18:02+00:00","dateModified":"2025-10-30T20:49:58+00:00","mainEntityOfPage":{"@id":"https:\/\/www.carlosyconchita.net\/rutas\/27-07-2025-subida-al-refugio-de-trigoniero-hacia-la-b-325\/"},"wordCount":673,"commentCount":0,"image":{"@id":"https:\/\/www.carlosyconchita.net\/rutas\/27-07-2025-subida-al-refugio-de-trigoniero-hacia-la-b-325\/#primaryimage"},"thumbnailUrl":"https:\/\/www.carlosyconchita.net\/rutas\/wp-content\/uploads\/2025\/08\/Bielsa-27-00029.jpg","articleSection":["2 - De 5 a 10 km.","2-Moderada","Huesca","Mojones \/ Bornas frontera ES-FR"],"inLanguage":"es","potentialAction":[{"@type":"CommentAction","name":"Comment","target":["https:\/\/www.carlosyconchita.net\/rutas\/27-07-2025-subida-al-refugio-de-trigoniero-hacia-la-b-325\/#respond"]}]},{"@type":"WebPage","@id":"https:\/\/www.carlosyconchita.net\/rutas\/27-07-2025-subida-al-refugio-de-trigoniero-hacia-la-b-325\/","url":"https:\/\/www.carlosyconchita.net\/rutas\/27-07-2025-subida-al-refugio-de-trigoniero-hacia-la-b-325\/","name":"27-07-2025-Subida al refugio de Trigoniero (hacia la B-325) -","isPartOf":{"@id":"https:\/\/www.carlosyconchita.net\/rutas\/#website"},"primaryImageOfPage":{"@id":"https:\/\/www.carlosyconchita.net\/rutas\/27-07-2025-subida-al-refugio-de-trigoniero-hacia-la-b-325\/#primaryimage"},"image":{"@id":"https:\/\/www.carlosyconchita.net\/rutas\/27-07-2025-subida-al-refugio-de-trigoniero-hacia-la-b-325\/#primaryimage"},"thumbnailUrl":"https:\/\/www.carlosyconchita.net\/rutas\/wp-content\/uploads\/2025\/08\/Bielsa-27-00029.jpg","datePublished":"2025-07-27T15:18:02+00:00","dateModified":"2025-10-30T20:49:58+00:00","author":{"@id":"https:\/\/www.carlosyconchita.net\/rutas\/#\/schema\/person\/a9691f7258c28443fab2d3aa1479ea19"},"breadcrumb":{"@id":"https:\/\/www.carlosyconchita.net\/rutas\/27-07-2025-subida-al-refugio-de-trigoniero-hacia-la-b-325\/#breadcrumb"},"inLanguage":"es","potentialAction":[{"@type":"ReadAction","target":["https:\/\/www.carlosyconchita.net\/rutas\/27-07-2025-subida-al-refugio-de-trigoniero-hacia-la-b-325\/"]}]},{"@type":"ImageObject","inLanguage":"es","@id":"https:\/\/www.carlosyconchita.net\/rutas\/27-07-2025-subida-al-refugio-de-trigoniero-hacia-la-b-325\/#primaryimage","url":"https:\/\/www.carlosyconchita.net\/rutas\/wp-content\/uploads\/2025\/08\/Bielsa-27-00029.jpg","contentUrl":"https:\/\/www.carlosyconchita.net\/rutas\/wp-content\/uploads\/2025\/08\/Bielsa-27-00029.jpg","width":1024,"height":577},{"@type":"BreadcrumbList","@id":"https:\/\/www.carlosyconchita.net\/rutas\/27-07-2025-subida-al-refugio-de-trigoniero-hacia-la-b-325\/#breadcrumb","itemListElement":[{"@type":"ListItem","position":1,"name":"Portada","item":"https:\/\/www.carlosyconchita.net\/rutas\/"},{"@type":"ListItem","position":2,"name":"27-07-2025-Subida al refugio de Trigoniero (hacia la B-325)"}]},{"@type":"WebSite","@id":"https:\/\/www.carlosyconchita.net\/rutas\/#website","url":"https:\/\/www.carlosyconchita.net\/rutas\/","name":"Las rutas de Carlos y Conchita","description":"","potentialAction":[{"@type":"SearchAction","target":{"@type":"EntryPoint","urlTemplate":"https:\/\/www.carlosyconchita.net\/rutas\/?s={search_term_string}"},"query-input":{"@type":"PropertyValueSpecification","valueRequired":true,"valueName":"search_term_string"}}],"inLanguage":"es"},{"@type":"Person","@id":"https:\/\/www.carlosyconchita.net\/rutas\/#\/schema\/person\/a9691f7258c28443fab2d3aa1479ea19","name":"Carlos Conchita","image":{"@type":"ImageObject","inLanguage":"es","@id":"https:\/\/secure.gravatar.com\/avatar\/3a4625b20c8da3de99da69bfe7a322774e291c3f90dce7e8778a30fe6748ed1a?s=96&d=mm&r=g","url":"https:\/\/secure.gravatar.com\/avatar\/3a4625b20c8da3de99da69bfe7a322774e291c3f90dce7e8778a30fe6748ed1a?s=96&d=mm&r=g","contentUrl":"https:\/\/secure.gravatar.com\/avatar\/3a4625b20c8da3de99da69bfe7a322774e291c3f90dce7e8778a30fe6748ed1a?s=96&d=mm&r=g","caption":"Carlos Conchita"}}]}},"_links":{"self":[{"href":"https:\/\/www.carlosyconchita.net\/rutas\/wp-json\/wp\/v2\/posts\/20932","targetHints":{"allow":["GET"]}}],"collection":[{"href":"https:\/\/www.carlosyconchita.net\/rutas\/wp-json\/wp\/v2\/posts"}],"about":[{"href":"https:\/\/www.carlosyconchita.net\/rutas\/wp-json\/wp\/v2\/types\/post"}],"author":[{"embeddable":true,"href":"https:\/\/www.carlosyconchita.net\/rutas\/wp-json\/wp\/v2\/users\/50"}],"replies":[{"embeddable":true,"href":"https:\/\/www.carlosyconchita.net\/rutas\/wp-json\/wp\/v2\/comments?post=20932"}],"version-history":[{"count":3,"href":"https:\/\/www.carlosyconchita.net\/rutas\/wp-json\/wp\/v2\/posts\/20932\/revisions"}],"predecessor-version":[{"id":21262,"href":"https:\/\/www.carlosyconchita.net\/rutas\/wp-json\/wp\/v2\/posts\/20932\/revisions\/21262"}],"wp:featuredmedia":[{"embeddable":true,"href":"https:\/\/www.carlosyconchita.net\/rutas\/wp-json\/wp\/v2\/media\/20933"}],"wp:attachment":[{"href":"https:\/\/www.carlosyconchita.net\/rutas\/wp-json\/wp\/v2\/media?parent=20932"}],"wp:term":[{"taxonomy":"category","embeddable":true,"href":"https:\/\/www.carlosyconchita.net\/rutas\/wp-json\/wp\/v2\/categories?post=20932"},{"taxonomy":"post_tag","embeddable":true,"href":"https:\/\/www.carlosyconchita.net\/rutas\/wp-json\/wp\/v2\/tags?post=20932"}],"curies":[{"name":"wp","href":"https:\/\/api.w.org\/{rel}","templated":true}]}}