{"id":21094,"date":"2025-09-16T16:50:05","date_gmt":"2025-09-16T15:50:05","guid":{"rendered":"https:\/\/www.carlosyconchita.net\/rutas\/?p=21094"},"modified":"2026-04-21T16:45:27","modified_gmt":"2026-04-21T15:45:27","slug":"16-09-2025-borna-330-bis-la-ultima-que-nos-quedaba","status":"publish","type":"post","link":"https:\/\/www.carlosyconchita.net\/rutas\/16-09-2025-borna-330-bis-la-ultima-que-nos-quedaba\/","title":{"rendered":"16-09-2025-Borna 330 bis (d\u00eda 2)  :  la \u00faltima que nos quedaba !!!"},"content":{"rendered":"<p style=\"text-align: justify;\">Hoy hemos hecho la \u00faltima borna o moj\u00f3n fronterizo que nos quedaba, la 330 bis , con lo cual hemos recorrido todo el Pirineo desde el Cant\u00e1brico hasta el Mediterr\u00e1neo para encontrarlas.<\/p>\n<p style=\"text-align: justify;\">Nos han acompa\u00f1ado nuestro hijo David, Noelia y Pierre Gallart.<\/p>\n<p style=\"text-align: justify;\">Est\u00e1 situada en el Puerto de Clarabide, y para llegar a ella, ayer subimos al Refugio de Est\u00f3s para dormir, y esta ma\u00f1ana, muy pronto, hemos empezado a caminar para llegar a ella.<\/p>\n<p style=\"text-align: justify;\">Ya sab\u00edamos que era dif\u00edcil, pero la realidad es que nos ha costado m\u00e1s de lo que pens\u00e1bamos, por la segunda parte del recorrido, una vez dejamos el GR-11 y nos desviamos a nuestra derecha para empezar a subir \u00aben serio\u00bb hasta el Puerto de Clarabide, ya que en un corto tramo de menos de 3 kms. tenemos que subir un desnivel de m\u00e1s de 600 m., pero sin ning\u00fan camino , cruzando como pod\u00edamos por varias enormes pedreras o canchales, y por zonas con algo de hierba, que debido a la fuerte pendiente era casi m\u00e1s complicado que por las piedras.<br \/>\nTen\u00edamos la ventaja de contar con el track de Eef cuando la hizo en el a\u00f1o 2023 ( <a href=\"https:\/\/www.grpdesbf.nl\/esfr-html-trips-20230905.html\" target=\"_blank\" rel=\"noopener\"><span style=\"color: #0000ff;\"><strong>ver\u00a0 enlace<\/strong><\/span><\/a> ) , y que nos aconsej\u00f3 seguir su camino de bajada, y no el de subida, ya que desde arriba , \u00e9l pudo ver m\u00e1s f\u00e1cilmente el mejor sitio para poder ir pasando.<\/p>\n<p style=\"text-align: justify;\">Pero despu\u00e9s de mucho esfuerzo, conseguimos por fin llegar arriba, los primeros David y Pierre, que caminan bastante m\u00e1s r\u00e1pido que nosotros, y despu\u00e9s Noelia, Conchita y yo.<\/p>\n<p style=\"text-align: justify;\">Como se puede ver en las fotos, llev\u00e1bamos una botella de cava para la celebraci\u00f3n, y con ella hicimos varias fotos, aunque en realidad no la pudimos abrir all\u00ed, porque hac\u00eda mucho viento, y por ello no pudimos comernos el bocata junto a la borna, como era muestra idea inicial, y teniendo en cuenta el fuerte descenso no era plan de beber cava sin comer nada.<\/p>\n<p style=\"text-align: justify;\">As\u00ed que despu\u00e9s de hacer un mont\u00f3n de fotos en la borna, muy cansados pero tambi\u00e9n muy contentos, empezamos a bajar , y en cuanto afloj\u00f3 el viento paramos a comer el bocata, abrimos la botella y descansamos un buen rato, que nos conven\u00eda bastante.<\/p>\n<p style=\"text-align: justify;\">En cuanto a las fotos, tenemos que dar las gracias a David\/Noelia y a Pierre, por las muchas que han hecho, ya que habitualmente nosotros cuando hacemos una ruta dif\u00edcil como \u00e9sta, se nos \u00abolvida\u00bb hacer fotos y tenemos muy pocas, y tampoco podemos hacernos alguna desde lejos, como nos han hecho ellos para poder apreciar la pendiente, tama\u00f1o de las piedras etc., aparte que en esta excursi\u00f3n en concreto, entre los nervios y la emoci\u00f3n de haber conseguido terminar todas las bornas o mojones, tampoco est\u00e1bamos muy por hacer nosotros las fotos.<\/p>\n<p style=\"text-align: justify;\">Cuando llegamos al refugio de Est\u00f3s, en donde dormimos tambi\u00e9n esta noche, nos tomamos algo fresco y despu\u00e9s en la cena, nos terminamos la botella de cava.<\/p>\n<hr \/>\n<p>&nbsp;<\/p>\n<p><strong>Distancia total<\/strong> :\u00a0 \u00a0 \u00a010&#8217;290\u00a0 km<span class=\"totlen\"><span class=\"summaryvalue\">.\u00a0\u00a0\u00a0\u00a0\u00a0\u00a0\u00a0\u00a0\u00a0\u00a0\u00a0\u00a0\u00a0\u00a0\u00a0\u00a0\u00a0\u00a0\u00a0\u00a0\u00a0 <strong>Alturas m\u00edn\/m\u00e1x. :\u00a0<\/strong>\u00a0 \u00a01.883\u00a0 m. \/\u00a0 2.618 m.<br \/>\n<\/span><\/span><\/p>\n<p>&nbsp;<\/p>\n<p><strong>Desnivel acumulado (s\/Wikiloc)<\/strong> :\u00a0 \u00a0 \u00a0 +\u00a0 725 m.<\/p>\n<p>&nbsp;<\/p>\n<p><strong>Desnivel acumulado (s\/GPSVisualizer)<\/strong>\u00a0 :\u00a0 \u00a0 +\u00a0 862 m.<\/p>\n<p>&nbsp;<\/p>\n<p>&nbsp;<\/p>\n<hr \/>\n<p style=\"text-align: justify;\"><strong>Album de fotos<\/strong><\/p>\n<p><a href=\"https:\/\/photos.app.goo.gl\/qjU6Dn7Txfq6oxFP7\" target=\"_blank\" rel=\"noopener\"><img loading=\"lazy\" decoding=\"async\" class=\"size-medium wp-image-21079 aligncenter\" src=\"https:\/\/www.carlosyconchita.net\/rutas\/wp-content\/uploads\/2025\/09\/330bis-1-300x169.jpg\" alt=\"\" width=\"300\" height=\"169\" srcset=\"https:\/\/www.carlosyconchita.net\/rutas\/wp-content\/uploads\/2025\/09\/330bis-1-300x169.jpg 300w, https:\/\/www.carlosyconchita.net\/rutas\/wp-content\/uploads\/2025\/09\/330bis-1-600x338.jpg 600w, https:\/\/www.carlosyconchita.net\/rutas\/wp-content\/uploads\/2025\/09\/330bis-1-768x433.jpg 768w, https:\/\/www.carlosyconchita.net\/rutas\/wp-content\/uploads\/2025\/09\/330bis-1.jpg 1024w\" sizes=\"auto, (max-width: 300px) 100vw, 300px\" \/><\/a><\/p>\n<hr \/>\n<p><strong>Minivideo<\/strong><\/p>\n<p>&nbsp;<\/p>\n<p><iframe loading=\"lazy\" title=\"Borna 330bis\" width=\"720\" height=\"405\" src=\"https:\/\/www.youtube.com\/embed\/oV4zELJOGZo?feature=oembed\" frameborder=\"0\" allow=\"accelerometer; autoplay; clipboard-write; encrypted-media; gyroscope; picture-in-picture; web-share\" referrerpolicy=\"strict-origin-when-cross-origin\" allowfullscreen><\/iframe><\/p>\n<p>&nbsp;<\/p>\n<hr \/>\n<p>&nbsp;<\/p>\n<p><strong>Porqu\u00e9 hay una B-330\u00a0 y otra B-330 bis ?<\/strong><\/p>\n<p>En este enlace se puede ver la historia de este tema en ingl\u00e9s, junto con unas imagenes de un mapa antiguo y uno moderno, en el que se v\u00e9 que el actual Puerto de Aygues Tortes, antes se conoc\u00eda por Puerto de Clarabide.<\/p>\n<p>La 330, segun la documentacion ten\u00eda que estar en el Puerto de Clarabide, pero alguien subi\u00f3 all\u00ed y no la encontr\u00f3, por lo que la grabaron entonces.<br \/>\nPero despu\u00e9s encontraron la 330 \u00abperdida\u00bb en el Puerto de Aygues Tortes (en mapas antiguos Puerto de Clarabide) , por lo que le cambiaron el nombre a 330 bis a la otra, que precisamente fue la \u00faltima que hicimos nosotros.<\/p>\n<p>Esta es la traducci\u00f3n del texto publicado por Eef Berns en\u00a0 <a href=\"https:\/\/www.grpdesbf.nl\/esfr-html-curiosities.html\" target=\"_blank\" rel=\"noopener\"><strong><span style=\"color: #0000ff;\">Ver enlace\u00a0<\/span><\/strong><\/a>\u00a0 \u00a0(Ir al final del todo)<\/p>\n<p><span style=\"color: #ff0000;\"><em>En septiembre de 2012, Jean-Paul Laborie ascendi\u00f3 al puerto de Aygues Tortes en medio de un fr\u00edo glacial, con los pulgares literalmente congelados. Pero ten\u00eda una misi\u00f3n: encontrar el moj\u00f3n fronterizo original bm330. Sabemos que este moj\u00f3n fue grabado en el siglo XIX en el puerto de Clarabide y que actualmente existe una cruz 330 en este collado. Sin embargo, esta cruz fue grabada en 2003 porque la anterior no se pudo encontrar.<\/em><\/span><\/p>\n<p><span style=\"color: #ff0000;\"><em>Jean-Paul Laborie es delegado del Comit\u00e9 de Fronteras Pirenaico. Al parecer, el moj\u00f3n bm330 le intrigaba y, en cierto momento, tuvo una idea brillante. \u00bfPodr\u00eda ser que la topograf\u00eda de los pasos fronterizos, tal como aparece en los mapas, hubiera cambiado con el paso de los a\u00f1os? \u00bfY que el puerto de Clarabide original estuviera en otro lugar? Junto con Michel Bachus, del Instituto de Cartograf\u00eda IGN, compar\u00f3 mapas antiguos y contempor\u00e1neos.<\/em><\/span><\/p>\n<p>As\u00ed que el problema es que la 330 original se hab\u00eda grabado en el actual Puerto de Aygues Tortes, porque en los mapas antiguos se conocia como Puerto de Clarabide :<\/p>\n<p><img loading=\"lazy\" decoding=\"async\" class=\"aligncenter wp-image-21831 size-large\" src=\"https:\/\/www.carlosyconchita.net\/rutas\/wp-content\/uploads\/2025\/09\/Mapa-330-330bis-454x450.png\" alt=\"\" width=\"454\" height=\"450\" srcset=\"https:\/\/www.carlosyconchita.net\/rutas\/wp-content\/uploads\/2025\/09\/Mapa-330-330bis-454x450.png 454w, https:\/\/www.carlosyconchita.net\/rutas\/wp-content\/uploads\/2025\/09\/Mapa-330-330bis-300x298.png 300w, https:\/\/www.carlosyconchita.net\/rutas\/wp-content\/uploads\/2025\/09\/Mapa-330-330bis.png 600w\" sizes=\"auto, (max-width: 454px) 100vw, 454px\" \/><\/p>\n<hr \/>\n<h4><strong>Mapa y track de la ruta<\/strong><\/h4>\n<p><a href=\"https:\/\/www.carlosyconchita.net\/rutas\/wp-content\/uploads\/gpx\/Borna-330bis.html\" target=\"_blank\" rel=\"noopener\"><img loading=\"lazy\" decoding=\"async\" class=\"aligncenter wp-image-16466\" src=\"https:\/\/www.carlosyconchita.net\/rutas\/wp-content\/uploads\/2021\/09\/mapa2.jpg\" alt=\"\" width=\"0185\" height=\"185\" srcset=\"https:\/\/www.carlosyconchita.net\/rutas\/wp-content\/uploads\/2021\/09\/mapa2.jpg 225w, https:\/\/www.carlosyconchita.net\/rutas\/wp-content\/uploads\/2021\/09\/mapa2-120x120.jpg 120w\" sizes=\"auto, (max-width: 185px) 100vw, 185px\" \/><\/a><\/p>\n<hr \/>\n<p><strong>Wikiloc\u00a0\u00a0\u00a0 <\/strong><strong><br \/>\n<\/strong><br \/>\n<a href=\"https:\/\/es.wikiloc.com\/rutas-senderismo\/borna-o-mojon-fronterizo-330bis-la-ultima-que-nos-quedaba-237566354\" target=\"_blank\" rel=\"noopener\"><img loading=\"lazy\" decoding=\"async\" class=\"aligncenter size-full wp-image-958\" src=\"https:\/\/www.carlosyconchita.net\/rutas\/wp-content\/uploads\/2020\/09\/wikiloc.jpg\" alt=\"\" width=\"117\" height=\"34\" \/><\/a><\/p>\n<hr \/>\n<p style=\"text-align: justify;\"><span style=\"color: #ff0000; background-color: #ffffff; font-size: 14pt;\"><strong>Si te ha gustado o tienes alguna consulta,\u00a0 env\u00edanos tu comentario.<br \/>\n<\/strong><\/span><\/p>\n<p style=\"text-align: justify;\"><span style=\"font-size: 14pt;\"><strong><span style=\"color: #ff0000;\">Muchas gracias !<\/span><\/strong><\/span><\/p>\n<hr \/>\n<p style=\"text-align: justify;\"><strong><span style=\"color: #008000;\">Suscribete si quieres recibir un mail cuando publiquemos nuevas rutas : no enviamos publicidad y como m\u00e1ximo enviamos 2 mails al mes<\/span><\/strong><\/p>\n<p style=\"text-align: center;\"><a href=\"https:\/\/mailchi.mp\/6989c83a3e24\/wmv06rtqcz\/\" target=\"_blank\" rel=\"noopener noreferrer\"><strong><span style=\"color: #0000ff;\">Pulsa aqu\u00ed para suscribirte<\/span><\/strong><\/a><\/p>\n<hr \/>\n<h3 style=\"text-align: justify;\">Puedes imprimir esta publicaci\u00f3n o guardarla en diferentes formatos :<\/h3>\n<p style=\"text-align: justify;\"><span style=\"color: #ff0000; font-size: 14pt;\">Para facilitar la impresi\u00f3n, hemos reducido considerablemente el tama\u00f1o de las fotos, pero si deseas imprimir sin fotos, aconsejamos guardarlo como \u201cdoc\u201d, y antes de imprimirlo, eliminar las fotos<\/span><\/p>\n<p>&nbsp;<\/p>\n","protected":false},"excerpt":{"rendered":"<p>Hoy hemos hecho la \u00faltima borna o moj\u00f3n fronterizo que nos quedaba, la 330 bis , con lo cual hemos recorrido todo el Pirineo desde el Cant\u00e1brico hasta el Mediterr\u00e1neo para encontrarlas. Nos han acompa\u00f1ado nuestro hijo David, Noelia y Pierre Gallart. Est\u00e1 situada en el Puerto de Clarabide, y para llegar a ella, ayer [&hellip;]<\/p>\n","protected":false},"author":50,"featured_media":21079,"comment_status":"open","ping_status":"open","sticky":false,"template":"","format":"standard","meta":{"footnotes":""},"categories":[23,12,90,74],"tags":[],"class_list":{"0":"post-21094","1":"post","2":"type-post","3":"status-publish","4":"format-standard","5":"has-post-thumbnail","6":"hentry","7":"category-de-10-a-15-km","8":"category-dificil","9":"category-huesca","10":"category-0-mojones-bornas-frontera","12":"post-with-thumbnail","13":"post-with-thumbnail-icon"},"yoast_head":"<!-- This site is optimized with the Yoast SEO plugin v27.5 - https:\/\/yoast.com\/product\/yoast-seo-wordpress\/ -->\n<title>16-09-2025-Borna 330 bis (d\u00eda 2) : la \u00faltima que nos quedaba !!! -<\/title>\n<meta name=\"robots\" content=\"index, follow, max-snippet:-1, max-image-preview:large, max-video-preview:-1\" \/>\n<link rel=\"canonical\" href=\"https:\/\/www.carlosyconchita.net\/rutas\/16-09-2025-borna-330-bis-la-ultima-que-nos-quedaba\/\" \/>\n<meta property=\"og:locale\" content=\"es_ES\" \/>\n<meta property=\"og:type\" content=\"article\" \/>\n<meta property=\"og:title\" content=\"16-09-2025-Borna 330 bis (d\u00eda 2) : la \u00faltima que nos quedaba !!! -\" \/>\n<meta property=\"og:description\" content=\"Hoy hemos hecho la \u00faltima borna o moj\u00f3n fronterizo que nos quedaba, la 330 bis , con lo cual hemos recorrido todo el Pirineo desde el Cant\u00e1brico hasta el Mediterr\u00e1neo para encontrarlas. Nos han acompa\u00f1ado nuestro hijo David, Noelia y Pierre Gallart. Est\u00e1 situada en el Puerto de Clarabide, y para llegar a ella, ayer [&hellip;]\" \/>\n<meta property=\"og:url\" content=\"https:\/\/www.carlosyconchita.net\/rutas\/16-09-2025-borna-330-bis-la-ultima-que-nos-quedaba\/\" \/>\n<meta property=\"og:site_name\" content=\"Las rutas de Carlos y Conchita\" \/>\n<meta property=\"article:published_time\" content=\"2025-09-16T15:50:05+00:00\" \/>\n<meta property=\"article:modified_time\" content=\"2026-04-21T15:45:27+00:00\" \/>\n<meta property=\"og:image\" content=\"https:\/\/www.carlosyconchita.net\/rutas\/wp-content\/uploads\/2025\/09\/330bis-1.jpg\" \/>\n\t<meta property=\"og:image:width\" content=\"1024\" \/>\n\t<meta property=\"og:image:height\" content=\"577\" \/>\n\t<meta property=\"og:image:type\" content=\"image\/jpeg\" \/>\n<meta name=\"author\" content=\"Carlos Conchita\" \/>\n<meta name=\"twitter:label1\" content=\"Escrito por\" \/>\n\t<meta name=\"twitter:data1\" content=\"Carlos Conchita\" \/>\n\t<meta name=\"twitter:label2\" content=\"Tiempo de lectura\" \/>\n\t<meta name=\"twitter:data2\" content=\"6 minutos\" \/>\n<script type=\"application\/ld+json\" class=\"yoast-schema-graph\">{\"@context\":\"https:\\\/\\\/schema.org\",\"@graph\":[{\"@type\":\"Article\",\"@id\":\"https:\\\/\\\/www.carlosyconchita.net\\\/rutas\\\/16-09-2025-borna-330-bis-la-ultima-que-nos-quedaba\\\/#article\",\"isPartOf\":{\"@id\":\"https:\\\/\\\/www.carlosyconchita.net\\\/rutas\\\/16-09-2025-borna-330-bis-la-ultima-que-nos-quedaba\\\/\"},\"author\":{\"name\":\"Carlos Conchita\",\"@id\":\"https:\\\/\\\/www.carlosyconchita.net\\\/rutas\\\/#\\\/schema\\\/person\\\/a9691f7258c28443fab2d3aa1479ea19\"},\"headline\":\"16-09-2025-Borna 330 bis (d\u00eda 2) : la \u00faltima que nos quedaba !!!\",\"datePublished\":\"2025-09-16T15:50:05+00:00\",\"dateModified\":\"2026-04-21T15:45:27+00:00\",\"mainEntityOfPage\":{\"@id\":\"https:\\\/\\\/www.carlosyconchita.net\\\/rutas\\\/16-09-2025-borna-330-bis-la-ultima-que-nos-quedaba\\\/\"},\"wordCount\":972,\"commentCount\":0,\"image\":{\"@id\":\"https:\\\/\\\/www.carlosyconchita.net\\\/rutas\\\/16-09-2025-borna-330-bis-la-ultima-que-nos-quedaba\\\/#primaryimage\"},\"thumbnailUrl\":\"https:\\\/\\\/www.carlosyconchita.net\\\/rutas\\\/wp-content\\\/uploads\\\/2025\\\/09\\\/330bis-1.jpg\",\"articleSection\":[\"3 - De 10 a 15 km.\",\"3-Dif\u00edcil\",\"Huesca\",\"Mojones \\\/ Bornas frontera ES-FR\"],\"inLanguage\":\"es\",\"potentialAction\":[{\"@type\":\"CommentAction\",\"name\":\"Comment\",\"target\":[\"https:\\\/\\\/www.carlosyconchita.net\\\/rutas\\\/16-09-2025-borna-330-bis-la-ultima-que-nos-quedaba\\\/#respond\"]}]},{\"@type\":\"WebPage\",\"@id\":\"https:\\\/\\\/www.carlosyconchita.net\\\/rutas\\\/16-09-2025-borna-330-bis-la-ultima-que-nos-quedaba\\\/\",\"url\":\"https:\\\/\\\/www.carlosyconchita.net\\\/rutas\\\/16-09-2025-borna-330-bis-la-ultima-que-nos-quedaba\\\/\",\"name\":\"16-09-2025-Borna 330 bis (d\u00eda 2) : la \u00faltima que nos quedaba !!! -\",\"isPartOf\":{\"@id\":\"https:\\\/\\\/www.carlosyconchita.net\\\/rutas\\\/#website\"},\"primaryImageOfPage\":{\"@id\":\"https:\\\/\\\/www.carlosyconchita.net\\\/rutas\\\/16-09-2025-borna-330-bis-la-ultima-que-nos-quedaba\\\/#primaryimage\"},\"image\":{\"@id\":\"https:\\\/\\\/www.carlosyconchita.net\\\/rutas\\\/16-09-2025-borna-330-bis-la-ultima-que-nos-quedaba\\\/#primaryimage\"},\"thumbnailUrl\":\"https:\\\/\\\/www.carlosyconchita.net\\\/rutas\\\/wp-content\\\/uploads\\\/2025\\\/09\\\/330bis-1.jpg\",\"datePublished\":\"2025-09-16T15:50:05+00:00\",\"dateModified\":\"2026-04-21T15:45:27+00:00\",\"author\":{\"@id\":\"https:\\\/\\\/www.carlosyconchita.net\\\/rutas\\\/#\\\/schema\\\/person\\\/a9691f7258c28443fab2d3aa1479ea19\"},\"breadcrumb\":{\"@id\":\"https:\\\/\\\/www.carlosyconchita.net\\\/rutas\\\/16-09-2025-borna-330-bis-la-ultima-que-nos-quedaba\\\/#breadcrumb\"},\"inLanguage\":\"es\",\"potentialAction\":[{\"@type\":\"ReadAction\",\"target\":[\"https:\\\/\\\/www.carlosyconchita.net\\\/rutas\\\/16-09-2025-borna-330-bis-la-ultima-que-nos-quedaba\\\/\"]}]},{\"@type\":\"ImageObject\",\"inLanguage\":\"es\",\"@id\":\"https:\\\/\\\/www.carlosyconchita.net\\\/rutas\\\/16-09-2025-borna-330-bis-la-ultima-que-nos-quedaba\\\/#primaryimage\",\"url\":\"https:\\\/\\\/www.carlosyconchita.net\\\/rutas\\\/wp-content\\\/uploads\\\/2025\\\/09\\\/330bis-1.jpg\",\"contentUrl\":\"https:\\\/\\\/www.carlosyconchita.net\\\/rutas\\\/wp-content\\\/uploads\\\/2025\\\/09\\\/330bis-1.jpg\",\"width\":1024,\"height\":577},{\"@type\":\"BreadcrumbList\",\"@id\":\"https:\\\/\\\/www.carlosyconchita.net\\\/rutas\\\/16-09-2025-borna-330-bis-la-ultima-que-nos-quedaba\\\/#breadcrumb\",\"itemListElement\":[{\"@type\":\"ListItem\",\"position\":1,\"name\":\"Portada\",\"item\":\"https:\\\/\\\/www.carlosyconchita.net\\\/rutas\\\/\"},{\"@type\":\"ListItem\",\"position\":2,\"name\":\"16-09-2025-Borna 330 bis (d\u00eda 2) : la \u00faltima que nos quedaba !!!\"}]},{\"@type\":\"WebSite\",\"@id\":\"https:\\\/\\\/www.carlosyconchita.net\\\/rutas\\\/#website\",\"url\":\"https:\\\/\\\/www.carlosyconchita.net\\\/rutas\\\/\",\"name\":\"Las rutas de Carlos y Conchita\",\"description\":\"\",\"potentialAction\":[{\"@type\":\"SearchAction\",\"target\":{\"@type\":\"EntryPoint\",\"urlTemplate\":\"https:\\\/\\\/www.carlosyconchita.net\\\/rutas\\\/?s={search_term_string}\"},\"query-input\":{\"@type\":\"PropertyValueSpecification\",\"valueRequired\":true,\"valueName\":\"search_term_string\"}}],\"inLanguage\":\"es\"},{\"@type\":\"Person\",\"@id\":\"https:\\\/\\\/www.carlosyconchita.net\\\/rutas\\\/#\\\/schema\\\/person\\\/a9691f7258c28443fab2d3aa1479ea19\",\"name\":\"Carlos Conchita\",\"image\":{\"@type\":\"ImageObject\",\"inLanguage\":\"es\",\"@id\":\"https:\\\/\\\/secure.gravatar.com\\\/avatar\\\/3a4625b20c8da3de99da69bfe7a322774e291c3f90dce7e8778a30fe6748ed1a?s=96&d=mm&r=g\",\"url\":\"https:\\\/\\\/secure.gravatar.com\\\/avatar\\\/3a4625b20c8da3de99da69bfe7a322774e291c3f90dce7e8778a30fe6748ed1a?s=96&d=mm&r=g\",\"contentUrl\":\"https:\\\/\\\/secure.gravatar.com\\\/avatar\\\/3a4625b20c8da3de99da69bfe7a322774e291c3f90dce7e8778a30fe6748ed1a?s=96&d=mm&r=g\",\"caption\":\"Carlos Conchita\"}}]}<\/script>\n<!-- \/ Yoast SEO plugin. -->","yoast_head_json":{"title":"16-09-2025-Borna 330 bis (d\u00eda 2) : la \u00faltima que nos quedaba !!! -","robots":{"index":"index","follow":"follow","max-snippet":"max-snippet:-1","max-image-preview":"max-image-preview:large","max-video-preview":"max-video-preview:-1"},"canonical":"https:\/\/www.carlosyconchita.net\/rutas\/16-09-2025-borna-330-bis-la-ultima-que-nos-quedaba\/","og_locale":"es_ES","og_type":"article","og_title":"16-09-2025-Borna 330 bis (d\u00eda 2) : la \u00faltima que nos quedaba !!! -","og_description":"Hoy hemos hecho la \u00faltima borna o moj\u00f3n fronterizo que nos quedaba, la 330 bis , con lo cual hemos recorrido todo el Pirineo desde el Cant\u00e1brico hasta el Mediterr\u00e1neo para encontrarlas. Nos han acompa\u00f1ado nuestro hijo David, Noelia y Pierre Gallart. Est\u00e1 situada en el Puerto de Clarabide, y para llegar a ella, ayer [&hellip;]","og_url":"https:\/\/www.carlosyconchita.net\/rutas\/16-09-2025-borna-330-bis-la-ultima-que-nos-quedaba\/","og_site_name":"Las rutas de Carlos y Conchita","article_published_time":"2025-09-16T15:50:05+00:00","article_modified_time":"2026-04-21T15:45:27+00:00","og_image":[{"width":1024,"height":577,"url":"https:\/\/www.carlosyconchita.net\/rutas\/wp-content\/uploads\/2025\/09\/330bis-1.jpg","type":"image\/jpeg"}],"author":"Carlos Conchita","twitter_misc":{"Escrito por":"Carlos Conchita","Tiempo de lectura":"6 minutos"},"schema":{"@context":"https:\/\/schema.org","@graph":[{"@type":"Article","@id":"https:\/\/www.carlosyconchita.net\/rutas\/16-09-2025-borna-330-bis-la-ultima-que-nos-quedaba\/#article","isPartOf":{"@id":"https:\/\/www.carlosyconchita.net\/rutas\/16-09-2025-borna-330-bis-la-ultima-que-nos-quedaba\/"},"author":{"name":"Carlos Conchita","@id":"https:\/\/www.carlosyconchita.net\/rutas\/#\/schema\/person\/a9691f7258c28443fab2d3aa1479ea19"},"headline":"16-09-2025-Borna 330 bis (d\u00eda 2) : la \u00faltima que nos quedaba !!!","datePublished":"2025-09-16T15:50:05+00:00","dateModified":"2026-04-21T15:45:27+00:00","mainEntityOfPage":{"@id":"https:\/\/www.carlosyconchita.net\/rutas\/16-09-2025-borna-330-bis-la-ultima-que-nos-quedaba\/"},"wordCount":972,"commentCount":0,"image":{"@id":"https:\/\/www.carlosyconchita.net\/rutas\/16-09-2025-borna-330-bis-la-ultima-que-nos-quedaba\/#primaryimage"},"thumbnailUrl":"https:\/\/www.carlosyconchita.net\/rutas\/wp-content\/uploads\/2025\/09\/330bis-1.jpg","articleSection":["3 - De 10 a 15 km.","3-Dif\u00edcil","Huesca","Mojones \/ Bornas frontera ES-FR"],"inLanguage":"es","potentialAction":[{"@type":"CommentAction","name":"Comment","target":["https:\/\/www.carlosyconchita.net\/rutas\/16-09-2025-borna-330-bis-la-ultima-que-nos-quedaba\/#respond"]}]},{"@type":"WebPage","@id":"https:\/\/www.carlosyconchita.net\/rutas\/16-09-2025-borna-330-bis-la-ultima-que-nos-quedaba\/","url":"https:\/\/www.carlosyconchita.net\/rutas\/16-09-2025-borna-330-bis-la-ultima-que-nos-quedaba\/","name":"16-09-2025-Borna 330 bis (d\u00eda 2) : la \u00faltima que nos quedaba !!! -","isPartOf":{"@id":"https:\/\/www.carlosyconchita.net\/rutas\/#website"},"primaryImageOfPage":{"@id":"https:\/\/www.carlosyconchita.net\/rutas\/16-09-2025-borna-330-bis-la-ultima-que-nos-quedaba\/#primaryimage"},"image":{"@id":"https:\/\/www.carlosyconchita.net\/rutas\/16-09-2025-borna-330-bis-la-ultima-que-nos-quedaba\/#primaryimage"},"thumbnailUrl":"https:\/\/www.carlosyconchita.net\/rutas\/wp-content\/uploads\/2025\/09\/330bis-1.jpg","datePublished":"2025-09-16T15:50:05+00:00","dateModified":"2026-04-21T15:45:27+00:00","author":{"@id":"https:\/\/www.carlosyconchita.net\/rutas\/#\/schema\/person\/a9691f7258c28443fab2d3aa1479ea19"},"breadcrumb":{"@id":"https:\/\/www.carlosyconchita.net\/rutas\/16-09-2025-borna-330-bis-la-ultima-que-nos-quedaba\/#breadcrumb"},"inLanguage":"es","potentialAction":[{"@type":"ReadAction","target":["https:\/\/www.carlosyconchita.net\/rutas\/16-09-2025-borna-330-bis-la-ultima-que-nos-quedaba\/"]}]},{"@type":"ImageObject","inLanguage":"es","@id":"https:\/\/www.carlosyconchita.net\/rutas\/16-09-2025-borna-330-bis-la-ultima-que-nos-quedaba\/#primaryimage","url":"https:\/\/www.carlosyconchita.net\/rutas\/wp-content\/uploads\/2025\/09\/330bis-1.jpg","contentUrl":"https:\/\/www.carlosyconchita.net\/rutas\/wp-content\/uploads\/2025\/09\/330bis-1.jpg","width":1024,"height":577},{"@type":"BreadcrumbList","@id":"https:\/\/www.carlosyconchita.net\/rutas\/16-09-2025-borna-330-bis-la-ultima-que-nos-quedaba\/#breadcrumb","itemListElement":[{"@type":"ListItem","position":1,"name":"Portada","item":"https:\/\/www.carlosyconchita.net\/rutas\/"},{"@type":"ListItem","position":2,"name":"16-09-2025-Borna 330 bis (d\u00eda 2) : la \u00faltima que nos quedaba !!!"}]},{"@type":"WebSite","@id":"https:\/\/www.carlosyconchita.net\/rutas\/#website","url":"https:\/\/www.carlosyconchita.net\/rutas\/","name":"Las rutas de Carlos y Conchita","description":"","potentialAction":[{"@type":"SearchAction","target":{"@type":"EntryPoint","urlTemplate":"https:\/\/www.carlosyconchita.net\/rutas\/?s={search_term_string}"},"query-input":{"@type":"PropertyValueSpecification","valueRequired":true,"valueName":"search_term_string"}}],"inLanguage":"es"},{"@type":"Person","@id":"https:\/\/www.carlosyconchita.net\/rutas\/#\/schema\/person\/a9691f7258c28443fab2d3aa1479ea19","name":"Carlos Conchita","image":{"@type":"ImageObject","inLanguage":"es","@id":"https:\/\/secure.gravatar.com\/avatar\/3a4625b20c8da3de99da69bfe7a322774e291c3f90dce7e8778a30fe6748ed1a?s=96&d=mm&r=g","url":"https:\/\/secure.gravatar.com\/avatar\/3a4625b20c8da3de99da69bfe7a322774e291c3f90dce7e8778a30fe6748ed1a?s=96&d=mm&r=g","contentUrl":"https:\/\/secure.gravatar.com\/avatar\/3a4625b20c8da3de99da69bfe7a322774e291c3f90dce7e8778a30fe6748ed1a?s=96&d=mm&r=g","caption":"Carlos Conchita"}}]}},"_links":{"self":[{"href":"https:\/\/www.carlosyconchita.net\/rutas\/wp-json\/wp\/v2\/posts\/21094","targetHints":{"allow":["GET"]}}],"collection":[{"href":"https:\/\/www.carlosyconchita.net\/rutas\/wp-json\/wp\/v2\/posts"}],"about":[{"href":"https:\/\/www.carlosyconchita.net\/rutas\/wp-json\/wp\/v2\/types\/post"}],"author":[{"embeddable":true,"href":"https:\/\/www.carlosyconchita.net\/rutas\/wp-json\/wp\/v2\/users\/50"}],"replies":[{"embeddable":true,"href":"https:\/\/www.carlosyconchita.net\/rutas\/wp-json\/wp\/v2\/comments?post=21094"}],"version-history":[{"count":3,"href":"https:\/\/www.carlosyconchita.net\/rutas\/wp-json\/wp\/v2\/posts\/21094\/revisions"}],"predecessor-version":[{"id":21833,"href":"https:\/\/www.carlosyconchita.net\/rutas\/wp-json\/wp\/v2\/posts\/21094\/revisions\/21833"}],"wp:featuredmedia":[{"embeddable":true,"href":"https:\/\/www.carlosyconchita.net\/rutas\/wp-json\/wp\/v2\/media\/21079"}],"wp:attachment":[{"href":"https:\/\/www.carlosyconchita.net\/rutas\/wp-json\/wp\/v2\/media?parent=21094"}],"wp:term":[{"taxonomy":"category","embeddable":true,"href":"https:\/\/www.carlosyconchita.net\/rutas\/wp-json\/wp\/v2\/categories?post=21094"},{"taxonomy":"post_tag","embeddable":true,"href":"https:\/\/www.carlosyconchita.net\/rutas\/wp-json\/wp\/v2\/tags?post=21094"}],"curies":[{"name":"wp","href":"https:\/\/api.w.org\/{rel}","templated":true}]}}