{"id":21184,"date":"2025-09-04T19:47:04","date_gmt":"2025-09-04T18:47:04","guid":{"rendered":"https:\/\/www.carlosyconchita.net\/rutas\/?p=21184"},"modified":"2025-10-26T21:19:31","modified_gmt":"2025-10-26T20:19:31","slug":"04-09-2025-borna-329","status":"publish","type":"post","link":"https:\/\/www.carlosyconchita.net\/rutas\/04-09-2025-borna-329\/","title":{"rendered":"04-09-2025-Borna 329"},"content":{"rendered":"<p style=\"text-align: center;\"><span style=\"color: #ff0000;\"><cite>601\u00a0 bornas (n\u00fameros)\u00a0 localizadas\u00a0 del total de 602 existentes, nos falta s\u00f3lo 1\u00a0 (la 330)<\/cite><\/span><\/p>\n<p style=\"text-align: center;\"><span style=\"color: #ff0000;\"><em>721\u00a0 bornas (piedras) localizadas del total de 723 existentes, nos faltan s\u00f3lo 2 (330 + 330 bis)<\/em><\/span><\/p>\n<p style=\"text-align: center;\">Ver relaci\u00f3n de bornas en la p\u00e1gina principal :\u00a0 Bornas pendientes<\/p>\n<p style=\"text-align: center;\">Enlace al album de fotos de las bornas :\u00a0\u00a0\u00a0\u00a0<strong><a href=\"https:\/\/www.carlosyconchita.net\/rutas\/bornas-es-fr-fotos\/\" target=\"_blank\" rel=\"noopener\"> Fotos bornas<\/a><\/strong><\/p>\n<p>&nbsp;<\/p>\n<p style=\"text-align: justify;\">Hoy vamos a hacer una de las \u00faltimas bornas que nos quedan junto con Eef y Pierre Gallart.\u00a0 Eef y nosotros hemos dormido en el camping Los Vives , y Pierre ha llegado puntualmente a las 7 h. de la ma\u00f1ana y nos dirigimos con el coche hacia la zona del Camping Forcallo.<\/p>\n<p style=\"text-align: justify;\">La caminata la empezamos en el Refugio de Tabern\u00e9s, con tiempo algo variable, con algunas nubes y tambi\u00e9n ratos de sol.<\/p>\n<p style=\"text-align: justify;\">Al principio vamos por un bonito bosque, hasta que salimos de \u00e9l y cruzamos el rio Cinqueta de la Pez por un puente de madera, tenemos que subir un tramo de bastante pendiente dentro de otro bosque, hasta salir al valle por donde vamos ascendiendo hasta el Puerto de la Pez, siguiendo m\u00e1s o menos el r\u00edo.<\/p>\n<p style=\"text-align: justify;\">Cuando llegamos arriba al puerto , empieza a nublarse y a hacer un fuerte viento muy frio (como nos est\u00e1 pasando estos \u00faltimos d\u00edas) , pero la borna no est\u00e1 all\u00ed mismo, sino que tenemos que desviarnos a nuestra derecha, siguiendo un poco la cresta unos 300 m.<\/p>\n<p style=\"text-align: justify;\">Hemos de indicar, que al llegar arriba vemos un letrero que indica que hemos llegado al Puerto de la Pez, pero en los mapas, el puerto est\u00e1 indicado donde est\u00e1 la borna, a unos 300 m., y que adem\u00e1s es donde podemos ver el camino que baja hacia Francia, por lo que suponemos que el que puso el letrero se equivoc\u00f3 de lugar (???)<\/p>\n<p style=\"text-align: justify;\">Ese tramo de 300 m. hasta la B-329, casi por la cresta,\u00a0 es por un estrecho camino, al borde del precipicio que tenemos a nuestra derecha, con alg\u00fan punto un poco dif\u00edcil, y por suerte, el fuerte viento que hab\u00eda all\u00ed arriba nos empujaba hacia la pared de la monta\u00f1a, porque en caso contrario habr\u00eda sido algo peligroso pasar por all\u00ed.<\/p>\n<p style=\"text-align: justify;\">Hacemos las fotos r\u00e1pidamente y empezamos a bajar por el mismo camino, y una vez en el valle podemos parar a comer algo al sol, y con temperatura muy agradable.<\/p>\n<hr \/>\n<p style=\"text-align: justify;\"><strong>Distancia total<\/strong> :\u00a0 \u00a0 13\u2019840\u00a0 km<span class=\"totlen\"><span class=\"summaryvalue\">.\u00a0\u00a0\u00a0\u00a0\u00a0\u00a0\u00a0\u00a0\u00a0\u00a0\u00a0\u00a0\u00a0\u00a0\u00a0\u00a0\u00a0\u00a0\u00a0\u00a0\u00a0 <strong>Alturas m\u00edn\/m\u00e1x. :\u00a0<\/strong>\u00a0 \u00a01.713\u00a0 m. \/\u00a0 2.469 m.<br \/>\n<\/span><\/span><\/p>\n<p><strong>Desnivel acumulado (s\/Wikiloc)<\/strong> :\u00a0 \u00a0 \u00a0 +\u00a0 766\u00a0 m.<\/p>\n<p>&nbsp;<\/p>\n<p><strong>Desnivel acumulado (s\/GPSVisualizer)<\/strong>\u00a0 :\u00a0 \u00a0 +\u00a0 977 m.<\/p>\n<p>&nbsp;<\/p>\n<hr \/>\n<p><strong>Album de fotos<\/strong><\/p>\n<p>&nbsp;<\/p>\n<p><a href=\"https:\/\/photos.app.goo.gl\/uLdb96F2h6arLKbS7\" target=\"_blank\" rel=\"noopener\"><img loading=\"lazy\" decoding=\"async\" class=\"size-medium wp-image-21185 aligncenter\" src=\"https:\/\/www.carlosyconchita.net\/rutas\/wp-content\/uploads\/2025\/10\/B-329-00020-300x169.jpg\" alt=\"\" width=\"300\" height=\"169\" srcset=\"https:\/\/www.carlosyconchita.net\/rutas\/wp-content\/uploads\/2025\/10\/B-329-00020-300x169.jpg 300w, https:\/\/www.carlosyconchita.net\/rutas\/wp-content\/uploads\/2025\/10\/B-329-00020-600x338.jpg 600w, https:\/\/www.carlosyconchita.net\/rutas\/wp-content\/uploads\/2025\/10\/B-329-00020-768x433.jpg 768w, https:\/\/www.carlosyconchita.net\/rutas\/wp-content\/uploads\/2025\/10\/B-329-00020.jpg 1024w\" sizes=\"auto, (max-width: 300px) 100vw, 300px\" \/><\/a><\/p>\n<hr \/>\n<p><strong>Minivideo<\/strong><\/p>\n<p>&nbsp;<\/p>\n<p><iframe loading=\"lazy\" title=\"Borna 329\" width=\"720\" height=\"405\" src=\"https:\/\/www.youtube.com\/embed\/c3O6Px5XGtA?feature=oembed\" frameborder=\"0\" allow=\"accelerometer; autoplay; clipboard-write; encrypted-media; gyroscope; picture-in-picture; web-share\" referrerpolicy=\"strict-origin-when-cross-origin\" allowfullscreen><\/iframe><\/p>\n<p>&nbsp;<\/p>\n<p>&nbsp;<\/p>\n<hr \/>\n<p>&nbsp;<\/p>\n<h4><strong>Mapa y track de la ruta<\/strong><\/h4>\n<p><a href=\"https:\/\/www.carlosyconchita.net\/rutas\/wp-content\/uploads\/gpx\/Borna-329.html\" target=\"_blank\" rel=\"noopener\"><img loading=\"lazy\" decoding=\"async\" class=\"aligncenter wp-image-16466\" src=\"https:\/\/www.carlosyconchita.net\/rutas\/wp-content\/uploads\/2021\/09\/mapa2.jpg\" alt=\"\" width=\"0185\" height=\"185\" srcset=\"https:\/\/www.carlosyconchita.net\/rutas\/wp-content\/uploads\/2021\/09\/mapa2.jpg 225w, https:\/\/www.carlosyconchita.net\/rutas\/wp-content\/uploads\/2021\/09\/mapa2-120x120.jpg 120w\" sizes=\"auto, (max-width: 185px) 100vw, 185px\" \/><\/a><\/p>\n<hr \/>\n<p><strong>Wikiloc\u00a0\u00a0\u00a0 <\/strong><strong><br \/>\n<\/strong><br \/>\n<a href=\"https:\/\/es.wikiloc.com\/rutas-senderismo\/borna-o-mojon-fronterizo-329-237205049\" target=\"_blank\" rel=\"noopener\"><img loading=\"lazy\" decoding=\"async\" class=\"aligncenter size-full wp-image-958\" src=\"https:\/\/www.carlosyconchita.net\/rutas\/wp-content\/uploads\/2020\/09\/wikiloc.jpg\" alt=\"\" width=\"117\" height=\"34\" \/><\/a><\/p>\n<hr \/>\n<p style=\"text-align: justify;\"><span style=\"color: #ff0000; background-color: #ffffff; font-size: 14pt;\"><strong>Si te ha gustado o tienes alguna consulta,\u00a0 env\u00edanos tu comentario.<br \/>\n<\/strong><\/span><\/p>\n<p style=\"text-align: justify;\"><span style=\"font-size: 14pt;\"><strong><span style=\"color: #ff0000;\">Muchas gracias !<\/span><\/strong><\/span><\/p>\n<hr \/>\n<p style=\"text-align: justify;\"><strong><span style=\"color: #008000;\">Suscribete si quieres recibir un mail cuando publiquemos nuevas rutas : no enviamos publicidad y como m\u00e1ximo enviamos 2 mails al mes<\/span><\/strong><\/p>\n<p style=\"text-align: center;\"><a href=\"https:\/\/mailchi.mp\/6989c83a3e24\/wmv06rtqcz\/\" target=\"_blank\" rel=\"noopener noreferrer\"><strong><span style=\"color: #0000ff;\">Pulsa aqu\u00ed para suscribirte<\/span><\/strong><\/a><\/p>\n<hr \/>\n<h3 style=\"text-align: justify;\">Puedes imprimir esta publicaci\u00f3n o guardarla en diferentes formatos :<\/h3>\n<p style=\"text-align: justify;\"><span style=\"color: #ff0000; font-size: 14pt;\">Para facilitar la impresi\u00f3n, hemos reducido considerablemente el tama\u00f1o de las fotos que puedan aparecer en la explicaci\u00f3n, pero si deseas imprimir sin fotos, aconsejamos guardarlo como \u201cdoc\u201d, y antes de imprimirlo, eliminar las fotos<\/span><\/p>\n<p>&nbsp;<\/p>\n","protected":false},"excerpt":{"rendered":"<p>601\u00a0 bornas (n\u00fameros)\u00a0 localizadas\u00a0 del total de 602 existentes, nos falta s\u00f3lo 1\u00a0 (la 330) 721\u00a0 bornas (piedras) localizadas del total de 723 existentes, nos faltan s\u00f3lo 2 (330 + 330 bis) Ver relaci\u00f3n de bornas en la p\u00e1gina principal :\u00a0 Bornas pendientes Enlace al album de fotos de las bornas :\u00a0\u00a0\u00a0\u00a0 Fotos bornas &nbsp; [&hellip;]<\/p>\n","protected":false},"author":50,"featured_media":21185,"comment_status":"open","ping_status":"open","sticky":false,"template":"","format":"standard","meta":{"footnotes":""},"categories":[11,23,141,74],"tags":[],"class_list":{"0":"post-21184","1":"post","2":"type-post","3":"status-publish","4":"format-standard","5":"has-post-thumbnail","6":"hentry","7":"category-moderada","8":"category-de-10-a-15-km","9":"category-bielsa","10":"category-0-mojones-bornas-frontera","12":"post-with-thumbnail","13":"post-with-thumbnail-icon"},"yoast_head":"<!-- This site is optimized with the Yoast SEO plugin v27.4 - https:\/\/yoast.com\/product\/yoast-seo-wordpress\/ -->\n<title>04-09-2025-Borna 329 -<\/title>\n<meta name=\"robots\" content=\"index, follow, max-snippet:-1, max-image-preview:large, max-video-preview:-1\" \/>\n<link rel=\"canonical\" href=\"https:\/\/www.carlosyconchita.net\/rutas\/04-09-2025-borna-329\/\" \/>\n<meta property=\"og:locale\" content=\"es_ES\" \/>\n<meta property=\"og:type\" content=\"article\" \/>\n<meta property=\"og:title\" content=\"04-09-2025-Borna 329 -\" \/>\n<meta property=\"og:description\" content=\"601\u00a0 bornas (n\u00fameros)\u00a0 localizadas\u00a0 del total de 602 existentes, nos falta s\u00f3lo 1\u00a0 (la 330) 721\u00a0 bornas (piedras) localizadas del total de 723 existentes, nos faltan s\u00f3lo 2 (330 + 330 bis) Ver relaci\u00f3n de bornas en la p\u00e1gina principal :\u00a0 Bornas pendientes Enlace al album de fotos de las bornas :\u00a0\u00a0\u00a0\u00a0 Fotos bornas &nbsp; [&hellip;]\" \/>\n<meta property=\"og:url\" content=\"https:\/\/www.carlosyconchita.net\/rutas\/04-09-2025-borna-329\/\" \/>\n<meta property=\"og:site_name\" content=\"Las rutas de Carlos y Conchita\" \/>\n<meta property=\"article:published_time\" content=\"2025-09-04T18:47:04+00:00\" \/>\n<meta property=\"article:modified_time\" content=\"2025-10-26T20:19:31+00:00\" \/>\n<meta property=\"og:image\" content=\"https:\/\/www.carlosyconchita.net\/rutas\/wp-content\/uploads\/2025\/10\/B-329-00020.jpg\" \/>\n\t<meta property=\"og:image:width\" content=\"1024\" \/>\n\t<meta property=\"og:image:height\" content=\"577\" \/>\n\t<meta property=\"og:image:type\" content=\"image\/jpeg\" \/>\n<meta name=\"author\" content=\"Carlos Conchita\" \/>\n<meta name=\"twitter:label1\" content=\"Escrito por\" \/>\n\t<meta name=\"twitter:data1\" content=\"Carlos Conchita\" \/>\n\t<meta name=\"twitter:label2\" content=\"Tiempo de lectura\" \/>\n\t<meta name=\"twitter:data2\" content=\"4 minutos\" \/>\n<script type=\"application\/ld+json\" class=\"yoast-schema-graph\">{\"@context\":\"https:\\\/\\\/schema.org\",\"@graph\":[{\"@type\":\"Article\",\"@id\":\"https:\\\/\\\/www.carlosyconchita.net\\\/rutas\\\/04-09-2025-borna-329\\\/#article\",\"isPartOf\":{\"@id\":\"https:\\\/\\\/www.carlosyconchita.net\\\/rutas\\\/04-09-2025-borna-329\\\/\"},\"author\":{\"name\":\"Carlos Conchita\",\"@id\":\"https:\\\/\\\/www.carlosyconchita.net\\\/rutas\\\/#\\\/schema\\\/person\\\/a9691f7258c28443fab2d3aa1479ea19\"},\"headline\":\"04-09-2025-Borna 329\",\"datePublished\":\"2025-09-04T18:47:04+00:00\",\"dateModified\":\"2025-10-26T20:19:31+00:00\",\"mainEntityOfPage\":{\"@id\":\"https:\\\/\\\/www.carlosyconchita.net\\\/rutas\\\/04-09-2025-borna-329\\\/\"},\"wordCount\":523,\"commentCount\":0,\"image\":{\"@id\":\"https:\\\/\\\/www.carlosyconchita.net\\\/rutas\\\/04-09-2025-borna-329\\\/#primaryimage\"},\"thumbnailUrl\":\"https:\\\/\\\/www.carlosyconchita.net\\\/rutas\\\/wp-content\\\/uploads\\\/2025\\\/10\\\/B-329-00020.jpg\",\"articleSection\":[\"2-Moderada\",\"3 - De 10 a 15 km.\",\"Bielsa\",\"Mojones \\\/ Bornas frontera ES-FR\"],\"inLanguage\":\"es\",\"potentialAction\":[{\"@type\":\"CommentAction\",\"name\":\"Comment\",\"target\":[\"https:\\\/\\\/www.carlosyconchita.net\\\/rutas\\\/04-09-2025-borna-329\\\/#respond\"]}]},{\"@type\":\"WebPage\",\"@id\":\"https:\\\/\\\/www.carlosyconchita.net\\\/rutas\\\/04-09-2025-borna-329\\\/\",\"url\":\"https:\\\/\\\/www.carlosyconchita.net\\\/rutas\\\/04-09-2025-borna-329\\\/\",\"name\":\"04-09-2025-Borna 329 -\",\"isPartOf\":{\"@id\":\"https:\\\/\\\/www.carlosyconchita.net\\\/rutas\\\/#website\"},\"primaryImageOfPage\":{\"@id\":\"https:\\\/\\\/www.carlosyconchita.net\\\/rutas\\\/04-09-2025-borna-329\\\/#primaryimage\"},\"image\":{\"@id\":\"https:\\\/\\\/www.carlosyconchita.net\\\/rutas\\\/04-09-2025-borna-329\\\/#primaryimage\"},\"thumbnailUrl\":\"https:\\\/\\\/www.carlosyconchita.net\\\/rutas\\\/wp-content\\\/uploads\\\/2025\\\/10\\\/B-329-00020.jpg\",\"datePublished\":\"2025-09-04T18:47:04+00:00\",\"dateModified\":\"2025-10-26T20:19:31+00:00\",\"author\":{\"@id\":\"https:\\\/\\\/www.carlosyconchita.net\\\/rutas\\\/#\\\/schema\\\/person\\\/a9691f7258c28443fab2d3aa1479ea19\"},\"breadcrumb\":{\"@id\":\"https:\\\/\\\/www.carlosyconchita.net\\\/rutas\\\/04-09-2025-borna-329\\\/#breadcrumb\"},\"inLanguage\":\"es\",\"potentialAction\":[{\"@type\":\"ReadAction\",\"target\":[\"https:\\\/\\\/www.carlosyconchita.net\\\/rutas\\\/04-09-2025-borna-329\\\/\"]}]},{\"@type\":\"ImageObject\",\"inLanguage\":\"es\",\"@id\":\"https:\\\/\\\/www.carlosyconchita.net\\\/rutas\\\/04-09-2025-borna-329\\\/#primaryimage\",\"url\":\"https:\\\/\\\/www.carlosyconchita.net\\\/rutas\\\/wp-content\\\/uploads\\\/2025\\\/10\\\/B-329-00020.jpg\",\"contentUrl\":\"https:\\\/\\\/www.carlosyconchita.net\\\/rutas\\\/wp-content\\\/uploads\\\/2025\\\/10\\\/B-329-00020.jpg\",\"width\":1024,\"height\":577},{\"@type\":\"BreadcrumbList\",\"@id\":\"https:\\\/\\\/www.carlosyconchita.net\\\/rutas\\\/04-09-2025-borna-329\\\/#breadcrumb\",\"itemListElement\":[{\"@type\":\"ListItem\",\"position\":1,\"name\":\"Portada\",\"item\":\"https:\\\/\\\/www.carlosyconchita.net\\\/rutas\\\/\"},{\"@type\":\"ListItem\",\"position\":2,\"name\":\"04-09-2025-Borna 329\"}]},{\"@type\":\"WebSite\",\"@id\":\"https:\\\/\\\/www.carlosyconchita.net\\\/rutas\\\/#website\",\"url\":\"https:\\\/\\\/www.carlosyconchita.net\\\/rutas\\\/\",\"name\":\"Las rutas de Carlos y Conchita\",\"description\":\"\",\"potentialAction\":[{\"@type\":\"SearchAction\",\"target\":{\"@type\":\"EntryPoint\",\"urlTemplate\":\"https:\\\/\\\/www.carlosyconchita.net\\\/rutas\\\/?s={search_term_string}\"},\"query-input\":{\"@type\":\"PropertyValueSpecification\",\"valueRequired\":true,\"valueName\":\"search_term_string\"}}],\"inLanguage\":\"es\"},{\"@type\":\"Person\",\"@id\":\"https:\\\/\\\/www.carlosyconchita.net\\\/rutas\\\/#\\\/schema\\\/person\\\/a9691f7258c28443fab2d3aa1479ea19\",\"name\":\"Carlos Conchita\",\"image\":{\"@type\":\"ImageObject\",\"inLanguage\":\"es\",\"@id\":\"https:\\\/\\\/secure.gravatar.com\\\/avatar\\\/3a4625b20c8da3de99da69bfe7a322774e291c3f90dce7e8778a30fe6748ed1a?s=96&d=mm&r=g\",\"url\":\"https:\\\/\\\/secure.gravatar.com\\\/avatar\\\/3a4625b20c8da3de99da69bfe7a322774e291c3f90dce7e8778a30fe6748ed1a?s=96&d=mm&r=g\",\"contentUrl\":\"https:\\\/\\\/secure.gravatar.com\\\/avatar\\\/3a4625b20c8da3de99da69bfe7a322774e291c3f90dce7e8778a30fe6748ed1a?s=96&d=mm&r=g\",\"caption\":\"Carlos Conchita\"}}]}<\/script>\n<!-- \/ Yoast SEO plugin. -->","yoast_head_json":{"title":"04-09-2025-Borna 329 -","robots":{"index":"index","follow":"follow","max-snippet":"max-snippet:-1","max-image-preview":"max-image-preview:large","max-video-preview":"max-video-preview:-1"},"canonical":"https:\/\/www.carlosyconchita.net\/rutas\/04-09-2025-borna-329\/","og_locale":"es_ES","og_type":"article","og_title":"04-09-2025-Borna 329 -","og_description":"601\u00a0 bornas (n\u00fameros)\u00a0 localizadas\u00a0 del total de 602 existentes, nos falta s\u00f3lo 1\u00a0 (la 330) 721\u00a0 bornas (piedras) localizadas del total de 723 existentes, nos faltan s\u00f3lo 2 (330 + 330 bis) Ver relaci\u00f3n de bornas en la p\u00e1gina principal :\u00a0 Bornas pendientes Enlace al album de fotos de las bornas :\u00a0\u00a0\u00a0\u00a0 Fotos bornas &nbsp; [&hellip;]","og_url":"https:\/\/www.carlosyconchita.net\/rutas\/04-09-2025-borna-329\/","og_site_name":"Las rutas de Carlos y Conchita","article_published_time":"2025-09-04T18:47:04+00:00","article_modified_time":"2025-10-26T20:19:31+00:00","og_image":[{"width":1024,"height":577,"url":"https:\/\/www.carlosyconchita.net\/rutas\/wp-content\/uploads\/2025\/10\/B-329-00020.jpg","type":"image\/jpeg"}],"author":"Carlos Conchita","twitter_misc":{"Escrito por":"Carlos Conchita","Tiempo de lectura":"4 minutos"},"schema":{"@context":"https:\/\/schema.org","@graph":[{"@type":"Article","@id":"https:\/\/www.carlosyconchita.net\/rutas\/04-09-2025-borna-329\/#article","isPartOf":{"@id":"https:\/\/www.carlosyconchita.net\/rutas\/04-09-2025-borna-329\/"},"author":{"name":"Carlos Conchita","@id":"https:\/\/www.carlosyconchita.net\/rutas\/#\/schema\/person\/a9691f7258c28443fab2d3aa1479ea19"},"headline":"04-09-2025-Borna 329","datePublished":"2025-09-04T18:47:04+00:00","dateModified":"2025-10-26T20:19:31+00:00","mainEntityOfPage":{"@id":"https:\/\/www.carlosyconchita.net\/rutas\/04-09-2025-borna-329\/"},"wordCount":523,"commentCount":0,"image":{"@id":"https:\/\/www.carlosyconchita.net\/rutas\/04-09-2025-borna-329\/#primaryimage"},"thumbnailUrl":"https:\/\/www.carlosyconchita.net\/rutas\/wp-content\/uploads\/2025\/10\/B-329-00020.jpg","articleSection":["2-Moderada","3 - De 10 a 15 km.","Bielsa","Mojones \/ Bornas frontera ES-FR"],"inLanguage":"es","potentialAction":[{"@type":"CommentAction","name":"Comment","target":["https:\/\/www.carlosyconchita.net\/rutas\/04-09-2025-borna-329\/#respond"]}]},{"@type":"WebPage","@id":"https:\/\/www.carlosyconchita.net\/rutas\/04-09-2025-borna-329\/","url":"https:\/\/www.carlosyconchita.net\/rutas\/04-09-2025-borna-329\/","name":"04-09-2025-Borna 329 -","isPartOf":{"@id":"https:\/\/www.carlosyconchita.net\/rutas\/#website"},"primaryImageOfPage":{"@id":"https:\/\/www.carlosyconchita.net\/rutas\/04-09-2025-borna-329\/#primaryimage"},"image":{"@id":"https:\/\/www.carlosyconchita.net\/rutas\/04-09-2025-borna-329\/#primaryimage"},"thumbnailUrl":"https:\/\/www.carlosyconchita.net\/rutas\/wp-content\/uploads\/2025\/10\/B-329-00020.jpg","datePublished":"2025-09-04T18:47:04+00:00","dateModified":"2025-10-26T20:19:31+00:00","author":{"@id":"https:\/\/www.carlosyconchita.net\/rutas\/#\/schema\/person\/a9691f7258c28443fab2d3aa1479ea19"},"breadcrumb":{"@id":"https:\/\/www.carlosyconchita.net\/rutas\/04-09-2025-borna-329\/#breadcrumb"},"inLanguage":"es","potentialAction":[{"@type":"ReadAction","target":["https:\/\/www.carlosyconchita.net\/rutas\/04-09-2025-borna-329\/"]}]},{"@type":"ImageObject","inLanguage":"es","@id":"https:\/\/www.carlosyconchita.net\/rutas\/04-09-2025-borna-329\/#primaryimage","url":"https:\/\/www.carlosyconchita.net\/rutas\/wp-content\/uploads\/2025\/10\/B-329-00020.jpg","contentUrl":"https:\/\/www.carlosyconchita.net\/rutas\/wp-content\/uploads\/2025\/10\/B-329-00020.jpg","width":1024,"height":577},{"@type":"BreadcrumbList","@id":"https:\/\/www.carlosyconchita.net\/rutas\/04-09-2025-borna-329\/#breadcrumb","itemListElement":[{"@type":"ListItem","position":1,"name":"Portada","item":"https:\/\/www.carlosyconchita.net\/rutas\/"},{"@type":"ListItem","position":2,"name":"04-09-2025-Borna 329"}]},{"@type":"WebSite","@id":"https:\/\/www.carlosyconchita.net\/rutas\/#website","url":"https:\/\/www.carlosyconchita.net\/rutas\/","name":"Las rutas de Carlos y Conchita","description":"","potentialAction":[{"@type":"SearchAction","target":{"@type":"EntryPoint","urlTemplate":"https:\/\/www.carlosyconchita.net\/rutas\/?s={search_term_string}"},"query-input":{"@type":"PropertyValueSpecification","valueRequired":true,"valueName":"search_term_string"}}],"inLanguage":"es"},{"@type":"Person","@id":"https:\/\/www.carlosyconchita.net\/rutas\/#\/schema\/person\/a9691f7258c28443fab2d3aa1479ea19","name":"Carlos Conchita","image":{"@type":"ImageObject","inLanguage":"es","@id":"https:\/\/secure.gravatar.com\/avatar\/3a4625b20c8da3de99da69bfe7a322774e291c3f90dce7e8778a30fe6748ed1a?s=96&d=mm&r=g","url":"https:\/\/secure.gravatar.com\/avatar\/3a4625b20c8da3de99da69bfe7a322774e291c3f90dce7e8778a30fe6748ed1a?s=96&d=mm&r=g","contentUrl":"https:\/\/secure.gravatar.com\/avatar\/3a4625b20c8da3de99da69bfe7a322774e291c3f90dce7e8778a30fe6748ed1a?s=96&d=mm&r=g","caption":"Carlos Conchita"}}]}},"_links":{"self":[{"href":"https:\/\/www.carlosyconchita.net\/rutas\/wp-json\/wp\/v2\/posts\/21184","targetHints":{"allow":["GET"]}}],"collection":[{"href":"https:\/\/www.carlosyconchita.net\/rutas\/wp-json\/wp\/v2\/posts"}],"about":[{"href":"https:\/\/www.carlosyconchita.net\/rutas\/wp-json\/wp\/v2\/types\/post"}],"author":[{"embeddable":true,"href":"https:\/\/www.carlosyconchita.net\/rutas\/wp-json\/wp\/v2\/users\/50"}],"replies":[{"embeddable":true,"href":"https:\/\/www.carlosyconchita.net\/rutas\/wp-json\/wp\/v2\/comments?post=21184"}],"version-history":[{"count":4,"href":"https:\/\/www.carlosyconchita.net\/rutas\/wp-json\/wp\/v2\/posts\/21184\/revisions"}],"predecessor-version":[{"id":21238,"href":"https:\/\/www.carlosyconchita.net\/rutas\/wp-json\/wp\/v2\/posts\/21184\/revisions\/21238"}],"wp:featuredmedia":[{"embeddable":true,"href":"https:\/\/www.carlosyconchita.net\/rutas\/wp-json\/wp\/v2\/media\/21185"}],"wp:attachment":[{"href":"https:\/\/www.carlosyconchita.net\/rutas\/wp-json\/wp\/v2\/media?parent=21184"}],"wp:term":[{"taxonomy":"category","embeddable":true,"href":"https:\/\/www.carlosyconchita.net\/rutas\/wp-json\/wp\/v2\/categories?post=21184"},{"taxonomy":"post_tag","embeddable":true,"href":"https:\/\/www.carlosyconchita.net\/rutas\/wp-json\/wp\/v2\/tags?post=21184"}],"curies":[{"name":"wp","href":"https:\/\/api.w.org\/{rel}","templated":true}]}}