{"id":21325,"date":"2025-05-27T16:20:45","date_gmt":"2025-05-27T15:20:45","guid":{"rendered":"https:\/\/www.carlosyconchita.net\/rutas\/?p=21325"},"modified":"2026-03-15T16:54:16","modified_gmt":"2026-03-15T15:54:16","slug":"27-05-2025-bornas-llivia-de-la-31-a-la-44","status":"publish","type":"post","link":"https:\/\/www.carlosyconchita.net\/rutas\/27-05-2025-bornas-llivia-de-la-31-a-la-44\/","title":{"rendered":"27-05-2025-Bornas Ll\u00edvia de la 31 a la 44 con Eef y Anjo"},"content":{"rendered":"<p style=\"text-align: justify;\">Hoy vamos a ense\u00f1ar a Anjo un poco el \u00abtrabajo\u00bb que hemos hecho estos a\u00f1os buscando las bornas o mojones fronterizos, tanto nosotros como Eef.<\/p>\n<p style=\"text-align: justify;\">Decimos \u00abun poco\u00bb\u00a0 porque Eef ha elegido una ruta f\u00e1cil y plana , pero con dificultades para localizar las bornas por estar tapadas de vegetaci\u00f3n, muy deterioradas ya que casi no se ven los n\u00fameros etc. que hace que se pierda bastante tiempo en poder despejar la zona para hacer la foto y que se pueda ver un poco los n\u00famero, y tambi\u00e9n ha podido ver que varias de ellas est\u00e1n \u00abduplicadas\u00bb , cosa que suele pasar cuando la linea de la frontera es un r\u00edo, ya que entonces hay una borna a cada lado del r\u00edo, para indicar que la l\u00ednea de la frontera es el punto medio.<\/p>\n<p style=\"text-align: justify;\">As\u00ed que hemos hecho un recorrido por la frontera de Ll\u00edvia con Francia, para ver las bornas o mojones desde el n\u00famero 44 al 31.<\/p>\n<p>De todas formas, este paisaje en concreto no es el m\u00e1s bonito de los Pirineos, as\u00ed que esperamos que otro a\u00f1o vengan de nuevo con m\u00e1s tiempo, para poderle ense\u00f1ar a Anjo alguno de los magn\u00edficos paisajes que hemos visto en todos estos a\u00f1os.<\/p>\n<p>Por la noche, ya en casa, les hemos invitado a la t\u00edpica \u00abraclette\u00bb\u00a0 francesa, ya que ellos no la conoc\u00edan.<\/p>\n<p>&nbsp;<\/p>\n<hr \/>\n<p style=\"text-align: justify;\"><strong>Album de fotos<\/strong><\/p>\n<p><a href=\"https:\/\/photos.app.goo.gl\/fXtZ8hMRar2qgsex8\" target=\"_blank\" rel=\"noopener\"><img loading=\"lazy\" decoding=\"async\" class=\"size-medium wp-image-21327 aligncenter\" src=\"https:\/\/www.carlosyconchita.net\/rutas\/wp-content\/uploads\/2025\/11\/Llivia-0060-300x169.jpg\" alt=\"\" width=\"300\" height=\"169\" srcset=\"https:\/\/www.carlosyconchita.net\/rutas\/wp-content\/uploads\/2025\/11\/Llivia-0060-300x169.jpg 300w, https:\/\/www.carlosyconchita.net\/rutas\/wp-content\/uploads\/2025\/11\/Llivia-0060-600x338.jpg 600w, https:\/\/www.carlosyconchita.net\/rutas\/wp-content\/uploads\/2025\/11\/Llivia-0060-768x433.jpg 768w, https:\/\/www.carlosyconchita.net\/rutas\/wp-content\/uploads\/2025\/11\/Llivia-0060.jpg 1024w\" sizes=\"auto, (max-width: 300px) 100vw, 300px\" \/><\/a><\/p>\n<hr \/>\n<p>&nbsp;<\/p>\n<p><strong>Minivideo LL-33 y vacas<\/strong><\/p>\n<p>&nbsp;<\/p>\n<p><iframe loading=\"lazy\" title=\"Borna o moj\u00f3n fronterizo Ll\u00edvia (LL33) y vacas\" width=\"720\" height=\"405\" src=\"https:\/\/www.youtube.com\/embed\/iI06iCM-JF4?feature=oembed\" frameborder=\"0\" allow=\"accelerometer; autoplay; clipboard-write; encrypted-media; gyroscope; picture-in-picture; web-share\" referrerpolicy=\"strict-origin-when-cross-origin\" allowfullscreen><\/iframe><\/p>\n<hr \/>\n<h4><strong>Mapa y track de la ruta<\/strong><\/h4>\n<p><a href=\"https:\/\/www.carlosyconchita.net\/rutas\/wp-content\/uploads\/gpx\/BornasLlivia-31-44.html\" target=\"_blank\" rel=\"noopener\"><img loading=\"lazy\" decoding=\"async\" class=\"aligncenter wp-image-16466\" src=\"https:\/\/www.carlosyconchita.net\/rutas\/wp-content\/uploads\/2021\/09\/mapa2.jpg\" alt=\"\" width=\"0185\" height=\"185\" srcset=\"https:\/\/www.carlosyconchita.net\/rutas\/wp-content\/uploads\/2021\/09\/mapa2.jpg 225w, https:\/\/www.carlosyconchita.net\/rutas\/wp-content\/uploads\/2021\/09\/mapa2-120x120.jpg 120w\" sizes=\"auto, (max-width: 185px) 100vw, 185px\" \/><\/a><\/p>\n<hr \/>\n<p><strong>Wikiloc\u00a0\u00a0\u00a0 <\/strong><strong><br \/>\n<\/strong><br \/>\n<a href=\"https:\/\/es.wikiloc.com\/rutas-senderismo\/bornas-o-mojones-fronterizos-llivia-31-a-44-240114227\" target=\"_blank\" rel=\"noopener\"><img loading=\"lazy\" decoding=\"async\" class=\"aligncenter size-full wp-image-958\" src=\"https:\/\/www.carlosyconchita.net\/rutas\/wp-content\/uploads\/2020\/09\/wikiloc.jpg\" alt=\"\" width=\"117\" height=\"34\" \/><\/a><\/p>\n<hr \/>\n<p style=\"text-align: justify;\"><span style=\"color: #ff0000; background-color: #ffffff; font-size: 14pt;\"><strong>Si te ha gustado o tienes alguna consulta,\u00a0 env\u00edanos tu comentario.<br \/>\n<\/strong><\/span><\/p>\n<p style=\"text-align: justify;\"><span style=\"font-size: 14pt;\"><strong><span style=\"color: #ff0000;\">Muchas gracias !<\/span><\/strong><\/span><\/p>\n<hr \/>\n<p style=\"text-align: justify;\"><strong><span style=\"color: #008000;\">Suscribete si quieres recibir un mail cuando publiquemos nuevas rutas : no enviamos publicidad y como m\u00e1ximo enviamos 2 mails al mes<\/span><\/strong><\/p>\n<p style=\"text-align: center;\"><a href=\"https:\/\/mailchi.mp\/6989c83a3e24\/wmv06rtqcz\/\" target=\"_blank\" rel=\"noopener noreferrer\"><strong><span style=\"color: #0000ff;\">Pulsa aqu\u00ed para suscribirte<\/span><\/strong><\/a><\/p>\n<hr \/>\n<h3 style=\"text-align: justify;\">Puedes imprimir esta publicaci\u00f3n o guardarla en diferentes formatos :<\/h3>\n<p style=\"text-align: justify;\"><span style=\"color: #ff0000; font-size: 14pt;\">Para facilitar la impresi\u00f3n, hemos reducido considerablemente el tama\u00f1o de las fotos que puedan aparecer en la explicaci\u00f3n, pero si deseas imprimir sin fotos, aconsejamos guardarlo como \u201cdoc\u201d, y antes de imprimirlo, eliminar las fotos<\/span><\/p>\n<p>&nbsp;<\/p>\n","protected":false},"excerpt":{"rendered":"<p>Hoy vamos a ense\u00f1ar a Anjo un poco el \u00abtrabajo\u00bb que hemos hecho estos a\u00f1os buscando las bornas o mojones fronterizos, tanto nosotros como Eef. Decimos \u00abun poco\u00bb\u00a0 porque Eef ha elegido una ruta f\u00e1cil y plana , pero con dificultades para localizar las bornas por estar tapadas de vegetaci\u00f3n, muy deterioradas ya que casi [&hellip;]<\/p>\n","protected":false},"author":50,"featured_media":21327,"comment_status":"open","ping_status":"open","sticky":false,"template":"","format":"standard","meta":{"footnotes":""},"categories":[14,22,151],"tags":[],"class_list":{"0":"post-21325","1":"post","2":"type-post","3":"status-publish","4":"format-standard","5":"has-post-thumbnail","6":"hentry","7":"category-muy-facil","8":"category-de-05-a-10-km","9":"category-mojones-bornas-frontera-llivia-2o-tour","11":"post-with-thumbnail","12":"post-with-thumbnail-icon"},"yoast_head":"<!-- This site is optimized with the Yoast SEO plugin v27.4 - https:\/\/yoast.com\/product\/yoast-seo-wordpress\/ -->\n<title>27-05-2025-Bornas Ll\u00edvia de la 31 a la 44 con Eef y Anjo -<\/title>\n<meta name=\"robots\" content=\"index, follow, max-snippet:-1, max-image-preview:large, max-video-preview:-1\" \/>\n<link rel=\"canonical\" href=\"https:\/\/www.carlosyconchita.net\/rutas\/27-05-2025-bornas-llivia-de-la-31-a-la-44\/\" \/>\n<meta property=\"og:locale\" content=\"es_ES\" \/>\n<meta property=\"og:type\" content=\"article\" \/>\n<meta property=\"og:title\" content=\"27-05-2025-Bornas Ll\u00edvia de la 31 a la 44 con Eef y Anjo -\" \/>\n<meta property=\"og:description\" content=\"Hoy vamos a ense\u00f1ar a Anjo un poco el \u00abtrabajo\u00bb que hemos hecho estos a\u00f1os buscando las bornas o mojones fronterizos, tanto nosotros como Eef. Decimos \u00abun poco\u00bb\u00a0 porque Eef ha elegido una ruta f\u00e1cil y plana , pero con dificultades para localizar las bornas por estar tapadas de vegetaci\u00f3n, muy deterioradas ya que casi [&hellip;]\" \/>\n<meta property=\"og:url\" content=\"https:\/\/www.carlosyconchita.net\/rutas\/27-05-2025-bornas-llivia-de-la-31-a-la-44\/\" \/>\n<meta property=\"og:site_name\" content=\"Las rutas de Carlos y Conchita\" \/>\n<meta property=\"article:published_time\" content=\"2025-05-27T15:20:45+00:00\" \/>\n<meta property=\"article:modified_time\" content=\"2026-03-15T15:54:16+00:00\" \/>\n<meta property=\"og:image\" content=\"https:\/\/www.carlosyconchita.net\/rutas\/wp-content\/uploads\/2025\/11\/Llivia-0060.jpg\" \/>\n\t<meta property=\"og:image:width\" content=\"1024\" \/>\n\t<meta property=\"og:image:height\" content=\"577\" \/>\n\t<meta property=\"og:image:type\" content=\"image\/jpeg\" \/>\n<meta name=\"author\" content=\"Carlos Conchita\" \/>\n<meta name=\"twitter:label1\" content=\"Escrito por\" \/>\n\t<meta name=\"twitter:data1\" content=\"Carlos Conchita\" \/>\n\t<meta name=\"twitter:label2\" content=\"Tiempo de lectura\" \/>\n\t<meta name=\"twitter:data2\" content=\"3 minutos\" \/>\n<script type=\"application\/ld+json\" class=\"yoast-schema-graph\">{\"@context\":\"https:\\\/\\\/schema.org\",\"@graph\":[{\"@type\":\"Article\",\"@id\":\"https:\\\/\\\/www.carlosyconchita.net\\\/rutas\\\/27-05-2025-bornas-llivia-de-la-31-a-la-44\\\/#article\",\"isPartOf\":{\"@id\":\"https:\\\/\\\/www.carlosyconchita.net\\\/rutas\\\/27-05-2025-bornas-llivia-de-la-31-a-la-44\\\/\"},\"author\":{\"name\":\"Carlos Conchita\",\"@id\":\"https:\\\/\\\/www.carlosyconchita.net\\\/rutas\\\/#\\\/schema\\\/person\\\/a9691f7258c28443fab2d3aa1479ea19\"},\"headline\":\"27-05-2025-Bornas Ll\u00edvia de la 31 a la 44 con Eef y Anjo\",\"datePublished\":\"2025-05-27T15:20:45+00:00\",\"dateModified\":\"2026-03-15T15:54:16+00:00\",\"mainEntityOfPage\":{\"@id\":\"https:\\\/\\\/www.carlosyconchita.net\\\/rutas\\\/27-05-2025-bornas-llivia-de-la-31-a-la-44\\\/\"},\"wordCount\":363,\"commentCount\":0,\"image\":{\"@id\":\"https:\\\/\\\/www.carlosyconchita.net\\\/rutas\\\/27-05-2025-bornas-llivia-de-la-31-a-la-44\\\/#primaryimage\"},\"thumbnailUrl\":\"https:\\\/\\\/www.carlosyconchita.net\\\/rutas\\\/wp-content\\\/uploads\\\/2025\\\/11\\\/Llivia-0060.jpg\",\"articleSection\":[\"0-Muy f\u00e1cil\",\"2 - De 5 a 10 km.\",\"Mojones \\\/ Bornas frontera Ll\u00edvia (2\u00ba tour)\"],\"inLanguage\":\"es\",\"potentialAction\":[{\"@type\":\"CommentAction\",\"name\":\"Comment\",\"target\":[\"https:\\\/\\\/www.carlosyconchita.net\\\/rutas\\\/27-05-2025-bornas-llivia-de-la-31-a-la-44\\\/#respond\"]}]},{\"@type\":\"WebPage\",\"@id\":\"https:\\\/\\\/www.carlosyconchita.net\\\/rutas\\\/27-05-2025-bornas-llivia-de-la-31-a-la-44\\\/\",\"url\":\"https:\\\/\\\/www.carlosyconchita.net\\\/rutas\\\/27-05-2025-bornas-llivia-de-la-31-a-la-44\\\/\",\"name\":\"27-05-2025-Bornas Ll\u00edvia de la 31 a la 44 con Eef y Anjo -\",\"isPartOf\":{\"@id\":\"https:\\\/\\\/www.carlosyconchita.net\\\/rutas\\\/#website\"},\"primaryImageOfPage\":{\"@id\":\"https:\\\/\\\/www.carlosyconchita.net\\\/rutas\\\/27-05-2025-bornas-llivia-de-la-31-a-la-44\\\/#primaryimage\"},\"image\":{\"@id\":\"https:\\\/\\\/www.carlosyconchita.net\\\/rutas\\\/27-05-2025-bornas-llivia-de-la-31-a-la-44\\\/#primaryimage\"},\"thumbnailUrl\":\"https:\\\/\\\/www.carlosyconchita.net\\\/rutas\\\/wp-content\\\/uploads\\\/2025\\\/11\\\/Llivia-0060.jpg\",\"datePublished\":\"2025-05-27T15:20:45+00:00\",\"dateModified\":\"2026-03-15T15:54:16+00:00\",\"author\":{\"@id\":\"https:\\\/\\\/www.carlosyconchita.net\\\/rutas\\\/#\\\/schema\\\/person\\\/a9691f7258c28443fab2d3aa1479ea19\"},\"breadcrumb\":{\"@id\":\"https:\\\/\\\/www.carlosyconchita.net\\\/rutas\\\/27-05-2025-bornas-llivia-de-la-31-a-la-44\\\/#breadcrumb\"},\"inLanguage\":\"es\",\"potentialAction\":[{\"@type\":\"ReadAction\",\"target\":[\"https:\\\/\\\/www.carlosyconchita.net\\\/rutas\\\/27-05-2025-bornas-llivia-de-la-31-a-la-44\\\/\"]}]},{\"@type\":\"ImageObject\",\"inLanguage\":\"es\",\"@id\":\"https:\\\/\\\/www.carlosyconchita.net\\\/rutas\\\/27-05-2025-bornas-llivia-de-la-31-a-la-44\\\/#primaryimage\",\"url\":\"https:\\\/\\\/www.carlosyconchita.net\\\/rutas\\\/wp-content\\\/uploads\\\/2025\\\/11\\\/Llivia-0060.jpg\",\"contentUrl\":\"https:\\\/\\\/www.carlosyconchita.net\\\/rutas\\\/wp-content\\\/uploads\\\/2025\\\/11\\\/Llivia-0060.jpg\",\"width\":1024,\"height\":577},{\"@type\":\"BreadcrumbList\",\"@id\":\"https:\\\/\\\/www.carlosyconchita.net\\\/rutas\\\/27-05-2025-bornas-llivia-de-la-31-a-la-44\\\/#breadcrumb\",\"itemListElement\":[{\"@type\":\"ListItem\",\"position\":1,\"name\":\"Portada\",\"item\":\"https:\\\/\\\/www.carlosyconchita.net\\\/rutas\\\/\"},{\"@type\":\"ListItem\",\"position\":2,\"name\":\"27-05-2025-Bornas Ll\u00edvia de la 31 a la 44 con Eef y Anjo\"}]},{\"@type\":\"WebSite\",\"@id\":\"https:\\\/\\\/www.carlosyconchita.net\\\/rutas\\\/#website\",\"url\":\"https:\\\/\\\/www.carlosyconchita.net\\\/rutas\\\/\",\"name\":\"Las rutas de Carlos y Conchita\",\"description\":\"\",\"potentialAction\":[{\"@type\":\"SearchAction\",\"target\":{\"@type\":\"EntryPoint\",\"urlTemplate\":\"https:\\\/\\\/www.carlosyconchita.net\\\/rutas\\\/?s={search_term_string}\"},\"query-input\":{\"@type\":\"PropertyValueSpecification\",\"valueRequired\":true,\"valueName\":\"search_term_string\"}}],\"inLanguage\":\"es\"},{\"@type\":\"Person\",\"@id\":\"https:\\\/\\\/www.carlosyconchita.net\\\/rutas\\\/#\\\/schema\\\/person\\\/a9691f7258c28443fab2d3aa1479ea19\",\"name\":\"Carlos Conchita\",\"image\":{\"@type\":\"ImageObject\",\"inLanguage\":\"es\",\"@id\":\"https:\\\/\\\/secure.gravatar.com\\\/avatar\\\/3a4625b20c8da3de99da69bfe7a322774e291c3f90dce7e8778a30fe6748ed1a?s=96&d=mm&r=g\",\"url\":\"https:\\\/\\\/secure.gravatar.com\\\/avatar\\\/3a4625b20c8da3de99da69bfe7a322774e291c3f90dce7e8778a30fe6748ed1a?s=96&d=mm&r=g\",\"contentUrl\":\"https:\\\/\\\/secure.gravatar.com\\\/avatar\\\/3a4625b20c8da3de99da69bfe7a322774e291c3f90dce7e8778a30fe6748ed1a?s=96&d=mm&r=g\",\"caption\":\"Carlos Conchita\"}}]}<\/script>\n<!-- \/ Yoast SEO plugin. -->","yoast_head_json":{"title":"27-05-2025-Bornas Ll\u00edvia de la 31 a la 44 con Eef y Anjo -","robots":{"index":"index","follow":"follow","max-snippet":"max-snippet:-1","max-image-preview":"max-image-preview:large","max-video-preview":"max-video-preview:-1"},"canonical":"https:\/\/www.carlosyconchita.net\/rutas\/27-05-2025-bornas-llivia-de-la-31-a-la-44\/","og_locale":"es_ES","og_type":"article","og_title":"27-05-2025-Bornas Ll\u00edvia de la 31 a la 44 con Eef y Anjo -","og_description":"Hoy vamos a ense\u00f1ar a Anjo un poco el \u00abtrabajo\u00bb que hemos hecho estos a\u00f1os buscando las bornas o mojones fronterizos, tanto nosotros como Eef. Decimos \u00abun poco\u00bb\u00a0 porque Eef ha elegido una ruta f\u00e1cil y plana , pero con dificultades para localizar las bornas por estar tapadas de vegetaci\u00f3n, muy deterioradas ya que casi [&hellip;]","og_url":"https:\/\/www.carlosyconchita.net\/rutas\/27-05-2025-bornas-llivia-de-la-31-a-la-44\/","og_site_name":"Las rutas de Carlos y Conchita","article_published_time":"2025-05-27T15:20:45+00:00","article_modified_time":"2026-03-15T15:54:16+00:00","og_image":[{"width":1024,"height":577,"url":"https:\/\/www.carlosyconchita.net\/rutas\/wp-content\/uploads\/2025\/11\/Llivia-0060.jpg","type":"image\/jpeg"}],"author":"Carlos Conchita","twitter_misc":{"Escrito por":"Carlos Conchita","Tiempo de lectura":"3 minutos"},"schema":{"@context":"https:\/\/schema.org","@graph":[{"@type":"Article","@id":"https:\/\/www.carlosyconchita.net\/rutas\/27-05-2025-bornas-llivia-de-la-31-a-la-44\/#article","isPartOf":{"@id":"https:\/\/www.carlosyconchita.net\/rutas\/27-05-2025-bornas-llivia-de-la-31-a-la-44\/"},"author":{"name":"Carlos Conchita","@id":"https:\/\/www.carlosyconchita.net\/rutas\/#\/schema\/person\/a9691f7258c28443fab2d3aa1479ea19"},"headline":"27-05-2025-Bornas Ll\u00edvia de la 31 a la 44 con Eef y Anjo","datePublished":"2025-05-27T15:20:45+00:00","dateModified":"2026-03-15T15:54:16+00:00","mainEntityOfPage":{"@id":"https:\/\/www.carlosyconchita.net\/rutas\/27-05-2025-bornas-llivia-de-la-31-a-la-44\/"},"wordCount":363,"commentCount":0,"image":{"@id":"https:\/\/www.carlosyconchita.net\/rutas\/27-05-2025-bornas-llivia-de-la-31-a-la-44\/#primaryimage"},"thumbnailUrl":"https:\/\/www.carlosyconchita.net\/rutas\/wp-content\/uploads\/2025\/11\/Llivia-0060.jpg","articleSection":["0-Muy f\u00e1cil","2 - De 5 a 10 km.","Mojones \/ Bornas frontera Ll\u00edvia (2\u00ba tour)"],"inLanguage":"es","potentialAction":[{"@type":"CommentAction","name":"Comment","target":["https:\/\/www.carlosyconchita.net\/rutas\/27-05-2025-bornas-llivia-de-la-31-a-la-44\/#respond"]}]},{"@type":"WebPage","@id":"https:\/\/www.carlosyconchita.net\/rutas\/27-05-2025-bornas-llivia-de-la-31-a-la-44\/","url":"https:\/\/www.carlosyconchita.net\/rutas\/27-05-2025-bornas-llivia-de-la-31-a-la-44\/","name":"27-05-2025-Bornas Ll\u00edvia de la 31 a la 44 con Eef y Anjo -","isPartOf":{"@id":"https:\/\/www.carlosyconchita.net\/rutas\/#website"},"primaryImageOfPage":{"@id":"https:\/\/www.carlosyconchita.net\/rutas\/27-05-2025-bornas-llivia-de-la-31-a-la-44\/#primaryimage"},"image":{"@id":"https:\/\/www.carlosyconchita.net\/rutas\/27-05-2025-bornas-llivia-de-la-31-a-la-44\/#primaryimage"},"thumbnailUrl":"https:\/\/www.carlosyconchita.net\/rutas\/wp-content\/uploads\/2025\/11\/Llivia-0060.jpg","datePublished":"2025-05-27T15:20:45+00:00","dateModified":"2026-03-15T15:54:16+00:00","author":{"@id":"https:\/\/www.carlosyconchita.net\/rutas\/#\/schema\/person\/a9691f7258c28443fab2d3aa1479ea19"},"breadcrumb":{"@id":"https:\/\/www.carlosyconchita.net\/rutas\/27-05-2025-bornas-llivia-de-la-31-a-la-44\/#breadcrumb"},"inLanguage":"es","potentialAction":[{"@type":"ReadAction","target":["https:\/\/www.carlosyconchita.net\/rutas\/27-05-2025-bornas-llivia-de-la-31-a-la-44\/"]}]},{"@type":"ImageObject","inLanguage":"es","@id":"https:\/\/www.carlosyconchita.net\/rutas\/27-05-2025-bornas-llivia-de-la-31-a-la-44\/#primaryimage","url":"https:\/\/www.carlosyconchita.net\/rutas\/wp-content\/uploads\/2025\/11\/Llivia-0060.jpg","contentUrl":"https:\/\/www.carlosyconchita.net\/rutas\/wp-content\/uploads\/2025\/11\/Llivia-0060.jpg","width":1024,"height":577},{"@type":"BreadcrumbList","@id":"https:\/\/www.carlosyconchita.net\/rutas\/27-05-2025-bornas-llivia-de-la-31-a-la-44\/#breadcrumb","itemListElement":[{"@type":"ListItem","position":1,"name":"Portada","item":"https:\/\/www.carlosyconchita.net\/rutas\/"},{"@type":"ListItem","position":2,"name":"27-05-2025-Bornas Ll\u00edvia de la 31 a la 44 con Eef y Anjo"}]},{"@type":"WebSite","@id":"https:\/\/www.carlosyconchita.net\/rutas\/#website","url":"https:\/\/www.carlosyconchita.net\/rutas\/","name":"Las rutas de Carlos y Conchita","description":"","potentialAction":[{"@type":"SearchAction","target":{"@type":"EntryPoint","urlTemplate":"https:\/\/www.carlosyconchita.net\/rutas\/?s={search_term_string}"},"query-input":{"@type":"PropertyValueSpecification","valueRequired":true,"valueName":"search_term_string"}}],"inLanguage":"es"},{"@type":"Person","@id":"https:\/\/www.carlosyconchita.net\/rutas\/#\/schema\/person\/a9691f7258c28443fab2d3aa1479ea19","name":"Carlos Conchita","image":{"@type":"ImageObject","inLanguage":"es","@id":"https:\/\/secure.gravatar.com\/avatar\/3a4625b20c8da3de99da69bfe7a322774e291c3f90dce7e8778a30fe6748ed1a?s=96&d=mm&r=g","url":"https:\/\/secure.gravatar.com\/avatar\/3a4625b20c8da3de99da69bfe7a322774e291c3f90dce7e8778a30fe6748ed1a?s=96&d=mm&r=g","contentUrl":"https:\/\/secure.gravatar.com\/avatar\/3a4625b20c8da3de99da69bfe7a322774e291c3f90dce7e8778a30fe6748ed1a?s=96&d=mm&r=g","caption":"Carlos Conchita"}}]}},"_links":{"self":[{"href":"https:\/\/www.carlosyconchita.net\/rutas\/wp-json\/wp\/v2\/posts\/21325","targetHints":{"allow":["GET"]}}],"collection":[{"href":"https:\/\/www.carlosyconchita.net\/rutas\/wp-json\/wp\/v2\/posts"}],"about":[{"href":"https:\/\/www.carlosyconchita.net\/rutas\/wp-json\/wp\/v2\/types\/post"}],"author":[{"embeddable":true,"href":"https:\/\/www.carlosyconchita.net\/rutas\/wp-json\/wp\/v2\/users\/50"}],"replies":[{"embeddable":true,"href":"https:\/\/www.carlosyconchita.net\/rutas\/wp-json\/wp\/v2\/comments?post=21325"}],"version-history":[{"count":3,"href":"https:\/\/www.carlosyconchita.net\/rutas\/wp-json\/wp\/v2\/posts\/21325\/revisions"}],"predecessor-version":[{"id":21338,"href":"https:\/\/www.carlosyconchita.net\/rutas\/wp-json\/wp\/v2\/posts\/21325\/revisions\/21338"}],"wp:featuredmedia":[{"embeddable":true,"href":"https:\/\/www.carlosyconchita.net\/rutas\/wp-json\/wp\/v2\/media\/21327"}],"wp:attachment":[{"href":"https:\/\/www.carlosyconchita.net\/rutas\/wp-json\/wp\/v2\/media?parent=21325"}],"wp:term":[{"taxonomy":"category","embeddable":true,"href":"https:\/\/www.carlosyconchita.net\/rutas\/wp-json\/wp\/v2\/categories?post=21325"},{"taxonomy":"post_tag","embeddable":true,"href":"https:\/\/www.carlosyconchita.net\/rutas\/wp-json\/wp\/v2\/tags?post=21325"}],"curies":[{"name":"wp","href":"https:\/\/api.w.org\/{rel}","templated":true}]}}