{"id":21343,"date":"2025-08-26T19:03:02","date_gmt":"2025-08-26T18:03:02","guid":{"rendered":"https:\/\/www.carlosyconchita.net\/rutas\/?p=21343"},"modified":"2025-11-16T20:52:44","modified_gmt":"2025-11-16T19:52:44","slug":"26-08-2025-llanos-de-lalarri","status":"publish","type":"post","link":"https:\/\/www.carlosyconchita.net\/rutas\/26-08-2025-llanos-de-lalarri\/","title":{"rendered":"26-08-2025-Llanos de Lalarri"},"content":{"rendered":"<p style=\"text-align: justify;\">Hoy vamos a descansar un poco de las bornas y mojones, no s\u00f3lo en el aspecto f\u00edsico del descanso, sino tambi\u00e9n del mental, para hacer una excursi\u00f3n sin ninguna prisa, sin levantarnos a las 6 de la ma\u00f1ana y sin tener que llegar\u00a0 a un sitio concreto , y elegimos los Llanos de Lalarri.<\/p>\n<p style=\"text-align: justify;\">Desde Bielsa donde estamos estos d\u00edas, nos dirigimos al Parking de la Pineta, a donde hab\u00edamos ido el d\u00eda\u00a0 <a href=\"https:\/\/www.carlosyconchita.net\/rutas\/22-10-2024-parking-de-la-pineta\/\" target=\"_blank\" rel=\"noopener\"><strong><span style=\"color: #0000ff;\">22-10-2024-Parking de la Pineta<\/span><\/strong><\/a> ,\u00a0 para\u00a0 ver la zona,\u00a0 y desde donde pudimos localizar en las alturas el puerto donde est\u00e1 la B-320 ( ver\u00a0<strong><span style=\"color: #0000ff;\"> <a style=\"color: #0000ff;\" href=\"https:\/\/www.carlosyconchita.net\/rutas\/08-08-2024-borna-320\/\" target=\"_blank\" rel=\"noopener\">08-08-2025-Borna 320<\/a>\u00a0<\/span><\/strong> )\u00a0 desde la que en su d\u00eda tambi\u00e9n pudimos ver abajo del todo el citado parking.<\/p>\n<p style=\"text-align: justify;\">All\u00ed empezamos a caminar al lado de la Ermita de La Virgen de la Pineta, (ver leyenda al final de esta publicaci\u00f3n ) por un camino con bastante pendiente , dentro del bosque, con bastantes ra\u00edces y piedras, que de llano no ten\u00eda nada, hasta llegar arriba a una gran y bonita zona plana y verde, rodeada de altas monta\u00f1as, con varias cascadas, o sea Los Llanos de Lalarri, que es la cola de un antiguo valle glaciar, que ha ido desapareciendo a lo largo de este \u00faltimo siglo.<\/p>\n<p style=\"text-align: justify;\">Como que hoy hemos empezado tarde a caminar, porque no ten\u00edamos ninguna prisa, ya era hora de comer algo, as\u00ed que nos hemos sentado debajo de un arbol y all\u00ed nos hemos comido tranquilamente el bocadillo.<\/p>\n<p style=\"text-align: justify;\">Para volver al parking, pod\u00edamos volver por el mismo camino, pero hemos preferido dar un rodeo y bajar por el camino llamado de las Cascadas de Lalarri, algo m\u00e1s largo pero supon\u00edamos m\u00e1s bonito por las cascadas , como as\u00ed ha sido.<\/p>\n<p style=\"text-align: justify;\">Al principio baja muy vertical, de hecho hab\u00eda escalones en alg\u00fano de los tramos, y efectivamente hemos visto varias peque\u00f1as cascadas, bastante escondidas entre la vegetaci\u00f3n, hasta que hemos llegado abajo, a la zona plana donde est\u00e1 el parking algo m\u00e1s lejos y con algunas\u00a0 curvas del r\u00edo , en donde hemos tenido alg\u00fan problema para cruzar el r\u00edo Cinca y un torrente que se unia a \u00e9l, ya que\u00a0 el camino hab\u00eda desaparecido , despu\u00e9s de las tormentas del a\u00f1o pasado.<\/p>\n<p style=\"text-align: justify;\">De hecho hab\u00eda un letrero que indicaba camino prohibido, pero a esas horas ya no pod\u00edamos volver atr\u00e1s y volver a subir todo el camino, por lo que no ten\u00edamos m\u00e1s remedio que cruzar el r\u00edo , y despu\u00e9s de mirar varios sitios, finalmente hemos podido hacerlo sin mojarnos demasiado&#8230;si hubieran puesto el letrero arriba al principio del camino seguramente no habr\u00edamos bajado, pero realmente al final no ha sido tan dificil.<\/p>\n<p>Hemos clasificado la excursi\u00f3n como \u00abF\u00e1cil\u00bb, sin considerar el cruce del r\u00edo, as\u00ed que antes de hacerla, recomendamos averiguar si se puede pasar por esa zona.<\/p>\n<p style=\"text-align: justify;\">Hablando de la Ermita de la Virgen de la Pineta, hay una leyenda que dice que los franceses construyeron una ermita en el Circo de Troumouse , pero no ten\u00edan ninguna virgen para poner , por lo que pasaron a Espa\u00f1a y la robaron de la ermita de la Virgen de la Pineta.<\/p>\n<p style=\"text-align: justify;\">El final de esta leyenda es algo distinto seg\u00fan sea la versi\u00f3n francesa o la espa\u00f1ola, por lo que ponemos aqu\u00ed las fotos de esta historia que hemos visto en el Circo de Troumouse ( ver\u00a0 <a href=\"https:\/\/www.carlosyconchita.net\/rutas\/14-09-2023-borna-321-port-de-la-canau\/\" target=\"_blank\" rel=\"noopener\"><strong><span style=\"color: #0000ff;\">14-09-2023-Borna 321 (Port de la Canau)<\/span><\/strong><\/a>\u00a0 )\u00a0\u00a0 y en el Valle de la Pineta\u00a0 (ver\u00a0 album de fotos de hoy )<\/p>\n<table style=\"border-collapse: collapse; width: 100%;\">\n<tbody>\n<tr>\n<td style=\"width: 50%; text-align: justify;\"><strong>Versi\u00f3n francesa de la leyenda<\/strong><\/td>\n<td style=\"width: 50%; text-align: center;\"><strong>Versi\u00f3n espa\u00f1ola de la leyenda<\/strong><\/td>\n<\/tr>\n<tr>\n<td style=\"width: 50%; text-align: center;\"><strong>\u00a0<\/strong><\/td>\n<td style=\"width: 50%; text-align: center;\"><strong>\u00a0<\/strong><\/td>\n<\/tr>\n<tr>\n<td style=\"width: 50%;\"><img loading=\"lazy\" decoding=\"async\" class=\"aligncenter wp-image-21348 size-full\" src=\"https:\/\/www.carlosyconchita.net\/rutas\/wp-content\/uploads\/2025\/11\/Sin-titulo.png\" alt=\"\" width=\"326\" height=\"387\" srcset=\"https:\/\/www.carlosyconchita.net\/rutas\/wp-content\/uploads\/2025\/11\/Sin-titulo.png 326w, https:\/\/www.carlosyconchita.net\/rutas\/wp-content\/uploads\/2025\/11\/Sin-titulo-253x300.png 253w\" sizes=\"auto, (max-width: 326px) 100vw, 326px\" \/><\/td>\n<td data-wp-editing=\"1\"><img loading=\"lazy\" decoding=\"async\" class=\"aligncenter wp-image-21351\" src=\"https:\/\/www.carlosyconchita.net\/rutas\/wp-content\/uploads\/2025\/11\/Sin-titulo-1.png\" alt=\"\" width=\"400\" height=\"363\" \/><\/td>\n<\/tr>\n<\/tbody>\n<\/table>\n<p>&nbsp;<\/p>\n<hr \/>\n<p>&nbsp;<\/p>\n<p><strong>Distancia total<\/strong> :\u00a0 \u00a0\u00a0 4&#8217;9\u00a0 km<span class=\"totlen\"><span class=\"summaryvalue\">.\u00a0\u00a0\u00a0\u00a0\u00a0\u00a0\u00a0\u00a0\u00a0\u00a0\u00a0\u00a0\u00a0\u00a0\u00a0\u00a0\u00a0\u00a0\u00a0\u00a0\u00a0 <strong>Alturas m\u00edn\/m\u00e1x. :\u00a0<\/strong>\u00a0 \u00a01.272\u00a0 m. \/\u00a0 1.577 m.<br \/>\n<\/span><\/span><\/p>\n<p>&nbsp;<\/p>\n<p><strong>Desnivel acumulado (s\/Wikiloc)<\/strong> :\u00a0 \u00a0 \u00a0\u00a0\u00a0 303\u00a0 m.<\/p>\n<p>&nbsp;<\/p>\n<p><strong>Desnivel acumulado (s\/GPSVisualizer)<\/strong>\u00a0 :\u00a0 \u00a0 + 335\u00a0 m. .<\/p>\n<p>&nbsp;<\/p>\n<p>&nbsp;<\/p>\n<hr \/>\n<p><strong>Album de fotos<\/strong><\/p>\n<p><a href=\"https:\/\/photos.app.goo.gl\/uHZQ4Yzagjmhpbkw8\" target=\"_blank\" rel=\"noopener\"><img loading=\"lazy\" decoding=\"async\" class=\"size-medium wp-image-21356 aligncenter\" src=\"https:\/\/www.carlosyconchita.net\/rutas\/wp-content\/uploads\/2025\/11\/Lalarri-00035-300x169.jpg\" alt=\"\" width=\"300\" height=\"169\" srcset=\"https:\/\/www.carlosyconchita.net\/rutas\/wp-content\/uploads\/2025\/11\/Lalarri-00035-300x169.jpg 300w, https:\/\/www.carlosyconchita.net\/rutas\/wp-content\/uploads\/2025\/11\/Lalarri-00035-600x338.jpg 600w, https:\/\/www.carlosyconchita.net\/rutas\/wp-content\/uploads\/2025\/11\/Lalarri-00035-768x433.jpg 768w, https:\/\/www.carlosyconchita.net\/rutas\/wp-content\/uploads\/2025\/11\/Lalarri-00035.jpg 1024w\" sizes=\"auto, (max-width: 300px) 100vw, 300px\" \/><\/a><\/p>\n<hr \/>\n<p><strong>Minivideo<\/strong><\/p>\n<p><iframe loading=\"lazy\" title=\"Cascadas de Lalarri\" width=\"720\" height=\"405\" src=\"https:\/\/www.youtube.com\/embed\/f4dSavAOo-I?feature=oembed\" frameborder=\"0\" allow=\"accelerometer; autoplay; clipboard-write; encrypted-media; gyroscope; picture-in-picture; web-share\" referrerpolicy=\"strict-origin-when-cross-origin\" allowfullscreen><\/iframe><\/p>\n<p>&nbsp;<\/p>\n<hr \/>\n<h4><strong>Mapa y track de la ruta<\/strong><\/h4>\n<p><a href=\"https:\/\/www.carlosyconchita.net\/rutas\/wp-content\/uploads\/gpx\/Lalarri.html\" target=\"_blank\" rel=\"noopener\"><img loading=\"lazy\" decoding=\"async\" class=\"aligncenter wp-image-16466\" src=\"https:\/\/www.carlosyconchita.net\/rutas\/wp-content\/uploads\/2021\/09\/mapa2.jpg\" alt=\"\" width=\"0185\" height=\"185\" srcset=\"https:\/\/www.carlosyconchita.net\/rutas\/wp-content\/uploads\/2021\/09\/mapa2.jpg 225w, https:\/\/www.carlosyconchita.net\/rutas\/wp-content\/uploads\/2021\/09\/mapa2-120x120.jpg 120w\" sizes=\"auto, (max-width: 185px) 100vw, 185px\" \/><\/a><\/p>\n<hr \/>\n<p><strong>Wikiloc\u00a0\u00a0\u00a0 <\/strong><strong><br \/>\n<\/strong><br \/>\n<a href=\"https:\/\/es.wikiloc.com\/rutas-senderismo\/llanos-de-lalarri-240576776\" target=\"_blank\" rel=\"noopener\"><img loading=\"lazy\" decoding=\"async\" class=\"aligncenter size-full wp-image-958\" src=\"https:\/\/www.carlosyconchita.net\/rutas\/wp-content\/uploads\/2020\/09\/wikiloc.jpg\" alt=\"\" width=\"117\" height=\"34\" \/><\/a><\/p>\n<hr \/>\n<p style=\"text-align: justify;\"><span style=\"color: #ff0000; background-color: #ffffff; font-size: 14pt;\"><strong>Si te ha gustado o tienes alguna consulta,\u00a0 env\u00edanos tu comentario.<br \/>\n<\/strong><\/span><\/p>\n<p style=\"text-align: justify;\"><span style=\"font-size: 14pt;\"><strong><span style=\"color: #ff0000;\">Muchas gracias !<\/span><\/strong><\/span><\/p>\n<hr \/>\n<p style=\"text-align: justify;\"><strong><span style=\"color: #008000;\">Suscribete si quieres recibir un mail cuando publiquemos nuevas rutas : no enviamos publicidad y como m\u00e1ximo enviamos 2 mails al mes<\/span><\/strong><\/p>\n<p style=\"text-align: center;\"><a href=\"https:\/\/mailchi.mp\/6989c83a3e24\/wmv06rtqcz\/\" target=\"_blank\" rel=\"noopener noreferrer\"><strong><span style=\"color: #0000ff;\">Pulsa aqu\u00ed para suscribirte<\/span><\/strong><\/a><\/p>\n<hr \/>\n<h3 style=\"text-align: justify;\">Puedes imprimir esta publicaci\u00f3n o guardarla en diferentes formatos :<\/h3>\n<p style=\"text-align: justify;\"><span style=\"color: #ff0000; font-size: 14pt;\">Para facilitar la impresi\u00f3n, hemos reducido considerablemente el tama\u00f1o de las fotos que puedan aparecer en la explicaci\u00f3n, pero si deseas imprimir sin fotos, aconsejamos guardarlo como \u201cdoc\u201d, y antes de imprimirlo, eliminar las fotos<\/span><\/p>\n<p>&nbsp;<\/p>\n<hr \/>\n","protected":false},"excerpt":{"rendered":"<p>Hoy vamos a descansar un poco de las bornas y mojones, no s\u00f3lo en el aspecto f\u00edsico del descanso, sino tambi\u00e9n del mental, para hacer una excursi\u00f3n sin ninguna prisa, sin levantarnos a las 6 de la ma\u00f1ana y sin tener que llegar\u00a0 a un sitio concreto , y elegimos los Llanos de Lalarri. Desde [&hellip;]<\/p>\n","protected":false},"author":50,"featured_media":21356,"comment_status":"open","ping_status":"open","sticky":false,"template":"","format":"standard","meta":{"footnotes":""},"categories":[10,22,141,90],"tags":[],"class_list":{"0":"post-21343","1":"post","2":"type-post","3":"status-publish","4":"format-standard","5":"has-post-thumbnail","6":"hentry","7":"category-facil","8":"category-de-05-a-10-km","9":"category-bielsa","10":"category-huesca","12":"post-with-thumbnail","13":"post-with-thumbnail-icon"},"yoast_head":"<!-- This site is optimized with the Yoast SEO plugin v27.4 - https:\/\/yoast.com\/product\/yoast-seo-wordpress\/ -->\n<title>26-08-2025-Llanos de Lalarri -<\/title>\n<meta name=\"robots\" content=\"index, follow, max-snippet:-1, max-image-preview:large, max-video-preview:-1\" \/>\n<link rel=\"canonical\" href=\"https:\/\/www.carlosyconchita.net\/rutas\/26-08-2025-llanos-de-lalarri\/\" \/>\n<meta property=\"og:locale\" content=\"es_ES\" \/>\n<meta property=\"og:type\" content=\"article\" \/>\n<meta property=\"og:title\" content=\"26-08-2025-Llanos de Lalarri -\" \/>\n<meta property=\"og:description\" content=\"Hoy vamos a descansar un poco de las bornas y mojones, no s\u00f3lo en el aspecto f\u00edsico del descanso, sino tambi\u00e9n del mental, para hacer una excursi\u00f3n sin ninguna prisa, sin levantarnos a las 6 de la ma\u00f1ana y sin tener que llegar\u00a0 a un sitio concreto , y elegimos los Llanos de Lalarri. Desde [&hellip;]\" \/>\n<meta property=\"og:url\" content=\"https:\/\/www.carlosyconchita.net\/rutas\/26-08-2025-llanos-de-lalarri\/\" \/>\n<meta property=\"og:site_name\" content=\"Las rutas de Carlos y Conchita\" \/>\n<meta property=\"article:published_time\" content=\"2025-08-26T18:03:02+00:00\" \/>\n<meta property=\"article:modified_time\" content=\"2025-11-16T19:52:44+00:00\" \/>\n<meta property=\"og:image\" content=\"https:\/\/www.carlosyconchita.net\/rutas\/wp-content\/uploads\/2025\/11\/Lalarri-00035.jpg\" \/>\n\t<meta property=\"og:image:width\" content=\"1024\" \/>\n\t<meta property=\"og:image:height\" content=\"577\" \/>\n\t<meta property=\"og:image:type\" content=\"image\/jpeg\" \/>\n<meta name=\"author\" content=\"Carlos Conchita\" \/>\n<meta name=\"twitter:label1\" content=\"Escrito por\" \/>\n\t<meta name=\"twitter:data1\" content=\"Carlos Conchita\" \/>\n\t<meta name=\"twitter:label2\" content=\"Tiempo de lectura\" \/>\n\t<meta name=\"twitter:data2\" content=\"5 minutos\" \/>\n<script type=\"application\/ld+json\" class=\"yoast-schema-graph\">{\"@context\":\"https:\\\/\\\/schema.org\",\"@graph\":[{\"@type\":\"Article\",\"@id\":\"https:\\\/\\\/www.carlosyconchita.net\\\/rutas\\\/26-08-2025-llanos-de-lalarri\\\/#article\",\"isPartOf\":{\"@id\":\"https:\\\/\\\/www.carlosyconchita.net\\\/rutas\\\/26-08-2025-llanos-de-lalarri\\\/\"},\"author\":{\"name\":\"Carlos Conchita\",\"@id\":\"https:\\\/\\\/www.carlosyconchita.net\\\/rutas\\\/#\\\/schema\\\/person\\\/a9691f7258c28443fab2d3aa1479ea19\"},\"headline\":\"26-08-2025-Llanos de Lalarri\",\"datePublished\":\"2025-08-26T18:03:02+00:00\",\"dateModified\":\"2025-11-16T19:52:44+00:00\",\"mainEntityOfPage\":{\"@id\":\"https:\\\/\\\/www.carlosyconchita.net\\\/rutas\\\/26-08-2025-llanos-de-lalarri\\\/\"},\"wordCount\":757,\"commentCount\":0,\"image\":{\"@id\":\"https:\\\/\\\/www.carlosyconchita.net\\\/rutas\\\/26-08-2025-llanos-de-lalarri\\\/#primaryimage\"},\"thumbnailUrl\":\"https:\\\/\\\/www.carlosyconchita.net\\\/rutas\\\/wp-content\\\/uploads\\\/2025\\\/11\\\/Lalarri-00035.jpg\",\"articleSection\":[\"1-F\u00e1cil\",\"2 - De 5 a 10 km.\",\"Bielsa\",\"Huesca\"],\"inLanguage\":\"es\",\"potentialAction\":[{\"@type\":\"CommentAction\",\"name\":\"Comment\",\"target\":[\"https:\\\/\\\/www.carlosyconchita.net\\\/rutas\\\/26-08-2025-llanos-de-lalarri\\\/#respond\"]}]},{\"@type\":\"WebPage\",\"@id\":\"https:\\\/\\\/www.carlosyconchita.net\\\/rutas\\\/26-08-2025-llanos-de-lalarri\\\/\",\"url\":\"https:\\\/\\\/www.carlosyconchita.net\\\/rutas\\\/26-08-2025-llanos-de-lalarri\\\/\",\"name\":\"26-08-2025-Llanos de Lalarri -\",\"isPartOf\":{\"@id\":\"https:\\\/\\\/www.carlosyconchita.net\\\/rutas\\\/#website\"},\"primaryImageOfPage\":{\"@id\":\"https:\\\/\\\/www.carlosyconchita.net\\\/rutas\\\/26-08-2025-llanos-de-lalarri\\\/#primaryimage\"},\"image\":{\"@id\":\"https:\\\/\\\/www.carlosyconchita.net\\\/rutas\\\/26-08-2025-llanos-de-lalarri\\\/#primaryimage\"},\"thumbnailUrl\":\"https:\\\/\\\/www.carlosyconchita.net\\\/rutas\\\/wp-content\\\/uploads\\\/2025\\\/11\\\/Lalarri-00035.jpg\",\"datePublished\":\"2025-08-26T18:03:02+00:00\",\"dateModified\":\"2025-11-16T19:52:44+00:00\",\"author\":{\"@id\":\"https:\\\/\\\/www.carlosyconchita.net\\\/rutas\\\/#\\\/schema\\\/person\\\/a9691f7258c28443fab2d3aa1479ea19\"},\"breadcrumb\":{\"@id\":\"https:\\\/\\\/www.carlosyconchita.net\\\/rutas\\\/26-08-2025-llanos-de-lalarri\\\/#breadcrumb\"},\"inLanguage\":\"es\",\"potentialAction\":[{\"@type\":\"ReadAction\",\"target\":[\"https:\\\/\\\/www.carlosyconchita.net\\\/rutas\\\/26-08-2025-llanos-de-lalarri\\\/\"]}]},{\"@type\":\"ImageObject\",\"inLanguage\":\"es\",\"@id\":\"https:\\\/\\\/www.carlosyconchita.net\\\/rutas\\\/26-08-2025-llanos-de-lalarri\\\/#primaryimage\",\"url\":\"https:\\\/\\\/www.carlosyconchita.net\\\/rutas\\\/wp-content\\\/uploads\\\/2025\\\/11\\\/Lalarri-00035.jpg\",\"contentUrl\":\"https:\\\/\\\/www.carlosyconchita.net\\\/rutas\\\/wp-content\\\/uploads\\\/2025\\\/11\\\/Lalarri-00035.jpg\",\"width\":1024,\"height\":577},{\"@type\":\"BreadcrumbList\",\"@id\":\"https:\\\/\\\/www.carlosyconchita.net\\\/rutas\\\/26-08-2025-llanos-de-lalarri\\\/#breadcrumb\",\"itemListElement\":[{\"@type\":\"ListItem\",\"position\":1,\"name\":\"Portada\",\"item\":\"https:\\\/\\\/www.carlosyconchita.net\\\/rutas\\\/\"},{\"@type\":\"ListItem\",\"position\":2,\"name\":\"26-08-2025-Llanos de Lalarri\"}]},{\"@type\":\"WebSite\",\"@id\":\"https:\\\/\\\/www.carlosyconchita.net\\\/rutas\\\/#website\",\"url\":\"https:\\\/\\\/www.carlosyconchita.net\\\/rutas\\\/\",\"name\":\"Las rutas de Carlos y Conchita\",\"description\":\"\",\"potentialAction\":[{\"@type\":\"SearchAction\",\"target\":{\"@type\":\"EntryPoint\",\"urlTemplate\":\"https:\\\/\\\/www.carlosyconchita.net\\\/rutas\\\/?s={search_term_string}\"},\"query-input\":{\"@type\":\"PropertyValueSpecification\",\"valueRequired\":true,\"valueName\":\"search_term_string\"}}],\"inLanguage\":\"es\"},{\"@type\":\"Person\",\"@id\":\"https:\\\/\\\/www.carlosyconchita.net\\\/rutas\\\/#\\\/schema\\\/person\\\/a9691f7258c28443fab2d3aa1479ea19\",\"name\":\"Carlos Conchita\",\"image\":{\"@type\":\"ImageObject\",\"inLanguage\":\"es\",\"@id\":\"https:\\\/\\\/secure.gravatar.com\\\/avatar\\\/3a4625b20c8da3de99da69bfe7a322774e291c3f90dce7e8778a30fe6748ed1a?s=96&d=mm&r=g\",\"url\":\"https:\\\/\\\/secure.gravatar.com\\\/avatar\\\/3a4625b20c8da3de99da69bfe7a322774e291c3f90dce7e8778a30fe6748ed1a?s=96&d=mm&r=g\",\"contentUrl\":\"https:\\\/\\\/secure.gravatar.com\\\/avatar\\\/3a4625b20c8da3de99da69bfe7a322774e291c3f90dce7e8778a30fe6748ed1a?s=96&d=mm&r=g\",\"caption\":\"Carlos Conchita\"}}]}<\/script>\n<!-- \/ Yoast SEO plugin. -->","yoast_head_json":{"title":"26-08-2025-Llanos de Lalarri -","robots":{"index":"index","follow":"follow","max-snippet":"max-snippet:-1","max-image-preview":"max-image-preview:large","max-video-preview":"max-video-preview:-1"},"canonical":"https:\/\/www.carlosyconchita.net\/rutas\/26-08-2025-llanos-de-lalarri\/","og_locale":"es_ES","og_type":"article","og_title":"26-08-2025-Llanos de Lalarri -","og_description":"Hoy vamos a descansar un poco de las bornas y mojones, no s\u00f3lo en el aspecto f\u00edsico del descanso, sino tambi\u00e9n del mental, para hacer una excursi\u00f3n sin ninguna prisa, sin levantarnos a las 6 de la ma\u00f1ana y sin tener que llegar\u00a0 a un sitio concreto , y elegimos los Llanos de Lalarri. Desde [&hellip;]","og_url":"https:\/\/www.carlosyconchita.net\/rutas\/26-08-2025-llanos-de-lalarri\/","og_site_name":"Las rutas de Carlos y Conchita","article_published_time":"2025-08-26T18:03:02+00:00","article_modified_time":"2025-11-16T19:52:44+00:00","og_image":[{"width":1024,"height":577,"url":"https:\/\/www.carlosyconchita.net\/rutas\/wp-content\/uploads\/2025\/11\/Lalarri-00035.jpg","type":"image\/jpeg"}],"author":"Carlos Conchita","twitter_misc":{"Escrito por":"Carlos Conchita","Tiempo de lectura":"5 minutos"},"schema":{"@context":"https:\/\/schema.org","@graph":[{"@type":"Article","@id":"https:\/\/www.carlosyconchita.net\/rutas\/26-08-2025-llanos-de-lalarri\/#article","isPartOf":{"@id":"https:\/\/www.carlosyconchita.net\/rutas\/26-08-2025-llanos-de-lalarri\/"},"author":{"name":"Carlos Conchita","@id":"https:\/\/www.carlosyconchita.net\/rutas\/#\/schema\/person\/a9691f7258c28443fab2d3aa1479ea19"},"headline":"26-08-2025-Llanos de Lalarri","datePublished":"2025-08-26T18:03:02+00:00","dateModified":"2025-11-16T19:52:44+00:00","mainEntityOfPage":{"@id":"https:\/\/www.carlosyconchita.net\/rutas\/26-08-2025-llanos-de-lalarri\/"},"wordCount":757,"commentCount":0,"image":{"@id":"https:\/\/www.carlosyconchita.net\/rutas\/26-08-2025-llanos-de-lalarri\/#primaryimage"},"thumbnailUrl":"https:\/\/www.carlosyconchita.net\/rutas\/wp-content\/uploads\/2025\/11\/Lalarri-00035.jpg","articleSection":["1-F\u00e1cil","2 - De 5 a 10 km.","Bielsa","Huesca"],"inLanguage":"es","potentialAction":[{"@type":"CommentAction","name":"Comment","target":["https:\/\/www.carlosyconchita.net\/rutas\/26-08-2025-llanos-de-lalarri\/#respond"]}]},{"@type":"WebPage","@id":"https:\/\/www.carlosyconchita.net\/rutas\/26-08-2025-llanos-de-lalarri\/","url":"https:\/\/www.carlosyconchita.net\/rutas\/26-08-2025-llanos-de-lalarri\/","name":"26-08-2025-Llanos de Lalarri -","isPartOf":{"@id":"https:\/\/www.carlosyconchita.net\/rutas\/#website"},"primaryImageOfPage":{"@id":"https:\/\/www.carlosyconchita.net\/rutas\/26-08-2025-llanos-de-lalarri\/#primaryimage"},"image":{"@id":"https:\/\/www.carlosyconchita.net\/rutas\/26-08-2025-llanos-de-lalarri\/#primaryimage"},"thumbnailUrl":"https:\/\/www.carlosyconchita.net\/rutas\/wp-content\/uploads\/2025\/11\/Lalarri-00035.jpg","datePublished":"2025-08-26T18:03:02+00:00","dateModified":"2025-11-16T19:52:44+00:00","author":{"@id":"https:\/\/www.carlosyconchita.net\/rutas\/#\/schema\/person\/a9691f7258c28443fab2d3aa1479ea19"},"breadcrumb":{"@id":"https:\/\/www.carlosyconchita.net\/rutas\/26-08-2025-llanos-de-lalarri\/#breadcrumb"},"inLanguage":"es","potentialAction":[{"@type":"ReadAction","target":["https:\/\/www.carlosyconchita.net\/rutas\/26-08-2025-llanos-de-lalarri\/"]}]},{"@type":"ImageObject","inLanguage":"es","@id":"https:\/\/www.carlosyconchita.net\/rutas\/26-08-2025-llanos-de-lalarri\/#primaryimage","url":"https:\/\/www.carlosyconchita.net\/rutas\/wp-content\/uploads\/2025\/11\/Lalarri-00035.jpg","contentUrl":"https:\/\/www.carlosyconchita.net\/rutas\/wp-content\/uploads\/2025\/11\/Lalarri-00035.jpg","width":1024,"height":577},{"@type":"BreadcrumbList","@id":"https:\/\/www.carlosyconchita.net\/rutas\/26-08-2025-llanos-de-lalarri\/#breadcrumb","itemListElement":[{"@type":"ListItem","position":1,"name":"Portada","item":"https:\/\/www.carlosyconchita.net\/rutas\/"},{"@type":"ListItem","position":2,"name":"26-08-2025-Llanos de Lalarri"}]},{"@type":"WebSite","@id":"https:\/\/www.carlosyconchita.net\/rutas\/#website","url":"https:\/\/www.carlosyconchita.net\/rutas\/","name":"Las rutas de Carlos y Conchita","description":"","potentialAction":[{"@type":"SearchAction","target":{"@type":"EntryPoint","urlTemplate":"https:\/\/www.carlosyconchita.net\/rutas\/?s={search_term_string}"},"query-input":{"@type":"PropertyValueSpecification","valueRequired":true,"valueName":"search_term_string"}}],"inLanguage":"es"},{"@type":"Person","@id":"https:\/\/www.carlosyconchita.net\/rutas\/#\/schema\/person\/a9691f7258c28443fab2d3aa1479ea19","name":"Carlos Conchita","image":{"@type":"ImageObject","inLanguage":"es","@id":"https:\/\/secure.gravatar.com\/avatar\/3a4625b20c8da3de99da69bfe7a322774e291c3f90dce7e8778a30fe6748ed1a?s=96&d=mm&r=g","url":"https:\/\/secure.gravatar.com\/avatar\/3a4625b20c8da3de99da69bfe7a322774e291c3f90dce7e8778a30fe6748ed1a?s=96&d=mm&r=g","contentUrl":"https:\/\/secure.gravatar.com\/avatar\/3a4625b20c8da3de99da69bfe7a322774e291c3f90dce7e8778a30fe6748ed1a?s=96&d=mm&r=g","caption":"Carlos Conchita"}}]}},"_links":{"self":[{"href":"https:\/\/www.carlosyconchita.net\/rutas\/wp-json\/wp\/v2\/posts\/21343","targetHints":{"allow":["GET"]}}],"collection":[{"href":"https:\/\/www.carlosyconchita.net\/rutas\/wp-json\/wp\/v2\/posts"}],"about":[{"href":"https:\/\/www.carlosyconchita.net\/rutas\/wp-json\/wp\/v2\/types\/post"}],"author":[{"embeddable":true,"href":"https:\/\/www.carlosyconchita.net\/rutas\/wp-json\/wp\/v2\/users\/50"}],"replies":[{"embeddable":true,"href":"https:\/\/www.carlosyconchita.net\/rutas\/wp-json\/wp\/v2\/comments?post=21343"}],"version-history":[{"count":3,"href":"https:\/\/www.carlosyconchita.net\/rutas\/wp-json\/wp\/v2\/posts\/21343\/revisions"}],"predecessor-version":[{"id":21365,"href":"https:\/\/www.carlosyconchita.net\/rutas\/wp-json\/wp\/v2\/posts\/21343\/revisions\/21365"}],"wp:featuredmedia":[{"embeddable":true,"href":"https:\/\/www.carlosyconchita.net\/rutas\/wp-json\/wp\/v2\/media\/21356"}],"wp:attachment":[{"href":"https:\/\/www.carlosyconchita.net\/rutas\/wp-json\/wp\/v2\/media?parent=21343"}],"wp:term":[{"taxonomy":"category","embeddable":true,"href":"https:\/\/www.carlosyconchita.net\/rutas\/wp-json\/wp\/v2\/categories?post=21343"},{"taxonomy":"post_tag","embeddable":true,"href":"https:\/\/www.carlosyconchita.net\/rutas\/wp-json\/wp\/v2\/tags?post=21343"}],"curies":[{"name":"wp","href":"https:\/\/api.w.org\/{rel}","templated":true}]}}