{"id":21366,"date":"2025-08-31T17:03:46","date_gmt":"2025-08-31T16:03:46","guid":{"rendered":"https:\/\/www.carlosyconchita.net\/rutas\/?p=21366"},"modified":"2025-11-18T18:32:10","modified_gmt":"2025-11-18T17:32:10","slug":"31-08-2025-plateau-de-sanchese","status":"publish","type":"post","link":"https:\/\/www.carlosyconchita.net\/rutas\/31-08-2025-plateau-de-sanchese\/","title":{"rendered":"31-08-2025-Plateau de Sanch\u00e8se"},"content":{"rendered":"<p style=\"text-align: justify;\">Hoy vamos a hacer una f\u00e1cil y c\u00f3moda excursi\u00f3n al Plateau de Sanch\u00e8se, a donde ma\u00f1ana volveremos para iniciar la dura caminata hasta la B-272.<\/p>\n<p style=\"text-align: justify;\">Ayer vinimos desde el Pont d&#8217;Espagne , en la zona de Cauterets, en donde hab\u00edamos dejado el coche para subir al Refugio de Wallon, y desde all\u00ed hacer las B-313 y la B-314, y esta pasada noche hemos dormido en el Camping de Lesc\u00fan, a donde llegar\u00e1n esta tarde tanto Eef por un lado, como Noelia y David por otro, para acompa\u00f1ar\u00f1os ma\u00f1ana, y tambi\u00e9n pasado ma\u00f1ana\u00a0 a la B-296.<\/p>\n<p style=\"text-align: justify;\">Adem\u00e1s, el camino hasta el Plateau est\u00e1 prohibido para los coches durante Julio y Agosto, por lo que ma\u00f1ana ya podremos llegar con coche hasta el final del camino y nos ahorraremos bastantes kil\u00f3metros de andar.<\/p>\n<p style=\"text-align: justify;\">As\u00ed que como tenemos el d\u00eda libre, vamos con el coche hasta una zona de parking cerca del Plateau y desde all\u00ed vamos caminando por un tranquilo y plano camino hasta el Plateau, que es una bonita zona, verde, con un riachuelo que nace de una cascada, y a donde va mucha gente, y rodeado de unas grandes monta\u00f1as, que te hacen pensartelo dos veces antes de subir.<\/p>\n<p style=\"text-align: justify;\">Como tenemos un magn\u00edfico d\u00eda, comemos algo al lado del riachuelo y nos hacemos las consabidas fotos para nuestra colecci\u00f3n, mirando tambi\u00e9n a las alturas , que es a donde ma\u00f1ana tendremos que subir.<\/p>\n<hr \/>\n<p><strong>Album de fotos<\/strong><\/p>\n<p>&nbsp;<\/p>\n<p><a href=\"https:\/\/photos.app.goo.gl\/Q4rJgMFGirczoTYN8\" target=\"_blank\" rel=\"noopener\"><img loading=\"lazy\" decoding=\"async\" class=\"size-medium wp-image-21367 aligncenter\" src=\"https:\/\/www.carlosyconchita.net\/rutas\/wp-content\/uploads\/2025\/11\/Sanchese-00008-300x169.jpg\" alt=\"\" width=\"300\" height=\"169\" srcset=\"https:\/\/www.carlosyconchita.net\/rutas\/wp-content\/uploads\/2025\/11\/Sanchese-00008-300x169.jpg 300w, https:\/\/www.carlosyconchita.net\/rutas\/wp-content\/uploads\/2025\/11\/Sanchese-00008-600x338.jpg 600w, https:\/\/www.carlosyconchita.net\/rutas\/wp-content\/uploads\/2025\/11\/Sanchese-00008-768x433.jpg 768w, https:\/\/www.carlosyconchita.net\/rutas\/wp-content\/uploads\/2025\/11\/Sanchese-00008.jpg 1024w\" sizes=\"auto, (max-width: 300px) 100vw, 300px\" \/><\/a><\/p>\n<hr \/>\n<h4><strong>Mapa y track de la ruta<\/strong><\/h4>\n<p style=\"text-align: center;\"><strong><span style=\"color: #ff0000;\">\u00a0<\/span><\/strong><\/p>\n<p><a href=\"https:\/\/www.carlosyconchita.net\/rutas\/wp-content\/uploads\/gpx\/PlateauSanchese.html\" target=\"_blank\" rel=\"noopener\"><img loading=\"lazy\" decoding=\"async\" class=\"aligncenter wp-image-16466\" src=\"https:\/\/www.carlosyconchita.net\/rutas\/wp-content\/uploads\/2021\/09\/mapa2.jpg\" alt=\"\" width=\"0185\" height=\"185\" srcset=\"https:\/\/www.carlosyconchita.net\/rutas\/wp-content\/uploads\/2021\/09\/mapa2.jpg 225w, https:\/\/www.carlosyconchita.net\/rutas\/wp-content\/uploads\/2021\/09\/mapa2-120x120.jpg 120w\" sizes=\"auto, (max-width: 185px) 100vw, 185px\" \/><\/a><\/p>\n<hr \/>\n<p>&nbsp;<\/p>\n<p><strong>Wikiloc<br \/>\n<\/strong><a href=\"https:\/\/es.wikiloc.com\/rutas-senderismo\/plateau-de-sanchese-240764564\" target=\"_blank\" rel=\"noopener\"><img loading=\"lazy\" decoding=\"async\" class=\"aligncenter size-full wp-image-958\" src=\"https:\/\/www.carlosyconchita.net\/rutas\/wp-content\/uploads\/2020\/09\/wikiloc.jpg\" alt=\"\" width=\"117\" height=\"34\" \/><\/a><\/p>\n<hr \/>\n<p style=\"text-align: justify;\"><span style=\"color: #ff0000; background-color: #ffffff; font-size: 14pt;\"><strong>Si te ha gustado o tienes alguna consulta,\u00a0 env\u00edanos tu comentario.<br \/>\n<\/strong><\/span><\/p>\n<p style=\"text-align: justify;\"><span style=\"font-size: 14pt;\"><strong><span style=\"color: #ff0000;\">Muchas gracias !<\/span><\/strong><\/span><\/p>\n<hr \/>\n<p style=\"text-align: justify;\"><strong><span style=\"color: #008000;\">Suscribete si quieres recibir un mail cuando publiquemos nuevas rutas : no enviamos publicidad y como m\u00e1ximo enviamos 2 mails al mes<\/span><\/strong><\/p>\n<p style=\"text-align: center;\"><a href=\"https:\/\/mailchi.mp\/6989c83a3e24\/wmv06rtqcz\/\" target=\"_blank\" rel=\"noopener noreferrer\"><strong><span style=\"color: #0000ff;\">Pulsa aqu\u00ed para suscribirte<\/span><\/strong><\/a><\/p>\n<hr \/>\n<h3 style=\"text-align: justify;\">Puedes imprimir esta publicaci\u00f3n o guardarla en diferentes formatos :<\/h3>\n<p style=\"text-align: justify;\"><span style=\"color: #ff0000; font-size: 14pt;\">Para facilitar la impresi\u00f3n, hemos reducido considerablemente el tama\u00f1o de las fotos que puedan aparecer en la explicaci\u00f3n, pero si deseas imprimir sin fotos, aconsejamos guardarlo como \u201cdoc\u201d, y antes de imprimirlo, eliminar las fotos<\/span><\/p>\n<p>&nbsp;<\/p>\n","protected":false},"excerpt":{"rendered":"<p>Hoy vamos a hacer una f\u00e1cil y c\u00f3moda excursi\u00f3n al Plateau de Sanch\u00e8se, a donde ma\u00f1ana volveremos para iniciar la dura caminata hasta la B-272. Ayer vinimos desde el Pont d&#8217;Espagne , en la zona de Cauterets, en donde hab\u00edamos dejado el coche para subir al Refugio de Wallon, y desde all\u00ed hacer las B-313 [&hellip;]<\/p>\n","protected":false},"author":50,"featured_media":21367,"comment_status":"open","ping_status":"open","sticky":false,"template":"","format":"standard","meta":{"footnotes":""},"categories":[14,74],"tags":[],"class_list":{"0":"post-21366","1":"post","2":"type-post","3":"status-publish","4":"format-standard","5":"has-post-thumbnail","6":"hentry","7":"category-muy-facil","8":"category-0-mojones-bornas-frontera","10":"post-with-thumbnail","11":"post-with-thumbnail-icon"},"yoast_head":"<!-- This site is optimized with the Yoast SEO plugin v27.5 - https:\/\/yoast.com\/product\/yoast-seo-wordpress\/ -->\n<title>31-08-2025-Plateau de Sanch\u00e8se -<\/title>\n<meta name=\"robots\" content=\"index, follow, max-snippet:-1, max-image-preview:large, max-video-preview:-1\" \/>\n<link rel=\"canonical\" href=\"https:\/\/www.carlosyconchita.net\/rutas\/31-08-2025-plateau-de-sanchese\/\" \/>\n<meta property=\"og:locale\" content=\"es_ES\" \/>\n<meta property=\"og:type\" content=\"article\" \/>\n<meta property=\"og:title\" content=\"31-08-2025-Plateau de Sanch\u00e8se -\" \/>\n<meta property=\"og:description\" content=\"Hoy vamos a hacer una f\u00e1cil y c\u00f3moda excursi\u00f3n al Plateau de Sanch\u00e8se, a donde ma\u00f1ana volveremos para iniciar la dura caminata hasta la B-272. Ayer vinimos desde el Pont d&#8217;Espagne , en la zona de Cauterets, en donde hab\u00edamos dejado el coche para subir al Refugio de Wallon, y desde all\u00ed hacer las B-313 [&hellip;]\" \/>\n<meta property=\"og:url\" content=\"https:\/\/www.carlosyconchita.net\/rutas\/31-08-2025-plateau-de-sanchese\/\" \/>\n<meta property=\"og:site_name\" content=\"Las rutas de Carlos y Conchita\" \/>\n<meta property=\"article:published_time\" content=\"2025-08-31T16:03:46+00:00\" \/>\n<meta property=\"article:modified_time\" content=\"2025-11-18T17:32:10+00:00\" \/>\n<meta property=\"og:image\" content=\"https:\/\/www.carlosyconchita.net\/rutas\/wp-content\/uploads\/2025\/11\/Sanchese-00008.jpg\" \/>\n\t<meta property=\"og:image:width\" content=\"1024\" \/>\n\t<meta property=\"og:image:height\" content=\"577\" \/>\n\t<meta property=\"og:image:type\" content=\"image\/jpeg\" \/>\n<meta name=\"author\" content=\"Carlos Conchita\" \/>\n<meta name=\"twitter:label1\" content=\"Escrito por\" \/>\n\t<meta name=\"twitter:data1\" content=\"Carlos Conchita\" \/>\n\t<meta name=\"twitter:label2\" content=\"Tiempo de lectura\" \/>\n\t<meta name=\"twitter:data2\" content=\"3 minutos\" \/>\n<script type=\"application\/ld+json\" class=\"yoast-schema-graph\">{\"@context\":\"https:\\\/\\\/schema.org\",\"@graph\":[{\"@type\":\"Article\",\"@id\":\"https:\\\/\\\/www.carlosyconchita.net\\\/rutas\\\/31-08-2025-plateau-de-sanchese\\\/#article\",\"isPartOf\":{\"@id\":\"https:\\\/\\\/www.carlosyconchita.net\\\/rutas\\\/31-08-2025-plateau-de-sanchese\\\/\"},\"author\":{\"name\":\"Carlos Conchita\",\"@id\":\"https:\\\/\\\/www.carlosyconchita.net\\\/rutas\\\/#\\\/schema\\\/person\\\/a9691f7258c28443fab2d3aa1479ea19\"},\"headline\":\"31-08-2025-Plateau de Sanch\u00e8se\",\"datePublished\":\"2025-08-31T16:03:46+00:00\",\"dateModified\":\"2025-11-18T17:32:10+00:00\",\"mainEntityOfPage\":{\"@id\":\"https:\\\/\\\/www.carlosyconchita.net\\\/rutas\\\/31-08-2025-plateau-de-sanchese\\\/\"},\"wordCount\":361,\"commentCount\":0,\"image\":{\"@id\":\"https:\\\/\\\/www.carlosyconchita.net\\\/rutas\\\/31-08-2025-plateau-de-sanchese\\\/#primaryimage\"},\"thumbnailUrl\":\"https:\\\/\\\/www.carlosyconchita.net\\\/rutas\\\/wp-content\\\/uploads\\\/2025\\\/11\\\/Sanchese-00008.jpg\",\"articleSection\":[\"0-Muy f\u00e1cil\",\"Mojones \\\/ Bornas frontera ES-FR\"],\"inLanguage\":\"es\",\"potentialAction\":[{\"@type\":\"CommentAction\",\"name\":\"Comment\",\"target\":[\"https:\\\/\\\/www.carlosyconchita.net\\\/rutas\\\/31-08-2025-plateau-de-sanchese\\\/#respond\"]}]},{\"@type\":\"WebPage\",\"@id\":\"https:\\\/\\\/www.carlosyconchita.net\\\/rutas\\\/31-08-2025-plateau-de-sanchese\\\/\",\"url\":\"https:\\\/\\\/www.carlosyconchita.net\\\/rutas\\\/31-08-2025-plateau-de-sanchese\\\/\",\"name\":\"31-08-2025-Plateau de Sanch\u00e8se -\",\"isPartOf\":{\"@id\":\"https:\\\/\\\/www.carlosyconchita.net\\\/rutas\\\/#website\"},\"primaryImageOfPage\":{\"@id\":\"https:\\\/\\\/www.carlosyconchita.net\\\/rutas\\\/31-08-2025-plateau-de-sanchese\\\/#primaryimage\"},\"image\":{\"@id\":\"https:\\\/\\\/www.carlosyconchita.net\\\/rutas\\\/31-08-2025-plateau-de-sanchese\\\/#primaryimage\"},\"thumbnailUrl\":\"https:\\\/\\\/www.carlosyconchita.net\\\/rutas\\\/wp-content\\\/uploads\\\/2025\\\/11\\\/Sanchese-00008.jpg\",\"datePublished\":\"2025-08-31T16:03:46+00:00\",\"dateModified\":\"2025-11-18T17:32:10+00:00\",\"author\":{\"@id\":\"https:\\\/\\\/www.carlosyconchita.net\\\/rutas\\\/#\\\/schema\\\/person\\\/a9691f7258c28443fab2d3aa1479ea19\"},\"breadcrumb\":{\"@id\":\"https:\\\/\\\/www.carlosyconchita.net\\\/rutas\\\/31-08-2025-plateau-de-sanchese\\\/#breadcrumb\"},\"inLanguage\":\"es\",\"potentialAction\":[{\"@type\":\"ReadAction\",\"target\":[\"https:\\\/\\\/www.carlosyconchita.net\\\/rutas\\\/31-08-2025-plateau-de-sanchese\\\/\"]}]},{\"@type\":\"ImageObject\",\"inLanguage\":\"es\",\"@id\":\"https:\\\/\\\/www.carlosyconchita.net\\\/rutas\\\/31-08-2025-plateau-de-sanchese\\\/#primaryimage\",\"url\":\"https:\\\/\\\/www.carlosyconchita.net\\\/rutas\\\/wp-content\\\/uploads\\\/2025\\\/11\\\/Sanchese-00008.jpg\",\"contentUrl\":\"https:\\\/\\\/www.carlosyconchita.net\\\/rutas\\\/wp-content\\\/uploads\\\/2025\\\/11\\\/Sanchese-00008.jpg\",\"width\":1024,\"height\":577},{\"@type\":\"BreadcrumbList\",\"@id\":\"https:\\\/\\\/www.carlosyconchita.net\\\/rutas\\\/31-08-2025-plateau-de-sanchese\\\/#breadcrumb\",\"itemListElement\":[{\"@type\":\"ListItem\",\"position\":1,\"name\":\"Portada\",\"item\":\"https:\\\/\\\/www.carlosyconchita.net\\\/rutas\\\/\"},{\"@type\":\"ListItem\",\"position\":2,\"name\":\"31-08-2025-Plateau de Sanch\u00e8se\"}]},{\"@type\":\"WebSite\",\"@id\":\"https:\\\/\\\/www.carlosyconchita.net\\\/rutas\\\/#website\",\"url\":\"https:\\\/\\\/www.carlosyconchita.net\\\/rutas\\\/\",\"name\":\"Las rutas de Carlos y Conchita\",\"description\":\"\",\"potentialAction\":[{\"@type\":\"SearchAction\",\"target\":{\"@type\":\"EntryPoint\",\"urlTemplate\":\"https:\\\/\\\/www.carlosyconchita.net\\\/rutas\\\/?s={search_term_string}\"},\"query-input\":{\"@type\":\"PropertyValueSpecification\",\"valueRequired\":true,\"valueName\":\"search_term_string\"}}],\"inLanguage\":\"es\"},{\"@type\":\"Person\",\"@id\":\"https:\\\/\\\/www.carlosyconchita.net\\\/rutas\\\/#\\\/schema\\\/person\\\/a9691f7258c28443fab2d3aa1479ea19\",\"name\":\"Carlos Conchita\",\"image\":{\"@type\":\"ImageObject\",\"inLanguage\":\"es\",\"@id\":\"https:\\\/\\\/secure.gravatar.com\\\/avatar\\\/3a4625b20c8da3de99da69bfe7a322774e291c3f90dce7e8778a30fe6748ed1a?s=96&d=mm&r=g\",\"url\":\"https:\\\/\\\/secure.gravatar.com\\\/avatar\\\/3a4625b20c8da3de99da69bfe7a322774e291c3f90dce7e8778a30fe6748ed1a?s=96&d=mm&r=g\",\"contentUrl\":\"https:\\\/\\\/secure.gravatar.com\\\/avatar\\\/3a4625b20c8da3de99da69bfe7a322774e291c3f90dce7e8778a30fe6748ed1a?s=96&d=mm&r=g\",\"caption\":\"Carlos Conchita\"}}]}<\/script>\n<!-- \/ Yoast SEO plugin. -->","yoast_head_json":{"title":"31-08-2025-Plateau de Sanch\u00e8se -","robots":{"index":"index","follow":"follow","max-snippet":"max-snippet:-1","max-image-preview":"max-image-preview:large","max-video-preview":"max-video-preview:-1"},"canonical":"https:\/\/www.carlosyconchita.net\/rutas\/31-08-2025-plateau-de-sanchese\/","og_locale":"es_ES","og_type":"article","og_title":"31-08-2025-Plateau de Sanch\u00e8se -","og_description":"Hoy vamos a hacer una f\u00e1cil y c\u00f3moda excursi\u00f3n al Plateau de Sanch\u00e8se, a donde ma\u00f1ana volveremos para iniciar la dura caminata hasta la B-272. Ayer vinimos desde el Pont d&#8217;Espagne , en la zona de Cauterets, en donde hab\u00edamos dejado el coche para subir al Refugio de Wallon, y desde all\u00ed hacer las B-313 [&hellip;]","og_url":"https:\/\/www.carlosyconchita.net\/rutas\/31-08-2025-plateau-de-sanchese\/","og_site_name":"Las rutas de Carlos y Conchita","article_published_time":"2025-08-31T16:03:46+00:00","article_modified_time":"2025-11-18T17:32:10+00:00","og_image":[{"width":1024,"height":577,"url":"https:\/\/www.carlosyconchita.net\/rutas\/wp-content\/uploads\/2025\/11\/Sanchese-00008.jpg","type":"image\/jpeg"}],"author":"Carlos Conchita","twitter_misc":{"Escrito por":"Carlos Conchita","Tiempo de lectura":"3 minutos"},"schema":{"@context":"https:\/\/schema.org","@graph":[{"@type":"Article","@id":"https:\/\/www.carlosyconchita.net\/rutas\/31-08-2025-plateau-de-sanchese\/#article","isPartOf":{"@id":"https:\/\/www.carlosyconchita.net\/rutas\/31-08-2025-plateau-de-sanchese\/"},"author":{"name":"Carlos Conchita","@id":"https:\/\/www.carlosyconchita.net\/rutas\/#\/schema\/person\/a9691f7258c28443fab2d3aa1479ea19"},"headline":"31-08-2025-Plateau de Sanch\u00e8se","datePublished":"2025-08-31T16:03:46+00:00","dateModified":"2025-11-18T17:32:10+00:00","mainEntityOfPage":{"@id":"https:\/\/www.carlosyconchita.net\/rutas\/31-08-2025-plateau-de-sanchese\/"},"wordCount":361,"commentCount":0,"image":{"@id":"https:\/\/www.carlosyconchita.net\/rutas\/31-08-2025-plateau-de-sanchese\/#primaryimage"},"thumbnailUrl":"https:\/\/www.carlosyconchita.net\/rutas\/wp-content\/uploads\/2025\/11\/Sanchese-00008.jpg","articleSection":["0-Muy f\u00e1cil","Mojones \/ Bornas frontera ES-FR"],"inLanguage":"es","potentialAction":[{"@type":"CommentAction","name":"Comment","target":["https:\/\/www.carlosyconchita.net\/rutas\/31-08-2025-plateau-de-sanchese\/#respond"]}]},{"@type":"WebPage","@id":"https:\/\/www.carlosyconchita.net\/rutas\/31-08-2025-plateau-de-sanchese\/","url":"https:\/\/www.carlosyconchita.net\/rutas\/31-08-2025-plateau-de-sanchese\/","name":"31-08-2025-Plateau de Sanch\u00e8se -","isPartOf":{"@id":"https:\/\/www.carlosyconchita.net\/rutas\/#website"},"primaryImageOfPage":{"@id":"https:\/\/www.carlosyconchita.net\/rutas\/31-08-2025-plateau-de-sanchese\/#primaryimage"},"image":{"@id":"https:\/\/www.carlosyconchita.net\/rutas\/31-08-2025-plateau-de-sanchese\/#primaryimage"},"thumbnailUrl":"https:\/\/www.carlosyconchita.net\/rutas\/wp-content\/uploads\/2025\/11\/Sanchese-00008.jpg","datePublished":"2025-08-31T16:03:46+00:00","dateModified":"2025-11-18T17:32:10+00:00","author":{"@id":"https:\/\/www.carlosyconchita.net\/rutas\/#\/schema\/person\/a9691f7258c28443fab2d3aa1479ea19"},"breadcrumb":{"@id":"https:\/\/www.carlosyconchita.net\/rutas\/31-08-2025-plateau-de-sanchese\/#breadcrumb"},"inLanguage":"es","potentialAction":[{"@type":"ReadAction","target":["https:\/\/www.carlosyconchita.net\/rutas\/31-08-2025-plateau-de-sanchese\/"]}]},{"@type":"ImageObject","inLanguage":"es","@id":"https:\/\/www.carlosyconchita.net\/rutas\/31-08-2025-plateau-de-sanchese\/#primaryimage","url":"https:\/\/www.carlosyconchita.net\/rutas\/wp-content\/uploads\/2025\/11\/Sanchese-00008.jpg","contentUrl":"https:\/\/www.carlosyconchita.net\/rutas\/wp-content\/uploads\/2025\/11\/Sanchese-00008.jpg","width":1024,"height":577},{"@type":"BreadcrumbList","@id":"https:\/\/www.carlosyconchita.net\/rutas\/31-08-2025-plateau-de-sanchese\/#breadcrumb","itemListElement":[{"@type":"ListItem","position":1,"name":"Portada","item":"https:\/\/www.carlosyconchita.net\/rutas\/"},{"@type":"ListItem","position":2,"name":"31-08-2025-Plateau de Sanch\u00e8se"}]},{"@type":"WebSite","@id":"https:\/\/www.carlosyconchita.net\/rutas\/#website","url":"https:\/\/www.carlosyconchita.net\/rutas\/","name":"Las rutas de Carlos y Conchita","description":"","potentialAction":[{"@type":"SearchAction","target":{"@type":"EntryPoint","urlTemplate":"https:\/\/www.carlosyconchita.net\/rutas\/?s={search_term_string}"},"query-input":{"@type":"PropertyValueSpecification","valueRequired":true,"valueName":"search_term_string"}}],"inLanguage":"es"},{"@type":"Person","@id":"https:\/\/www.carlosyconchita.net\/rutas\/#\/schema\/person\/a9691f7258c28443fab2d3aa1479ea19","name":"Carlos Conchita","image":{"@type":"ImageObject","inLanguage":"es","@id":"https:\/\/secure.gravatar.com\/avatar\/3a4625b20c8da3de99da69bfe7a322774e291c3f90dce7e8778a30fe6748ed1a?s=96&d=mm&r=g","url":"https:\/\/secure.gravatar.com\/avatar\/3a4625b20c8da3de99da69bfe7a322774e291c3f90dce7e8778a30fe6748ed1a?s=96&d=mm&r=g","contentUrl":"https:\/\/secure.gravatar.com\/avatar\/3a4625b20c8da3de99da69bfe7a322774e291c3f90dce7e8778a30fe6748ed1a?s=96&d=mm&r=g","caption":"Carlos Conchita"}}]}},"_links":{"self":[{"href":"https:\/\/www.carlosyconchita.net\/rutas\/wp-json\/wp\/v2\/posts\/21366","targetHints":{"allow":["GET"]}}],"collection":[{"href":"https:\/\/www.carlosyconchita.net\/rutas\/wp-json\/wp\/v2\/posts"}],"about":[{"href":"https:\/\/www.carlosyconchita.net\/rutas\/wp-json\/wp\/v2\/types\/post"}],"author":[{"embeddable":true,"href":"https:\/\/www.carlosyconchita.net\/rutas\/wp-json\/wp\/v2\/users\/50"}],"replies":[{"embeddable":true,"href":"https:\/\/www.carlosyconchita.net\/rutas\/wp-json\/wp\/v2\/comments?post=21366"}],"version-history":[{"count":3,"href":"https:\/\/www.carlosyconchita.net\/rutas\/wp-json\/wp\/v2\/posts\/21366\/revisions"}],"predecessor-version":[{"id":21373,"href":"https:\/\/www.carlosyconchita.net\/rutas\/wp-json\/wp\/v2\/posts\/21366\/revisions\/21373"}],"wp:featuredmedia":[{"embeddable":true,"href":"https:\/\/www.carlosyconchita.net\/rutas\/wp-json\/wp\/v2\/media\/21367"}],"wp:attachment":[{"href":"https:\/\/www.carlosyconchita.net\/rutas\/wp-json\/wp\/v2\/media?parent=21366"}],"wp:term":[{"taxonomy":"category","embeddable":true,"href":"https:\/\/www.carlosyconchita.net\/rutas\/wp-json\/wp\/v2\/categories?post=21366"},{"taxonomy":"post_tag","embeddable":true,"href":"https:\/\/www.carlosyconchita.net\/rutas\/wp-json\/wp\/v2\/tags?post=21366"}],"curies":[{"name":"wp","href":"https:\/\/api.w.org\/{rel}","templated":true}]}}