{"id":21478,"date":"2025-06-22T16:11:36","date_gmt":"2025-06-22T15:11:36","guid":{"rendered":"https:\/\/www.carlosyconchita.net\/rutas\/?p=21478"},"modified":"2025-12-23T16:23:23","modified_gmt":"2025-12-23T15:23:23","slug":"22-06-2025-faro-y-playa-de-contis","status":"publish","type":"post","link":"https:\/\/www.carlosyconchita.net\/rutas\/22-06-2025-faro-y-playa-de-contis\/","title":{"rendered":"22-06-2025-Faro y playa de Contis"},"content":{"rendered":"<p style=\"text-align: justify;\">Antes de hacer una caminata por el Sendero de Mailloueyre, nos vamos a Contis, donde pensamos ver el faro y despu\u00e9s hacer un peque\u00f1o paseo por la playa.<\/p>\n<p style=\"text-align: justify;\">Pero cuando llegamos al faro, vemos que est\u00e1 entre una espesa arboleda, y que adem\u00e1s est\u00e1 cerrado por una valla, con lo que podemos verlo s\u00f3lo entre los arboles.<\/p>\n<p style=\"text-align: justify;\">As\u00ed que despu\u00e9s de unas pocas fotos, nos vamos a la zona de la playa, para ver unas cuantas dunas m\u00e1s&#8230;creemos que en este viaje a las Landas vamos a batir nuestro record de dunas, cosa no muy dificil por otra parte porque anteriormente hab\u00edamos visto muy pocas.<\/p>\n<p>Dado el corto recorrido hacia el Faro, que ha sido s\u00f3lo de unos 500 m. y tambi\u00e9n el de la playa, no ponemos ning\u00fan track.<\/p>\n<p>La foto de portada de esta publicaci\u00f3n no es el verdadero faro de Contis, sino una reproducci\u00f3n del mismo en una rotonda.<br \/>\nComo que el faro verdadero est\u00e1 rodeado de pinos, no hemos podido hacer ninguna foto entera del mismo, por ese motivo hemos puesto aqu\u00ed la \u00abcopia\u00bb.<\/p>\n<p>&nbsp;<\/p>\n<hr \/>\n<p><strong>Album de fotos<\/strong><\/p>\n<p><a href=\"https:\/\/photos.app.goo.gl\/3a58EPA5SBVADTCW8\" target=\"_blank\" rel=\"noopener\"><img loading=\"lazy\" decoding=\"async\" class=\"size-medium wp-image-21481 aligncenter\" src=\"https:\/\/www.carlosyconchita.net\/rutas\/wp-content\/uploads\/2025\/12\/Contis-00019-300x169.jpg\" alt=\"\" width=\"300\" height=\"169\" srcset=\"https:\/\/www.carlosyconchita.net\/rutas\/wp-content\/uploads\/2025\/12\/Contis-00019-300x169.jpg 300w, https:\/\/www.carlosyconchita.net\/rutas\/wp-content\/uploads\/2025\/12\/Contis-00019-600x338.jpg 600w, https:\/\/www.carlosyconchita.net\/rutas\/wp-content\/uploads\/2025\/12\/Contis-00019-768x433.jpg 768w, https:\/\/www.carlosyconchita.net\/rutas\/wp-content\/uploads\/2025\/12\/Contis-00019.jpg 1024w\" sizes=\"auto, (max-width: 300px) 100vw, 300px\" \/><\/a><\/p>\n<hr \/>\n<p>&nbsp;<\/p>\n<p>.<\/p>\n","protected":false},"excerpt":{"rendered":"<p>Antes de hacer una caminata por el Sendero de Mailloueyre, nos vamos a Contis, donde pensamos ver el faro y despu\u00e9s hacer un peque\u00f1o paseo por la playa. Pero cuando llegamos al faro, vemos que est\u00e1 entre una espesa arboleda, y que adem\u00e1s est\u00e1 cerrado por una valla, con lo que podemos verlo s\u00f3lo entre [&hellip;]<\/p>\n","protected":false},"author":50,"featured_media":21481,"comment_status":"open","ping_status":"open","sticky":false,"template":"","format":"standard","meta":{"footnotes":""},"categories":[14,21,144],"tags":[],"class_list":{"0":"post-21478","1":"post","2":"type-post","3":"status-publish","4":"format-standard","5":"has-post-thumbnail","6":"hentry","7":"category-muy-facil","8":"category-hasta-5-km","9":"category-landes","11":"post-with-thumbnail","12":"post-with-thumbnail-icon"},"yoast_head":"<!-- This site is optimized with the Yoast SEO plugin v27.4 - https:\/\/yoast.com\/product\/yoast-seo-wordpress\/ -->\n<title>22-06-2025-Faro y playa de Contis -<\/title>\n<meta name=\"robots\" content=\"index, follow, max-snippet:-1, max-image-preview:large, max-video-preview:-1\" \/>\n<link rel=\"canonical\" href=\"https:\/\/www.carlosyconchita.net\/rutas\/22-06-2025-faro-y-playa-de-contis\/\" \/>\n<meta property=\"og:locale\" content=\"es_ES\" \/>\n<meta property=\"og:type\" content=\"article\" \/>\n<meta property=\"og:title\" content=\"22-06-2025-Faro y playa de Contis -\" \/>\n<meta property=\"og:description\" content=\"Antes de hacer una caminata por el Sendero de Mailloueyre, nos vamos a Contis, donde pensamos ver el faro y despu\u00e9s hacer un peque\u00f1o paseo por la playa. Pero cuando llegamos al faro, vemos que est\u00e1 entre una espesa arboleda, y que adem\u00e1s est\u00e1 cerrado por una valla, con lo que podemos verlo s\u00f3lo entre [&hellip;]\" \/>\n<meta property=\"og:url\" content=\"https:\/\/www.carlosyconchita.net\/rutas\/22-06-2025-faro-y-playa-de-contis\/\" \/>\n<meta property=\"og:site_name\" content=\"Las rutas de Carlos y Conchita\" \/>\n<meta property=\"article:published_time\" content=\"2025-06-22T15:11:36+00:00\" \/>\n<meta property=\"article:modified_time\" content=\"2025-12-23T15:23:23+00:00\" \/>\n<meta property=\"og:image\" content=\"https:\/\/www.carlosyconchita.net\/rutas\/wp-content\/uploads\/2025\/12\/Contis-00019.jpg\" \/>\n\t<meta property=\"og:image:width\" content=\"1024\" \/>\n\t<meta property=\"og:image:height\" content=\"577\" \/>\n\t<meta property=\"og:image:type\" content=\"image\/jpeg\" \/>\n<meta name=\"author\" content=\"Carlos Conchita\" \/>\n<meta name=\"twitter:label1\" content=\"Escrito por\" \/>\n\t<meta name=\"twitter:data1\" content=\"Carlos Conchita\" \/>\n\t<meta name=\"twitter:label2\" content=\"Tiempo de lectura\" \/>\n\t<meta name=\"twitter:data2\" content=\"2 minutos\" \/>\n<script type=\"application\/ld+json\" class=\"yoast-schema-graph\">{\"@context\":\"https:\\\/\\\/schema.org\",\"@graph\":[{\"@type\":\"Article\",\"@id\":\"https:\\\/\\\/www.carlosyconchita.net\\\/rutas\\\/22-06-2025-faro-y-playa-de-contis\\\/#article\",\"isPartOf\":{\"@id\":\"https:\\\/\\\/www.carlosyconchita.net\\\/rutas\\\/22-06-2025-faro-y-playa-de-contis\\\/\"},\"author\":{\"name\":\"Carlos Conchita\",\"@id\":\"https:\\\/\\\/www.carlosyconchita.net\\\/rutas\\\/#\\\/schema\\\/person\\\/a9691f7258c28443fab2d3aa1479ea19\"},\"headline\":\"22-06-2025-Faro y playa de Contis\",\"datePublished\":\"2025-06-22T15:11:36+00:00\",\"dateModified\":\"2025-12-23T15:23:23+00:00\",\"mainEntityOfPage\":{\"@id\":\"https:\\\/\\\/www.carlosyconchita.net\\\/rutas\\\/22-06-2025-faro-y-playa-de-contis\\\/\"},\"wordCount\":202,\"commentCount\":0,\"image\":{\"@id\":\"https:\\\/\\\/www.carlosyconchita.net\\\/rutas\\\/22-06-2025-faro-y-playa-de-contis\\\/#primaryimage\"},\"thumbnailUrl\":\"https:\\\/\\\/www.carlosyconchita.net\\\/rutas\\\/wp-content\\\/uploads\\\/2025\\\/12\\\/Contis-00019.jpg\",\"articleSection\":[\"0-Muy f\u00e1cil\",\"1 - Hasta 5 km.\",\"Landas\"],\"inLanguage\":\"es\",\"potentialAction\":[{\"@type\":\"CommentAction\",\"name\":\"Comment\",\"target\":[\"https:\\\/\\\/www.carlosyconchita.net\\\/rutas\\\/22-06-2025-faro-y-playa-de-contis\\\/#respond\"]}]},{\"@type\":\"WebPage\",\"@id\":\"https:\\\/\\\/www.carlosyconchita.net\\\/rutas\\\/22-06-2025-faro-y-playa-de-contis\\\/\",\"url\":\"https:\\\/\\\/www.carlosyconchita.net\\\/rutas\\\/22-06-2025-faro-y-playa-de-contis\\\/\",\"name\":\"22-06-2025-Faro y playa de Contis -\",\"isPartOf\":{\"@id\":\"https:\\\/\\\/www.carlosyconchita.net\\\/rutas\\\/#website\"},\"primaryImageOfPage\":{\"@id\":\"https:\\\/\\\/www.carlosyconchita.net\\\/rutas\\\/22-06-2025-faro-y-playa-de-contis\\\/#primaryimage\"},\"image\":{\"@id\":\"https:\\\/\\\/www.carlosyconchita.net\\\/rutas\\\/22-06-2025-faro-y-playa-de-contis\\\/#primaryimage\"},\"thumbnailUrl\":\"https:\\\/\\\/www.carlosyconchita.net\\\/rutas\\\/wp-content\\\/uploads\\\/2025\\\/12\\\/Contis-00019.jpg\",\"datePublished\":\"2025-06-22T15:11:36+00:00\",\"dateModified\":\"2025-12-23T15:23:23+00:00\",\"author\":{\"@id\":\"https:\\\/\\\/www.carlosyconchita.net\\\/rutas\\\/#\\\/schema\\\/person\\\/a9691f7258c28443fab2d3aa1479ea19\"},\"breadcrumb\":{\"@id\":\"https:\\\/\\\/www.carlosyconchita.net\\\/rutas\\\/22-06-2025-faro-y-playa-de-contis\\\/#breadcrumb\"},\"inLanguage\":\"es\",\"potentialAction\":[{\"@type\":\"ReadAction\",\"target\":[\"https:\\\/\\\/www.carlosyconchita.net\\\/rutas\\\/22-06-2025-faro-y-playa-de-contis\\\/\"]}]},{\"@type\":\"ImageObject\",\"inLanguage\":\"es\",\"@id\":\"https:\\\/\\\/www.carlosyconchita.net\\\/rutas\\\/22-06-2025-faro-y-playa-de-contis\\\/#primaryimage\",\"url\":\"https:\\\/\\\/www.carlosyconchita.net\\\/rutas\\\/wp-content\\\/uploads\\\/2025\\\/12\\\/Contis-00019.jpg\",\"contentUrl\":\"https:\\\/\\\/www.carlosyconchita.net\\\/rutas\\\/wp-content\\\/uploads\\\/2025\\\/12\\\/Contis-00019.jpg\",\"width\":1024,\"height\":577},{\"@type\":\"BreadcrumbList\",\"@id\":\"https:\\\/\\\/www.carlosyconchita.net\\\/rutas\\\/22-06-2025-faro-y-playa-de-contis\\\/#breadcrumb\",\"itemListElement\":[{\"@type\":\"ListItem\",\"position\":1,\"name\":\"Portada\",\"item\":\"https:\\\/\\\/www.carlosyconchita.net\\\/rutas\\\/\"},{\"@type\":\"ListItem\",\"position\":2,\"name\":\"22-06-2025-Faro y playa de Contis\"}]},{\"@type\":\"WebSite\",\"@id\":\"https:\\\/\\\/www.carlosyconchita.net\\\/rutas\\\/#website\",\"url\":\"https:\\\/\\\/www.carlosyconchita.net\\\/rutas\\\/\",\"name\":\"Las rutas de Carlos y Conchita\",\"description\":\"\",\"potentialAction\":[{\"@type\":\"SearchAction\",\"target\":{\"@type\":\"EntryPoint\",\"urlTemplate\":\"https:\\\/\\\/www.carlosyconchita.net\\\/rutas\\\/?s={search_term_string}\"},\"query-input\":{\"@type\":\"PropertyValueSpecification\",\"valueRequired\":true,\"valueName\":\"search_term_string\"}}],\"inLanguage\":\"es\"},{\"@type\":\"Person\",\"@id\":\"https:\\\/\\\/www.carlosyconchita.net\\\/rutas\\\/#\\\/schema\\\/person\\\/a9691f7258c28443fab2d3aa1479ea19\",\"name\":\"Carlos Conchita\",\"image\":{\"@type\":\"ImageObject\",\"inLanguage\":\"es\",\"@id\":\"https:\\\/\\\/secure.gravatar.com\\\/avatar\\\/3a4625b20c8da3de99da69bfe7a322774e291c3f90dce7e8778a30fe6748ed1a?s=96&d=mm&r=g\",\"url\":\"https:\\\/\\\/secure.gravatar.com\\\/avatar\\\/3a4625b20c8da3de99da69bfe7a322774e291c3f90dce7e8778a30fe6748ed1a?s=96&d=mm&r=g\",\"contentUrl\":\"https:\\\/\\\/secure.gravatar.com\\\/avatar\\\/3a4625b20c8da3de99da69bfe7a322774e291c3f90dce7e8778a30fe6748ed1a?s=96&d=mm&r=g\",\"caption\":\"Carlos Conchita\"}}]}<\/script>\n<!-- \/ Yoast SEO plugin. -->","yoast_head_json":{"title":"22-06-2025-Faro y playa de Contis -","robots":{"index":"index","follow":"follow","max-snippet":"max-snippet:-1","max-image-preview":"max-image-preview:large","max-video-preview":"max-video-preview:-1"},"canonical":"https:\/\/www.carlosyconchita.net\/rutas\/22-06-2025-faro-y-playa-de-contis\/","og_locale":"es_ES","og_type":"article","og_title":"22-06-2025-Faro y playa de Contis -","og_description":"Antes de hacer una caminata por el Sendero de Mailloueyre, nos vamos a Contis, donde pensamos ver el faro y despu\u00e9s hacer un peque\u00f1o paseo por la playa. Pero cuando llegamos al faro, vemos que est\u00e1 entre una espesa arboleda, y que adem\u00e1s est\u00e1 cerrado por una valla, con lo que podemos verlo s\u00f3lo entre [&hellip;]","og_url":"https:\/\/www.carlosyconchita.net\/rutas\/22-06-2025-faro-y-playa-de-contis\/","og_site_name":"Las rutas de Carlos y Conchita","article_published_time":"2025-06-22T15:11:36+00:00","article_modified_time":"2025-12-23T15:23:23+00:00","og_image":[{"width":1024,"height":577,"url":"https:\/\/www.carlosyconchita.net\/rutas\/wp-content\/uploads\/2025\/12\/Contis-00019.jpg","type":"image\/jpeg"}],"author":"Carlos Conchita","twitter_misc":{"Escrito por":"Carlos Conchita","Tiempo de lectura":"2 minutos"},"schema":{"@context":"https:\/\/schema.org","@graph":[{"@type":"Article","@id":"https:\/\/www.carlosyconchita.net\/rutas\/22-06-2025-faro-y-playa-de-contis\/#article","isPartOf":{"@id":"https:\/\/www.carlosyconchita.net\/rutas\/22-06-2025-faro-y-playa-de-contis\/"},"author":{"name":"Carlos Conchita","@id":"https:\/\/www.carlosyconchita.net\/rutas\/#\/schema\/person\/a9691f7258c28443fab2d3aa1479ea19"},"headline":"22-06-2025-Faro y playa de Contis","datePublished":"2025-06-22T15:11:36+00:00","dateModified":"2025-12-23T15:23:23+00:00","mainEntityOfPage":{"@id":"https:\/\/www.carlosyconchita.net\/rutas\/22-06-2025-faro-y-playa-de-contis\/"},"wordCount":202,"commentCount":0,"image":{"@id":"https:\/\/www.carlosyconchita.net\/rutas\/22-06-2025-faro-y-playa-de-contis\/#primaryimage"},"thumbnailUrl":"https:\/\/www.carlosyconchita.net\/rutas\/wp-content\/uploads\/2025\/12\/Contis-00019.jpg","articleSection":["0-Muy f\u00e1cil","1 - Hasta 5 km.","Landas"],"inLanguage":"es","potentialAction":[{"@type":"CommentAction","name":"Comment","target":["https:\/\/www.carlosyconchita.net\/rutas\/22-06-2025-faro-y-playa-de-contis\/#respond"]}]},{"@type":"WebPage","@id":"https:\/\/www.carlosyconchita.net\/rutas\/22-06-2025-faro-y-playa-de-contis\/","url":"https:\/\/www.carlosyconchita.net\/rutas\/22-06-2025-faro-y-playa-de-contis\/","name":"22-06-2025-Faro y playa de Contis -","isPartOf":{"@id":"https:\/\/www.carlosyconchita.net\/rutas\/#website"},"primaryImageOfPage":{"@id":"https:\/\/www.carlosyconchita.net\/rutas\/22-06-2025-faro-y-playa-de-contis\/#primaryimage"},"image":{"@id":"https:\/\/www.carlosyconchita.net\/rutas\/22-06-2025-faro-y-playa-de-contis\/#primaryimage"},"thumbnailUrl":"https:\/\/www.carlosyconchita.net\/rutas\/wp-content\/uploads\/2025\/12\/Contis-00019.jpg","datePublished":"2025-06-22T15:11:36+00:00","dateModified":"2025-12-23T15:23:23+00:00","author":{"@id":"https:\/\/www.carlosyconchita.net\/rutas\/#\/schema\/person\/a9691f7258c28443fab2d3aa1479ea19"},"breadcrumb":{"@id":"https:\/\/www.carlosyconchita.net\/rutas\/22-06-2025-faro-y-playa-de-contis\/#breadcrumb"},"inLanguage":"es","potentialAction":[{"@type":"ReadAction","target":["https:\/\/www.carlosyconchita.net\/rutas\/22-06-2025-faro-y-playa-de-contis\/"]}]},{"@type":"ImageObject","inLanguage":"es","@id":"https:\/\/www.carlosyconchita.net\/rutas\/22-06-2025-faro-y-playa-de-contis\/#primaryimage","url":"https:\/\/www.carlosyconchita.net\/rutas\/wp-content\/uploads\/2025\/12\/Contis-00019.jpg","contentUrl":"https:\/\/www.carlosyconchita.net\/rutas\/wp-content\/uploads\/2025\/12\/Contis-00019.jpg","width":1024,"height":577},{"@type":"BreadcrumbList","@id":"https:\/\/www.carlosyconchita.net\/rutas\/22-06-2025-faro-y-playa-de-contis\/#breadcrumb","itemListElement":[{"@type":"ListItem","position":1,"name":"Portada","item":"https:\/\/www.carlosyconchita.net\/rutas\/"},{"@type":"ListItem","position":2,"name":"22-06-2025-Faro y playa de Contis"}]},{"@type":"WebSite","@id":"https:\/\/www.carlosyconchita.net\/rutas\/#website","url":"https:\/\/www.carlosyconchita.net\/rutas\/","name":"Las rutas de Carlos y Conchita","description":"","potentialAction":[{"@type":"SearchAction","target":{"@type":"EntryPoint","urlTemplate":"https:\/\/www.carlosyconchita.net\/rutas\/?s={search_term_string}"},"query-input":{"@type":"PropertyValueSpecification","valueRequired":true,"valueName":"search_term_string"}}],"inLanguage":"es"},{"@type":"Person","@id":"https:\/\/www.carlosyconchita.net\/rutas\/#\/schema\/person\/a9691f7258c28443fab2d3aa1479ea19","name":"Carlos Conchita","image":{"@type":"ImageObject","inLanguage":"es","@id":"https:\/\/secure.gravatar.com\/avatar\/3a4625b20c8da3de99da69bfe7a322774e291c3f90dce7e8778a30fe6748ed1a?s=96&d=mm&r=g","url":"https:\/\/secure.gravatar.com\/avatar\/3a4625b20c8da3de99da69bfe7a322774e291c3f90dce7e8778a30fe6748ed1a?s=96&d=mm&r=g","contentUrl":"https:\/\/secure.gravatar.com\/avatar\/3a4625b20c8da3de99da69bfe7a322774e291c3f90dce7e8778a30fe6748ed1a?s=96&d=mm&r=g","caption":"Carlos Conchita"}}]}},"_links":{"self":[{"href":"https:\/\/www.carlosyconchita.net\/rutas\/wp-json\/wp\/v2\/posts\/21478","targetHints":{"allow":["GET"]}}],"collection":[{"href":"https:\/\/www.carlosyconchita.net\/rutas\/wp-json\/wp\/v2\/posts"}],"about":[{"href":"https:\/\/www.carlosyconchita.net\/rutas\/wp-json\/wp\/v2\/types\/post"}],"author":[{"embeddable":true,"href":"https:\/\/www.carlosyconchita.net\/rutas\/wp-json\/wp\/v2\/users\/50"}],"replies":[{"embeddable":true,"href":"https:\/\/www.carlosyconchita.net\/rutas\/wp-json\/wp\/v2\/comments?post=21478"}],"version-history":[{"count":3,"href":"https:\/\/www.carlosyconchita.net\/rutas\/wp-json\/wp\/v2\/posts\/21478\/revisions"}],"predecessor-version":[{"id":21486,"href":"https:\/\/www.carlosyconchita.net\/rutas\/wp-json\/wp\/v2\/posts\/21478\/revisions\/21486"}],"wp:featuredmedia":[{"embeddable":true,"href":"https:\/\/www.carlosyconchita.net\/rutas\/wp-json\/wp\/v2\/media\/21481"}],"wp:attachment":[{"href":"https:\/\/www.carlosyconchita.net\/rutas\/wp-json\/wp\/v2\/media?parent=21478"}],"wp:term":[{"taxonomy":"category","embeddable":true,"href":"https:\/\/www.carlosyconchita.net\/rutas\/wp-json\/wp\/v2\/categories?post=21478"},{"taxonomy":"post_tag","embeddable":true,"href":"https:\/\/www.carlosyconchita.net\/rutas\/wp-json\/wp\/v2\/tags?post=21478"}],"curies":[{"name":"wp","href":"https:\/\/api.w.org\/{rel}","templated":true}]}}