{"id":2197,"date":"2013-01-27T22:13:27","date_gmt":"2013-01-27T21:13:27","guid":{"rendered":"http:\/\/www.carlosyconchita.net\/rutas\/?p=2197"},"modified":"2021-03-13T18:47:13","modified_gmt":"2021-03-13T17:47:13","slug":"27-01-2013-1a-caminata-comentada-st-vicenc-dels-horts","status":"publish","type":"post","link":"https:\/\/www.carlosyconchita.net\/rutas\/27-01-2013-1a-caminata-comentada-st-vicenc-dels-horts\/","title":{"rendered":"27-01-2013 &#8211; 1\u00aa Caminata comentada &#8211; St.Vicen\u00e7 dels Horts"},"content":{"rendered":"<p>&nbsp;<\/p>\n<table border=\"2\" frame=\"border\">\n<tbody>\n<tr>\n<td><strong>Dificultad :\u00a0 Moderada<\/strong><\/td>\n<td><strong>Recorrido : 13&#8217;370 km.<br \/>\n<\/strong><\/td>\n<\/tr>\n<tr>\n<td><strong>\u00a0Desnivel :\u00a0 753 m. <\/strong><\/td>\n<td><strong>\u00a0Alturas :\u00a0\u00a0\u00a0 &#8211; 2 \/ 349 m<\/strong><\/td>\n<\/tr>\n<\/tbody>\n<\/table>\n<p style=\"text-align: justify;\">Esta ha sido la primera excursi\u00f3n que hemos hecho con nuestros nuevos compa\u00f1eros del Club Excursionista Sant Vicen\u00e7 (<span style=\"color: #3333ff;\">\u00a0<\/span><a href=\"http:\/\/www.cesvdelshorts.com\/\" target=\"_blank\" rel=\"noopener\"><span style=\"color: #3333ff;\">www.cesvdelshorts.com<\/span><\/a> ), y ha coincidido adem\u00e1s en ser la primera que han organizado conjuntamente el citado Club y el Centre d&#8217;Estudis Locals de esta poblaci\u00f3n.<\/p>\n<p>\u00a0Ha consistido en una caminata por los alrededores de St.Vicen\u00e7 , con diversas paradas en puntos de inter\u00e9s, en donde nos han explicado la historia, or\u00edgenes, leyendas etc. de cada punto y de la poblaci\u00f3n en\u00a0 general.<\/p>\n<p>El punto de partida ha sido la estaci\u00f3n del ferrocarril, y las paradas y explicaciones han sido \u00e9stas :<\/p>\n<p>1- Estaci\u00f3n ferrocarril : 100 a\u00f1os de la llegada del ferrocarril, por Maite.<\/p>\n<p>2- Ermita de Sant Roc y Mas\u00eda de Can Mallol : por Elena<\/p>\n<p>3- Parada en la Gran Alzina : explicaciones sobre el aprovechamiento del bosque\u00a0 por los hombres a lo largo de los siglos.<\/p>\n<p>4- Torre de la Torraxa : explicaciones de Maite sobre el Castell de Sant Antoni, su relaci\u00f3n con el castillo de Cervell\u00f3\u00a0 (ver la ruta\u00a0<a title=\"16-12-2012 \u2013 Cervell\u00f3, castillo y ermita de Sta.Mar\u00eda\" href=\"http:\/\/www.carlosyconchita.net\/rutas\/?p=1923\"> Cervell\u00f3, castillo y ermita de Sta.Mar\u00eda <\/a>y las fotos del album) \u00a0 y del petroglifo que ver\u00edamos poco despu\u00e9s. (por Albert).<\/p>\n<p>5- Ermita de Sant Antoni : Albert nos habla del Parc Natural-Agr\u00edcola Montbaix-Montpedr\u00f3s.<\/p>\n<p>6- Pla\u00e7a de les Bruixes : Maite nos explica una sangrienta leyenda&#8230;<\/p>\n<p>7- Flora y fauna : Jes\u00fas Blanco nos habla de las plantas de esta zona, y Miquel Rocher de la fauna, con unas magn\u00edficas fotos de su colecci\u00f3n.<\/p>\n<p>8- Riera de Can Valent : Jes\u00fas Blanco nos vuelve a demostrar su gran conocimiento de la flora, en este caso de ribera.<\/p>\n<p>9- En el cruce de la Contraselva, Elena nos explica los or\u00edgenes del barrio de Sant Antoni.<\/p>\n<p>10- En la Mas\u00eda de Can Costa, Escu nos explica un poco la historia de la mas\u00eda y de la organizaci\u00f3n de las mismas.<\/p>\n<p>11- Por \u00faltimo, ya en el casco urbano, pasamos por el reci\u00e9n inaugurado Parc Manuel Boga. (hab\u00eda sido inaugurado esa misma ma\u00f1ana)<\/p>\n<p><span style=\"color: #008000;\">Nuestra idea es a\u00f1adir a este resumen de la caminata, los textos explicativos de cada una de las paradas, que publicaremos en cuanto nos los hagan llegar sus autores.<\/span><\/p>\n<p>&nbsp;<\/p>\n<p><a href=\"http:\/\/www.carlosyconchita.net\/rutas\/wp-content\/uploads\/2013\/01\/P1270201.jpg\"><img loading=\"lazy\" decoding=\"async\" class=\"size-large wp-image-2205\" title=\"OLYMPUS DIGITAL CAMERA\" src=\"http:\/\/www.carlosyconchita.net\/rutas\/wp-content\/uploads\/2013\/01\/P1270201-1024x768.jpg\" alt=\"\" width=\"584\" height=\"438\" srcset=\"https:\/\/www.carlosyconchita.net\/rutas\/wp-content\/uploads\/2013\/01\/P1270201-1024x768.jpg 1024w, https:\/\/www.carlosyconchita.net\/rutas\/wp-content\/uploads\/2013\/01\/P1270201-300x225.jpg 300w, https:\/\/www.carlosyconchita.net\/rutas\/wp-content\/uploads\/2013\/01\/P1270201-400x300.jpg 400w, https:\/\/www.carlosyconchita.net\/rutas\/wp-content\/uploads\/2013\/01\/P1270201.jpg 533w\" sizes=\"auto, (max-width: 584px) 100vw, 584px\" \/><\/a><\/p>\n<p>Estaci\u00f3n de Sant Vicen\u00e7 : Maite explica la historia del ferrocaril en St. Vicen\u00e7<\/p>\n<p>\u00a0<a href=\"http:\/\/www.carlosyconchita.net\/rutas\/wp-content\/uploads\/2013\/01\/P1270203.jpg\"><img loading=\"lazy\" decoding=\"async\" class=\"size-large wp-image-2206\" title=\"OLYMPUS DIGITAL CAMERA\" src=\"http:\/\/www.carlosyconchita.net\/rutas\/wp-content\/uploads\/2013\/01\/P1270203-1024x768.jpg\" alt=\"\" width=\"584\" height=\"438\" srcset=\"https:\/\/www.carlosyconchita.net\/rutas\/wp-content\/uploads\/2013\/01\/P1270203-1024x768.jpg 1024w, https:\/\/www.carlosyconchita.net\/rutas\/wp-content\/uploads\/2013\/01\/P1270203-300x225.jpg 300w, https:\/\/www.carlosyconchita.net\/rutas\/wp-content\/uploads\/2013\/01\/P1270203-400x300.jpg 400w, https:\/\/www.carlosyconchita.net\/rutas\/wp-content\/uploads\/2013\/01\/P1270203.jpg 533w\" sizes=\"auto, (max-width: 584px) 100vw, 584px\" \/><\/a><\/p>\n<p>Empezamos a caminar&#8230;<\/p>\n<p>\u00a0<a href=\"http:\/\/www.carlosyconchita.net\/rutas\/wp-content\/uploads\/2013\/01\/P1270204.jpg\"><img loading=\"lazy\" decoding=\"async\" class=\"size-large wp-image-2207\" title=\"OLYMPUS DIGITAL CAMERA\" src=\"http:\/\/www.carlosyconchita.net\/rutas\/wp-content\/uploads\/2013\/01\/P1270204-1024x768.jpg\" alt=\"\" width=\"584\" height=\"438\" srcset=\"https:\/\/www.carlosyconchita.net\/rutas\/wp-content\/uploads\/2013\/01\/P1270204-1024x768.jpg 1024w, https:\/\/www.carlosyconchita.net\/rutas\/wp-content\/uploads\/2013\/01\/P1270204-300x225.jpg 300w, https:\/\/www.carlosyconchita.net\/rutas\/wp-content\/uploads\/2013\/01\/P1270204-400x300.jpg 400w, https:\/\/www.carlosyconchita.net\/rutas\/wp-content\/uploads\/2013\/01\/P1270204.jpg 533w\" sizes=\"auto, (max-width: 584px) 100vw, 584px\" \/><\/a><\/p>\n<p>La ermita de Sant Roc y la Mas\u00eda de Can Mallol<\/p>\n<p>&nbsp;<\/p>\n<p><a href=\"http:\/\/www.carlosyconchita.net\/rutas\/wp-content\/uploads\/2013\/01\/P1270206.jpg\"><img loading=\"lazy\" decoding=\"async\" class=\"alignleft size-large wp-image-2208\" title=\"OLYMPUS DIGITAL CAMERA\" src=\"http:\/\/www.carlosyconchita.net\/rutas\/wp-content\/uploads\/2013\/01\/P1270206-1024x768.jpg\" alt=\"\" width=\"584\" height=\"438\" srcset=\"https:\/\/www.carlosyconchita.net\/rutas\/wp-content\/uploads\/2013\/01\/P1270206-1024x768.jpg 1024w, https:\/\/www.carlosyconchita.net\/rutas\/wp-content\/uploads\/2013\/01\/P1270206-300x225.jpg 300w, https:\/\/www.carlosyconchita.net\/rutas\/wp-content\/uploads\/2013\/01\/P1270206-400x300.jpg 400w, https:\/\/www.carlosyconchita.net\/rutas\/wp-content\/uploads\/2013\/01\/P1270206.jpg 533w\" sizes=\"auto, (max-width: 584px) 100vw, 584px\" \/><\/a><\/p>\n<p><a href=\"http:\/\/www.carlosyconchita.net\/rutas\/wp-content\/uploads\/2013\/01\/P1270211.jpg\"><img loading=\"lazy\" decoding=\"async\" class=\"size-large wp-image-2209\" title=\"OLYMPUS DIGITAL CAMERA\" src=\"http:\/\/www.carlosyconchita.net\/rutas\/wp-content\/uploads\/2013\/01\/P1270211-1024x768.jpg\" alt=\"\" width=\"584\" height=\"438\" srcset=\"https:\/\/www.carlosyconchita.net\/rutas\/wp-content\/uploads\/2013\/01\/P1270211-1024x768.jpg 1024w, https:\/\/www.carlosyconchita.net\/rutas\/wp-content\/uploads\/2013\/01\/P1270211-300x225.jpg 300w, https:\/\/www.carlosyconchita.net\/rutas\/wp-content\/uploads\/2013\/01\/P1270211-400x300.jpg 400w, https:\/\/www.carlosyconchita.net\/rutas\/wp-content\/uploads\/2013\/01\/P1270211.jpg 533w\" sizes=\"auto, (max-width: 584px) 100vw, 584px\" \/><\/a><\/p>\n<p>La gran alzina : Escu nos explica la historia del aprovechamiento de la monta\u00f1a en los \u00faltimos siglos<\/p>\n<p>\u00a0<a href=\"http:\/\/www.carlosyconchita.net\/rutas\/wp-content\/uploads\/2013\/01\/P1270215.jpg\"><img loading=\"lazy\" decoding=\"async\" class=\"size-large wp-image-2210\" title=\"OLYMPUS DIGITAL CAMERA\" src=\"http:\/\/www.carlosyconchita.net\/rutas\/wp-content\/uploads\/2013\/01\/P1270215-1024x768.jpg\" alt=\"\" width=\"584\" height=\"438\" srcset=\"https:\/\/www.carlosyconchita.net\/rutas\/wp-content\/uploads\/2013\/01\/P1270215-1024x768.jpg 1024w, https:\/\/www.carlosyconchita.net\/rutas\/wp-content\/uploads\/2013\/01\/P1270215-300x225.jpg 300w, https:\/\/www.carlosyconchita.net\/rutas\/wp-content\/uploads\/2013\/01\/P1270215-400x300.jpg 400w, https:\/\/www.carlosyconchita.net\/rutas\/wp-content\/uploads\/2013\/01\/P1270215.jpg 533w\" sizes=\"auto, (max-width: 584px) 100vw, 584px\" \/><\/a><\/p>\n<p>La torre de la Torraxa<\/p>\n<p>\u00a0<a href=\"http:\/\/www.carlosyconchita.net\/rutas\/wp-content\/uploads\/2013\/01\/P1270222.jpg\"><img loading=\"lazy\" decoding=\"async\" class=\"size-large wp-image-2211\" title=\"OLYMPUS DIGITAL CAMERA\" src=\"http:\/\/www.carlosyconchita.net\/rutas\/wp-content\/uploads\/2013\/01\/P1270222-1024x768.jpg\" alt=\"\" width=\"584\" height=\"438\" srcset=\"https:\/\/www.carlosyconchita.net\/rutas\/wp-content\/uploads\/2013\/01\/P1270222-1024x768.jpg 1024w, https:\/\/www.carlosyconchita.net\/rutas\/wp-content\/uploads\/2013\/01\/P1270222-300x225.jpg 300w, https:\/\/www.carlosyconchita.net\/rutas\/wp-content\/uploads\/2013\/01\/P1270222-400x300.jpg 400w, https:\/\/www.carlosyconchita.net\/rutas\/wp-content\/uploads\/2013\/01\/P1270222.jpg 533w\" sizes=\"auto, (max-width: 584px) 100vw, 584px\" \/><\/a><\/p>\n<p>El petroglifo<\/p>\n<p>\u00a0<a href=\"http:\/\/www.carlosyconchita.net\/rutas\/wp-content\/uploads\/2013\/01\/P1270237.jpg\"><img loading=\"lazy\" decoding=\"async\" class=\"size-large wp-image-2212\" title=\"OLYMPUS DIGITAL CAMERA\" src=\"http:\/\/www.carlosyconchita.net\/rutas\/wp-content\/uploads\/2013\/01\/P1270237-1024x768.jpg\" alt=\"\" width=\"584\" height=\"438\" srcset=\"https:\/\/www.carlosyconchita.net\/rutas\/wp-content\/uploads\/2013\/01\/P1270237-1024x768.jpg 1024w, https:\/\/www.carlosyconchita.net\/rutas\/wp-content\/uploads\/2013\/01\/P1270237-300x225.jpg 300w, https:\/\/www.carlosyconchita.net\/rutas\/wp-content\/uploads\/2013\/01\/P1270237-400x300.jpg 400w, https:\/\/www.carlosyconchita.net\/rutas\/wp-content\/uploads\/2013\/01\/P1270237.jpg 533w\" sizes=\"auto, (max-width: 584px) 100vw, 584px\" \/><\/a><\/p>\n<p>La ermita de Sant Antoni<\/p>\n<p>\u00a0<a href=\"http:\/\/www.carlosyconchita.net\/rutas\/wp-content\/uploads\/2013\/01\/P1270255.jpg\"><img loading=\"lazy\" decoding=\"async\" class=\"size-large wp-image-2213\" title=\"OLYMPUS DIGITAL CAMERA\" src=\"http:\/\/www.carlosyconchita.net\/rutas\/wp-content\/uploads\/2013\/01\/P1270255-1024x768.jpg\" alt=\"\" width=\"584\" height=\"438\" srcset=\"https:\/\/www.carlosyconchita.net\/rutas\/wp-content\/uploads\/2013\/01\/P1270255-1024x768.jpg 1024w, https:\/\/www.carlosyconchita.net\/rutas\/wp-content\/uploads\/2013\/01\/P1270255-300x225.jpg 300w, https:\/\/www.carlosyconchita.net\/rutas\/wp-content\/uploads\/2013\/01\/P1270255-400x300.jpg 400w, https:\/\/www.carlosyconchita.net\/rutas\/wp-content\/uploads\/2013\/01\/P1270255.jpg 533w\" sizes=\"auto, (max-width: 584px) 100vw, 584px\" \/><\/a><\/p>\n<p>Montserrat desde la ermita<\/p>\n<p>\u00a0<a href=\"http:\/\/www.carlosyconchita.net\/rutas\/wp-content\/uploads\/2013\/01\/P1270239.jpg\"><img loading=\"lazy\" decoding=\"async\" class=\"size-large wp-image-2214\" title=\"OLYMPUS DIGITAL CAMERA\" src=\"http:\/\/www.carlosyconchita.net\/rutas\/wp-content\/uploads\/2013\/01\/P1270239-1024x768.jpg\" alt=\"\" width=\"584\" height=\"438\" srcset=\"https:\/\/www.carlosyconchita.net\/rutas\/wp-content\/uploads\/2013\/01\/P1270239-1024x768.jpg 1024w, https:\/\/www.carlosyconchita.net\/rutas\/wp-content\/uploads\/2013\/01\/P1270239-300x225.jpg 300w, https:\/\/www.carlosyconchita.net\/rutas\/wp-content\/uploads\/2013\/01\/P1270239-400x300.jpg 400w, https:\/\/www.carlosyconchita.net\/rutas\/wp-content\/uploads\/2013\/01\/P1270239.jpg 533w\" sizes=\"auto, (max-width: 584px) 100vw, 584px\" \/><\/a><\/p>\n<p>Vistas desde la ermita<\/p>\n<p>\u00a0<a href=\"http:\/\/www.carlosyconchita.net\/rutas\/wp-content\/uploads\/2013\/01\/P1270260.jpg\"><img loading=\"lazy\" decoding=\"async\" class=\"size-large wp-image-2215\" title=\"OLYMPUS DIGITAL CAMERA\" src=\"http:\/\/www.carlosyconchita.net\/rutas\/wp-content\/uploads\/2013\/01\/P1270260-1024x768.jpg\" alt=\"\" width=\"584\" height=\"438\" srcset=\"https:\/\/www.carlosyconchita.net\/rutas\/wp-content\/uploads\/2013\/01\/P1270260-1024x768.jpg 1024w, https:\/\/www.carlosyconchita.net\/rutas\/wp-content\/uploads\/2013\/01\/P1270260-300x225.jpg 300w, https:\/\/www.carlosyconchita.net\/rutas\/wp-content\/uploads\/2013\/01\/P1270260-400x300.jpg 400w, https:\/\/www.carlosyconchita.net\/rutas\/wp-content\/uploads\/2013\/01\/P1270260.jpg 533w\" sizes=\"auto, (max-width: 584px) 100vw, 584px\" \/><\/a><\/p>\n<p>La pla\u00e7a de les Bruixes<\/p>\n<p>\u00a0<a href=\"http:\/\/www.carlosyconchita.net\/rutas\/wp-content\/uploads\/2013\/01\/P1270276.jpg\"><img loading=\"lazy\" decoding=\"async\" class=\"size-large wp-image-2216\" title=\"OLYMPUS DIGITAL CAMERA\" src=\"http:\/\/www.carlosyconchita.net\/rutas\/wp-content\/uploads\/2013\/01\/P1270276-1024x768.jpg\" alt=\"\" width=\"584\" height=\"438\" srcset=\"https:\/\/www.carlosyconchita.net\/rutas\/wp-content\/uploads\/2013\/01\/P1270276-1024x768.jpg 1024w, https:\/\/www.carlosyconchita.net\/rutas\/wp-content\/uploads\/2013\/01\/P1270276-300x225.jpg 300w, https:\/\/www.carlosyconchita.net\/rutas\/wp-content\/uploads\/2013\/01\/P1270276-400x300.jpg 400w, https:\/\/www.carlosyconchita.net\/rutas\/wp-content\/uploads\/2013\/01\/P1270276.jpg 533w\" sizes=\"auto, (max-width: 584px) 100vw, 584px\" \/><\/a><\/p>\n<p>La riera de Can Valent<\/p>\n<p>\u00a0<a href=\"http:\/\/www.carlosyconchita.net\/rutas\/wp-content\/uploads\/2013\/01\/P1270280.jpg\"><img loading=\"lazy\" decoding=\"async\" class=\"size-large wp-image-2217\" title=\"OLYMPUS DIGITAL CAMERA\" src=\"http:\/\/www.carlosyconchita.net\/rutas\/wp-content\/uploads\/2013\/01\/P1270280-1024x768.jpg\" alt=\"\" width=\"584\" height=\"438\" srcset=\"https:\/\/www.carlosyconchita.net\/rutas\/wp-content\/uploads\/2013\/01\/P1270280-1024x768.jpg 1024w, https:\/\/www.carlosyconchita.net\/rutas\/wp-content\/uploads\/2013\/01\/P1270280-300x225.jpg 300w, https:\/\/www.carlosyconchita.net\/rutas\/wp-content\/uploads\/2013\/01\/P1270280-400x300.jpg 400w, https:\/\/www.carlosyconchita.net\/rutas\/wp-content\/uploads\/2013\/01\/P1270280.jpg 533w\" sizes=\"auto, (max-width: 584px) 100vw, 584px\" \/><\/a><\/p>\n<p>Explicaciones sobre los or\u00edgenes del Barrio de Sant Antoni<\/p>\n<p>\u00a0<a href=\"http:\/\/www.carlosyconchita.net\/rutas\/wp-content\/uploads\/2013\/01\/P1270295.jpg\"><img loading=\"lazy\" decoding=\"async\" class=\"size-large wp-image-2218\" title=\"OLYMPUS DIGITAL CAMERA\" src=\"http:\/\/www.carlosyconchita.net\/rutas\/wp-content\/uploads\/2013\/01\/P1270295-1024x768.jpg\" alt=\"\" width=\"584\" height=\"438\" srcset=\"https:\/\/www.carlosyconchita.net\/rutas\/wp-content\/uploads\/2013\/01\/P1270295-1024x768.jpg 1024w, https:\/\/www.carlosyconchita.net\/rutas\/wp-content\/uploads\/2013\/01\/P1270295-300x225.jpg 300w, https:\/\/www.carlosyconchita.net\/rutas\/wp-content\/uploads\/2013\/01\/P1270295-400x300.jpg 400w, https:\/\/www.carlosyconchita.net\/rutas\/wp-content\/uploads\/2013\/01\/P1270295.jpg 533w\" sizes=\"auto, (max-width: 584px) 100vw, 584px\" \/><\/a><\/p>\n<p>La mas\u00eda de Can Costa<\/p>\n<p>\u00a0<a href=\"http:\/\/www.carlosyconchita.net\/rutas\/wp-content\/uploads\/2013\/01\/P1270299.jpg\"><img loading=\"lazy\" decoding=\"async\" class=\"size-large wp-image-2219\" title=\"OLYMPUS DIGITAL CAMERA\" src=\"http:\/\/www.carlosyconchita.net\/rutas\/wp-content\/uploads\/2013\/01\/P1270299-1024x768.jpg\" alt=\"\" width=\"584\" height=\"438\" srcset=\"https:\/\/www.carlosyconchita.net\/rutas\/wp-content\/uploads\/2013\/01\/P1270299-1024x768.jpg 1024w, https:\/\/www.carlosyconchita.net\/rutas\/wp-content\/uploads\/2013\/01\/P1270299-300x225.jpg 300w, https:\/\/www.carlosyconchita.net\/rutas\/wp-content\/uploads\/2013\/01\/P1270299-400x300.jpg 400w, https:\/\/www.carlosyconchita.net\/rutas\/wp-content\/uploads\/2013\/01\/P1270299.jpg 533w\" sizes=\"auto, (max-width: 584px) 100vw, 584px\" \/><\/a><\/p>\n<p>Placa del Parc Manuel Boga<\/p>\n<p>&nbsp;<\/p>\n<p>y por \u00faltimo, la foto del grupo, por gentileza del Club.<\/p>\n<div id=\"attachment_2220\" style=\"width: 594px\" class=\"wp-caption alignleft\"><a href=\"http:\/\/www.carlosyconchita.net\/rutas\/wp-content\/uploads\/2013\/01\/P1270237a.jpg\"><img loading=\"lazy\" decoding=\"async\" aria-describedby=\"caption-attachment-2220\" class=\"size-large wp-image-2220\" title=\"P1270237a\" src=\"http:\/\/www.carlosyconchita.net\/rutas\/wp-content\/uploads\/2013\/01\/P1270237a-1024x768.jpg\" alt=\"\" width=\"584\" height=\"438\" srcset=\"https:\/\/www.carlosyconchita.net\/rutas\/wp-content\/uploads\/2013\/01\/P1270237a-1024x768.jpg 1024w, https:\/\/www.carlosyconchita.net\/rutas\/wp-content\/uploads\/2013\/01\/P1270237a-300x225.jpg 300w, https:\/\/www.carlosyconchita.net\/rutas\/wp-content\/uploads\/2013\/01\/P1270237a-399x300.jpg 399w, https:\/\/www.carlosyconchita.net\/rutas\/wp-content\/uploads\/2013\/01\/P1270237a.jpg 533w\" sizes=\"auto, (max-width: 584px) 100vw, 584px\" \/><\/a><p id=\"caption-attachment-2220\" class=\"wp-caption-text\">Foto del grupo<\/p><\/div>\n<p>.<\/p>\n<table border=\"0\" frame=\"border\">\n<tbody>\n<tr align=\"left\" valign=\"middle\">\n<td align=\"center\" valign=\"middle\">\n<div>\n<dl id=\"\">\n<dt><a title=\"Enlace a Wikiloc\" href=\"http:\/\/es.wikiloc.com\/wikiloc\/view.do?id=3906307\" target=\"_blank\" rel=\"noopener\"><img loading=\"lazy\" decoding=\"async\" title=\"wikiloc\" src=\"http:\/\/www.carlosyconchita.net\/rutas\/wp-content\/uploads\/2020\/09\/wikiloc.jpg\" alt=\"\" width=\"117\" height=\"34\" \/><\/a><\/dt>\n<dd>Enlace a Wikiloc<\/dd>\n<\/dl>\n<\/div>\n<\/td>\n<td align=\"center\" valign=\"middle\">\n<div>\n<dl id=\"\">\n<dt><a title=\"Album de fotos completo\" href=\"https:\/\/plus.google.com\/u\/0\/photos\/107644747431220159618\/albums\/5838190958489791425\" target=\"_blank\" rel=\"noopener\"><img loading=\"lazy\" decoding=\"async\" title=\"foto\" src=\"http:\/\/www.carlosyconchita.net\/rutas\/wp-content\/uploads\/2020\/09\/foto.png\" alt=\"\" width=\"60\" height=\"44\" \/><\/a><\/dt>\n<dd>Album de fotos<\/dd>\n<\/dl>\n<\/div>\n<\/td>\n<\/tr>\n<\/tbody>\n<\/table>\n<p>[wpdm_file id=58]<\/p>\n<p>[wpdm_file id=59]<\/p>\n<p>&nbsp;<\/p>\n<p>&nbsp;<\/p>\n","protected":false},"excerpt":{"rendered":"<p>&nbsp; Dificultad :\u00a0 Moderada Recorrido : 13&#8217;370 km. \u00a0Desnivel :\u00a0 753 m. \u00a0Alturas :\u00a0\u00a0\u00a0 &#8211; 2 \/ 349 m Esta ha sido la primera excursi\u00f3n que hemos hecho con nuestros nuevos compa\u00f1eros del Club Excursionista Sant Vicen\u00e7 (\u00a0www.cesvdelshorts.com ), y ha coincidido adem\u00e1s en ser la primera que han organizado conjuntamente el citado Club y [&hellip;]<\/p>\n","protected":false},"author":50,"featured_media":2207,"comment_status":"open","ping_status":"open","sticky":false,"template":"","format":"standard","meta":{"footnotes":""},"categories":[11,23,29],"tags":[],"class_list":{"0":"post-2197","1":"post","2":"type-post","3":"status-publish","4":"format-standard","5":"has-post-thumbnail","6":"hentry","7":"category-moderada","8":"category-de-10-a-15-km","9":"category-baixllobregat","11":"post-with-thumbnail","12":"post-with-thumbnail-icon"},"yoast_head":"<!-- This site is optimized with the Yoast SEO plugin v27.4 - https:\/\/yoast.com\/product\/yoast-seo-wordpress\/ -->\n<title>27-01-2013 - 1\u00aa Caminata comentada - St.Vicen\u00e7 dels Horts -<\/title>\n<meta name=\"robots\" content=\"index, follow, max-snippet:-1, max-image-preview:large, max-video-preview:-1\" \/>\n<link rel=\"canonical\" href=\"https:\/\/www.carlosyconchita.net\/rutas\/27-01-2013-1a-caminata-comentada-st-vicenc-dels-horts\/\" \/>\n<meta property=\"og:locale\" content=\"es_ES\" \/>\n<meta property=\"og:type\" content=\"article\" \/>\n<meta property=\"og:title\" content=\"27-01-2013 - 1\u00aa Caminata comentada - St.Vicen\u00e7 dels Horts -\" \/>\n<meta property=\"og:description\" content=\"&nbsp; Dificultad :\u00a0 Moderada Recorrido : 13&#8217;370 km. \u00a0Desnivel :\u00a0 753 m. \u00a0Alturas :\u00a0\u00a0\u00a0 &#8211; 2 \/ 349 m Esta ha sido la primera excursi\u00f3n que hemos hecho con nuestros nuevos compa\u00f1eros del Club Excursionista Sant Vicen\u00e7 (\u00a0www.cesvdelshorts.com ), y ha coincidido adem\u00e1s en ser la primera que han organizado conjuntamente el citado Club y [&hellip;]\" \/>\n<meta property=\"og:url\" content=\"https:\/\/www.carlosyconchita.net\/rutas\/27-01-2013-1a-caminata-comentada-st-vicenc-dels-horts\/\" \/>\n<meta property=\"og:site_name\" content=\"Las rutas de Carlos y Conchita\" \/>\n<meta property=\"article:published_time\" content=\"2013-01-27T21:13:27+00:00\" \/>\n<meta property=\"article:modified_time\" content=\"2021-03-13T17:47:13+00:00\" \/>\n<meta property=\"og:image\" content=\"https:\/\/www.carlosyconchita.net\/rutas\/wp-content\/uploads\/2013\/01\/P1270204.jpg\" \/>\n\t<meta property=\"og:image:width\" content=\"533\" \/>\n\t<meta property=\"og:image:height\" content=\"400\" \/>\n\t<meta property=\"og:image:type\" content=\"image\/jpeg\" \/>\n<meta name=\"author\" content=\"Carlos Conchita\" \/>\n<meta name=\"twitter:label1\" content=\"Escrito por\" \/>\n\t<meta name=\"twitter:data1\" content=\"Carlos Conchita\" \/>\n\t<meta name=\"twitter:label2\" content=\"Tiempo de lectura\" \/>\n\t<meta name=\"twitter:data2\" content=\"3 minutos\" \/>\n<script type=\"application\/ld+json\" class=\"yoast-schema-graph\">{\"@context\":\"https:\\\/\\\/schema.org\",\"@graph\":[{\"@type\":\"Article\",\"@id\":\"https:\\\/\\\/www.carlosyconchita.net\\\/rutas\\\/27-01-2013-1a-caminata-comentada-st-vicenc-dels-horts\\\/#article\",\"isPartOf\":{\"@id\":\"https:\\\/\\\/www.carlosyconchita.net\\\/rutas\\\/27-01-2013-1a-caminata-comentada-st-vicenc-dels-horts\\\/\"},\"author\":{\"name\":\"Carlos Conchita\",\"@id\":\"https:\\\/\\\/www.carlosyconchita.net\\\/rutas\\\/#\\\/schema\\\/person\\\/a9691f7258c28443fab2d3aa1479ea19\"},\"headline\":\"27-01-2013 &#8211; 1\u00aa Caminata comentada &#8211; St.Vicen\u00e7 dels Horts\",\"datePublished\":\"2013-01-27T21:13:27+00:00\",\"dateModified\":\"2021-03-13T17:47:13+00:00\",\"mainEntityOfPage\":{\"@id\":\"https:\\\/\\\/www.carlosyconchita.net\\\/rutas\\\/27-01-2013-1a-caminata-comentada-st-vicenc-dels-horts\\\/\"},\"wordCount\":540,\"commentCount\":0,\"image\":{\"@id\":\"https:\\\/\\\/www.carlosyconchita.net\\\/rutas\\\/27-01-2013-1a-caminata-comentada-st-vicenc-dels-horts\\\/#primaryimage\"},\"thumbnailUrl\":\"https:\\\/\\\/www.carlosyconchita.net\\\/rutas\\\/wp-content\\\/uploads\\\/2013\\\/01\\\/P1270204.jpg\",\"articleSection\":[\"2-Moderada\",\"3 - De 10 a 15 km.\",\"Baix Llobregat\"],\"inLanguage\":\"es\",\"potentialAction\":[{\"@type\":\"CommentAction\",\"name\":\"Comment\",\"target\":[\"https:\\\/\\\/www.carlosyconchita.net\\\/rutas\\\/27-01-2013-1a-caminata-comentada-st-vicenc-dels-horts\\\/#respond\"]}]},{\"@type\":\"WebPage\",\"@id\":\"https:\\\/\\\/www.carlosyconchita.net\\\/rutas\\\/27-01-2013-1a-caminata-comentada-st-vicenc-dels-horts\\\/\",\"url\":\"https:\\\/\\\/www.carlosyconchita.net\\\/rutas\\\/27-01-2013-1a-caminata-comentada-st-vicenc-dels-horts\\\/\",\"name\":\"27-01-2013 - 1\u00aa Caminata comentada - St.Vicen\u00e7 dels Horts -\",\"isPartOf\":{\"@id\":\"https:\\\/\\\/www.carlosyconchita.net\\\/rutas\\\/#website\"},\"primaryImageOfPage\":{\"@id\":\"https:\\\/\\\/www.carlosyconchita.net\\\/rutas\\\/27-01-2013-1a-caminata-comentada-st-vicenc-dels-horts\\\/#primaryimage\"},\"image\":{\"@id\":\"https:\\\/\\\/www.carlosyconchita.net\\\/rutas\\\/27-01-2013-1a-caminata-comentada-st-vicenc-dels-horts\\\/#primaryimage\"},\"thumbnailUrl\":\"https:\\\/\\\/www.carlosyconchita.net\\\/rutas\\\/wp-content\\\/uploads\\\/2013\\\/01\\\/P1270204.jpg\",\"datePublished\":\"2013-01-27T21:13:27+00:00\",\"dateModified\":\"2021-03-13T17:47:13+00:00\",\"author\":{\"@id\":\"https:\\\/\\\/www.carlosyconchita.net\\\/rutas\\\/#\\\/schema\\\/person\\\/a9691f7258c28443fab2d3aa1479ea19\"},\"breadcrumb\":{\"@id\":\"https:\\\/\\\/www.carlosyconchita.net\\\/rutas\\\/27-01-2013-1a-caminata-comentada-st-vicenc-dels-horts\\\/#breadcrumb\"},\"inLanguage\":\"es\",\"potentialAction\":[{\"@type\":\"ReadAction\",\"target\":[\"https:\\\/\\\/www.carlosyconchita.net\\\/rutas\\\/27-01-2013-1a-caminata-comentada-st-vicenc-dels-horts\\\/\"]}]},{\"@type\":\"ImageObject\",\"inLanguage\":\"es\",\"@id\":\"https:\\\/\\\/www.carlosyconchita.net\\\/rutas\\\/27-01-2013-1a-caminata-comentada-st-vicenc-dels-horts\\\/#primaryimage\",\"url\":\"https:\\\/\\\/www.carlosyconchita.net\\\/rutas\\\/wp-content\\\/uploads\\\/2013\\\/01\\\/P1270204.jpg\",\"contentUrl\":\"https:\\\/\\\/www.carlosyconchita.net\\\/rutas\\\/wp-content\\\/uploads\\\/2013\\\/01\\\/P1270204.jpg\",\"width\":533,\"height\":400,\"caption\":\"La ermita de Sant Roc y la Mas\u00eda de Can Mallol\"},{\"@type\":\"BreadcrumbList\",\"@id\":\"https:\\\/\\\/www.carlosyconchita.net\\\/rutas\\\/27-01-2013-1a-caminata-comentada-st-vicenc-dels-horts\\\/#breadcrumb\",\"itemListElement\":[{\"@type\":\"ListItem\",\"position\":1,\"name\":\"Portada\",\"item\":\"https:\\\/\\\/www.carlosyconchita.net\\\/rutas\\\/\"},{\"@type\":\"ListItem\",\"position\":2,\"name\":\"27-01-2013 &#8211; 1\u00aa Caminata comentada &#8211; St.Vicen\u00e7 dels Horts\"}]},{\"@type\":\"WebSite\",\"@id\":\"https:\\\/\\\/www.carlosyconchita.net\\\/rutas\\\/#website\",\"url\":\"https:\\\/\\\/www.carlosyconchita.net\\\/rutas\\\/\",\"name\":\"Las rutas de Carlos y Conchita\",\"description\":\"\",\"potentialAction\":[{\"@type\":\"SearchAction\",\"target\":{\"@type\":\"EntryPoint\",\"urlTemplate\":\"https:\\\/\\\/www.carlosyconchita.net\\\/rutas\\\/?s={search_term_string}\"},\"query-input\":{\"@type\":\"PropertyValueSpecification\",\"valueRequired\":true,\"valueName\":\"search_term_string\"}}],\"inLanguage\":\"es\"},{\"@type\":\"Person\",\"@id\":\"https:\\\/\\\/www.carlosyconchita.net\\\/rutas\\\/#\\\/schema\\\/person\\\/a9691f7258c28443fab2d3aa1479ea19\",\"name\":\"Carlos Conchita\",\"image\":{\"@type\":\"ImageObject\",\"inLanguage\":\"es\",\"@id\":\"https:\\\/\\\/secure.gravatar.com\\\/avatar\\\/3a4625b20c8da3de99da69bfe7a322774e291c3f90dce7e8778a30fe6748ed1a?s=96&d=mm&r=g\",\"url\":\"https:\\\/\\\/secure.gravatar.com\\\/avatar\\\/3a4625b20c8da3de99da69bfe7a322774e291c3f90dce7e8778a30fe6748ed1a?s=96&d=mm&r=g\",\"contentUrl\":\"https:\\\/\\\/secure.gravatar.com\\\/avatar\\\/3a4625b20c8da3de99da69bfe7a322774e291c3f90dce7e8778a30fe6748ed1a?s=96&d=mm&r=g\",\"caption\":\"Carlos Conchita\"}}]}<\/script>\n<!-- \/ Yoast SEO plugin. -->","yoast_head_json":{"title":"27-01-2013 - 1\u00aa Caminata comentada - St.Vicen\u00e7 dels Horts -","robots":{"index":"index","follow":"follow","max-snippet":"max-snippet:-1","max-image-preview":"max-image-preview:large","max-video-preview":"max-video-preview:-1"},"canonical":"https:\/\/www.carlosyconchita.net\/rutas\/27-01-2013-1a-caminata-comentada-st-vicenc-dels-horts\/","og_locale":"es_ES","og_type":"article","og_title":"27-01-2013 - 1\u00aa Caminata comentada - St.Vicen\u00e7 dels Horts -","og_description":"&nbsp; Dificultad :\u00a0 Moderada Recorrido : 13&#8217;370 km. \u00a0Desnivel :\u00a0 753 m. \u00a0Alturas :\u00a0\u00a0\u00a0 &#8211; 2 \/ 349 m Esta ha sido la primera excursi\u00f3n que hemos hecho con nuestros nuevos compa\u00f1eros del Club Excursionista Sant Vicen\u00e7 (\u00a0www.cesvdelshorts.com ), y ha coincidido adem\u00e1s en ser la primera que han organizado conjuntamente el citado Club y [&hellip;]","og_url":"https:\/\/www.carlosyconchita.net\/rutas\/27-01-2013-1a-caminata-comentada-st-vicenc-dels-horts\/","og_site_name":"Las rutas de Carlos y Conchita","article_published_time":"2013-01-27T21:13:27+00:00","article_modified_time":"2021-03-13T17:47:13+00:00","og_image":[{"width":533,"height":400,"url":"https:\/\/www.carlosyconchita.net\/rutas\/wp-content\/uploads\/2013\/01\/P1270204.jpg","type":"image\/jpeg"}],"author":"Carlos Conchita","twitter_misc":{"Escrito por":"Carlos Conchita","Tiempo de lectura":"3 minutos"},"schema":{"@context":"https:\/\/schema.org","@graph":[{"@type":"Article","@id":"https:\/\/www.carlosyconchita.net\/rutas\/27-01-2013-1a-caminata-comentada-st-vicenc-dels-horts\/#article","isPartOf":{"@id":"https:\/\/www.carlosyconchita.net\/rutas\/27-01-2013-1a-caminata-comentada-st-vicenc-dels-horts\/"},"author":{"name":"Carlos Conchita","@id":"https:\/\/www.carlosyconchita.net\/rutas\/#\/schema\/person\/a9691f7258c28443fab2d3aa1479ea19"},"headline":"27-01-2013 &#8211; 1\u00aa Caminata comentada &#8211; St.Vicen\u00e7 dels Horts","datePublished":"2013-01-27T21:13:27+00:00","dateModified":"2021-03-13T17:47:13+00:00","mainEntityOfPage":{"@id":"https:\/\/www.carlosyconchita.net\/rutas\/27-01-2013-1a-caminata-comentada-st-vicenc-dels-horts\/"},"wordCount":540,"commentCount":0,"image":{"@id":"https:\/\/www.carlosyconchita.net\/rutas\/27-01-2013-1a-caminata-comentada-st-vicenc-dels-horts\/#primaryimage"},"thumbnailUrl":"https:\/\/www.carlosyconchita.net\/rutas\/wp-content\/uploads\/2013\/01\/P1270204.jpg","articleSection":["2-Moderada","3 - De 10 a 15 km.","Baix Llobregat"],"inLanguage":"es","potentialAction":[{"@type":"CommentAction","name":"Comment","target":["https:\/\/www.carlosyconchita.net\/rutas\/27-01-2013-1a-caminata-comentada-st-vicenc-dels-horts\/#respond"]}]},{"@type":"WebPage","@id":"https:\/\/www.carlosyconchita.net\/rutas\/27-01-2013-1a-caminata-comentada-st-vicenc-dels-horts\/","url":"https:\/\/www.carlosyconchita.net\/rutas\/27-01-2013-1a-caminata-comentada-st-vicenc-dels-horts\/","name":"27-01-2013 - 1\u00aa Caminata comentada - St.Vicen\u00e7 dels Horts -","isPartOf":{"@id":"https:\/\/www.carlosyconchita.net\/rutas\/#website"},"primaryImageOfPage":{"@id":"https:\/\/www.carlosyconchita.net\/rutas\/27-01-2013-1a-caminata-comentada-st-vicenc-dels-horts\/#primaryimage"},"image":{"@id":"https:\/\/www.carlosyconchita.net\/rutas\/27-01-2013-1a-caminata-comentada-st-vicenc-dels-horts\/#primaryimage"},"thumbnailUrl":"https:\/\/www.carlosyconchita.net\/rutas\/wp-content\/uploads\/2013\/01\/P1270204.jpg","datePublished":"2013-01-27T21:13:27+00:00","dateModified":"2021-03-13T17:47:13+00:00","author":{"@id":"https:\/\/www.carlosyconchita.net\/rutas\/#\/schema\/person\/a9691f7258c28443fab2d3aa1479ea19"},"breadcrumb":{"@id":"https:\/\/www.carlosyconchita.net\/rutas\/27-01-2013-1a-caminata-comentada-st-vicenc-dels-horts\/#breadcrumb"},"inLanguage":"es","potentialAction":[{"@type":"ReadAction","target":["https:\/\/www.carlosyconchita.net\/rutas\/27-01-2013-1a-caminata-comentada-st-vicenc-dels-horts\/"]}]},{"@type":"ImageObject","inLanguage":"es","@id":"https:\/\/www.carlosyconchita.net\/rutas\/27-01-2013-1a-caminata-comentada-st-vicenc-dels-horts\/#primaryimage","url":"https:\/\/www.carlosyconchita.net\/rutas\/wp-content\/uploads\/2013\/01\/P1270204.jpg","contentUrl":"https:\/\/www.carlosyconchita.net\/rutas\/wp-content\/uploads\/2013\/01\/P1270204.jpg","width":533,"height":400,"caption":"La ermita de Sant Roc y la Mas\u00eda de Can Mallol"},{"@type":"BreadcrumbList","@id":"https:\/\/www.carlosyconchita.net\/rutas\/27-01-2013-1a-caminata-comentada-st-vicenc-dels-horts\/#breadcrumb","itemListElement":[{"@type":"ListItem","position":1,"name":"Portada","item":"https:\/\/www.carlosyconchita.net\/rutas\/"},{"@type":"ListItem","position":2,"name":"27-01-2013 &#8211; 1\u00aa Caminata comentada &#8211; St.Vicen\u00e7 dels Horts"}]},{"@type":"WebSite","@id":"https:\/\/www.carlosyconchita.net\/rutas\/#website","url":"https:\/\/www.carlosyconchita.net\/rutas\/","name":"Las rutas de Carlos y Conchita","description":"","potentialAction":[{"@type":"SearchAction","target":{"@type":"EntryPoint","urlTemplate":"https:\/\/www.carlosyconchita.net\/rutas\/?s={search_term_string}"},"query-input":{"@type":"PropertyValueSpecification","valueRequired":true,"valueName":"search_term_string"}}],"inLanguage":"es"},{"@type":"Person","@id":"https:\/\/www.carlosyconchita.net\/rutas\/#\/schema\/person\/a9691f7258c28443fab2d3aa1479ea19","name":"Carlos Conchita","image":{"@type":"ImageObject","inLanguage":"es","@id":"https:\/\/secure.gravatar.com\/avatar\/3a4625b20c8da3de99da69bfe7a322774e291c3f90dce7e8778a30fe6748ed1a?s=96&d=mm&r=g","url":"https:\/\/secure.gravatar.com\/avatar\/3a4625b20c8da3de99da69bfe7a322774e291c3f90dce7e8778a30fe6748ed1a?s=96&d=mm&r=g","contentUrl":"https:\/\/secure.gravatar.com\/avatar\/3a4625b20c8da3de99da69bfe7a322774e291c3f90dce7e8778a30fe6748ed1a?s=96&d=mm&r=g","caption":"Carlos Conchita"}}]}},"_links":{"self":[{"href":"https:\/\/www.carlosyconchita.net\/rutas\/wp-json\/wp\/v2\/posts\/2197","targetHints":{"allow":["GET"]}}],"collection":[{"href":"https:\/\/www.carlosyconchita.net\/rutas\/wp-json\/wp\/v2\/posts"}],"about":[{"href":"https:\/\/www.carlosyconchita.net\/rutas\/wp-json\/wp\/v2\/types\/post"}],"author":[{"embeddable":true,"href":"https:\/\/www.carlosyconchita.net\/rutas\/wp-json\/wp\/v2\/users\/50"}],"replies":[{"embeddable":true,"href":"https:\/\/www.carlosyconchita.net\/rutas\/wp-json\/wp\/v2\/comments?post=2197"}],"version-history":[{"count":0,"href":"https:\/\/www.carlosyconchita.net\/rutas\/wp-json\/wp\/v2\/posts\/2197\/revisions"}],"wp:featuredmedia":[{"embeddable":true,"href":"https:\/\/www.carlosyconchita.net\/rutas\/wp-json\/wp\/v2\/media\/2207"}],"wp:attachment":[{"href":"https:\/\/www.carlosyconchita.net\/rutas\/wp-json\/wp\/v2\/media?parent=2197"}],"wp:term":[{"taxonomy":"category","embeddable":true,"href":"https:\/\/www.carlosyconchita.net\/rutas\/wp-json\/wp\/v2\/categories?post=2197"},{"taxonomy":"post_tag","embeddable":true,"href":"https:\/\/www.carlosyconchita.net\/rutas\/wp-json\/wp\/v2\/tags?post=2197"}],"curies":[{"name":"wp","href":"https:\/\/api.w.org\/{rel}","templated":true}]}}