{"id":2239,"date":"2013-02-10T21:16:15","date_gmt":"2013-02-10T20:16:15","guid":{"rendered":"http:\/\/www.carlosyconchita.net\/rutas\/?p=2239"},"modified":"2014-05-29T21:57:57","modified_gmt":"2014-05-29T20:57:57","slug":"10-02-2013-begues-eramprunya-puig-dagulles","status":"publish","type":"post","link":"https:\/\/www.carlosyconchita.net\/rutas\/10-02-2013-begues-eramprunya-puig-dagulles\/","title":{"rendered":"10-02-2013 &#8211; Begues, Erampruny\u00e1, Puig d&#8217;Agulles"},"content":{"rendered":"<table border=\"2\" frame=\"border\">\n<tbody>\n<tr>\n<td><strong>Dificultad :\u00a0 F\u00e1cil &#8211; Moderada\u00a0<\/strong><\/td>\n<td><strong>Recorrido : 12&#8217;050 km.<br \/>\n<\/strong><\/td>\n<\/tr>\n<tr>\n<td><strong>\u00a0Desnivel :\u00a0\u00a0 435 m. <\/strong><\/td>\n<td><strong>\u00a0Alturas :\u00a0 318 \/ 550<br \/>\n<\/strong><\/td>\n<\/tr>\n<\/tbody>\n<\/table>\n<p style=\"text-align: justify;\">Esta ha sido nuestra primera excursi\u00f3n en la zona del Parque Natural del Garraf, y partiendo de Begues, hemos pasado por la torre de vigilancia \u00abS\u00bb de esta zona, posteriormente hemos ido a las ruinas del Castillo de Erampruny\u00e1 , cerca de la ermita de Brugu\u00e9s ,\u00a0 y despues hemos subido al Puig d&#8217;Agulles.<\/p>\n<p style=\"text-align: justify;\">En nuestra visita al Castillo de Cervell\u00f3 (<a title=\"16-12-2012 \u2013 Cervell\u00f3, castillo y ermita de Sta.Mar\u00eda\" href=\"http:\/\/www.carlosyconchita.net\/rutas\/?p=1923\">ver ruta<\/a> y al final, el enlace al album de fotos), en una de las fotos de los carteles explicativos , se cita este castillo.<\/p>\n<p style=\"text-align: justify;\">Para empezar la excursi\u00f3n nos dirigimos a Begues, y en la carretera BV-2411 (la que pasa por fuera de la poblaci\u00f3n), en una de las rotondas veremos las se\u00f1ales indicadoras del Parque Natural del Garraf.<\/p>\n<p style=\"text-align: justify;\">Cogiendo esa salida, entramos en la calle Agricultura y a unos 100 metros a la izquierda empieza una ancha pista de tierra, en donde podemos dejar el coche, o avanzar unos pocos metros m\u00e1s, hasta llegar a unas cadenas que cierran el paso de vehiculos.<\/p>\n<p style=\"text-align: justify;\">Mientras vamos caminando veremos todo el rato a nuestra derecha el Puig d&#8217;Agulles, a donde subiremos m\u00e1s tarde, y despu\u00e9s de aproximadamente\u00a0 1.5 Km, llegaremos a una bifurcacion en forma de Y, y cogeremos el camino de la izquierda, que indica La Desfeta, y que va subiendo hasta llegar a la torre de vigilancia, a donde llegaremos al cabo de unos 2 km.<\/p>\n<div id=\"attachment_2243\" style=\"width: 594px\" class=\"wp-caption alignleft\"><a href=\"http:\/\/www.carlosyconchita.net\/rutas\/wp-content\/uploads\/2013\/02\/P2100322.jpg\"><img loading=\"lazy\" decoding=\"async\" aria-describedby=\"caption-attachment-2243\" class=\"size-large wp-image-2243\" title=\"OLYMPUS DIGITAL CAMERA\" src=\"http:\/\/www.carlosyconchita.net\/rutas\/wp-content\/uploads\/2013\/02\/P2100322-1024x768.jpg\" alt=\"\" width=\"584\" height=\"438\" srcset=\"https:\/\/www.carlosyconchita.net\/rutas\/wp-content\/uploads\/2013\/02\/P2100322-1024x768.jpg 1024w, https:\/\/www.carlosyconchita.net\/rutas\/wp-content\/uploads\/2013\/02\/P2100322-300x225.jpg 300w, https:\/\/www.carlosyconchita.net\/rutas\/wp-content\/uploads\/2013\/02\/P2100322-400x300.jpg 400w, https:\/\/www.carlosyconchita.net\/rutas\/wp-content\/uploads\/2013\/02\/P2100322.jpg 533w\" sizes=\"auto, (max-width: 584px) 100vw, 584px\" \/><\/a><p id=\"caption-attachment-2243\" class=\"wp-caption-text\">La torre de vigilancia \u00abS\u00bb en la Desfeta<\/p><\/div>\n<p style=\"text-align: justify;\">Alli el camino se acaba, pero al final del mismo y entre los matorrales, se ve un estrecho caminito o sendero, que baja de forma bastante pronunciada hacia el castillo de Erampruny\u00e1 , que iremos viendo enfrente nuestro, por lo que es imposible perderse.<\/p>\n<div id=\"attachment_2244\" style=\"width: 594px\" class=\"wp-caption alignleft\"><a href=\"http:\/\/www.carlosyconchita.net\/rutas\/wp-content\/uploads\/2013\/02\/P2100326.jpg\"><img loading=\"lazy\" decoding=\"async\" aria-describedby=\"caption-attachment-2244\" class=\"size-large wp-image-2244\" title=\"OLYMPUS DIGITAL CAMERA\" src=\"http:\/\/www.carlosyconchita.net\/rutas\/wp-content\/uploads\/2013\/02\/P2100326-1024x768.jpg\" alt=\"\" width=\"584\" height=\"438\" srcset=\"https:\/\/www.carlosyconchita.net\/rutas\/wp-content\/uploads\/2013\/02\/P2100326-1024x768.jpg 1024w, https:\/\/www.carlosyconchita.net\/rutas\/wp-content\/uploads\/2013\/02\/P2100326-300x225.jpg 300w, https:\/\/www.carlosyconchita.net\/rutas\/wp-content\/uploads\/2013\/02\/P2100326-400x300.jpg 400w, https:\/\/www.carlosyconchita.net\/rutas\/wp-content\/uploads\/2013\/02\/P2100326.jpg 533w\" sizes=\"auto, (max-width: 584px) 100vw, 584px\" \/><\/a><p id=\"caption-attachment-2244\" class=\"wp-caption-text\">Las ruinas del castillo de Erampruny\u00e1, bajando desde la torre de vigilancia<\/p><\/div>\n<p style=\"text-align: justify;\">Tambi\u00e9n tendremos unas buenas vistas de las poblaciones de Gav\u00e1, Viladecans etc. y de Barcelona al fondo, aunque hoy el dia no estaba muy claro y habia algo de neblina.<\/p>\n<p style=\"text-align: justify;\"><a href=\"http:\/\/www.carlosyconchita.net\/rutas\/wp-content\/uploads\/2013\/02\/P2100324.jpg\"><img loading=\"lazy\" decoding=\"async\" class=\"alignleft size-large wp-image-2245\" title=\"OLYMPUS DIGITAL CAMERA\" src=\"http:\/\/www.carlosyconchita.net\/rutas\/wp-content\/uploads\/2013\/02\/P2100324-1024x768.jpg\" alt=\"\" width=\"584\" height=\"438\" srcset=\"https:\/\/www.carlosyconchita.net\/rutas\/wp-content\/uploads\/2013\/02\/P2100324-1024x768.jpg 1024w, https:\/\/www.carlosyconchita.net\/rutas\/wp-content\/uploads\/2013\/02\/P2100324-300x225.jpg 300w, https:\/\/www.carlosyconchita.net\/rutas\/wp-content\/uploads\/2013\/02\/P2100324-400x300.jpg 400w, https:\/\/www.carlosyconchita.net\/rutas\/wp-content\/uploads\/2013\/02\/P2100324.jpg 533w\" sizes=\"auto, (max-width: 584px) 100vw, 584px\" \/><\/a><\/p>\n<p style=\"text-align: justify;\">El estrecho sendero de bajada desemboca en un camino, que seguiremos a\u00a0 nuestra derecha, y en una curva\u00a0 volveremos a entrar entre los matorrales para ir en linea casi recta hacia el castillo, desembocando de nuevo en un camino ancho que al cabo de unos pocos metros nos lleva a las ruinas.<\/p>\n<p style=\"text-align: justify;\">El recinto est\u00e1 cerrado por unas vallas, y solo se puede visitar un domingo al mes , segun se puede ver en la foto del cartel indicador que podemos ver en el album de fotos.<\/p>\n<p style=\"text-align: justify;\"><a href=\"http:\/\/www.carlosyconchita.net\/rutas\/wp-content\/uploads\/2013\/02\/P2100346.jpg\"><img loading=\"lazy\" decoding=\"async\" class=\"alignleft size-large wp-image-2246\" title=\"OLYMPUS DIGITAL CAMERA\" src=\"http:\/\/www.carlosyconchita.net\/rutas\/wp-content\/uploads\/2013\/02\/P2100346-1024x768.jpg\" alt=\"\" width=\"584\" height=\"438\" srcset=\"https:\/\/www.carlosyconchita.net\/rutas\/wp-content\/uploads\/2013\/02\/P2100346-1024x768.jpg 1024w, https:\/\/www.carlosyconchita.net\/rutas\/wp-content\/uploads\/2013\/02\/P2100346-300x225.jpg 300w, https:\/\/www.carlosyconchita.net\/rutas\/wp-content\/uploads\/2013\/02\/P2100346-400x300.jpg 400w, https:\/\/www.carlosyconchita.net\/rutas\/wp-content\/uploads\/2013\/02\/P2100346.jpg 533w\" sizes=\"auto, (max-width: 584px) 100vw, 584px\" \/><\/a><\/p>\n<p style=\"text-align: justify;\"><a href=\"http:\/\/www.carlosyconchita.net\/rutas\/wp-content\/uploads\/2013\/02\/P2100347.jpg\"><img loading=\"lazy\" decoding=\"async\" class=\"alignleft size-large wp-image-2247\" title=\"OLYMPUS DIGITAL CAMERA\" src=\"http:\/\/www.carlosyconchita.net\/rutas\/wp-content\/uploads\/2013\/02\/P2100347-1024x768.jpg\" alt=\"\" width=\"584\" height=\"438\" srcset=\"https:\/\/www.carlosyconchita.net\/rutas\/wp-content\/uploads\/2013\/02\/P2100347-1024x768.jpg 1024w, https:\/\/www.carlosyconchita.net\/rutas\/wp-content\/uploads\/2013\/02\/P2100347-300x225.jpg 300w, https:\/\/www.carlosyconchita.net\/rutas\/wp-content\/uploads\/2013\/02\/P2100347-400x300.jpg 400w, https:\/\/www.carlosyconchita.net\/rutas\/wp-content\/uploads\/2013\/02\/P2100347.jpg 533w\" sizes=\"auto, (max-width: 584px) 100vw, 584px\" \/><\/a><\/p>\n<p style=\"text-align: justify;\">Seguiremos la excursion retrocediendo por el mismo camino que nos ha llevado a las ruinas y siguiendo las se\u00f1ales del GR , pero sin entrar en los matorrales por los que hemos pasado, y al cabo de algo mas de 1 km. las se\u00f1ales del GR nos desviaran a la derecha, dejando el camino ancho y subiendo entre los arboles, y teniendo siempre enfrente el Puig d&#8217;Agulles.<\/p>\n<div id=\"attachment_2249\" style=\"width: 594px\" class=\"wp-caption alignleft\"><a href=\"http:\/\/www.carlosyconchita.net\/rutas\/wp-content\/uploads\/2013\/02\/P2100315.jpg\"><img loading=\"lazy\" decoding=\"async\" aria-describedby=\"caption-attachment-2249\" class=\" wp-image-2249 \" title=\"OLYMPUS DIGITAL CAMERA\" src=\"http:\/\/www.carlosyconchita.net\/rutas\/wp-content\/uploads\/2013\/02\/P2100315-1024x768.jpg\" alt=\"\" width=\"584\" height=\"438\" srcset=\"https:\/\/www.carlosyconchita.net\/rutas\/wp-content\/uploads\/2013\/02\/P2100315-1024x768.jpg 1024w, https:\/\/www.carlosyconchita.net\/rutas\/wp-content\/uploads\/2013\/02\/P2100315-300x225.jpg 300w, https:\/\/www.carlosyconchita.net\/rutas\/wp-content\/uploads\/2013\/02\/P2100315-400x300.jpg 400w, https:\/\/www.carlosyconchita.net\/rutas\/wp-content\/uploads\/2013\/02\/P2100315.jpg 533w\" sizes=\"auto, (max-width: 584px) 100vw, 584px\" \/><\/a><p id=\"caption-attachment-2249\" class=\"wp-caption-text\">El Puig d&#8217;Agulles, con la se\u00f1al del lugar donde despu\u00e9s nos hemos comido el bocata&#8230;<\/p><\/div>\n<p style=\"text-align: justify;\">Finalmente llegaremos a una especie de cruce de varios caminos, con las se\u00f1ales del Puig d&#8217;Agulles, que seguiremos hasta llegar arriba, donde podremos difrutar de unas bonitas vistas.<\/p>\n<p style=\"text-align: justify;\"><a href=\"http:\/\/www.carlosyconchita.net\/rutas\/wp-content\/uploads\/2013\/02\/P2100372.jpg\"><img loading=\"lazy\" decoding=\"async\" class=\"alignleft size-large wp-image-2250\" title=\"OLYMPUS DIGITAL CAMERA\" src=\"http:\/\/www.carlosyconchita.net\/rutas\/wp-content\/uploads\/2013\/02\/P2100372-1024x768.jpg\" alt=\"\" width=\"584\" height=\"438\" srcset=\"https:\/\/www.carlosyconchita.net\/rutas\/wp-content\/uploads\/2013\/02\/P2100372-1024x768.jpg 1024w, https:\/\/www.carlosyconchita.net\/rutas\/wp-content\/uploads\/2013\/02\/P2100372-300x225.jpg 300w, https:\/\/www.carlosyconchita.net\/rutas\/wp-content\/uploads\/2013\/02\/P2100372-400x300.jpg 400w, https:\/\/www.carlosyconchita.net\/rutas\/wp-content\/uploads\/2013\/02\/P2100372.jpg 533w\" sizes=\"auto, (max-width: 584px) 100vw, 584px\" \/><\/a><\/p>\n<p style=\"text-align: justify;\"><a href=\"http:\/\/www.carlosyconchita.net\/rutas\/wp-content\/uploads\/2013\/02\/P2100370b.jpg\"><img loading=\"lazy\" decoding=\"async\" class=\"alignleft size-large wp-image-2251\" title=\"OLYMPUS DIGITAL CAMERA\" src=\"http:\/\/www.carlosyconchita.net\/rutas\/wp-content\/uploads\/2013\/02\/P2100370b-1024x768.jpg\" alt=\"\" width=\"584\" height=\"438\" srcset=\"https:\/\/www.carlosyconchita.net\/rutas\/wp-content\/uploads\/2013\/02\/P2100370b-1024x768.jpg 1024w, https:\/\/www.carlosyconchita.net\/rutas\/wp-content\/uploads\/2013\/02\/P2100370b-300x225.jpg 300w, https:\/\/www.carlosyconchita.net\/rutas\/wp-content\/uploads\/2013\/02\/P2100370b-400x300.jpg 400w, https:\/\/www.carlosyconchita.net\/rutas\/wp-content\/uploads\/2013\/02\/P2100370b.jpg 533w\" sizes=\"auto, (max-width: 584px) 100vw, 584px\" \/><\/a><\/p>\n<p style=\"text-align: justify;\">y desde donde veremos tambi\u00e9n muy a lo lejos, la torre de vigilancia y el castillo donde hemos estado hace un rato.<\/p>\n<div id=\"attachment_2252\" style=\"width: 594px\" class=\"wp-caption alignleft\"><a href=\"http:\/\/www.carlosyconchita.net\/rutas\/wp-content\/uploads\/2013\/02\/P2100377.jpg\"><img loading=\"lazy\" decoding=\"async\" aria-describedby=\"caption-attachment-2252\" class=\"size-large wp-image-2252\" title=\"OLYMPUS DIGITAL CAMERA\" src=\"http:\/\/www.carlosyconchita.net\/rutas\/wp-content\/uploads\/2013\/02\/P2100377-1024x768.jpg\" alt=\"\" width=\"584\" height=\"438\" srcset=\"https:\/\/www.carlosyconchita.net\/rutas\/wp-content\/uploads\/2013\/02\/P2100377-1024x768.jpg 1024w, https:\/\/www.carlosyconchita.net\/rutas\/wp-content\/uploads\/2013\/02\/P2100377-300x225.jpg 300w, https:\/\/www.carlosyconchita.net\/rutas\/wp-content\/uploads\/2013\/02\/P2100377-400x300.jpg 400w, https:\/\/www.carlosyconchita.net\/rutas\/wp-content\/uploads\/2013\/02\/P2100377.jpg 533w\" sizes=\"auto, (max-width: 584px) 100vw, 584px\" \/><\/a><p id=\"caption-attachment-2252\" class=\"wp-caption-text\">La torre de vigilancia y el castillo a lo lejos&#8230;<\/p><\/div>\n<p style=\"text-align: justify;\">Para volver, bajaremos del Puig y en el cruce de caminos , seguiremos las se\u00f1ales de La Clota que nos llevar\u00e1n al punto de partida.<\/p>\n<hr \/>\n<p style=\"text-align: justify;\"><strong class=\"wp-caption\">Mapa del recorrido<\/strong><\/p>\n<p style=\"text-align: justify;\">[map style=\u00bbwidth: auto; height:400px; margin:20px 0px 20px 0px; border: 1px solid black;\u00bb gpx=\u00bbhttp:\/\/www.carlosyconchita.net\/rutas\/wp-content\/uploads\/gpx\/begues-castell-eramprunya-puig-dagulles.gpx\u00bb]<\/p>\n<hr \/>\n<table border=\"0\" frame=\"border\">\n<tbody>\n<tr align=\"left\" valign=\"middle\">\n<td align=\"center\" valign=\"middle\">\n<div>\n<dl id=\"\">\n<dt><a title=\"Enlace a Wikiloc\" href=\"http:\/\/es.wikiloc.com\/wikiloc\/view.do?id=3970403\" target=\"_blank\"><img loading=\"lazy\" decoding=\"async\" title=\"wikiloc\" src=\"http:\/\/www.carlosyconchita.net\/rutas\/wp-content\/uploads\/2020\/09\/wikiloc.jpg\" alt=\"\" width=\"117\" height=\"34\" \/><\/a><\/dt>\n<dd>Enlace a Wikiloc<\/dd>\n<\/dl>\n<\/div>\n<\/td>\n<td align=\"center\" valign=\"middle\">\n<div>\n<dl id=\"\">\n<dt><a title=\"Album de fotos completo\" href=\"https:\/\/plus.google.com\/u\/0\/photos\/107644747431220159618\/albums\/5843367148222623441\" target=\"_blank\"><img loading=\"lazy\" decoding=\"async\" title=\"foto\" src=\"http:\/\/www.carlosyconchita.net\/rutas\/wp-content\/uploads\/2020\/09\/foto.png\" alt=\"\" width=\"60\" height=\"44\" \/><\/a><\/dt>\n<dd>Album de fotos<\/dd>\n<\/dl>\n<\/div>\n<\/td>\n<\/tr>\n<\/tbody>\n<\/table>\n<p>[wpdm_file id=60]<\/p>\n<p>[wpdm_file id=61]<\/p>\n","protected":false},"excerpt":{"rendered":"<p>Dificultad :\u00a0 F\u00e1cil &#8211; Moderada\u00a0 Recorrido : 12&#8217;050 km. \u00a0Desnivel :\u00a0\u00a0 435 m. \u00a0Alturas :\u00a0 318 \/ 550 Esta ha sido nuestra primera excursi\u00f3n en la zona del Parque Natural del Garraf, y partiendo de Begues, hemos pasado por la torre de vigilancia \u00abS\u00bb de esta zona, posteriormente hemos ido a las ruinas del Castillo [&hellip;]<\/p>\n","protected":false},"author":50,"featured_media":2244,"comment_status":"open","ping_status":"open","sticky":false,"template":"","format":"gallery","meta":{"footnotes":""},"categories":[10,11,23,32],"tags":[],"class_list":{"0":"post-2239","1":"post","2":"type-post","3":"status-publish","4":"format-gallery","5":"has-post-thumbnail","6":"hentry","7":"category-facil","8":"category-moderada","9":"category-de-10-a-15-km","10":"category-garraf","11":"post_format-post-format-gallery","13":"post-with-thumbnail","14":"post-with-thumbnail-icon"},"yoast_head":"<!-- This site is optimized with the Yoast SEO plugin v27.4 - https:\/\/yoast.com\/product\/yoast-seo-wordpress\/ -->\n<title>10-02-2013 - Begues, Erampruny\u00e1, Puig d&#039;Agulles -<\/title>\n<meta name=\"robots\" content=\"index, follow, max-snippet:-1, max-image-preview:large, max-video-preview:-1\" \/>\n<link rel=\"canonical\" href=\"https:\/\/www.carlosyconchita.net\/rutas\/10-02-2013-begues-eramprunya-puig-dagulles\/\" \/>\n<meta property=\"og:locale\" content=\"es_ES\" \/>\n<meta property=\"og:type\" content=\"article\" \/>\n<meta property=\"og:title\" content=\"10-02-2013 - Begues, Erampruny\u00e1, Puig d&#039;Agulles -\" \/>\n<meta property=\"og:description\" content=\"Dificultad :\u00a0 F\u00e1cil &#8211; Moderada\u00a0 Recorrido : 12&#8217;050 km. \u00a0Desnivel :\u00a0\u00a0 435 m. \u00a0Alturas :\u00a0 318 \/ 550 Esta ha sido nuestra primera excursi\u00f3n en la zona del Parque Natural del Garraf, y partiendo de Begues, hemos pasado por la torre de vigilancia \u00abS\u00bb de esta zona, posteriormente hemos ido a las ruinas del Castillo [&hellip;]\" \/>\n<meta property=\"og:url\" content=\"https:\/\/www.carlosyconchita.net\/rutas\/10-02-2013-begues-eramprunya-puig-dagulles\/\" \/>\n<meta property=\"og:site_name\" content=\"Las rutas de Carlos y Conchita\" \/>\n<meta property=\"article:published_time\" content=\"2013-02-10T20:16:15+00:00\" \/>\n<meta property=\"article:modified_time\" content=\"2014-05-29T20:57:57+00:00\" \/>\n<meta property=\"og:image\" content=\"https:\/\/www.carlosyconchita.net\/rutas\/wp-content\/uploads\/2013\/02\/P2100326.jpg\" \/>\n\t<meta property=\"og:image:width\" content=\"533\" \/>\n\t<meta property=\"og:image:height\" content=\"400\" \/>\n\t<meta property=\"og:image:type\" content=\"image\/jpeg\" \/>\n<meta name=\"author\" content=\"Carlos Conchita\" \/>\n<meta name=\"twitter:label1\" content=\"Escrito por\" \/>\n\t<meta name=\"twitter:data1\" content=\"Carlos Conchita\" \/>\n\t<meta name=\"twitter:label2\" content=\"Tiempo de lectura\" \/>\n\t<meta name=\"twitter:data2\" content=\"3 minutos\" \/>\n<script type=\"application\/ld+json\" class=\"yoast-schema-graph\">{\"@context\":\"https:\\\/\\\/schema.org\",\"@graph\":[{\"@type\":\"Article\",\"@id\":\"https:\\\/\\\/www.carlosyconchita.net\\\/rutas\\\/10-02-2013-begues-eramprunya-puig-dagulles\\\/#article\",\"isPartOf\":{\"@id\":\"https:\\\/\\\/www.carlosyconchita.net\\\/rutas\\\/10-02-2013-begues-eramprunya-puig-dagulles\\\/\"},\"author\":{\"name\":\"Carlos Conchita\",\"@id\":\"https:\\\/\\\/www.carlosyconchita.net\\\/rutas\\\/#\\\/schema\\\/person\\\/a9691f7258c28443fab2d3aa1479ea19\"},\"headline\":\"10-02-2013 &#8211; Begues, Erampruny\u00e1, Puig d&#8217;Agulles\",\"datePublished\":\"2013-02-10T20:16:15+00:00\",\"dateModified\":\"2014-05-29T20:57:57+00:00\",\"mainEntityOfPage\":{\"@id\":\"https:\\\/\\\/www.carlosyconchita.net\\\/rutas\\\/10-02-2013-begues-eramprunya-puig-dagulles\\\/\"},\"wordCount\":675,\"commentCount\":1,\"image\":{\"@id\":\"https:\\\/\\\/www.carlosyconchita.net\\\/rutas\\\/10-02-2013-begues-eramprunya-puig-dagulles\\\/#primaryimage\"},\"thumbnailUrl\":\"https:\\\/\\\/www.carlosyconchita.net\\\/rutas\\\/wp-content\\\/uploads\\\/2013\\\/02\\\/P2100326.jpg\",\"articleSection\":[\"1-F\u00e1cil\",\"2-Moderada\",\"3 - De 10 a 15 km.\",\"Parc del Garraf\"],\"inLanguage\":\"es\",\"potentialAction\":[{\"@type\":\"CommentAction\",\"name\":\"Comment\",\"target\":[\"https:\\\/\\\/www.carlosyconchita.net\\\/rutas\\\/10-02-2013-begues-eramprunya-puig-dagulles\\\/#respond\"]}]},{\"@type\":\"WebPage\",\"@id\":\"https:\\\/\\\/www.carlosyconchita.net\\\/rutas\\\/10-02-2013-begues-eramprunya-puig-dagulles\\\/\",\"url\":\"https:\\\/\\\/www.carlosyconchita.net\\\/rutas\\\/10-02-2013-begues-eramprunya-puig-dagulles\\\/\",\"name\":\"10-02-2013 - Begues, Erampruny\u00e1, Puig d'Agulles -\",\"isPartOf\":{\"@id\":\"https:\\\/\\\/www.carlosyconchita.net\\\/rutas\\\/#website\"},\"primaryImageOfPage\":{\"@id\":\"https:\\\/\\\/www.carlosyconchita.net\\\/rutas\\\/10-02-2013-begues-eramprunya-puig-dagulles\\\/#primaryimage\"},\"image\":{\"@id\":\"https:\\\/\\\/www.carlosyconchita.net\\\/rutas\\\/10-02-2013-begues-eramprunya-puig-dagulles\\\/#primaryimage\"},\"thumbnailUrl\":\"https:\\\/\\\/www.carlosyconchita.net\\\/rutas\\\/wp-content\\\/uploads\\\/2013\\\/02\\\/P2100326.jpg\",\"datePublished\":\"2013-02-10T20:16:15+00:00\",\"dateModified\":\"2014-05-29T20:57:57+00:00\",\"author\":{\"@id\":\"https:\\\/\\\/www.carlosyconchita.net\\\/rutas\\\/#\\\/schema\\\/person\\\/a9691f7258c28443fab2d3aa1479ea19\"},\"breadcrumb\":{\"@id\":\"https:\\\/\\\/www.carlosyconchita.net\\\/rutas\\\/10-02-2013-begues-eramprunya-puig-dagulles\\\/#breadcrumb\"},\"inLanguage\":\"es\",\"potentialAction\":[{\"@type\":\"ReadAction\",\"target\":[\"https:\\\/\\\/www.carlosyconchita.net\\\/rutas\\\/10-02-2013-begues-eramprunya-puig-dagulles\\\/\"]}]},{\"@type\":\"ImageObject\",\"inLanguage\":\"es\",\"@id\":\"https:\\\/\\\/www.carlosyconchita.net\\\/rutas\\\/10-02-2013-begues-eramprunya-puig-dagulles\\\/#primaryimage\",\"url\":\"https:\\\/\\\/www.carlosyconchita.net\\\/rutas\\\/wp-content\\\/uploads\\\/2013\\\/02\\\/P2100326.jpg\",\"contentUrl\":\"https:\\\/\\\/www.carlosyconchita.net\\\/rutas\\\/wp-content\\\/uploads\\\/2013\\\/02\\\/P2100326.jpg\",\"width\":533,\"height\":400,\"caption\":\"Las ruinas del castillo de Erampruny\u00e1, bajando desde la torre de vigilancia\"},{\"@type\":\"BreadcrumbList\",\"@id\":\"https:\\\/\\\/www.carlosyconchita.net\\\/rutas\\\/10-02-2013-begues-eramprunya-puig-dagulles\\\/#breadcrumb\",\"itemListElement\":[{\"@type\":\"ListItem\",\"position\":1,\"name\":\"Portada\",\"item\":\"https:\\\/\\\/www.carlosyconchita.net\\\/rutas\\\/\"},{\"@type\":\"ListItem\",\"position\":2,\"name\":\"10-02-2013 &#8211; Begues, Erampruny\u00e1, Puig d&#8217;Agulles\"}]},{\"@type\":\"WebSite\",\"@id\":\"https:\\\/\\\/www.carlosyconchita.net\\\/rutas\\\/#website\",\"url\":\"https:\\\/\\\/www.carlosyconchita.net\\\/rutas\\\/\",\"name\":\"Las rutas de Carlos y Conchita\",\"description\":\"\",\"potentialAction\":[{\"@type\":\"SearchAction\",\"target\":{\"@type\":\"EntryPoint\",\"urlTemplate\":\"https:\\\/\\\/www.carlosyconchita.net\\\/rutas\\\/?s={search_term_string}\"},\"query-input\":{\"@type\":\"PropertyValueSpecification\",\"valueRequired\":true,\"valueName\":\"search_term_string\"}}],\"inLanguage\":\"es\"},{\"@type\":\"Person\",\"@id\":\"https:\\\/\\\/www.carlosyconchita.net\\\/rutas\\\/#\\\/schema\\\/person\\\/a9691f7258c28443fab2d3aa1479ea19\",\"name\":\"Carlos Conchita\",\"image\":{\"@type\":\"ImageObject\",\"inLanguage\":\"es\",\"@id\":\"https:\\\/\\\/secure.gravatar.com\\\/avatar\\\/3a4625b20c8da3de99da69bfe7a322774e291c3f90dce7e8778a30fe6748ed1a?s=96&d=mm&r=g\",\"url\":\"https:\\\/\\\/secure.gravatar.com\\\/avatar\\\/3a4625b20c8da3de99da69bfe7a322774e291c3f90dce7e8778a30fe6748ed1a?s=96&d=mm&r=g\",\"contentUrl\":\"https:\\\/\\\/secure.gravatar.com\\\/avatar\\\/3a4625b20c8da3de99da69bfe7a322774e291c3f90dce7e8778a30fe6748ed1a?s=96&d=mm&r=g\",\"caption\":\"Carlos Conchita\"}}]}<\/script>\n<!-- \/ Yoast SEO plugin. -->","yoast_head_json":{"title":"10-02-2013 - Begues, Erampruny\u00e1, Puig d'Agulles -","robots":{"index":"index","follow":"follow","max-snippet":"max-snippet:-1","max-image-preview":"max-image-preview:large","max-video-preview":"max-video-preview:-1"},"canonical":"https:\/\/www.carlosyconchita.net\/rutas\/10-02-2013-begues-eramprunya-puig-dagulles\/","og_locale":"es_ES","og_type":"article","og_title":"10-02-2013 - Begues, Erampruny\u00e1, Puig d'Agulles -","og_description":"Dificultad :\u00a0 F\u00e1cil &#8211; Moderada\u00a0 Recorrido : 12&#8217;050 km. \u00a0Desnivel :\u00a0\u00a0 435 m. \u00a0Alturas :\u00a0 318 \/ 550 Esta ha sido nuestra primera excursi\u00f3n en la zona del Parque Natural del Garraf, y partiendo de Begues, hemos pasado por la torre de vigilancia \u00abS\u00bb de esta zona, posteriormente hemos ido a las ruinas del Castillo [&hellip;]","og_url":"https:\/\/www.carlosyconchita.net\/rutas\/10-02-2013-begues-eramprunya-puig-dagulles\/","og_site_name":"Las rutas de Carlos y Conchita","article_published_time":"2013-02-10T20:16:15+00:00","article_modified_time":"2014-05-29T20:57:57+00:00","og_image":[{"width":533,"height":400,"url":"https:\/\/www.carlosyconchita.net\/rutas\/wp-content\/uploads\/2013\/02\/P2100326.jpg","type":"image\/jpeg"}],"author":"Carlos Conchita","twitter_misc":{"Escrito por":"Carlos Conchita","Tiempo de lectura":"3 minutos"},"schema":{"@context":"https:\/\/schema.org","@graph":[{"@type":"Article","@id":"https:\/\/www.carlosyconchita.net\/rutas\/10-02-2013-begues-eramprunya-puig-dagulles\/#article","isPartOf":{"@id":"https:\/\/www.carlosyconchita.net\/rutas\/10-02-2013-begues-eramprunya-puig-dagulles\/"},"author":{"name":"Carlos Conchita","@id":"https:\/\/www.carlosyconchita.net\/rutas\/#\/schema\/person\/a9691f7258c28443fab2d3aa1479ea19"},"headline":"10-02-2013 &#8211; Begues, Erampruny\u00e1, Puig d&#8217;Agulles","datePublished":"2013-02-10T20:16:15+00:00","dateModified":"2014-05-29T20:57:57+00:00","mainEntityOfPage":{"@id":"https:\/\/www.carlosyconchita.net\/rutas\/10-02-2013-begues-eramprunya-puig-dagulles\/"},"wordCount":675,"commentCount":1,"image":{"@id":"https:\/\/www.carlosyconchita.net\/rutas\/10-02-2013-begues-eramprunya-puig-dagulles\/#primaryimage"},"thumbnailUrl":"https:\/\/www.carlosyconchita.net\/rutas\/wp-content\/uploads\/2013\/02\/P2100326.jpg","articleSection":["1-F\u00e1cil","2-Moderada","3 - De 10 a 15 km.","Parc del Garraf"],"inLanguage":"es","potentialAction":[{"@type":"CommentAction","name":"Comment","target":["https:\/\/www.carlosyconchita.net\/rutas\/10-02-2013-begues-eramprunya-puig-dagulles\/#respond"]}]},{"@type":"WebPage","@id":"https:\/\/www.carlosyconchita.net\/rutas\/10-02-2013-begues-eramprunya-puig-dagulles\/","url":"https:\/\/www.carlosyconchita.net\/rutas\/10-02-2013-begues-eramprunya-puig-dagulles\/","name":"10-02-2013 - Begues, Erampruny\u00e1, Puig d'Agulles -","isPartOf":{"@id":"https:\/\/www.carlosyconchita.net\/rutas\/#website"},"primaryImageOfPage":{"@id":"https:\/\/www.carlosyconchita.net\/rutas\/10-02-2013-begues-eramprunya-puig-dagulles\/#primaryimage"},"image":{"@id":"https:\/\/www.carlosyconchita.net\/rutas\/10-02-2013-begues-eramprunya-puig-dagulles\/#primaryimage"},"thumbnailUrl":"https:\/\/www.carlosyconchita.net\/rutas\/wp-content\/uploads\/2013\/02\/P2100326.jpg","datePublished":"2013-02-10T20:16:15+00:00","dateModified":"2014-05-29T20:57:57+00:00","author":{"@id":"https:\/\/www.carlosyconchita.net\/rutas\/#\/schema\/person\/a9691f7258c28443fab2d3aa1479ea19"},"breadcrumb":{"@id":"https:\/\/www.carlosyconchita.net\/rutas\/10-02-2013-begues-eramprunya-puig-dagulles\/#breadcrumb"},"inLanguage":"es","potentialAction":[{"@type":"ReadAction","target":["https:\/\/www.carlosyconchita.net\/rutas\/10-02-2013-begues-eramprunya-puig-dagulles\/"]}]},{"@type":"ImageObject","inLanguage":"es","@id":"https:\/\/www.carlosyconchita.net\/rutas\/10-02-2013-begues-eramprunya-puig-dagulles\/#primaryimage","url":"https:\/\/www.carlosyconchita.net\/rutas\/wp-content\/uploads\/2013\/02\/P2100326.jpg","contentUrl":"https:\/\/www.carlosyconchita.net\/rutas\/wp-content\/uploads\/2013\/02\/P2100326.jpg","width":533,"height":400,"caption":"Las ruinas del castillo de Erampruny\u00e1, bajando desde la torre de vigilancia"},{"@type":"BreadcrumbList","@id":"https:\/\/www.carlosyconchita.net\/rutas\/10-02-2013-begues-eramprunya-puig-dagulles\/#breadcrumb","itemListElement":[{"@type":"ListItem","position":1,"name":"Portada","item":"https:\/\/www.carlosyconchita.net\/rutas\/"},{"@type":"ListItem","position":2,"name":"10-02-2013 &#8211; Begues, Erampruny\u00e1, Puig d&#8217;Agulles"}]},{"@type":"WebSite","@id":"https:\/\/www.carlosyconchita.net\/rutas\/#website","url":"https:\/\/www.carlosyconchita.net\/rutas\/","name":"Las rutas de Carlos y Conchita","description":"","potentialAction":[{"@type":"SearchAction","target":{"@type":"EntryPoint","urlTemplate":"https:\/\/www.carlosyconchita.net\/rutas\/?s={search_term_string}"},"query-input":{"@type":"PropertyValueSpecification","valueRequired":true,"valueName":"search_term_string"}}],"inLanguage":"es"},{"@type":"Person","@id":"https:\/\/www.carlosyconchita.net\/rutas\/#\/schema\/person\/a9691f7258c28443fab2d3aa1479ea19","name":"Carlos Conchita","image":{"@type":"ImageObject","inLanguage":"es","@id":"https:\/\/secure.gravatar.com\/avatar\/3a4625b20c8da3de99da69bfe7a322774e291c3f90dce7e8778a30fe6748ed1a?s=96&d=mm&r=g","url":"https:\/\/secure.gravatar.com\/avatar\/3a4625b20c8da3de99da69bfe7a322774e291c3f90dce7e8778a30fe6748ed1a?s=96&d=mm&r=g","contentUrl":"https:\/\/secure.gravatar.com\/avatar\/3a4625b20c8da3de99da69bfe7a322774e291c3f90dce7e8778a30fe6748ed1a?s=96&d=mm&r=g","caption":"Carlos Conchita"}}]}},"_links":{"self":[{"href":"https:\/\/www.carlosyconchita.net\/rutas\/wp-json\/wp\/v2\/posts\/2239","targetHints":{"allow":["GET"]}}],"collection":[{"href":"https:\/\/www.carlosyconchita.net\/rutas\/wp-json\/wp\/v2\/posts"}],"about":[{"href":"https:\/\/www.carlosyconchita.net\/rutas\/wp-json\/wp\/v2\/types\/post"}],"author":[{"embeddable":true,"href":"https:\/\/www.carlosyconchita.net\/rutas\/wp-json\/wp\/v2\/users\/50"}],"replies":[{"embeddable":true,"href":"https:\/\/www.carlosyconchita.net\/rutas\/wp-json\/wp\/v2\/comments?post=2239"}],"version-history":[{"count":0,"href":"https:\/\/www.carlosyconchita.net\/rutas\/wp-json\/wp\/v2\/posts\/2239\/revisions"}],"wp:featuredmedia":[{"embeddable":true,"href":"https:\/\/www.carlosyconchita.net\/rutas\/wp-json\/wp\/v2\/media\/2244"}],"wp:attachment":[{"href":"https:\/\/www.carlosyconchita.net\/rutas\/wp-json\/wp\/v2\/media?parent=2239"}],"wp:term":[{"taxonomy":"category","embeddable":true,"href":"https:\/\/www.carlosyconchita.net\/rutas\/wp-json\/wp\/v2\/categories?post=2239"},{"taxonomy":"post_tag","embeddable":true,"href":"https:\/\/www.carlosyconchita.net\/rutas\/wp-json\/wp\/v2\/tags?post=2239"}],"curies":[{"name":"wp","href":"https:\/\/api.w.org\/{rel}","templated":true}]}}