{"id":2464,"date":"2013-03-30T21:10:26","date_gmt":"2013-03-30T20:10:26","guid":{"rendered":"http:\/\/www.carlosyconchita.net\/rutas\/?p=2464"},"modified":"2014-05-30T07:46:50","modified_gmt":"2014-05-30T06:46:50","slug":"30-03-2013-coll-de-la-llosa-coll-de-torn-raquetas","status":"publish","type":"post","link":"https:\/\/www.carlosyconchita.net\/rutas\/30-03-2013-coll-de-la-llosa-coll-de-torn-raquetas\/","title":{"rendered":"30-03-2013 &#8211; Coll de la Llosa &#8211; Coll de Torn (raquetas)"},"content":{"rendered":"<table border=\"2\" frame=\"border\">\n<tbody>\n<tr>\n<td><strong>Dificultad :\u00a0 Moderada<br \/>\n<\/strong><\/td>\n<td><strong>Recorrido : 12&#8217;300 km.<br \/>\n<\/strong><\/td>\n<\/tr>\n<tr>\n<td><strong>\u00a0Desnivel :\u00a0\u00a0 396 m. <\/strong><\/td>\n<td><strong>\u00a0\u00a0\u00a0 Alturas :\u00a0 1.843\/ 1.954<\/strong><\/td>\n<\/tr>\n<\/tbody>\n<\/table>\n<p style=\"text-align: justify;\">Esta ha sido nuestra segunda excursi\u00f3n con raquetas, y en esta ocasi\u00f3n hemos llegado a nuestro ya conocido Refugio del Coll de Torn, a donde fuimos el d\u00eda <a title=\"Enlace permanente a 14-10-2012  -Coll de Creu \u2013 Refugio y Coll de Torn\" href=\"http:\/\/www.carlosyconchita.net\/rutas\/?p=938\" rel=\"bookmark\">14-10-2012 -Coll de Creu \u2013 Refugio y Coll de Torn<\/a> , pero esta vez, llegando desde el lado contrario, y adem\u00e1s con nieve y raquetas.<\/p>\n<p style=\"text-align: justify;\">\u00a0El tiempo indicado en el track de Wikiloc es el total incluyendo como siempre, paradas para hacer fotos o descansar y comer, pero en esta ocasi\u00f3n hay bastante tiempo de m\u00e1s, ya que pusimos en marcha el GPS nada m\u00e1s bajar del coche, pero antes de empezar a caminar perdimos bastante tiempo en ponernos las botas, cargar las mochilas, y\u00a0 en graduar las raquetas a nuestras botas (eran de alquiler\u2026 ), cosas que en otras ocasiones hacemos antes de poner en marcha el GPS.<\/p>\n<p style=\"text-align: justify;\">\u00a0Empezaremos en el parking de la estaci\u00f3n de esqu\u00ed n\u00f3rdico del Coll de Llosas, y para llegar all\u00ed, partiendo de Saillagosa, seguiremos la carretera hacia Les Angles, y despu\u00e9s de la poblaci\u00f3n de La Llagone, veremos un desv\u00edo a la derecha que indica Ayguatebia.<\/p>\n<p>Seguiremos esa carretera , y poco despu\u00e9s llegaremos al Coll de La Llosa, a 1866 m. de altura , en donde encontraremos el parking de esta estaci\u00f3n.<\/p>\n<p style=\"text-align: justify;\">\u00a0[shashin type=\u00bbphoto\u00bb id=\u00bb1202,1201&#8243; size=\u00bblarge\u00bb columns=\u00bbmax\u00bb order=\u00bbuser\u00bb caption=\u00bby\u00bb position=\u00bbcenter\u00bb]<\/p>\n<p>La ruta empieza en el lado contrario de la carretera de donde est\u00e1n los edificios de la citada estaci\u00f3n , y all\u00ed veremos las se\u00f1ales que indican el Coll de Torn.<\/p>\n<p>[shashin type=\u00bbphoto\u00bb id=\u00bb1204&#8243; size=\u00bblarge\u00bb columns=\u00bbmax\u00bb order=\u00bbuser\u00bb caption=\u00bby\u00bb position=\u00bbcenter\u00bb]<\/p>\n<p style=\"text-align: justify;\">La ruta est\u00e1 perfectamente se\u00f1alada, y cada pocos metros o \u00e1rboles, veremos las se\u00f1ales que nos iran indicando, alternando tramos entre el bosque, con tramos en los que iremos por alguna de las pistas de esqu\u00ed n\u00f3rdico de la citada estaci\u00f3n.<\/p>\n<p style=\"text-align: justify;\">[shashin type=\u00bbphoto\u00bb id=\u00bb1208,1217&#8243; size=\u00bblarge\u00bb columns=\u00bbmax\u00bb order=\u00bbuser\u00bb caption=\u00bby\u00bb position=\u00bbcenter\u00bb]<\/p>\n<p>A nuestra derecha tendremos unas bonitas vistas de la cadena monta\u00f1osa que va desde la Cambre d\u2019Aze al Canigou, y seg\u00fan un letrero que encontraremos, tambi\u00e9n puede llegar a verse el mar, aunque tendr\u00e1 que ser en un d\u00eda claro y soleado, y no hoy, como puede verse por la colecci\u00f3n de nubarrones que hemos fotografiado.<\/p>\n<p>[shashin type=\u00bbphoto\u00bb id=\u00bb1267,1273,1272&#8243; size=\u00bblarge\u00bb columns=\u00bbmax\u00bb order=\u00bbuser\u00bb caption=\u00bby\u00bb position=\u00bbcenter\u00bb]<\/p>\n<p>[shashin type=\u00bbphoto\u00bb id=\u00bb1238,1280&#8243; size=\u00bblarge\u00bb columns=\u00bbmax\u00bb order=\u00bbuser\u00bb caption=\u00bby\u00bb position=\u00bbcenter\u00bb]<\/p>\n<p style=\"text-align: justify;\">\u00a0 El d\u00eda no ha sido del todo malo, a pesar de lo nublado y fr\u00edo que\u00a0 estaba y de que en un buen tramo ha estado nevando, aunque no con demasiada intensidad , y por la tarde\u00a0 a la vuelta,\u00a0 ha salido a ratos el sol, lo que nos ha permitido que las fotos quedaran con unos colores mas alegres y que no nos congel\u00e1ramos demasiado nosotros.<\/p>\n<p style=\"text-align: justify;\">[shashin type=\u00bbphoto\u00bb id=\u00bb1254&#8243; size=\u00bblarge\u00bb columns=\u00bbmax\u00bb order=\u00bbuser\u00bb caption=\u00bby\u00bb position=\u00bbcenter\u00bb]<\/p>\n<p style=\"text-align: justify;\">\u00a0Sin embargo, cuando hemos llegado al refugio del Coll de Torn, despu\u00e9s de un rato de estar nevando, ha sido de agradecer poder comernos el bocata dentro, al calor de una chimenea, y tomarnos algo calentito, aunque en nuestras caminatas en invierno, siempre llevamos , aparte del termo de agua, otro termo con caldo calentito que va realmente muy bien para reponer fuerzas por el camino.<\/p>\n<p>[shashin type=\u00bbphoto\u00bb id=\u00bb1242,1247,1249&#8243; size=\u00bblarge\u00bb columns=\u00bbmax\u00bb order=\u00bbuser\u00bb caption=\u00bby\u00bb position=\u00bbcenter\u00bb]<\/p>\n<p>La vuelta ha sido por el mismo camino, con la diferencia que a ratos ha salido el sol, y hemos podido disfrutar m\u00e1s del paisaje, aunque al final ha vuelto a nublarse.<\/p>\n<p>[shashin type=\u00bbphoto\u00bb id=\u00bb1279,1282&#8243; size=\u00bblarge\u00bb columns=\u00bbmax\u00bb order=\u00bbuser\u00bb caption=\u00bby\u00bb position=\u00bbcenter\u00bb]<\/p>\n<hr \/>\n<p>&nbsp;<\/p>\n<p>[map style=\u00bbwidth: auto; height:400px; margin:20px 0px 20px 0px; border: 1px solid black;\u00bb gpx=\u00bbhttp:\/\/www.carlosyconchita.net\/rutas\/wp-content\/uploads\/coll-de-llosas-coll-de-torn-raquetas.gpx\u00bb]<\/p>\n<hr \/>\n<p>&nbsp;<\/p>\n<p class=\"wp-caption\" style=\"text-align: left;\"><strong>\u00a0Enlace album de fotos<\/strong><\/p>\n<p>[shashin type=\u00bbalbum\u00bb id=\u00bb18&#8243; size=\u00bbsmall\u00bb crop=\u00bbn\u00bb columns=\u00bbmax\u00bb caption=\u00bby\u00bb order=\u00bbdate\u00bb position=\u00bbcenter\u00bb]<\/p>\n<hr \/>\n<p><strong class=\"wp-caption\">Enlace Wikiloc<\/strong><\/p>\n<hr \/>\n<table border=\"0\" frame=\"border\">\n<tbody>\n<tr align=\"left\" valign=\"middle\">\n<td align=\"center\" valign=\"middle\"><img loading=\"lazy\" decoding=\"async\" class=\"aligncenter\" title=\"wikiloc\" src=\"http:\/\/www.carlosyconchita.net\/rutas\/wp-content\/uploads\/2020\/09\/wikiloc.jpg\" alt=\"\" width=\"117\" height=\"34\" \/><\/td>\n<td align=\"center\" valign=\"middle\"><\/td>\n<\/tr>\n<\/tbody>\n<\/table>\n<hr \/>\n<p>[wpdm_file id=72]<\/p>\n","protected":false},"excerpt":{"rendered":"<p>Dificultad :\u00a0 Moderada Recorrido : 12&#8217;300 km. \u00a0Desnivel :\u00a0\u00a0 396 m. \u00a0\u00a0\u00a0 Alturas :\u00a0 1.843\/ 1.954 Esta ha sido nuestra segunda excursi\u00f3n con raquetas, y en esta ocasi\u00f3n hemos llegado a nuestro ya conocido Refugio del Coll de Torn, a donde fuimos el d\u00eda 14-10-2012 -Coll de Creu \u2013 Refugio y Coll de Torn , [&hellip;]<\/p>\n","protected":false},"author":50,"featured_media":2485,"comment_status":"open","ping_status":"open","sticky":false,"template":"","format":"gallery","meta":{"footnotes":""},"categories":[11,23,24],"tags":[],"class_list":{"0":"post-2464","1":"post","2":"type-post","3":"status-publish","4":"format-gallery","5":"has-post-thumbnail","6":"hentry","7":"category-moderada","8":"category-de-10-a-15-km","9":"category-sansa","10":"post_format-post-format-gallery","12":"post-with-thumbnail","13":"post-with-thumbnail-icon"},"yoast_head":"<!-- This site is optimized with the Yoast SEO plugin v27.4 - https:\/\/yoast.com\/product\/yoast-seo-wordpress\/ -->\n<title>30-03-2013 - Coll de la Llosa - Coll de Torn (raquetas) -<\/title>\n<meta name=\"robots\" content=\"index, follow, max-snippet:-1, max-image-preview:large, max-video-preview:-1\" \/>\n<link rel=\"canonical\" href=\"https:\/\/www.carlosyconchita.net\/rutas\/30-03-2013-coll-de-la-llosa-coll-de-torn-raquetas\/\" \/>\n<meta property=\"og:locale\" content=\"es_ES\" \/>\n<meta property=\"og:type\" content=\"article\" \/>\n<meta property=\"og:title\" content=\"30-03-2013 - Coll de la Llosa - Coll de Torn (raquetas) -\" \/>\n<meta property=\"og:description\" content=\"Dificultad :\u00a0 Moderada Recorrido : 12&#8217;300 km. \u00a0Desnivel :\u00a0\u00a0 396 m. \u00a0\u00a0\u00a0 Alturas :\u00a0 1.843\/ 1.954 Esta ha sido nuestra segunda excursi\u00f3n con raquetas, y en esta ocasi\u00f3n hemos llegado a nuestro ya conocido Refugio del Coll de Torn, a donde fuimos el d\u00eda 14-10-2012 -Coll de Creu \u2013 Refugio y Coll de Torn , [&hellip;]\" \/>\n<meta property=\"og:url\" content=\"https:\/\/www.carlosyconchita.net\/rutas\/30-03-2013-coll-de-la-llosa-coll-de-torn-raquetas\/\" \/>\n<meta property=\"og:site_name\" content=\"Las rutas de Carlos y Conchita\" \/>\n<meta property=\"article:published_time\" content=\"2013-03-30T20:10:26+00:00\" \/>\n<meta property=\"article:modified_time\" content=\"2014-05-30T06:46:50+00:00\" \/>\n<meta property=\"og:image\" content=\"https:\/\/www.carlosyconchita.net\/rutas\/wp-content\/uploads\/2013\/04\/P3301057.jpg\" \/>\n\t<meta property=\"og:image:width\" content=\"533\" \/>\n\t<meta property=\"og:image:height\" content=\"400\" \/>\n\t<meta property=\"og:image:type\" content=\"image\/jpeg\" \/>\n<meta name=\"author\" content=\"Carlos Conchita\" \/>\n<meta name=\"twitter:label1\" content=\"Escrito por\" \/>\n\t<meta name=\"twitter:data1\" content=\"Carlos Conchita\" \/>\n\t<meta name=\"twitter:label2\" content=\"Tiempo de lectura\" \/>\n\t<meta name=\"twitter:data2\" content=\"3 minutos\" \/>\n<script type=\"application\/ld+json\" class=\"yoast-schema-graph\">{\"@context\":\"https:\\\/\\\/schema.org\",\"@graph\":[{\"@type\":\"Article\",\"@id\":\"https:\\\/\\\/www.carlosyconchita.net\\\/rutas\\\/30-03-2013-coll-de-la-llosa-coll-de-torn-raquetas\\\/#article\",\"isPartOf\":{\"@id\":\"https:\\\/\\\/www.carlosyconchita.net\\\/rutas\\\/30-03-2013-coll-de-la-llosa-coll-de-torn-raquetas\\\/\"},\"author\":{\"name\":\"Carlos Conchita\",\"@id\":\"https:\\\/\\\/www.carlosyconchita.net\\\/rutas\\\/#\\\/schema\\\/person\\\/a9691f7258c28443fab2d3aa1479ea19\"},\"headline\":\"30-03-2013 &#8211; Coll de la Llosa &#8211; Coll de Torn (raquetas)\",\"datePublished\":\"2013-03-30T20:10:26+00:00\",\"dateModified\":\"2014-05-30T06:46:50+00:00\",\"mainEntityOfPage\":{\"@id\":\"https:\\\/\\\/www.carlosyconchita.net\\\/rutas\\\/30-03-2013-coll-de-la-llosa-coll-de-torn-raquetas\\\/\"},\"wordCount\":708,\"commentCount\":0,\"image\":{\"@id\":\"https:\\\/\\\/www.carlosyconchita.net\\\/rutas\\\/30-03-2013-coll-de-la-llosa-coll-de-torn-raquetas\\\/#primaryimage\"},\"thumbnailUrl\":\"https:\\\/\\\/www.carlosyconchita.net\\\/rutas\\\/wp-content\\\/uploads\\\/2013\\\/04\\\/P3301057.jpg\",\"articleSection\":[\"2-Moderada\",\"3 - De 10 a 15 km.\",\"Sansa - Ayguatebia\"],\"inLanguage\":\"es\",\"potentialAction\":[{\"@type\":\"CommentAction\",\"name\":\"Comment\",\"target\":[\"https:\\\/\\\/www.carlosyconchita.net\\\/rutas\\\/30-03-2013-coll-de-la-llosa-coll-de-torn-raquetas\\\/#respond\"]}]},{\"@type\":\"WebPage\",\"@id\":\"https:\\\/\\\/www.carlosyconchita.net\\\/rutas\\\/30-03-2013-coll-de-la-llosa-coll-de-torn-raquetas\\\/\",\"url\":\"https:\\\/\\\/www.carlosyconchita.net\\\/rutas\\\/30-03-2013-coll-de-la-llosa-coll-de-torn-raquetas\\\/\",\"name\":\"30-03-2013 - Coll de la Llosa - Coll de Torn (raquetas) -\",\"isPartOf\":{\"@id\":\"https:\\\/\\\/www.carlosyconchita.net\\\/rutas\\\/#website\"},\"primaryImageOfPage\":{\"@id\":\"https:\\\/\\\/www.carlosyconchita.net\\\/rutas\\\/30-03-2013-coll-de-la-llosa-coll-de-torn-raquetas\\\/#primaryimage\"},\"image\":{\"@id\":\"https:\\\/\\\/www.carlosyconchita.net\\\/rutas\\\/30-03-2013-coll-de-la-llosa-coll-de-torn-raquetas\\\/#primaryimage\"},\"thumbnailUrl\":\"https:\\\/\\\/www.carlosyconchita.net\\\/rutas\\\/wp-content\\\/uploads\\\/2013\\\/04\\\/P3301057.jpg\",\"datePublished\":\"2013-03-30T20:10:26+00:00\",\"dateModified\":\"2014-05-30T06:46:50+00:00\",\"author\":{\"@id\":\"https:\\\/\\\/www.carlosyconchita.net\\\/rutas\\\/#\\\/schema\\\/person\\\/a9691f7258c28443fab2d3aa1479ea19\"},\"breadcrumb\":{\"@id\":\"https:\\\/\\\/www.carlosyconchita.net\\\/rutas\\\/30-03-2013-coll-de-la-llosa-coll-de-torn-raquetas\\\/#breadcrumb\"},\"inLanguage\":\"es\",\"potentialAction\":[{\"@type\":\"ReadAction\",\"target\":[\"https:\\\/\\\/www.carlosyconchita.net\\\/rutas\\\/30-03-2013-coll-de-la-llosa-coll-de-torn-raquetas\\\/\"]}]},{\"@type\":\"ImageObject\",\"inLanguage\":\"es\",\"@id\":\"https:\\\/\\\/www.carlosyconchita.net\\\/rutas\\\/30-03-2013-coll-de-la-llosa-coll-de-torn-raquetas\\\/#primaryimage\",\"url\":\"https:\\\/\\\/www.carlosyconchita.net\\\/rutas\\\/wp-content\\\/uploads\\\/2013\\\/04\\\/P3301057.jpg\",\"contentUrl\":\"https:\\\/\\\/www.carlosyconchita.net\\\/rutas\\\/wp-content\\\/uploads\\\/2013\\\/04\\\/P3301057.jpg\",\"width\":533,\"height\":400},{\"@type\":\"BreadcrumbList\",\"@id\":\"https:\\\/\\\/www.carlosyconchita.net\\\/rutas\\\/30-03-2013-coll-de-la-llosa-coll-de-torn-raquetas\\\/#breadcrumb\",\"itemListElement\":[{\"@type\":\"ListItem\",\"position\":1,\"name\":\"Portada\",\"item\":\"https:\\\/\\\/www.carlosyconchita.net\\\/rutas\\\/\"},{\"@type\":\"ListItem\",\"position\":2,\"name\":\"30-03-2013 &#8211; Coll de la Llosa &#8211; Coll de Torn (raquetas)\"}]},{\"@type\":\"WebSite\",\"@id\":\"https:\\\/\\\/www.carlosyconchita.net\\\/rutas\\\/#website\",\"url\":\"https:\\\/\\\/www.carlosyconchita.net\\\/rutas\\\/\",\"name\":\"Las rutas de Carlos y Conchita\",\"description\":\"\",\"potentialAction\":[{\"@type\":\"SearchAction\",\"target\":{\"@type\":\"EntryPoint\",\"urlTemplate\":\"https:\\\/\\\/www.carlosyconchita.net\\\/rutas\\\/?s={search_term_string}\"},\"query-input\":{\"@type\":\"PropertyValueSpecification\",\"valueRequired\":true,\"valueName\":\"search_term_string\"}}],\"inLanguage\":\"es\"},{\"@type\":\"Person\",\"@id\":\"https:\\\/\\\/www.carlosyconchita.net\\\/rutas\\\/#\\\/schema\\\/person\\\/a9691f7258c28443fab2d3aa1479ea19\",\"name\":\"Carlos Conchita\",\"image\":{\"@type\":\"ImageObject\",\"inLanguage\":\"es\",\"@id\":\"https:\\\/\\\/secure.gravatar.com\\\/avatar\\\/3a4625b20c8da3de99da69bfe7a322774e291c3f90dce7e8778a30fe6748ed1a?s=96&d=mm&r=g\",\"url\":\"https:\\\/\\\/secure.gravatar.com\\\/avatar\\\/3a4625b20c8da3de99da69bfe7a322774e291c3f90dce7e8778a30fe6748ed1a?s=96&d=mm&r=g\",\"contentUrl\":\"https:\\\/\\\/secure.gravatar.com\\\/avatar\\\/3a4625b20c8da3de99da69bfe7a322774e291c3f90dce7e8778a30fe6748ed1a?s=96&d=mm&r=g\",\"caption\":\"Carlos Conchita\"}}]}<\/script>\n<!-- \/ Yoast SEO plugin. -->","yoast_head_json":{"title":"30-03-2013 - Coll de la Llosa - Coll de Torn (raquetas) -","robots":{"index":"index","follow":"follow","max-snippet":"max-snippet:-1","max-image-preview":"max-image-preview:large","max-video-preview":"max-video-preview:-1"},"canonical":"https:\/\/www.carlosyconchita.net\/rutas\/30-03-2013-coll-de-la-llosa-coll-de-torn-raquetas\/","og_locale":"es_ES","og_type":"article","og_title":"30-03-2013 - Coll de la Llosa - Coll de Torn (raquetas) -","og_description":"Dificultad :\u00a0 Moderada Recorrido : 12&#8217;300 km. \u00a0Desnivel :\u00a0\u00a0 396 m. \u00a0\u00a0\u00a0 Alturas :\u00a0 1.843\/ 1.954 Esta ha sido nuestra segunda excursi\u00f3n con raquetas, y en esta ocasi\u00f3n hemos llegado a nuestro ya conocido Refugio del Coll de Torn, a donde fuimos el d\u00eda 14-10-2012 -Coll de Creu \u2013 Refugio y Coll de Torn , [&hellip;]","og_url":"https:\/\/www.carlosyconchita.net\/rutas\/30-03-2013-coll-de-la-llosa-coll-de-torn-raquetas\/","og_site_name":"Las rutas de Carlos y Conchita","article_published_time":"2013-03-30T20:10:26+00:00","article_modified_time":"2014-05-30T06:46:50+00:00","og_image":[{"width":533,"height":400,"url":"https:\/\/www.carlosyconchita.net\/rutas\/wp-content\/uploads\/2013\/04\/P3301057.jpg","type":"image\/jpeg"}],"author":"Carlos Conchita","twitter_misc":{"Escrito por":"Carlos Conchita","Tiempo de lectura":"3 minutos"},"schema":{"@context":"https:\/\/schema.org","@graph":[{"@type":"Article","@id":"https:\/\/www.carlosyconchita.net\/rutas\/30-03-2013-coll-de-la-llosa-coll-de-torn-raquetas\/#article","isPartOf":{"@id":"https:\/\/www.carlosyconchita.net\/rutas\/30-03-2013-coll-de-la-llosa-coll-de-torn-raquetas\/"},"author":{"name":"Carlos Conchita","@id":"https:\/\/www.carlosyconchita.net\/rutas\/#\/schema\/person\/a9691f7258c28443fab2d3aa1479ea19"},"headline":"30-03-2013 &#8211; Coll de la Llosa &#8211; Coll de Torn (raquetas)","datePublished":"2013-03-30T20:10:26+00:00","dateModified":"2014-05-30T06:46:50+00:00","mainEntityOfPage":{"@id":"https:\/\/www.carlosyconchita.net\/rutas\/30-03-2013-coll-de-la-llosa-coll-de-torn-raquetas\/"},"wordCount":708,"commentCount":0,"image":{"@id":"https:\/\/www.carlosyconchita.net\/rutas\/30-03-2013-coll-de-la-llosa-coll-de-torn-raquetas\/#primaryimage"},"thumbnailUrl":"https:\/\/www.carlosyconchita.net\/rutas\/wp-content\/uploads\/2013\/04\/P3301057.jpg","articleSection":["2-Moderada","3 - De 10 a 15 km.","Sansa - Ayguatebia"],"inLanguage":"es","potentialAction":[{"@type":"CommentAction","name":"Comment","target":["https:\/\/www.carlosyconchita.net\/rutas\/30-03-2013-coll-de-la-llosa-coll-de-torn-raquetas\/#respond"]}]},{"@type":"WebPage","@id":"https:\/\/www.carlosyconchita.net\/rutas\/30-03-2013-coll-de-la-llosa-coll-de-torn-raquetas\/","url":"https:\/\/www.carlosyconchita.net\/rutas\/30-03-2013-coll-de-la-llosa-coll-de-torn-raquetas\/","name":"30-03-2013 - Coll de la Llosa - Coll de Torn (raquetas) -","isPartOf":{"@id":"https:\/\/www.carlosyconchita.net\/rutas\/#website"},"primaryImageOfPage":{"@id":"https:\/\/www.carlosyconchita.net\/rutas\/30-03-2013-coll-de-la-llosa-coll-de-torn-raquetas\/#primaryimage"},"image":{"@id":"https:\/\/www.carlosyconchita.net\/rutas\/30-03-2013-coll-de-la-llosa-coll-de-torn-raquetas\/#primaryimage"},"thumbnailUrl":"https:\/\/www.carlosyconchita.net\/rutas\/wp-content\/uploads\/2013\/04\/P3301057.jpg","datePublished":"2013-03-30T20:10:26+00:00","dateModified":"2014-05-30T06:46:50+00:00","author":{"@id":"https:\/\/www.carlosyconchita.net\/rutas\/#\/schema\/person\/a9691f7258c28443fab2d3aa1479ea19"},"breadcrumb":{"@id":"https:\/\/www.carlosyconchita.net\/rutas\/30-03-2013-coll-de-la-llosa-coll-de-torn-raquetas\/#breadcrumb"},"inLanguage":"es","potentialAction":[{"@type":"ReadAction","target":["https:\/\/www.carlosyconchita.net\/rutas\/30-03-2013-coll-de-la-llosa-coll-de-torn-raquetas\/"]}]},{"@type":"ImageObject","inLanguage":"es","@id":"https:\/\/www.carlosyconchita.net\/rutas\/30-03-2013-coll-de-la-llosa-coll-de-torn-raquetas\/#primaryimage","url":"https:\/\/www.carlosyconchita.net\/rutas\/wp-content\/uploads\/2013\/04\/P3301057.jpg","contentUrl":"https:\/\/www.carlosyconchita.net\/rutas\/wp-content\/uploads\/2013\/04\/P3301057.jpg","width":533,"height":400},{"@type":"BreadcrumbList","@id":"https:\/\/www.carlosyconchita.net\/rutas\/30-03-2013-coll-de-la-llosa-coll-de-torn-raquetas\/#breadcrumb","itemListElement":[{"@type":"ListItem","position":1,"name":"Portada","item":"https:\/\/www.carlosyconchita.net\/rutas\/"},{"@type":"ListItem","position":2,"name":"30-03-2013 &#8211; Coll de la Llosa &#8211; Coll de Torn (raquetas)"}]},{"@type":"WebSite","@id":"https:\/\/www.carlosyconchita.net\/rutas\/#website","url":"https:\/\/www.carlosyconchita.net\/rutas\/","name":"Las rutas de Carlos y Conchita","description":"","potentialAction":[{"@type":"SearchAction","target":{"@type":"EntryPoint","urlTemplate":"https:\/\/www.carlosyconchita.net\/rutas\/?s={search_term_string}"},"query-input":{"@type":"PropertyValueSpecification","valueRequired":true,"valueName":"search_term_string"}}],"inLanguage":"es"},{"@type":"Person","@id":"https:\/\/www.carlosyconchita.net\/rutas\/#\/schema\/person\/a9691f7258c28443fab2d3aa1479ea19","name":"Carlos Conchita","image":{"@type":"ImageObject","inLanguage":"es","@id":"https:\/\/secure.gravatar.com\/avatar\/3a4625b20c8da3de99da69bfe7a322774e291c3f90dce7e8778a30fe6748ed1a?s=96&d=mm&r=g","url":"https:\/\/secure.gravatar.com\/avatar\/3a4625b20c8da3de99da69bfe7a322774e291c3f90dce7e8778a30fe6748ed1a?s=96&d=mm&r=g","contentUrl":"https:\/\/secure.gravatar.com\/avatar\/3a4625b20c8da3de99da69bfe7a322774e291c3f90dce7e8778a30fe6748ed1a?s=96&d=mm&r=g","caption":"Carlos Conchita"}}]}},"_links":{"self":[{"href":"https:\/\/www.carlosyconchita.net\/rutas\/wp-json\/wp\/v2\/posts\/2464","targetHints":{"allow":["GET"]}}],"collection":[{"href":"https:\/\/www.carlosyconchita.net\/rutas\/wp-json\/wp\/v2\/posts"}],"about":[{"href":"https:\/\/www.carlosyconchita.net\/rutas\/wp-json\/wp\/v2\/types\/post"}],"author":[{"embeddable":true,"href":"https:\/\/www.carlosyconchita.net\/rutas\/wp-json\/wp\/v2\/users\/50"}],"replies":[{"embeddable":true,"href":"https:\/\/www.carlosyconchita.net\/rutas\/wp-json\/wp\/v2\/comments?post=2464"}],"version-history":[{"count":0,"href":"https:\/\/www.carlosyconchita.net\/rutas\/wp-json\/wp\/v2\/posts\/2464\/revisions"}],"wp:featuredmedia":[{"embeddable":true,"href":"https:\/\/www.carlosyconchita.net\/rutas\/wp-json\/wp\/v2\/media\/2485"}],"wp:attachment":[{"href":"https:\/\/www.carlosyconchita.net\/rutas\/wp-json\/wp\/v2\/media?parent=2464"}],"wp:term":[{"taxonomy":"category","embeddable":true,"href":"https:\/\/www.carlosyconchita.net\/rutas\/wp-json\/wp\/v2\/categories?post=2464"},{"taxonomy":"post_tag","embeddable":true,"href":"https:\/\/www.carlosyconchita.net\/rutas\/wp-json\/wp\/v2\/tags?post=2464"}],"curies":[{"name":"wp","href":"https:\/\/api.w.org\/{rel}","templated":true}]}}