{"id":2550,"date":"2013-04-17T22:36:57","date_gmt":"2013-04-17T21:36:57","guid":{"rendered":"http:\/\/www.carlosyconchita.net\/rutas\/?p=2550"},"modified":"2021-02-27T19:59:46","modified_gmt":"2021-02-27T18:59:46","slug":"15-04-2013-pla-de-la-calme-ruta-de-los-telesillas","status":"publish","type":"post","link":"https:\/\/www.carlosyconchita.net\/rutas\/15-04-2013-pla-de-la-calme-ruta-de-los-telesillas\/","title":{"rendered":"15-04-2013 &#8211; Pla de la Calme &#8211; Ruta de los telesillas (raquetas)"},"content":{"rendered":"<table border=\"2\" frame=\"border\">\n<tbody>\n<tr>\n<td><strong>Dificultad :\u00a0\u00a0 F\u00e1cil<\/strong><\/td>\n<td><strong>Recorrido :\u00a0\u00a0 6&#8217;960 km.<br \/>\n<\/strong><\/td>\n<\/tr>\n<tr>\n<td><strong>\u00a0Desnivel : \u00a0 274 m. <\/strong><\/td>\n<td><strong>\u00a0Alturas :\u00a0 2.023 \/ 2.213<\/strong><\/td>\n<\/tr>\n<\/tbody>\n<\/table>\n<p style=\"text-align: justify;\">Ruta f\u00e1cil y divertida, (a excepci\u00f3n del tramo de subida al Roc de la Calme) en la que partiendo del parking de La Calme, recorreremos durante un tramo el camino se\u00f1alado como La Calme y Panoramique, y despu\u00e9s, campo a trav\u00e9s, y en linea recta,\u00a0 subiremos hasta el punto donde termina el telesilla del Roc de la Calme, y desde alli, aprovechando que la estaci\u00f3n de esqu\u00ed estaba ya cerrada,\u00a0 por la cresta de la monta\u00f1a y por pistas de ski, llegaremos hasta los otros telesillas de la estaci\u00f3n , como Les Avellans, Airelles etc.<\/p>\n<p style=\"text-align: justify;\">El punto de partida, es el mismo de la ruta de ayer, el parking de La Calme, y empezaremos a caminar tambien por la izquierda , pero a poca distancia, en vez de seguir el camino de ayer,\u00a0 nos iremos desviando a nuestra derecha, siguiendo las se\u00f1ales de La Calme, que es un corto camino casi circular y muy plano, que vuelve al parking.<\/p>\n<p style=\"text-align: justify;\">[shashin type=\u00bbphoto\u00bb id=\u00bb1045&#8243; size=\u00bblarge\u00bb columns=\u00bbmax\u00bb order=\u00bbuser\u00bb caption=\u00bby\u00bb position=\u00bbcenter\u00bb]<\/p>\n<p style=\"text-align: justify;\">El camino pasa inicialmente entre los arboles, y va subiendo ligeramente, y al cabo de 1,7 km. hace una curva muy cerrada, y despues, aproximadamente a los 2,3 Km., llegamos a una gran explanada.<\/p>\n<p>Las se\u00f1ales nos indican a nuestra derecha, y vemos que el camino mas o menos plano, nos llevaria de nuevo al parking, pero en este punto nosotros dejamos el camino y subimos en linea recta hacia la monta\u00f1a que tenemos enfrente, en la que vemos arriba el telesilla del Roc de la Calme.<\/p>\n<p>[shashin type=\u00bbphoto\u00bb id=\u00bb1052,1053&#8243; size=\u00bblarge\u00bb columns=\u00bbmax\u00bb order=\u00bbuser\u00bb caption=\u00bby\u00bb position=\u00bbcenter\u00bb]<\/p>\n<p style=\"text-align: justify;\">La subida es un poco dificil, por la gran cantidad de nieve blanda que hay, por la pendiente, y porque subimos un poco en diagonal, lo que hace que nuestro pi\u00e9 derecho, a pesar de las raquetas resbale y se hunda continuamente.<\/p>\n<p style=\"text-align: justify;\">[shashin type=\u00bbphoto\u00bb id=\u00bb1056&#8243; size=\u00bblarge\u00bb columns=\u00bbmax\u00bb order=\u00bbuser\u00bb caption=\u00bby\u00bb position=\u00bbcenter\u00bb]<\/p>\n<p style=\"text-align: justify;\">[shashin type=\u00bbphoto\u00bb id=\u00bb1063&#8243; size=\u00bblarge\u00bb columns=\u00bbmax\u00bb order=\u00bbuser\u00bb caption=\u00bby\u00bb position=\u00bbcenter\u00bb]<\/p>\n<p style=\"text-align: justify;\">Finalmente llegamos arriba a la zona del Roc de la Calme, y aprovechamos para comer algo y descansar un poco<\/p>\n<p style=\"text-align: justify;\">[shashin type=\u00bbphoto\u00bb id=\u00bb1067&#8243; size=\u00bblarge\u00bb columns=\u00bbmax\u00bb order=\u00bbuser\u00bb caption=\u00bby\u00bb position=\u00bbcenter\u00bb]<\/p>\n<p style=\"text-align: justify;\">Desde alli tendremos unas magnificas vistas a 360\u00ba, y en especial , las del Lago de Las Boullosas completamente helado, al que no pudimos llegar ayer, debido a que la carretera estaba cortada por la gran cantidad de nieve.<\/p>\n<p style=\"text-align: justify;\">[shashin type=\u00bbphoto\u00bb id=\u00bb1072&#8243; size=\u00bblarge\u00bb columns=\u00bbmax\u00bb order=\u00bbuser\u00bb caption=\u00bby\u00bb position=\u00bbcenter\u00bb]<\/p>\n<p>Desde alli vemos los telesillas de Les Airelles y de Aveillans, a los que nos dirigiremos por la cresta de la monta\u00f1a, y siguiendo por las pistas de esqui.<\/p>\n<p>[shashin type=\u00bbphoto\u00bb id=\u00bb1082&#8243; size=\u00bblarge\u00bb columns=\u00bbmax\u00bb order=\u00bbuser\u00bb caption=\u00bby\u00bb position=\u00bbcenter\u00bb]<\/p>\n<p>A nuestra derecha veremos el parking donde hemos dejado el coche.<\/p>\n<p>[shashin type=\u00bbphoto\u00bb id=\u00bb1081&#8243; size=\u00bblarge\u00bb columns=\u00bbmax\u00bb order=\u00bbuser\u00bb caption=\u00bby\u00bb position=\u00bbcenter\u00bb]<\/p>\n<p>Llegaremos primeramente al telesilla de la zona de\u00a0 Christine Bonis y despues a los telesillas de Les Airelles y de Aveillans, que en realidad es una gran explanada a\u00a0 la que llegan estos 2 telesillas y varios arrastres.<\/p>\n<p>[shashin type=\u00bbphoto\u00bb id=\u00bb1086,1092&#8243; size=\u00bblarge\u00bb columns=\u00bbmax\u00bb order=\u00bbuser\u00bb caption=\u00bby\u00bb position=\u00bbcenter\u00bb]<\/p>\n<p style=\"text-align: justify;\">Desde alli volveremos al parking , por una pista de esqui muy suave que tenemos a nuestra derecha, y que baja en linea recta hasta el parking.<\/p>\n<p style=\"text-align: justify;\">[shashin type=\u00bbphoto\u00bb id=\u00bb1098&#8243; size=\u00bblarge\u00bb columns=\u00bbmax\u00bb order=\u00bbuser\u00bb caption=\u00bby\u00bb position=\u00bbcenter\u00bb]<\/p>\n<hr \/>\n<p>[map style=\u00bbwidth: auto; height:400px; margin:20px 0px 20px 0px; border: 1px solid black;\u00bb gpx=\u00bbhttp:\/\/www.carlosyconchita.net\/rutas\/wp-content\/uploads\/ruta-de-lostelesillas-font-romeu.gpx\u00bb]<\/p>\n<hr \/>\n<p class=\"wp-caption\" style=\"text-align: left;\"><strong>Enlace album de fotos<\/strong><\/p>\n<p>[shashin type=\u00bbalbum\u00bb id=\u00bb15&#8243; size=\u00bbsmall\u00bb crop=\u00bbn\u00bb columns=\u00bbmax\u00bb caption=\u00bby\u00bb order=\u00bbdate\u00bb position=\u00bbcenter\u00bb]<\/p>\n<hr \/>\n<p>&nbsp;<\/p>\n<p style=\"text-align: justify;\">[wpdm_file id=78]<\/p>\n<p style=\"text-align: justify;\">[wpdm_file id=79]<\/p>\n<hr \/>\n<p style=\"text-align: justify;\"><strong class=\"wp-caption\">Enlace Wikiloc<\/strong><\/p>\n<table border=\"0\" frame=\"border\">\n<tbody>\n<tr align=\"left\" valign=\"middle\">\n<td align=\"center\" valign=\"middle\"><img loading=\"lazy\" decoding=\"async\" class=\"aligncenter\" title=\"wikiloc\" src=\"http:\/\/www.carlosyconchita.net\/rutas\/wp-content\/uploads\/2020\/09\/wikiloc.jpg\" alt=\"\" width=\"117\" height=\"34\" \/><\/td>\n<td align=\"center\" valign=\"middle\"><\/td>\n<\/tr>\n<\/tbody>\n<\/table>\n<hr \/>\n<p>&nbsp;<\/p>\n<p>&nbsp;<\/p>\n","protected":false},"excerpt":{"rendered":"<p>Dificultad :\u00a0\u00a0 F\u00e1cil Recorrido :\u00a0\u00a0 6&#8217;960 km. \u00a0Desnivel : \u00a0 274 m. \u00a0Alturas :\u00a0 2.023 \/ 2.213 Ruta f\u00e1cil y divertida, (a excepci\u00f3n del tramo de subida al Roc de la Calme) en la que partiendo del parking de La Calme, recorreremos durante un tramo el camino se\u00f1alado como La Calme y Panoramique, y despu\u00e9s, [&hellip;]<\/p>\n","protected":false},"author":50,"featured_media":2565,"comment_status":"open","ping_status":"open","sticky":false,"template":"","format":"gallery","meta":{"footnotes":""},"categories":[10,106,22,18],"tags":[],"class_list":{"0":"post-2550","1":"post","2":"type-post","3":"status-publish","4":"format-gallery","5":"has-post-thumbnail","6":"hentry","7":"category-facil","8":"category-nuestros-100-cims","9":"category-de-05-a-10-km","10":"category-font-romeu-bolquere","11":"post_format-post-format-gallery","13":"post-with-thumbnail","14":"post-with-thumbnail-icon"},"yoast_head":"<!-- This site is optimized with the Yoast SEO plugin v27.4 - https:\/\/yoast.com\/product\/yoast-seo-wordpress\/ -->\n<title>15-04-2013 - Pla de la Calme - Ruta de los telesillas (raquetas) -<\/title>\n<meta name=\"robots\" content=\"index, follow, max-snippet:-1, max-image-preview:large, max-video-preview:-1\" \/>\n<link rel=\"canonical\" href=\"https:\/\/www.carlosyconchita.net\/rutas\/15-04-2013-pla-de-la-calme-ruta-de-los-telesillas\/\" \/>\n<meta property=\"og:locale\" content=\"es_ES\" \/>\n<meta property=\"og:type\" content=\"article\" \/>\n<meta property=\"og:title\" content=\"15-04-2013 - Pla de la Calme - Ruta de los telesillas (raquetas) -\" \/>\n<meta property=\"og:description\" content=\"Dificultad :\u00a0\u00a0 F\u00e1cil Recorrido :\u00a0\u00a0 6&#8217;960 km. \u00a0Desnivel : \u00a0 274 m. \u00a0Alturas :\u00a0 2.023 \/ 2.213 Ruta f\u00e1cil y divertida, (a excepci\u00f3n del tramo de subida al Roc de la Calme) en la que partiendo del parking de La Calme, recorreremos durante un tramo el camino se\u00f1alado como La Calme y Panoramique, y despu\u00e9s, [&hellip;]\" \/>\n<meta property=\"og:url\" content=\"https:\/\/www.carlosyconchita.net\/rutas\/15-04-2013-pla-de-la-calme-ruta-de-los-telesillas\/\" \/>\n<meta property=\"og:site_name\" content=\"Las rutas de Carlos y Conchita\" \/>\n<meta property=\"article:published_time\" content=\"2013-04-17T21:36:57+00:00\" \/>\n<meta property=\"article:modified_time\" content=\"2021-02-27T18:59:46+00:00\" \/>\n<meta property=\"og:image\" content=\"https:\/\/www.carlosyconchita.net\/rutas\/wp-content\/uploads\/2013\/04\/P4141257.jpg\" \/>\n\t<meta property=\"og:image:width\" content=\"533\" \/>\n\t<meta property=\"og:image:height\" content=\"400\" \/>\n\t<meta property=\"og:image:type\" content=\"image\/jpeg\" \/>\n<meta name=\"author\" content=\"Carlos Conchita\" \/>\n<meta name=\"twitter:label1\" content=\"Escrito por\" \/>\n\t<meta name=\"twitter:data1\" content=\"Carlos Conchita\" \/>\n\t<meta name=\"twitter:label2\" content=\"Tiempo de lectura\" \/>\n\t<meta name=\"twitter:data2\" content=\"3 minutos\" \/>\n<script type=\"application\/ld+json\" class=\"yoast-schema-graph\">{\"@context\":\"https:\\\/\\\/schema.org\",\"@graph\":[{\"@type\":\"Article\",\"@id\":\"https:\\\/\\\/www.carlosyconchita.net\\\/rutas\\\/15-04-2013-pla-de-la-calme-ruta-de-los-telesillas\\\/#article\",\"isPartOf\":{\"@id\":\"https:\\\/\\\/www.carlosyconchita.net\\\/rutas\\\/15-04-2013-pla-de-la-calme-ruta-de-los-telesillas\\\/\"},\"author\":{\"name\":\"Carlos Conchita\",\"@id\":\"https:\\\/\\\/www.carlosyconchita.net\\\/rutas\\\/#\\\/schema\\\/person\\\/a9691f7258c28443fab2d3aa1479ea19\"},\"headline\":\"15-04-2013 &#8211; Pla de la Calme &#8211; Ruta de los telesillas (raquetas)\",\"datePublished\":\"2013-04-17T21:36:57+00:00\",\"dateModified\":\"2021-02-27T18:59:46+00:00\",\"mainEntityOfPage\":{\"@id\":\"https:\\\/\\\/www.carlosyconchita.net\\\/rutas\\\/15-04-2013-pla-de-la-calme-ruta-de-los-telesillas\\\/\"},\"wordCount\":673,\"commentCount\":0,\"image\":{\"@id\":\"https:\\\/\\\/www.carlosyconchita.net\\\/rutas\\\/15-04-2013-pla-de-la-calme-ruta-de-los-telesillas\\\/#primaryimage\"},\"thumbnailUrl\":\"https:\\\/\\\/www.carlosyconchita.net\\\/rutas\\\/wp-content\\\/uploads\\\/2013\\\/04\\\/P4141257.jpg\",\"articleSection\":[\"1-F\u00e1cil\",\"100 Cims Carlos y Conchita\",\"2 - De 5 a 10 km.\",\"Font Romeu\"],\"inLanguage\":\"es\",\"potentialAction\":[{\"@type\":\"CommentAction\",\"name\":\"Comment\",\"target\":[\"https:\\\/\\\/www.carlosyconchita.net\\\/rutas\\\/15-04-2013-pla-de-la-calme-ruta-de-los-telesillas\\\/#respond\"]}]},{\"@type\":\"WebPage\",\"@id\":\"https:\\\/\\\/www.carlosyconchita.net\\\/rutas\\\/15-04-2013-pla-de-la-calme-ruta-de-los-telesillas\\\/\",\"url\":\"https:\\\/\\\/www.carlosyconchita.net\\\/rutas\\\/15-04-2013-pla-de-la-calme-ruta-de-los-telesillas\\\/\",\"name\":\"15-04-2013 - Pla de la Calme - Ruta de los telesillas (raquetas) -\",\"isPartOf\":{\"@id\":\"https:\\\/\\\/www.carlosyconchita.net\\\/rutas\\\/#website\"},\"primaryImageOfPage\":{\"@id\":\"https:\\\/\\\/www.carlosyconchita.net\\\/rutas\\\/15-04-2013-pla-de-la-calme-ruta-de-los-telesillas\\\/#primaryimage\"},\"image\":{\"@id\":\"https:\\\/\\\/www.carlosyconchita.net\\\/rutas\\\/15-04-2013-pla-de-la-calme-ruta-de-los-telesillas\\\/#primaryimage\"},\"thumbnailUrl\":\"https:\\\/\\\/www.carlosyconchita.net\\\/rutas\\\/wp-content\\\/uploads\\\/2013\\\/04\\\/P4141257.jpg\",\"datePublished\":\"2013-04-17T21:36:57+00:00\",\"dateModified\":\"2021-02-27T18:59:46+00:00\",\"author\":{\"@id\":\"https:\\\/\\\/www.carlosyconchita.net\\\/rutas\\\/#\\\/schema\\\/person\\\/a9691f7258c28443fab2d3aa1479ea19\"},\"breadcrumb\":{\"@id\":\"https:\\\/\\\/www.carlosyconchita.net\\\/rutas\\\/15-04-2013-pla-de-la-calme-ruta-de-los-telesillas\\\/#breadcrumb\"},\"inLanguage\":\"es\",\"potentialAction\":[{\"@type\":\"ReadAction\",\"target\":[\"https:\\\/\\\/www.carlosyconchita.net\\\/rutas\\\/15-04-2013-pla-de-la-calme-ruta-de-los-telesillas\\\/\"]}]},{\"@type\":\"ImageObject\",\"inLanguage\":\"es\",\"@id\":\"https:\\\/\\\/www.carlosyconchita.net\\\/rutas\\\/15-04-2013-pla-de-la-calme-ruta-de-los-telesillas\\\/#primaryimage\",\"url\":\"https:\\\/\\\/www.carlosyconchita.net\\\/rutas\\\/wp-content\\\/uploads\\\/2013\\\/04\\\/P4141257.jpg\",\"contentUrl\":\"https:\\\/\\\/www.carlosyconchita.net\\\/rutas\\\/wp-content\\\/uploads\\\/2013\\\/04\\\/P4141257.jpg\",\"width\":533,\"height\":400},{\"@type\":\"BreadcrumbList\",\"@id\":\"https:\\\/\\\/www.carlosyconchita.net\\\/rutas\\\/15-04-2013-pla-de-la-calme-ruta-de-los-telesillas\\\/#breadcrumb\",\"itemListElement\":[{\"@type\":\"ListItem\",\"position\":1,\"name\":\"Portada\",\"item\":\"https:\\\/\\\/www.carlosyconchita.net\\\/rutas\\\/\"},{\"@type\":\"ListItem\",\"position\":2,\"name\":\"15-04-2013 &#8211; Pla de la Calme &#8211; Ruta de los telesillas (raquetas)\"}]},{\"@type\":\"WebSite\",\"@id\":\"https:\\\/\\\/www.carlosyconchita.net\\\/rutas\\\/#website\",\"url\":\"https:\\\/\\\/www.carlosyconchita.net\\\/rutas\\\/\",\"name\":\"Las rutas de Carlos y Conchita\",\"description\":\"\",\"potentialAction\":[{\"@type\":\"SearchAction\",\"target\":{\"@type\":\"EntryPoint\",\"urlTemplate\":\"https:\\\/\\\/www.carlosyconchita.net\\\/rutas\\\/?s={search_term_string}\"},\"query-input\":{\"@type\":\"PropertyValueSpecification\",\"valueRequired\":true,\"valueName\":\"search_term_string\"}}],\"inLanguage\":\"es\"},{\"@type\":\"Person\",\"@id\":\"https:\\\/\\\/www.carlosyconchita.net\\\/rutas\\\/#\\\/schema\\\/person\\\/a9691f7258c28443fab2d3aa1479ea19\",\"name\":\"Carlos Conchita\",\"image\":{\"@type\":\"ImageObject\",\"inLanguage\":\"es\",\"@id\":\"https:\\\/\\\/secure.gravatar.com\\\/avatar\\\/3a4625b20c8da3de99da69bfe7a322774e291c3f90dce7e8778a30fe6748ed1a?s=96&d=mm&r=g\",\"url\":\"https:\\\/\\\/secure.gravatar.com\\\/avatar\\\/3a4625b20c8da3de99da69bfe7a322774e291c3f90dce7e8778a30fe6748ed1a?s=96&d=mm&r=g\",\"contentUrl\":\"https:\\\/\\\/secure.gravatar.com\\\/avatar\\\/3a4625b20c8da3de99da69bfe7a322774e291c3f90dce7e8778a30fe6748ed1a?s=96&d=mm&r=g\",\"caption\":\"Carlos Conchita\"}}]}<\/script>\n<!-- \/ Yoast SEO plugin. -->","yoast_head_json":{"title":"15-04-2013 - Pla de la Calme - Ruta de los telesillas (raquetas) -","robots":{"index":"index","follow":"follow","max-snippet":"max-snippet:-1","max-image-preview":"max-image-preview:large","max-video-preview":"max-video-preview:-1"},"canonical":"https:\/\/www.carlosyconchita.net\/rutas\/15-04-2013-pla-de-la-calme-ruta-de-los-telesillas\/","og_locale":"es_ES","og_type":"article","og_title":"15-04-2013 - Pla de la Calme - Ruta de los telesillas (raquetas) -","og_description":"Dificultad :\u00a0\u00a0 F\u00e1cil Recorrido :\u00a0\u00a0 6&#8217;960 km. \u00a0Desnivel : \u00a0 274 m. \u00a0Alturas :\u00a0 2.023 \/ 2.213 Ruta f\u00e1cil y divertida, (a excepci\u00f3n del tramo de subida al Roc de la Calme) en la que partiendo del parking de La Calme, recorreremos durante un tramo el camino se\u00f1alado como La Calme y Panoramique, y despu\u00e9s, [&hellip;]","og_url":"https:\/\/www.carlosyconchita.net\/rutas\/15-04-2013-pla-de-la-calme-ruta-de-los-telesillas\/","og_site_name":"Las rutas de Carlos y Conchita","article_published_time":"2013-04-17T21:36:57+00:00","article_modified_time":"2021-02-27T18:59:46+00:00","og_image":[{"width":533,"height":400,"url":"https:\/\/www.carlosyconchita.net\/rutas\/wp-content\/uploads\/2013\/04\/P4141257.jpg","type":"image\/jpeg"}],"author":"Carlos Conchita","twitter_misc":{"Escrito por":"Carlos Conchita","Tiempo de lectura":"3 minutos"},"schema":{"@context":"https:\/\/schema.org","@graph":[{"@type":"Article","@id":"https:\/\/www.carlosyconchita.net\/rutas\/15-04-2013-pla-de-la-calme-ruta-de-los-telesillas\/#article","isPartOf":{"@id":"https:\/\/www.carlosyconchita.net\/rutas\/15-04-2013-pla-de-la-calme-ruta-de-los-telesillas\/"},"author":{"name":"Carlos Conchita","@id":"https:\/\/www.carlosyconchita.net\/rutas\/#\/schema\/person\/a9691f7258c28443fab2d3aa1479ea19"},"headline":"15-04-2013 &#8211; Pla de la Calme &#8211; Ruta de los telesillas (raquetas)","datePublished":"2013-04-17T21:36:57+00:00","dateModified":"2021-02-27T18:59:46+00:00","mainEntityOfPage":{"@id":"https:\/\/www.carlosyconchita.net\/rutas\/15-04-2013-pla-de-la-calme-ruta-de-los-telesillas\/"},"wordCount":673,"commentCount":0,"image":{"@id":"https:\/\/www.carlosyconchita.net\/rutas\/15-04-2013-pla-de-la-calme-ruta-de-los-telesillas\/#primaryimage"},"thumbnailUrl":"https:\/\/www.carlosyconchita.net\/rutas\/wp-content\/uploads\/2013\/04\/P4141257.jpg","articleSection":["1-F\u00e1cil","100 Cims Carlos y Conchita","2 - De 5 a 10 km.","Font Romeu"],"inLanguage":"es","potentialAction":[{"@type":"CommentAction","name":"Comment","target":["https:\/\/www.carlosyconchita.net\/rutas\/15-04-2013-pla-de-la-calme-ruta-de-los-telesillas\/#respond"]}]},{"@type":"WebPage","@id":"https:\/\/www.carlosyconchita.net\/rutas\/15-04-2013-pla-de-la-calme-ruta-de-los-telesillas\/","url":"https:\/\/www.carlosyconchita.net\/rutas\/15-04-2013-pla-de-la-calme-ruta-de-los-telesillas\/","name":"15-04-2013 - Pla de la Calme - Ruta de los telesillas (raquetas) -","isPartOf":{"@id":"https:\/\/www.carlosyconchita.net\/rutas\/#website"},"primaryImageOfPage":{"@id":"https:\/\/www.carlosyconchita.net\/rutas\/15-04-2013-pla-de-la-calme-ruta-de-los-telesillas\/#primaryimage"},"image":{"@id":"https:\/\/www.carlosyconchita.net\/rutas\/15-04-2013-pla-de-la-calme-ruta-de-los-telesillas\/#primaryimage"},"thumbnailUrl":"https:\/\/www.carlosyconchita.net\/rutas\/wp-content\/uploads\/2013\/04\/P4141257.jpg","datePublished":"2013-04-17T21:36:57+00:00","dateModified":"2021-02-27T18:59:46+00:00","author":{"@id":"https:\/\/www.carlosyconchita.net\/rutas\/#\/schema\/person\/a9691f7258c28443fab2d3aa1479ea19"},"breadcrumb":{"@id":"https:\/\/www.carlosyconchita.net\/rutas\/15-04-2013-pla-de-la-calme-ruta-de-los-telesillas\/#breadcrumb"},"inLanguage":"es","potentialAction":[{"@type":"ReadAction","target":["https:\/\/www.carlosyconchita.net\/rutas\/15-04-2013-pla-de-la-calme-ruta-de-los-telesillas\/"]}]},{"@type":"ImageObject","inLanguage":"es","@id":"https:\/\/www.carlosyconchita.net\/rutas\/15-04-2013-pla-de-la-calme-ruta-de-los-telesillas\/#primaryimage","url":"https:\/\/www.carlosyconchita.net\/rutas\/wp-content\/uploads\/2013\/04\/P4141257.jpg","contentUrl":"https:\/\/www.carlosyconchita.net\/rutas\/wp-content\/uploads\/2013\/04\/P4141257.jpg","width":533,"height":400},{"@type":"BreadcrumbList","@id":"https:\/\/www.carlosyconchita.net\/rutas\/15-04-2013-pla-de-la-calme-ruta-de-los-telesillas\/#breadcrumb","itemListElement":[{"@type":"ListItem","position":1,"name":"Portada","item":"https:\/\/www.carlosyconchita.net\/rutas\/"},{"@type":"ListItem","position":2,"name":"15-04-2013 &#8211; Pla de la Calme &#8211; Ruta de los telesillas (raquetas)"}]},{"@type":"WebSite","@id":"https:\/\/www.carlosyconchita.net\/rutas\/#website","url":"https:\/\/www.carlosyconchita.net\/rutas\/","name":"Las rutas de Carlos y Conchita","description":"","potentialAction":[{"@type":"SearchAction","target":{"@type":"EntryPoint","urlTemplate":"https:\/\/www.carlosyconchita.net\/rutas\/?s={search_term_string}"},"query-input":{"@type":"PropertyValueSpecification","valueRequired":true,"valueName":"search_term_string"}}],"inLanguage":"es"},{"@type":"Person","@id":"https:\/\/www.carlosyconchita.net\/rutas\/#\/schema\/person\/a9691f7258c28443fab2d3aa1479ea19","name":"Carlos Conchita","image":{"@type":"ImageObject","inLanguage":"es","@id":"https:\/\/secure.gravatar.com\/avatar\/3a4625b20c8da3de99da69bfe7a322774e291c3f90dce7e8778a30fe6748ed1a?s=96&d=mm&r=g","url":"https:\/\/secure.gravatar.com\/avatar\/3a4625b20c8da3de99da69bfe7a322774e291c3f90dce7e8778a30fe6748ed1a?s=96&d=mm&r=g","contentUrl":"https:\/\/secure.gravatar.com\/avatar\/3a4625b20c8da3de99da69bfe7a322774e291c3f90dce7e8778a30fe6748ed1a?s=96&d=mm&r=g","caption":"Carlos Conchita"}}]}},"_links":{"self":[{"href":"https:\/\/www.carlosyconchita.net\/rutas\/wp-json\/wp\/v2\/posts\/2550","targetHints":{"allow":["GET"]}}],"collection":[{"href":"https:\/\/www.carlosyconchita.net\/rutas\/wp-json\/wp\/v2\/posts"}],"about":[{"href":"https:\/\/www.carlosyconchita.net\/rutas\/wp-json\/wp\/v2\/types\/post"}],"author":[{"embeddable":true,"href":"https:\/\/www.carlosyconchita.net\/rutas\/wp-json\/wp\/v2\/users\/50"}],"replies":[{"embeddable":true,"href":"https:\/\/www.carlosyconchita.net\/rutas\/wp-json\/wp\/v2\/comments?post=2550"}],"version-history":[{"count":0,"href":"https:\/\/www.carlosyconchita.net\/rutas\/wp-json\/wp\/v2\/posts\/2550\/revisions"}],"wp:featuredmedia":[{"embeddable":true,"href":"https:\/\/www.carlosyconchita.net\/rutas\/wp-json\/wp\/v2\/media\/2565"}],"wp:attachment":[{"href":"https:\/\/www.carlosyconchita.net\/rutas\/wp-json\/wp\/v2\/media?parent=2550"}],"wp:term":[{"taxonomy":"category","embeddable":true,"href":"https:\/\/www.carlosyconchita.net\/rutas\/wp-json\/wp\/v2\/categories?post=2550"},{"taxonomy":"post_tag","embeddable":true,"href":"https:\/\/www.carlosyconchita.net\/rutas\/wp-json\/wp\/v2\/tags?post=2550"}],"curies":[{"name":"wp","href":"https:\/\/api.w.org\/{rel}","templated":true}]}}