{"id":2662,"date":"2011-05-11T16:59:32","date_gmt":"2011-05-11T15:59:32","guid":{"rendered":"http:\/\/www.carlosyconchita.net\/rutas\/?p=2662"},"modified":"2013-05-06T21:32:18","modified_gmt":"2013-05-06T20:32:18","slug":"11-05-2011-boullosas-tour-de-los-12-lagos","status":"publish","type":"post","link":"https:\/\/www.carlosyconchita.net\/rutas\/11-05-2011-boullosas-tour-de-los-12-lagos\/","title":{"rendered":"11-05-2011 &#8211; Boullosas : tour de los 12 lagos"},"content":{"rendered":"<p>&nbsp;<\/p>\n<table border=\"2\" frame=\"border\">\n<tbody>\n<tr>\n<td><strong>Dificultad :\u00a0\u00a0\u00a0 F\u00e1cil<\/strong><\/td>\n<td><strong>Recorrido :\u00a0\u00a0 12&#8217;540 km.<br \/>\n<\/strong><\/td>\n<\/tr>\n<tr>\n<td><strong>\u00a0Desnivel :\u00a0\u00a0 485\u00a0 m. <\/strong><\/td>\n<td><strong>\u00a0\u00a0\u00a0 Alturas :\u00a0 1.996 \/ 2.345<br \/>\n<\/strong><\/td>\n<\/tr>\n<\/tbody>\n<\/table>\n<p style=\"text-align: justify;\">El punto de partida es la presa del citado lago, en donde podremos dejar el coche en la zona de parking existente all\u00ed.<\/p>\n<p style=\"text-align: justify;\">Partiendo de Saillagosa, cogeremos la carretera en direcci\u00f3n a Mont-Luis, y antes de llegar a esa poblaci\u00f3n, encontraremos 2 rotondas, en las cuales deberemos seguir siempre direcci\u00f3n Les Angles., y poco despues de la segunda de estas rotondas, encontraremos un desvio a la izquierda que nos indica Las Boullosas.<\/p>\n<p style=\"text-align: justify;\">Siguiendo esta carretera que va siguiendo el curso del rio T\u00eat, llegaremos al cabo de unos 8-10 km. a la base de la presa de las Boullosas, donde podremos dejar el coche.<\/p>\n<p style=\"text-align: justify;\">Hay que tener en cuenta que en los meses de julio, agosto y a veces algunos fines de semana de septiembre, esta carretera est\u00e1 cerrada al paso de vehiculos particulares, y s\u00f3lo se podr\u00e1 llegar a la zona de la presa, usando unas \u201cnavetes\u201d o minibuses que parten del parking situado al principio de esa carretera.<\/p>\n<p style=\"text-align: justify;\">Una vez llegados a la presa, justo en su base, encontraremos alli una zona de parking , y al lado mismo una peque\u00f1a oficina de informaci\u00f3n donde podremos recoger algun folleto turistico de la zona.<\/p>\n<div id=\"attachment_2664\" style=\"width: 2314px\" class=\"wp-caption alignnone\"><a href=\"http:\/\/www.carlosyconchita.net\/rutas\/wp-content\/uploads\/2013\/04\/DSC03206.jpg\"><img loading=\"lazy\" decoding=\"async\" aria-describedby=\"caption-attachment-2664\" class=\"size-full wp-image-2664\" alt=\"El parking debajo de la presa.\" src=\"http:\/\/www.carlosyconchita.net\/rutas\/wp-content\/uploads\/2013\/04\/DSC03206.jpg\" width=\"2304\" height=\"1728\" srcset=\"https:\/\/www.carlosyconchita.net\/rutas\/wp-content\/uploads\/2013\/04\/DSC03206.jpg 533w, https:\/\/www.carlosyconchita.net\/rutas\/wp-content\/uploads\/2013\/04\/DSC03206-300x225.jpg 300w, https:\/\/www.carlosyconchita.net\/rutas\/wp-content\/uploads\/2013\/04\/DSC03206-1024x768.jpg 1024w, https:\/\/www.carlosyconchita.net\/rutas\/wp-content\/uploads\/2013\/04\/DSC03206-400x300.jpg 400w\" sizes=\"auto, (max-width: 2304px) 100vw, 2304px\" \/><\/a><p id=\"caption-attachment-2664\" class=\"wp-caption-text\">El parking debajo de la presa.<\/p><\/div>\n<p style=\"text-align: justify;\">La excursi\u00f3n la empezamos por la zona del hotel que vemos a la izquierda de la presa, y seguiremos las se\u00f1ales que nos indican Boucle des Etangs du Carlit, y despu\u00e9s la variante de los 12 lagos.<\/p>\n<p style=\"text-align: justify;\">Los primeros metros hay una subida un poco fuerte y entre rocas, pero en general y a pesar de su recorrido y desnivel , no hay ningun problema en seguirla.<\/p>\n<p style=\"text-align: justify;\">Siguiendo las se\u00f1ales, iremos pasando viendo los lagos de Viver, Comasa, Dugues, Castell\u00e1, Gombau, Trebens, Sobirans, Valell, Llong (\u00e9ste un poco de lejos), Comasa, Sec y el Negre.<\/p>\n<div id=\"attachment_2668\" style=\"width: 2314px\" class=\"wp-caption alignnone\"><a href=\"http:\/\/www.carlosyconchita.net\/rutas\/wp-content\/uploads\/2013\/04\/DSC03108.jpg\"><img loading=\"lazy\" decoding=\"async\" aria-describedby=\"caption-attachment-2668\" class=\"size-full wp-image-2668\" alt=\"El lago de Viver\" src=\"http:\/\/www.carlosyconchita.net\/rutas\/wp-content\/uploads\/2013\/04\/DSC03108.jpg\" width=\"2304\" height=\"1728\" srcset=\"https:\/\/www.carlosyconchita.net\/rutas\/wp-content\/uploads\/2013\/04\/DSC03108.jpg 533w, https:\/\/www.carlosyconchita.net\/rutas\/wp-content\/uploads\/2013\/04\/DSC03108-300x225.jpg 300w, https:\/\/www.carlosyconchita.net\/rutas\/wp-content\/uploads\/2013\/04\/DSC03108-1024x768.jpg 1024w, https:\/\/www.carlosyconchita.net\/rutas\/wp-content\/uploads\/2013\/04\/DSC03108-400x300.jpg 400w\" sizes=\"auto, (max-width: 2304px) 100vw, 2304px\" \/><\/a><p id=\"caption-attachment-2668\" class=\"wp-caption-text\">El lago de Viver<\/p><\/div>\n<div id=\"attachment_2669\" style=\"width: 2314px\" class=\"wp-caption alignnone\"><a href=\"http:\/\/www.carlosyconchita.net\/rutas\/wp-content\/uploads\/2013\/04\/DSC03126.jpg\"><img loading=\"lazy\" decoding=\"async\" aria-describedby=\"caption-attachment-2669\" class=\"size-full wp-image-2669\" alt=\"Dougnes\" src=\"http:\/\/www.carlosyconchita.net\/rutas\/wp-content\/uploads\/2013\/04\/DSC03126.jpg\" width=\"2304\" height=\"1728\" srcset=\"https:\/\/www.carlosyconchita.net\/rutas\/wp-content\/uploads\/2013\/04\/DSC03126.jpg 533w, https:\/\/www.carlosyconchita.net\/rutas\/wp-content\/uploads\/2013\/04\/DSC03126-300x225.jpg 300w, https:\/\/www.carlosyconchita.net\/rutas\/wp-content\/uploads\/2013\/04\/DSC03126-1024x768.jpg 1024w, https:\/\/www.carlosyconchita.net\/rutas\/wp-content\/uploads\/2013\/04\/DSC03126-400x300.jpg 400w\" sizes=\"auto, (max-width: 2304px) 100vw, 2304px\" \/><\/a><p id=\"caption-attachment-2669\" class=\"wp-caption-text\">Dougnes<\/p><\/div>\n<div id=\"attachment_2670\" style=\"width: 2026px\" class=\"wp-caption alignnone\"><a href=\"http:\/\/www.carlosyconchita.net\/rutas\/wp-content\/uploads\/2013\/04\/DSC03150.jpg\"><img loading=\"lazy\" decoding=\"async\" aria-describedby=\"caption-attachment-2670\" class=\" wp-image-2670\" alt=\"DSC03150\" src=\"http:\/\/www.carlosyconchita.net\/rutas\/wp-content\/uploads\/2013\/04\/DSC03150.jpg\" width=\"2016\" height=\"1134\" srcset=\"https:\/\/www.carlosyconchita.net\/rutas\/wp-content\/uploads\/2013\/04\/DSC03150.jpg 700w, https:\/\/www.carlosyconchita.net\/rutas\/wp-content\/uploads\/2013\/04\/DSC03150-300x169.jpg 300w, https:\/\/www.carlosyconchita.net\/rutas\/wp-content\/uploads\/2013\/04\/DSC03150-600x338.jpg 600w, https:\/\/www.carlosyconchita.net\/rutas\/wp-content\/uploads\/2013\/04\/DSC03150-1024x576.jpg 1024w, https:\/\/www.carlosyconchita.net\/rutas\/wp-content\/uploads\/2013\/04\/DSC03150-500x281.jpg 500w\" sizes=\"auto, (max-width: 2016px) 100vw, 2016px\" \/><\/a><p id=\"caption-attachment-2670\" class=\"wp-caption-text\">Trebens<\/p><\/div>\n<p style=\"text-align: justify;\"><a href=\"http:\/\/www.carlosyconchita.net\/rutas\/wp-content\/uploads\/2013\/04\/DSC03146.jpg\"><img loading=\"lazy\" decoding=\"async\" class=\"alignnone size-full wp-image-2671\" alt=\"DSC03146\" src=\"http:\/\/www.carlosyconchita.net\/rutas\/wp-content\/uploads\/2013\/04\/DSC03146.jpg\" width=\"2304\" height=\"1728\" srcset=\"https:\/\/www.carlosyconchita.net\/rutas\/wp-content\/uploads\/2013\/04\/DSC03146.jpg 533w, https:\/\/www.carlosyconchita.net\/rutas\/wp-content\/uploads\/2013\/04\/DSC03146-300x225.jpg 300w, https:\/\/www.carlosyconchita.net\/rutas\/wp-content\/uploads\/2013\/04\/DSC03146-1024x768.jpg 1024w, https:\/\/www.carlosyconchita.net\/rutas\/wp-content\/uploads\/2013\/04\/DSC03146-400x300.jpg 400w\" sizes=\"auto, (max-width: 2304px) 100vw, 2304px\" \/><\/a><\/p>\n<p style=\"text-align: justify;\"><a href=\"http:\/\/www.carlosyconchita.net\/rutas\/wp-content\/uploads\/2013\/04\/DSC03164.jpg\"><img loading=\"lazy\" decoding=\"async\" class=\"alignnone size-full wp-image-2672\" alt=\"DSC03164\" src=\"http:\/\/www.carlosyconchita.net\/rutas\/wp-content\/uploads\/2013\/04\/DSC03164.jpg\" width=\"2304\" height=\"1728\" srcset=\"https:\/\/www.carlosyconchita.net\/rutas\/wp-content\/uploads\/2013\/04\/DSC03164.jpg 533w, https:\/\/www.carlosyconchita.net\/rutas\/wp-content\/uploads\/2013\/04\/DSC03164-300x225.jpg 300w, https:\/\/www.carlosyconchita.net\/rutas\/wp-content\/uploads\/2013\/04\/DSC03164-1024x768.jpg 1024w, https:\/\/www.carlosyconchita.net\/rutas\/wp-content\/uploads\/2013\/04\/DSC03164-400x300.jpg 400w\" sizes=\"auto, (max-width: 2304px) 100vw, 2304px\" \/><\/a><\/p>\n<div id=\"attachment_2673\" style=\"width: 2314px\" class=\"wp-caption alignnone\"><a href=\"http:\/\/www.carlosyconchita.net\/rutas\/wp-content\/uploads\/2013\/04\/DSC03186.jpg\"><img loading=\"lazy\" decoding=\"async\" aria-describedby=\"caption-attachment-2673\" class=\"size-full wp-image-2673\" alt=\"El Estany Negre\" src=\"http:\/\/www.carlosyconchita.net\/rutas\/wp-content\/uploads\/2013\/04\/DSC03186.jpg\" width=\"2304\" height=\"1728\" srcset=\"https:\/\/www.carlosyconchita.net\/rutas\/wp-content\/uploads\/2013\/04\/DSC03186.jpg 533w, https:\/\/www.carlosyconchita.net\/rutas\/wp-content\/uploads\/2013\/04\/DSC03186-300x225.jpg 300w, https:\/\/www.carlosyconchita.net\/rutas\/wp-content\/uploads\/2013\/04\/DSC03186-1024x768.jpg 1024w, https:\/\/www.carlosyconchita.net\/rutas\/wp-content\/uploads\/2013\/04\/DSC03186-400x300.jpg 400w\" sizes=\"auto, (max-width: 2304px) 100vw, 2304px\" \/><\/a><p id=\"caption-attachment-2673\" class=\"wp-caption-text\">El Estany Negre<\/p><\/div>\n<p style=\"text-align: justify;\">Entre estos dos ultimos, el Sec y el Negre, en vez de seguir\u00a0 las se\u00f1ales que nos indicaban el camino a nuestra izquierda, hemos seguido recto, con objeto de poder pasar m\u00e1s cerca y bordear durante m\u00e1s rato el Llac Negre que tendremos durante un buen tramo a nuestra izquierda, encontr\u00e1ndonos despu\u00e9s de nuevo con el camino de ida a la altura del Estany de Viver, que seguiremos hacia nuestra derecha para volver al punto de partida.<\/p>\n<p style=\"text-align: justify;\">Aqu\u00ed solo hemos puesto algunas de las numerosas fotos que hicimos, por lo que aconsejamos ver el album, pulsando en el enlace.<\/p>\n<p>&nbsp;<\/p>\n<p style=\"text-align: justify;\"><strong><span style=\"color: #008000;\">En el album de fotos, arriba a la derecha, pulsar el bot\u00f3n \u00abPresentaci\u00f3n diapositivas\u00bb para que vayan pasando automaticamente las fotos, y se puedan ver los t\u00edtulos de las mismas.<\/span><\/strong><\/p>\n<p>&nbsp;<\/p>\n<table border=\"0\" frame=\"border\">\n<tbody>\n<tr align=\"left\" valign=\"middle\">\n<td align=\"center\" valign=\"middle\"><a title=\"Enlace a Wikiloc\" href=\"http:\/\/es.wikiloc.com\/wikiloc\/view.do?id=4380076\" target=\"_blank\"><img loading=\"lazy\" decoding=\"async\" title=\"wikiloc\" alt=\"\" src=\"http:\/\/www.carlosyconchita.net\/rutas\/wp-content\/uploads\/2020\/09\/wikiloc.jpg\" width=\"117\" height=\"34\" \/><\/a><\/td>\n<td align=\"center\" valign=\"middle\"><a title=\"Album de fotos completo\" href=\"https:\/\/plus.google.com\/u\/0\/photos\/107644747431220159618\/albums\/5816910090517447041\" target=\"_blank\"><img loading=\"lazy\" decoding=\"async\" title=\"foto\" alt=\"\" src=\"http:\/\/www.carlosyconchita.net\/rutas\/wp-content\/uploads\/2020\/09\/foto.png\" width=\"60\" height=\"44\" \/><\/a><\/td>\n<\/tr>\n<\/tbody>\n<\/table>\n<p>&nbsp;<\/p>\n<p>[wpdm_file id=81]<\/p>\n<p>[wpdm_file id=83]<\/p>\n<p>&nbsp;<\/p>\n<p>&nbsp;<\/p>\n<p>&nbsp;<\/p>\n","protected":false},"excerpt":{"rendered":"<p>&nbsp; Dificultad :\u00a0\u00a0\u00a0 F\u00e1cil Recorrido :\u00a0\u00a0 12&#8217;540 km. \u00a0Desnivel :\u00a0\u00a0 485\u00a0 m. \u00a0\u00a0\u00a0 Alturas :\u00a0 1.996 \/ 2.345 El punto de partida es la presa del citado lago, en donde podremos dejar el coche en la zona de parking existente all\u00ed. Partiendo de Saillagosa, cogeremos la carretera en direcci\u00f3n a Mont-Luis, y antes de llegar [&hellip;]<\/p>\n","protected":false},"author":50,"featured_media":2675,"comment_status":"open","ping_status":"open","sticky":false,"template":"","format":"gallery","meta":{"footnotes":""},"categories":[10,23,31],"tags":[],"class_list":{"0":"post-2662","1":"post","2":"type-post","3":"status-publish","4":"format-gallery","5":"has-post-thumbnail","6":"hentry","7":"category-facil","8":"category-de-10-a-15-km","9":"category-boullosas","10":"post_format-post-format-gallery","12":"post-with-thumbnail","13":"post-with-thumbnail-icon"},"yoast_head":"<!-- This site is optimized with the Yoast SEO plugin v27.4 - https:\/\/yoast.com\/product\/yoast-seo-wordpress\/ -->\n<title>11-05-2011 - Boullosas : tour de los 12 lagos -<\/title>\n<meta name=\"robots\" content=\"index, follow, max-snippet:-1, max-image-preview:large, max-video-preview:-1\" \/>\n<link rel=\"canonical\" href=\"https:\/\/www.carlosyconchita.net\/rutas\/11-05-2011-boullosas-tour-de-los-12-lagos\/\" \/>\n<meta property=\"og:locale\" content=\"es_ES\" \/>\n<meta property=\"og:type\" content=\"article\" \/>\n<meta property=\"og:title\" content=\"11-05-2011 - Boullosas : tour de los 12 lagos -\" \/>\n<meta property=\"og:description\" content=\"&nbsp; Dificultad :\u00a0\u00a0\u00a0 F\u00e1cil Recorrido :\u00a0\u00a0 12&#8217;540 km. \u00a0Desnivel :\u00a0\u00a0 485\u00a0 m. \u00a0\u00a0\u00a0 Alturas :\u00a0 1.996 \/ 2.345 El punto de partida es la presa del citado lago, en donde podremos dejar el coche en la zona de parking existente all\u00ed. Partiendo de Saillagosa, cogeremos la carretera en direcci\u00f3n a Mont-Luis, y antes de llegar [&hellip;]\" \/>\n<meta property=\"og:url\" content=\"https:\/\/www.carlosyconchita.net\/rutas\/11-05-2011-boullosas-tour-de-los-12-lagos\/\" \/>\n<meta property=\"og:site_name\" content=\"Las rutas de Carlos y Conchita\" \/>\n<meta property=\"article:published_time\" content=\"2011-05-11T15:59:32+00:00\" \/>\n<meta property=\"article:modified_time\" content=\"2013-05-06T20:32:18+00:00\" \/>\n<meta property=\"og:image\" content=\"https:\/\/www.carlosyconchita.net\/rutas\/wp-content\/uploads\/2013\/04\/DSC03178.jpg\" \/>\n\t<meta property=\"og:image:width\" content=\"533\" \/>\n\t<meta property=\"og:image:height\" content=\"400\" \/>\n\t<meta property=\"og:image:type\" content=\"image\/jpeg\" \/>\n<meta name=\"author\" content=\"Carlos Conchita\" \/>\n<meta name=\"twitter:label1\" content=\"Escrito por\" \/>\n\t<meta name=\"twitter:data1\" content=\"Carlos Conchita\" \/>\n\t<meta name=\"twitter:label2\" content=\"Tiempo de lectura\" \/>\n\t<meta name=\"twitter:data2\" content=\"3 minutos\" \/>\n<script type=\"application\/ld+json\" class=\"yoast-schema-graph\">{\"@context\":\"https:\\\/\\\/schema.org\",\"@graph\":[{\"@type\":\"Article\",\"@id\":\"https:\\\/\\\/www.carlosyconchita.net\\\/rutas\\\/11-05-2011-boullosas-tour-de-los-12-lagos\\\/#article\",\"isPartOf\":{\"@id\":\"https:\\\/\\\/www.carlosyconchita.net\\\/rutas\\\/11-05-2011-boullosas-tour-de-los-12-lagos\\\/\"},\"author\":{\"name\":\"Carlos Conchita\",\"@id\":\"https:\\\/\\\/www.carlosyconchita.net\\\/rutas\\\/#\\\/schema\\\/person\\\/a9691f7258c28443fab2d3aa1479ea19\"},\"headline\":\"11-05-2011 &#8211; Boullosas : tour de los 12 lagos\",\"datePublished\":\"2011-05-11T15:59:32+00:00\",\"dateModified\":\"2013-05-06T20:32:18+00:00\",\"mainEntityOfPage\":{\"@id\":\"https:\\\/\\\/www.carlosyconchita.net\\\/rutas\\\/11-05-2011-boullosas-tour-de-los-12-lagos\\\/\"},\"wordCount\":513,\"commentCount\":2,\"image\":{\"@id\":\"https:\\\/\\\/www.carlosyconchita.net\\\/rutas\\\/11-05-2011-boullosas-tour-de-los-12-lagos\\\/#primaryimage\"},\"thumbnailUrl\":\"https:\\\/\\\/www.carlosyconchita.net\\\/rutas\\\/wp-content\\\/uploads\\\/2013\\\/04\\\/DSC03178.jpg\",\"articleSection\":[\"1-F\u00e1cil\",\"3 - De 10 a 15 km.\",\"Boullosas\"],\"inLanguage\":\"es\",\"potentialAction\":[{\"@type\":\"CommentAction\",\"name\":\"Comment\",\"target\":[\"https:\\\/\\\/www.carlosyconchita.net\\\/rutas\\\/11-05-2011-boullosas-tour-de-los-12-lagos\\\/#respond\"]}]},{\"@type\":\"WebPage\",\"@id\":\"https:\\\/\\\/www.carlosyconchita.net\\\/rutas\\\/11-05-2011-boullosas-tour-de-los-12-lagos\\\/\",\"url\":\"https:\\\/\\\/www.carlosyconchita.net\\\/rutas\\\/11-05-2011-boullosas-tour-de-los-12-lagos\\\/\",\"name\":\"11-05-2011 - Boullosas : tour de los 12 lagos -\",\"isPartOf\":{\"@id\":\"https:\\\/\\\/www.carlosyconchita.net\\\/rutas\\\/#website\"},\"primaryImageOfPage\":{\"@id\":\"https:\\\/\\\/www.carlosyconchita.net\\\/rutas\\\/11-05-2011-boullosas-tour-de-los-12-lagos\\\/#primaryimage\"},\"image\":{\"@id\":\"https:\\\/\\\/www.carlosyconchita.net\\\/rutas\\\/11-05-2011-boullosas-tour-de-los-12-lagos\\\/#primaryimage\"},\"thumbnailUrl\":\"https:\\\/\\\/www.carlosyconchita.net\\\/rutas\\\/wp-content\\\/uploads\\\/2013\\\/04\\\/DSC03178.jpg\",\"datePublished\":\"2011-05-11T15:59:32+00:00\",\"dateModified\":\"2013-05-06T20:32:18+00:00\",\"author\":{\"@id\":\"https:\\\/\\\/www.carlosyconchita.net\\\/rutas\\\/#\\\/schema\\\/person\\\/a9691f7258c28443fab2d3aa1479ea19\"},\"breadcrumb\":{\"@id\":\"https:\\\/\\\/www.carlosyconchita.net\\\/rutas\\\/11-05-2011-boullosas-tour-de-los-12-lagos\\\/#breadcrumb\"},\"inLanguage\":\"es\",\"potentialAction\":[{\"@type\":\"ReadAction\",\"target\":[\"https:\\\/\\\/www.carlosyconchita.net\\\/rutas\\\/11-05-2011-boullosas-tour-de-los-12-lagos\\\/\"]}]},{\"@type\":\"ImageObject\",\"inLanguage\":\"es\",\"@id\":\"https:\\\/\\\/www.carlosyconchita.net\\\/rutas\\\/11-05-2011-boullosas-tour-de-los-12-lagos\\\/#primaryimage\",\"url\":\"https:\\\/\\\/www.carlosyconchita.net\\\/rutas\\\/wp-content\\\/uploads\\\/2013\\\/04\\\/DSC03178.jpg\",\"contentUrl\":\"https:\\\/\\\/www.carlosyconchita.net\\\/rutas\\\/wp-content\\\/uploads\\\/2013\\\/04\\\/DSC03178.jpg\",\"width\":533,\"height\":400},{\"@type\":\"BreadcrumbList\",\"@id\":\"https:\\\/\\\/www.carlosyconchita.net\\\/rutas\\\/11-05-2011-boullosas-tour-de-los-12-lagos\\\/#breadcrumb\",\"itemListElement\":[{\"@type\":\"ListItem\",\"position\":1,\"name\":\"Portada\",\"item\":\"https:\\\/\\\/www.carlosyconchita.net\\\/rutas\\\/\"},{\"@type\":\"ListItem\",\"position\":2,\"name\":\"11-05-2011 &#8211; Boullosas : tour de los 12 lagos\"}]},{\"@type\":\"WebSite\",\"@id\":\"https:\\\/\\\/www.carlosyconchita.net\\\/rutas\\\/#website\",\"url\":\"https:\\\/\\\/www.carlosyconchita.net\\\/rutas\\\/\",\"name\":\"Las rutas de Carlos y Conchita\",\"description\":\"\",\"potentialAction\":[{\"@type\":\"SearchAction\",\"target\":{\"@type\":\"EntryPoint\",\"urlTemplate\":\"https:\\\/\\\/www.carlosyconchita.net\\\/rutas\\\/?s={search_term_string}\"},\"query-input\":{\"@type\":\"PropertyValueSpecification\",\"valueRequired\":true,\"valueName\":\"search_term_string\"}}],\"inLanguage\":\"es\"},{\"@type\":\"Person\",\"@id\":\"https:\\\/\\\/www.carlosyconchita.net\\\/rutas\\\/#\\\/schema\\\/person\\\/a9691f7258c28443fab2d3aa1479ea19\",\"name\":\"Carlos Conchita\",\"image\":{\"@type\":\"ImageObject\",\"inLanguage\":\"es\",\"@id\":\"https:\\\/\\\/secure.gravatar.com\\\/avatar\\\/3a4625b20c8da3de99da69bfe7a322774e291c3f90dce7e8778a30fe6748ed1a?s=96&d=mm&r=g\",\"url\":\"https:\\\/\\\/secure.gravatar.com\\\/avatar\\\/3a4625b20c8da3de99da69bfe7a322774e291c3f90dce7e8778a30fe6748ed1a?s=96&d=mm&r=g\",\"contentUrl\":\"https:\\\/\\\/secure.gravatar.com\\\/avatar\\\/3a4625b20c8da3de99da69bfe7a322774e291c3f90dce7e8778a30fe6748ed1a?s=96&d=mm&r=g\",\"caption\":\"Carlos Conchita\"}}]}<\/script>\n<!-- \/ Yoast SEO plugin. -->","yoast_head_json":{"title":"11-05-2011 - Boullosas : tour de los 12 lagos -","robots":{"index":"index","follow":"follow","max-snippet":"max-snippet:-1","max-image-preview":"max-image-preview:large","max-video-preview":"max-video-preview:-1"},"canonical":"https:\/\/www.carlosyconchita.net\/rutas\/11-05-2011-boullosas-tour-de-los-12-lagos\/","og_locale":"es_ES","og_type":"article","og_title":"11-05-2011 - Boullosas : tour de los 12 lagos -","og_description":"&nbsp; Dificultad :\u00a0\u00a0\u00a0 F\u00e1cil Recorrido :\u00a0\u00a0 12&#8217;540 km. \u00a0Desnivel :\u00a0\u00a0 485\u00a0 m. \u00a0\u00a0\u00a0 Alturas :\u00a0 1.996 \/ 2.345 El punto de partida es la presa del citado lago, en donde podremos dejar el coche en la zona de parking existente all\u00ed. Partiendo de Saillagosa, cogeremos la carretera en direcci\u00f3n a Mont-Luis, y antes de llegar [&hellip;]","og_url":"https:\/\/www.carlosyconchita.net\/rutas\/11-05-2011-boullosas-tour-de-los-12-lagos\/","og_site_name":"Las rutas de Carlos y Conchita","article_published_time":"2011-05-11T15:59:32+00:00","article_modified_time":"2013-05-06T20:32:18+00:00","og_image":[{"width":533,"height":400,"url":"https:\/\/www.carlosyconchita.net\/rutas\/wp-content\/uploads\/2013\/04\/DSC03178.jpg","type":"image\/jpeg"}],"author":"Carlos Conchita","twitter_misc":{"Escrito por":"Carlos Conchita","Tiempo de lectura":"3 minutos"},"schema":{"@context":"https:\/\/schema.org","@graph":[{"@type":"Article","@id":"https:\/\/www.carlosyconchita.net\/rutas\/11-05-2011-boullosas-tour-de-los-12-lagos\/#article","isPartOf":{"@id":"https:\/\/www.carlosyconchita.net\/rutas\/11-05-2011-boullosas-tour-de-los-12-lagos\/"},"author":{"name":"Carlos Conchita","@id":"https:\/\/www.carlosyconchita.net\/rutas\/#\/schema\/person\/a9691f7258c28443fab2d3aa1479ea19"},"headline":"11-05-2011 &#8211; Boullosas : tour de los 12 lagos","datePublished":"2011-05-11T15:59:32+00:00","dateModified":"2013-05-06T20:32:18+00:00","mainEntityOfPage":{"@id":"https:\/\/www.carlosyconchita.net\/rutas\/11-05-2011-boullosas-tour-de-los-12-lagos\/"},"wordCount":513,"commentCount":2,"image":{"@id":"https:\/\/www.carlosyconchita.net\/rutas\/11-05-2011-boullosas-tour-de-los-12-lagos\/#primaryimage"},"thumbnailUrl":"https:\/\/www.carlosyconchita.net\/rutas\/wp-content\/uploads\/2013\/04\/DSC03178.jpg","articleSection":["1-F\u00e1cil","3 - De 10 a 15 km.","Boullosas"],"inLanguage":"es","potentialAction":[{"@type":"CommentAction","name":"Comment","target":["https:\/\/www.carlosyconchita.net\/rutas\/11-05-2011-boullosas-tour-de-los-12-lagos\/#respond"]}]},{"@type":"WebPage","@id":"https:\/\/www.carlosyconchita.net\/rutas\/11-05-2011-boullosas-tour-de-los-12-lagos\/","url":"https:\/\/www.carlosyconchita.net\/rutas\/11-05-2011-boullosas-tour-de-los-12-lagos\/","name":"11-05-2011 - Boullosas : tour de los 12 lagos -","isPartOf":{"@id":"https:\/\/www.carlosyconchita.net\/rutas\/#website"},"primaryImageOfPage":{"@id":"https:\/\/www.carlosyconchita.net\/rutas\/11-05-2011-boullosas-tour-de-los-12-lagos\/#primaryimage"},"image":{"@id":"https:\/\/www.carlosyconchita.net\/rutas\/11-05-2011-boullosas-tour-de-los-12-lagos\/#primaryimage"},"thumbnailUrl":"https:\/\/www.carlosyconchita.net\/rutas\/wp-content\/uploads\/2013\/04\/DSC03178.jpg","datePublished":"2011-05-11T15:59:32+00:00","dateModified":"2013-05-06T20:32:18+00:00","author":{"@id":"https:\/\/www.carlosyconchita.net\/rutas\/#\/schema\/person\/a9691f7258c28443fab2d3aa1479ea19"},"breadcrumb":{"@id":"https:\/\/www.carlosyconchita.net\/rutas\/11-05-2011-boullosas-tour-de-los-12-lagos\/#breadcrumb"},"inLanguage":"es","potentialAction":[{"@type":"ReadAction","target":["https:\/\/www.carlosyconchita.net\/rutas\/11-05-2011-boullosas-tour-de-los-12-lagos\/"]}]},{"@type":"ImageObject","inLanguage":"es","@id":"https:\/\/www.carlosyconchita.net\/rutas\/11-05-2011-boullosas-tour-de-los-12-lagos\/#primaryimage","url":"https:\/\/www.carlosyconchita.net\/rutas\/wp-content\/uploads\/2013\/04\/DSC03178.jpg","contentUrl":"https:\/\/www.carlosyconchita.net\/rutas\/wp-content\/uploads\/2013\/04\/DSC03178.jpg","width":533,"height":400},{"@type":"BreadcrumbList","@id":"https:\/\/www.carlosyconchita.net\/rutas\/11-05-2011-boullosas-tour-de-los-12-lagos\/#breadcrumb","itemListElement":[{"@type":"ListItem","position":1,"name":"Portada","item":"https:\/\/www.carlosyconchita.net\/rutas\/"},{"@type":"ListItem","position":2,"name":"11-05-2011 &#8211; Boullosas : tour de los 12 lagos"}]},{"@type":"WebSite","@id":"https:\/\/www.carlosyconchita.net\/rutas\/#website","url":"https:\/\/www.carlosyconchita.net\/rutas\/","name":"Las rutas de Carlos y Conchita","description":"","potentialAction":[{"@type":"SearchAction","target":{"@type":"EntryPoint","urlTemplate":"https:\/\/www.carlosyconchita.net\/rutas\/?s={search_term_string}"},"query-input":{"@type":"PropertyValueSpecification","valueRequired":true,"valueName":"search_term_string"}}],"inLanguage":"es"},{"@type":"Person","@id":"https:\/\/www.carlosyconchita.net\/rutas\/#\/schema\/person\/a9691f7258c28443fab2d3aa1479ea19","name":"Carlos Conchita","image":{"@type":"ImageObject","inLanguage":"es","@id":"https:\/\/secure.gravatar.com\/avatar\/3a4625b20c8da3de99da69bfe7a322774e291c3f90dce7e8778a30fe6748ed1a?s=96&d=mm&r=g","url":"https:\/\/secure.gravatar.com\/avatar\/3a4625b20c8da3de99da69bfe7a322774e291c3f90dce7e8778a30fe6748ed1a?s=96&d=mm&r=g","contentUrl":"https:\/\/secure.gravatar.com\/avatar\/3a4625b20c8da3de99da69bfe7a322774e291c3f90dce7e8778a30fe6748ed1a?s=96&d=mm&r=g","caption":"Carlos Conchita"}}]}},"_links":{"self":[{"href":"https:\/\/www.carlosyconchita.net\/rutas\/wp-json\/wp\/v2\/posts\/2662","targetHints":{"allow":["GET"]}}],"collection":[{"href":"https:\/\/www.carlosyconchita.net\/rutas\/wp-json\/wp\/v2\/posts"}],"about":[{"href":"https:\/\/www.carlosyconchita.net\/rutas\/wp-json\/wp\/v2\/types\/post"}],"author":[{"embeddable":true,"href":"https:\/\/www.carlosyconchita.net\/rutas\/wp-json\/wp\/v2\/users\/50"}],"replies":[{"embeddable":true,"href":"https:\/\/www.carlosyconchita.net\/rutas\/wp-json\/wp\/v2\/comments?post=2662"}],"version-history":[{"count":0,"href":"https:\/\/www.carlosyconchita.net\/rutas\/wp-json\/wp\/v2\/posts\/2662\/revisions"}],"wp:featuredmedia":[{"embeddable":true,"href":"https:\/\/www.carlosyconchita.net\/rutas\/wp-json\/wp\/v2\/media\/2675"}],"wp:attachment":[{"href":"https:\/\/www.carlosyconchita.net\/rutas\/wp-json\/wp\/v2\/media?parent=2662"}],"wp:term":[{"taxonomy":"category","embeddable":true,"href":"https:\/\/www.carlosyconchita.net\/rutas\/wp-json\/wp\/v2\/categories?post=2662"},{"taxonomy":"post_tag","embeddable":true,"href":"https:\/\/www.carlosyconchita.net\/rutas\/wp-json\/wp\/v2\/tags?post=2662"}],"curies":[{"name":"wp","href":"https:\/\/api.w.org\/{rel}","templated":true}]}}