{"id":2765,"date":"2013-06-02T21:34:05","date_gmt":"2013-06-02T20:34:05","guid":{"rendered":"http:\/\/www.carlosyconchita.net\/rutas\/?p=2765"},"modified":"2014-05-31T17:39:06","modified_gmt":"2014-05-31T16:39:06","slug":"02-06-2013-sentier-des-airelles","status":"publish","type":"post","link":"https:\/\/www.carlosyconchita.net\/rutas\/02-06-2013-sentier-des-airelles\/","title":{"rendered":"02-06-2013 &#8211; Sentier des Airelles (Font-Romeu)"},"content":{"rendered":"<p>&nbsp;<\/p>\n<table border=\"2\" frame=\"border\">\n<tbody>\n<tr>\n<td><strong>Dificultad :\u00a0 Muy f\u00e1cil<\/strong><\/td>\n<td><strong>Recorrido :\u00a0 6&#8217;290 km.<br \/>\n<\/strong><\/td>\n<\/tr>\n<tr>\n<td><strong>\u00a0Desnivel : 207 m. <\/strong><\/td>\n<td><strong>\u00a0\u00a0\u00a0 Alturas :\u00a0 1.888 \/ 2.035 m.<br \/>\n<\/strong><\/td>\n<\/tr>\n<\/tbody>\n<\/table>\n<p style=\"text-align: justify;\">Dado que no dispon\u00edamos de todo el d\u00eda, el tiempo estaba muy inestable, y que despu\u00e9s de la ruta de ayer est\u00e1bamos algo m\u00e1s cansados de lo normal, ya que hac\u00eda varias semanas que no nos \u00abentren\u00e1bamos\u00bb,\u00a0 hemos decidido hacer la sencilla caminata se\u00f1alada como\u00a0 Sentier des Airelles por pistas y caminos de la zona. desde el parking de Les Areilles (zona Bolquere-Pyren\u00e9es 2000) .<\/p>\n<p style=\"text-align: justify;\">Para llegar al parking des Airelles partiendo de la poblaci\u00f3n francesa de Saillagossa, cogemos la carretera N-116, en direcci\u00f3n Mont Louis y Les Angles, pasando por el Coll de la Perche.\u00a0 Poco despu\u00e9s, a la entrada de Mont-Louis, encontraremos una rotonda y cogeremos la D-118 direcci\u00f3n Le Angles ( 2\u00aa\u00a0 salida)<\/p>\n<p style=\"text-align: justify;\">A unos 150 m. , en la siguiente rotonda , cogeremos la 2\u00aa salida, direccion Bolquere-Pyrenees 2000, por la carretera D-618.<\/p>\n<p style=\"text-align: justify;\">Pasaremos la zona comercial de Bolquere-Pyrenees 2000, y en la siguiente rotonda, veremos a la derecha el desv\u00edo a la zona de Les Airelles y La Calme.<\/p>\n<p style=\"text-align: justify;\">Una vez all\u00ed, a diferencia de la temporada de ski, tenemos todo el espacio que queramos para dejar el coche, y al final del parking a la derecha, vemos el letrero de inicio de nuestra excursi\u00f3n de hoy.<\/p>\n<p style=\"text-align: justify;\">[shashin type=\u00bbphoto\u00bb id=\u00bb744,745&#8243; size=\u00bblarge\u00bb columns=\u00bbmax\u00bb order=\u00bbuser\u00bb caption=\u00bby\u00bb position=\u00bbcenter\u00bb]<\/p>\n<p style=\"text-align: justify;\">Empezaremos a subir a partir del letrero, hacia la pista de ski que tenemos enfrente, pasando por delante de los almacenes de material de la estaci\u00f3n, en donde podremos ver las perchas de los arrastres ya desmontados, y grupos de caballos invadiendo las pistas de ski.<\/p>\n<p style=\"text-align: justify;\">[shashin type=\u00bbphoto\u00bb id=\u00bb748,749&#8243; size=\u00bblarge\u00bb columns=\u00bbmax\u00bb order=\u00bbuser\u00bb caption=\u00bby\u00bb position=\u00bbcenter\u00bb]<\/p>\n<p style=\"text-align: justify;\">A partir de este punto, vemos algunas se\u00f1ales casi borradas en algun arbol y despues las perdemos, pero en base a un plano que tenemos y que nos indica que debemos cruzar el camino de un arrastre, vamos un poco a ojo, hasta que volvemos a encontrar las se\u00f1ales.<\/p>\n<p style=\"text-align: justify;\">Aunque por nuestro camino no queda ya nieve, vemos que en la parte alta de la estaci\u00f3n aun queda bastante.<\/p>\n<p style=\"text-align: justify;\">[shashin type=\u00bbphoto\u00bb id=\u00bb757&#8243; size=\u00bblarge\u00bb columns=\u00bbmax\u00bb order=\u00bbuser\u00bb caption=\u00bby\u00bb position=\u00bbcenter\u00bb]<\/p>\n<p style=\"text-align: justify;\">Siguiendo el camino, cruzaremos la carretera que lleva al parking de La Calme, y al cabo de unos 100 m. giramos a nuestra izquierda, por un ancho y plano camino.<\/p>\n<p style=\"text-align: justify;\">[shashin type=\u00bbphoto\u00bb id=\u00bb762,761&#8243; size=\u00bblarge\u00bb columns=\u00bbmax\u00bb order=\u00bbuser\u00bb caption=\u00bby\u00bb position=\u00bbcenter\u00bb]<\/p>\n<p style=\"text-align: justify;\">Aproximadamente en el km. 2,8 encontraremos un antiguo \u00aborri\u00bb o caba\u00f1a de pastor.<\/p>\n<p style=\"text-align: justify;\">[shashin type=\u00bbphoto\u00bb id=\u00bb769&#8243; size=\u00bblarge\u00bb columns=\u00bbmax\u00bb order=\u00bbuser\u00bb caption=\u00bby\u00bb position=\u00bbcenter\u00bb]<\/p>\n<p style=\"text-align: justify;\">Al cabo de unos 500-600 m. veremos una se\u00f1al que nos indica a la izquierda, y dejamos el ancho camino, para entrar en una zona m\u00e1s boscosa y mas interesante, pasando por un refugio, un riachuelo algo mas grande que las multiples corrientes de agua que hemos visto hasta ahora, los restos de una antigua construccion, otro orri, etc.<\/p>\n<p style=\"text-align: justify;\">[shashin type=\u00bbphoto\u00bb id=\u00bb776,783,784,789&#8243; size=\u00bblarge\u00bb columns=\u00bbmax\u00bb order=\u00bbuser\u00bb caption=\u00bby\u00bb position=\u00bbcenter\u00bb]<\/p>\n<p style=\"text-align: justify;\">Finalmente llegaremos al punto de partida, en el momento en que empezaba a llover un poco, aunque posteriormente el tiempo se fu\u00e9 arreglando, y por la tarde se despej\u00f3 ya del todo.<\/p>\n<hr \/>\n<p style=\"text-align: justify;\">[map style=\u00bbwidth: auto; height:400px; margin:20px 0px 20px 0px; border: 1px solid black;\u00bb gpx=\u00bbhttp:\/\/www.carlosyconchita.net\/rutas\/wp-content\/uploads\/gpx\/sentier-des-airelles.gpx\u00bb]<\/p>\n<hr \/>\n<p class=\"wp-caption\" style=\"text-align: justify;\"><strong>Enlace album de fotos<\/strong><\/p>\n<p style=\"text-align: justify;\">[shashin type=\u00bbalbum\u00bb id=\u00bb12&#8243; size=\u00bbsmall\u00bb crop=\u00bbn\u00bb columns=\u00bbmax\u00bb caption=\u00bby\u00bb order=\u00bbdate\u00bb position=\u00bbcenter\u00bb]<\/p>\n<hr \/>\n<p style=\"text-align: justify;\"><span style=\"color: #ff0000;\"><strong><span class=\"wp-caption\" style=\"color: #0000ff;\">Enlace Wikiloc<\/span><br \/>\n<\/strong><\/span><\/p>\n<table border=\"0\" frame=\"border\">\n<tbody>\n<tr align=\"left\" valign=\"middle\">\n<td align=\"center\" valign=\"middle\"><a title=\"Enlace a Wikiloc\" href=\"http:\/\/es.wikiloc.com\/wikiloc\/view.do?id=4602220\" target=\"_blank\"><img loading=\"lazy\" decoding=\"async\" class=\"aligncenter\" title=\"wikiloc\" src=\"http:\/\/www.carlosyconchita.net\/rutas\/wp-content\/uploads\/2020\/09\/wikiloc.jpg\" alt=\"\" width=\"117\" height=\"34\" \/><\/a><\/td>\n<td align=\"center\" valign=\"middle\"><\/td>\n<\/tr>\n<\/tbody>\n<\/table>\n<hr \/>\n<p>&nbsp;<\/p>\n<p>&nbsp;<\/p>\n<p>&nbsp;<\/p>\n<p>&nbsp;<\/p>\n<p>&nbsp;<\/p>\n","protected":false},"excerpt":{"rendered":"<p>&nbsp; Dificultad :\u00a0 Muy f\u00e1cil Recorrido :\u00a0 6&#8217;290 km. \u00a0Desnivel : 207 m. \u00a0\u00a0\u00a0 Alturas :\u00a0 1.888 \/ 2.035 m. Dado que no dispon\u00edamos de todo el d\u00eda, el tiempo estaba muy inestable, y que despu\u00e9s de la ruta de ayer est\u00e1bamos algo m\u00e1s cansados de lo normal, ya que hac\u00eda varias semanas que no [&hellip;]<\/p>\n","protected":false},"author":50,"featured_media":2778,"comment_status":"open","ping_status":"open","sticky":false,"template":"","format":"gallery","meta":{"footnotes":""},"categories":[14,22,18],"tags":[],"class_list":{"0":"post-2765","1":"post","2":"type-post","3":"status-publish","4":"format-gallery","5":"has-post-thumbnail","6":"hentry","7":"category-muy-facil","8":"category-de-05-a-10-km","9":"category-font-romeu-bolquere","10":"post_format-post-format-gallery","12":"post-with-thumbnail","13":"post-with-thumbnail-icon"},"yoast_head":"<!-- This site is optimized with the Yoast SEO plugin v27.4 - https:\/\/yoast.com\/product\/yoast-seo-wordpress\/ -->\n<title>Sentier des Airelles (Font-Romeu)<\/title>\n<meta name=\"description\" content=\"sencilla caminata se\u00f1alada como Sentier des Airelles por pistas y caminos de la zona. desde el parking de Les Areilles (zona Bolquere-Pyren\u00e9es 2000) .\" \/>\n<meta name=\"robots\" content=\"index, follow, max-snippet:-1, max-image-preview:large, max-video-preview:-1\" \/>\n<link rel=\"canonical\" href=\"https:\/\/www.carlosyconchita.net\/rutas\/02-06-2013-sentier-des-airelles\/\" \/>\n<meta property=\"og:locale\" content=\"es_ES\" \/>\n<meta property=\"og:type\" content=\"article\" \/>\n<meta property=\"og:title\" content=\"Sentier des Airelles (Font-Romeu)\" \/>\n<meta property=\"og:description\" content=\"sencilla caminata se\u00f1alada como Sentier des Airelles por pistas y caminos de la zona. desde el parking de Les Areilles (zona Bolquere-Pyren\u00e9es 2000) .\" \/>\n<meta property=\"og:url\" content=\"https:\/\/www.carlosyconchita.net\/rutas\/02-06-2013-sentier-des-airelles\/\" \/>\n<meta property=\"og:site_name\" content=\"Las rutas de Carlos y Conchita\" \/>\n<meta property=\"article:published_time\" content=\"2013-06-02T20:34:05+00:00\" \/>\n<meta property=\"article:modified_time\" content=\"2014-05-31T16:39:06+00:00\" \/>\n<meta property=\"og:image\" content=\"https:\/\/www.carlosyconchita.net\/rutas\/wp-content\/uploads\/2013\/06\/P6021616.jpg\" \/>\n\t<meta property=\"og:image:width\" content=\"533\" \/>\n\t<meta property=\"og:image:height\" content=\"400\" \/>\n\t<meta property=\"og:image:type\" content=\"image\/jpeg\" \/>\n<meta name=\"author\" content=\"Carlos Conchita\" \/>\n<meta name=\"twitter:label1\" content=\"Escrito por\" \/>\n\t<meta name=\"twitter:data1\" content=\"Carlos Conchita\" \/>\n\t<meta name=\"twitter:label2\" content=\"Tiempo de lectura\" \/>\n\t<meta name=\"twitter:data2\" content=\"3 minutos\" \/>\n<script type=\"application\/ld+json\" class=\"yoast-schema-graph\">{\"@context\":\"https:\\\/\\\/schema.org\",\"@graph\":[{\"@type\":\"Article\",\"@id\":\"https:\\\/\\\/www.carlosyconchita.net\\\/rutas\\\/02-06-2013-sentier-des-airelles\\\/#article\",\"isPartOf\":{\"@id\":\"https:\\\/\\\/www.carlosyconchita.net\\\/rutas\\\/02-06-2013-sentier-des-airelles\\\/\"},\"author\":{\"name\":\"Carlos Conchita\",\"@id\":\"https:\\\/\\\/www.carlosyconchita.net\\\/rutas\\\/#\\\/schema\\\/person\\\/a9691f7258c28443fab2d3aa1479ea19\"},\"headline\":\"02-06-2013 &#8211; Sentier des Airelles (Font-Romeu)\",\"datePublished\":\"2013-06-02T20:34:05+00:00\",\"dateModified\":\"2014-05-31T16:39:06+00:00\",\"mainEntityOfPage\":{\"@id\":\"https:\\\/\\\/www.carlosyconchita.net\\\/rutas\\\/02-06-2013-sentier-des-airelles\\\/\"},\"wordCount\":616,\"commentCount\":1,\"image\":{\"@id\":\"https:\\\/\\\/www.carlosyconchita.net\\\/rutas\\\/02-06-2013-sentier-des-airelles\\\/#primaryimage\"},\"thumbnailUrl\":\"https:\\\/\\\/www.carlosyconchita.net\\\/rutas\\\/wp-content\\\/uploads\\\/2013\\\/06\\\/P6021616.jpg\",\"articleSection\":[\"0-Muy f\u00e1cil\",\"2 - De 5 a 10 km.\",\"Font Romeu\"],\"inLanguage\":\"es\",\"potentialAction\":[{\"@type\":\"CommentAction\",\"name\":\"Comment\",\"target\":[\"https:\\\/\\\/www.carlosyconchita.net\\\/rutas\\\/02-06-2013-sentier-des-airelles\\\/#respond\"]}]},{\"@type\":\"WebPage\",\"@id\":\"https:\\\/\\\/www.carlosyconchita.net\\\/rutas\\\/02-06-2013-sentier-des-airelles\\\/\",\"url\":\"https:\\\/\\\/www.carlosyconchita.net\\\/rutas\\\/02-06-2013-sentier-des-airelles\\\/\",\"name\":\"Sentier des Airelles (Font-Romeu)\",\"isPartOf\":{\"@id\":\"https:\\\/\\\/www.carlosyconchita.net\\\/rutas\\\/#website\"},\"primaryImageOfPage\":{\"@id\":\"https:\\\/\\\/www.carlosyconchita.net\\\/rutas\\\/02-06-2013-sentier-des-airelles\\\/#primaryimage\"},\"image\":{\"@id\":\"https:\\\/\\\/www.carlosyconchita.net\\\/rutas\\\/02-06-2013-sentier-des-airelles\\\/#primaryimage\"},\"thumbnailUrl\":\"https:\\\/\\\/www.carlosyconchita.net\\\/rutas\\\/wp-content\\\/uploads\\\/2013\\\/06\\\/P6021616.jpg\",\"datePublished\":\"2013-06-02T20:34:05+00:00\",\"dateModified\":\"2014-05-31T16:39:06+00:00\",\"author\":{\"@id\":\"https:\\\/\\\/www.carlosyconchita.net\\\/rutas\\\/#\\\/schema\\\/person\\\/a9691f7258c28443fab2d3aa1479ea19\"},\"description\":\"sencilla caminata se\u00f1alada como Sentier des Airelles por pistas y caminos de la zona. desde el parking de Les Areilles (zona Bolquere-Pyren\u00e9es 2000) .\",\"breadcrumb\":{\"@id\":\"https:\\\/\\\/www.carlosyconchita.net\\\/rutas\\\/02-06-2013-sentier-des-airelles\\\/#breadcrumb\"},\"inLanguage\":\"es\",\"potentialAction\":[{\"@type\":\"ReadAction\",\"target\":[\"https:\\\/\\\/www.carlosyconchita.net\\\/rutas\\\/02-06-2013-sentier-des-airelles\\\/\"]}]},{\"@type\":\"ImageObject\",\"inLanguage\":\"es\",\"@id\":\"https:\\\/\\\/www.carlosyconchita.net\\\/rutas\\\/02-06-2013-sentier-des-airelles\\\/#primaryimage\",\"url\":\"https:\\\/\\\/www.carlosyconchita.net\\\/rutas\\\/wp-content\\\/uploads\\\/2013\\\/06\\\/P6021616.jpg\",\"contentUrl\":\"https:\\\/\\\/www.carlosyconchita.net\\\/rutas\\\/wp-content\\\/uploads\\\/2013\\\/06\\\/P6021616.jpg\",\"width\":533,\"height\":400},{\"@type\":\"BreadcrumbList\",\"@id\":\"https:\\\/\\\/www.carlosyconchita.net\\\/rutas\\\/02-06-2013-sentier-des-airelles\\\/#breadcrumb\",\"itemListElement\":[{\"@type\":\"ListItem\",\"position\":1,\"name\":\"Portada\",\"item\":\"https:\\\/\\\/www.carlosyconchita.net\\\/rutas\\\/\"},{\"@type\":\"ListItem\",\"position\":2,\"name\":\"02-06-2013 &#8211; Sentier des Airelles (Font-Romeu)\"}]},{\"@type\":\"WebSite\",\"@id\":\"https:\\\/\\\/www.carlosyconchita.net\\\/rutas\\\/#website\",\"url\":\"https:\\\/\\\/www.carlosyconchita.net\\\/rutas\\\/\",\"name\":\"Las rutas de Carlos y Conchita\",\"description\":\"\",\"potentialAction\":[{\"@type\":\"SearchAction\",\"target\":{\"@type\":\"EntryPoint\",\"urlTemplate\":\"https:\\\/\\\/www.carlosyconchita.net\\\/rutas\\\/?s={search_term_string}\"},\"query-input\":{\"@type\":\"PropertyValueSpecification\",\"valueRequired\":true,\"valueName\":\"search_term_string\"}}],\"inLanguage\":\"es\"},{\"@type\":\"Person\",\"@id\":\"https:\\\/\\\/www.carlosyconchita.net\\\/rutas\\\/#\\\/schema\\\/person\\\/a9691f7258c28443fab2d3aa1479ea19\",\"name\":\"Carlos Conchita\",\"image\":{\"@type\":\"ImageObject\",\"inLanguage\":\"es\",\"@id\":\"https:\\\/\\\/secure.gravatar.com\\\/avatar\\\/3a4625b20c8da3de99da69bfe7a322774e291c3f90dce7e8778a30fe6748ed1a?s=96&d=mm&r=g\",\"url\":\"https:\\\/\\\/secure.gravatar.com\\\/avatar\\\/3a4625b20c8da3de99da69bfe7a322774e291c3f90dce7e8778a30fe6748ed1a?s=96&d=mm&r=g\",\"contentUrl\":\"https:\\\/\\\/secure.gravatar.com\\\/avatar\\\/3a4625b20c8da3de99da69bfe7a322774e291c3f90dce7e8778a30fe6748ed1a?s=96&d=mm&r=g\",\"caption\":\"Carlos Conchita\"}}]}<\/script>\n<!-- \/ Yoast SEO plugin. -->","yoast_head_json":{"title":"Sentier des Airelles (Font-Romeu)","description":"sencilla caminata se\u00f1alada como Sentier des Airelles por pistas y caminos de la zona. desde el parking de Les Areilles (zona Bolquere-Pyren\u00e9es 2000) .","robots":{"index":"index","follow":"follow","max-snippet":"max-snippet:-1","max-image-preview":"max-image-preview:large","max-video-preview":"max-video-preview:-1"},"canonical":"https:\/\/www.carlosyconchita.net\/rutas\/02-06-2013-sentier-des-airelles\/","og_locale":"es_ES","og_type":"article","og_title":"Sentier des Airelles (Font-Romeu)","og_description":"sencilla caminata se\u00f1alada como Sentier des Airelles por pistas y caminos de la zona. desde el parking de Les Areilles (zona Bolquere-Pyren\u00e9es 2000) .","og_url":"https:\/\/www.carlosyconchita.net\/rutas\/02-06-2013-sentier-des-airelles\/","og_site_name":"Las rutas de Carlos y Conchita","article_published_time":"2013-06-02T20:34:05+00:00","article_modified_time":"2014-05-31T16:39:06+00:00","og_image":[{"width":533,"height":400,"url":"https:\/\/www.carlosyconchita.net\/rutas\/wp-content\/uploads\/2013\/06\/P6021616.jpg","type":"image\/jpeg"}],"author":"Carlos Conchita","twitter_misc":{"Escrito por":"Carlos Conchita","Tiempo de lectura":"3 minutos"},"schema":{"@context":"https:\/\/schema.org","@graph":[{"@type":"Article","@id":"https:\/\/www.carlosyconchita.net\/rutas\/02-06-2013-sentier-des-airelles\/#article","isPartOf":{"@id":"https:\/\/www.carlosyconchita.net\/rutas\/02-06-2013-sentier-des-airelles\/"},"author":{"name":"Carlos Conchita","@id":"https:\/\/www.carlosyconchita.net\/rutas\/#\/schema\/person\/a9691f7258c28443fab2d3aa1479ea19"},"headline":"02-06-2013 &#8211; Sentier des Airelles (Font-Romeu)","datePublished":"2013-06-02T20:34:05+00:00","dateModified":"2014-05-31T16:39:06+00:00","mainEntityOfPage":{"@id":"https:\/\/www.carlosyconchita.net\/rutas\/02-06-2013-sentier-des-airelles\/"},"wordCount":616,"commentCount":1,"image":{"@id":"https:\/\/www.carlosyconchita.net\/rutas\/02-06-2013-sentier-des-airelles\/#primaryimage"},"thumbnailUrl":"https:\/\/www.carlosyconchita.net\/rutas\/wp-content\/uploads\/2013\/06\/P6021616.jpg","articleSection":["0-Muy f\u00e1cil","2 - De 5 a 10 km.","Font Romeu"],"inLanguage":"es","potentialAction":[{"@type":"CommentAction","name":"Comment","target":["https:\/\/www.carlosyconchita.net\/rutas\/02-06-2013-sentier-des-airelles\/#respond"]}]},{"@type":"WebPage","@id":"https:\/\/www.carlosyconchita.net\/rutas\/02-06-2013-sentier-des-airelles\/","url":"https:\/\/www.carlosyconchita.net\/rutas\/02-06-2013-sentier-des-airelles\/","name":"Sentier des Airelles (Font-Romeu)","isPartOf":{"@id":"https:\/\/www.carlosyconchita.net\/rutas\/#website"},"primaryImageOfPage":{"@id":"https:\/\/www.carlosyconchita.net\/rutas\/02-06-2013-sentier-des-airelles\/#primaryimage"},"image":{"@id":"https:\/\/www.carlosyconchita.net\/rutas\/02-06-2013-sentier-des-airelles\/#primaryimage"},"thumbnailUrl":"https:\/\/www.carlosyconchita.net\/rutas\/wp-content\/uploads\/2013\/06\/P6021616.jpg","datePublished":"2013-06-02T20:34:05+00:00","dateModified":"2014-05-31T16:39:06+00:00","author":{"@id":"https:\/\/www.carlosyconchita.net\/rutas\/#\/schema\/person\/a9691f7258c28443fab2d3aa1479ea19"},"description":"sencilla caminata se\u00f1alada como Sentier des Airelles por pistas y caminos de la zona. desde el parking de Les Areilles (zona Bolquere-Pyren\u00e9es 2000) .","breadcrumb":{"@id":"https:\/\/www.carlosyconchita.net\/rutas\/02-06-2013-sentier-des-airelles\/#breadcrumb"},"inLanguage":"es","potentialAction":[{"@type":"ReadAction","target":["https:\/\/www.carlosyconchita.net\/rutas\/02-06-2013-sentier-des-airelles\/"]}]},{"@type":"ImageObject","inLanguage":"es","@id":"https:\/\/www.carlosyconchita.net\/rutas\/02-06-2013-sentier-des-airelles\/#primaryimage","url":"https:\/\/www.carlosyconchita.net\/rutas\/wp-content\/uploads\/2013\/06\/P6021616.jpg","contentUrl":"https:\/\/www.carlosyconchita.net\/rutas\/wp-content\/uploads\/2013\/06\/P6021616.jpg","width":533,"height":400},{"@type":"BreadcrumbList","@id":"https:\/\/www.carlosyconchita.net\/rutas\/02-06-2013-sentier-des-airelles\/#breadcrumb","itemListElement":[{"@type":"ListItem","position":1,"name":"Portada","item":"https:\/\/www.carlosyconchita.net\/rutas\/"},{"@type":"ListItem","position":2,"name":"02-06-2013 &#8211; Sentier des Airelles (Font-Romeu)"}]},{"@type":"WebSite","@id":"https:\/\/www.carlosyconchita.net\/rutas\/#website","url":"https:\/\/www.carlosyconchita.net\/rutas\/","name":"Las rutas de Carlos y Conchita","description":"","potentialAction":[{"@type":"SearchAction","target":{"@type":"EntryPoint","urlTemplate":"https:\/\/www.carlosyconchita.net\/rutas\/?s={search_term_string}"},"query-input":{"@type":"PropertyValueSpecification","valueRequired":true,"valueName":"search_term_string"}}],"inLanguage":"es"},{"@type":"Person","@id":"https:\/\/www.carlosyconchita.net\/rutas\/#\/schema\/person\/a9691f7258c28443fab2d3aa1479ea19","name":"Carlos Conchita","image":{"@type":"ImageObject","inLanguage":"es","@id":"https:\/\/secure.gravatar.com\/avatar\/3a4625b20c8da3de99da69bfe7a322774e291c3f90dce7e8778a30fe6748ed1a?s=96&d=mm&r=g","url":"https:\/\/secure.gravatar.com\/avatar\/3a4625b20c8da3de99da69bfe7a322774e291c3f90dce7e8778a30fe6748ed1a?s=96&d=mm&r=g","contentUrl":"https:\/\/secure.gravatar.com\/avatar\/3a4625b20c8da3de99da69bfe7a322774e291c3f90dce7e8778a30fe6748ed1a?s=96&d=mm&r=g","caption":"Carlos Conchita"}}]}},"_links":{"self":[{"href":"https:\/\/www.carlosyconchita.net\/rutas\/wp-json\/wp\/v2\/posts\/2765","targetHints":{"allow":["GET"]}}],"collection":[{"href":"https:\/\/www.carlosyconchita.net\/rutas\/wp-json\/wp\/v2\/posts"}],"about":[{"href":"https:\/\/www.carlosyconchita.net\/rutas\/wp-json\/wp\/v2\/types\/post"}],"author":[{"embeddable":true,"href":"https:\/\/www.carlosyconchita.net\/rutas\/wp-json\/wp\/v2\/users\/50"}],"replies":[{"embeddable":true,"href":"https:\/\/www.carlosyconchita.net\/rutas\/wp-json\/wp\/v2\/comments?post=2765"}],"version-history":[{"count":0,"href":"https:\/\/www.carlosyconchita.net\/rutas\/wp-json\/wp\/v2\/posts\/2765\/revisions"}],"wp:featuredmedia":[{"embeddable":true,"href":"https:\/\/www.carlosyconchita.net\/rutas\/wp-json\/wp\/v2\/media\/2778"}],"wp:attachment":[{"href":"https:\/\/www.carlosyconchita.net\/rutas\/wp-json\/wp\/v2\/media?parent=2765"}],"wp:term":[{"taxonomy":"category","embeddable":true,"href":"https:\/\/www.carlosyconchita.net\/rutas\/wp-json\/wp\/v2\/categories?post=2765"},{"taxonomy":"post_tag","embeddable":true,"href":"https:\/\/www.carlosyconchita.net\/rutas\/wp-json\/wp\/v2\/tags?post=2765"}],"curies":[{"name":"wp","href":"https:\/\/api.w.org\/{rel}","templated":true}]}}