{"id":2955,"date":"2013-07-14T20:38:52","date_gmt":"2013-07-14T19:38:52","guid":{"rendered":"http:\/\/www.carlosyconchita.net\/rutas\/?p=2955"},"modified":"2014-05-29T21:55:38","modified_gmt":"2014-05-29T20:55:38","slug":"14-06-2013-coll-de-sansa-a-refugio-de-nohedes-gorg-negre","status":"publish","type":"post","link":"https:\/\/www.carlosyconchita.net\/rutas\/14-06-2013-coll-de-sansa-a-refugio-de-nohedes-gorg-negre\/","title":{"rendered":"14-07-2013 &#8211; Coll de Sansa a refugio de Nohedes (Gorg Negre)"},"content":{"rendered":"<p>&nbsp;<\/p>\n<table border=\"2\" align=\"left\">\n<tbody>\n<tr>\n<td><strong>Dificultad : Moderada<\/strong><\/td>\n<td><strong>Recorrido :\u00a0 15\u2019000 km.<\/strong><\/td>\n<\/tr>\n<tr>\n<td><strong>Desnivel : 630 m.<\/strong><\/td>\n<td><strong>Alturas : 1.762 m. \/ 2.316 m.<\/strong><\/td>\n<\/tr>\n<\/tbody>\n<\/table>\n<p>Por este punto del Coll de Sansa, habiamos pasado caminando en nuestra excursion del <a title=\"12-10-2012 \u2013 Coll de Sansa a Coll de Creu\" href=\"http:\/\/www.carlosyconchita.net\/rutas\/?p=838\">12-10-2012 \u2013 Coll de Sansa a Coll de Creu<\/a>. , pero en esta ocasion, llegaremos en coche para iniciar aqui nuestra excursi\u00f3n de hoy.<\/p>\n<p style=\"text-align: justify;\">Para llegar en coche podemos ver nuestra ruta del <a title=\"13-06-2013 \u2013 Coll de Sansa -Acceso en coche\" href=\"http:\/\/www.carlosyconchita.net\/rutas\/?p=2933\">13-06-2013- Coll de Sansa-Acceso coche<\/a>) , y una vez alli, iremos caminando hasta el refugio de Nohedes, situado a unos 2.300 m. de altura, desde donde podremos ver los lagos del Gorg Negre, Gorg Estelat y Gorg Blau.<\/p>\n<p style=\"text-align: justify;\">En nuestra ruta del\u00a0 <a title=\"Enlace permanente a 10-09-2012 \u2013 Gorg Negre\" href=\"http:\/\/www.carlosyconchita.net\/rutas\/?p=52\" rel=\"bookmark\">10-09-2012 \u2013 Gorg Negre<\/a> , desde este lago pudimos ver arriba de todo el refugio de Nohedes, y ahora intentabamos hacer lo contrario : desde arriba en el refugio queriamos ver el Gorg Negre y los restantes lagos \u00abvecinos\u00bb.<\/p>\n<p style=\"text-align: justify;\">Esta ha sido una excursi\u00f3n un tanto accidentada, y que al final hemos tenido que hacer en 2 d\u00edas, a causa de las lluvias.<\/p>\n<p style=\"text-align: justify;\">El sabado dia 13, amaneci\u00f3 muy nublado y cayendo gotas, pero como parec\u00eda que no iria a m\u00e1s, nos decidimos hacer la excursi\u00f3n, fuimos en coche hasta el Coll de Sansa, y desde alli empezamos a caminar en direccion al refugio de Nohedes.<\/p>\n<p style=\"text-align: justify;\">La cosa se fu\u00e9 complicando, y aparte de bastante niebla, empez\u00f3 a llover bastante, estuvimos algo asi como media hora parados bajo la lluvia para ver qu\u00e9 pasaba y finalmente, decidimos dar marcha atr\u00e1s, ya que aunque hubiesemos continuado, con la niebla que habia, era seguro que desde el refugio de Nohedes no hubieramos visto nada.<\/p>\n<p style=\"text-align: justify;\">En ese primer d\u00eda hicimos aproximadamente 10 km., y cuando dimos la vuelta nos faltaban unos 2.5 km. para llegar al refugio.<\/p>\n<p style=\"text-align: justify;\">Al dia siguiente, el dia se present\u00f3 mucho mejor, por lo que nos decidimos a intentarlo de nuevo, pero para no repetir todo el mismo recorrido a pi\u00e9, y dado que las previsiones a partir del mediodia eran tambien malas, hicimos una parte del recorrido en coche, y asi nos asegurabamos de llegar lo antes posible arriba al refugio.<\/p>\n<p style=\"text-align: justify;\">Para no complicar las explicaciones de la ruta , las pondremos\u00a0 como si la hubieramos hecho en un solo dia, y en el mapa del final, indicaremos el tramo que hemos hecho cada dia.<\/p>\n<p style=\"text-align: justify;\">Una vez llegamos con el coche al Coll de Sansa, empezaremos a caminar en direccion del Refugio dels Estagnols, por el que habiamos pasado en la antes citada excursion del <a title=\"12-10-2012 \u2013 Coll de Sansa a Coll de Creu\" href=\"http:\/\/www.carlosyconchita.net\/rutas\/?p=838\">12-10-2012 \u2013 Coll de Sansa a Coll de Creu<\/a>,<\/p>\n<p style=\"text-align: justify;\">Cuando llevemos algo m\u00e1s de 1.5 km. encontraremos un desvio a la izquierda que nos indica GR-7 y que es el camino normal para ir al refugio de Nohedes, y que nosotros hemos utilizado a la vuelta, pero a la ida , hemos seguido recto por el camino principal<\/p>\n<p style=\"text-align: justify;\">Cuando estemos casi llegando al Refugio dels Estagnols, dejaremos a la derecha un desvio que nos lleva a \u00e9l, y nosotros seguiremos por el camino principal, pasaremos por una peque\u00f1a cascada que cruza el camino, y a unos 2 km. del desvio del GR7 que hemos visto, en una curva del camino que gira a nuestra derecha de forma bastante pronunciada, podemos dejar el coche y seguir caminando por un camino que empieza en esa misma curva.<\/p>\n<p style=\"text-align: justify;\">[shashin type=\u00bbphoto\u00bb id=\u00bb4745&#8243; size=\u00bblarge\u00bb columns=\u00bbmax\u00bb order=\u00bbuser\u00bb caption=\u00bby\u00bb position=\u00bbcenter\u00bb]<\/p>\n<p style=\"text-align: justify;\">En caso de que nos pasemos de largo ese caminito, no tendremos demasiado problema en darnos cuenta ya que a muy pocos metros llegaremos a una gran explanada, que nos indicara que en la anterior curva est\u00e1 el caminito.<\/p>\n<p style=\"text-align: justify;\">Este camino pasa inicialmente por una zona de piedras, y despues nos llevar\u00e1 al refugio de Gril, situado en una gran explanada en donde encontraremos a la izquierda\u00a0 el GR7 , que cruza un peque\u00f1o riachuelo.<\/p>\n<p style=\"text-align: justify;\">[shashin type=\u00bbphoto\u00bb id=\u00bb421&#8243; size=\u00bblarge\u00bb columns=\u00bbmax\u00bb order=\u00bbuser\u00bb caption=\u00bby\u00bb position=\u00bbcenter\u00bb]<\/p>\n<p style=\"text-align: justify;\">A partir de alli, seguiremos las se\u00f1ales del GR7, que nos llevar\u00e1 subiendo hacia nuestro destino, cruzando riachuelos y zonas de verdes prados, todo muy verde debido a la gran cantidad de lluvias y nieve de estos ultimos meses, y que hacen que el paisaje parezca m\u00e1s de primavera que de verano.<\/p>\n<p style=\"text-align: justify;\">[shashin type=\u00bbphoto\u00bb id=\u00bb422&#8243; size=\u00bblarge\u00bb columns=\u00bbmax\u00bb order=\u00bbuser\u00bb caption=\u00bby\u00bb position=\u00bbcenter\u00bb]<\/p>\n<p style=\"text-align: justify;\">El paisaje en todo el recorrido es realmente muy bonito, por el agua, color verde, y las monta\u00f1as con restos de nieve en lo alto.<\/p>\n<p style=\"text-align: justify;\">[shashin type=\u00bbphoto\u00bb id=\u00bb427,436,443,444&#8243; size=\u00bblarge\u00bb columns=\u00bbmax\u00bb order=\u00bbuser\u00bb caption=\u00bby\u00bb position=\u00bbcenter\u00bb]<\/p>\n<p style=\"text-align: justify;\">Como se puede ver en el track de la ruta , en un punto determinado de la subida, nos desviamos a la izquierda hacia una monta\u00f1a que vemos a nuestra izquierda, con una forma casi de volcan con un lado abierto, y que tiene toda la pinta de tener un lago en su interior, pero a pesar de que el riachuelo que desagua de \u00e9l, lleva bastante agua, una vez arriba , no vemos un lago sino una zona con mucha hierba y casi pantanosa.<\/p>\n<p style=\"text-align: justify;\">[shashin type=\u00bbphoto\u00bb id=\u00bb454,432&#8243; size=\u00bblarge\u00bb columns=\u00bbmax\u00bb order=\u00bbuser\u00bb caption=\u00bby\u00bb position=\u00bbcenter\u00bb]<\/p>\n<p style=\"text-align: justify;\">Regresando al camino del GR7, seguimos subiendo y llegaremos finalmente a una zona mas plana, veremos a la izquierda el camino que nos llevaria al Pic de Madres, y continuando recto, llegaremos finalmente al borde de esa zona plana, desde donde veremos en primer lugar abajo los lagos del Gorg Estelat y Gorg Blau.<\/p>\n<p style=\"text-align: justify;\">[shashin type=\u00bbphoto\u00bb id=\u00bb459&#8243; size=\u00bblarge\u00bb columns=\u00bbmax\u00bb order=\u00bbuser\u00bb caption=\u00bby\u00bb position=\u00bbcenter\u00bb]<\/p>\n<p style=\"text-align: justify;\">Aunque en las fotos no se aprecia porque el dia ya estaba algo nublado, realmente el Gorg Blau se veia de color azul, mientras que su vecino el Gorg Estelat, que est\u00e1\u00a0 a pocos metros, no.<\/p>\n<p style=\"text-align: justify;\">[shashin type=\u00bbphoto\u00bb id=\u00bb464&#8243; size=\u00bblarge\u00bb columns=\u00bbmax\u00bb order=\u00bbuser\u00bb caption=\u00bby\u00bb position=\u00bbcenter\u00bb]<\/p>\n<p style=\"text-align: justify;\">Si continuamos caminado, llegaremos a los pocos metros al refugio de Nohedes, desde donde podremos ver abajo el Gorg Negre, con un aspecto un tanto tenebroso y extra\u00f1o, al igual que cuando estuvimos en \u00e9l en la excursion antes citada, y con unas magnificas vistas de toda la zona.<\/p>\n<p style=\"text-align: justify;\">[shashin type=\u00bbphoto\u00bb id=\u00bb468,470,472&#8243; size=\u00bblarge\u00bb columns=\u00bbmax\u00bb order=\u00bbuser\u00bb caption=\u00bby\u00bb position=\u00bbcenter\u00bb]<\/p>\n<p style=\"text-align: justify;\">[shashin type=\u00bbphoto\u00bb id=\u00bb478,481&#8243; size=\u00bblarge\u00bb columns=\u00bbmax\u00bb order=\u00bbuser\u00bb caption=\u00bby\u00bb position=\u00bbcenter\u00bb]<\/p>\n<p style=\"text-align: justify;\">En color verde est\u00e1 se\u00f1alada la ruta que hemos hecho nosotros en el segundo intento (aprox. 10.5 km. ida y vuelta ) y en color violeta el recorrido en coche (aprox. 6 km. ida y vuelta)<\/p>\n<p style=\"text-align: justify;\">Si se hace caminando desde el punto Coll de Sansa como intentamos nosotros ayer, el total de la excursion hubiera sido de unos 16.5 km. en total.<\/p>\n<hr \/>\n<p style=\"text-align: justify;\"><a href=\"http:\/\/www.carlosyconchita.net\/rutas\/wp-content\/uploads\/2013\/07\/mapa.png\"><img loading=\"lazy\" decoding=\"async\" class=\"alignnone size-full wp-image-3921\" src=\"http:\/\/www.carlosyconchita.net\/rutas\/wp-content\/uploads\/2013\/07\/mapa.png\" alt=\"mapa\" width=\"1093\" height=\"645\" srcset=\"https:\/\/www.carlosyconchita.net\/rutas\/wp-content\/uploads\/2013\/07\/mapa.png 1093w, https:\/\/www.carlosyconchita.net\/rutas\/wp-content\/uploads\/2013\/07\/mapa-300x177.png 300w, https:\/\/www.carlosyconchita.net\/rutas\/wp-content\/uploads\/2013\/07\/mapa-600x354.png 600w, https:\/\/www.carlosyconchita.net\/rutas\/wp-content\/uploads\/2013\/07\/mapa-768x453.png 768w, https:\/\/www.carlosyconchita.net\/rutas\/wp-content\/uploads\/2013\/07\/mapa-1024x604.png 1024w, https:\/\/www.carlosyconchita.net\/rutas\/wp-content\/uploads\/2013\/07\/mapa-500x295.png 500w\" sizes=\"auto, (max-width: 1093px) 100vw, 1093px\" \/><\/a><\/p>\n<hr \/>\n<p style=\"text-align: justify;\">[map style=\u00bbwidth: auto; height:400px; margin:20px 0px 20px 0px; border: 1px solid black;\u00bb gpx=\u00bbhttp:\/\/www.carlosyconchita.net\/rutas\/wp-content\/uploads\/gpx\/coll-de-sansa-refugio-de-nohedes-gorg-negre.gpx\u00bb]<\/p>\n<hr \/>\n<p style=\"text-align: left;\"><span style=\"color: #ff0000;\"><strong><span class=\"wp-caption\" style=\"color: #000000;\">Enlace album de fotos<\/span><br \/>\n<\/strong><\/span><\/p>\n<p style=\"text-align: left;\">[shashin type=\u00bbalbum\u00bb id=\u00bb8&#8243; size=\u00bbsmall\u00bb crop=\u00bbn\u00bb columns=\u00bbmax\u00bb caption=\u00bby\u00bb order=\u00bbdate\u00bb position=\u00bbcenter\u00bb]<\/p>\n<p style=\"text-align: left;\"><span style=\"color: #ff0000;\">Si se quieren ver las fotos en tama\u00f1o m\u00e1s grande, y se dispone de una ADSL r\u00e1pida, en el enlace \u201cFotos Google +\u201d se puede acceder a la coleccion de albumes de fotos, que estan ordenados por fecha.<\/span><\/p>\n<hr \/>\n<p class=\"wp-caption\" style=\"text-align: left;\"><strong>Enlace Wikiloc<\/strong><\/p>\n<p style=\"text-align: center;\"><a title=\"Enlace a Wikiloc\" href=\"http:\/\/es.wikiloc.com\/wikiloc\/view.do?id=4874562\" target=\"_blank\"><img loading=\"lazy\" decoding=\"async\" class=\"aligncenter\" title=\"wikiloc\" src=\"http:\/\/www.carlosyconchita.net\/rutas\/wp-content\/uploads\/2020\/09\/wikiloc.jpg\" alt=\"\" width=\"117\" height=\"34\" \/><\/a><\/p>\n<hr \/>\n<p>&nbsp;<\/p>\n<p>&nbsp;<\/p>\n","protected":false},"excerpt":{"rendered":"<p>&nbsp; Dificultad : Moderada Recorrido :\u00a0 15\u2019000 km. Desnivel : 630 m. Alturas : 1.762 m. \/ 2.316 m. Por este punto del Coll de Sansa, habiamos pasado caminando en nuestra excursion del 12-10-2012 \u2013 Coll de Sansa a Coll de Creu. , pero en esta ocasion, llegaremos en coche para iniciar aqui nuestra excursi\u00f3n [&hellip;]<\/p>\n","protected":false},"author":50,"featured_media":3919,"comment_status":"open","ping_status":"open","sticky":false,"template":"","format":"gallery","meta":{"footnotes":""},"categories":[11,23,24],"tags":[],"class_list":{"0":"post-2955","1":"post","2":"type-post","3":"status-publish","4":"format-gallery","5":"has-post-thumbnail","6":"hentry","7":"category-moderada","8":"category-de-10-a-15-km","9":"category-sansa","10":"post_format-post-format-gallery","12":"post-with-thumbnail","13":"post-with-thumbnail-icon"},"yoast_head":"<!-- This site is optimized with the Yoast SEO plugin v27.4 - https:\/\/yoast.com\/product\/yoast-seo-wordpress\/ -->\n<title>14-07-2013 - Coll de Sansa a refugio de Nohedes (Gorg Negre) -<\/title>\n<meta name=\"robots\" content=\"index, follow, max-snippet:-1, max-image-preview:large, max-video-preview:-1\" \/>\n<link rel=\"canonical\" href=\"https:\/\/www.carlosyconchita.net\/rutas\/14-06-2013-coll-de-sansa-a-refugio-de-nohedes-gorg-negre\/\" \/>\n<meta property=\"og:locale\" content=\"es_ES\" \/>\n<meta property=\"og:type\" content=\"article\" \/>\n<meta property=\"og:title\" content=\"14-07-2013 - Coll de Sansa a refugio de Nohedes (Gorg Negre) -\" \/>\n<meta property=\"og:description\" content=\"&nbsp; Dificultad : Moderada Recorrido :\u00a0 15\u2019000 km. Desnivel : 630 m. Alturas : 1.762 m. \/ 2.316 m. Por este punto del Coll de Sansa, habiamos pasado caminando en nuestra excursion del 12-10-2012 \u2013 Coll de Sansa a Coll de Creu. , pero en esta ocasion, llegaremos en coche para iniciar aqui nuestra excursi\u00f3n [&hellip;]\" \/>\n<meta property=\"og:url\" content=\"https:\/\/www.carlosyconchita.net\/rutas\/14-06-2013-coll-de-sansa-a-refugio-de-nohedes-gorg-negre\/\" \/>\n<meta property=\"og:site_name\" content=\"Las rutas de Carlos y Conchita\" \/>\n<meta property=\"article:published_time\" content=\"2013-07-14T19:38:52+00:00\" \/>\n<meta property=\"article:modified_time\" content=\"2014-05-29T20:55:38+00:00\" \/>\n<meta property=\"og:image\" content=\"https:\/\/www.carlosyconchita.net\/rutas\/wp-content\/uploads\/2013\/07\/P71420561.jpg\" \/>\n\t<meta property=\"og:image:width\" content=\"2026\" \/>\n\t<meta property=\"og:image:height\" content=\"899\" \/>\n\t<meta property=\"og:image:type\" content=\"image\/jpeg\" \/>\n<meta name=\"author\" content=\"Carlos Conchita\" \/>\n<meta name=\"twitter:label1\" content=\"Escrito por\" \/>\n\t<meta name=\"twitter:data1\" content=\"Carlos Conchita\" \/>\n\t<meta name=\"twitter:label2\" content=\"Tiempo de lectura\" \/>\n\t<meta name=\"twitter:data2\" content=\"6 minutos\" \/>\n<script type=\"application\/ld+json\" class=\"yoast-schema-graph\">{\"@context\":\"https:\\\/\\\/schema.org\",\"@graph\":[{\"@type\":\"Article\",\"@id\":\"https:\\\/\\\/www.carlosyconchita.net\\\/rutas\\\/14-06-2013-coll-de-sansa-a-refugio-de-nohedes-gorg-negre\\\/#article\",\"isPartOf\":{\"@id\":\"https:\\\/\\\/www.carlosyconchita.net\\\/rutas\\\/14-06-2013-coll-de-sansa-a-refugio-de-nohedes-gorg-negre\\\/\"},\"author\":{\"name\":\"Carlos Conchita\",\"@id\":\"https:\\\/\\\/www.carlosyconchita.net\\\/rutas\\\/#\\\/schema\\\/person\\\/a9691f7258c28443fab2d3aa1479ea19\"},\"headline\":\"14-07-2013 &#8211; Coll de Sansa a refugio de Nohedes (Gorg Negre)\",\"datePublished\":\"2013-07-14T19:38:52+00:00\",\"dateModified\":\"2014-05-29T20:55:38+00:00\",\"mainEntityOfPage\":{\"@id\":\"https:\\\/\\\/www.carlosyconchita.net\\\/rutas\\\/14-06-2013-coll-de-sansa-a-refugio-de-nohedes-gorg-negre\\\/\"},\"wordCount\":1207,\"commentCount\":1,\"image\":{\"@id\":\"https:\\\/\\\/www.carlosyconchita.net\\\/rutas\\\/14-06-2013-coll-de-sansa-a-refugio-de-nohedes-gorg-negre\\\/#primaryimage\"},\"thumbnailUrl\":\"https:\\\/\\\/www.carlosyconchita.net\\\/rutas\\\/wp-content\\\/uploads\\\/2013\\\/07\\\/P71420561.jpg\",\"articleSection\":[\"2-Moderada\",\"3 - De 10 a 15 km.\",\"Sansa - Ayguatebia\"],\"inLanguage\":\"es\",\"potentialAction\":[{\"@type\":\"CommentAction\",\"name\":\"Comment\",\"target\":[\"https:\\\/\\\/www.carlosyconchita.net\\\/rutas\\\/14-06-2013-coll-de-sansa-a-refugio-de-nohedes-gorg-negre\\\/#respond\"]}]},{\"@type\":\"WebPage\",\"@id\":\"https:\\\/\\\/www.carlosyconchita.net\\\/rutas\\\/14-06-2013-coll-de-sansa-a-refugio-de-nohedes-gorg-negre\\\/\",\"url\":\"https:\\\/\\\/www.carlosyconchita.net\\\/rutas\\\/14-06-2013-coll-de-sansa-a-refugio-de-nohedes-gorg-negre\\\/\",\"name\":\"14-07-2013 - Coll de Sansa a refugio de Nohedes (Gorg Negre) -\",\"isPartOf\":{\"@id\":\"https:\\\/\\\/www.carlosyconchita.net\\\/rutas\\\/#website\"},\"primaryImageOfPage\":{\"@id\":\"https:\\\/\\\/www.carlosyconchita.net\\\/rutas\\\/14-06-2013-coll-de-sansa-a-refugio-de-nohedes-gorg-negre\\\/#primaryimage\"},\"image\":{\"@id\":\"https:\\\/\\\/www.carlosyconchita.net\\\/rutas\\\/14-06-2013-coll-de-sansa-a-refugio-de-nohedes-gorg-negre\\\/#primaryimage\"},\"thumbnailUrl\":\"https:\\\/\\\/www.carlosyconchita.net\\\/rutas\\\/wp-content\\\/uploads\\\/2013\\\/07\\\/P71420561.jpg\",\"datePublished\":\"2013-07-14T19:38:52+00:00\",\"dateModified\":\"2014-05-29T20:55:38+00:00\",\"author\":{\"@id\":\"https:\\\/\\\/www.carlosyconchita.net\\\/rutas\\\/#\\\/schema\\\/person\\\/a9691f7258c28443fab2d3aa1479ea19\"},\"breadcrumb\":{\"@id\":\"https:\\\/\\\/www.carlosyconchita.net\\\/rutas\\\/14-06-2013-coll-de-sansa-a-refugio-de-nohedes-gorg-negre\\\/#breadcrumb\"},\"inLanguage\":\"es\",\"potentialAction\":[{\"@type\":\"ReadAction\",\"target\":[\"https:\\\/\\\/www.carlosyconchita.net\\\/rutas\\\/14-06-2013-coll-de-sansa-a-refugio-de-nohedes-gorg-negre\\\/\"]}]},{\"@type\":\"ImageObject\",\"inLanguage\":\"es\",\"@id\":\"https:\\\/\\\/www.carlosyconchita.net\\\/rutas\\\/14-06-2013-coll-de-sansa-a-refugio-de-nohedes-gorg-negre\\\/#primaryimage\",\"url\":\"https:\\\/\\\/www.carlosyconchita.net\\\/rutas\\\/wp-content\\\/uploads\\\/2013\\\/07\\\/P71420561.jpg\",\"contentUrl\":\"https:\\\/\\\/www.carlosyconchita.net\\\/rutas\\\/wp-content\\\/uploads\\\/2013\\\/07\\\/P71420561.jpg\",\"width\":2026,\"height\":899},{\"@type\":\"BreadcrumbList\",\"@id\":\"https:\\\/\\\/www.carlosyconchita.net\\\/rutas\\\/14-06-2013-coll-de-sansa-a-refugio-de-nohedes-gorg-negre\\\/#breadcrumb\",\"itemListElement\":[{\"@type\":\"ListItem\",\"position\":1,\"name\":\"Portada\",\"item\":\"https:\\\/\\\/www.carlosyconchita.net\\\/rutas\\\/\"},{\"@type\":\"ListItem\",\"position\":2,\"name\":\"14-07-2013 &#8211; Coll de Sansa a refugio de Nohedes (Gorg Negre)\"}]},{\"@type\":\"WebSite\",\"@id\":\"https:\\\/\\\/www.carlosyconchita.net\\\/rutas\\\/#website\",\"url\":\"https:\\\/\\\/www.carlosyconchita.net\\\/rutas\\\/\",\"name\":\"Las rutas de Carlos y Conchita\",\"description\":\"\",\"potentialAction\":[{\"@type\":\"SearchAction\",\"target\":{\"@type\":\"EntryPoint\",\"urlTemplate\":\"https:\\\/\\\/www.carlosyconchita.net\\\/rutas\\\/?s={search_term_string}\"},\"query-input\":{\"@type\":\"PropertyValueSpecification\",\"valueRequired\":true,\"valueName\":\"search_term_string\"}}],\"inLanguage\":\"es\"},{\"@type\":\"Person\",\"@id\":\"https:\\\/\\\/www.carlosyconchita.net\\\/rutas\\\/#\\\/schema\\\/person\\\/a9691f7258c28443fab2d3aa1479ea19\",\"name\":\"Carlos Conchita\",\"image\":{\"@type\":\"ImageObject\",\"inLanguage\":\"es\",\"@id\":\"https:\\\/\\\/secure.gravatar.com\\\/avatar\\\/3a4625b20c8da3de99da69bfe7a322774e291c3f90dce7e8778a30fe6748ed1a?s=96&d=mm&r=g\",\"url\":\"https:\\\/\\\/secure.gravatar.com\\\/avatar\\\/3a4625b20c8da3de99da69bfe7a322774e291c3f90dce7e8778a30fe6748ed1a?s=96&d=mm&r=g\",\"contentUrl\":\"https:\\\/\\\/secure.gravatar.com\\\/avatar\\\/3a4625b20c8da3de99da69bfe7a322774e291c3f90dce7e8778a30fe6748ed1a?s=96&d=mm&r=g\",\"caption\":\"Carlos Conchita\"}}]}<\/script>\n<!-- \/ Yoast SEO plugin. -->","yoast_head_json":{"title":"14-07-2013 - Coll de Sansa a refugio de Nohedes (Gorg Negre) -","robots":{"index":"index","follow":"follow","max-snippet":"max-snippet:-1","max-image-preview":"max-image-preview:large","max-video-preview":"max-video-preview:-1"},"canonical":"https:\/\/www.carlosyconchita.net\/rutas\/14-06-2013-coll-de-sansa-a-refugio-de-nohedes-gorg-negre\/","og_locale":"es_ES","og_type":"article","og_title":"14-07-2013 - Coll de Sansa a refugio de Nohedes (Gorg Negre) -","og_description":"&nbsp; Dificultad : Moderada Recorrido :\u00a0 15\u2019000 km. Desnivel : 630 m. Alturas : 1.762 m. \/ 2.316 m. Por este punto del Coll de Sansa, habiamos pasado caminando en nuestra excursion del 12-10-2012 \u2013 Coll de Sansa a Coll de Creu. , pero en esta ocasion, llegaremos en coche para iniciar aqui nuestra excursi\u00f3n [&hellip;]","og_url":"https:\/\/www.carlosyconchita.net\/rutas\/14-06-2013-coll-de-sansa-a-refugio-de-nohedes-gorg-negre\/","og_site_name":"Las rutas de Carlos y Conchita","article_published_time":"2013-07-14T19:38:52+00:00","article_modified_time":"2014-05-29T20:55:38+00:00","og_image":[{"width":2026,"height":899,"url":"https:\/\/www.carlosyconchita.net\/rutas\/wp-content\/uploads\/2013\/07\/P71420561.jpg","type":"image\/jpeg"}],"author":"Carlos Conchita","twitter_misc":{"Escrito por":"Carlos Conchita","Tiempo de lectura":"6 minutos"},"schema":{"@context":"https:\/\/schema.org","@graph":[{"@type":"Article","@id":"https:\/\/www.carlosyconchita.net\/rutas\/14-06-2013-coll-de-sansa-a-refugio-de-nohedes-gorg-negre\/#article","isPartOf":{"@id":"https:\/\/www.carlosyconchita.net\/rutas\/14-06-2013-coll-de-sansa-a-refugio-de-nohedes-gorg-negre\/"},"author":{"name":"Carlos Conchita","@id":"https:\/\/www.carlosyconchita.net\/rutas\/#\/schema\/person\/a9691f7258c28443fab2d3aa1479ea19"},"headline":"14-07-2013 &#8211; Coll de Sansa a refugio de Nohedes (Gorg Negre)","datePublished":"2013-07-14T19:38:52+00:00","dateModified":"2014-05-29T20:55:38+00:00","mainEntityOfPage":{"@id":"https:\/\/www.carlosyconchita.net\/rutas\/14-06-2013-coll-de-sansa-a-refugio-de-nohedes-gorg-negre\/"},"wordCount":1207,"commentCount":1,"image":{"@id":"https:\/\/www.carlosyconchita.net\/rutas\/14-06-2013-coll-de-sansa-a-refugio-de-nohedes-gorg-negre\/#primaryimage"},"thumbnailUrl":"https:\/\/www.carlosyconchita.net\/rutas\/wp-content\/uploads\/2013\/07\/P71420561.jpg","articleSection":["2-Moderada","3 - De 10 a 15 km.","Sansa - Ayguatebia"],"inLanguage":"es","potentialAction":[{"@type":"CommentAction","name":"Comment","target":["https:\/\/www.carlosyconchita.net\/rutas\/14-06-2013-coll-de-sansa-a-refugio-de-nohedes-gorg-negre\/#respond"]}]},{"@type":"WebPage","@id":"https:\/\/www.carlosyconchita.net\/rutas\/14-06-2013-coll-de-sansa-a-refugio-de-nohedes-gorg-negre\/","url":"https:\/\/www.carlosyconchita.net\/rutas\/14-06-2013-coll-de-sansa-a-refugio-de-nohedes-gorg-negre\/","name":"14-07-2013 - Coll de Sansa a refugio de Nohedes (Gorg Negre) -","isPartOf":{"@id":"https:\/\/www.carlosyconchita.net\/rutas\/#website"},"primaryImageOfPage":{"@id":"https:\/\/www.carlosyconchita.net\/rutas\/14-06-2013-coll-de-sansa-a-refugio-de-nohedes-gorg-negre\/#primaryimage"},"image":{"@id":"https:\/\/www.carlosyconchita.net\/rutas\/14-06-2013-coll-de-sansa-a-refugio-de-nohedes-gorg-negre\/#primaryimage"},"thumbnailUrl":"https:\/\/www.carlosyconchita.net\/rutas\/wp-content\/uploads\/2013\/07\/P71420561.jpg","datePublished":"2013-07-14T19:38:52+00:00","dateModified":"2014-05-29T20:55:38+00:00","author":{"@id":"https:\/\/www.carlosyconchita.net\/rutas\/#\/schema\/person\/a9691f7258c28443fab2d3aa1479ea19"},"breadcrumb":{"@id":"https:\/\/www.carlosyconchita.net\/rutas\/14-06-2013-coll-de-sansa-a-refugio-de-nohedes-gorg-negre\/#breadcrumb"},"inLanguage":"es","potentialAction":[{"@type":"ReadAction","target":["https:\/\/www.carlosyconchita.net\/rutas\/14-06-2013-coll-de-sansa-a-refugio-de-nohedes-gorg-negre\/"]}]},{"@type":"ImageObject","inLanguage":"es","@id":"https:\/\/www.carlosyconchita.net\/rutas\/14-06-2013-coll-de-sansa-a-refugio-de-nohedes-gorg-negre\/#primaryimage","url":"https:\/\/www.carlosyconchita.net\/rutas\/wp-content\/uploads\/2013\/07\/P71420561.jpg","contentUrl":"https:\/\/www.carlosyconchita.net\/rutas\/wp-content\/uploads\/2013\/07\/P71420561.jpg","width":2026,"height":899},{"@type":"BreadcrumbList","@id":"https:\/\/www.carlosyconchita.net\/rutas\/14-06-2013-coll-de-sansa-a-refugio-de-nohedes-gorg-negre\/#breadcrumb","itemListElement":[{"@type":"ListItem","position":1,"name":"Portada","item":"https:\/\/www.carlosyconchita.net\/rutas\/"},{"@type":"ListItem","position":2,"name":"14-07-2013 &#8211; Coll de Sansa a refugio de Nohedes (Gorg Negre)"}]},{"@type":"WebSite","@id":"https:\/\/www.carlosyconchita.net\/rutas\/#website","url":"https:\/\/www.carlosyconchita.net\/rutas\/","name":"Las rutas de Carlos y Conchita","description":"","potentialAction":[{"@type":"SearchAction","target":{"@type":"EntryPoint","urlTemplate":"https:\/\/www.carlosyconchita.net\/rutas\/?s={search_term_string}"},"query-input":{"@type":"PropertyValueSpecification","valueRequired":true,"valueName":"search_term_string"}}],"inLanguage":"es"},{"@type":"Person","@id":"https:\/\/www.carlosyconchita.net\/rutas\/#\/schema\/person\/a9691f7258c28443fab2d3aa1479ea19","name":"Carlos Conchita","image":{"@type":"ImageObject","inLanguage":"es","@id":"https:\/\/secure.gravatar.com\/avatar\/3a4625b20c8da3de99da69bfe7a322774e291c3f90dce7e8778a30fe6748ed1a?s=96&d=mm&r=g","url":"https:\/\/secure.gravatar.com\/avatar\/3a4625b20c8da3de99da69bfe7a322774e291c3f90dce7e8778a30fe6748ed1a?s=96&d=mm&r=g","contentUrl":"https:\/\/secure.gravatar.com\/avatar\/3a4625b20c8da3de99da69bfe7a322774e291c3f90dce7e8778a30fe6748ed1a?s=96&d=mm&r=g","caption":"Carlos Conchita"}}]}},"_links":{"self":[{"href":"https:\/\/www.carlosyconchita.net\/rutas\/wp-json\/wp\/v2\/posts\/2955","targetHints":{"allow":["GET"]}}],"collection":[{"href":"https:\/\/www.carlosyconchita.net\/rutas\/wp-json\/wp\/v2\/posts"}],"about":[{"href":"https:\/\/www.carlosyconchita.net\/rutas\/wp-json\/wp\/v2\/types\/post"}],"author":[{"embeddable":true,"href":"https:\/\/www.carlosyconchita.net\/rutas\/wp-json\/wp\/v2\/users\/50"}],"replies":[{"embeddable":true,"href":"https:\/\/www.carlosyconchita.net\/rutas\/wp-json\/wp\/v2\/comments?post=2955"}],"version-history":[{"count":0,"href":"https:\/\/www.carlosyconchita.net\/rutas\/wp-json\/wp\/v2\/posts\/2955\/revisions"}],"wp:featuredmedia":[{"embeddable":true,"href":"https:\/\/www.carlosyconchita.net\/rutas\/wp-json\/wp\/v2\/media\/3919"}],"wp:attachment":[{"href":"https:\/\/www.carlosyconchita.net\/rutas\/wp-json\/wp\/v2\/media?parent=2955"}],"wp:term":[{"taxonomy":"category","embeddable":true,"href":"https:\/\/www.carlosyconchita.net\/rutas\/wp-json\/wp\/v2\/categories?post=2955"},{"taxonomy":"post_tag","embeddable":true,"href":"https:\/\/www.carlosyconchita.net\/rutas\/wp-json\/wp\/v2\/tags?post=2955"}],"curies":[{"name":"wp","href":"https:\/\/api.w.org\/{rel}","templated":true}]}}