{"id":3053,"date":"2013-08-08T21:35:44","date_gmt":"2013-08-08T20:35:44","guid":{"rendered":"http:\/\/www.carlosyconchita.net\/rutas\/?p=3053"},"modified":"2013-11-18T17:30:59","modified_gmt":"2013-11-18T16:30:59","slug":"08-08-2013-estany-de-malniu","status":"publish","type":"post","link":"https:\/\/www.carlosyconchita.net\/rutas\/08-08-2013-estany-de-malniu\/","title":{"rendered":"08-08-2013 &#8211; Estany de Malniu"},"content":{"rendered":"<table border=\"0\">\n<tbody>\n<tr>\n<td><strong>Dificultad :\u00a0 Muy f\u00e1cil\u00a0\u00a0\u00a0\u00a0\u00a0\u00a0\u00a0\u00a0\u00a0\u00a0\u00a0\u00a0\u00a0\u00a0\u00a0\u00a0\u00a0\u00a0\u00a0\u00a0\u00a0\u00a0\u00a0\u00a0\u00a0\u00a0\u00a0\u00a0\u00a0\u00a0\u00a0\u00a0\u00a0\u00a0\u00a0\u00a0\u00a0\u00a0\u00a0\u00a0\u00a0\u00a0\u00a0\u00a0\u00a0\u00a0 <strong>Recorrido :\u00a0 4&#8217;940 km.<\/strong><\/strong><\/td>\n<\/tr>\n<tr>\n<td><strong>\u00a0Desnivel : 211 m. \u00a0 \u00a0 \u00a0 \u00a0 \u00a0 \u00a0 \u00a0 \u00a0 \u00a0 \u00a0 \u00a0 \u00a0 \u00a0 \u00a0 \u00a0 \u00a0 \u00a0 \u00a0 \u00a0 \u00a0 \u00a0 \u00a0 \u00a0 \u00a0 \u00a0\u00a0<strong> Alturas :\u00a0 2.108 \/ 2.304<\/strong><\/strong><\/td>\n<\/tr>\n<\/tbody>\n<\/table>\n<p style=\"text-align: justify;\">Esta excursi\u00f3n empieza en el refugio de Malniu, al que podemos llegar desde Meranges, siguiendo la pista que empieza alli, que est\u00e1 en muy buen estado, y asfaltada en su mayor parte.<\/p>\n<p style=\"text-align: justify;\">Al final de la misma, encontraremos la entrada al parking, que deberemos pagar , aunque su precio es razonable.<\/p>\n<p style=\"text-align: justify;\">[shashin type=\u00bbphoto\u00bb id=\u00bb268&#8243; size=\u00bblarge\u00bb columns=\u00bbmax\u00bb order=\u00bbuser\u00bb caption=\u00bby\u00bb position=\u00bbcenter\u00bb]<\/p>\n<p style=\"text-align: justify;\">Una vez dejado el coche, volvemos atr\u00e1s, y justo en la entrada del parking, veremos las se\u00f1ales indicadoras de la ruta.<\/p>\n<p style=\"text-align: justify;\">[shashin type=\u00bbphoto\u00bb id=\u00bb270,271&#8243; size=\u00bblarge\u00bb columns=\u00bbmax\u00bb order=\u00bbuser\u00bb caption=\u00bby\u00bb position=\u00bbcenter\u00bb]<\/p>\n<p style=\"text-align: justify;\">El camino va subiendo suavemente, y al poco podremos ver detras nuestro el refugio y el parking que acabamos de dejar.<\/p>\n<p style=\"text-align: justify;\">[shashin type=\u00bbphoto\u00bb id=\u00bb276&#8243; size=\u00bblarge\u00bb columns=\u00bbmax\u00bb order=\u00bbuser\u00bb caption=\u00bby\u00bb position=\u00bbcenter\u00bb]<\/p>\n<p>Siguiendo el camino, llegamos finalmente al Estany de Malniu<\/p>\n<p>[shashin type=\u00bbphoto\u00bb id=\u00bb279,280&#8243; size=\u00bblarge\u00bb columns=\u00bbmax\u00bb order=\u00bbuser\u00bb caption=\u00bby\u00bb position=\u00bbcenter\u00bb]<\/p>\n<p style=\"text-align: justify;\">\u00a0Continuando un poco m\u00e1s, llegamos a un lago medio seco, del que sale un peque\u00f1o riachuelo, pero por falta de tiempo, no continuamos hasta el Estany Mal, ya que debiamos estar en casa a una hora concreta y no nos daba tiempo.<\/p>\n<p style=\"text-align: justify;\">[shashin type=\u00bbphoto\u00bb id=\u00bb294,295&#8243; size=\u00bblarge\u00bb columns=\u00bbmax\u00bb order=\u00bbuser\u00bb caption=\u00bby\u00bb position=\u00bbcenter\u00bb<\/p>\n<p>Desde alli, podemos ver una bonita vista del Estany de Malniu desde arriba.<\/p>\n<p>[shashin type=\u00bbphoto\u00bb id=\u00bb303&#8243; size=\u00bblarge\u00bb columns=\u00bbmax\u00bb order=\u00bbuser\u00bb caption=\u00bby\u00bb position=\u00bbcenter\u00bb]<\/p>\n<p style=\"text-align: justify;\">La vuelta la haremos por el mismo camino, y en el camino de bajada con el coche, y\u00a0 aprovechando que ahora lo vemos de cara, podremos observar el pueblo de Meranges al fondo del valle que tenemos debajo.<\/p>\n<p style=\"text-align: justify;\">[shashin type=\u00bbphoto\u00bb id=\u00bb310,311&#8243; size=\u00bblarge\u00bb columns=\u00bbmax\u00bb order=\u00bbuser\u00bb caption=\u00bby\u00bb position=\u00bbcenter\u00bb]<\/p>\n<hr \/>\n<p style=\"text-align: justify;\">\n<p class=\"wp-caption\" style=\"text-align: justify;\"><strong>Mapa de la excursi\u00f3n<\/strong><\/p>\n<p style=\"text-align: justify;\">[map style=\u00bbwidth: auto; height:400px; margin:20px 0px 20px 0px; border: 1px solid black;\u00bb gpx=\u00bbhttp:\/\/www.carlosyconchita.net\/rutas\/wp-content\/uploads\/gpx\/estany-de-malniu.gpx\u00bb]<\/p>\n<p style=\"text-align: justify;\">\n<p style=\"text-align: justify;\">\n<hr \/>\n<p style=\"text-align: justify;\">\n<p><strong class=\"wp-caption\">\u00a0Enlace Wikiloc<\/strong><\/p>\n<table border=\"0\" frame=\"border\">\n<tbody>\n<tr align=\"left\" valign=\"middle\">\n<td align=\"center\" valign=\"middle\"><a title=\"Enlace a Wikiloc\" href=\"http:\/\/es.wikiloc.com\/wikiloc\/view.do?id=5165162\" target=\"_blank\"><img loading=\"lazy\" decoding=\"async\" class=\"aligncenter\" title=\"wikiloc\" alt=\"\" src=\"http:\/\/www.carlosyconchita.net\/rutas\/wp-content\/uploads\/2020\/09\/wikiloc.jpg\" width=\"117\" height=\"34\" \/><\/a><\/td>\n<td align=\"center\" valign=\"middle\"><\/td>\n<\/tr>\n<\/tbody>\n<\/table>\n<p class=\"wp-caption\" style=\"text-align: left;\"><strong>Enlace album de fotos<\/strong><\/p>\n<p>[shashin type=\u00bbalbum\u00bb id=\u00bb5&#8243; size=\u00bbsmall\u00bb crop=\u00bbn\u00bb columns=\u00bbmax\u00bb caption=\u00bby\u00bb order=\u00bbdate\u00bb position=\u00bbcenter\u00bb]<\/p>\n<p><span style=\"color: #ff0000;\">Si se quieren ver las fotos en tama\u00f1o m\u00e1s grande, y se dispone de una ADSL r\u00e1pida, en el enlace \u201cFotos Google +\u201d se puede acceder a la coleccion de albumes de fotos, que estan ordenados por fecha.<\/span><\/p>\n<p>&nbsp;<\/p>\n","protected":false},"excerpt":{"rendered":"<p>Dificultad :\u00a0 Muy f\u00e1cil\u00a0\u00a0\u00a0\u00a0\u00a0\u00a0\u00a0\u00a0\u00a0\u00a0\u00a0\u00a0\u00a0\u00a0\u00a0\u00a0\u00a0\u00a0\u00a0\u00a0\u00a0\u00a0\u00a0\u00a0\u00a0\u00a0\u00a0\u00a0\u00a0\u00a0\u00a0\u00a0\u00a0\u00a0\u00a0\u00a0\u00a0\u00a0\u00a0\u00a0\u00a0\u00a0\u00a0\u00a0\u00a0\u00a0 Recorrido :\u00a0 4&#8217;940 km. \u00a0Desnivel : 211 m. \u00a0 \u00a0 \u00a0 \u00a0 \u00a0 \u00a0 \u00a0 \u00a0 \u00a0 \u00a0 \u00a0 \u00a0 \u00a0 \u00a0 \u00a0 \u00a0 \u00a0 \u00a0 \u00a0 \u00a0 \u00a0 \u00a0 \u00a0 \u00a0 \u00a0\u00a0 Alturas :\u00a0 2.108 \/ 2.304 Esta excursi\u00f3n empieza en el refugio de Malniu, al que podemos llegar desde [&hellip;]<\/p>\n","protected":false},"author":50,"featured_media":3542,"comment_status":"open","ping_status":"open","sticky":false,"template":"","format":"gallery","meta":{"footnotes":""},"categories":[14,21,41],"tags":[],"class_list":{"0":"post-3053","1":"post","2":"type-post","3":"status-publish","4":"format-gallery","5":"has-post-thumbnail","6":"hentry","7":"category-muy-facil","8":"category-hasta-5-km","9":"category-cerdanya-sur","10":"post_format-post-format-gallery","12":"post-with-thumbnail","13":"post-with-thumbnail-icon"},"yoast_head":"<!-- This site is optimized with the Yoast SEO plugin v27.4 - https:\/\/yoast.com\/product\/yoast-seo-wordpress\/ -->\n<title>08-08-2013 - Estany de Malniu -<\/title>\n<meta name=\"robots\" content=\"index, follow, max-snippet:-1, max-image-preview:large, max-video-preview:-1\" \/>\n<link rel=\"canonical\" href=\"https:\/\/www.carlosyconchita.net\/rutas\/08-08-2013-estany-de-malniu\/\" \/>\n<meta property=\"og:locale\" content=\"es_ES\" \/>\n<meta property=\"og:type\" content=\"article\" \/>\n<meta property=\"og:title\" content=\"08-08-2013 - Estany de Malniu -\" \/>\n<meta property=\"og:description\" content=\"Dificultad :\u00a0 Muy f\u00e1cil\u00a0\u00a0\u00a0\u00a0\u00a0\u00a0\u00a0\u00a0\u00a0\u00a0\u00a0\u00a0\u00a0\u00a0\u00a0\u00a0\u00a0\u00a0\u00a0\u00a0\u00a0\u00a0\u00a0\u00a0\u00a0\u00a0\u00a0\u00a0\u00a0\u00a0\u00a0\u00a0\u00a0\u00a0\u00a0\u00a0\u00a0\u00a0\u00a0\u00a0\u00a0\u00a0\u00a0\u00a0\u00a0\u00a0 Recorrido :\u00a0 4&#8217;940 km. \u00a0Desnivel : 211 m. \u00a0 \u00a0 \u00a0 \u00a0 \u00a0 \u00a0 \u00a0 \u00a0 \u00a0 \u00a0 \u00a0 \u00a0 \u00a0 \u00a0 \u00a0 \u00a0 \u00a0 \u00a0 \u00a0 \u00a0 \u00a0 \u00a0 \u00a0 \u00a0 \u00a0\u00a0 Alturas :\u00a0 2.108 \/ 2.304 Esta excursi\u00f3n empieza en el refugio de Malniu, al que podemos llegar desde [&hellip;]\" \/>\n<meta property=\"og:url\" content=\"https:\/\/www.carlosyconchita.net\/rutas\/08-08-2013-estany-de-malniu\/\" \/>\n<meta property=\"og:site_name\" content=\"Las rutas de Carlos y Conchita\" \/>\n<meta property=\"article:published_time\" content=\"2013-08-08T20:35:44+00:00\" \/>\n<meta property=\"article:modified_time\" content=\"2013-11-18T16:30:59+00:00\" \/>\n<meta property=\"og:image\" content=\"https:\/\/www.carlosyconchita.net\/rutas\/wp-content\/uploads\/2013\/08\/P8082230.jpg\" \/>\n\t<meta property=\"og:image:width\" content=\"533\" \/>\n\t<meta property=\"og:image:height\" content=\"400\" \/>\n\t<meta property=\"og:image:type\" content=\"image\/jpeg\" \/>\n<meta name=\"author\" content=\"Carlos Conchita\" \/>\n<meta name=\"twitter:label1\" content=\"Escrito por\" \/>\n\t<meta name=\"twitter:data1\" content=\"Carlos Conchita\" \/>\n\t<meta name=\"twitter:label2\" content=\"Tiempo de lectura\" \/>\n\t<meta name=\"twitter:data2\" content=\"2 minutos\" \/>\n<script type=\"application\/ld+json\" class=\"yoast-schema-graph\">{\"@context\":\"https:\\\/\\\/schema.org\",\"@graph\":[{\"@type\":\"Article\",\"@id\":\"https:\\\/\\\/www.carlosyconchita.net\\\/rutas\\\/08-08-2013-estany-de-malniu\\\/#article\",\"isPartOf\":{\"@id\":\"https:\\\/\\\/www.carlosyconchita.net\\\/rutas\\\/08-08-2013-estany-de-malniu\\\/\"},\"author\":{\"name\":\"Carlos Conchita\",\"@id\":\"https:\\\/\\\/www.carlosyconchita.net\\\/rutas\\\/#\\\/schema\\\/person\\\/a9691f7258c28443fab2d3aa1479ea19\"},\"headline\":\"08-08-2013 &#8211; Estany de Malniu\",\"datePublished\":\"2013-08-08T20:35:44+00:00\",\"dateModified\":\"2013-11-18T16:30:59+00:00\",\"mainEntityOfPage\":{\"@id\":\"https:\\\/\\\/www.carlosyconchita.net\\\/rutas\\\/08-08-2013-estany-de-malniu\\\/\"},\"wordCount\":406,\"commentCount\":0,\"image\":{\"@id\":\"https:\\\/\\\/www.carlosyconchita.net\\\/rutas\\\/08-08-2013-estany-de-malniu\\\/#primaryimage\"},\"thumbnailUrl\":\"https:\\\/\\\/www.carlosyconchita.net\\\/rutas\\\/wp-content\\\/uploads\\\/2013\\\/08\\\/P8082230.jpg\",\"articleSection\":[\"0-Muy f\u00e1cil\",\"1 - Hasta 5 km.\",\"Cerdanya Sur-Cad\u00ed-Moixer\u00f3\"],\"inLanguage\":\"es\",\"potentialAction\":[{\"@type\":\"CommentAction\",\"name\":\"Comment\",\"target\":[\"https:\\\/\\\/www.carlosyconchita.net\\\/rutas\\\/08-08-2013-estany-de-malniu\\\/#respond\"]}]},{\"@type\":\"WebPage\",\"@id\":\"https:\\\/\\\/www.carlosyconchita.net\\\/rutas\\\/08-08-2013-estany-de-malniu\\\/\",\"url\":\"https:\\\/\\\/www.carlosyconchita.net\\\/rutas\\\/08-08-2013-estany-de-malniu\\\/\",\"name\":\"08-08-2013 - Estany de Malniu -\",\"isPartOf\":{\"@id\":\"https:\\\/\\\/www.carlosyconchita.net\\\/rutas\\\/#website\"},\"primaryImageOfPage\":{\"@id\":\"https:\\\/\\\/www.carlosyconchita.net\\\/rutas\\\/08-08-2013-estany-de-malniu\\\/#primaryimage\"},\"image\":{\"@id\":\"https:\\\/\\\/www.carlosyconchita.net\\\/rutas\\\/08-08-2013-estany-de-malniu\\\/#primaryimage\"},\"thumbnailUrl\":\"https:\\\/\\\/www.carlosyconchita.net\\\/rutas\\\/wp-content\\\/uploads\\\/2013\\\/08\\\/P8082230.jpg\",\"datePublished\":\"2013-08-08T20:35:44+00:00\",\"dateModified\":\"2013-11-18T16:30:59+00:00\",\"author\":{\"@id\":\"https:\\\/\\\/www.carlosyconchita.net\\\/rutas\\\/#\\\/schema\\\/person\\\/a9691f7258c28443fab2d3aa1479ea19\"},\"breadcrumb\":{\"@id\":\"https:\\\/\\\/www.carlosyconchita.net\\\/rutas\\\/08-08-2013-estany-de-malniu\\\/#breadcrumb\"},\"inLanguage\":\"es\",\"potentialAction\":[{\"@type\":\"ReadAction\",\"target\":[\"https:\\\/\\\/www.carlosyconchita.net\\\/rutas\\\/08-08-2013-estany-de-malniu\\\/\"]}]},{\"@type\":\"ImageObject\",\"inLanguage\":\"es\",\"@id\":\"https:\\\/\\\/www.carlosyconchita.net\\\/rutas\\\/08-08-2013-estany-de-malniu\\\/#primaryimage\",\"url\":\"https:\\\/\\\/www.carlosyconchita.net\\\/rutas\\\/wp-content\\\/uploads\\\/2013\\\/08\\\/P8082230.jpg\",\"contentUrl\":\"https:\\\/\\\/www.carlosyconchita.net\\\/rutas\\\/wp-content\\\/uploads\\\/2013\\\/08\\\/P8082230.jpg\",\"width\":533,\"height\":400},{\"@type\":\"BreadcrumbList\",\"@id\":\"https:\\\/\\\/www.carlosyconchita.net\\\/rutas\\\/08-08-2013-estany-de-malniu\\\/#breadcrumb\",\"itemListElement\":[{\"@type\":\"ListItem\",\"position\":1,\"name\":\"Portada\",\"item\":\"https:\\\/\\\/www.carlosyconchita.net\\\/rutas\\\/\"},{\"@type\":\"ListItem\",\"position\":2,\"name\":\"08-08-2013 &#8211; Estany de Malniu\"}]},{\"@type\":\"WebSite\",\"@id\":\"https:\\\/\\\/www.carlosyconchita.net\\\/rutas\\\/#website\",\"url\":\"https:\\\/\\\/www.carlosyconchita.net\\\/rutas\\\/\",\"name\":\"Las rutas de Carlos y Conchita\",\"description\":\"\",\"potentialAction\":[{\"@type\":\"SearchAction\",\"target\":{\"@type\":\"EntryPoint\",\"urlTemplate\":\"https:\\\/\\\/www.carlosyconchita.net\\\/rutas\\\/?s={search_term_string}\"},\"query-input\":{\"@type\":\"PropertyValueSpecification\",\"valueRequired\":true,\"valueName\":\"search_term_string\"}}],\"inLanguage\":\"es\"},{\"@type\":\"Person\",\"@id\":\"https:\\\/\\\/www.carlosyconchita.net\\\/rutas\\\/#\\\/schema\\\/person\\\/a9691f7258c28443fab2d3aa1479ea19\",\"name\":\"Carlos Conchita\",\"image\":{\"@type\":\"ImageObject\",\"inLanguage\":\"es\",\"@id\":\"https:\\\/\\\/secure.gravatar.com\\\/avatar\\\/3a4625b20c8da3de99da69bfe7a322774e291c3f90dce7e8778a30fe6748ed1a?s=96&d=mm&r=g\",\"url\":\"https:\\\/\\\/secure.gravatar.com\\\/avatar\\\/3a4625b20c8da3de99da69bfe7a322774e291c3f90dce7e8778a30fe6748ed1a?s=96&d=mm&r=g\",\"contentUrl\":\"https:\\\/\\\/secure.gravatar.com\\\/avatar\\\/3a4625b20c8da3de99da69bfe7a322774e291c3f90dce7e8778a30fe6748ed1a?s=96&d=mm&r=g\",\"caption\":\"Carlos Conchita\"}}]}<\/script>\n<!-- \/ Yoast SEO plugin. -->","yoast_head_json":{"title":"08-08-2013 - Estany de Malniu -","robots":{"index":"index","follow":"follow","max-snippet":"max-snippet:-1","max-image-preview":"max-image-preview:large","max-video-preview":"max-video-preview:-1"},"canonical":"https:\/\/www.carlosyconchita.net\/rutas\/08-08-2013-estany-de-malniu\/","og_locale":"es_ES","og_type":"article","og_title":"08-08-2013 - Estany de Malniu -","og_description":"Dificultad :\u00a0 Muy f\u00e1cil\u00a0\u00a0\u00a0\u00a0\u00a0\u00a0\u00a0\u00a0\u00a0\u00a0\u00a0\u00a0\u00a0\u00a0\u00a0\u00a0\u00a0\u00a0\u00a0\u00a0\u00a0\u00a0\u00a0\u00a0\u00a0\u00a0\u00a0\u00a0\u00a0\u00a0\u00a0\u00a0\u00a0\u00a0\u00a0\u00a0\u00a0\u00a0\u00a0\u00a0\u00a0\u00a0\u00a0\u00a0\u00a0\u00a0 Recorrido :\u00a0 4&#8217;940 km. \u00a0Desnivel : 211 m. \u00a0 \u00a0 \u00a0 \u00a0 \u00a0 \u00a0 \u00a0 \u00a0 \u00a0 \u00a0 \u00a0 \u00a0 \u00a0 \u00a0 \u00a0 \u00a0 \u00a0 \u00a0 \u00a0 \u00a0 \u00a0 \u00a0 \u00a0 \u00a0 \u00a0\u00a0 Alturas :\u00a0 2.108 \/ 2.304 Esta excursi\u00f3n empieza en el refugio de Malniu, al que podemos llegar desde [&hellip;]","og_url":"https:\/\/www.carlosyconchita.net\/rutas\/08-08-2013-estany-de-malniu\/","og_site_name":"Las rutas de Carlos y Conchita","article_published_time":"2013-08-08T20:35:44+00:00","article_modified_time":"2013-11-18T16:30:59+00:00","og_image":[{"width":533,"height":400,"url":"https:\/\/www.carlosyconchita.net\/rutas\/wp-content\/uploads\/2013\/08\/P8082230.jpg","type":"image\/jpeg"}],"author":"Carlos Conchita","twitter_misc":{"Escrito por":"Carlos Conchita","Tiempo de lectura":"2 minutos"},"schema":{"@context":"https:\/\/schema.org","@graph":[{"@type":"Article","@id":"https:\/\/www.carlosyconchita.net\/rutas\/08-08-2013-estany-de-malniu\/#article","isPartOf":{"@id":"https:\/\/www.carlosyconchita.net\/rutas\/08-08-2013-estany-de-malniu\/"},"author":{"name":"Carlos Conchita","@id":"https:\/\/www.carlosyconchita.net\/rutas\/#\/schema\/person\/a9691f7258c28443fab2d3aa1479ea19"},"headline":"08-08-2013 &#8211; Estany de Malniu","datePublished":"2013-08-08T20:35:44+00:00","dateModified":"2013-11-18T16:30:59+00:00","mainEntityOfPage":{"@id":"https:\/\/www.carlosyconchita.net\/rutas\/08-08-2013-estany-de-malniu\/"},"wordCount":406,"commentCount":0,"image":{"@id":"https:\/\/www.carlosyconchita.net\/rutas\/08-08-2013-estany-de-malniu\/#primaryimage"},"thumbnailUrl":"https:\/\/www.carlosyconchita.net\/rutas\/wp-content\/uploads\/2013\/08\/P8082230.jpg","articleSection":["0-Muy f\u00e1cil","1 - Hasta 5 km.","Cerdanya Sur-Cad\u00ed-Moixer\u00f3"],"inLanguage":"es","potentialAction":[{"@type":"CommentAction","name":"Comment","target":["https:\/\/www.carlosyconchita.net\/rutas\/08-08-2013-estany-de-malniu\/#respond"]}]},{"@type":"WebPage","@id":"https:\/\/www.carlosyconchita.net\/rutas\/08-08-2013-estany-de-malniu\/","url":"https:\/\/www.carlosyconchita.net\/rutas\/08-08-2013-estany-de-malniu\/","name":"08-08-2013 - Estany de Malniu -","isPartOf":{"@id":"https:\/\/www.carlosyconchita.net\/rutas\/#website"},"primaryImageOfPage":{"@id":"https:\/\/www.carlosyconchita.net\/rutas\/08-08-2013-estany-de-malniu\/#primaryimage"},"image":{"@id":"https:\/\/www.carlosyconchita.net\/rutas\/08-08-2013-estany-de-malniu\/#primaryimage"},"thumbnailUrl":"https:\/\/www.carlosyconchita.net\/rutas\/wp-content\/uploads\/2013\/08\/P8082230.jpg","datePublished":"2013-08-08T20:35:44+00:00","dateModified":"2013-11-18T16:30:59+00:00","author":{"@id":"https:\/\/www.carlosyconchita.net\/rutas\/#\/schema\/person\/a9691f7258c28443fab2d3aa1479ea19"},"breadcrumb":{"@id":"https:\/\/www.carlosyconchita.net\/rutas\/08-08-2013-estany-de-malniu\/#breadcrumb"},"inLanguage":"es","potentialAction":[{"@type":"ReadAction","target":["https:\/\/www.carlosyconchita.net\/rutas\/08-08-2013-estany-de-malniu\/"]}]},{"@type":"ImageObject","inLanguage":"es","@id":"https:\/\/www.carlosyconchita.net\/rutas\/08-08-2013-estany-de-malniu\/#primaryimage","url":"https:\/\/www.carlosyconchita.net\/rutas\/wp-content\/uploads\/2013\/08\/P8082230.jpg","contentUrl":"https:\/\/www.carlosyconchita.net\/rutas\/wp-content\/uploads\/2013\/08\/P8082230.jpg","width":533,"height":400},{"@type":"BreadcrumbList","@id":"https:\/\/www.carlosyconchita.net\/rutas\/08-08-2013-estany-de-malniu\/#breadcrumb","itemListElement":[{"@type":"ListItem","position":1,"name":"Portada","item":"https:\/\/www.carlosyconchita.net\/rutas\/"},{"@type":"ListItem","position":2,"name":"08-08-2013 &#8211; Estany de Malniu"}]},{"@type":"WebSite","@id":"https:\/\/www.carlosyconchita.net\/rutas\/#website","url":"https:\/\/www.carlosyconchita.net\/rutas\/","name":"Las rutas de Carlos y Conchita","description":"","potentialAction":[{"@type":"SearchAction","target":{"@type":"EntryPoint","urlTemplate":"https:\/\/www.carlosyconchita.net\/rutas\/?s={search_term_string}"},"query-input":{"@type":"PropertyValueSpecification","valueRequired":true,"valueName":"search_term_string"}}],"inLanguage":"es"},{"@type":"Person","@id":"https:\/\/www.carlosyconchita.net\/rutas\/#\/schema\/person\/a9691f7258c28443fab2d3aa1479ea19","name":"Carlos Conchita","image":{"@type":"ImageObject","inLanguage":"es","@id":"https:\/\/secure.gravatar.com\/avatar\/3a4625b20c8da3de99da69bfe7a322774e291c3f90dce7e8778a30fe6748ed1a?s=96&d=mm&r=g","url":"https:\/\/secure.gravatar.com\/avatar\/3a4625b20c8da3de99da69bfe7a322774e291c3f90dce7e8778a30fe6748ed1a?s=96&d=mm&r=g","contentUrl":"https:\/\/secure.gravatar.com\/avatar\/3a4625b20c8da3de99da69bfe7a322774e291c3f90dce7e8778a30fe6748ed1a?s=96&d=mm&r=g","caption":"Carlos Conchita"}}]}},"_links":{"self":[{"href":"https:\/\/www.carlosyconchita.net\/rutas\/wp-json\/wp\/v2\/posts\/3053","targetHints":{"allow":["GET"]}}],"collection":[{"href":"https:\/\/www.carlosyconchita.net\/rutas\/wp-json\/wp\/v2\/posts"}],"about":[{"href":"https:\/\/www.carlosyconchita.net\/rutas\/wp-json\/wp\/v2\/types\/post"}],"author":[{"embeddable":true,"href":"https:\/\/www.carlosyconchita.net\/rutas\/wp-json\/wp\/v2\/users\/50"}],"replies":[{"embeddable":true,"href":"https:\/\/www.carlosyconchita.net\/rutas\/wp-json\/wp\/v2\/comments?post=3053"}],"version-history":[{"count":0,"href":"https:\/\/www.carlosyconchita.net\/rutas\/wp-json\/wp\/v2\/posts\/3053\/revisions"}],"wp:featuredmedia":[{"embeddable":true,"href":"https:\/\/www.carlosyconchita.net\/rutas\/wp-json\/wp\/v2\/media\/3542"}],"wp:attachment":[{"href":"https:\/\/www.carlosyconchita.net\/rutas\/wp-json\/wp\/v2\/media?parent=3053"}],"wp:term":[{"taxonomy":"category","embeddable":true,"href":"https:\/\/www.carlosyconchita.net\/rutas\/wp-json\/wp\/v2\/categories?post=3053"},{"taxonomy":"post_tag","embeddable":true,"href":"https:\/\/www.carlosyconchita.net\/rutas\/wp-json\/wp\/v2\/tags?post=3053"}],"curies":[{"name":"wp","href":"https:\/\/api.w.org\/{rel}","templated":true}]}}