{"id":3076,"date":"2013-08-09T21:15:25","date_gmt":"2013-08-09T20:15:25","guid":{"rendered":"http:\/\/www.carlosyconchita.net\/rutas\/?p=3076"},"modified":"2013-11-18T17:27:48","modified_gmt":"2013-11-18T16:27:48","slug":"09-08-2013-cami-de-la-pinata-puyvalador","status":"publish","type":"post","link":"https:\/\/www.carlosyconchita.net\/rutas\/09-08-2013-cami-de-la-pinata-puyvalador\/","title":{"rendered":"09-08-2013 &#8211;  Puyvalador &#8211; Cam\u00ed de la Pinata"},"content":{"rendered":"<table border=\"0\">\n<tbody>\n<tr>\n<td><strong>Dificultad :\u00a0 Muy f\u00e1cil\u00a0\u00a0\u00a0\u00a0\u00a0\u00a0\u00a0\u00a0\u00a0\u00a0\u00a0\u00a0\u00a0\u00a0\u00a0\u00a0\u00a0\u00a0\u00a0\u00a0\u00a0\u00a0\u00a0\u00a0\u00a0\u00a0\u00a0\u00a0\u00a0\u00a0\u00a0\u00a0\u00a0\u00a0\u00a0\u00a0\u00a0\u00a0\u00a0\u00a0\u00a0\u00a0\u00a0\u00a0\u00a0\u00a0 <strong>Recorrido :\u00a0\u00a0 5&#8217;840 km.<\/strong><\/strong><\/td>\n<\/tr>\n<tr>\n<td><strong>\u00a0Desnivel :\u00a0\u00a0 213 m. \u00a0 \u00a0 \u00a0 \u00a0 \u00a0 \u00a0 \u00a0 \u00a0 \u00a0 \u00a0 \u00a0 \u00a0 \u00a0 \u00a0 \u00a0 \u00a0 \u00a0 \u00a0 \u00a0 \u00a0 \u00a0 \u00a0 \u00a0 \u00a0 \u00a0\u00a0<strong> Alturas :\u00a0 1.415 \/ 1.534 m.<br \/>\n<\/strong><\/strong><\/td>\n<\/tr>\n<\/tbody>\n<\/table>\n<p style=\"text-align: justify;\">F\u00e1cil caminata por los alrededores del lago de Puyvalador, se\u00f1alada en la zona con el num. 32\u00a0 y el nombre de \u00abCam\u00ed de la Pinata\u00bb.<\/p>\n<p style=\"text-align: justify;\">Para llegar al\u00a0 punto de partida de la excursi\u00f3n, partiendo de Saillagosa seguiremos la carretera en direcci\u00f3n a Mont-Louis-Les Angles. Pasaremos de largo el desvio que nos lleva a esta estac\u00edon de ski en una rotonda, y continuaremos recto en direcc\u00edon a Formigueres y Puy Valador.<\/p>\n<p style=\"text-align: justify;\">La excursi\u00f3n empieza en el peque\u00f1o pueblo de Puyvalador, en donde dejaremos el coche al lado de la iglesia que encontraremos justo a la entrada.<\/p>\n<p style=\"text-align: justify;\">[shashin type=\u00bbphoto\u00bb id=\u00bb266&#8243; size=\u00bblarge\u00bb columns=\u00bbmax\u00bb order=\u00bbuser\u00bb caption=\u00bby\u00bb position=\u00bbcenter\u00bb]<\/p>\n<p>Desde all\u00ed, seguiremos el \u00bb Carrer del Pati\u00bb , bajando despues por un peque\u00f1o caminito que nos llevar\u00e1 en direccion al dique de la presa de Puyvalador, despues de bajar unas escaleras.<\/p>\n<p>[shashin type=\u00bbphoto\u00bb id=\u00bb260&#8243; size=\u00bblarge\u00bb columns=\u00bbmax\u00bb order=\u00bbuser\u00bb caption=\u00bby\u00bb position=\u00bbcenter\u00bb]<\/p>\n<p>Cruzaremos la presa, y al otro lado nos encontraremos un monumento y una zona de picnic, y cogeremos un caminito a la izquierda del monumento.<\/p>\n<p>[shashin type=\u00bbphoto\u00bb id=\u00bb255,253&#8243; size=\u00bblarge\u00bb columns=\u00bbmax\u00bb order=\u00bbuser\u00bb caption=\u00bby\u00bb position=\u00bbcenter\u00bb]<\/p>\n<p style=\"text-align: justify;\">Al cabo de unos 2&#8217;2 Km. nos encontraremos un cruce con el GR del Tour del Capcir, que seguiremos hacia la derecha, pero antes nos desviaremos unos pocos metros a la izquierda, donde podremos ver un puente y una minicascada (depender\u00e1 de la epoca del a\u00f1o y la cantidad de agua)<\/p>\n<p style=\"text-align: justify;\">[shashin type=\u00bbphoto\u00bb id=\u00bb225&#8243; size=\u00bblarge\u00bb columns=\u00bbmax\u00bb order=\u00bbuser\u00bb caption=\u00bby\u00bb position=\u00bbcenter\u00bb]<\/p>\n<p style=\"text-align: justify;\">Siguiendo las se\u00f1ales amarillas y rojas del GR hacia la derecha, llegaremos al cabo de algo mas de 1 km. al pueblo de Odeillo de Real, (aunque tiene el mismo nombre, no es el Odeillo de la central solar cerca de Font Romeu).<\/p>\n<p style=\"text-align: justify;\">Alli podremos pasear por las estrechas calles del mismo, con las tipicas casas de piedra.<\/p>\n<p style=\"text-align: justify;\">[shashin type=\u00bbphoto\u00bb id=\u00bb240,242,243&#8243; size=\u00bblarge\u00bb columns=\u00bbmax\u00bb order=\u00bbuser\u00bb caption=\u00bby\u00bb position=\u00bbcenter\u00bb]<\/p>\n<p style=\"text-align: justify;\">Cruzaremos este peque\u00f1o pueblo en direccion a la parte m\u00e1s baja, y seguiremos un camino que nos llevar\u00e1 de nuevo a la presa que ya vemos desde aqu\u00ed, que cruzaremos de nuevo, volviendo al punto de partida.<\/p>\n<p style=\"text-align: justify;\">\n<hr \/>\n<hr \/>\n<p style=\"text-align: justify;\"><span style=\"color: #ff0000;\"><strong class=\"wp-caption\"><span style=\"color: #000000;\">\u00a0Mapa de la excursion<\/span><\/strong><br \/>\n<\/span><\/p>\n<p style=\"text-align: justify;\">[map style=\u00bbwidth: auto; height:400px; margin:20px 0px 20px 0px; border: 1px solid black;\u00bb gpx=\u00bbhttp:\/\/www.carlosyconchita.net\/rutas\/wp-content\/uploads\/gpx\/puyvalador-cami-de-la-pinata.gpx\u00bb]<\/p>\n<p style=\"text-align: justify;\">\n<hr \/>\n<p style=\"text-align: justify;\">\n<p class=\"wp-caption\" style=\"text-align: justify;\"><strong>Enlace album de fotos<\/strong><\/p>\n<p style=\"text-align: justify;\">[shashin type=\u00bbalbum\u00bb id=\u00bb4&#8243; size=\u00bbsmall\u00bb crop=\u00bbn\u00bb columns=\u00bbmax\u00bb caption=\u00bby\u00bb order=\u00bbdate\u00bb position=\u00bbcenter\u00bb]<\/p>\n<hr \/>\n<p style=\"text-align: justify;\"><strong class=\"wp-caption\">Enlace Wikiloc<\/strong><\/p>\n<p>&nbsp;<\/p>\n<table border=\"0\" frame=\"border\">\n<tbody>\n<tr align=\"left\" valign=\"middle\">\n<td align=\"center\" valign=\"middle\"><a title=\"Enlace a Wikiloc\" href=\"http:\/\/es.wikiloc.com\/wikiloc\/view.do?id=5218063\" target=\"_blank\"><img loading=\"lazy\" decoding=\"async\" class=\"aligncenter\" title=\"wikiloc\" alt=\"\" src=\"http:\/\/www.carlosyconchita.net\/rutas\/wp-content\/uploads\/2020\/09\/wikiloc.jpg\" width=\"117\" height=\"34\" \/><\/a><\/td>\n<td align=\"center\" valign=\"middle\"><\/td>\n<\/tr>\n<\/tbody>\n<\/table>\n<hr \/>\n<p>&nbsp;<\/p>\n","protected":false},"excerpt":{"rendered":"<p>Dificultad :\u00a0 Muy f\u00e1cil\u00a0\u00a0\u00a0\u00a0\u00a0\u00a0\u00a0\u00a0\u00a0\u00a0\u00a0\u00a0\u00a0\u00a0\u00a0\u00a0\u00a0\u00a0\u00a0\u00a0\u00a0\u00a0\u00a0\u00a0\u00a0\u00a0\u00a0\u00a0\u00a0\u00a0\u00a0\u00a0\u00a0\u00a0\u00a0\u00a0\u00a0\u00a0\u00a0\u00a0\u00a0\u00a0\u00a0\u00a0\u00a0\u00a0 Recorrido :\u00a0\u00a0 5&#8217;840 km. \u00a0Desnivel :\u00a0\u00a0 213 m. \u00a0 \u00a0 \u00a0 \u00a0 \u00a0 \u00a0 \u00a0 \u00a0 \u00a0 \u00a0 \u00a0 \u00a0 \u00a0 \u00a0 \u00a0 \u00a0 \u00a0 \u00a0 \u00a0 \u00a0 \u00a0 \u00a0 \u00a0 \u00a0 \u00a0\u00a0 Alturas :\u00a0 1.415 \/ 1.534 m. F\u00e1cil caminata por los alrededores del lago de Puyvalador, se\u00f1alada en la [&hellip;]<\/p>\n","protected":false},"author":50,"featured_media":3466,"comment_status":"open","ping_status":"open","sticky":false,"template":"","format":"gallery","meta":{"footnotes":""},"categories":[14],"tags":[],"class_list":{"0":"post-3076","1":"post","2":"type-post","3":"status-publish","4":"format-gallery","5":"has-post-thumbnail","6":"hentry","7":"category-muy-facil","8":"post_format-post-format-gallery","10":"post-with-thumbnail","11":"post-with-thumbnail-icon"},"yoast_head":"<!-- This site is optimized with the Yoast SEO plugin v27.4 - https:\/\/yoast.com\/product\/yoast-seo-wordpress\/ -->\n<title>09-08-2013 - Puyvalador - Cam\u00ed de la Pinata -<\/title>\n<meta name=\"robots\" content=\"index, follow, max-snippet:-1, max-image-preview:large, max-video-preview:-1\" \/>\n<link rel=\"canonical\" href=\"https:\/\/www.carlosyconchita.net\/rutas\/09-08-2013-cami-de-la-pinata-puyvalador\/\" \/>\n<meta property=\"og:locale\" content=\"es_ES\" \/>\n<meta property=\"og:type\" content=\"article\" \/>\n<meta property=\"og:title\" content=\"09-08-2013 - Puyvalador - Cam\u00ed de la Pinata -\" \/>\n<meta property=\"og:description\" content=\"Dificultad :\u00a0 Muy f\u00e1cil\u00a0\u00a0\u00a0\u00a0\u00a0\u00a0\u00a0\u00a0\u00a0\u00a0\u00a0\u00a0\u00a0\u00a0\u00a0\u00a0\u00a0\u00a0\u00a0\u00a0\u00a0\u00a0\u00a0\u00a0\u00a0\u00a0\u00a0\u00a0\u00a0\u00a0\u00a0\u00a0\u00a0\u00a0\u00a0\u00a0\u00a0\u00a0\u00a0\u00a0\u00a0\u00a0\u00a0\u00a0\u00a0\u00a0 Recorrido :\u00a0\u00a0 5&#8217;840 km. \u00a0Desnivel :\u00a0\u00a0 213 m. \u00a0 \u00a0 \u00a0 \u00a0 \u00a0 \u00a0 \u00a0 \u00a0 \u00a0 \u00a0 \u00a0 \u00a0 \u00a0 \u00a0 \u00a0 \u00a0 \u00a0 \u00a0 \u00a0 \u00a0 \u00a0 \u00a0 \u00a0 \u00a0 \u00a0\u00a0 Alturas :\u00a0 1.415 \/ 1.534 m. F\u00e1cil caminata por los alrededores del lago de Puyvalador, se\u00f1alada en la [&hellip;]\" \/>\n<meta property=\"og:url\" content=\"https:\/\/www.carlosyconchita.net\/rutas\/09-08-2013-cami-de-la-pinata-puyvalador\/\" \/>\n<meta property=\"og:site_name\" content=\"Las rutas de Carlos y Conchita\" \/>\n<meta property=\"article:published_time\" content=\"2013-08-09T20:15:25+00:00\" \/>\n<meta property=\"article:modified_time\" content=\"2013-11-18T16:27:48+00:00\" \/>\n<meta property=\"og:image\" content=\"https:\/\/www.carlosyconchita.net\/rutas\/wp-content\/uploads\/2013\/08\/P8092291.jpg\" \/>\n\t<meta property=\"og:image:width\" content=\"533\" \/>\n\t<meta property=\"og:image:height\" content=\"400\" \/>\n\t<meta property=\"og:image:type\" content=\"image\/jpeg\" \/>\n<meta name=\"author\" content=\"Carlos Conchita\" \/>\n<meta name=\"twitter:label1\" content=\"Escrito por\" \/>\n\t<meta name=\"twitter:data1\" content=\"Carlos Conchita\" \/>\n\t<meta name=\"twitter:label2\" content=\"Tiempo de lectura\" \/>\n\t<meta name=\"twitter:data2\" content=\"2 minutos\" \/>\n<script type=\"application\/ld+json\" class=\"yoast-schema-graph\">{\"@context\":\"https:\\\/\\\/schema.org\",\"@graph\":[{\"@type\":\"Article\",\"@id\":\"https:\\\/\\\/www.carlosyconchita.net\\\/rutas\\\/09-08-2013-cami-de-la-pinata-puyvalador\\\/#article\",\"isPartOf\":{\"@id\":\"https:\\\/\\\/www.carlosyconchita.net\\\/rutas\\\/09-08-2013-cami-de-la-pinata-puyvalador\\\/\"},\"author\":{\"name\":\"Carlos Conchita\",\"@id\":\"https:\\\/\\\/www.carlosyconchita.net\\\/rutas\\\/#\\\/schema\\\/person\\\/a9691f7258c28443fab2d3aa1479ea19\"},\"headline\":\"09-08-2013 &#8211; Puyvalador &#8211; Cam\u00ed de la Pinata\",\"datePublished\":\"2013-08-09T20:15:25+00:00\",\"dateModified\":\"2013-11-18T16:27:48+00:00\",\"mainEntityOfPage\":{\"@id\":\"https:\\\/\\\/www.carlosyconchita.net\\\/rutas\\\/09-08-2013-cami-de-la-pinata-puyvalador\\\/\"},\"wordCount\":450,\"commentCount\":0,\"image\":{\"@id\":\"https:\\\/\\\/www.carlosyconchita.net\\\/rutas\\\/09-08-2013-cami-de-la-pinata-puyvalador\\\/#primaryimage\"},\"thumbnailUrl\":\"https:\\\/\\\/www.carlosyconchita.net\\\/rutas\\\/wp-content\\\/uploads\\\/2013\\\/08\\\/P8092291.jpg\",\"articleSection\":[\"0-Muy f\u00e1cil\"],\"inLanguage\":\"es\",\"potentialAction\":[{\"@type\":\"CommentAction\",\"name\":\"Comment\",\"target\":[\"https:\\\/\\\/www.carlosyconchita.net\\\/rutas\\\/09-08-2013-cami-de-la-pinata-puyvalador\\\/#respond\"]}]},{\"@type\":\"WebPage\",\"@id\":\"https:\\\/\\\/www.carlosyconchita.net\\\/rutas\\\/09-08-2013-cami-de-la-pinata-puyvalador\\\/\",\"url\":\"https:\\\/\\\/www.carlosyconchita.net\\\/rutas\\\/09-08-2013-cami-de-la-pinata-puyvalador\\\/\",\"name\":\"09-08-2013 - Puyvalador - Cam\u00ed de la Pinata -\",\"isPartOf\":{\"@id\":\"https:\\\/\\\/www.carlosyconchita.net\\\/rutas\\\/#website\"},\"primaryImageOfPage\":{\"@id\":\"https:\\\/\\\/www.carlosyconchita.net\\\/rutas\\\/09-08-2013-cami-de-la-pinata-puyvalador\\\/#primaryimage\"},\"image\":{\"@id\":\"https:\\\/\\\/www.carlosyconchita.net\\\/rutas\\\/09-08-2013-cami-de-la-pinata-puyvalador\\\/#primaryimage\"},\"thumbnailUrl\":\"https:\\\/\\\/www.carlosyconchita.net\\\/rutas\\\/wp-content\\\/uploads\\\/2013\\\/08\\\/P8092291.jpg\",\"datePublished\":\"2013-08-09T20:15:25+00:00\",\"dateModified\":\"2013-11-18T16:27:48+00:00\",\"author\":{\"@id\":\"https:\\\/\\\/www.carlosyconchita.net\\\/rutas\\\/#\\\/schema\\\/person\\\/a9691f7258c28443fab2d3aa1479ea19\"},\"breadcrumb\":{\"@id\":\"https:\\\/\\\/www.carlosyconchita.net\\\/rutas\\\/09-08-2013-cami-de-la-pinata-puyvalador\\\/#breadcrumb\"},\"inLanguage\":\"es\",\"potentialAction\":[{\"@type\":\"ReadAction\",\"target\":[\"https:\\\/\\\/www.carlosyconchita.net\\\/rutas\\\/09-08-2013-cami-de-la-pinata-puyvalador\\\/\"]}]},{\"@type\":\"ImageObject\",\"inLanguage\":\"es\",\"@id\":\"https:\\\/\\\/www.carlosyconchita.net\\\/rutas\\\/09-08-2013-cami-de-la-pinata-puyvalador\\\/#primaryimage\",\"url\":\"https:\\\/\\\/www.carlosyconchita.net\\\/rutas\\\/wp-content\\\/uploads\\\/2013\\\/08\\\/P8092291.jpg\",\"contentUrl\":\"https:\\\/\\\/www.carlosyconchita.net\\\/rutas\\\/wp-content\\\/uploads\\\/2013\\\/08\\\/P8092291.jpg\",\"width\":533,\"height\":400},{\"@type\":\"BreadcrumbList\",\"@id\":\"https:\\\/\\\/www.carlosyconchita.net\\\/rutas\\\/09-08-2013-cami-de-la-pinata-puyvalador\\\/#breadcrumb\",\"itemListElement\":[{\"@type\":\"ListItem\",\"position\":1,\"name\":\"Portada\",\"item\":\"https:\\\/\\\/www.carlosyconchita.net\\\/rutas\\\/\"},{\"@type\":\"ListItem\",\"position\":2,\"name\":\"09-08-2013 &#8211; Puyvalador &#8211; Cam\u00ed de la Pinata\"}]},{\"@type\":\"WebSite\",\"@id\":\"https:\\\/\\\/www.carlosyconchita.net\\\/rutas\\\/#website\",\"url\":\"https:\\\/\\\/www.carlosyconchita.net\\\/rutas\\\/\",\"name\":\"Las rutas de Carlos y Conchita\",\"description\":\"\",\"potentialAction\":[{\"@type\":\"SearchAction\",\"target\":{\"@type\":\"EntryPoint\",\"urlTemplate\":\"https:\\\/\\\/www.carlosyconchita.net\\\/rutas\\\/?s={search_term_string}\"},\"query-input\":{\"@type\":\"PropertyValueSpecification\",\"valueRequired\":true,\"valueName\":\"search_term_string\"}}],\"inLanguage\":\"es\"},{\"@type\":\"Person\",\"@id\":\"https:\\\/\\\/www.carlosyconchita.net\\\/rutas\\\/#\\\/schema\\\/person\\\/a9691f7258c28443fab2d3aa1479ea19\",\"name\":\"Carlos Conchita\",\"image\":{\"@type\":\"ImageObject\",\"inLanguage\":\"es\",\"@id\":\"https:\\\/\\\/secure.gravatar.com\\\/avatar\\\/3a4625b20c8da3de99da69bfe7a322774e291c3f90dce7e8778a30fe6748ed1a?s=96&d=mm&r=g\",\"url\":\"https:\\\/\\\/secure.gravatar.com\\\/avatar\\\/3a4625b20c8da3de99da69bfe7a322774e291c3f90dce7e8778a30fe6748ed1a?s=96&d=mm&r=g\",\"contentUrl\":\"https:\\\/\\\/secure.gravatar.com\\\/avatar\\\/3a4625b20c8da3de99da69bfe7a322774e291c3f90dce7e8778a30fe6748ed1a?s=96&d=mm&r=g\",\"caption\":\"Carlos Conchita\"}}]}<\/script>\n<!-- \/ Yoast SEO plugin. -->","yoast_head_json":{"title":"09-08-2013 - Puyvalador - Cam\u00ed de la Pinata -","robots":{"index":"index","follow":"follow","max-snippet":"max-snippet:-1","max-image-preview":"max-image-preview:large","max-video-preview":"max-video-preview:-1"},"canonical":"https:\/\/www.carlosyconchita.net\/rutas\/09-08-2013-cami-de-la-pinata-puyvalador\/","og_locale":"es_ES","og_type":"article","og_title":"09-08-2013 - Puyvalador - Cam\u00ed de la Pinata -","og_description":"Dificultad :\u00a0 Muy f\u00e1cil\u00a0\u00a0\u00a0\u00a0\u00a0\u00a0\u00a0\u00a0\u00a0\u00a0\u00a0\u00a0\u00a0\u00a0\u00a0\u00a0\u00a0\u00a0\u00a0\u00a0\u00a0\u00a0\u00a0\u00a0\u00a0\u00a0\u00a0\u00a0\u00a0\u00a0\u00a0\u00a0\u00a0\u00a0\u00a0\u00a0\u00a0\u00a0\u00a0\u00a0\u00a0\u00a0\u00a0\u00a0\u00a0\u00a0 Recorrido :\u00a0\u00a0 5&#8217;840 km. \u00a0Desnivel :\u00a0\u00a0 213 m. \u00a0 \u00a0 \u00a0 \u00a0 \u00a0 \u00a0 \u00a0 \u00a0 \u00a0 \u00a0 \u00a0 \u00a0 \u00a0 \u00a0 \u00a0 \u00a0 \u00a0 \u00a0 \u00a0 \u00a0 \u00a0 \u00a0 \u00a0 \u00a0 \u00a0\u00a0 Alturas :\u00a0 1.415 \/ 1.534 m. F\u00e1cil caminata por los alrededores del lago de Puyvalador, se\u00f1alada en la [&hellip;]","og_url":"https:\/\/www.carlosyconchita.net\/rutas\/09-08-2013-cami-de-la-pinata-puyvalador\/","og_site_name":"Las rutas de Carlos y Conchita","article_published_time":"2013-08-09T20:15:25+00:00","article_modified_time":"2013-11-18T16:27:48+00:00","og_image":[{"width":533,"height":400,"url":"https:\/\/www.carlosyconchita.net\/rutas\/wp-content\/uploads\/2013\/08\/P8092291.jpg","type":"image\/jpeg"}],"author":"Carlos Conchita","twitter_misc":{"Escrito por":"Carlos Conchita","Tiempo de lectura":"2 minutos"},"schema":{"@context":"https:\/\/schema.org","@graph":[{"@type":"Article","@id":"https:\/\/www.carlosyconchita.net\/rutas\/09-08-2013-cami-de-la-pinata-puyvalador\/#article","isPartOf":{"@id":"https:\/\/www.carlosyconchita.net\/rutas\/09-08-2013-cami-de-la-pinata-puyvalador\/"},"author":{"name":"Carlos Conchita","@id":"https:\/\/www.carlosyconchita.net\/rutas\/#\/schema\/person\/a9691f7258c28443fab2d3aa1479ea19"},"headline":"09-08-2013 &#8211; Puyvalador &#8211; Cam\u00ed de la Pinata","datePublished":"2013-08-09T20:15:25+00:00","dateModified":"2013-11-18T16:27:48+00:00","mainEntityOfPage":{"@id":"https:\/\/www.carlosyconchita.net\/rutas\/09-08-2013-cami-de-la-pinata-puyvalador\/"},"wordCount":450,"commentCount":0,"image":{"@id":"https:\/\/www.carlosyconchita.net\/rutas\/09-08-2013-cami-de-la-pinata-puyvalador\/#primaryimage"},"thumbnailUrl":"https:\/\/www.carlosyconchita.net\/rutas\/wp-content\/uploads\/2013\/08\/P8092291.jpg","articleSection":["0-Muy f\u00e1cil"],"inLanguage":"es","potentialAction":[{"@type":"CommentAction","name":"Comment","target":["https:\/\/www.carlosyconchita.net\/rutas\/09-08-2013-cami-de-la-pinata-puyvalador\/#respond"]}]},{"@type":"WebPage","@id":"https:\/\/www.carlosyconchita.net\/rutas\/09-08-2013-cami-de-la-pinata-puyvalador\/","url":"https:\/\/www.carlosyconchita.net\/rutas\/09-08-2013-cami-de-la-pinata-puyvalador\/","name":"09-08-2013 - Puyvalador - Cam\u00ed de la Pinata -","isPartOf":{"@id":"https:\/\/www.carlosyconchita.net\/rutas\/#website"},"primaryImageOfPage":{"@id":"https:\/\/www.carlosyconchita.net\/rutas\/09-08-2013-cami-de-la-pinata-puyvalador\/#primaryimage"},"image":{"@id":"https:\/\/www.carlosyconchita.net\/rutas\/09-08-2013-cami-de-la-pinata-puyvalador\/#primaryimage"},"thumbnailUrl":"https:\/\/www.carlosyconchita.net\/rutas\/wp-content\/uploads\/2013\/08\/P8092291.jpg","datePublished":"2013-08-09T20:15:25+00:00","dateModified":"2013-11-18T16:27:48+00:00","author":{"@id":"https:\/\/www.carlosyconchita.net\/rutas\/#\/schema\/person\/a9691f7258c28443fab2d3aa1479ea19"},"breadcrumb":{"@id":"https:\/\/www.carlosyconchita.net\/rutas\/09-08-2013-cami-de-la-pinata-puyvalador\/#breadcrumb"},"inLanguage":"es","potentialAction":[{"@type":"ReadAction","target":["https:\/\/www.carlosyconchita.net\/rutas\/09-08-2013-cami-de-la-pinata-puyvalador\/"]}]},{"@type":"ImageObject","inLanguage":"es","@id":"https:\/\/www.carlosyconchita.net\/rutas\/09-08-2013-cami-de-la-pinata-puyvalador\/#primaryimage","url":"https:\/\/www.carlosyconchita.net\/rutas\/wp-content\/uploads\/2013\/08\/P8092291.jpg","contentUrl":"https:\/\/www.carlosyconchita.net\/rutas\/wp-content\/uploads\/2013\/08\/P8092291.jpg","width":533,"height":400},{"@type":"BreadcrumbList","@id":"https:\/\/www.carlosyconchita.net\/rutas\/09-08-2013-cami-de-la-pinata-puyvalador\/#breadcrumb","itemListElement":[{"@type":"ListItem","position":1,"name":"Portada","item":"https:\/\/www.carlosyconchita.net\/rutas\/"},{"@type":"ListItem","position":2,"name":"09-08-2013 &#8211; Puyvalador &#8211; Cam\u00ed de la Pinata"}]},{"@type":"WebSite","@id":"https:\/\/www.carlosyconchita.net\/rutas\/#website","url":"https:\/\/www.carlosyconchita.net\/rutas\/","name":"Las rutas de Carlos y Conchita","description":"","potentialAction":[{"@type":"SearchAction","target":{"@type":"EntryPoint","urlTemplate":"https:\/\/www.carlosyconchita.net\/rutas\/?s={search_term_string}"},"query-input":{"@type":"PropertyValueSpecification","valueRequired":true,"valueName":"search_term_string"}}],"inLanguage":"es"},{"@type":"Person","@id":"https:\/\/www.carlosyconchita.net\/rutas\/#\/schema\/person\/a9691f7258c28443fab2d3aa1479ea19","name":"Carlos Conchita","image":{"@type":"ImageObject","inLanguage":"es","@id":"https:\/\/secure.gravatar.com\/avatar\/3a4625b20c8da3de99da69bfe7a322774e291c3f90dce7e8778a30fe6748ed1a?s=96&d=mm&r=g","url":"https:\/\/secure.gravatar.com\/avatar\/3a4625b20c8da3de99da69bfe7a322774e291c3f90dce7e8778a30fe6748ed1a?s=96&d=mm&r=g","contentUrl":"https:\/\/secure.gravatar.com\/avatar\/3a4625b20c8da3de99da69bfe7a322774e291c3f90dce7e8778a30fe6748ed1a?s=96&d=mm&r=g","caption":"Carlos Conchita"}}]}},"_links":{"self":[{"href":"https:\/\/www.carlosyconchita.net\/rutas\/wp-json\/wp\/v2\/posts\/3076","targetHints":{"allow":["GET"]}}],"collection":[{"href":"https:\/\/www.carlosyconchita.net\/rutas\/wp-json\/wp\/v2\/posts"}],"about":[{"href":"https:\/\/www.carlosyconchita.net\/rutas\/wp-json\/wp\/v2\/types\/post"}],"author":[{"embeddable":true,"href":"https:\/\/www.carlosyconchita.net\/rutas\/wp-json\/wp\/v2\/users\/50"}],"replies":[{"embeddable":true,"href":"https:\/\/www.carlosyconchita.net\/rutas\/wp-json\/wp\/v2\/comments?post=3076"}],"version-history":[{"count":0,"href":"https:\/\/www.carlosyconchita.net\/rutas\/wp-json\/wp\/v2\/posts\/3076\/revisions"}],"wp:featuredmedia":[{"embeddable":true,"href":"https:\/\/www.carlosyconchita.net\/rutas\/wp-json\/wp\/v2\/media\/3466"}],"wp:attachment":[{"href":"https:\/\/www.carlosyconchita.net\/rutas\/wp-json\/wp\/v2\/media?parent=3076"}],"wp:term":[{"taxonomy":"category","embeddable":true,"href":"https:\/\/www.carlosyconchita.net\/rutas\/wp-json\/wp\/v2\/categories?post=3076"},{"taxonomy":"post_tag","embeddable":true,"href":"https:\/\/www.carlosyconchita.net\/rutas\/wp-json\/wp\/v2\/tags?post=3076"}],"curies":[{"name":"wp","href":"https:\/\/api.w.org\/{rel}","templated":true}]}}