{"id":3092,"date":"2013-08-10T20:49:22","date_gmt":"2013-08-10T19:49:22","guid":{"rendered":"http:\/\/www.carlosyconchita.net\/rutas\/?p=3092"},"modified":"2016-10-28T20:36:58","modified_gmt":"2016-10-28T19:36:58","slug":"10-08-2013-bellver-de-cerdanya-pi-olia-santa-eugenia","status":"publish","type":"post","link":"https:\/\/www.carlosyconchita.net\/rutas\/10-08-2013-bellver-de-cerdanya-pi-olia-santa-eugenia\/","title":{"rendered":"10-08-2013 &#8211; Bellver de Cerdanya, P\u00ed, Oli\u00e1, Santa Eugenia"},"content":{"rendered":"<table border=\"0\">\n<tbody>\n<tr>\n<td><strong>Dificultad :\u00a0 F\u00e1cil\u00a0\u00a0\u00a0\u00a0\u00a0\u00a0\u00a0\u00a0\u00a0\u00a0\u00a0\u00a0\u00a0\u00a0\u00a0\u00a0\u00a0\u00a0\u00a0\u00a0\u00a0\u00a0\u00a0\u00a0\u00a0\u00a0\u00a0\u00a0\u00a0\u00a0\u00a0\u00a0\u00a0\u00a0\u00a0\u00a0\u00a0\u00a0\u00a0\u00a0\u00a0\u00a0\u00a0\u00a0\u00a0\u00a0 <strong>Recorrido : 12&#8217;390 km.<\/strong><\/strong><\/td>\n<td>&nbsp;<\/td>\n<\/tr>\n<tr>\n<td><strong>\u00a0Desnivel :\u00a0 326 m. \u00a0 \u00a0 \u00a0 \u00a0 \u00a0 \u00a0 \u00a0 \u00a0 \u00a0 \u00a0 \u00a0 \u00a0 \u00a0 \u00a0 \u00a0 \u00a0 \u00a0 \u00a0 \u00a0 \u00a0 \u00a0 \u00a0<strong> Alturas :\u00a0\u00a0 988 \/ 1.116 m.<br \/>\n <\/strong><\/strong><\/td>\n<td>&nbsp;<\/td>\n<\/tr>\n<\/tbody>\n<\/table>\n<p style=\"text-align: justify;\">Partiendo de Bellver de Cerdanya, pasaremos por los peque\u00f1os y bonitos pueblos de P\u00ed, Oli\u00e1 y Santa Eugenia, en donde podremos ver su torre inclinada.<\/p>\n<p style=\"text-align: justify;\">Pasaremos tamb\u00eden por un tramo del rio Segre, en la zona del Parque Fluvial de Les Basses de Galliss\u00e1, que lamentablemente tenia un aspecto muy abandonado y sucio.<\/p>\n<p style=\"text-align: justify;\">Cerca de la oficina de turismo empieza la carretera a Tall\u00f3, y continuando un poco en esa direccion, podremos encontrar sitio para dejar el coche.<\/p>\n<p style=\"text-align: justify;\">Alli seguiremos las se\u00f1ales rojas y blancas del GR107, que nos desviaran por un camino a\u00a0 la derecha poco antes de llegar a Tall\u00f3, dejando el GR107.<\/p>\n<p>[shashin type=\u00bbphoto\u00bb id=\u00bb154&#8243; size=\u00bblarge\u00bb columns=\u00bbmax\u00bb order=\u00bbuser\u00bb caption=\u00bby\u00bb position=\u00bbcenter\u00bb]<\/p>\n<p>&nbsp;<\/p>\n<p style=\"text-align: justify;\">En principio, a partir de este punto seguiremos las se\u00f1ales del GR150, pero en cualquier caso, nos dirigiremos al peque\u00f1o pueblo de P\u00ed.<\/p>\n<p style=\"text-align: justify;\">[shashin type=\u00bbphoto\u00bb id=\u00bb158&#8243; size=\u00bblarge\u00bb columns=\u00bbmax\u00bb order=\u00bbuser\u00bb caption=\u00bby\u00bb position=\u00bbcenter\u00bb]<\/p>\n<p>&nbsp;<\/p>\n<p style=\"text-align: justify;\">Una vez en este pueblo, seguiremos la calle principal, y cuando lleguemos a la iglesia, giraremos a la izquierda, en una calle con grandes y bonitas casas centenarias, con grandes patios y portales.<\/p>\n<p style=\"text-align: justify;\">[shashin type=\u00bbphoto\u00bb id=\u00bb161,165&#8243; size=\u00bblarge\u00bb columns=\u00bbmax\u00bb order=\u00bbuser\u00bb caption=\u00bby\u00bb position=\u00bbcenter\u00bb]<\/p>\n<p style=\"text-align: justify;\">Saldremos del pueblo subiendo la calle, y junto a una explotacion ganadera, seguiremos un poste que nos indica Oli\u00e1.<\/p>\n<p style=\"text-align: justify;\">Hay un peque\u00f1o tramo asfaltado, y despues el camino se estrecha y baja hasta el arroyo de Garcades, que cruzaremos, subiendo entonces hasta que en un cruce seguimos por la derecha, y entramos ya en Oli\u00e1.<\/p>\n<p style=\"text-align: justify;\">[shashin type=\u00bbphoto\u00bb id=\u00bb170,175&#8243; size=\u00bblarge\u00bb columns=\u00bbmax\u00bb order=\u00bbuser\u00bb caption=\u00bby\u00bb position=\u00bbcenter\u00bb]<\/p>\n<p style=\"text-align: justify;\">Alli pasaremos junto a una urbanizacion con jardines, y seguiremos despues las se\u00f1ales del GR, bajando entre huertos y llegando despues a la carretera, justo en el cruce que nos lleva a Santa Eugenia.<\/p>\n<p style=\"text-align: justify;\">Alli podremos ver la ermita romanica, con una torre inclinada, que en la zona llaman la Torre de Pisa de la Cerdanya.<\/p>\n<p style=\"text-align: justify;\">[shashin type=\u00bbphoto\u00bb id=\u00bb181,185&#8243; size=\u00bblarge\u00bb columns=\u00bbmax\u00bb order=\u00bbuser\u00bb caption=\u00bby\u00bb position=\u00bbcenter\u00bb]<\/p>\n<p style=\"text-align: justify;\">Saldremos de Santa Eugenia volviendo al cruce de la carretera, y entonces la seguiremos en direccion a Bellver, y al cabo de poco, en una curva de la carretera nosotros seguiremos recto por un camino de tierra que va en linea recta a Bellver.<\/p>\n<p style=\"text-align: justify;\">Pasamos entre pastos, ganado y granjas, y al poco veremos una se\u00f1al a la izquierda que nos indica Les Basses de Galliss\u00e1, a donde nos dirigimos.<\/p>\n<p style=\"text-align: justify;\">Este es un parque fluvial al lado del rio Segre, que se construy\u00f3 hace a\u00f1os en esta zona, que antiguamente era vertedero de tierras, pero actualmente esta muy abandonado y descuidado.<\/p>\n<p style=\"text-align: justify;\">[shashin type=\u00bbphoto\u00bb id=\u00bb194,198,200&#8243; size=\u00bblarge\u00bb columns=\u00bbmax\u00bb order=\u00bbuser\u00bb caption=\u00bby\u00bb position=\u00bbcenter\u00bb]<\/p>\n<p>\u00a0Despues volveremos un poco atr\u00e1s hasta el \u00faltimo cruce, para tomar de nuevo el camino que nos llevar\u00e1 a Bellver.<\/p>\n<hr \/>\n<p>[map style=\u00bbwidth: auto; height:400px; margin:20px 0px 20px 0px; border: 1px solid black;\u00bb gpx=\u00bbhttp:\/\/www.carlosyconchita.net\/rutas\/wp-content\/uploads\/gpx\/bellver-de-cerdanya-pi-olia-santa-eugenia.gpx\u00bb]<\/p>\n<hr \/>\n<p>&nbsp;<\/p>\n<h2 style=\"text-align: center;\"><a href=\"https:\/\/get.google.com\/albumarchive\/107644747431220159618\/album\/AF1QipP9Yb0hKul1kmC30lTTLsGgGOCNqj0H5cLohhms\" target=\"_blank\"><strong><span style=\"color: #000080;\">Enlace album de fotos<\/span><\/strong><\/a><\/h2>\n<p>&nbsp;<\/p>\n<hr \/>\n<p>&nbsp;<\/p>\n<p class=\"wp-caption\" style=\"text-align: justify;\"><span style=\"color: #ff0000;\">\u00a0<\/span><strong>Enlace Wikiloc<\/strong><\/p>\n<p>&nbsp;<\/p>\n<table border=\"0\" frame=\"border\">\n<tbody>\n<tr align=\"left\" valign=\"middle\">\n<td align=\"center\" valign=\"middle\"><a title=\"Enlace a Wikiloc\" href=\"http:\/\/es.wikiloc.com\/wikiloc\/view.do?id=5164815\" target=\"_blank\"><img loading=\"lazy\" decoding=\"async\" class=\"alignnone\" title=\"wikiloc\" src=\"http:\/\/www.carlosyconchita.net\/rutas\/wp-content\/uploads\/2020\/09\/wikiloc.jpg\" alt=\"\" width=\"117\" height=\"34\" \/><\/a><\/td>\n<td align=\"center\" valign=\"middle\">\u00a0<\/td>\n<\/tr>\n<\/tbody>\n<\/table>\n<p>&nbsp;<\/p>\n<p>&nbsp;<\/p>\n<p>&nbsp;<\/p>\n","protected":false},"excerpt":{"rendered":"<p>Dificultad :\u00a0 F\u00e1cil\u00a0\u00a0\u00a0\u00a0\u00a0\u00a0\u00a0\u00a0\u00a0\u00a0\u00a0\u00a0\u00a0\u00a0\u00a0\u00a0\u00a0\u00a0\u00a0\u00a0\u00a0\u00a0\u00a0\u00a0\u00a0\u00a0\u00a0\u00a0\u00a0\u00a0\u00a0\u00a0\u00a0\u00a0\u00a0\u00a0\u00a0\u00a0\u00a0\u00a0\u00a0\u00a0\u00a0\u00a0\u00a0\u00a0 Recorrido : 12&#8217;390 km. &nbsp; \u00a0Desnivel :\u00a0 326 m. \u00a0 \u00a0 \u00a0 \u00a0 \u00a0 \u00a0 \u00a0 \u00a0 \u00a0 \u00a0 \u00a0 \u00a0 \u00a0 \u00a0 \u00a0 \u00a0 \u00a0 \u00a0 \u00a0 \u00a0 \u00a0 \u00a0 Alturas :\u00a0\u00a0 988 \/ 1.116 m. &nbsp; Partiendo de Bellver de Cerdanya, pasaremos por los peque\u00f1os y bonitos pueblos de P\u00ed, [&hellip;]<\/p>\n","protected":false},"author":50,"featured_media":3110,"comment_status":"open","ping_status":"open","sticky":false,"template":"","format":"gallery","meta":{"footnotes":""},"categories":[10,23,41],"tags":[],"class_list":{"0":"post-3092","1":"post","2":"type-post","3":"status-publish","4":"format-gallery","5":"has-post-thumbnail","6":"hentry","7":"category-facil","8":"category-de-10-a-15-km","9":"category-cerdanya-sur","10":"post_format-post-format-gallery","12":"post-with-thumbnail","13":"post-with-thumbnail-icon"},"yoast_head":"<!-- This site is optimized with the Yoast SEO plugin v27.4 - https:\/\/yoast.com\/product\/yoast-seo-wordpress\/ -->\n<title>Bellver de Cerdanya, P\u00ed, Oli\u00e1, Santa Eugenia<\/title>\n<meta name=\"description\" content=\"Partiendo de Bellver de Cerdanya, pasaremos por los peque\u00f1os y bonitos pueblos de P\u00ed , Oli\u00e1 y Santa Eugenia, en donde podremos ver su torre inclinada.\" \/>\n<meta name=\"robots\" content=\"index, follow, max-snippet:-1, max-image-preview:large, max-video-preview:-1\" \/>\n<link rel=\"canonical\" href=\"https:\/\/www.carlosyconchita.net\/rutas\/10-08-2013-bellver-de-cerdanya-pi-olia-santa-eugenia\/\" \/>\n<meta property=\"og:locale\" content=\"es_ES\" \/>\n<meta property=\"og:type\" content=\"article\" \/>\n<meta property=\"og:title\" content=\"Bellver de Cerdanya, P\u00ed, Oli\u00e1, Santa Eugenia\" \/>\n<meta property=\"og:description\" content=\"Partiendo de Bellver de Cerdanya, pasaremos por los peque\u00f1os y bonitos pueblos de P\u00ed , Oli\u00e1 y Santa Eugenia, en donde podremos ver su torre inclinada.\" \/>\n<meta property=\"og:url\" content=\"https:\/\/www.carlosyconchita.net\/rutas\/10-08-2013-bellver-de-cerdanya-pi-olia-santa-eugenia\/\" \/>\n<meta property=\"og:site_name\" content=\"Las rutas de Carlos y Conchita\" \/>\n<meta property=\"article:published_time\" content=\"2013-08-10T19:49:22+00:00\" \/>\n<meta property=\"article:modified_time\" content=\"2016-10-28T19:36:58+00:00\" \/>\n<meta property=\"og:image\" content=\"https:\/\/www.carlosyconchita.net\/rutas\/wp-content\/uploads\/2013\/08\/P8102354-copia.jpg\" \/>\n\t<meta property=\"og:image:width\" content=\"700\" \/>\n\t<meta property=\"og:image:height\" content=\"271\" \/>\n\t<meta property=\"og:image:type\" content=\"image\/jpeg\" \/>\n<meta name=\"author\" content=\"Carlos Conchita\" \/>\n<meta name=\"twitter:label1\" content=\"Escrito por\" \/>\n\t<meta name=\"twitter:data1\" content=\"Carlos Conchita\" \/>\n\t<meta name=\"twitter:label2\" content=\"Tiempo de lectura\" \/>\n\t<meta name=\"twitter:data2\" content=\"3 minutos\" \/>\n<script type=\"application\/ld+json\" class=\"yoast-schema-graph\">{\"@context\":\"https:\\\/\\\/schema.org\",\"@graph\":[{\"@type\":\"Article\",\"@id\":\"https:\\\/\\\/www.carlosyconchita.net\\\/rutas\\\/10-08-2013-bellver-de-cerdanya-pi-olia-santa-eugenia\\\/#article\",\"isPartOf\":{\"@id\":\"https:\\\/\\\/www.carlosyconchita.net\\\/rutas\\\/10-08-2013-bellver-de-cerdanya-pi-olia-santa-eugenia\\\/\"},\"author\":{\"name\":\"Carlos Conchita\",\"@id\":\"https:\\\/\\\/www.carlosyconchita.net\\\/rutas\\\/#\\\/schema\\\/person\\\/a9691f7258c28443fab2d3aa1479ea19\"},\"headline\":\"10-08-2013 &#8211; Bellver de Cerdanya, P\u00ed, Oli\u00e1, Santa Eugenia\",\"datePublished\":\"2013-08-10T19:49:22+00:00\",\"dateModified\":\"2016-10-28T19:36:58+00:00\",\"mainEntityOfPage\":{\"@id\":\"https:\\\/\\\/www.carlosyconchita.net\\\/rutas\\\/10-08-2013-bellver-de-cerdanya-pi-olia-santa-eugenia\\\/\"},\"wordCount\":549,\"commentCount\":0,\"image\":{\"@id\":\"https:\\\/\\\/www.carlosyconchita.net\\\/rutas\\\/10-08-2013-bellver-de-cerdanya-pi-olia-santa-eugenia\\\/#primaryimage\"},\"thumbnailUrl\":\"https:\\\/\\\/www.carlosyconchita.net\\\/rutas\\\/wp-content\\\/uploads\\\/2013\\\/08\\\/P8102354-copia.jpg\",\"articleSection\":[\"1-F\u00e1cil\",\"3 - De 10 a 15 km.\",\"Cerdanya Sur-Cad\u00ed-Moixer\u00f3\"],\"inLanguage\":\"es\",\"potentialAction\":[{\"@type\":\"CommentAction\",\"name\":\"Comment\",\"target\":[\"https:\\\/\\\/www.carlosyconchita.net\\\/rutas\\\/10-08-2013-bellver-de-cerdanya-pi-olia-santa-eugenia\\\/#respond\"]}]},{\"@type\":\"WebPage\",\"@id\":\"https:\\\/\\\/www.carlosyconchita.net\\\/rutas\\\/10-08-2013-bellver-de-cerdanya-pi-olia-santa-eugenia\\\/\",\"url\":\"https:\\\/\\\/www.carlosyconchita.net\\\/rutas\\\/10-08-2013-bellver-de-cerdanya-pi-olia-santa-eugenia\\\/\",\"name\":\"Bellver de Cerdanya, P\u00ed, Oli\u00e1, Santa Eugenia\",\"isPartOf\":{\"@id\":\"https:\\\/\\\/www.carlosyconchita.net\\\/rutas\\\/#website\"},\"primaryImageOfPage\":{\"@id\":\"https:\\\/\\\/www.carlosyconchita.net\\\/rutas\\\/10-08-2013-bellver-de-cerdanya-pi-olia-santa-eugenia\\\/#primaryimage\"},\"image\":{\"@id\":\"https:\\\/\\\/www.carlosyconchita.net\\\/rutas\\\/10-08-2013-bellver-de-cerdanya-pi-olia-santa-eugenia\\\/#primaryimage\"},\"thumbnailUrl\":\"https:\\\/\\\/www.carlosyconchita.net\\\/rutas\\\/wp-content\\\/uploads\\\/2013\\\/08\\\/P8102354-copia.jpg\",\"datePublished\":\"2013-08-10T19:49:22+00:00\",\"dateModified\":\"2016-10-28T19:36:58+00:00\",\"author\":{\"@id\":\"https:\\\/\\\/www.carlosyconchita.net\\\/rutas\\\/#\\\/schema\\\/person\\\/a9691f7258c28443fab2d3aa1479ea19\"},\"description\":\"Partiendo de Bellver de Cerdanya, pasaremos por los peque\u00f1os y bonitos pueblos de P\u00ed , Oli\u00e1 y Santa Eugenia, en donde podremos ver su torre inclinada.\",\"breadcrumb\":{\"@id\":\"https:\\\/\\\/www.carlosyconchita.net\\\/rutas\\\/10-08-2013-bellver-de-cerdanya-pi-olia-santa-eugenia\\\/#breadcrumb\"},\"inLanguage\":\"es\",\"potentialAction\":[{\"@type\":\"ReadAction\",\"target\":[\"https:\\\/\\\/www.carlosyconchita.net\\\/rutas\\\/10-08-2013-bellver-de-cerdanya-pi-olia-santa-eugenia\\\/\"]}]},{\"@type\":\"ImageObject\",\"inLanguage\":\"es\",\"@id\":\"https:\\\/\\\/www.carlosyconchita.net\\\/rutas\\\/10-08-2013-bellver-de-cerdanya-pi-olia-santa-eugenia\\\/#primaryimage\",\"url\":\"https:\\\/\\\/www.carlosyconchita.net\\\/rutas\\\/wp-content\\\/uploads\\\/2013\\\/08\\\/P8102354-copia.jpg\",\"contentUrl\":\"https:\\\/\\\/www.carlosyconchita.net\\\/rutas\\\/wp-content\\\/uploads\\\/2013\\\/08\\\/P8102354-copia.jpg\",\"width\":700,\"height\":271},{\"@type\":\"BreadcrumbList\",\"@id\":\"https:\\\/\\\/www.carlosyconchita.net\\\/rutas\\\/10-08-2013-bellver-de-cerdanya-pi-olia-santa-eugenia\\\/#breadcrumb\",\"itemListElement\":[{\"@type\":\"ListItem\",\"position\":1,\"name\":\"Portada\",\"item\":\"https:\\\/\\\/www.carlosyconchita.net\\\/rutas\\\/\"},{\"@type\":\"ListItem\",\"position\":2,\"name\":\"10-08-2013 &#8211; Bellver de Cerdanya, P\u00ed, Oli\u00e1, Santa Eugenia\"}]},{\"@type\":\"WebSite\",\"@id\":\"https:\\\/\\\/www.carlosyconchita.net\\\/rutas\\\/#website\",\"url\":\"https:\\\/\\\/www.carlosyconchita.net\\\/rutas\\\/\",\"name\":\"Las rutas de Carlos y Conchita\",\"description\":\"\",\"potentialAction\":[{\"@type\":\"SearchAction\",\"target\":{\"@type\":\"EntryPoint\",\"urlTemplate\":\"https:\\\/\\\/www.carlosyconchita.net\\\/rutas\\\/?s={search_term_string}\"},\"query-input\":{\"@type\":\"PropertyValueSpecification\",\"valueRequired\":true,\"valueName\":\"search_term_string\"}}],\"inLanguage\":\"es\"},{\"@type\":\"Person\",\"@id\":\"https:\\\/\\\/www.carlosyconchita.net\\\/rutas\\\/#\\\/schema\\\/person\\\/a9691f7258c28443fab2d3aa1479ea19\",\"name\":\"Carlos Conchita\",\"image\":{\"@type\":\"ImageObject\",\"inLanguage\":\"es\",\"@id\":\"https:\\\/\\\/secure.gravatar.com\\\/avatar\\\/3a4625b20c8da3de99da69bfe7a322774e291c3f90dce7e8778a30fe6748ed1a?s=96&d=mm&r=g\",\"url\":\"https:\\\/\\\/secure.gravatar.com\\\/avatar\\\/3a4625b20c8da3de99da69bfe7a322774e291c3f90dce7e8778a30fe6748ed1a?s=96&d=mm&r=g\",\"contentUrl\":\"https:\\\/\\\/secure.gravatar.com\\\/avatar\\\/3a4625b20c8da3de99da69bfe7a322774e291c3f90dce7e8778a30fe6748ed1a?s=96&d=mm&r=g\",\"caption\":\"Carlos Conchita\"}}]}<\/script>\n<!-- \/ Yoast SEO plugin. -->","yoast_head_json":{"title":"Bellver de Cerdanya, P\u00ed, Oli\u00e1, Santa Eugenia","description":"Partiendo de Bellver de Cerdanya, pasaremos por los peque\u00f1os y bonitos pueblos de P\u00ed , Oli\u00e1 y Santa Eugenia, en donde podremos ver su torre inclinada.","robots":{"index":"index","follow":"follow","max-snippet":"max-snippet:-1","max-image-preview":"max-image-preview:large","max-video-preview":"max-video-preview:-1"},"canonical":"https:\/\/www.carlosyconchita.net\/rutas\/10-08-2013-bellver-de-cerdanya-pi-olia-santa-eugenia\/","og_locale":"es_ES","og_type":"article","og_title":"Bellver de Cerdanya, P\u00ed, Oli\u00e1, Santa Eugenia","og_description":"Partiendo de Bellver de Cerdanya, pasaremos por los peque\u00f1os y bonitos pueblos de P\u00ed , Oli\u00e1 y Santa Eugenia, en donde podremos ver su torre inclinada.","og_url":"https:\/\/www.carlosyconchita.net\/rutas\/10-08-2013-bellver-de-cerdanya-pi-olia-santa-eugenia\/","og_site_name":"Las rutas de Carlos y Conchita","article_published_time":"2013-08-10T19:49:22+00:00","article_modified_time":"2016-10-28T19:36:58+00:00","og_image":[{"width":700,"height":271,"url":"https:\/\/www.carlosyconchita.net\/rutas\/wp-content\/uploads\/2013\/08\/P8102354-copia.jpg","type":"image\/jpeg"}],"author":"Carlos Conchita","twitter_misc":{"Escrito por":"Carlos Conchita","Tiempo de lectura":"3 minutos"},"schema":{"@context":"https:\/\/schema.org","@graph":[{"@type":"Article","@id":"https:\/\/www.carlosyconchita.net\/rutas\/10-08-2013-bellver-de-cerdanya-pi-olia-santa-eugenia\/#article","isPartOf":{"@id":"https:\/\/www.carlosyconchita.net\/rutas\/10-08-2013-bellver-de-cerdanya-pi-olia-santa-eugenia\/"},"author":{"name":"Carlos Conchita","@id":"https:\/\/www.carlosyconchita.net\/rutas\/#\/schema\/person\/a9691f7258c28443fab2d3aa1479ea19"},"headline":"10-08-2013 &#8211; Bellver de Cerdanya, P\u00ed, Oli\u00e1, Santa Eugenia","datePublished":"2013-08-10T19:49:22+00:00","dateModified":"2016-10-28T19:36:58+00:00","mainEntityOfPage":{"@id":"https:\/\/www.carlosyconchita.net\/rutas\/10-08-2013-bellver-de-cerdanya-pi-olia-santa-eugenia\/"},"wordCount":549,"commentCount":0,"image":{"@id":"https:\/\/www.carlosyconchita.net\/rutas\/10-08-2013-bellver-de-cerdanya-pi-olia-santa-eugenia\/#primaryimage"},"thumbnailUrl":"https:\/\/www.carlosyconchita.net\/rutas\/wp-content\/uploads\/2013\/08\/P8102354-copia.jpg","articleSection":["1-F\u00e1cil","3 - De 10 a 15 km.","Cerdanya Sur-Cad\u00ed-Moixer\u00f3"],"inLanguage":"es","potentialAction":[{"@type":"CommentAction","name":"Comment","target":["https:\/\/www.carlosyconchita.net\/rutas\/10-08-2013-bellver-de-cerdanya-pi-olia-santa-eugenia\/#respond"]}]},{"@type":"WebPage","@id":"https:\/\/www.carlosyconchita.net\/rutas\/10-08-2013-bellver-de-cerdanya-pi-olia-santa-eugenia\/","url":"https:\/\/www.carlosyconchita.net\/rutas\/10-08-2013-bellver-de-cerdanya-pi-olia-santa-eugenia\/","name":"Bellver de Cerdanya, P\u00ed, Oli\u00e1, Santa Eugenia","isPartOf":{"@id":"https:\/\/www.carlosyconchita.net\/rutas\/#website"},"primaryImageOfPage":{"@id":"https:\/\/www.carlosyconchita.net\/rutas\/10-08-2013-bellver-de-cerdanya-pi-olia-santa-eugenia\/#primaryimage"},"image":{"@id":"https:\/\/www.carlosyconchita.net\/rutas\/10-08-2013-bellver-de-cerdanya-pi-olia-santa-eugenia\/#primaryimage"},"thumbnailUrl":"https:\/\/www.carlosyconchita.net\/rutas\/wp-content\/uploads\/2013\/08\/P8102354-copia.jpg","datePublished":"2013-08-10T19:49:22+00:00","dateModified":"2016-10-28T19:36:58+00:00","author":{"@id":"https:\/\/www.carlosyconchita.net\/rutas\/#\/schema\/person\/a9691f7258c28443fab2d3aa1479ea19"},"description":"Partiendo de Bellver de Cerdanya, pasaremos por los peque\u00f1os y bonitos pueblos de P\u00ed , Oli\u00e1 y Santa Eugenia, en donde podremos ver su torre inclinada.","breadcrumb":{"@id":"https:\/\/www.carlosyconchita.net\/rutas\/10-08-2013-bellver-de-cerdanya-pi-olia-santa-eugenia\/#breadcrumb"},"inLanguage":"es","potentialAction":[{"@type":"ReadAction","target":["https:\/\/www.carlosyconchita.net\/rutas\/10-08-2013-bellver-de-cerdanya-pi-olia-santa-eugenia\/"]}]},{"@type":"ImageObject","inLanguage":"es","@id":"https:\/\/www.carlosyconchita.net\/rutas\/10-08-2013-bellver-de-cerdanya-pi-olia-santa-eugenia\/#primaryimage","url":"https:\/\/www.carlosyconchita.net\/rutas\/wp-content\/uploads\/2013\/08\/P8102354-copia.jpg","contentUrl":"https:\/\/www.carlosyconchita.net\/rutas\/wp-content\/uploads\/2013\/08\/P8102354-copia.jpg","width":700,"height":271},{"@type":"BreadcrumbList","@id":"https:\/\/www.carlosyconchita.net\/rutas\/10-08-2013-bellver-de-cerdanya-pi-olia-santa-eugenia\/#breadcrumb","itemListElement":[{"@type":"ListItem","position":1,"name":"Portada","item":"https:\/\/www.carlosyconchita.net\/rutas\/"},{"@type":"ListItem","position":2,"name":"10-08-2013 &#8211; Bellver de Cerdanya, P\u00ed, Oli\u00e1, Santa Eugenia"}]},{"@type":"WebSite","@id":"https:\/\/www.carlosyconchita.net\/rutas\/#website","url":"https:\/\/www.carlosyconchita.net\/rutas\/","name":"Las rutas de Carlos y Conchita","description":"","potentialAction":[{"@type":"SearchAction","target":{"@type":"EntryPoint","urlTemplate":"https:\/\/www.carlosyconchita.net\/rutas\/?s={search_term_string}"},"query-input":{"@type":"PropertyValueSpecification","valueRequired":true,"valueName":"search_term_string"}}],"inLanguage":"es"},{"@type":"Person","@id":"https:\/\/www.carlosyconchita.net\/rutas\/#\/schema\/person\/a9691f7258c28443fab2d3aa1479ea19","name":"Carlos Conchita","image":{"@type":"ImageObject","inLanguage":"es","@id":"https:\/\/secure.gravatar.com\/avatar\/3a4625b20c8da3de99da69bfe7a322774e291c3f90dce7e8778a30fe6748ed1a?s=96&d=mm&r=g","url":"https:\/\/secure.gravatar.com\/avatar\/3a4625b20c8da3de99da69bfe7a322774e291c3f90dce7e8778a30fe6748ed1a?s=96&d=mm&r=g","contentUrl":"https:\/\/secure.gravatar.com\/avatar\/3a4625b20c8da3de99da69bfe7a322774e291c3f90dce7e8778a30fe6748ed1a?s=96&d=mm&r=g","caption":"Carlos Conchita"}}]}},"_links":{"self":[{"href":"https:\/\/www.carlosyconchita.net\/rutas\/wp-json\/wp\/v2\/posts\/3092","targetHints":{"allow":["GET"]}}],"collection":[{"href":"https:\/\/www.carlosyconchita.net\/rutas\/wp-json\/wp\/v2\/posts"}],"about":[{"href":"https:\/\/www.carlosyconchita.net\/rutas\/wp-json\/wp\/v2\/types\/post"}],"author":[{"embeddable":true,"href":"https:\/\/www.carlosyconchita.net\/rutas\/wp-json\/wp\/v2\/users\/50"}],"replies":[{"embeddable":true,"href":"https:\/\/www.carlosyconchita.net\/rutas\/wp-json\/wp\/v2\/comments?post=3092"}],"version-history":[{"count":0,"href":"https:\/\/www.carlosyconchita.net\/rutas\/wp-json\/wp\/v2\/posts\/3092\/revisions"}],"wp:featuredmedia":[{"embeddable":true,"href":"https:\/\/www.carlosyconchita.net\/rutas\/wp-json\/wp\/v2\/media\/3110"}],"wp:attachment":[{"href":"https:\/\/www.carlosyconchita.net\/rutas\/wp-json\/wp\/v2\/media?parent=3092"}],"wp:term":[{"taxonomy":"category","embeddable":true,"href":"https:\/\/www.carlosyconchita.net\/rutas\/wp-json\/wp\/v2\/categories?post=3092"},{"taxonomy":"post_tag","embeddable":true,"href":"https:\/\/www.carlosyconchita.net\/rutas\/wp-json\/wp\/v2\/tags?post=3092"}],"curies":[{"name":"wp","href":"https:\/\/api.w.org\/{rel}","templated":true}]}}