{"id":3139,"date":"2013-09-28T21:23:50","date_gmt":"2013-09-28T20:23:50","guid":{"rendered":"http:\/\/www.carlosyconchita.net\/rutas\/?p=3139"},"modified":"2014-07-15T12:38:35","modified_gmt":"2014-07-15T10:38:35","slug":"28-09-2013-lago-de-esparver-boullosas","status":"publish","type":"post","link":"https:\/\/www.carlosyconchita.net\/rutas\/28-09-2013-lago-de-esparver-boullosas\/","title":{"rendered":"28-09-2013 &#8211; Lago de Esparver (Boullosas)"},"content":{"rendered":"<p style=\"text-align: justify;\">\u00a0Finalmente hemos podido realizar esta excursi\u00f3n al Lago de Esparver (Boullosas), que habiamos intentado realizar a principios de a\u00f1o, ya\u00a0 que \u00e9ste era pr\u00e1cticamente el \u00faltimo lago de la zona de Las Boullosas que nos quedaba por ver, al menos de los m\u00e1s conocidos y localizados, y dado que todos los otros los hab\u00edamos visitado en verano, nuestra idea inicial era haberlo hecho con nieve y raquetas.<\/p>\n<p>&nbsp;<\/p>\n<table style=\"width: 584px; height: 175px;\" border=\"0\">\n<tbody>\n<tr>\n<td><strong>Dificultad :\u00a0 F\u00e1cil\u00a0\u00a0\u00a0\u00a0\u00a0\u00a0\u00a0\u00a0\u00a0\u00a0\u00a0\u00a0\u00a0\u00a0\u00a0\u00a0\u00a0\u00a0\u00a0\u00a0\u00a0\u00a0\u00a0\u00a0\u00a0\u00a0\u00a0\u00a0\u00a0\u00a0\u00a0\u00a0\u00a0\u00a0\u00a0\u00a0\u00a0\u00a0\u00a0\u00a0\u00a0\u00a0\u00a0 <strong>Recorrido : 10&#8217;620 km.<\/strong><\/strong><\/td>\n<td><\/td>\n<\/tr>\n<tr>\n<td><strong>Desnivel : 378 m. \u00a0 \u00a0 \u00a0 \u00a0 \u00a0 \u00a0 \u00a0 \u00a0 \u00a0\u00a0 \u00a0 \u00a0 \u00a0 \u00a0 \u00a0 \u00a0 \u00a0 \u00a0 \u00a0 \u00a0 \u00a0\u00a0 <strong>Alturas :\u00a0 1.999 \/ 2.148 m.<\/strong><\/strong><\/td>\n<td><\/td>\n<\/tr>\n<tr>\n<td><strong>Tiempo total :\u00a0 4&#8217;47 horas\u00a0\u00a0\u00a0\u00a0\u00a0\u00a0\u00a0\u00a0\u00a0\u00a0\u00a0\u00a0\u00a0\u00a0\u00a0\u00a0\u00a0\u00a0\u00a0\u00a0\u00a0\u00a0\u00a0\u00a0\u00a0\u00a0\u00a0 Velocidad media<strong> :\u00a0 1&#8217;9 km.\/hora<\/strong><br \/>\n<\/strong><\/td>\n<td><\/td>\n<\/tr>\n<tr>\n<td><strong>Tiempo movimiento :\u00a0 2&#8217;48 horas\u00a0\u00a0\u00a0\u00a0\u00a0\u00a0\u00a0\u00a0\u00a0\u00a0\u00a0\u00a0\u00a0\u00a0 Velocidad media\u00a0<strong><strong> :\u00a0 3&#8217;3 km.\/hora<\/strong><\/strong><br \/>\n<\/strong><\/td>\n<td><\/td>\n<\/tr>\n<\/tbody>\n<\/table>\n<p>Sin embargo, a causa de las fuertes nevadas de esta primavera, la carretera que lleva a las Boullosas permaneci\u00f3 cerrada hasta practicamente el mes de mayo, y poco despues, ya en verano, como todos los a\u00f1os, se cerr\u00f3 el acceso a los coches particulares, lo que complicaba algo el realizarla, al tener que estar pendientes de los horarios de las \u00abnavetes\u00bb , por lo que finalmente optamos por realizarla ahora.<\/p>\n<p style=\"text-align: justify;\">La excursi\u00f3n empieza en nuestra ya muy conocida presa del lago de las Boullosas, en donde dejaremos el coche y empezaremos a caminar siguiendo la orilla izquierda del lago.<\/p>\n<p style=\"text-align: justify;\">[shashin type=\u00bbphoto\u00bb id=\u00bb51,57&#8243; size=\u00bblarge\u00bb columns=\u00bbmax\u00bb order=\u00bbuser\u00bb position=\u00bbcenter\u00bb]<\/p>\n<p style=\"text-align: justify;\">Seguiremos la orilla izquierda del lago, por un camino perfectamente visible y se\u00f1alado, con unas bonitas vistas del lago.<\/p>\n<p style=\"text-align: justify;\">[shashin type=\u00bbphoto\u00bb id=\u00bb59,62&#8243; size=\u00bblarge\u00bb columns=\u00bbmax\u00bb order=\u00bbuser\u00bb position=\u00bbcenter\u00bb]<\/p>\n<p style=\"text-align: justify;\">El camino luego se separa un poco de la orilla entrando en una zona algo mas despejada, hasta que aproximadamente a los 2.7 km. llegaremos a una peque\u00f1a colina y una se\u00f1al que nos indica que debemos seguir recto, y con la se\u00f1al de camino equivocado a la derecha.<\/p>\n<p style=\"text-align: justify;\">Sin embargo, para rodear esta colina, podemos hacerlo tanto siguiendo recto como por el camino de la derecha (ver mapa de la ruta). En nuestro caso, hemos ido por la izquierda y hemos vuelto por la derecha.<\/p>\n<p style=\"text-align: justify;\">Cuando hayamos bordeado esta colina, llegaremos a una se\u00f1al que nos indica enfrente la Portella de la Grava, con el amplio valle por donde baja el rio T\u00eat que desagua en el lago de las Boullosas.<\/p>\n<p style=\"text-align: justify;\">[shashin type=\u00bbphoto\u00bb id=\u00bb75&#8243; size=\u00bblarge\u00bb columns=\u00bbmax\u00bb order=\u00bbuser\u00bb position=\u00bbcenter\u00bb]<\/p>\n<p style=\"text-align: justify;\">Nosotros dejaremos ese camino y giraremos hacia la derecha, hasta que lleguemos a un puente de madera sobre el rio.<\/p>\n<p style=\"text-align: justify;\">[shashin type=\u00bbphoto\u00bb id=\u00bb78&#8243; size=\u00bblarge\u00bb columns=\u00bbmax\u00bb order=\u00bbuser\u00bb position=\u00bbcenter\u00bb]<\/p>\n<p style=\"text-align: justify;\">Una vez pasado el puente, empezaremos a subir el camino, que se desvia un poco a la izquierda, y conforme subimos, podremos ver a nuestras espaldas el lago de las Boullosas y el valle del T\u00eat que acabamos de cruzar, que forma una especie de meandros antes de llegar al lago.<\/p>\n<p style=\"text-align: justify;\">[shashin type=\u00bbphoto\u00bb id=\u00bb92,89&#8243; size=\u00bblarge\u00bb columns=\u00bbmax\u00bb order=\u00bbuser\u00bb position=\u00bbcenter\u00bb]<\/p>\n<p style=\"text-align: justify;\">Hay que notar que el rio T\u00eat mantiene su nombre, tanto a la entrada del lago donde estamos ahora, como a la \u00absalida\u00bb del mismo lago por el lado de la presa.<\/p>\n<p style=\"text-align: justify;\">Despu\u00e9s de subir por ese camino durante algo m\u00e1s de 1 km. llegamos finalmente al lago del Esparver que podremos rodear sin problema.<\/p>\n<p style=\"text-align: justify;\">[shashin type=\u00bbphoto\u00bb id=\u00bb96,98&#8243; size=\u00bblarge\u00bb columns=\u00bbmax\u00bb order=\u00bbuser\u00bb position=\u00bbcenter\u00bb]<\/p>\n<p style=\"text-align: justify;\">[shashin type=\u00bbphoto\u00bb id=\u00bb106&#8243; size=\u00bblarge\u00bb columns=\u00bbmax\u00bb order=\u00bbuser\u00bb position=\u00bbcenter\u00bb]<\/p>\n<p>&nbsp;<\/p>\n<p style=\"text-align: justify;\">\u00a0El camino de vuelta es por el mismo sitio, pero debido a que ahora tendremos el lago de las Boullosas de cara, y con la luz del sol m\u00e1s favorable, podremos ver mejor las bonitas vistas conforme vamos bajando.<\/p>\n<p style=\"text-align: justify;\">Despu\u00e9s de cruzar el puente de madera, y al llegar a la peque\u00f1a colina que hemos citado antes, la bordearemos por la izquierda y despues encontraremos de nuevo el mismo camino de la ida, hasta llegar al punto de partida y final de la excursi\u00f3n.<\/p>\n<p style=\"text-align: justify;\">[shashin type=\u00bbphoto\u00bb id=\u00bb144&#8243; size=\u00bblarge\u00bb columns=\u00bbmax\u00bb order=\u00bbuser\u00bb position=\u00bbcenter\u00bb]<\/p>\n<hr \/>\n<p class=\"wp-caption\" style=\"text-align: justify;\"><strong>Mapa de la excursi\u00f3n<\/strong><\/p>\n<p style=\"text-align: justify;\">[map style=\u00bbwidth: auto; height:400px; margin:20px 0px 20px 0px; border: 1px solid black;\u00bb gpx=\u00bbhttp:\/\/www.carlosyconchita.net\/rutas\/wp-content\/uploads\/gpx\/boullosas-lago-de-esparver.gpx\u00bb]<\/p>\n<hr \/>\n<p class=\"wp-caption\" style=\"text-align: left;\"><strong>Enlace album de fotos<\/strong><\/p>\n<p>[shashin type=\u00bbalbum\u00bb id=\u00bb2&#8243; size=\u00bbsmall\u00bb crop=\u00bbn\u00bb columns=\u00bbmax\u00bb caption=\u00bby\u00bb order=\u00bbdate\u00bb position=\u00bbcenter\u00bb]<\/p>\n<p>&nbsp;<\/p>\n<hr \/>\n<p><strong class=\"wp-caption\">Enlace Wikiloc<\/strong><\/p>\n<p><a title=\"Enlace a Wikiloc\" href=\"http:\/\/es.wikiloc.com\/wikiloc\/view.do?id=5345750\" target=\"_blank\"><img loading=\"lazy\" decoding=\"async\" class=\"aligncenter\" title=\"wikiloc\" src=\"http:\/\/www.carlosyconchita.net\/rutas\/wp-content\/uploads\/2020\/09\/wikiloc.jpg\" alt=\"\" width=\"117\" height=\"34\" \/><\/a><\/p>\n<hr \/>\n<p>&nbsp;<\/p>\n","protected":false},"excerpt":{"rendered":"<p>\u00a0Finalmente hemos podido realizar esta excursi\u00f3n al Lago de Esparver (Boullosas), que habiamos intentado realizar a principios de a\u00f1o, ya\u00a0 que \u00e9ste era pr\u00e1cticamente el \u00faltimo lago de la zona de Las Boullosas que nos quedaba por ver, al menos de los m\u00e1s conocidos y localizados, y dado que todos los otros los hab\u00edamos visitado [&hellip;]<\/p>\n","protected":false},"author":50,"featured_media":3380,"comment_status":"open","ping_status":"open","sticky":false,"template":"","format":"gallery","meta":{"footnotes":""},"categories":[10,23,31],"tags":[],"class_list":{"0":"post-3139","1":"post","2":"type-post","3":"status-publish","4":"format-gallery","5":"has-post-thumbnail","6":"hentry","7":"category-facil","8":"category-de-10-a-15-km","9":"category-boullosas","10":"post_format-post-format-gallery","12":"post-with-thumbnail","13":"post-with-thumbnail-icon"},"yoast_head":"<!-- This site is optimized with the Yoast SEO plugin v27.4 - https:\/\/yoast.com\/product\/yoast-seo-wordpress\/ -->\n<title>Lago de Esparver (Boullosas)<\/title>\n<meta name=\"description\" content=\"Finalmente hemos podido realizar esta excursi\u00f3n al Lago de Esparver (Boullosas), que habiamos intentado realizar a principios de a\u00f1o, ya que \u00e9ste era pr\u00e1cticamente el \u00faltimo lago de la zona de Las Boullosas (Boulloses o Bullosas) que nos quedaba por ver, al menos de los m\u00e1s conocidos y localizados, y dado que todos los otros los hab\u00edamos visitado en verano, nuestra idea inicial era haberlo hecho con nieve y raquetas.\" \/>\n<meta name=\"robots\" content=\"index, follow, max-snippet:-1, max-image-preview:large, max-video-preview:-1\" \/>\n<link rel=\"canonical\" href=\"https:\/\/www.carlosyconchita.net\/rutas\/28-09-2013-lago-de-esparver-boullosas\/\" \/>\n<meta property=\"og:locale\" content=\"es_ES\" \/>\n<meta property=\"og:type\" content=\"article\" \/>\n<meta property=\"og:title\" content=\"Lago de Esparver (Boullosas)\" \/>\n<meta property=\"og:description\" content=\"Finalmente hemos podido realizar esta excursi\u00f3n al Lago de Esparver (Boullosas), que habiamos intentado realizar a principios de a\u00f1o, ya que \u00e9ste era pr\u00e1cticamente el \u00faltimo lago de la zona de Las Boullosas (Boulloses o Bullosas) que nos quedaba por ver, al menos de los m\u00e1s conocidos y localizados, y dado que todos los otros los hab\u00edamos visitado en verano, nuestra idea inicial era haberlo hecho con nieve y raquetas.\" \/>\n<meta property=\"og:url\" content=\"https:\/\/www.carlosyconchita.net\/rutas\/28-09-2013-lago-de-esparver-boullosas\/\" \/>\n<meta property=\"og:site_name\" content=\"Las rutas de Carlos y Conchita\" \/>\n<meta property=\"article:published_time\" content=\"2013-09-28T20:23:50+00:00\" \/>\n<meta property=\"article:modified_time\" content=\"2014-07-15T10:38:35+00:00\" \/>\n<meta property=\"og:image\" content=\"https:\/\/www.carlosyconchita.net\/rutas\/wp-content\/uploads\/2013\/09\/P9283433-copia.jpg\" \/>\n\t<meta property=\"og:image:width\" content=\"700\" \/>\n\t<meta property=\"og:image:height\" content=\"278\" \/>\n\t<meta property=\"og:image:type\" content=\"image\/jpeg\" \/>\n<meta name=\"author\" content=\"Carlos Conchita\" \/>\n<meta name=\"twitter:label1\" content=\"Escrito por\" \/>\n\t<meta name=\"twitter:data1\" content=\"Carlos Conchita\" \/>\n\t<meta name=\"twitter:label2\" content=\"Tiempo de lectura\" \/>\n\t<meta name=\"twitter:data2\" content=\"4 minutos\" \/>\n<script type=\"application\/ld+json\" class=\"yoast-schema-graph\">{\"@context\":\"https:\\\/\\\/schema.org\",\"@graph\":[{\"@type\":\"Article\",\"@id\":\"https:\\\/\\\/www.carlosyconchita.net\\\/rutas\\\/28-09-2013-lago-de-esparver-boullosas\\\/#article\",\"isPartOf\":{\"@id\":\"https:\\\/\\\/www.carlosyconchita.net\\\/rutas\\\/28-09-2013-lago-de-esparver-boullosas\\\/\"},\"author\":{\"name\":\"Carlos Conchita\",\"@id\":\"https:\\\/\\\/www.carlosyconchita.net\\\/rutas\\\/#\\\/schema\\\/person\\\/a9691f7258c28443fab2d3aa1479ea19\"},\"headline\":\"28-09-2013 &#8211; Lago de Esparver (Boullosas)\",\"datePublished\":\"2013-09-28T20:23:50+00:00\",\"dateModified\":\"2014-07-15T10:38:35+00:00\",\"mainEntityOfPage\":{\"@id\":\"https:\\\/\\\/www.carlosyconchita.net\\\/rutas\\\/28-09-2013-lago-de-esparver-boullosas\\\/\"},\"wordCount\":718,\"commentCount\":3,\"image\":{\"@id\":\"https:\\\/\\\/www.carlosyconchita.net\\\/rutas\\\/28-09-2013-lago-de-esparver-boullosas\\\/#primaryimage\"},\"thumbnailUrl\":\"https:\\\/\\\/www.carlosyconchita.net\\\/rutas\\\/wp-content\\\/uploads\\\/2013\\\/09\\\/P9283433-copia.jpg\",\"articleSection\":[\"1-F\u00e1cil\",\"3 - De 10 a 15 km.\",\"Boullosas\"],\"inLanguage\":\"es\",\"potentialAction\":[{\"@type\":\"CommentAction\",\"name\":\"Comment\",\"target\":[\"https:\\\/\\\/www.carlosyconchita.net\\\/rutas\\\/28-09-2013-lago-de-esparver-boullosas\\\/#respond\"]}]},{\"@type\":\"WebPage\",\"@id\":\"https:\\\/\\\/www.carlosyconchita.net\\\/rutas\\\/28-09-2013-lago-de-esparver-boullosas\\\/\",\"url\":\"https:\\\/\\\/www.carlosyconchita.net\\\/rutas\\\/28-09-2013-lago-de-esparver-boullosas\\\/\",\"name\":\"Lago de Esparver (Boullosas)\",\"isPartOf\":{\"@id\":\"https:\\\/\\\/www.carlosyconchita.net\\\/rutas\\\/#website\"},\"primaryImageOfPage\":{\"@id\":\"https:\\\/\\\/www.carlosyconchita.net\\\/rutas\\\/28-09-2013-lago-de-esparver-boullosas\\\/#primaryimage\"},\"image\":{\"@id\":\"https:\\\/\\\/www.carlosyconchita.net\\\/rutas\\\/28-09-2013-lago-de-esparver-boullosas\\\/#primaryimage\"},\"thumbnailUrl\":\"https:\\\/\\\/www.carlosyconchita.net\\\/rutas\\\/wp-content\\\/uploads\\\/2013\\\/09\\\/P9283433-copia.jpg\",\"datePublished\":\"2013-09-28T20:23:50+00:00\",\"dateModified\":\"2014-07-15T10:38:35+00:00\",\"author\":{\"@id\":\"https:\\\/\\\/www.carlosyconchita.net\\\/rutas\\\/#\\\/schema\\\/person\\\/a9691f7258c28443fab2d3aa1479ea19\"},\"description\":\"Finalmente hemos podido realizar esta excursi\u00f3n al Lago de Esparver (Boullosas), que habiamos intentado realizar a principios de a\u00f1o, ya que \u00e9ste era pr\u00e1cticamente el \u00faltimo lago de la zona de Las Boullosas (Boulloses o Bullosas) que nos quedaba por ver, al menos de los m\u00e1s conocidos y localizados, y dado que todos los otros los hab\u00edamos visitado en verano, nuestra idea inicial era haberlo hecho con nieve y raquetas.\",\"breadcrumb\":{\"@id\":\"https:\\\/\\\/www.carlosyconchita.net\\\/rutas\\\/28-09-2013-lago-de-esparver-boullosas\\\/#breadcrumb\"},\"inLanguage\":\"es\",\"potentialAction\":[{\"@type\":\"ReadAction\",\"target\":[\"https:\\\/\\\/www.carlosyconchita.net\\\/rutas\\\/28-09-2013-lago-de-esparver-boullosas\\\/\"]}]},{\"@type\":\"ImageObject\",\"inLanguage\":\"es\",\"@id\":\"https:\\\/\\\/www.carlosyconchita.net\\\/rutas\\\/28-09-2013-lago-de-esparver-boullosas\\\/#primaryimage\",\"url\":\"https:\\\/\\\/www.carlosyconchita.net\\\/rutas\\\/wp-content\\\/uploads\\\/2013\\\/09\\\/P9283433-copia.jpg\",\"contentUrl\":\"https:\\\/\\\/www.carlosyconchita.net\\\/rutas\\\/wp-content\\\/uploads\\\/2013\\\/09\\\/P9283433-copia.jpg\",\"width\":700,\"height\":278},{\"@type\":\"BreadcrumbList\",\"@id\":\"https:\\\/\\\/www.carlosyconchita.net\\\/rutas\\\/28-09-2013-lago-de-esparver-boullosas\\\/#breadcrumb\",\"itemListElement\":[{\"@type\":\"ListItem\",\"position\":1,\"name\":\"Portada\",\"item\":\"https:\\\/\\\/www.carlosyconchita.net\\\/rutas\\\/\"},{\"@type\":\"ListItem\",\"position\":2,\"name\":\"28-09-2013 &#8211; Lago de Esparver (Boullosas)\"}]},{\"@type\":\"WebSite\",\"@id\":\"https:\\\/\\\/www.carlosyconchita.net\\\/rutas\\\/#website\",\"url\":\"https:\\\/\\\/www.carlosyconchita.net\\\/rutas\\\/\",\"name\":\"Las rutas de Carlos y Conchita\",\"description\":\"\",\"potentialAction\":[{\"@type\":\"SearchAction\",\"target\":{\"@type\":\"EntryPoint\",\"urlTemplate\":\"https:\\\/\\\/www.carlosyconchita.net\\\/rutas\\\/?s={search_term_string}\"},\"query-input\":{\"@type\":\"PropertyValueSpecification\",\"valueRequired\":true,\"valueName\":\"search_term_string\"}}],\"inLanguage\":\"es\"},{\"@type\":\"Person\",\"@id\":\"https:\\\/\\\/www.carlosyconchita.net\\\/rutas\\\/#\\\/schema\\\/person\\\/a9691f7258c28443fab2d3aa1479ea19\",\"name\":\"Carlos Conchita\",\"image\":{\"@type\":\"ImageObject\",\"inLanguage\":\"es\",\"@id\":\"https:\\\/\\\/secure.gravatar.com\\\/avatar\\\/3a4625b20c8da3de99da69bfe7a322774e291c3f90dce7e8778a30fe6748ed1a?s=96&d=mm&r=g\",\"url\":\"https:\\\/\\\/secure.gravatar.com\\\/avatar\\\/3a4625b20c8da3de99da69bfe7a322774e291c3f90dce7e8778a30fe6748ed1a?s=96&d=mm&r=g\",\"contentUrl\":\"https:\\\/\\\/secure.gravatar.com\\\/avatar\\\/3a4625b20c8da3de99da69bfe7a322774e291c3f90dce7e8778a30fe6748ed1a?s=96&d=mm&r=g\",\"caption\":\"Carlos Conchita\"}}]}<\/script>\n<!-- \/ Yoast SEO plugin. -->","yoast_head_json":{"title":"Lago de Esparver (Boullosas)","description":"Finalmente hemos podido realizar esta excursi\u00f3n al Lago de Esparver (Boullosas), que habiamos intentado realizar a principios de a\u00f1o, ya que \u00e9ste era pr\u00e1cticamente el \u00faltimo lago de la zona de Las Boullosas (Boulloses o Bullosas) que nos quedaba por ver, al menos de los m\u00e1s conocidos y localizados, y dado que todos los otros los hab\u00edamos visitado en verano, nuestra idea inicial era haberlo hecho con nieve y raquetas.","robots":{"index":"index","follow":"follow","max-snippet":"max-snippet:-1","max-image-preview":"max-image-preview:large","max-video-preview":"max-video-preview:-1"},"canonical":"https:\/\/www.carlosyconchita.net\/rutas\/28-09-2013-lago-de-esparver-boullosas\/","og_locale":"es_ES","og_type":"article","og_title":"Lago de Esparver (Boullosas)","og_description":"Finalmente hemos podido realizar esta excursi\u00f3n al Lago de Esparver (Boullosas), que habiamos intentado realizar a principios de a\u00f1o, ya que \u00e9ste era pr\u00e1cticamente el \u00faltimo lago de la zona de Las Boullosas (Boulloses o Bullosas) que nos quedaba por ver, al menos de los m\u00e1s conocidos y localizados, y dado que todos los otros los hab\u00edamos visitado en verano, nuestra idea inicial era haberlo hecho con nieve y raquetas.","og_url":"https:\/\/www.carlosyconchita.net\/rutas\/28-09-2013-lago-de-esparver-boullosas\/","og_site_name":"Las rutas de Carlos y Conchita","article_published_time":"2013-09-28T20:23:50+00:00","article_modified_time":"2014-07-15T10:38:35+00:00","og_image":[{"width":700,"height":278,"url":"https:\/\/www.carlosyconchita.net\/rutas\/wp-content\/uploads\/2013\/09\/P9283433-copia.jpg","type":"image\/jpeg"}],"author":"Carlos Conchita","twitter_misc":{"Escrito por":"Carlos Conchita","Tiempo de lectura":"4 minutos"},"schema":{"@context":"https:\/\/schema.org","@graph":[{"@type":"Article","@id":"https:\/\/www.carlosyconchita.net\/rutas\/28-09-2013-lago-de-esparver-boullosas\/#article","isPartOf":{"@id":"https:\/\/www.carlosyconchita.net\/rutas\/28-09-2013-lago-de-esparver-boullosas\/"},"author":{"name":"Carlos Conchita","@id":"https:\/\/www.carlosyconchita.net\/rutas\/#\/schema\/person\/a9691f7258c28443fab2d3aa1479ea19"},"headline":"28-09-2013 &#8211; Lago de Esparver (Boullosas)","datePublished":"2013-09-28T20:23:50+00:00","dateModified":"2014-07-15T10:38:35+00:00","mainEntityOfPage":{"@id":"https:\/\/www.carlosyconchita.net\/rutas\/28-09-2013-lago-de-esparver-boullosas\/"},"wordCount":718,"commentCount":3,"image":{"@id":"https:\/\/www.carlosyconchita.net\/rutas\/28-09-2013-lago-de-esparver-boullosas\/#primaryimage"},"thumbnailUrl":"https:\/\/www.carlosyconchita.net\/rutas\/wp-content\/uploads\/2013\/09\/P9283433-copia.jpg","articleSection":["1-F\u00e1cil","3 - De 10 a 15 km.","Boullosas"],"inLanguage":"es","potentialAction":[{"@type":"CommentAction","name":"Comment","target":["https:\/\/www.carlosyconchita.net\/rutas\/28-09-2013-lago-de-esparver-boullosas\/#respond"]}]},{"@type":"WebPage","@id":"https:\/\/www.carlosyconchita.net\/rutas\/28-09-2013-lago-de-esparver-boullosas\/","url":"https:\/\/www.carlosyconchita.net\/rutas\/28-09-2013-lago-de-esparver-boullosas\/","name":"Lago de Esparver (Boullosas)","isPartOf":{"@id":"https:\/\/www.carlosyconchita.net\/rutas\/#website"},"primaryImageOfPage":{"@id":"https:\/\/www.carlosyconchita.net\/rutas\/28-09-2013-lago-de-esparver-boullosas\/#primaryimage"},"image":{"@id":"https:\/\/www.carlosyconchita.net\/rutas\/28-09-2013-lago-de-esparver-boullosas\/#primaryimage"},"thumbnailUrl":"https:\/\/www.carlosyconchita.net\/rutas\/wp-content\/uploads\/2013\/09\/P9283433-copia.jpg","datePublished":"2013-09-28T20:23:50+00:00","dateModified":"2014-07-15T10:38:35+00:00","author":{"@id":"https:\/\/www.carlosyconchita.net\/rutas\/#\/schema\/person\/a9691f7258c28443fab2d3aa1479ea19"},"description":"Finalmente hemos podido realizar esta excursi\u00f3n al Lago de Esparver (Boullosas), que habiamos intentado realizar a principios de a\u00f1o, ya que \u00e9ste era pr\u00e1cticamente el \u00faltimo lago de la zona de Las Boullosas (Boulloses o Bullosas) que nos quedaba por ver, al menos de los m\u00e1s conocidos y localizados, y dado que todos los otros los hab\u00edamos visitado en verano, nuestra idea inicial era haberlo hecho con nieve y raquetas.","breadcrumb":{"@id":"https:\/\/www.carlosyconchita.net\/rutas\/28-09-2013-lago-de-esparver-boullosas\/#breadcrumb"},"inLanguage":"es","potentialAction":[{"@type":"ReadAction","target":["https:\/\/www.carlosyconchita.net\/rutas\/28-09-2013-lago-de-esparver-boullosas\/"]}]},{"@type":"ImageObject","inLanguage":"es","@id":"https:\/\/www.carlosyconchita.net\/rutas\/28-09-2013-lago-de-esparver-boullosas\/#primaryimage","url":"https:\/\/www.carlosyconchita.net\/rutas\/wp-content\/uploads\/2013\/09\/P9283433-copia.jpg","contentUrl":"https:\/\/www.carlosyconchita.net\/rutas\/wp-content\/uploads\/2013\/09\/P9283433-copia.jpg","width":700,"height":278},{"@type":"BreadcrumbList","@id":"https:\/\/www.carlosyconchita.net\/rutas\/28-09-2013-lago-de-esparver-boullosas\/#breadcrumb","itemListElement":[{"@type":"ListItem","position":1,"name":"Portada","item":"https:\/\/www.carlosyconchita.net\/rutas\/"},{"@type":"ListItem","position":2,"name":"28-09-2013 &#8211; Lago de Esparver (Boullosas)"}]},{"@type":"WebSite","@id":"https:\/\/www.carlosyconchita.net\/rutas\/#website","url":"https:\/\/www.carlosyconchita.net\/rutas\/","name":"Las rutas de Carlos y Conchita","description":"","potentialAction":[{"@type":"SearchAction","target":{"@type":"EntryPoint","urlTemplate":"https:\/\/www.carlosyconchita.net\/rutas\/?s={search_term_string}"},"query-input":{"@type":"PropertyValueSpecification","valueRequired":true,"valueName":"search_term_string"}}],"inLanguage":"es"},{"@type":"Person","@id":"https:\/\/www.carlosyconchita.net\/rutas\/#\/schema\/person\/a9691f7258c28443fab2d3aa1479ea19","name":"Carlos Conchita","image":{"@type":"ImageObject","inLanguage":"es","@id":"https:\/\/secure.gravatar.com\/avatar\/3a4625b20c8da3de99da69bfe7a322774e291c3f90dce7e8778a30fe6748ed1a?s=96&d=mm&r=g","url":"https:\/\/secure.gravatar.com\/avatar\/3a4625b20c8da3de99da69bfe7a322774e291c3f90dce7e8778a30fe6748ed1a?s=96&d=mm&r=g","contentUrl":"https:\/\/secure.gravatar.com\/avatar\/3a4625b20c8da3de99da69bfe7a322774e291c3f90dce7e8778a30fe6748ed1a?s=96&d=mm&r=g","caption":"Carlos Conchita"}}]}},"_links":{"self":[{"href":"https:\/\/www.carlosyconchita.net\/rutas\/wp-json\/wp\/v2\/posts\/3139","targetHints":{"allow":["GET"]}}],"collection":[{"href":"https:\/\/www.carlosyconchita.net\/rutas\/wp-json\/wp\/v2\/posts"}],"about":[{"href":"https:\/\/www.carlosyconchita.net\/rutas\/wp-json\/wp\/v2\/types\/post"}],"author":[{"embeddable":true,"href":"https:\/\/www.carlosyconchita.net\/rutas\/wp-json\/wp\/v2\/users\/50"}],"replies":[{"embeddable":true,"href":"https:\/\/www.carlosyconchita.net\/rutas\/wp-json\/wp\/v2\/comments?post=3139"}],"version-history":[{"count":0,"href":"https:\/\/www.carlosyconchita.net\/rutas\/wp-json\/wp\/v2\/posts\/3139\/revisions"}],"wp:featuredmedia":[{"embeddable":true,"href":"https:\/\/www.carlosyconchita.net\/rutas\/wp-json\/wp\/v2\/media\/3380"}],"wp:attachment":[{"href":"https:\/\/www.carlosyconchita.net\/rutas\/wp-json\/wp\/v2\/media?parent=3139"}],"wp:term":[{"taxonomy":"category","embeddable":true,"href":"https:\/\/www.carlosyconchita.net\/rutas\/wp-json\/wp\/v2\/categories?post=3139"},{"taxonomy":"post_tag","embeddable":true,"href":"https:\/\/www.carlosyconchita.net\/rutas\/wp-json\/wp\/v2\/tags?post=3139"}],"curies":[{"name":"wp","href":"https:\/\/api.w.org\/{rel}","templated":true}]}}