{"id":3445,"date":"2010-04-03T21:12:55","date_gmt":"2010-04-03T20:12:55","guid":{"rendered":"http:\/\/www.carlosyconchita.net\/rutas\/?p=3445"},"modified":"2014-06-26T17:54:42","modified_gmt":"2014-06-26T15:54:42","slug":"03-04-2010-valle-del-galba","status":"publish","type":"post","link":"https:\/\/www.carlosyconchita.net\/rutas\/03-04-2010-valle-del-galba\/","title":{"rendered":"03-04-2010 &#8211;  Valle del Galba"},"content":{"rendered":"<p>&nbsp;<\/p>\n<table border=\"2\" frame=\"border\">\n<tbody>\n<tr>\n<td><strong>Dificultad :\u00a0 Muy f\u00e1cil<\/strong><\/td>\n<td><strong>Recorrido :\u00a0\u00a0 8&#8217;160 km.<br \/>\n<\/strong><\/td>\n<\/tr>\n<tr>\n<td><strong>\u00a0Desnivel : \u00a0 189 m.<\/strong><\/td>\n<td><strong>\u00a0Alturas :\u00a0 1.523\/ 1.629<\/strong><\/td>\n<\/tr>\n<\/tbody>\n<\/table>\n<p style=\"text-align: justify;\">Esta peque\u00f1a excursi\u00f3n para recorrer el Valle del Galba, empieza en el pueblecito de Esposouille, al que llegaremos desde Saillagosa, siguiendo las indicaciones de Les Angles, y despu\u00e9s , en cuanto las veamos, las de Formigueres.<\/p>\n<p style=\"text-align: justify;\">Cruzaremos Formigueres, y poco despues, veremos un desv\u00edo a la izquierda con las indicaciones de Fontrabiouse y Espousouille.<\/p>\n<p style=\"text-align: justify;\">Cuando lleguemos a este peque\u00f1o pueblo, m\u00e1s o menos en el centro, veremos una calle o camino relativamente ancho a la izquierda, en donde hay una zona de parking para dejar el coche.<\/p>\n<p style=\"text-align: justify;\">Empezaremos a caminar hacia los bosques que tenemos enfrente, alej\u00e1ndonos del pueblo, cruzaremos un peque\u00f1o puente sobre el rio Galba, y poco despues seguiremos el camino a nuestra derecha, que va m\u00e1s o menos pararelo al rio, aunque inicialmente algo m\u00e1s separado del mismo.<\/p>\n<p style=\"text-align: justify;\">El camino va subiendo ligeramente y en principio no tiene ninguna dificultad, salvo que el d\u00eda que hicimos la excursi\u00f3n nosotros, habia bastante nieve acumulada en el camino, estaba bastante blanda, y adem\u00e1s no ibamos con botas de monta\u00f1a, por lo que acabamos con los pies completamente mojados.<\/p>\n<p style=\"text-align: justify;\">Poco despues, el camino, se acerca m\u00e1s al rio, y podremos ver una peque\u00f1a cascada y algun bonito recodo del r\u00edo.<\/p>\n<p style=\"text-align: justify;\">[shashin type=\u00bbphoto\u00bb id=\u00bb4558,4566&#8243; size=\u00bblarge\u00bb columns=\u00bbmax\u00bb order=\u00bbuser\u00bb caption=\u00bby\u00bb position=\u00bbcenter\u00bb]<\/p>\n<p style=\"text-align: justify;\">Hasta entonces el camino pasa entre arboles, y aproximadamente en el km. 4.5 de la ruta, nos desviaremos a la derecha, y despues de cruzar un puente llegamos a una amplia zona mucho m\u00e1s despejada y plana.<\/p>\n<p style=\"text-align: justify;\">[shashin type=\u00bbphoto\u00bb id=\u00bb4568,4572,4575&#8243; size=\u00bblarge\u00bb columns=\u00bbmax\u00bb order=\u00bbuser\u00bb caption=\u00bby\u00bb position=\u00bbcenter\u00bb]<\/p>\n<p style=\"text-align: justify;\">Si aqui continuaramos hacia arriba, en direccion a las monta\u00f1as, llegariamos a la zona de los Camporells, que queda bastante lejos, y tambi\u00e9n, aunque no est\u00e1 indicado, el Estany del Diable, al que un d\u00eda u otro seguro que vamos.<\/p>\n<p style=\"text-align: justify;\">[shashin type=\u00bbphoto\u00bb id=\u00bb4570,4574,4573&#8243; size=\u00bblarge\u00bb columns=\u00bbmax\u00bb order=\u00bbuser\u00bb caption=\u00bby\u00bb position=\u00bbcenter\u00bb]<\/p>\n<p style=\"text-align: justify;\">Nosotros en este caso, nos desviamos a la derecha para recorrer el camino de vuelta a Esposouille , pero por el lado contrario al que hemos\u00a0 subido.<\/p>\n<p style=\"text-align: justify;\">[shashin type=\u00bbphoto\u00bb id=\u00bb4580,4582,4585&#8243; size=\u00bblarge\u00bb columns=\u00bbmax\u00bb order=\u00bbuser\u00bb caption=\u00bby\u00bb position=\u00bbcenter\u00bb]<\/p>\n<p style=\"text-align: justify;\">Una vez lleguemos al pueblo, encontraremos el parking a nuestra derecha.<\/p>\n<p style=\"text-align: justify;\"><a href=\"http:\/\/www.carlosyconchita.net\/rutas\/wp-content\/uploads\/2013\/10\/mapa2.png\"><img loading=\"lazy\" decoding=\"async\" class=\"alignright size-large wp-image-3450\" src=\"http:\/\/www.carlosyconchita.net\/rutas\/wp-content\/uploads\/2013\/10\/mapa2-1024x498.png\" alt=\"mapa\" width=\"584\" height=\"284\" srcset=\"https:\/\/www.carlosyconchita.net\/rutas\/wp-content\/uploads\/2013\/10\/mapa2-1024x498.png 1024w, https:\/\/www.carlosyconchita.net\/rutas\/wp-content\/uploads\/2013\/10\/mapa2-300x146.png 300w, https:\/\/www.carlosyconchita.net\/rutas\/wp-content\/uploads\/2013\/10\/mapa2-600x292.png 600w, https:\/\/www.carlosyconchita.net\/rutas\/wp-content\/uploads\/2013\/10\/mapa2-768x374.png 768w, https:\/\/www.carlosyconchita.net\/rutas\/wp-content\/uploads\/2013\/10\/mapa2-500x243.png 500w, https:\/\/www.carlosyconchita.net\/rutas\/wp-content\/uploads\/2013\/10\/mapa2.png 1219w\" sizes=\"auto, (max-width: 584px) 100vw, 584px\" \/><\/a><\/p>\n<hr \/>\n<p class=\"wp-caption\" style=\"text-align: justify;\"><strong>Enlace al album de fotos<\/strong><\/p>\n<p style=\"text-align: justify;\">[shashin type=\u00bbalbum\u00bb id=\u00bb85&#8243; size=\u00bbsmall\u00bb crop=\u00bbn\u00bb columns=\u00bbmax\u00bb caption=\u00bby\u00bb order=\u00bbdate\u00bb position=\u00bbcenter\u00bb]<\/p>\n<p style=\"text-align: justify;\"><span style=\"color: #ff0000;\">Si se quieren ver las fotos en tama\u00f1o m\u00e1s grande, y se dispone de una ADSL r\u00e1pida, en el enlace \u201cFotos Google +\u201d se puede acceder a la coleccion de albumes de fotos, que estan ordenados por fecha.<\/span><\/p>\n<hr \/>\n<p style=\"text-align: justify;\"><strong class=\"wp-caption\">Enlace Wikiloc<\/strong><\/p>\n<p><a title=\"Enlace a Wikiloc\" href=\"http:\/\/es.wikiloc.com\/wikiloc\/view.do?id=5409399\" target=\"_blank\"><img loading=\"lazy\" decoding=\"async\" class=\"aligncenter\" title=\"wikiloc\" src=\"http:\/\/www.carlosyconchita.net\/rutas\/wp-content\/uploads\/2020\/09\/wikiloc.jpg\" alt=\"\" width=\"117\" height=\"34\" \/><\/a><\/p>\n<hr \/>\n","protected":false},"excerpt":{"rendered":"<p>&nbsp; Dificultad :\u00a0 Muy f\u00e1cil Recorrido :\u00a0\u00a0 8&#8217;160 km. \u00a0Desnivel : \u00a0 189 m. \u00a0Alturas :\u00a0 1.523\/ 1.629 Esta peque\u00f1a excursi\u00f3n para recorrer el Valle del Galba, empieza en el pueblecito de Esposouille, al que llegaremos desde Saillagosa, siguiendo las indicaciones de Les Angles, y despu\u00e9s , en cuanto las veamos, las de Formigueres. Cruzaremos [&hellip;]<\/p>\n","protected":false},"author":50,"featured_media":3453,"comment_status":"open","ping_status":"open","sticky":false,"template":"","format":"gallery","meta":{"footnotes":""},"categories":[14,22,7],"tags":[],"class_list":{"0":"post-3445","1":"post","2":"type-post","3":"status-publish","4":"format-gallery","5":"has-post-thumbnail","6":"hentry","7":"category-muy-facil","8":"category-de-05-a-10-km","9":"category-formigueres","10":"post_format-post-format-gallery","12":"post-with-thumbnail","13":"post-with-thumbnail-icon"},"yoast_head":"<!-- This site is optimized with the Yoast SEO plugin v27.4 - https:\/\/yoast.com\/product\/yoast-seo-wordpress\/ -->\n<title>Valle del Galba<\/title>\n<meta name=\"description\" content=\"Esta peque\u00f1a excursi\u00f3n para recorrer el Valle del Galba, empieza en el pueblecito de Esposouille,\" \/>\n<meta name=\"robots\" content=\"index, follow, max-snippet:-1, max-image-preview:large, max-video-preview:-1\" \/>\n<link rel=\"canonical\" href=\"https:\/\/www.carlosyconchita.net\/rutas\/03-04-2010-valle-del-galba\/\" \/>\n<meta property=\"og:locale\" content=\"es_ES\" \/>\n<meta property=\"og:type\" content=\"article\" \/>\n<meta property=\"og:title\" content=\"Valle del Galba\" \/>\n<meta property=\"og:description\" content=\"Esta peque\u00f1a excursi\u00f3n para recorrer el Valle del Galba, empieza en el pueblecito de Esposouille,\" \/>\n<meta property=\"og:url\" content=\"https:\/\/www.carlosyconchita.net\/rutas\/03-04-2010-valle-del-galba\/\" \/>\n<meta property=\"og:site_name\" content=\"Las rutas de Carlos y Conchita\" \/>\n<meta property=\"article:published_time\" content=\"2010-04-03T20:12:55+00:00\" \/>\n<meta property=\"article:modified_time\" content=\"2014-06-26T15:54:42+00:00\" \/>\n<meta property=\"og:image\" content=\"https:\/\/www.carlosyconchita.net\/rutas\/wp-content\/uploads\/2013\/10\/DSC02494-copia.jpg\" \/>\n\t<meta property=\"og:image:width\" content=\"640\" \/>\n\t<meta property=\"og:image:height\" content=\"304\" \/>\n\t<meta property=\"og:image:type\" content=\"image\/jpeg\" \/>\n<meta name=\"author\" content=\"Carlos Conchita\" \/>\n<meta name=\"twitter:label1\" content=\"Escrito por\" \/>\n\t<meta name=\"twitter:data1\" content=\"Carlos Conchita\" \/>\n\t<meta name=\"twitter:label2\" content=\"Tiempo de lectura\" \/>\n\t<meta name=\"twitter:data2\" content=\"2 minutos\" \/>\n<script type=\"application\/ld+json\" class=\"yoast-schema-graph\">{\"@context\":\"https:\\\/\\\/schema.org\",\"@graph\":[{\"@type\":\"Article\",\"@id\":\"https:\\\/\\\/www.carlosyconchita.net\\\/rutas\\\/03-04-2010-valle-del-galba\\\/#article\",\"isPartOf\":{\"@id\":\"https:\\\/\\\/www.carlosyconchita.net\\\/rutas\\\/03-04-2010-valle-del-galba\\\/\"},\"author\":{\"name\":\"Carlos Conchita\",\"@id\":\"https:\\\/\\\/www.carlosyconchita.net\\\/rutas\\\/#\\\/schema\\\/person\\\/a9691f7258c28443fab2d3aa1479ea19\"},\"headline\":\"03-04-2010 &#8211; Valle del Galba\",\"datePublished\":\"2010-04-03T20:12:55+00:00\",\"dateModified\":\"2014-06-26T15:54:42+00:00\",\"mainEntityOfPage\":{\"@id\":\"https:\\\/\\\/www.carlosyconchita.net\\\/rutas\\\/03-04-2010-valle-del-galba\\\/\"},\"wordCount\":468,\"commentCount\":0,\"image\":{\"@id\":\"https:\\\/\\\/www.carlosyconchita.net\\\/rutas\\\/03-04-2010-valle-del-galba\\\/#primaryimage\"},\"thumbnailUrl\":\"https:\\\/\\\/www.carlosyconchita.net\\\/rutas\\\/wp-content\\\/uploads\\\/2013\\\/10\\\/DSC02494-copia.jpg\",\"articleSection\":[\"0-Muy f\u00e1cil\",\"2 - De 5 a 10 km.\",\"Formigueres \\\/ Puyvalador\"],\"inLanguage\":\"es\",\"potentialAction\":[{\"@type\":\"CommentAction\",\"name\":\"Comment\",\"target\":[\"https:\\\/\\\/www.carlosyconchita.net\\\/rutas\\\/03-04-2010-valle-del-galba\\\/#respond\"]}]},{\"@type\":\"WebPage\",\"@id\":\"https:\\\/\\\/www.carlosyconchita.net\\\/rutas\\\/03-04-2010-valle-del-galba\\\/\",\"url\":\"https:\\\/\\\/www.carlosyconchita.net\\\/rutas\\\/03-04-2010-valle-del-galba\\\/\",\"name\":\"Valle del Galba\",\"isPartOf\":{\"@id\":\"https:\\\/\\\/www.carlosyconchita.net\\\/rutas\\\/#website\"},\"primaryImageOfPage\":{\"@id\":\"https:\\\/\\\/www.carlosyconchita.net\\\/rutas\\\/03-04-2010-valle-del-galba\\\/#primaryimage\"},\"image\":{\"@id\":\"https:\\\/\\\/www.carlosyconchita.net\\\/rutas\\\/03-04-2010-valle-del-galba\\\/#primaryimage\"},\"thumbnailUrl\":\"https:\\\/\\\/www.carlosyconchita.net\\\/rutas\\\/wp-content\\\/uploads\\\/2013\\\/10\\\/DSC02494-copia.jpg\",\"datePublished\":\"2010-04-03T20:12:55+00:00\",\"dateModified\":\"2014-06-26T15:54:42+00:00\",\"author\":{\"@id\":\"https:\\\/\\\/www.carlosyconchita.net\\\/rutas\\\/#\\\/schema\\\/person\\\/a9691f7258c28443fab2d3aa1479ea19\"},\"description\":\"Esta peque\u00f1a excursi\u00f3n para recorrer el Valle del Galba, empieza en el pueblecito de Esposouille,\",\"breadcrumb\":{\"@id\":\"https:\\\/\\\/www.carlosyconchita.net\\\/rutas\\\/03-04-2010-valle-del-galba\\\/#breadcrumb\"},\"inLanguage\":\"es\",\"potentialAction\":[{\"@type\":\"ReadAction\",\"target\":[\"https:\\\/\\\/www.carlosyconchita.net\\\/rutas\\\/03-04-2010-valle-del-galba\\\/\"]}]},{\"@type\":\"ImageObject\",\"inLanguage\":\"es\",\"@id\":\"https:\\\/\\\/www.carlosyconchita.net\\\/rutas\\\/03-04-2010-valle-del-galba\\\/#primaryimage\",\"url\":\"https:\\\/\\\/www.carlosyconchita.net\\\/rutas\\\/wp-content\\\/uploads\\\/2013\\\/10\\\/DSC02494-copia.jpg\",\"contentUrl\":\"https:\\\/\\\/www.carlosyconchita.net\\\/rutas\\\/wp-content\\\/uploads\\\/2013\\\/10\\\/DSC02494-copia.jpg\",\"width\":640,\"height\":304},{\"@type\":\"BreadcrumbList\",\"@id\":\"https:\\\/\\\/www.carlosyconchita.net\\\/rutas\\\/03-04-2010-valle-del-galba\\\/#breadcrumb\",\"itemListElement\":[{\"@type\":\"ListItem\",\"position\":1,\"name\":\"Portada\",\"item\":\"https:\\\/\\\/www.carlosyconchita.net\\\/rutas\\\/\"},{\"@type\":\"ListItem\",\"position\":2,\"name\":\"03-04-2010 &#8211; Valle del Galba\"}]},{\"@type\":\"WebSite\",\"@id\":\"https:\\\/\\\/www.carlosyconchita.net\\\/rutas\\\/#website\",\"url\":\"https:\\\/\\\/www.carlosyconchita.net\\\/rutas\\\/\",\"name\":\"Las rutas de Carlos y Conchita\",\"description\":\"\",\"potentialAction\":[{\"@type\":\"SearchAction\",\"target\":{\"@type\":\"EntryPoint\",\"urlTemplate\":\"https:\\\/\\\/www.carlosyconchita.net\\\/rutas\\\/?s={search_term_string}\"},\"query-input\":{\"@type\":\"PropertyValueSpecification\",\"valueRequired\":true,\"valueName\":\"search_term_string\"}}],\"inLanguage\":\"es\"},{\"@type\":\"Person\",\"@id\":\"https:\\\/\\\/www.carlosyconchita.net\\\/rutas\\\/#\\\/schema\\\/person\\\/a9691f7258c28443fab2d3aa1479ea19\",\"name\":\"Carlos Conchita\",\"image\":{\"@type\":\"ImageObject\",\"inLanguage\":\"es\",\"@id\":\"https:\\\/\\\/secure.gravatar.com\\\/avatar\\\/3a4625b20c8da3de99da69bfe7a322774e291c3f90dce7e8778a30fe6748ed1a?s=96&d=mm&r=g\",\"url\":\"https:\\\/\\\/secure.gravatar.com\\\/avatar\\\/3a4625b20c8da3de99da69bfe7a322774e291c3f90dce7e8778a30fe6748ed1a?s=96&d=mm&r=g\",\"contentUrl\":\"https:\\\/\\\/secure.gravatar.com\\\/avatar\\\/3a4625b20c8da3de99da69bfe7a322774e291c3f90dce7e8778a30fe6748ed1a?s=96&d=mm&r=g\",\"caption\":\"Carlos Conchita\"}}]}<\/script>\n<!-- \/ Yoast SEO plugin. -->","yoast_head_json":{"title":"Valle del Galba","description":"Esta peque\u00f1a excursi\u00f3n para recorrer el Valle del Galba, empieza en el pueblecito de Esposouille,","robots":{"index":"index","follow":"follow","max-snippet":"max-snippet:-1","max-image-preview":"max-image-preview:large","max-video-preview":"max-video-preview:-1"},"canonical":"https:\/\/www.carlosyconchita.net\/rutas\/03-04-2010-valle-del-galba\/","og_locale":"es_ES","og_type":"article","og_title":"Valle del Galba","og_description":"Esta peque\u00f1a excursi\u00f3n para recorrer el Valle del Galba, empieza en el pueblecito de Esposouille,","og_url":"https:\/\/www.carlosyconchita.net\/rutas\/03-04-2010-valle-del-galba\/","og_site_name":"Las rutas de Carlos y Conchita","article_published_time":"2010-04-03T20:12:55+00:00","article_modified_time":"2014-06-26T15:54:42+00:00","og_image":[{"width":640,"height":304,"url":"https:\/\/www.carlosyconchita.net\/rutas\/wp-content\/uploads\/2013\/10\/DSC02494-copia.jpg","type":"image\/jpeg"}],"author":"Carlos Conchita","twitter_misc":{"Escrito por":"Carlos Conchita","Tiempo de lectura":"2 minutos"},"schema":{"@context":"https:\/\/schema.org","@graph":[{"@type":"Article","@id":"https:\/\/www.carlosyconchita.net\/rutas\/03-04-2010-valle-del-galba\/#article","isPartOf":{"@id":"https:\/\/www.carlosyconchita.net\/rutas\/03-04-2010-valle-del-galba\/"},"author":{"name":"Carlos Conchita","@id":"https:\/\/www.carlosyconchita.net\/rutas\/#\/schema\/person\/a9691f7258c28443fab2d3aa1479ea19"},"headline":"03-04-2010 &#8211; Valle del Galba","datePublished":"2010-04-03T20:12:55+00:00","dateModified":"2014-06-26T15:54:42+00:00","mainEntityOfPage":{"@id":"https:\/\/www.carlosyconchita.net\/rutas\/03-04-2010-valle-del-galba\/"},"wordCount":468,"commentCount":0,"image":{"@id":"https:\/\/www.carlosyconchita.net\/rutas\/03-04-2010-valle-del-galba\/#primaryimage"},"thumbnailUrl":"https:\/\/www.carlosyconchita.net\/rutas\/wp-content\/uploads\/2013\/10\/DSC02494-copia.jpg","articleSection":["0-Muy f\u00e1cil","2 - De 5 a 10 km.","Formigueres \/ Puyvalador"],"inLanguage":"es","potentialAction":[{"@type":"CommentAction","name":"Comment","target":["https:\/\/www.carlosyconchita.net\/rutas\/03-04-2010-valle-del-galba\/#respond"]}]},{"@type":"WebPage","@id":"https:\/\/www.carlosyconchita.net\/rutas\/03-04-2010-valle-del-galba\/","url":"https:\/\/www.carlosyconchita.net\/rutas\/03-04-2010-valle-del-galba\/","name":"Valle del Galba","isPartOf":{"@id":"https:\/\/www.carlosyconchita.net\/rutas\/#website"},"primaryImageOfPage":{"@id":"https:\/\/www.carlosyconchita.net\/rutas\/03-04-2010-valle-del-galba\/#primaryimage"},"image":{"@id":"https:\/\/www.carlosyconchita.net\/rutas\/03-04-2010-valle-del-galba\/#primaryimage"},"thumbnailUrl":"https:\/\/www.carlosyconchita.net\/rutas\/wp-content\/uploads\/2013\/10\/DSC02494-copia.jpg","datePublished":"2010-04-03T20:12:55+00:00","dateModified":"2014-06-26T15:54:42+00:00","author":{"@id":"https:\/\/www.carlosyconchita.net\/rutas\/#\/schema\/person\/a9691f7258c28443fab2d3aa1479ea19"},"description":"Esta peque\u00f1a excursi\u00f3n para recorrer el Valle del Galba, empieza en el pueblecito de Esposouille,","breadcrumb":{"@id":"https:\/\/www.carlosyconchita.net\/rutas\/03-04-2010-valle-del-galba\/#breadcrumb"},"inLanguage":"es","potentialAction":[{"@type":"ReadAction","target":["https:\/\/www.carlosyconchita.net\/rutas\/03-04-2010-valle-del-galba\/"]}]},{"@type":"ImageObject","inLanguage":"es","@id":"https:\/\/www.carlosyconchita.net\/rutas\/03-04-2010-valle-del-galba\/#primaryimage","url":"https:\/\/www.carlosyconchita.net\/rutas\/wp-content\/uploads\/2013\/10\/DSC02494-copia.jpg","contentUrl":"https:\/\/www.carlosyconchita.net\/rutas\/wp-content\/uploads\/2013\/10\/DSC02494-copia.jpg","width":640,"height":304},{"@type":"BreadcrumbList","@id":"https:\/\/www.carlosyconchita.net\/rutas\/03-04-2010-valle-del-galba\/#breadcrumb","itemListElement":[{"@type":"ListItem","position":1,"name":"Portada","item":"https:\/\/www.carlosyconchita.net\/rutas\/"},{"@type":"ListItem","position":2,"name":"03-04-2010 &#8211; Valle del Galba"}]},{"@type":"WebSite","@id":"https:\/\/www.carlosyconchita.net\/rutas\/#website","url":"https:\/\/www.carlosyconchita.net\/rutas\/","name":"Las rutas de Carlos y Conchita","description":"","potentialAction":[{"@type":"SearchAction","target":{"@type":"EntryPoint","urlTemplate":"https:\/\/www.carlosyconchita.net\/rutas\/?s={search_term_string}"},"query-input":{"@type":"PropertyValueSpecification","valueRequired":true,"valueName":"search_term_string"}}],"inLanguage":"es"},{"@type":"Person","@id":"https:\/\/www.carlosyconchita.net\/rutas\/#\/schema\/person\/a9691f7258c28443fab2d3aa1479ea19","name":"Carlos Conchita","image":{"@type":"ImageObject","inLanguage":"es","@id":"https:\/\/secure.gravatar.com\/avatar\/3a4625b20c8da3de99da69bfe7a322774e291c3f90dce7e8778a30fe6748ed1a?s=96&d=mm&r=g","url":"https:\/\/secure.gravatar.com\/avatar\/3a4625b20c8da3de99da69bfe7a322774e291c3f90dce7e8778a30fe6748ed1a?s=96&d=mm&r=g","contentUrl":"https:\/\/secure.gravatar.com\/avatar\/3a4625b20c8da3de99da69bfe7a322774e291c3f90dce7e8778a30fe6748ed1a?s=96&d=mm&r=g","caption":"Carlos Conchita"}}]}},"_links":{"self":[{"href":"https:\/\/www.carlosyconchita.net\/rutas\/wp-json\/wp\/v2\/posts\/3445","targetHints":{"allow":["GET"]}}],"collection":[{"href":"https:\/\/www.carlosyconchita.net\/rutas\/wp-json\/wp\/v2\/posts"}],"about":[{"href":"https:\/\/www.carlosyconchita.net\/rutas\/wp-json\/wp\/v2\/types\/post"}],"author":[{"embeddable":true,"href":"https:\/\/www.carlosyconchita.net\/rutas\/wp-json\/wp\/v2\/users\/50"}],"replies":[{"embeddable":true,"href":"https:\/\/www.carlosyconchita.net\/rutas\/wp-json\/wp\/v2\/comments?post=3445"}],"version-history":[{"count":0,"href":"https:\/\/www.carlosyconchita.net\/rutas\/wp-json\/wp\/v2\/posts\/3445\/revisions"}],"wp:featuredmedia":[{"embeddable":true,"href":"https:\/\/www.carlosyconchita.net\/rutas\/wp-json\/wp\/v2\/media\/3453"}],"wp:attachment":[{"href":"https:\/\/www.carlosyconchita.net\/rutas\/wp-json\/wp\/v2\/media?parent=3445"}],"wp:term":[{"taxonomy":"category","embeddable":true,"href":"https:\/\/www.carlosyconchita.net\/rutas\/wp-json\/wp\/v2\/categories?post=3445"},{"taxonomy":"post_tag","embeddable":true,"href":"https:\/\/www.carlosyconchita.net\/rutas\/wp-json\/wp\/v2\/tags?post=3445"}],"curies":[{"name":"wp","href":"https:\/\/api.w.org\/{rel}","templated":true}]}}