{"id":3474,"date":"2010-04-02T21:50:24","date_gmt":"2010-04-02T20:50:24","guid":{"rendered":"http:\/\/www.carlosyconchita.net\/rutas\/?p=3474"},"modified":"2013-11-18T19:14:33","modified_gmt":"2013-11-18T18:14:33","slug":"02-04-2010-lac-de-la-pradella","status":"publish","type":"post","link":"https:\/\/www.carlosyconchita.net\/rutas\/02-04-2010-lac-de-la-pradella\/","title":{"rendered":"02-04-2010 &#8211; Lac de la Pradella (Boullosas)"},"content":{"rendered":"<p style=\"text-align: justify;\">Esta es una f\u00e1cil excursi\u00f3n en la zona de las Boullosas, y que tiene el m\u00e9rio de ser la primera por orden de fechas de todas las que tenemos en nuestra web, y de ser la \u00faltima publicada, ya que esta web la iniciamos en 2012, y hemos ido recuperando y publicando las excursiones anteriores, por lo que \u00e9sta en concreto, la estamos escribiendo el dia 11-10-2013.<\/p>\n<p style=\"text-align: justify;\">Aprovechando la circunstancia de ser la \u00faltima publicada hasta que nos hemos puesto al d\u00eda, podemos decir que a lo largo de los 3 a\u00f1os y medio transcurridos, hemos pasado varias veces por este lago, aunque como es l\u00f3gico, el paisaje es completamente distinto en verano o en invierno.<\/p>\n<h1><a title=\"12-06-2011 \u2013 Boullosas : tour de 5 lagos\" href=\"http:\/\/www.carlosyconchita.net\/rutas\/?p=2095\">12-06-2011 \u2013 Boullosas : tour de 5 lagos<\/a><\/h1>\n<h1><a title=\"16-06-2013 \u2013 Angoustrine \u2013 La Pradella (Boullosas)\" href=\"http:\/\/www.carlosyconchita.net\/rutas\/?p=2881\">16-06-2013 \u2013 Angoustrine \u2013 La Pradella (Boullosas)<\/a><\/h1>\n<p style=\"text-align: justify;\">El punto de partida es la presa del citado lago, en donde podremos dejar el coche en la zona de parking existente all\u00ed.<\/p>\n<p style=\"text-align: justify;\">Partiendo de Saillagosa, cogeremos la carretera en direcci\u00f3n a Mont-Luis, y antes de llegar a esa poblaci\u00f3n, encontraremos 2 rotondas, en las cuales deberemos seguir siempre direcci\u00f3n Les Angles., y poco despues de la segunda de estas rotondas, encontraremos un desvio a la izquierda que nos indica Las Boullosas.<\/p>\n<p style=\"text-align: justify;\">Siguiendo esta carretera que va siguiendo el curso del rio T\u00eat, llegaremos al cabo de unos 8-10 km. a la base de la presa de las Boullosas, donde podremos dejar el coche.<\/p>\n<p style=\"text-align: justify;\">Hay que tener en cuenta que en los meses de julio, agosto y a veces algunos fines de semana de septiembre, esta carretera est\u00e1 cerrada al paso de vehiculos particulares, y s\u00f3lo se podr\u00e1 llegar a la zona de la presa, usando unas \u201cnavetes\u201d o minibuses que parten del parking situado al principio de esa carretera.<\/p>\n<p style=\"text-align: justify;\">Una vez llegados a la presa, justo en su base, encontraremos alli una zona de parking , y al lado mismo una peque\u00f1a oficina de informaci\u00f3n donde podremos recoger algun folleto turistico de la zona.<\/p>\n<p style=\"text-align: justify;\">[shashin type=\u00bbphoto\u00bb id=\u00bb4595,4593&#8243; size=\u00bblarge\u00bb columns=\u00bbmax\u00bb order=\u00bbuser\u00bb caption=\u00bby\u00bb position=\u00bbcenter\u00bb]<\/p>\n<p style=\"text-align: justify;\">Para empezar la excursi\u00f3n, nos dirigiremos hacia el sur, es decir , nos alejaremos de la presa, por un amplio terreno que va descendiendo ligeramente y siguiendo las indicaciones del Lac de Pradella, a donde llegaremos despues de pasar cerca de un telesilla de la zona de Font Romeu.<\/p>\n<p style=\"text-align: justify;\">El camino no presenta ninguna dificultad, ni en invierno con nieve, ya que es pr\u00e1cticamente plano.<\/p>\n<p style=\"text-align: justify;\">[shashin type=\u00bbphoto\u00bb id=\u00bb4598,4599&#8243; size=\u00bblarge\u00bb columns=\u00bbmax\u00bb order=\u00bbuser\u00bb caption=\u00bby\u00bb position=\u00bbcenter\u00bb]<\/p>\n<p style=\"text-align: justify;\">[shashin type=\u00bbphoto\u00bb id=\u00bb4603,4607&#8243; size=\u00bblarge\u00bb columns=\u00bbmax\u00bb order=\u00bbuser\u00bb caption=\u00bby\u00bb position=\u00bbcenter\u00bb]<\/p>\n<p style=\"text-align: justify;\">[shashin type=\u00bbphoto\u00bb id=\u00bb4602&#8243; size=\u00bblarge\u00bb columns=\u00bbmax\u00bb order=\u00bbuser\u00bb caption=\u00bby\u00bb position=\u00bbcenter\u00bb]<\/p>\n<hr \/>\n<p style=\"text-align: justify;\"><strong class=\"wp-caption\">Enlace al album de fotos<\/strong><\/p>\n<p style=\"text-align: justify;\">[shashin type=\u00bbalbum\u00bb id=\u00bb86&#8243; size=\u00bbsmall\u00bb crop=\u00bbn\u00bb columns=\u00bbmax\u00bb caption=\u00bby\u00bb order=\u00bbdate\u00bb position=\u00bbcenter\u00bb]<\/p>\n<p style=\"text-align: justify;\"><span style=\"color: #ff0000;\">Si se quieren ver las fotos en tama\u00f1o m\u00e1s grande, y se dispone de una ADSL r\u00e1pida, en el enlace \u201cFotos Google +\u201d se puede acceder a la coleccion de albumes de fotos, que estan ordenados por fecha.<\/span><\/p>\n","protected":false},"excerpt":{"rendered":"<p>Esta es una f\u00e1cil excursi\u00f3n en la zona de las Boullosas, y que tiene el m\u00e9rio de ser la primera por orden de fechas de todas las que tenemos en nuestra web, y de ser la \u00faltima publicada, ya que esta web la iniciamos en 2012, y hemos ido recuperando y publicando las excursiones anteriores, [&hellip;]<\/p>\n","protected":false},"author":50,"featured_media":3929,"comment_status":"open","ping_status":"open","sticky":false,"template":"","format":"gallery","meta":{"footnotes":""},"categories":[14,21,31],"tags":[],"class_list":{"0":"post-3474","1":"post","2":"type-post","3":"status-publish","4":"format-gallery","5":"has-post-thumbnail","6":"hentry","7":"category-muy-facil","8":"category-hasta-5-km","9":"category-boullosas","10":"post_format-post-format-gallery","12":"post-with-thumbnail","13":"post-with-thumbnail-icon"},"yoast_head":"<!-- This site is optimized with the Yoast SEO plugin v27.4 - https:\/\/yoast.com\/product\/yoast-seo-wordpress\/ -->\n<title>02-04-2010 - Lac de la Pradella (Boullosas) -<\/title>\n<meta name=\"description\" content=\"Excursion al lago de la Pradella, en la zona de las Boullosas\" \/>\n<meta name=\"robots\" content=\"index, follow, max-snippet:-1, max-image-preview:large, max-video-preview:-1\" \/>\n<link rel=\"canonical\" href=\"https:\/\/www.carlosyconchita.net\/rutas\/02-04-2010-lac-de-la-pradella\/\" \/>\n<meta property=\"og:locale\" content=\"es_ES\" \/>\n<meta property=\"og:type\" content=\"article\" \/>\n<meta property=\"og:title\" content=\"02-04-2010 - Lac de la Pradella (Boullosas) -\" \/>\n<meta property=\"og:description\" content=\"Excursion al lago de la Pradella, en la zona de las Boullosas\" \/>\n<meta property=\"og:url\" content=\"https:\/\/www.carlosyconchita.net\/rutas\/02-04-2010-lac-de-la-pradella\/\" \/>\n<meta property=\"og:site_name\" content=\"Las rutas de Carlos y Conchita\" \/>\n<meta property=\"article:published_time\" content=\"2010-04-02T20:50:24+00:00\" \/>\n<meta property=\"article:modified_time\" content=\"2013-11-18T18:14:33+00:00\" \/>\n<meta property=\"og:image\" content=\"https:\/\/www.carlosyconchita.net\/rutas\/wp-content\/uploads\/2010\/04\/DSC02467.jpg\" \/>\n\t<meta property=\"og:image:width\" content=\"640\" \/>\n\t<meta property=\"og:image:height\" content=\"480\" \/>\n\t<meta property=\"og:image:type\" content=\"image\/jpeg\" \/>\n<meta name=\"author\" content=\"Carlos Conchita\" \/>\n<meta name=\"twitter:label1\" content=\"Escrito por\" \/>\n\t<meta name=\"twitter:data1\" content=\"Carlos Conchita\" \/>\n\t<meta name=\"twitter:label2\" content=\"Tiempo de lectura\" \/>\n\t<meta name=\"twitter:data2\" content=\"3 minutos\" \/>\n<script type=\"application\/ld+json\" class=\"yoast-schema-graph\">{\"@context\":\"https:\\\/\\\/schema.org\",\"@graph\":[{\"@type\":\"Article\",\"@id\":\"https:\\\/\\\/www.carlosyconchita.net\\\/rutas\\\/02-04-2010-lac-de-la-pradella\\\/#article\",\"isPartOf\":{\"@id\":\"https:\\\/\\\/www.carlosyconchita.net\\\/rutas\\\/02-04-2010-lac-de-la-pradella\\\/\"},\"author\":{\"name\":\"Carlos Conchita\",\"@id\":\"https:\\\/\\\/www.carlosyconchita.net\\\/rutas\\\/#\\\/schema\\\/person\\\/a9691f7258c28443fab2d3aa1479ea19\"},\"headline\":\"02-04-2010 &#8211; Lac de la Pradella (Boullosas)\",\"datePublished\":\"2010-04-02T20:50:24+00:00\",\"dateModified\":\"2013-11-18T18:14:33+00:00\",\"mainEntityOfPage\":{\"@id\":\"https:\\\/\\\/www.carlosyconchita.net\\\/rutas\\\/02-04-2010-lac-de-la-pradella\\\/\"},\"wordCount\":524,\"commentCount\":0,\"image\":{\"@id\":\"https:\\\/\\\/www.carlosyconchita.net\\\/rutas\\\/02-04-2010-lac-de-la-pradella\\\/#primaryimage\"},\"thumbnailUrl\":\"https:\\\/\\\/www.carlosyconchita.net\\\/rutas\\\/wp-content\\\/uploads\\\/2010\\\/04\\\/DSC02467.jpg\",\"articleSection\":[\"0-Muy f\u00e1cil\",\"1 - Hasta 5 km.\",\"Boullosas\"],\"inLanguage\":\"es\",\"potentialAction\":[{\"@type\":\"CommentAction\",\"name\":\"Comment\",\"target\":[\"https:\\\/\\\/www.carlosyconchita.net\\\/rutas\\\/02-04-2010-lac-de-la-pradella\\\/#respond\"]}]},{\"@type\":\"WebPage\",\"@id\":\"https:\\\/\\\/www.carlosyconchita.net\\\/rutas\\\/02-04-2010-lac-de-la-pradella\\\/\",\"url\":\"https:\\\/\\\/www.carlosyconchita.net\\\/rutas\\\/02-04-2010-lac-de-la-pradella\\\/\",\"name\":\"02-04-2010 - Lac de la Pradella (Boullosas) -\",\"isPartOf\":{\"@id\":\"https:\\\/\\\/www.carlosyconchita.net\\\/rutas\\\/#website\"},\"primaryImageOfPage\":{\"@id\":\"https:\\\/\\\/www.carlosyconchita.net\\\/rutas\\\/02-04-2010-lac-de-la-pradella\\\/#primaryimage\"},\"image\":{\"@id\":\"https:\\\/\\\/www.carlosyconchita.net\\\/rutas\\\/02-04-2010-lac-de-la-pradella\\\/#primaryimage\"},\"thumbnailUrl\":\"https:\\\/\\\/www.carlosyconchita.net\\\/rutas\\\/wp-content\\\/uploads\\\/2010\\\/04\\\/DSC02467.jpg\",\"datePublished\":\"2010-04-02T20:50:24+00:00\",\"dateModified\":\"2013-11-18T18:14:33+00:00\",\"author\":{\"@id\":\"https:\\\/\\\/www.carlosyconchita.net\\\/rutas\\\/#\\\/schema\\\/person\\\/a9691f7258c28443fab2d3aa1479ea19\"},\"description\":\"Excursion al lago de la Pradella, en la zona de las Boullosas\",\"breadcrumb\":{\"@id\":\"https:\\\/\\\/www.carlosyconchita.net\\\/rutas\\\/02-04-2010-lac-de-la-pradella\\\/#breadcrumb\"},\"inLanguage\":\"es\",\"potentialAction\":[{\"@type\":\"ReadAction\",\"target\":[\"https:\\\/\\\/www.carlosyconchita.net\\\/rutas\\\/02-04-2010-lac-de-la-pradella\\\/\"]}]},{\"@type\":\"ImageObject\",\"inLanguage\":\"es\",\"@id\":\"https:\\\/\\\/www.carlosyconchita.net\\\/rutas\\\/02-04-2010-lac-de-la-pradella\\\/#primaryimage\",\"url\":\"https:\\\/\\\/www.carlosyconchita.net\\\/rutas\\\/wp-content\\\/uploads\\\/2010\\\/04\\\/DSC02467.jpg\",\"contentUrl\":\"https:\\\/\\\/www.carlosyconchita.net\\\/rutas\\\/wp-content\\\/uploads\\\/2010\\\/04\\\/DSC02467.jpg\",\"width\":640,\"height\":480},{\"@type\":\"BreadcrumbList\",\"@id\":\"https:\\\/\\\/www.carlosyconchita.net\\\/rutas\\\/02-04-2010-lac-de-la-pradella\\\/#breadcrumb\",\"itemListElement\":[{\"@type\":\"ListItem\",\"position\":1,\"name\":\"Portada\",\"item\":\"https:\\\/\\\/www.carlosyconchita.net\\\/rutas\\\/\"},{\"@type\":\"ListItem\",\"position\":2,\"name\":\"02-04-2010 &#8211; Lac de la Pradella (Boullosas)\"}]},{\"@type\":\"WebSite\",\"@id\":\"https:\\\/\\\/www.carlosyconchita.net\\\/rutas\\\/#website\",\"url\":\"https:\\\/\\\/www.carlosyconchita.net\\\/rutas\\\/\",\"name\":\"Las rutas de Carlos y Conchita\",\"description\":\"\",\"potentialAction\":[{\"@type\":\"SearchAction\",\"target\":{\"@type\":\"EntryPoint\",\"urlTemplate\":\"https:\\\/\\\/www.carlosyconchita.net\\\/rutas\\\/?s={search_term_string}\"},\"query-input\":{\"@type\":\"PropertyValueSpecification\",\"valueRequired\":true,\"valueName\":\"search_term_string\"}}],\"inLanguage\":\"es\"},{\"@type\":\"Person\",\"@id\":\"https:\\\/\\\/www.carlosyconchita.net\\\/rutas\\\/#\\\/schema\\\/person\\\/a9691f7258c28443fab2d3aa1479ea19\",\"name\":\"Carlos Conchita\",\"image\":{\"@type\":\"ImageObject\",\"inLanguage\":\"es\",\"@id\":\"https:\\\/\\\/secure.gravatar.com\\\/avatar\\\/3a4625b20c8da3de99da69bfe7a322774e291c3f90dce7e8778a30fe6748ed1a?s=96&d=mm&r=g\",\"url\":\"https:\\\/\\\/secure.gravatar.com\\\/avatar\\\/3a4625b20c8da3de99da69bfe7a322774e291c3f90dce7e8778a30fe6748ed1a?s=96&d=mm&r=g\",\"contentUrl\":\"https:\\\/\\\/secure.gravatar.com\\\/avatar\\\/3a4625b20c8da3de99da69bfe7a322774e291c3f90dce7e8778a30fe6748ed1a?s=96&d=mm&r=g\",\"caption\":\"Carlos Conchita\"}}]}<\/script>\n<!-- \/ Yoast SEO plugin. -->","yoast_head_json":{"title":"02-04-2010 - Lac de la Pradella (Boullosas) -","description":"Excursion al lago de la Pradella, en la zona de las Boullosas","robots":{"index":"index","follow":"follow","max-snippet":"max-snippet:-1","max-image-preview":"max-image-preview:large","max-video-preview":"max-video-preview:-1"},"canonical":"https:\/\/www.carlosyconchita.net\/rutas\/02-04-2010-lac-de-la-pradella\/","og_locale":"es_ES","og_type":"article","og_title":"02-04-2010 - Lac de la Pradella (Boullosas) -","og_description":"Excursion al lago de la Pradella, en la zona de las Boullosas","og_url":"https:\/\/www.carlosyconchita.net\/rutas\/02-04-2010-lac-de-la-pradella\/","og_site_name":"Las rutas de Carlos y Conchita","article_published_time":"2010-04-02T20:50:24+00:00","article_modified_time":"2013-11-18T18:14:33+00:00","og_image":[{"width":640,"height":480,"url":"https:\/\/www.carlosyconchita.net\/rutas\/wp-content\/uploads\/2010\/04\/DSC02467.jpg","type":"image\/jpeg"}],"author":"Carlos Conchita","twitter_misc":{"Escrito por":"Carlos Conchita","Tiempo de lectura":"3 minutos"},"schema":{"@context":"https:\/\/schema.org","@graph":[{"@type":"Article","@id":"https:\/\/www.carlosyconchita.net\/rutas\/02-04-2010-lac-de-la-pradella\/#article","isPartOf":{"@id":"https:\/\/www.carlosyconchita.net\/rutas\/02-04-2010-lac-de-la-pradella\/"},"author":{"name":"Carlos Conchita","@id":"https:\/\/www.carlosyconchita.net\/rutas\/#\/schema\/person\/a9691f7258c28443fab2d3aa1479ea19"},"headline":"02-04-2010 &#8211; Lac de la Pradella (Boullosas)","datePublished":"2010-04-02T20:50:24+00:00","dateModified":"2013-11-18T18:14:33+00:00","mainEntityOfPage":{"@id":"https:\/\/www.carlosyconchita.net\/rutas\/02-04-2010-lac-de-la-pradella\/"},"wordCount":524,"commentCount":0,"image":{"@id":"https:\/\/www.carlosyconchita.net\/rutas\/02-04-2010-lac-de-la-pradella\/#primaryimage"},"thumbnailUrl":"https:\/\/www.carlosyconchita.net\/rutas\/wp-content\/uploads\/2010\/04\/DSC02467.jpg","articleSection":["0-Muy f\u00e1cil","1 - Hasta 5 km.","Boullosas"],"inLanguage":"es","potentialAction":[{"@type":"CommentAction","name":"Comment","target":["https:\/\/www.carlosyconchita.net\/rutas\/02-04-2010-lac-de-la-pradella\/#respond"]}]},{"@type":"WebPage","@id":"https:\/\/www.carlosyconchita.net\/rutas\/02-04-2010-lac-de-la-pradella\/","url":"https:\/\/www.carlosyconchita.net\/rutas\/02-04-2010-lac-de-la-pradella\/","name":"02-04-2010 - Lac de la Pradella (Boullosas) -","isPartOf":{"@id":"https:\/\/www.carlosyconchita.net\/rutas\/#website"},"primaryImageOfPage":{"@id":"https:\/\/www.carlosyconchita.net\/rutas\/02-04-2010-lac-de-la-pradella\/#primaryimage"},"image":{"@id":"https:\/\/www.carlosyconchita.net\/rutas\/02-04-2010-lac-de-la-pradella\/#primaryimage"},"thumbnailUrl":"https:\/\/www.carlosyconchita.net\/rutas\/wp-content\/uploads\/2010\/04\/DSC02467.jpg","datePublished":"2010-04-02T20:50:24+00:00","dateModified":"2013-11-18T18:14:33+00:00","author":{"@id":"https:\/\/www.carlosyconchita.net\/rutas\/#\/schema\/person\/a9691f7258c28443fab2d3aa1479ea19"},"description":"Excursion al lago de la Pradella, en la zona de las Boullosas","breadcrumb":{"@id":"https:\/\/www.carlosyconchita.net\/rutas\/02-04-2010-lac-de-la-pradella\/#breadcrumb"},"inLanguage":"es","potentialAction":[{"@type":"ReadAction","target":["https:\/\/www.carlosyconchita.net\/rutas\/02-04-2010-lac-de-la-pradella\/"]}]},{"@type":"ImageObject","inLanguage":"es","@id":"https:\/\/www.carlosyconchita.net\/rutas\/02-04-2010-lac-de-la-pradella\/#primaryimage","url":"https:\/\/www.carlosyconchita.net\/rutas\/wp-content\/uploads\/2010\/04\/DSC02467.jpg","contentUrl":"https:\/\/www.carlosyconchita.net\/rutas\/wp-content\/uploads\/2010\/04\/DSC02467.jpg","width":640,"height":480},{"@type":"BreadcrumbList","@id":"https:\/\/www.carlosyconchita.net\/rutas\/02-04-2010-lac-de-la-pradella\/#breadcrumb","itemListElement":[{"@type":"ListItem","position":1,"name":"Portada","item":"https:\/\/www.carlosyconchita.net\/rutas\/"},{"@type":"ListItem","position":2,"name":"02-04-2010 &#8211; Lac de la Pradella (Boullosas)"}]},{"@type":"WebSite","@id":"https:\/\/www.carlosyconchita.net\/rutas\/#website","url":"https:\/\/www.carlosyconchita.net\/rutas\/","name":"Las rutas de Carlos y Conchita","description":"","potentialAction":[{"@type":"SearchAction","target":{"@type":"EntryPoint","urlTemplate":"https:\/\/www.carlosyconchita.net\/rutas\/?s={search_term_string}"},"query-input":{"@type":"PropertyValueSpecification","valueRequired":true,"valueName":"search_term_string"}}],"inLanguage":"es"},{"@type":"Person","@id":"https:\/\/www.carlosyconchita.net\/rutas\/#\/schema\/person\/a9691f7258c28443fab2d3aa1479ea19","name":"Carlos Conchita","image":{"@type":"ImageObject","inLanguage":"es","@id":"https:\/\/secure.gravatar.com\/avatar\/3a4625b20c8da3de99da69bfe7a322774e291c3f90dce7e8778a30fe6748ed1a?s=96&d=mm&r=g","url":"https:\/\/secure.gravatar.com\/avatar\/3a4625b20c8da3de99da69bfe7a322774e291c3f90dce7e8778a30fe6748ed1a?s=96&d=mm&r=g","contentUrl":"https:\/\/secure.gravatar.com\/avatar\/3a4625b20c8da3de99da69bfe7a322774e291c3f90dce7e8778a30fe6748ed1a?s=96&d=mm&r=g","caption":"Carlos Conchita"}}]}},"_links":{"self":[{"href":"https:\/\/www.carlosyconchita.net\/rutas\/wp-json\/wp\/v2\/posts\/3474","targetHints":{"allow":["GET"]}}],"collection":[{"href":"https:\/\/www.carlosyconchita.net\/rutas\/wp-json\/wp\/v2\/posts"}],"about":[{"href":"https:\/\/www.carlosyconchita.net\/rutas\/wp-json\/wp\/v2\/types\/post"}],"author":[{"embeddable":true,"href":"https:\/\/www.carlosyconchita.net\/rutas\/wp-json\/wp\/v2\/users\/50"}],"replies":[{"embeddable":true,"href":"https:\/\/www.carlosyconchita.net\/rutas\/wp-json\/wp\/v2\/comments?post=3474"}],"version-history":[{"count":0,"href":"https:\/\/www.carlosyconchita.net\/rutas\/wp-json\/wp\/v2\/posts\/3474\/revisions"}],"wp:featuredmedia":[{"embeddable":true,"href":"https:\/\/www.carlosyconchita.net\/rutas\/wp-json\/wp\/v2\/media\/3929"}],"wp:attachment":[{"href":"https:\/\/www.carlosyconchita.net\/rutas\/wp-json\/wp\/v2\/media?parent=3474"}],"wp:term":[{"taxonomy":"category","embeddable":true,"href":"https:\/\/www.carlosyconchita.net\/rutas\/wp-json\/wp\/v2\/categories?post=3474"},{"taxonomy":"post_tag","embeddable":true,"href":"https:\/\/www.carlosyconchita.net\/rutas\/wp-json\/wp\/v2\/tags?post=3474"}],"curies":[{"name":"wp","href":"https:\/\/api.w.org\/{rel}","templated":true}]}}