{"id":4014,"date":"2013-12-07T21:44:20","date_gmt":"2013-12-07T20:44:20","guid":{"rendered":"http:\/\/www.carlosyconchita.net\/rutas\/?p=4014"},"modified":"2015-09-30T22:08:40","modified_gmt":"2015-09-30T21:08:40","slug":"07-12-2013-sauto-fetges-raquetas","status":"publish","type":"post","link":"https:\/\/www.carlosyconchita.net\/rutas\/07-12-2013-sauto-fetges-raquetas\/","title":{"rendered":"07-12-2013 &#8211; Sauto &#8211; Fetges (raquetas)"},"content":{"rendered":"<p>&nbsp;<\/p>\n<table border=\"0\">\n<tbody>\n<tr>\n<td><strong>Dificultad :\u00a0 F\u00e1cil\u00a0\u00a0\u00a0\u00a0\u00a0\u00a0\u00a0\u00a0\u00a0\u00a0\u00a0\u00a0\u00a0\u00a0\u00a0\u00a0\u00a0\u00a0\u00a0\u00a0\u00a0\u00a0\u00a0\u00a0\u00a0 \u00a0 \u00a0 \u00a0\u00a0 \u00a0\u00a0\u00a0\u00a0\u00a0\u00a0\u00a0\u00a0\u00a0\u00a0\u00a0\u00a0\u00a0\u00a0\u00a0\u00a0 \u00a0 \u00a0 <strong>Recorrido :\u00a0 6&#8217;220 km.<\/strong><\/strong><\/td>\n<\/tr>\n<tr>\n<td><strong>\u00a0Desnivel : 206 m. \u00a0 \u00a0 \u00a0 \u00a0 \u00a0 \u00a0 \u00a0 \u00a0 \u00a0 \u00a0 \u00a0 \u00a0 \u00a0 \u00a0 \u00a0 \u00a0 \u00a0 \u00a0 \u00a0 \u00a0 \u00a0 \u00a0 \u00a0 \u00a0\u00a0 \u00a0\u00a0<strong> Alturas :\u00a0 1.550 \/ 1.661<\/strong><\/strong><\/td>\n<\/tr>\n<tr>\n<td><strong> Tiempo total :\u00a0 3 h. 42m\u00a0\u00a0\u00a0\u00a0\u00a0\u00a0\u00a0\u00a0\u00a0\u00a0\u00a0\u00a0\u00a0\u00a0\u00a0\u00a0\u00a0\u00a0\u00a0\u00a0\u00a0\u00a0\u00a0\u00a0\u00a0\u00a0\u00a0\u00a0\u00a0\u00a0\u00a0\u00a0\u00a0\u00a0\u00a0\u00a0\u00a0\u00a0\u00a0\u00a0\u00a0\u00a0\u00a0 Velocidad media<strong> :\u00a0 1&#8217;68 km.\/hora<\/strong> <\/strong><\/td>\n<\/tr>\n<tr>\n<td><strong>Tiempo movimiento :\u00a0 1h. 52 m. \u00a0\u00a0\u00a0\u00a0\u00a0\u00a0\u00a0\u00a0\u00a0\u00a0\u00a0\u00a0\u00a0\u00a0\u00a0\u00a0\u00a0\u00a0\u00a0\u00a0\u00a0\u00a0\u00a0\u00a0\u00a0\u00a0\u00a0\u00a0 Velocidad media\u00a0<strong><strong> :\u00a0\u00a0 3&#8217;32 km.\/hora<\/strong><\/strong> <\/strong><\/td>\n<\/tr>\n<\/tbody>\n<\/table>\n<p style=\"text-align: justify;\">Esta excursi\u00f3n empieza en la poblaci\u00f3n francesa de Sauto y para llegar all\u00ed desde Saillagosa, seguimos las indicaciones de la N-116\u00a0 hacia Font-Romeu \/ Les Angles.<\/p>\n<p style=\"text-align: justify;\"><!--more--><\/p>\n<p style=\"text-align: justify;\">Cuando lleguemos a Mont-Louis, encontraremos una rotonda con un monumento de piedra en el centro, y alli cogeremos la primera salida. Pasaremos frente a la entrada a la zona amurallada de este pueblo, y seguiremos la carretera , llegando poco despu\u00e9s a Fetges, y casi a la salida del mismo, veremos a la izquierda el desv\u00edo a Sauto, que tiene dos zonas, la parte alta (Haut) , cuyo desvio encontraremos primero,\u00a0 y la parte baja (Bas),\u00a0 que veremos despues.<\/p>\n<p style=\"text-align: justify;\">Cualquiera de los 2 puntos nos sirve para iniciar la caminata, ya que empezando abajo, tenemos que subir unas calles y una escalera que nos llevar\u00e1 a la parte alta, y desde all\u00ed saldremos ya del pueblo.<\/p>\n<p style=\"text-align: justify;\">Nosotros hemos empezado por la parte baja, y hemos dejado el coche al lado de la Mairie que como siempre, tiene un parking al lado.<\/p>\n<p style=\"text-align: justify;\">[shashin type=\u00bbphoto\u00bb id=\u00bb5315&#8243; size=\u00bblarge\u00bb columns=\u00bbmax\u00bb order=\u00bbuser\u00bb caption=\u00bby\u00bb position=\u00bbcenter\u00bb]<\/p>\n<p style=\"text-align: justify;\">Alli encontraremos el tipico letrero amarillo de nuestra excursi\u00f3n, que nos indica que debemos subir unos pocos metros por la calle de la izquierda de la Mairie, hasta llegar delante de la puerta del peque\u00f1o cementerio y cerca de la iglesia.<\/p>\n<p style=\"text-align: justify;\">[shashin type=\u00bbphoto\u00bb id=\u00bb5356,5351,5355&#8243; size=\u00bblarge\u00bb columns=\u00bbmax\u00bb order=\u00bbuser\u00bb caption=\u00bby\u00bb position=\u00bbcenter\u00bb]<\/p>\n<p style=\"text-align: justify;\">Subiremos esa calle, en la que nos deberemos poner las raquetas debido a la gran cantidad de nieve y a la pendiente, y despues de subir por otra calle ya limpia, llegaremos a la zona alta, que es una peque\u00f1a explanada donde termina el desvio de la carretera que hemos visto antes.<\/p>\n<p style=\"text-align: justify;\">[shashin type=\u00bbphoto\u00bb id=\u00bb5316,5317,5320&#8243; size=\u00bblarge\u00bb columns=\u00bbmax\u00bb order=\u00bbuser\u00bb caption=\u00bby\u00bb position=\u00bbcenter\u00bb]<\/p>\n<p style=\"text-align: justify;\">Desde la zona alta, ya salimos del pueblo por un camino con bastante nieve, y que inicialmente no es especialmente dificil ya que est\u00e1 parcialmente pisado.<\/p>\n<p style=\"text-align: justify;\">[shashin type=\u00bbphoto\u00bb id=\u00bb5322,5325&#8243; size=\u00bblarge\u00bb columns=\u00bbmax\u00bb order=\u00bbuser\u00bb position=\u00bbcenter\u00bb]<\/p>\n<p style=\"text-align: justify;\">Pero conforme nos alejamos del pueblo, la cantidad de nieve aumenta y adem\u00e1s somos los primeros en pasar, por lo que a pesar de las raquetas nos hundimos mucho.<\/p>\n<p style=\"text-align: justify;\">[shashin type=\u00bbphoto\u00bb id=\u00bb5331,5325&#8243; size=\u00bblarge\u00bb columns=\u00bbmax\u00bb order=\u00bbuser\u00bb position=\u00bbcenter\u00bb]<\/p>\n<p style=\"text-align: justify;\">Cuando llevemos mas o menos 2 km., el camino desemboca en una curva de una carretera , que siguiendola nos llevar\u00e1 a Fetges.<\/p>\n<p style=\"text-align: justify;\">[shashin type=\u00bbphoto\u00bb id=\u00bb5334,5335&#8243; size=\u00bblarge\u00bb columns=\u00bbmax\u00bb order=\u00bbuser\u00bb caption=\u00bby\u00bb position=\u00bbcenter\u00bb]<\/p>\n<p style=\"text-align: justify;\">Enfrente nuestro un poco a la izquierda podremos ver las murallas de Mont-Louis muy cerca, y hacia la derecha un poco m\u00e1s lejos el pueblo de La llagone.<\/p>\n<p style=\"text-align: justify;\">[shashin type=\u00bbphoto\u00bb id=\u00bb5362,5336&#8243; size=\u00bblarge\u00bb columns=\u00bbmax\u00bb order=\u00bbuser\u00bb caption=\u00bby\u00bb position=\u00bbcenter\u00bb]<\/p>\n<p style=\"text-align: justify;\">Nuestra idea inicial era llegar hasta La Llagone, pero debido a la gran cantidad de nieve, virgen en muchos tramos del camino, decidimos recortarla un poco , no ir a esa poblaci\u00f3n y acercarnos a la entrada de Fetges, siguiendo por la carretera a la que habiamos llegado antes y como si nos dirigieramos a La Llagone.<\/p>\n<p style=\"text-align: justify;\">Pasaremos por un deposito de agua de la poblacion, totalmente congelado, y poco despues damos la vuelta para volver por el mismo camino, ya que la otra opci\u00f3n seria cruzar el pueblo y volver a Sauto por la carretera.<\/p>\n<p style=\"text-align: justify;\">[shashin type=\u00bbphoto\u00bb id=\u00bb5338&#8243; size=\u00bblarge\u00bb columns=\u00bbmax\u00bb order=\u00bbuser\u00bb caption=\u00bby\u00bb position=\u00bbcenter\u00bb]<\/p>\n<p style=\"text-align: justify;\">El camino de vuelta nos permite ver de cara el paisaje que antes no habiamos visto, asi como alg\u00fan resto de otra \u00abexpedici\u00f3n\u00bb&#8230;<\/p>\n<p style=\"text-align: justify;\">[shashin type=\u00bbphoto\u00bb id=\u00bb5342&#8243; size=\u00bblarge\u00bb columns=\u00bbmax\u00bb order=\u00bbuser\u00bb caption=\u00bby\u00bb position=\u00bbcenter\u00bb]<\/p>\n<p style=\"text-align: justify;\">[shashin type=\u00bbphoto\u00bb id=\u00bb5345&#8243; size=\u00bblarge\u00bb columns=\u00bbmax\u00bb order=\u00bbuser\u00bb caption=\u00bby\u00bb position=\u00bbcenter\u00bb]<\/p>\n<hr \/>\n<p style=\"text-align: justify;\">[map style=\u00bbwidth: auto; height:400px; margin:20px 0px 20px 0px; border: 1px solid black;\u00bb gpx=\u00bbhttp:\/\/www.carlosyconchita.net\/rutas\/wp-content\/uploads\/Sauto-Fetges.gpx\u00bb]<\/p>\n<hr \/>\n<p style=\"text-align: justify;\"><strong class=\"wp-caption\">Enlace album de fotos<\/strong><\/p>\n<p style=\"text-align: justify;\">[shashin type=\u00bbalbum\u00bb id=\u00bb104&#8243; size=\u00bbsmall\u00bb crop=\u00bbn\u00bb columns=\u00bbmax\u00bb caption=\u00bby\u00bb order=\u00bbdate\u00bb position=\u00bbcenter\u00bb]<\/p>\n<hr \/>\n<p style=\"text-align: justify;\">Enlace Wikiloc<\/p>\n<p style=\"text-align: center;\"><a title=\"Enlace a Wikiloc\" href=\"http:\/\/es.wikiloc.com\/wikiloc\/view.do?id=5767478\" target=\"_blank\"><img loading=\"lazy\" decoding=\"async\" class=\"aligncenter\" title=\"wikiloc\" src=\"http:\/\/www.carlosyconchita.net\/rutas\/wp-content\/uploads\/2020\/09\/wikiloc.jpg\" alt=\"\" width=\"117\" height=\"34\" \/><\/a><\/p>\n<hr \/>\n<p style=\"text-align: center;\">\u00a0<\/p>\n","protected":false},"excerpt":{"rendered":"<p>&nbsp; Dificultad :\u00a0 F\u00e1cil\u00a0\u00a0\u00a0\u00a0\u00a0\u00a0\u00a0\u00a0\u00a0\u00a0\u00a0\u00a0\u00a0\u00a0\u00a0\u00a0\u00a0\u00a0\u00a0\u00a0\u00a0\u00a0\u00a0\u00a0\u00a0 \u00a0 \u00a0 \u00a0\u00a0 \u00a0\u00a0\u00a0\u00a0\u00a0\u00a0\u00a0\u00a0\u00a0\u00a0\u00a0\u00a0\u00a0\u00a0\u00a0\u00a0 \u00a0 \u00a0 Recorrido :\u00a0 6&#8217;220 km. \u00a0Desnivel : 206 m. \u00a0 \u00a0 \u00a0 \u00a0 \u00a0 \u00a0 \u00a0 \u00a0 \u00a0 \u00a0 \u00a0 \u00a0 \u00a0 \u00a0 \u00a0 \u00a0 \u00a0 \u00a0 \u00a0 \u00a0 \u00a0 \u00a0 \u00a0 \u00a0\u00a0 \u00a0\u00a0 Alturas :\u00a0 1.550 \/ 1.661 Tiempo total :\u00a0 3 h. 42m\u00a0\u00a0\u00a0\u00a0\u00a0\u00a0\u00a0\u00a0\u00a0\u00a0\u00a0\u00a0\u00a0\u00a0\u00a0\u00a0\u00a0\u00a0\u00a0\u00a0\u00a0\u00a0\u00a0\u00a0\u00a0\u00a0\u00a0\u00a0\u00a0\u00a0\u00a0\u00a0\u00a0\u00a0\u00a0\u00a0\u00a0\u00a0\u00a0\u00a0\u00a0\u00a0\u00a0 Velocidad [&hellip;]<\/p>\n","protected":false},"author":50,"featured_media":4023,"comment_status":"open","ping_status":"open","sticky":false,"template":"","format":"gallery","meta":{"footnotes":""},"categories":[10,22,47],"tags":[],"class_list":{"0":"post-4014","1":"post","2":"type-post","3":"status-publish","4":"format-gallery","5":"has-post-thumbnail","6":"hentry","7":"category-facil","8":"category-de-05-a-10-km","9":"category-cerdanya-nord-sin-clasificar","10":"post_format-post-format-gallery","12":"post-with-thumbnail","13":"post-with-thumbnail-icon"},"yoast_head":"<!-- This site is optimized with the Yoast SEO plugin v27.4 - https:\/\/yoast.com\/product\/yoast-seo-wordpress\/ -->\n<title>Sauto - Fetges<\/title>\n<meta name=\"description\" content=\"Esta excursi\u00f3n empieza en la poblaci\u00f3n francesa de Sauto y para llegar all\u00ed desde Saillagosa, seguimos las indicaciones de la N-116 hacia Font-Romeu \/ Les Angles.\" \/>\n<meta name=\"robots\" content=\"index, follow, max-snippet:-1, max-image-preview:large, max-video-preview:-1\" \/>\n<link rel=\"canonical\" href=\"https:\/\/www.carlosyconchita.net\/rutas\/07-12-2013-sauto-fetges-raquetas\/\" \/>\n<meta property=\"og:locale\" content=\"es_ES\" \/>\n<meta property=\"og:type\" content=\"article\" \/>\n<meta property=\"og:title\" content=\"Sauto - Fetges\" \/>\n<meta property=\"og:description\" content=\"Esta excursi\u00f3n empieza en la poblaci\u00f3n francesa de Sauto y para llegar all\u00ed desde Saillagosa, seguimos las indicaciones de la N-116 hacia Font-Romeu \/ Les Angles.\" \/>\n<meta property=\"og:url\" content=\"https:\/\/www.carlosyconchita.net\/rutas\/07-12-2013-sauto-fetges-raquetas\/\" \/>\n<meta property=\"og:site_name\" content=\"Las rutas de Carlos y Conchita\" \/>\n<meta property=\"article:published_time\" content=\"2013-12-07T20:44:20+00:00\" \/>\n<meta property=\"article:modified_time\" content=\"2015-09-30T21:08:40+00:00\" \/>\n<meta property=\"og:image\" content=\"https:\/\/www.carlosyconchita.net\/rutas\/wp-content\/uploads\/2013\/12\/PC073845.jpg\" \/>\n\t<meta property=\"og:image:width\" content=\"2048\" \/>\n\t<meta property=\"og:image:height\" content=\"1536\" \/>\n\t<meta property=\"og:image:type\" content=\"image\/jpeg\" \/>\n<meta name=\"author\" content=\"Carlos Conchita\" \/>\n<meta name=\"twitter:label1\" content=\"Escrito por\" \/>\n\t<meta name=\"twitter:data1\" content=\"Carlos Conchita\" \/>\n\t<meta name=\"twitter:label2\" content=\"Tiempo de lectura\" \/>\n\t<meta name=\"twitter:data2\" content=\"4 minutos\" \/>\n<script type=\"application\/ld+json\" class=\"yoast-schema-graph\">{\"@context\":\"https:\\\/\\\/schema.org\",\"@graph\":[{\"@type\":\"Article\",\"@id\":\"https:\\\/\\\/www.carlosyconchita.net\\\/rutas\\\/07-12-2013-sauto-fetges-raquetas\\\/#article\",\"isPartOf\":{\"@id\":\"https:\\\/\\\/www.carlosyconchita.net\\\/rutas\\\/07-12-2013-sauto-fetges-raquetas\\\/\"},\"author\":{\"name\":\"Carlos Conchita\",\"@id\":\"https:\\\/\\\/www.carlosyconchita.net\\\/rutas\\\/#\\\/schema\\\/person\\\/a9691f7258c28443fab2d3aa1479ea19\"},\"headline\":\"07-12-2013 &#8211; Sauto &#8211; Fetges (raquetas)\",\"datePublished\":\"2013-12-07T20:44:20+00:00\",\"dateModified\":\"2015-09-30T21:08:40+00:00\",\"mainEntityOfPage\":{\"@id\":\"https:\\\/\\\/www.carlosyconchita.net\\\/rutas\\\/07-12-2013-sauto-fetges-raquetas\\\/\"},\"wordCount\":706,\"commentCount\":0,\"image\":{\"@id\":\"https:\\\/\\\/www.carlosyconchita.net\\\/rutas\\\/07-12-2013-sauto-fetges-raquetas\\\/#primaryimage\"},\"thumbnailUrl\":\"https:\\\/\\\/www.carlosyconchita.net\\\/rutas\\\/wp-content\\\/uploads\\\/2013\\\/12\\\/PC073845.jpg\",\"articleSection\":[\"1-F\u00e1cil\",\"2 - De 5 a 10 km.\",\"Catalunya Nord - sin clasificar\"],\"inLanguage\":\"es\",\"potentialAction\":[{\"@type\":\"CommentAction\",\"name\":\"Comment\",\"target\":[\"https:\\\/\\\/www.carlosyconchita.net\\\/rutas\\\/07-12-2013-sauto-fetges-raquetas\\\/#respond\"]}]},{\"@type\":\"WebPage\",\"@id\":\"https:\\\/\\\/www.carlosyconchita.net\\\/rutas\\\/07-12-2013-sauto-fetges-raquetas\\\/\",\"url\":\"https:\\\/\\\/www.carlosyconchita.net\\\/rutas\\\/07-12-2013-sauto-fetges-raquetas\\\/\",\"name\":\"Sauto - Fetges\",\"isPartOf\":{\"@id\":\"https:\\\/\\\/www.carlosyconchita.net\\\/rutas\\\/#website\"},\"primaryImageOfPage\":{\"@id\":\"https:\\\/\\\/www.carlosyconchita.net\\\/rutas\\\/07-12-2013-sauto-fetges-raquetas\\\/#primaryimage\"},\"image\":{\"@id\":\"https:\\\/\\\/www.carlosyconchita.net\\\/rutas\\\/07-12-2013-sauto-fetges-raquetas\\\/#primaryimage\"},\"thumbnailUrl\":\"https:\\\/\\\/www.carlosyconchita.net\\\/rutas\\\/wp-content\\\/uploads\\\/2013\\\/12\\\/PC073845.jpg\",\"datePublished\":\"2013-12-07T20:44:20+00:00\",\"dateModified\":\"2015-09-30T21:08:40+00:00\",\"author\":{\"@id\":\"https:\\\/\\\/www.carlosyconchita.net\\\/rutas\\\/#\\\/schema\\\/person\\\/a9691f7258c28443fab2d3aa1479ea19\"},\"description\":\"Esta excursi\u00f3n empieza en la poblaci\u00f3n francesa de Sauto y para llegar all\u00ed desde Saillagosa, seguimos las indicaciones de la N-116 hacia Font-Romeu \\\/ Les Angles.\",\"breadcrumb\":{\"@id\":\"https:\\\/\\\/www.carlosyconchita.net\\\/rutas\\\/07-12-2013-sauto-fetges-raquetas\\\/#breadcrumb\"},\"inLanguage\":\"es\",\"potentialAction\":[{\"@type\":\"ReadAction\",\"target\":[\"https:\\\/\\\/www.carlosyconchita.net\\\/rutas\\\/07-12-2013-sauto-fetges-raquetas\\\/\"]}]},{\"@type\":\"ImageObject\",\"inLanguage\":\"es\",\"@id\":\"https:\\\/\\\/www.carlosyconchita.net\\\/rutas\\\/07-12-2013-sauto-fetges-raquetas\\\/#primaryimage\",\"url\":\"https:\\\/\\\/www.carlosyconchita.net\\\/rutas\\\/wp-content\\\/uploads\\\/2013\\\/12\\\/PC073845.jpg\",\"contentUrl\":\"https:\\\/\\\/www.carlosyconchita.net\\\/rutas\\\/wp-content\\\/uploads\\\/2013\\\/12\\\/PC073845.jpg\",\"width\":2048,\"height\":1536},{\"@type\":\"BreadcrumbList\",\"@id\":\"https:\\\/\\\/www.carlosyconchita.net\\\/rutas\\\/07-12-2013-sauto-fetges-raquetas\\\/#breadcrumb\",\"itemListElement\":[{\"@type\":\"ListItem\",\"position\":1,\"name\":\"Portada\",\"item\":\"https:\\\/\\\/www.carlosyconchita.net\\\/rutas\\\/\"},{\"@type\":\"ListItem\",\"position\":2,\"name\":\"07-12-2013 &#8211; Sauto &#8211; Fetges (raquetas)\"}]},{\"@type\":\"WebSite\",\"@id\":\"https:\\\/\\\/www.carlosyconchita.net\\\/rutas\\\/#website\",\"url\":\"https:\\\/\\\/www.carlosyconchita.net\\\/rutas\\\/\",\"name\":\"Las rutas de Carlos y Conchita\",\"description\":\"\",\"potentialAction\":[{\"@type\":\"SearchAction\",\"target\":{\"@type\":\"EntryPoint\",\"urlTemplate\":\"https:\\\/\\\/www.carlosyconchita.net\\\/rutas\\\/?s={search_term_string}\"},\"query-input\":{\"@type\":\"PropertyValueSpecification\",\"valueRequired\":true,\"valueName\":\"search_term_string\"}}],\"inLanguage\":\"es\"},{\"@type\":\"Person\",\"@id\":\"https:\\\/\\\/www.carlosyconchita.net\\\/rutas\\\/#\\\/schema\\\/person\\\/a9691f7258c28443fab2d3aa1479ea19\",\"name\":\"Carlos Conchita\",\"image\":{\"@type\":\"ImageObject\",\"inLanguage\":\"es\",\"@id\":\"https:\\\/\\\/secure.gravatar.com\\\/avatar\\\/3a4625b20c8da3de99da69bfe7a322774e291c3f90dce7e8778a30fe6748ed1a?s=96&d=mm&r=g\",\"url\":\"https:\\\/\\\/secure.gravatar.com\\\/avatar\\\/3a4625b20c8da3de99da69bfe7a322774e291c3f90dce7e8778a30fe6748ed1a?s=96&d=mm&r=g\",\"contentUrl\":\"https:\\\/\\\/secure.gravatar.com\\\/avatar\\\/3a4625b20c8da3de99da69bfe7a322774e291c3f90dce7e8778a30fe6748ed1a?s=96&d=mm&r=g\",\"caption\":\"Carlos Conchita\"}}]}<\/script>\n<!-- \/ Yoast SEO plugin. -->","yoast_head_json":{"title":"Sauto - Fetges","description":"Esta excursi\u00f3n empieza en la poblaci\u00f3n francesa de Sauto y para llegar all\u00ed desde Saillagosa, seguimos las indicaciones de la N-116 hacia Font-Romeu \/ Les Angles.","robots":{"index":"index","follow":"follow","max-snippet":"max-snippet:-1","max-image-preview":"max-image-preview:large","max-video-preview":"max-video-preview:-1"},"canonical":"https:\/\/www.carlosyconchita.net\/rutas\/07-12-2013-sauto-fetges-raquetas\/","og_locale":"es_ES","og_type":"article","og_title":"Sauto - Fetges","og_description":"Esta excursi\u00f3n empieza en la poblaci\u00f3n francesa de Sauto y para llegar all\u00ed desde Saillagosa, seguimos las indicaciones de la N-116 hacia Font-Romeu \/ Les Angles.","og_url":"https:\/\/www.carlosyconchita.net\/rutas\/07-12-2013-sauto-fetges-raquetas\/","og_site_name":"Las rutas de Carlos y Conchita","article_published_time":"2013-12-07T20:44:20+00:00","article_modified_time":"2015-09-30T21:08:40+00:00","og_image":[{"width":2048,"height":1536,"url":"https:\/\/www.carlosyconchita.net\/rutas\/wp-content\/uploads\/2013\/12\/PC073845.jpg","type":"image\/jpeg"}],"author":"Carlos Conchita","twitter_misc":{"Escrito por":"Carlos Conchita","Tiempo de lectura":"4 minutos"},"schema":{"@context":"https:\/\/schema.org","@graph":[{"@type":"Article","@id":"https:\/\/www.carlosyconchita.net\/rutas\/07-12-2013-sauto-fetges-raquetas\/#article","isPartOf":{"@id":"https:\/\/www.carlosyconchita.net\/rutas\/07-12-2013-sauto-fetges-raquetas\/"},"author":{"name":"Carlos Conchita","@id":"https:\/\/www.carlosyconchita.net\/rutas\/#\/schema\/person\/a9691f7258c28443fab2d3aa1479ea19"},"headline":"07-12-2013 &#8211; Sauto &#8211; Fetges (raquetas)","datePublished":"2013-12-07T20:44:20+00:00","dateModified":"2015-09-30T21:08:40+00:00","mainEntityOfPage":{"@id":"https:\/\/www.carlosyconchita.net\/rutas\/07-12-2013-sauto-fetges-raquetas\/"},"wordCount":706,"commentCount":0,"image":{"@id":"https:\/\/www.carlosyconchita.net\/rutas\/07-12-2013-sauto-fetges-raquetas\/#primaryimage"},"thumbnailUrl":"https:\/\/www.carlosyconchita.net\/rutas\/wp-content\/uploads\/2013\/12\/PC073845.jpg","articleSection":["1-F\u00e1cil","2 - De 5 a 10 km.","Catalunya Nord - sin clasificar"],"inLanguage":"es","potentialAction":[{"@type":"CommentAction","name":"Comment","target":["https:\/\/www.carlosyconchita.net\/rutas\/07-12-2013-sauto-fetges-raquetas\/#respond"]}]},{"@type":"WebPage","@id":"https:\/\/www.carlosyconchita.net\/rutas\/07-12-2013-sauto-fetges-raquetas\/","url":"https:\/\/www.carlosyconchita.net\/rutas\/07-12-2013-sauto-fetges-raquetas\/","name":"Sauto - Fetges","isPartOf":{"@id":"https:\/\/www.carlosyconchita.net\/rutas\/#website"},"primaryImageOfPage":{"@id":"https:\/\/www.carlosyconchita.net\/rutas\/07-12-2013-sauto-fetges-raquetas\/#primaryimage"},"image":{"@id":"https:\/\/www.carlosyconchita.net\/rutas\/07-12-2013-sauto-fetges-raquetas\/#primaryimage"},"thumbnailUrl":"https:\/\/www.carlosyconchita.net\/rutas\/wp-content\/uploads\/2013\/12\/PC073845.jpg","datePublished":"2013-12-07T20:44:20+00:00","dateModified":"2015-09-30T21:08:40+00:00","author":{"@id":"https:\/\/www.carlosyconchita.net\/rutas\/#\/schema\/person\/a9691f7258c28443fab2d3aa1479ea19"},"description":"Esta excursi\u00f3n empieza en la poblaci\u00f3n francesa de Sauto y para llegar all\u00ed desde Saillagosa, seguimos las indicaciones de la N-116 hacia Font-Romeu \/ Les Angles.","breadcrumb":{"@id":"https:\/\/www.carlosyconchita.net\/rutas\/07-12-2013-sauto-fetges-raquetas\/#breadcrumb"},"inLanguage":"es","potentialAction":[{"@type":"ReadAction","target":["https:\/\/www.carlosyconchita.net\/rutas\/07-12-2013-sauto-fetges-raquetas\/"]}]},{"@type":"ImageObject","inLanguage":"es","@id":"https:\/\/www.carlosyconchita.net\/rutas\/07-12-2013-sauto-fetges-raquetas\/#primaryimage","url":"https:\/\/www.carlosyconchita.net\/rutas\/wp-content\/uploads\/2013\/12\/PC073845.jpg","contentUrl":"https:\/\/www.carlosyconchita.net\/rutas\/wp-content\/uploads\/2013\/12\/PC073845.jpg","width":2048,"height":1536},{"@type":"BreadcrumbList","@id":"https:\/\/www.carlosyconchita.net\/rutas\/07-12-2013-sauto-fetges-raquetas\/#breadcrumb","itemListElement":[{"@type":"ListItem","position":1,"name":"Portada","item":"https:\/\/www.carlosyconchita.net\/rutas\/"},{"@type":"ListItem","position":2,"name":"07-12-2013 &#8211; Sauto &#8211; Fetges (raquetas)"}]},{"@type":"WebSite","@id":"https:\/\/www.carlosyconchita.net\/rutas\/#website","url":"https:\/\/www.carlosyconchita.net\/rutas\/","name":"Las rutas de Carlos y Conchita","description":"","potentialAction":[{"@type":"SearchAction","target":{"@type":"EntryPoint","urlTemplate":"https:\/\/www.carlosyconchita.net\/rutas\/?s={search_term_string}"},"query-input":{"@type":"PropertyValueSpecification","valueRequired":true,"valueName":"search_term_string"}}],"inLanguage":"es"},{"@type":"Person","@id":"https:\/\/www.carlosyconchita.net\/rutas\/#\/schema\/person\/a9691f7258c28443fab2d3aa1479ea19","name":"Carlos Conchita","image":{"@type":"ImageObject","inLanguage":"es","@id":"https:\/\/secure.gravatar.com\/avatar\/3a4625b20c8da3de99da69bfe7a322774e291c3f90dce7e8778a30fe6748ed1a?s=96&d=mm&r=g","url":"https:\/\/secure.gravatar.com\/avatar\/3a4625b20c8da3de99da69bfe7a322774e291c3f90dce7e8778a30fe6748ed1a?s=96&d=mm&r=g","contentUrl":"https:\/\/secure.gravatar.com\/avatar\/3a4625b20c8da3de99da69bfe7a322774e291c3f90dce7e8778a30fe6748ed1a?s=96&d=mm&r=g","caption":"Carlos Conchita"}}]}},"_links":{"self":[{"href":"https:\/\/www.carlosyconchita.net\/rutas\/wp-json\/wp\/v2\/posts\/4014","targetHints":{"allow":["GET"]}}],"collection":[{"href":"https:\/\/www.carlosyconchita.net\/rutas\/wp-json\/wp\/v2\/posts"}],"about":[{"href":"https:\/\/www.carlosyconchita.net\/rutas\/wp-json\/wp\/v2\/types\/post"}],"author":[{"embeddable":true,"href":"https:\/\/www.carlosyconchita.net\/rutas\/wp-json\/wp\/v2\/users\/50"}],"replies":[{"embeddable":true,"href":"https:\/\/www.carlosyconchita.net\/rutas\/wp-json\/wp\/v2\/comments?post=4014"}],"version-history":[{"count":0,"href":"https:\/\/www.carlosyconchita.net\/rutas\/wp-json\/wp\/v2\/posts\/4014\/revisions"}],"wp:featuredmedia":[{"embeddable":true,"href":"https:\/\/www.carlosyconchita.net\/rutas\/wp-json\/wp\/v2\/media\/4023"}],"wp:attachment":[{"href":"https:\/\/www.carlosyconchita.net\/rutas\/wp-json\/wp\/v2\/media?parent=4014"}],"wp:term":[{"taxonomy":"category","embeddable":true,"href":"https:\/\/www.carlosyconchita.net\/rutas\/wp-json\/wp\/v2\/categories?post=4014"},{"taxonomy":"post_tag","embeddable":true,"href":"https:\/\/www.carlosyconchita.net\/rutas\/wp-json\/wp\/v2\/tags?post=4014"}],"curies":[{"name":"wp","href":"https:\/\/api.w.org\/{rel}","templated":true}]}}