{"id":4063,"date":"2013-12-22T19:20:09","date_gmt":"2013-12-22T18:20:09","guid":{"rendered":"http:\/\/www.carlosyconchita.net\/rutas\/?p=4063"},"modified":"2021-02-27T20:15:37","modified_gmt":"2021-02-27T19:15:37","slug":"20-12-2013-la-barranca-la-bola-del-mundo","status":"publish","type":"post","link":"https:\/\/www.carlosyconchita.net\/rutas\/20-12-2013-la-barranca-la-bola-del-mundo\/","title":{"rendered":"20-12-2013 &#8211; La Barranca &#8211; La Bola del Mundo"},"content":{"rendered":"<table border=\"0\">\n<tbody>\n<tr>\n<td><strong>Dificultad :\u00a0 Moderado\/Dificil \u00a0\u00a0\u00a0\u00a0\u00a0\u00a0\u00a0\u00a0\u00a0\u00a0\u00a0\u00a0\u00a0\u00a0\u00a0\u00a0\u00a0\u00a0\u00a0\u00a0\u00a0\u00a0\u00a0\u00a0\u00a0\u00a0\u00a0\u00a0\u00a0\u00a0\u00a0\u00a0\u00a0 <strong>Recorrido : 12&#8217;500 km.<\/strong><\/strong><\/td>\n<\/tr>\n<tr>\n<td><strong>\u00a0Desnivel : 902 m. \u00a0 \u00a0 \u00a0 \u00a0 \u00a0 \u00a0 \u00a0 \u00a0 \u00a0 \u00a0 \u00a0 \u00a0 \u00a0 \u00a0 \u00a0 \u00a0 \u00a0 \u00a0 \u00a0 \u00a0 \u00a0 \u00a0 \u00a0 \u00a0 \u00a0\u00a0<strong> Alturas :\u00a0 1.367 \/ 2.252<br \/>\n<\/strong><\/strong><\/td>\n<\/tr>\n<tr>\n<td><strong> Tiempo total :\u00a0 7 h. 41 m.\u00a0\u00a0\u00a0\u00a0\u00a0\u00a0\u00a0\u00a0\u00a0\u00a0\u00a0\u00a0\u00a0\u00a0\u00a0\u00a0\u00a0\u00a0\u00a0\u00a0\u00a0\u00a0\u00a0\u00a0\u00a0\u00a0\u00a0\u00a0\u00a0\u00a0\u00a0\u00a0\u00a0\u00a0\u00a0\u00a0\u00a0\u00a0\u00a0\u00a0 Velocidad media<strong> :\u00a0 1&#8217;5 km.\/hora<\/strong><br \/>\n<\/strong><\/td>\n<\/tr>\n<tr>\n<td><strong>Tiempo movimiento :\u00a0 3 h. 55 m.\u00a0\u00a0\u00a0\u00a0\u00a0\u00a0\u00a0\u00a0\u00a0\u00a0\u00a0\u00a0\u00a0\u00a0\u00a0\u00a0\u00a0\u00a0\u00a0\u00a0\u00a0\u00a0\u00a0\u00a0\u00a0\u00a0\u00a0\u00a0 Velocidad media\u00a0<strong><strong> :\u00a0 3&#8217;0 km.\/hora<\/strong><\/strong><br \/>\n<\/strong><\/td>\n<\/tr>\n<\/tbody>\n<\/table>\n<p>Aprovechando la visita navide\u00f1a a la familia de Conchita en Madrid, hemos cambiado la Cerdanya por Navacerrada y hemos hecho esta excursi\u00f3n en compa\u00f1ia de nuestro hijo David, y la hermana y cu\u00f1ado de Conchita, Mari y Teo.<\/p>\n<p>La excursi\u00f3n la empezamos en la zona conocida como La Barranca, en donde al final de la carretera encontraremos 3 parkings a la derecha.<\/p>\n<p>Para llegar alli, podemos seguir el track en coche que podemos <a title=\"20-12-2013 \u2013 La Barranca \u2013 aproximaci\u00f3n en coche\" href=\"http:\/\/www.carlosyconchita.net\/rutas\/?p=4065\">ver aqui.<\/a><\/p>\n<p style=\"text-align: justify;\">Desde el parking, cruzamos la barrera que corta el paso a los coches y empezamos a caminar por el ancho camino, pero poco despues lo dejaremos y siguiendo las se\u00f1ales indicadoras, iremos pasando por el bosque m\u00e1s o menos en linea recta hacia arriba, cruzando varias veces el camino principal.<\/p>\n<p style=\"text-align: justify;\">[shashin type=\u00bbphoto\u00bb id=\u00bb5418&#8243; size=\u00bbxlarge\u00bb columns=\u00bbmax\u00bb order=\u00bbuser\u00bb caption=\u00bby\u00bb position=\u00bbcenter\u00bb]<\/p>\n<p>&nbsp;<\/p>\n<p style=\"text-align: justify;\">La ruta pasa por dentro del bosque, y en algunos puntos veremos el riachuelo que baja a nuestro lado, y a nuestra derecha tendremos el pico de la Maliciosa.<\/p>\n<p style=\"text-align: justify;\">[shashin type=\u00bbphoto\u00bb id=\u00bb5420&#8243; size=\u00bbxlarge\u00bb columns=\u00bbmax\u00bb order=\u00bbuser\u00bb caption=\u00bby\u00bb position=\u00bbcenter\u00bb]<\/p>\n<p>&nbsp;<\/p>\n<p style=\"text-align: justify;\">En uno de estos puntos en que atravesamos el camino, aproximadamente a 1.8-1.9 km. encontraremos la fuente de Mingo, punto al que en la bajada llegaremos, pero por el camino principal de la derecha.<\/p>\n<p style=\"text-align: justify;\">[shashin type=\u00bbphoto\u00bb id=\u00bb5422&#8243; size=\u00bbxlarge\u00bb columns=\u00bbmax\u00bb order=\u00bbuser\u00bb caption=\u00bby\u00bb position=\u00bbcenter\u00bb]<\/p>\n<p style=\"text-align: justify;\">Nosotros seguimos subiendo pero por el bosque, por detr\u00e1s de la fuente y a la izquierda, y poco despues salimos a un tramo mucho m\u00e1s despejado y sin arboles, desde donde ya veremos, muy arriba y lejos las antenas de la Bola del Mundo<\/p>\n<p style=\"text-align: justify;\">[shashin type=\u00bbphoto\u00bb id=\u00bb5424,5428&#8243; size=\u00bbxlarge\u00bb columns=\u00bbmax\u00bb order=\u00bbuser\u00bb caption=\u00bby\u00bb position=\u00bbcenter\u00bb]<\/p>\n<p style=\"text-align: justify;\">La subida, aunque larga, no es muy dificil,y en los ultimos tramos encontramos bastante nieve , aunque pasamos sin problema.<\/p>\n<p style=\"text-align: justify;\">[shashin type=\u00bbphoto\u00bb id=\u00bb5430,5431&#8243; size=\u00bbxlarge\u00bb columns=\u00bbmax\u00bb order=\u00bbuser\u00bb caption=\u00bby\u00bb position=\u00bbcenter\u00bb]<\/p>\n<p style=\"text-align: justify;\">Cuando llevemos m\u00e1s o menos\u00a0 4.2 &#8211; 4.3 km. llegaremos a la zona del Ventisquero de la Estrada, desde donde podremos ver abajo a nuestra izquierda la estaci\u00f3n de esqui de Navacerrada y arriba un poco a nuestra derecha las antenas a donde nos dirigiremos.<\/p>\n<p style=\"text-align: justify;\">[shashin type=\u00bbphoto\u00bb id=\u00bb5433,5434,5428&#8243; size=\u00bbxlarge\u00bb columns=\u00bbmax\u00bb order=\u00bbuser\u00bb caption=\u00bby\u00bb position=\u00bbcenter\u00bb]<\/p>\n<p style=\"text-align: justify;\">Seguimos en direccion a las antenas, y debido a placas de nieve que encontramos, vamos alternando tramos por el bosque y tramos por la carretera.<\/p>\n<p style=\"text-align: justify;\">[shashin type=\u00bbphoto\u00bb id=\u00bb5440,5445&#8243; size=\u00bbxlarge\u00bb columns=\u00bbmax\u00bb order=\u00bbuser\u00bb caption=\u00bby\u00bb position=\u00bbcenter\u00bb]<\/p>\n<p style=\"text-align: justify;\">Poco despues, el tiempo se va complicando con niebla y viento, y cuando llevemos unos 6.5 k. llegamos sin problemas hasta las antenas,\u00a0 en donde veremos curiosas figuras de hielo producidas por el viento.<\/p>\n<p style=\"text-align: justify;\">[shashin type=\u00bbphoto\u00bb id=\u00bb5451,5449,5454,5453&#8243; size=\u00bbxlarge\u00bb columns=\u00bbmax\u00bb order=\u00bbuser\u00bb\u00a0caption=\u00bby\u00bb\u00a0 position=\u00bbcenter\u00bb]<\/p>\n<p>Alli aprovechamos para comer los bocatas y empezamos despues la bajada. Debido a la nieve no vemos el camino en donde estamos, aunque s\u00ed que lo vemos m\u00e1s abajo, asi que cruzamos campo a trav\u00e9s hasta llegar a \u00e9l.<\/p>\n<p style=\"text-align: justify;\">[shashin type=\u00bbphoto\u00bb id=\u00bb5455,5459&#8243; size=\u00bbxlarge\u00bb columns=\u00bbmax\u00bb order=\u00bbuser\u00bb caption=\u00bby\u00bb position=\u00bbcenter\u00bb]<\/p>\n<p style=\"text-align: justify;\">Llegamos despues a la zona de la fuente del Gancho Negro, con una extra\u00f1a estructura metalica que no sabemos qu\u00e9 es, y desde alli empezamos la verdadera bajada, que en algunos tramos se complica un poco, debido al hielo, y a la existencia de piedras que hacen que resbales.<\/p>\n<p style=\"text-align: justify;\">A pesar de estos inconvenientes, Mari, la hermana de Conchita, que tiene 72 a\u00f1os, se port\u00f3 como una jabata, y aunque nos retras\u00f3 un poco, consigui\u00f3 bajar.<\/p>\n<p style=\"text-align: justify;\">El ultimo tramo de bajada, ya sin nieve ni hielo, ya no present\u00f3 ninguna dificultad, encontraremos otra fuente , la de las Campanillas\u00a0 y despues de pasar de nuevo por la fuente de Mingo que hemos comentado a la subida, llegamos al parking, ya de noche.<\/p>\n<p style=\"text-align: justify;\">[shashin type=\u00bbphoto\u00bb id=\u00bb5474,5475&#8243; size=\u00bbxlarge\u00bb columns=\u00bbmax\u00bb order=\u00bbuser\u00bb caption=\u00bby\u00bb position=\u00bbcenter\u00bb]<\/p>\n<p style=\"text-align: justify;\">Alli, parec\u00eda que un par de vacas no nos quer\u00edan dejar salir, pero al final se apartaron y pudimos sacar el coche.<\/p>\n<p style=\"text-align: justify;\">[shashin type=\u00bbphoto\u00bb id=\u00bb5482&#8243; size=\u00bbxlarge\u00bb columns=\u00bbmax\u00bb order=\u00bbuser\u00bb caption=\u00bby\u00bb position=\u00bbcenter\u00bb]<\/p>\n<hr \/>\n<p style=\"text-align: justify;\">[map style=\u00bbwidth: auto; height:400px; margin:20px 0px 20px 0px; border: 1px solid black;\u00bb gpx=\u00bbhttp:\/\/www.carlosyconchita.net\/rutas\/wp-content\/uploads\/LaBarranca-BoladelMundo.gpx\u00bb]<\/p>\n<hr \/>\n<hr \/>\n<p style=\"text-align: justify;\"><strong class=\"wp-caption\">Enlace album de fotos<\/strong><\/p>\n<p style=\"text-align: justify;\">[shashin type=\u00bbalbum\u00bb id=\u00bb106&#8243; size=\u00bbmedium\u00bb crop=\u00bbn\u00bb columns=\u00bbmax\u00bb caption=\u00bby\u00bb order=\u00bbdate\u00bb position=\u00bbcenter\u00bb]<\/p>\n<hr \/>\n<p><strong class=\"wp-caption\">Enlace Wikiloc<\/strong><\/p>\n<p style=\"text-align: center;\"><a title=\"Enlace a Wikiloc\" href=\"http:\/\/es.wikiloc.com\/wikiloc\/view.do?id=5843293\" target=\"_blank\" rel=\"noopener noreferrer\"><img loading=\"lazy\" decoding=\"async\" class=\"aligncenter\" title=\"wikiloc\" src=\"http:\/\/www.carlosyconchita.net\/rutas\/wp-content\/uploads\/2020\/09\/wikiloc.jpg\" alt=\"\" width=\"117\" height=\"34\" \/><\/a><\/p>\n<p>&nbsp;<\/p>\n<hr \/>\n","protected":false},"excerpt":{"rendered":"<p>Dificultad :\u00a0 Moderado\/Dificil \u00a0\u00a0\u00a0\u00a0\u00a0\u00a0\u00a0\u00a0\u00a0\u00a0\u00a0\u00a0\u00a0\u00a0\u00a0\u00a0\u00a0\u00a0\u00a0\u00a0\u00a0\u00a0\u00a0\u00a0\u00a0\u00a0\u00a0\u00a0\u00a0\u00a0\u00a0\u00a0\u00a0 Recorrido : 12&#8217;500 km. \u00a0Desnivel : 902 m. \u00a0 \u00a0 \u00a0 \u00a0 \u00a0 \u00a0 \u00a0 \u00a0 \u00a0 \u00a0 \u00a0 \u00a0 \u00a0 \u00a0 \u00a0 \u00a0 \u00a0 \u00a0 \u00a0 \u00a0 \u00a0 \u00a0 \u00a0 \u00a0 \u00a0\u00a0 Alturas :\u00a0 1.367 \/ 2.252 Tiempo total :\u00a0 7 h. 41 m.\u00a0\u00a0\u00a0\u00a0\u00a0\u00a0\u00a0\u00a0\u00a0\u00a0\u00a0\u00a0\u00a0\u00a0\u00a0\u00a0\u00a0\u00a0\u00a0\u00a0\u00a0\u00a0\u00a0\u00a0\u00a0\u00a0\u00a0\u00a0\u00a0\u00a0\u00a0\u00a0\u00a0\u00a0\u00a0\u00a0\u00a0\u00a0\u00a0\u00a0 Velocidad media :\u00a0 1&#8217;5 km.\/hora Tiempo [&hellip;]<\/p>\n","protected":false},"author":50,"featured_media":4085,"comment_status":"open","ping_status":"open","sticky":false,"template":"","format":"gallery","meta":{"footnotes":""},"categories":[106,23,12,44],"tags":[],"class_list":{"0":"post-4063","1":"post","2":"type-post","3":"status-publish","4":"format-gallery","5":"has-post-thumbnail","6":"hentry","7":"category-nuestros-100-cims","8":"category-de-10-a-15-km","9":"category-dificil","10":"category-madrid","11":"post_format-post-format-gallery","13":"post-with-thumbnail","14":"post-with-thumbnail-icon"},"yoast_head":"<!-- This site is optimized with the Yoast SEO plugin v27.4 - https:\/\/yoast.com\/product\/yoast-seo-wordpress\/ -->\n<title>20-12-2013 - La Barranca - La Bola del Mundo -<\/title>\n<meta name=\"robots\" content=\"index, follow, max-snippet:-1, max-image-preview:large, max-video-preview:-1\" \/>\n<link rel=\"canonical\" href=\"https:\/\/www.carlosyconchita.net\/rutas\/20-12-2013-la-barranca-la-bola-del-mundo\/\" \/>\n<meta property=\"og:locale\" content=\"es_ES\" \/>\n<meta property=\"og:type\" content=\"article\" \/>\n<meta property=\"og:title\" content=\"20-12-2013 - La Barranca - La Bola del Mundo -\" \/>\n<meta property=\"og:description\" content=\"Dificultad :\u00a0 Moderado\/Dificil \u00a0\u00a0\u00a0\u00a0\u00a0\u00a0\u00a0\u00a0\u00a0\u00a0\u00a0\u00a0\u00a0\u00a0\u00a0\u00a0\u00a0\u00a0\u00a0\u00a0\u00a0\u00a0\u00a0\u00a0\u00a0\u00a0\u00a0\u00a0\u00a0\u00a0\u00a0\u00a0\u00a0 Recorrido : 12&#8217;500 km. \u00a0Desnivel : 902 m. \u00a0 \u00a0 \u00a0 \u00a0 \u00a0 \u00a0 \u00a0 \u00a0 \u00a0 \u00a0 \u00a0 \u00a0 \u00a0 \u00a0 \u00a0 \u00a0 \u00a0 \u00a0 \u00a0 \u00a0 \u00a0 \u00a0 \u00a0 \u00a0 \u00a0\u00a0 Alturas :\u00a0 1.367 \/ 2.252 Tiempo total :\u00a0 7 h. 41 m.\u00a0\u00a0\u00a0\u00a0\u00a0\u00a0\u00a0\u00a0\u00a0\u00a0\u00a0\u00a0\u00a0\u00a0\u00a0\u00a0\u00a0\u00a0\u00a0\u00a0\u00a0\u00a0\u00a0\u00a0\u00a0\u00a0\u00a0\u00a0\u00a0\u00a0\u00a0\u00a0\u00a0\u00a0\u00a0\u00a0\u00a0\u00a0\u00a0\u00a0 Velocidad media :\u00a0 1&#8217;5 km.\/hora Tiempo [&hellip;]\" \/>\n<meta property=\"og:url\" content=\"https:\/\/www.carlosyconchita.net\/rutas\/20-12-2013-la-barranca-la-bola-del-mundo\/\" \/>\n<meta property=\"og:site_name\" content=\"Las rutas de Carlos y Conchita\" \/>\n<meta property=\"article:published_time\" content=\"2013-12-22T18:20:09+00:00\" \/>\n<meta property=\"article:modified_time\" content=\"2021-02-27T19:15:37+00:00\" \/>\n<meta property=\"og:image\" content=\"https:\/\/www.carlosyconchita.net\/rutas\/wp-content\/uploads\/2013\/12\/PC223972-copia.jpg\" \/>\n\t<meta property=\"og:image:width\" content=\"1969\" \/>\n\t<meta property=\"og:image:height\" content=\"946\" \/>\n\t<meta property=\"og:image:type\" content=\"image\/jpeg\" \/>\n<meta name=\"author\" content=\"Carlos Conchita\" \/>\n<meta name=\"twitter:label1\" content=\"Escrito por\" \/>\n\t<meta name=\"twitter:data1\" content=\"Carlos Conchita\" \/>\n\t<meta name=\"twitter:label2\" content=\"Tiempo de lectura\" \/>\n\t<meta name=\"twitter:data2\" content=\"4 minutos\" \/>\n<script type=\"application\/ld+json\" class=\"yoast-schema-graph\">{\"@context\":\"https:\\\/\\\/schema.org\",\"@graph\":[{\"@type\":\"Article\",\"@id\":\"https:\\\/\\\/www.carlosyconchita.net\\\/rutas\\\/20-12-2013-la-barranca-la-bola-del-mundo\\\/#article\",\"isPartOf\":{\"@id\":\"https:\\\/\\\/www.carlosyconchita.net\\\/rutas\\\/20-12-2013-la-barranca-la-bola-del-mundo\\\/\"},\"author\":{\"name\":\"Carlos Conchita\",\"@id\":\"https:\\\/\\\/www.carlosyconchita.net\\\/rutas\\\/#\\\/schema\\\/person\\\/a9691f7258c28443fab2d3aa1479ea19\"},\"headline\":\"20-12-2013 &#8211; La Barranca &#8211; La Bola del Mundo\",\"datePublished\":\"2013-12-22T18:20:09+00:00\",\"dateModified\":\"2021-02-27T19:15:37+00:00\",\"mainEntityOfPage\":{\"@id\":\"https:\\\/\\\/www.carlosyconchita.net\\\/rutas\\\/20-12-2013-la-barranca-la-bola-del-mundo\\\/\"},\"wordCount\":788,\"commentCount\":1,\"image\":{\"@id\":\"https:\\\/\\\/www.carlosyconchita.net\\\/rutas\\\/20-12-2013-la-barranca-la-bola-del-mundo\\\/#primaryimage\"},\"thumbnailUrl\":\"https:\\\/\\\/www.carlosyconchita.net\\\/rutas\\\/wp-content\\\/uploads\\\/2013\\\/12\\\/PC223972-copia.jpg\",\"articleSection\":[\"100 Cims Carlos y Conchita\",\"3 - De 10 a 15 km.\",\"3-Dif\u00edcil\",\"Madrid\"],\"inLanguage\":\"es\",\"potentialAction\":[{\"@type\":\"CommentAction\",\"name\":\"Comment\",\"target\":[\"https:\\\/\\\/www.carlosyconchita.net\\\/rutas\\\/20-12-2013-la-barranca-la-bola-del-mundo\\\/#respond\"]}]},{\"@type\":\"WebPage\",\"@id\":\"https:\\\/\\\/www.carlosyconchita.net\\\/rutas\\\/20-12-2013-la-barranca-la-bola-del-mundo\\\/\",\"url\":\"https:\\\/\\\/www.carlosyconchita.net\\\/rutas\\\/20-12-2013-la-barranca-la-bola-del-mundo\\\/\",\"name\":\"20-12-2013 - La Barranca - La Bola del Mundo -\",\"isPartOf\":{\"@id\":\"https:\\\/\\\/www.carlosyconchita.net\\\/rutas\\\/#website\"},\"primaryImageOfPage\":{\"@id\":\"https:\\\/\\\/www.carlosyconchita.net\\\/rutas\\\/20-12-2013-la-barranca-la-bola-del-mundo\\\/#primaryimage\"},\"image\":{\"@id\":\"https:\\\/\\\/www.carlosyconchita.net\\\/rutas\\\/20-12-2013-la-barranca-la-bola-del-mundo\\\/#primaryimage\"},\"thumbnailUrl\":\"https:\\\/\\\/www.carlosyconchita.net\\\/rutas\\\/wp-content\\\/uploads\\\/2013\\\/12\\\/PC223972-copia.jpg\",\"datePublished\":\"2013-12-22T18:20:09+00:00\",\"dateModified\":\"2021-02-27T19:15:37+00:00\",\"author\":{\"@id\":\"https:\\\/\\\/www.carlosyconchita.net\\\/rutas\\\/#\\\/schema\\\/person\\\/a9691f7258c28443fab2d3aa1479ea19\"},\"breadcrumb\":{\"@id\":\"https:\\\/\\\/www.carlosyconchita.net\\\/rutas\\\/20-12-2013-la-barranca-la-bola-del-mundo\\\/#breadcrumb\"},\"inLanguage\":\"es\",\"potentialAction\":[{\"@type\":\"ReadAction\",\"target\":[\"https:\\\/\\\/www.carlosyconchita.net\\\/rutas\\\/20-12-2013-la-barranca-la-bola-del-mundo\\\/\"]}]},{\"@type\":\"ImageObject\",\"inLanguage\":\"es\",\"@id\":\"https:\\\/\\\/www.carlosyconchita.net\\\/rutas\\\/20-12-2013-la-barranca-la-bola-del-mundo\\\/#primaryimage\",\"url\":\"https:\\\/\\\/www.carlosyconchita.net\\\/rutas\\\/wp-content\\\/uploads\\\/2013\\\/12\\\/PC223972-copia.jpg\",\"contentUrl\":\"https:\\\/\\\/www.carlosyconchita.net\\\/rutas\\\/wp-content\\\/uploads\\\/2013\\\/12\\\/PC223972-copia.jpg\",\"width\":1969,\"height\":946},{\"@type\":\"BreadcrumbList\",\"@id\":\"https:\\\/\\\/www.carlosyconchita.net\\\/rutas\\\/20-12-2013-la-barranca-la-bola-del-mundo\\\/#breadcrumb\",\"itemListElement\":[{\"@type\":\"ListItem\",\"position\":1,\"name\":\"Portada\",\"item\":\"https:\\\/\\\/www.carlosyconchita.net\\\/rutas\\\/\"},{\"@type\":\"ListItem\",\"position\":2,\"name\":\"20-12-2013 &#8211; La Barranca &#8211; La Bola del Mundo\"}]},{\"@type\":\"WebSite\",\"@id\":\"https:\\\/\\\/www.carlosyconchita.net\\\/rutas\\\/#website\",\"url\":\"https:\\\/\\\/www.carlosyconchita.net\\\/rutas\\\/\",\"name\":\"Las rutas de Carlos y Conchita\",\"description\":\"\",\"potentialAction\":[{\"@type\":\"SearchAction\",\"target\":{\"@type\":\"EntryPoint\",\"urlTemplate\":\"https:\\\/\\\/www.carlosyconchita.net\\\/rutas\\\/?s={search_term_string}\"},\"query-input\":{\"@type\":\"PropertyValueSpecification\",\"valueRequired\":true,\"valueName\":\"search_term_string\"}}],\"inLanguage\":\"es\"},{\"@type\":\"Person\",\"@id\":\"https:\\\/\\\/www.carlosyconchita.net\\\/rutas\\\/#\\\/schema\\\/person\\\/a9691f7258c28443fab2d3aa1479ea19\",\"name\":\"Carlos Conchita\",\"image\":{\"@type\":\"ImageObject\",\"inLanguage\":\"es\",\"@id\":\"https:\\\/\\\/secure.gravatar.com\\\/avatar\\\/3a4625b20c8da3de99da69bfe7a322774e291c3f90dce7e8778a30fe6748ed1a?s=96&d=mm&r=g\",\"url\":\"https:\\\/\\\/secure.gravatar.com\\\/avatar\\\/3a4625b20c8da3de99da69bfe7a322774e291c3f90dce7e8778a30fe6748ed1a?s=96&d=mm&r=g\",\"contentUrl\":\"https:\\\/\\\/secure.gravatar.com\\\/avatar\\\/3a4625b20c8da3de99da69bfe7a322774e291c3f90dce7e8778a30fe6748ed1a?s=96&d=mm&r=g\",\"caption\":\"Carlos Conchita\"}}]}<\/script>\n<!-- \/ Yoast SEO plugin. -->","yoast_head_json":{"title":"20-12-2013 - La Barranca - La Bola del Mundo -","robots":{"index":"index","follow":"follow","max-snippet":"max-snippet:-1","max-image-preview":"max-image-preview:large","max-video-preview":"max-video-preview:-1"},"canonical":"https:\/\/www.carlosyconchita.net\/rutas\/20-12-2013-la-barranca-la-bola-del-mundo\/","og_locale":"es_ES","og_type":"article","og_title":"20-12-2013 - La Barranca - La Bola del Mundo -","og_description":"Dificultad :\u00a0 Moderado\/Dificil \u00a0\u00a0\u00a0\u00a0\u00a0\u00a0\u00a0\u00a0\u00a0\u00a0\u00a0\u00a0\u00a0\u00a0\u00a0\u00a0\u00a0\u00a0\u00a0\u00a0\u00a0\u00a0\u00a0\u00a0\u00a0\u00a0\u00a0\u00a0\u00a0\u00a0\u00a0\u00a0\u00a0 Recorrido : 12&#8217;500 km. \u00a0Desnivel : 902 m. \u00a0 \u00a0 \u00a0 \u00a0 \u00a0 \u00a0 \u00a0 \u00a0 \u00a0 \u00a0 \u00a0 \u00a0 \u00a0 \u00a0 \u00a0 \u00a0 \u00a0 \u00a0 \u00a0 \u00a0 \u00a0 \u00a0 \u00a0 \u00a0 \u00a0\u00a0 Alturas :\u00a0 1.367 \/ 2.252 Tiempo total :\u00a0 7 h. 41 m.\u00a0\u00a0\u00a0\u00a0\u00a0\u00a0\u00a0\u00a0\u00a0\u00a0\u00a0\u00a0\u00a0\u00a0\u00a0\u00a0\u00a0\u00a0\u00a0\u00a0\u00a0\u00a0\u00a0\u00a0\u00a0\u00a0\u00a0\u00a0\u00a0\u00a0\u00a0\u00a0\u00a0\u00a0\u00a0\u00a0\u00a0\u00a0\u00a0\u00a0 Velocidad media :\u00a0 1&#8217;5 km.\/hora Tiempo [&hellip;]","og_url":"https:\/\/www.carlosyconchita.net\/rutas\/20-12-2013-la-barranca-la-bola-del-mundo\/","og_site_name":"Las rutas de Carlos y Conchita","article_published_time":"2013-12-22T18:20:09+00:00","article_modified_time":"2021-02-27T19:15:37+00:00","og_image":[{"width":1969,"height":946,"url":"https:\/\/www.carlosyconchita.net\/rutas\/wp-content\/uploads\/2013\/12\/PC223972-copia.jpg","type":"image\/jpeg"}],"author":"Carlos Conchita","twitter_misc":{"Escrito por":"Carlos Conchita","Tiempo de lectura":"4 minutos"},"schema":{"@context":"https:\/\/schema.org","@graph":[{"@type":"Article","@id":"https:\/\/www.carlosyconchita.net\/rutas\/20-12-2013-la-barranca-la-bola-del-mundo\/#article","isPartOf":{"@id":"https:\/\/www.carlosyconchita.net\/rutas\/20-12-2013-la-barranca-la-bola-del-mundo\/"},"author":{"name":"Carlos Conchita","@id":"https:\/\/www.carlosyconchita.net\/rutas\/#\/schema\/person\/a9691f7258c28443fab2d3aa1479ea19"},"headline":"20-12-2013 &#8211; La Barranca &#8211; La Bola del Mundo","datePublished":"2013-12-22T18:20:09+00:00","dateModified":"2021-02-27T19:15:37+00:00","mainEntityOfPage":{"@id":"https:\/\/www.carlosyconchita.net\/rutas\/20-12-2013-la-barranca-la-bola-del-mundo\/"},"wordCount":788,"commentCount":1,"image":{"@id":"https:\/\/www.carlosyconchita.net\/rutas\/20-12-2013-la-barranca-la-bola-del-mundo\/#primaryimage"},"thumbnailUrl":"https:\/\/www.carlosyconchita.net\/rutas\/wp-content\/uploads\/2013\/12\/PC223972-copia.jpg","articleSection":["100 Cims Carlos y Conchita","3 - De 10 a 15 km.","3-Dif\u00edcil","Madrid"],"inLanguage":"es","potentialAction":[{"@type":"CommentAction","name":"Comment","target":["https:\/\/www.carlosyconchita.net\/rutas\/20-12-2013-la-barranca-la-bola-del-mundo\/#respond"]}]},{"@type":"WebPage","@id":"https:\/\/www.carlosyconchita.net\/rutas\/20-12-2013-la-barranca-la-bola-del-mundo\/","url":"https:\/\/www.carlosyconchita.net\/rutas\/20-12-2013-la-barranca-la-bola-del-mundo\/","name":"20-12-2013 - La Barranca - La Bola del Mundo -","isPartOf":{"@id":"https:\/\/www.carlosyconchita.net\/rutas\/#website"},"primaryImageOfPage":{"@id":"https:\/\/www.carlosyconchita.net\/rutas\/20-12-2013-la-barranca-la-bola-del-mundo\/#primaryimage"},"image":{"@id":"https:\/\/www.carlosyconchita.net\/rutas\/20-12-2013-la-barranca-la-bola-del-mundo\/#primaryimage"},"thumbnailUrl":"https:\/\/www.carlosyconchita.net\/rutas\/wp-content\/uploads\/2013\/12\/PC223972-copia.jpg","datePublished":"2013-12-22T18:20:09+00:00","dateModified":"2021-02-27T19:15:37+00:00","author":{"@id":"https:\/\/www.carlosyconchita.net\/rutas\/#\/schema\/person\/a9691f7258c28443fab2d3aa1479ea19"},"breadcrumb":{"@id":"https:\/\/www.carlosyconchita.net\/rutas\/20-12-2013-la-barranca-la-bola-del-mundo\/#breadcrumb"},"inLanguage":"es","potentialAction":[{"@type":"ReadAction","target":["https:\/\/www.carlosyconchita.net\/rutas\/20-12-2013-la-barranca-la-bola-del-mundo\/"]}]},{"@type":"ImageObject","inLanguage":"es","@id":"https:\/\/www.carlosyconchita.net\/rutas\/20-12-2013-la-barranca-la-bola-del-mundo\/#primaryimage","url":"https:\/\/www.carlosyconchita.net\/rutas\/wp-content\/uploads\/2013\/12\/PC223972-copia.jpg","contentUrl":"https:\/\/www.carlosyconchita.net\/rutas\/wp-content\/uploads\/2013\/12\/PC223972-copia.jpg","width":1969,"height":946},{"@type":"BreadcrumbList","@id":"https:\/\/www.carlosyconchita.net\/rutas\/20-12-2013-la-barranca-la-bola-del-mundo\/#breadcrumb","itemListElement":[{"@type":"ListItem","position":1,"name":"Portada","item":"https:\/\/www.carlosyconchita.net\/rutas\/"},{"@type":"ListItem","position":2,"name":"20-12-2013 &#8211; La Barranca &#8211; La Bola del Mundo"}]},{"@type":"WebSite","@id":"https:\/\/www.carlosyconchita.net\/rutas\/#website","url":"https:\/\/www.carlosyconchita.net\/rutas\/","name":"Las rutas de Carlos y Conchita","description":"","potentialAction":[{"@type":"SearchAction","target":{"@type":"EntryPoint","urlTemplate":"https:\/\/www.carlosyconchita.net\/rutas\/?s={search_term_string}"},"query-input":{"@type":"PropertyValueSpecification","valueRequired":true,"valueName":"search_term_string"}}],"inLanguage":"es"},{"@type":"Person","@id":"https:\/\/www.carlosyconchita.net\/rutas\/#\/schema\/person\/a9691f7258c28443fab2d3aa1479ea19","name":"Carlos Conchita","image":{"@type":"ImageObject","inLanguage":"es","@id":"https:\/\/secure.gravatar.com\/avatar\/3a4625b20c8da3de99da69bfe7a322774e291c3f90dce7e8778a30fe6748ed1a?s=96&d=mm&r=g","url":"https:\/\/secure.gravatar.com\/avatar\/3a4625b20c8da3de99da69bfe7a322774e291c3f90dce7e8778a30fe6748ed1a?s=96&d=mm&r=g","contentUrl":"https:\/\/secure.gravatar.com\/avatar\/3a4625b20c8da3de99da69bfe7a322774e291c3f90dce7e8778a30fe6748ed1a?s=96&d=mm&r=g","caption":"Carlos Conchita"}}]}},"_links":{"self":[{"href":"https:\/\/www.carlosyconchita.net\/rutas\/wp-json\/wp\/v2\/posts\/4063","targetHints":{"allow":["GET"]}}],"collection":[{"href":"https:\/\/www.carlosyconchita.net\/rutas\/wp-json\/wp\/v2\/posts"}],"about":[{"href":"https:\/\/www.carlosyconchita.net\/rutas\/wp-json\/wp\/v2\/types\/post"}],"author":[{"embeddable":true,"href":"https:\/\/www.carlosyconchita.net\/rutas\/wp-json\/wp\/v2\/users\/50"}],"replies":[{"embeddable":true,"href":"https:\/\/www.carlosyconchita.net\/rutas\/wp-json\/wp\/v2\/comments?post=4063"}],"version-history":[{"count":0,"href":"https:\/\/www.carlosyconchita.net\/rutas\/wp-json\/wp\/v2\/posts\/4063\/revisions"}],"wp:featuredmedia":[{"embeddable":true,"href":"https:\/\/www.carlosyconchita.net\/rutas\/wp-json\/wp\/v2\/media\/4085"}],"wp:attachment":[{"href":"https:\/\/www.carlosyconchita.net\/rutas\/wp-json\/wp\/v2\/media?parent=4063"}],"wp:term":[{"taxonomy":"category","embeddable":true,"href":"https:\/\/www.carlosyconchita.net\/rutas\/wp-json\/wp\/v2\/categories?post=4063"},{"taxonomy":"post_tag","embeddable":true,"href":"https:\/\/www.carlosyconchita.net\/rutas\/wp-json\/wp\/v2\/tags?post=4063"}],"curies":[{"name":"wp","href":"https:\/\/api.w.org\/{rel}","templated":true}]}}