{"id":4107,"date":"2014-01-03T21:32:41","date_gmt":"2014-01-03T20:32:41","guid":{"rendered":"http:\/\/www.carlosyconchita.net\/rutas\/?p=4107"},"modified":"2019-05-20T20:44:09","modified_gmt":"2019-05-20T19:44:09","slug":"03-01-2014-st-pere-dels-forcats-eyne-raquetas","status":"publish","type":"post","link":"https:\/\/www.carlosyconchita.net\/rutas\/03-01-2014-st-pere-dels-forcats-eyne-raquetas\/","title":{"rendered":"03-01-2014 &#8211; St. Pere dels Forcats &#8211; Eyne (raquetas)"},"content":{"rendered":"<table border=\"0\">\n<tbody>\n<tr>\n<td><strong>Dificultad :\u00a0 Muy f\u00e1cil\u00a0\u00a0\u00a0\u00a0\u00a0\u00a0\u00a0\u00a0\u00a0\u00a0\u00a0\u00a0\u00a0\u00a0\u00a0\u00a0\u00a0\u00a0\u00a0\u00a0\u00a0\u00a0\u00a0\u00a0\u00a0\u00a0\u00a0\u00a0\u00a0\u00a0\u00a0\u00a0\u00a0\u00a0\u00a0\u00a0\u00a0\u00a0\u00a0\u00a0\u00a0\u00a0\u00a0\u00a0\u00a0\u00a0\u00a0<strong>Recorrido : \u00a04&#8217;710 km.<\/strong><\/strong><\/td>\n<td>&nbsp;<\/td>\n<\/tr>\n<tr>\n<td><strong>\u00a0Desnivel : 197 m. \u00a0 \u00a0 \u00a0 \u00a0 \u00a0 \u00a0 \u00a0 \u00a0 \u00a0 \u00a0 \u00a0 \u00a0 \u00a0 \u00a0 \u00a0 \u00a0 \u00a0 \u00a0 \u00a0 \u00a0 \u00a0 \u00a0 \u00a0 \u00a0 \u00a0\u00a0<strong>\u00a0Alturas :\u00a0 1.623\/ 1.733<\/strong><\/strong><\/td>\n<td>&nbsp;<\/td>\n<\/tr>\n<tr>\n<td><strong>Tiempo total : \u00a02 h.34 m. \u00a0 \u00a0 \u00a0 \u00a0 \u00a0 \u00a0 \u00a0 \u00a0 \u00a0 \u00a0 \u00a0 \u00a0 \u00a0 \u00a0 \u00a0 \u00a0 \u00a0 \u00a0 \u00a0 \u00a0 \u00a0Velocidad media<strong>\u00a0: \u00a01&#8217;6 km.\/hora<\/strong><br \/>\n<\/strong><\/td>\n<td>&nbsp;<\/td>\n<\/tr>\n<tr>\n<td><strong>Tiempo movimiento : \u00a01 h. 20 m \u00a0 \u00a0 \u00a0 \u00a0 \u00a0 \u00a0 \u00a0 \u00a0 \u00a0 \u00a0 \u00a0 \u00a0 \u00a0 \u00a0 \u00a0Velocidad media\u00a0<strong><strong>\u00a0:\u00a0 3&#8217;1 km.\/hora<\/strong><\/strong><br \/>\n<\/strong><\/td>\n<td>&nbsp;<\/td>\n<\/tr>\n<\/tbody>\n<\/table>\n<p style=\"text-align: justify;\">En teor\u00eda hoy deberiamos haber empezado la temporada de ski, pero debido al mal dia que se preve\u00eda, con mucha niebla , finalmente hemos decidido cambiar los planes y hemos elegido una excursi\u00f3n con raquetas corta, por si se complicaba la cosa, y hemos elegido una que va desde la estacio de ski de St. Pere dels Forcats hasta la vecina estaci\u00f3n de Eyne.<\/p>\n<p style=\"text-align: justify;\">Para empezar, nos dirigimos al citado pueblo de St.Pierre dels Forcats.\u00a0 Desde Saillagosa, cogemos la carretera en direccion a Les Angles-Font Romeu, y poco despu\u00e9s del Col de la Perche, veremos a la derecha el desvio que nos indica St.Pierre.<\/p>\n<p style=\"text-align: justify;\">Llegaremos poco despu\u00e9s al pueblo de la Cabanasse, y desde alli seguiremos las indicaciones de St.Pierre, por una carretera que sube entre curvas.<\/p>\n<p style=\"text-align: justify;\">Cruzaremos el pueblo y despu\u00e9s seguiremos las indicaciones de las pistas de ski, y cuando lleguemos arriba, poco antes de llegar\u00a0 a las primeras casas de la zona de la estacion de esqui, veremos a la derecha la Rue des Forets.<\/p>\n<p style=\"text-align: justify;\">Seguiremos esa peque\u00f1a carretera hasta que termina justo contra una de las pistas de la zona, la Promenade des Forets, en donde dejaremos el coche.<\/p>\n<p style=\"text-align: justify;\">Tambien podriamos empezar la excursi\u00f3n si en vez de coger a la derecha la Rue des Forets, continuamos recto hacia el parking de la estacion.\u00a0 Justo enfrente veremos la zona de principiantes, y detr\u00e1s de ella pasa la pista de ski que hemos dicho antes , la Promenade des Forets.<\/p>\n<p style=\"text-align: justify;\">Desde cualquiera de los 2 puntos, empezaremos a caminar subiendo por esa pista de ski, y poco despu\u00e9s, veremos a la derecha un desvio con la tipica indicacion de las raquetas y la se\u00f1al de Eyne-station , que seguiremos.<\/p>\n<p style=\"text-align: justify;\">[shashin type=\u00bbphoto\u00bb id=\u00bb5483,5484&#8243; size=\u00bblarge\u00bb columns=\u00bbmax\u00bb order=\u00bbuser\u00bb caption=\u00bby\u00bb position=\u00bbcenter\u00bb]<\/p>\n<p style=\"text-align: justify;\">El camino es inicialmente bastante plano y facil, aunque suponemos que debido al viento de hace unas semanas, la nieve se veia como sucia, debida a la pinaza y restos de ramas caidas.<\/p>\n<p style=\"text-align: justify;\">[shashin type=\u00bbphoto\u00bb id=\u00bb5489,5490&#8243; size=\u00bblarge\u00bb columns=\u00bbmax\u00bb order=\u00bbuser\u00bb caption=\u00bby\u00bb position=\u00bbcenter\u00bb]<\/p>\n<p style=\"text-align: justify;\">Al cabo de aproximadamente 1 km de caminar, veremos una se\u00f1al indicadora (ver Desvio 1 en el track) , en donde nos desviaremos a la izquierda, y empezaremos a subir en direccion\u00a0 a Eyne.<\/p>\n<p style=\"text-align: justify;\">A ese mismo punto llegaremos a la vuelta, pero por otro camino.<\/p>\n<p style=\"text-align: justify;\">A partir de alli, el camino sube durante aproximadamente 1 km.\u00a0 hasta que llegaremos a unas antenas, desde donde ya veremos varios arrastres y el parking de la estacion de ski de Eyne.<\/p>\n<p style=\"text-align: justify;\">[shashin type=\u00bbphoto\u00bb id=\u00bb5491,5493,5496&#8243; size=\u00bblarge\u00bb columns=\u00bbmax\u00bb order=\u00bbuser\u00bb caption=\u00bby\u00bb position=\u00bbcenter\u00bb]<\/p>\n<p style=\"text-align: justify;\">Despu\u00e9s de comer y beber algo calentito, ya que estaba muy nublado y hacia bastante frio, iniciamos el camino de vuelta por el mismo camino, hasta llegar al punto indicado como Desvio-2 en el track.<\/p>\n<p style=\"text-align: justify;\">Alli, en vez de seguir por la derecha que es por donde hemos subido, seguiremos por al camino que sigue m\u00e1s o menos enfrente nuestro y que indica \u201cFontanals\u201d, para dar un peque\u00f1o rodeo y no repetir el mismo camino de la ida.<\/p>\n<p style=\"text-align: justify;\">Inicialmente el camino pasa entre arboles, hasta que al poco llegamos a una amplia zona mucho mas despejada.<\/p>\n<p style=\"text-align: justify;\">[shashin type=\u00bbphoto\u00bb id=\u00bb5497,5500,5502&#8243; size=\u00bblarge\u00bb columns=\u00bbmax\u00bb order=\u00bbuser\u00bb caption=\u00bby\u00bb position=\u00bbcenter\u00bb]<\/p>\n<p style=\"text-align: justify;\">De no ser por la niebla, tendriamos unas magnificas vistas de la llanura entre la zona de la Cambre d\u2019Aze donde estamos y al otro lado, las monta\u00f1as de la zona de Font-Romeu, con todos los pueblos de la zona (Cabanasse, Mont- Louis, Fetges, etc)<\/p>\n<p style=\"text-align: justify;\">Dentro de la facilidad de la ruta de hoy, este ha sido el tramo m\u00e1s dif\u00edcil, debido a que habia pasado muy poca gente por el camino , y que habia bastante grueso de nieve, que hacia que nos hundieramos continuamente en la nieve a pesar de las raquetas.<\/p>\n<p style=\"text-align: justify;\">Solo en algun momento ha salido un poco el sol, y esto tambien a contribuido a que las fotos de hoy sean algo \u201ctristes\u201d y grises, y aunque la ruta no la podremos clasificar como magnifica, nos servir\u00e1 para intentar uno de los objetivos que tenemos, que es la de \u201cunir\u201d sobre el mapa todas los pueblos de la Cerdanya, con nuestras rutas, cosa que an alguna zona ya hemos conseguido.<\/p>\n<p style=\"text-align: justify;\">[shashin type=\u00bbphoto\u00bb id=\u00bb5504&#8243; size=\u00bblarge\u00bb columns=\u00bbmax\u00bb order=\u00bbuser\u00bb caption=\u00bby\u00bb position=\u00bbcenter\u00bb]<\/p>\n<p style=\"text-align: justify;\">Siguiendo las se\u00f1ales, llegaremos de nuevo al punto se\u00f1alado en el track como \u00abDesvio 1\u00bb, y desde all\u00ed, volveremos por el mismo camino de la ida, llegando de nuevo a la pista de ski de la Promenade des Forets.<\/p>\n<p style=\"text-align: justify;\">[shashin type=\u00bbphoto\u00bb id=\u00bb5505&#8243; size=\u00bblarge\u00bb columns=\u00bbmax\u00bb order=\u00bbuser\u00bb caption=\u00bby\u00bb position=\u00bbcenter\u00bb]<\/p>\n<hr \/>\n<p style=\"text-align: justify;\">[map style=\u00bbwidth: auto; height:400px; margin:20px 0px 20px 0px; border: 1px solid black;\u00bb gpx=\u00bbhttp:\/\/www.carlosyconchita.net\/rutas\/wp-content\/uploads\/Eyne.gpx\u00bb]<\/p>\n<hr \/>\n<hr \/>\n<p class=\"wp-caption\" style=\"text-align: justify;\"><strong style=\"text-align: center;\">Enlace album de fotos<\/strong><\/p>\n<p style=\"text-align: justify;\">[shashin type=\u00bbalbum\u00bb id=\u00bb107&#8243; size=\u00bbmedium\u00bb crop=\u00bbn\u00bb columns=\u00bbmax\u00bb caption=\u00bby\u00bb order=\u00bbdate\u00bb position=\u00bbcenter\u00bb]<\/p>\n<p>&nbsp;<\/p>\n<hr \/>\n<p class=\"wp-caption\"><strong>Enlace Wikiloc<\/strong><\/p>\n<p style=\"text-align: center;\"><a href=\"http:\/\/es.wikiloc.com\/wikiloc\/view.do?id=5913261\" target=\"_blank\" rel=\"noopener noreferrer\"><img loading=\"lazy\" decoding=\"async\" class=\"aligncenter\" title=\"wikiloc\" src=\"http:\/\/www.carlosyconchita.net\/rutas\/wp-content\/uploads\/2020\/09\/wikiloc.jpg\" alt=\"\" width=\"117\" height=\"34\" \/><\/a><\/p>\n<hr \/>\n","protected":false},"excerpt":{"rendered":"<p>Dificultad :\u00a0 Muy f\u00e1cil\u00a0\u00a0\u00a0\u00a0\u00a0\u00a0\u00a0\u00a0\u00a0\u00a0\u00a0\u00a0\u00a0\u00a0\u00a0\u00a0\u00a0\u00a0\u00a0\u00a0\u00a0\u00a0\u00a0\u00a0\u00a0\u00a0\u00a0\u00a0\u00a0\u00a0\u00a0\u00a0\u00a0\u00a0\u00a0\u00a0\u00a0\u00a0\u00a0\u00a0\u00a0\u00a0\u00a0\u00a0\u00a0\u00a0\u00a0Recorrido : \u00a04&#8217;710 km. &nbsp; \u00a0Desnivel : 197 m. \u00a0 \u00a0 \u00a0 \u00a0 \u00a0 \u00a0 \u00a0 \u00a0 \u00a0 \u00a0 \u00a0 \u00a0 \u00a0 \u00a0 \u00a0 \u00a0 \u00a0 \u00a0 \u00a0 \u00a0 \u00a0 \u00a0 \u00a0 \u00a0 \u00a0\u00a0\u00a0Alturas :\u00a0 1.623\/ 1.733 &nbsp; Tiempo total : \u00a02 h.34 m. \u00a0 \u00a0 \u00a0 \u00a0 \u00a0 \u00a0 \u00a0 \u00a0 [&hellip;]<\/p>\n","protected":false},"author":50,"featured_media":4120,"comment_status":"open","ping_status":"open","sticky":false,"template":"","format":"gallery","meta":{"footnotes":""},"categories":[14,21,6],"tags":[],"class_list":{"0":"post-4107","1":"post","2":"type-post","3":"status-publish","4":"format-gallery","5":"has-post-thumbnail","6":"hentry","7":"category-muy-facil","8":"category-hasta-5-km","9":"category-saillagosa","10":"post_format-post-format-gallery","12":"post-with-thumbnail","13":"post-with-thumbnail-icon"},"yoast_head":"<!-- This site is optimized with the Yoast SEO plugin v27.4 - https:\/\/yoast.com\/product\/yoast-seo-wordpress\/ -->\n<title>St. Pere dels Forcats<\/title>\n<meta name=\"description\" content=\"Excursi\u00f3n desde la estacio de ski de St. Pere dels Forcats hasta la vecina estaci\u00f3n de Eyne.\" \/>\n<meta name=\"robots\" content=\"index, follow, max-snippet:-1, max-image-preview:large, max-video-preview:-1\" \/>\n<link rel=\"canonical\" href=\"https:\/\/www.carlosyconchita.net\/rutas\/03-01-2014-st-pere-dels-forcats-eyne-raquetas\/\" \/>\n<meta property=\"og:locale\" content=\"es_ES\" \/>\n<meta property=\"og:type\" content=\"article\" \/>\n<meta property=\"og:title\" content=\"St. Pere dels Forcats\" \/>\n<meta property=\"og:description\" content=\"Excursi\u00f3n desde la estacio de ski de St. Pere dels Forcats hasta la vecina estaci\u00f3n de Eyne.\" \/>\n<meta property=\"og:url\" content=\"https:\/\/www.carlosyconchita.net\/rutas\/03-01-2014-st-pere-dels-forcats-eyne-raquetas\/\" \/>\n<meta property=\"og:site_name\" content=\"Las rutas de Carlos y Conchita\" \/>\n<meta property=\"article:published_time\" content=\"2014-01-03T20:32:41+00:00\" \/>\n<meta property=\"article:modified_time\" content=\"2019-05-20T19:44:09+00:00\" \/>\n<meta property=\"og:image\" content=\"https:\/\/www.carlosyconchita.net\/rutas\/wp-content\/uploads\/2014\/01\/P1034012.jpg\" \/>\n\t<meta property=\"og:image:width\" content=\"2048\" \/>\n\t<meta property=\"og:image:height\" content=\"1536\" \/>\n\t<meta property=\"og:image:type\" content=\"image\/jpeg\" \/>\n<meta name=\"author\" content=\"Carlos Conchita\" \/>\n<meta name=\"twitter:label1\" content=\"Escrito por\" \/>\n\t<meta name=\"twitter:data1\" content=\"Carlos Conchita\" \/>\n\t<meta name=\"twitter:label2\" content=\"Tiempo de lectura\" \/>\n\t<meta name=\"twitter:data2\" content=\"4 minutos\" \/>\n<script type=\"application\/ld+json\" class=\"yoast-schema-graph\">{\"@context\":\"https:\\\/\\\/schema.org\",\"@graph\":[{\"@type\":\"Article\",\"@id\":\"https:\\\/\\\/www.carlosyconchita.net\\\/rutas\\\/03-01-2014-st-pere-dels-forcats-eyne-raquetas\\\/#article\",\"isPartOf\":{\"@id\":\"https:\\\/\\\/www.carlosyconchita.net\\\/rutas\\\/03-01-2014-st-pere-dels-forcats-eyne-raquetas\\\/\"},\"author\":{\"name\":\"Carlos Conchita\",\"@id\":\"https:\\\/\\\/www.carlosyconchita.net\\\/rutas\\\/#\\\/schema\\\/person\\\/a9691f7258c28443fab2d3aa1479ea19\"},\"headline\":\"03-01-2014 &#8211; St. Pere dels Forcats &#8211; Eyne (raquetas)\",\"datePublished\":\"2014-01-03T20:32:41+00:00\",\"dateModified\":\"2019-05-20T19:44:09+00:00\",\"mainEntityOfPage\":{\"@id\":\"https:\\\/\\\/www.carlosyconchita.net\\\/rutas\\\/03-01-2014-st-pere-dels-forcats-eyne-raquetas\\\/\"},\"wordCount\":880,\"commentCount\":0,\"image\":{\"@id\":\"https:\\\/\\\/www.carlosyconchita.net\\\/rutas\\\/03-01-2014-st-pere-dels-forcats-eyne-raquetas\\\/#primaryimage\"},\"thumbnailUrl\":\"https:\\\/\\\/www.carlosyconchita.net\\\/rutas\\\/wp-content\\\/uploads\\\/2014\\\/01\\\/P1034012.jpg\",\"articleSection\":[\"0-Muy f\u00e1cil\",\"1 - Hasta 5 km.\",\"Saillagosa\"],\"inLanguage\":\"es\",\"potentialAction\":[{\"@type\":\"CommentAction\",\"name\":\"Comment\",\"target\":[\"https:\\\/\\\/www.carlosyconchita.net\\\/rutas\\\/03-01-2014-st-pere-dels-forcats-eyne-raquetas\\\/#respond\"]}]},{\"@type\":\"WebPage\",\"@id\":\"https:\\\/\\\/www.carlosyconchita.net\\\/rutas\\\/03-01-2014-st-pere-dels-forcats-eyne-raquetas\\\/\",\"url\":\"https:\\\/\\\/www.carlosyconchita.net\\\/rutas\\\/03-01-2014-st-pere-dels-forcats-eyne-raquetas\\\/\",\"name\":\"St. Pere dels Forcats\",\"isPartOf\":{\"@id\":\"https:\\\/\\\/www.carlosyconchita.net\\\/rutas\\\/#website\"},\"primaryImageOfPage\":{\"@id\":\"https:\\\/\\\/www.carlosyconchita.net\\\/rutas\\\/03-01-2014-st-pere-dels-forcats-eyne-raquetas\\\/#primaryimage\"},\"image\":{\"@id\":\"https:\\\/\\\/www.carlosyconchita.net\\\/rutas\\\/03-01-2014-st-pere-dels-forcats-eyne-raquetas\\\/#primaryimage\"},\"thumbnailUrl\":\"https:\\\/\\\/www.carlosyconchita.net\\\/rutas\\\/wp-content\\\/uploads\\\/2014\\\/01\\\/P1034012.jpg\",\"datePublished\":\"2014-01-03T20:32:41+00:00\",\"dateModified\":\"2019-05-20T19:44:09+00:00\",\"author\":{\"@id\":\"https:\\\/\\\/www.carlosyconchita.net\\\/rutas\\\/#\\\/schema\\\/person\\\/a9691f7258c28443fab2d3aa1479ea19\"},\"description\":\"Excursi\u00f3n desde la estacio de ski de St. Pere dels Forcats hasta la vecina estaci\u00f3n de Eyne.\",\"breadcrumb\":{\"@id\":\"https:\\\/\\\/www.carlosyconchita.net\\\/rutas\\\/03-01-2014-st-pere-dels-forcats-eyne-raquetas\\\/#breadcrumb\"},\"inLanguage\":\"es\",\"potentialAction\":[{\"@type\":\"ReadAction\",\"target\":[\"https:\\\/\\\/www.carlosyconchita.net\\\/rutas\\\/03-01-2014-st-pere-dels-forcats-eyne-raquetas\\\/\"]}]},{\"@type\":\"ImageObject\",\"inLanguage\":\"es\",\"@id\":\"https:\\\/\\\/www.carlosyconchita.net\\\/rutas\\\/03-01-2014-st-pere-dels-forcats-eyne-raquetas\\\/#primaryimage\",\"url\":\"https:\\\/\\\/www.carlosyconchita.net\\\/rutas\\\/wp-content\\\/uploads\\\/2014\\\/01\\\/P1034012.jpg\",\"contentUrl\":\"https:\\\/\\\/www.carlosyconchita.net\\\/rutas\\\/wp-content\\\/uploads\\\/2014\\\/01\\\/P1034012.jpg\",\"width\":2048,\"height\":1536},{\"@type\":\"BreadcrumbList\",\"@id\":\"https:\\\/\\\/www.carlosyconchita.net\\\/rutas\\\/03-01-2014-st-pere-dels-forcats-eyne-raquetas\\\/#breadcrumb\",\"itemListElement\":[{\"@type\":\"ListItem\",\"position\":1,\"name\":\"Portada\",\"item\":\"https:\\\/\\\/www.carlosyconchita.net\\\/rutas\\\/\"},{\"@type\":\"ListItem\",\"position\":2,\"name\":\"03-01-2014 &#8211; St. Pere dels Forcats &#8211; Eyne (raquetas)\"}]},{\"@type\":\"WebSite\",\"@id\":\"https:\\\/\\\/www.carlosyconchita.net\\\/rutas\\\/#website\",\"url\":\"https:\\\/\\\/www.carlosyconchita.net\\\/rutas\\\/\",\"name\":\"Las rutas de Carlos y Conchita\",\"description\":\"\",\"potentialAction\":[{\"@type\":\"SearchAction\",\"target\":{\"@type\":\"EntryPoint\",\"urlTemplate\":\"https:\\\/\\\/www.carlosyconchita.net\\\/rutas\\\/?s={search_term_string}\"},\"query-input\":{\"@type\":\"PropertyValueSpecification\",\"valueRequired\":true,\"valueName\":\"search_term_string\"}}],\"inLanguage\":\"es\"},{\"@type\":\"Person\",\"@id\":\"https:\\\/\\\/www.carlosyconchita.net\\\/rutas\\\/#\\\/schema\\\/person\\\/a9691f7258c28443fab2d3aa1479ea19\",\"name\":\"Carlos Conchita\",\"image\":{\"@type\":\"ImageObject\",\"inLanguage\":\"es\",\"@id\":\"https:\\\/\\\/secure.gravatar.com\\\/avatar\\\/3a4625b20c8da3de99da69bfe7a322774e291c3f90dce7e8778a30fe6748ed1a?s=96&d=mm&r=g\",\"url\":\"https:\\\/\\\/secure.gravatar.com\\\/avatar\\\/3a4625b20c8da3de99da69bfe7a322774e291c3f90dce7e8778a30fe6748ed1a?s=96&d=mm&r=g\",\"contentUrl\":\"https:\\\/\\\/secure.gravatar.com\\\/avatar\\\/3a4625b20c8da3de99da69bfe7a322774e291c3f90dce7e8778a30fe6748ed1a?s=96&d=mm&r=g\",\"caption\":\"Carlos Conchita\"}}]}<\/script>\n<!-- \/ Yoast SEO plugin. -->","yoast_head_json":{"title":"St. Pere dels Forcats","description":"Excursi\u00f3n desde la estacio de ski de St. Pere dels Forcats hasta la vecina estaci\u00f3n de Eyne.","robots":{"index":"index","follow":"follow","max-snippet":"max-snippet:-1","max-image-preview":"max-image-preview:large","max-video-preview":"max-video-preview:-1"},"canonical":"https:\/\/www.carlosyconchita.net\/rutas\/03-01-2014-st-pere-dels-forcats-eyne-raquetas\/","og_locale":"es_ES","og_type":"article","og_title":"St. Pere dels Forcats","og_description":"Excursi\u00f3n desde la estacio de ski de St. Pere dels Forcats hasta la vecina estaci\u00f3n de Eyne.","og_url":"https:\/\/www.carlosyconchita.net\/rutas\/03-01-2014-st-pere-dels-forcats-eyne-raquetas\/","og_site_name":"Las rutas de Carlos y Conchita","article_published_time":"2014-01-03T20:32:41+00:00","article_modified_time":"2019-05-20T19:44:09+00:00","og_image":[{"width":2048,"height":1536,"url":"https:\/\/www.carlosyconchita.net\/rutas\/wp-content\/uploads\/2014\/01\/P1034012.jpg","type":"image\/jpeg"}],"author":"Carlos Conchita","twitter_misc":{"Escrito por":"Carlos Conchita","Tiempo de lectura":"4 minutos"},"schema":{"@context":"https:\/\/schema.org","@graph":[{"@type":"Article","@id":"https:\/\/www.carlosyconchita.net\/rutas\/03-01-2014-st-pere-dels-forcats-eyne-raquetas\/#article","isPartOf":{"@id":"https:\/\/www.carlosyconchita.net\/rutas\/03-01-2014-st-pere-dels-forcats-eyne-raquetas\/"},"author":{"name":"Carlos Conchita","@id":"https:\/\/www.carlosyconchita.net\/rutas\/#\/schema\/person\/a9691f7258c28443fab2d3aa1479ea19"},"headline":"03-01-2014 &#8211; St. Pere dels Forcats &#8211; Eyne (raquetas)","datePublished":"2014-01-03T20:32:41+00:00","dateModified":"2019-05-20T19:44:09+00:00","mainEntityOfPage":{"@id":"https:\/\/www.carlosyconchita.net\/rutas\/03-01-2014-st-pere-dels-forcats-eyne-raquetas\/"},"wordCount":880,"commentCount":0,"image":{"@id":"https:\/\/www.carlosyconchita.net\/rutas\/03-01-2014-st-pere-dels-forcats-eyne-raquetas\/#primaryimage"},"thumbnailUrl":"https:\/\/www.carlosyconchita.net\/rutas\/wp-content\/uploads\/2014\/01\/P1034012.jpg","articleSection":["0-Muy f\u00e1cil","1 - Hasta 5 km.","Saillagosa"],"inLanguage":"es","potentialAction":[{"@type":"CommentAction","name":"Comment","target":["https:\/\/www.carlosyconchita.net\/rutas\/03-01-2014-st-pere-dels-forcats-eyne-raquetas\/#respond"]}]},{"@type":"WebPage","@id":"https:\/\/www.carlosyconchita.net\/rutas\/03-01-2014-st-pere-dels-forcats-eyne-raquetas\/","url":"https:\/\/www.carlosyconchita.net\/rutas\/03-01-2014-st-pere-dels-forcats-eyne-raquetas\/","name":"St. Pere dels Forcats","isPartOf":{"@id":"https:\/\/www.carlosyconchita.net\/rutas\/#website"},"primaryImageOfPage":{"@id":"https:\/\/www.carlosyconchita.net\/rutas\/03-01-2014-st-pere-dels-forcats-eyne-raquetas\/#primaryimage"},"image":{"@id":"https:\/\/www.carlosyconchita.net\/rutas\/03-01-2014-st-pere-dels-forcats-eyne-raquetas\/#primaryimage"},"thumbnailUrl":"https:\/\/www.carlosyconchita.net\/rutas\/wp-content\/uploads\/2014\/01\/P1034012.jpg","datePublished":"2014-01-03T20:32:41+00:00","dateModified":"2019-05-20T19:44:09+00:00","author":{"@id":"https:\/\/www.carlosyconchita.net\/rutas\/#\/schema\/person\/a9691f7258c28443fab2d3aa1479ea19"},"description":"Excursi\u00f3n desde la estacio de ski de St. Pere dels Forcats hasta la vecina estaci\u00f3n de Eyne.","breadcrumb":{"@id":"https:\/\/www.carlosyconchita.net\/rutas\/03-01-2014-st-pere-dels-forcats-eyne-raquetas\/#breadcrumb"},"inLanguage":"es","potentialAction":[{"@type":"ReadAction","target":["https:\/\/www.carlosyconchita.net\/rutas\/03-01-2014-st-pere-dels-forcats-eyne-raquetas\/"]}]},{"@type":"ImageObject","inLanguage":"es","@id":"https:\/\/www.carlosyconchita.net\/rutas\/03-01-2014-st-pere-dels-forcats-eyne-raquetas\/#primaryimage","url":"https:\/\/www.carlosyconchita.net\/rutas\/wp-content\/uploads\/2014\/01\/P1034012.jpg","contentUrl":"https:\/\/www.carlosyconchita.net\/rutas\/wp-content\/uploads\/2014\/01\/P1034012.jpg","width":2048,"height":1536},{"@type":"BreadcrumbList","@id":"https:\/\/www.carlosyconchita.net\/rutas\/03-01-2014-st-pere-dels-forcats-eyne-raquetas\/#breadcrumb","itemListElement":[{"@type":"ListItem","position":1,"name":"Portada","item":"https:\/\/www.carlosyconchita.net\/rutas\/"},{"@type":"ListItem","position":2,"name":"03-01-2014 &#8211; St. Pere dels Forcats &#8211; Eyne (raquetas)"}]},{"@type":"WebSite","@id":"https:\/\/www.carlosyconchita.net\/rutas\/#website","url":"https:\/\/www.carlosyconchita.net\/rutas\/","name":"Las rutas de Carlos y Conchita","description":"","potentialAction":[{"@type":"SearchAction","target":{"@type":"EntryPoint","urlTemplate":"https:\/\/www.carlosyconchita.net\/rutas\/?s={search_term_string}"},"query-input":{"@type":"PropertyValueSpecification","valueRequired":true,"valueName":"search_term_string"}}],"inLanguage":"es"},{"@type":"Person","@id":"https:\/\/www.carlosyconchita.net\/rutas\/#\/schema\/person\/a9691f7258c28443fab2d3aa1479ea19","name":"Carlos Conchita","image":{"@type":"ImageObject","inLanguage":"es","@id":"https:\/\/secure.gravatar.com\/avatar\/3a4625b20c8da3de99da69bfe7a322774e291c3f90dce7e8778a30fe6748ed1a?s=96&d=mm&r=g","url":"https:\/\/secure.gravatar.com\/avatar\/3a4625b20c8da3de99da69bfe7a322774e291c3f90dce7e8778a30fe6748ed1a?s=96&d=mm&r=g","contentUrl":"https:\/\/secure.gravatar.com\/avatar\/3a4625b20c8da3de99da69bfe7a322774e291c3f90dce7e8778a30fe6748ed1a?s=96&d=mm&r=g","caption":"Carlos Conchita"}}]}},"_links":{"self":[{"href":"https:\/\/www.carlosyconchita.net\/rutas\/wp-json\/wp\/v2\/posts\/4107","targetHints":{"allow":["GET"]}}],"collection":[{"href":"https:\/\/www.carlosyconchita.net\/rutas\/wp-json\/wp\/v2\/posts"}],"about":[{"href":"https:\/\/www.carlosyconchita.net\/rutas\/wp-json\/wp\/v2\/types\/post"}],"author":[{"embeddable":true,"href":"https:\/\/www.carlosyconchita.net\/rutas\/wp-json\/wp\/v2\/users\/50"}],"replies":[{"embeddable":true,"href":"https:\/\/www.carlosyconchita.net\/rutas\/wp-json\/wp\/v2\/comments?post=4107"}],"version-history":[{"count":0,"href":"https:\/\/www.carlosyconchita.net\/rutas\/wp-json\/wp\/v2\/posts\/4107\/revisions"}],"wp:featuredmedia":[{"embeddable":true,"href":"https:\/\/www.carlosyconchita.net\/rutas\/wp-json\/wp\/v2\/media\/4120"}],"wp:attachment":[{"href":"https:\/\/www.carlosyconchita.net\/rutas\/wp-json\/wp\/v2\/media?parent=4107"}],"wp:term":[{"taxonomy":"category","embeddable":true,"href":"https:\/\/www.carlosyconchita.net\/rutas\/wp-json\/wp\/v2\/categories?post=4107"},{"taxonomy":"post_tag","embeddable":true,"href":"https:\/\/www.carlosyconchita.net\/rutas\/wp-json\/wp\/v2\/tags?post=4107"}],"curies":[{"name":"wp","href":"https:\/\/api.w.org\/{rel}","templated":true}]}}