{"id":417,"date":"2012-09-22T16:34:08","date_gmt":"2012-09-22T14:34:08","guid":{"rendered":"http:\/\/www.carlosyconchita.net\/rutas\/?p=417"},"modified":"2014-05-29T20:40:06","modified_gmt":"2014-05-29T19:40:06","slug":"22-09-2012-lagos-de-ballbone-y-lestagnet","status":"publish","type":"post","link":"https:\/\/www.carlosyconchita.net\/rutas\/22-09-2012-lagos-de-ballbone-y-lestagnet\/","title":{"rendered":"22-09-2012 &#8211; Lagos de Ballbone y L&#8217;Estagnet"},"content":{"rendered":"<p style=\"text-align: justify;\"><strong><span style=\"color: #ff0000;\">Dificultad :\u00a0 Dificil\u00a0\u00a0\u00a0\u00a0\u00a0\u00a0\u00a0\u00a0\u00a0\u00a0\u00a0\u00a0\u00a0\u00a0\u00a0\u00a0\u00a0\u00a0\u00a0\u00a0\u00a0\u00a0\u00a0\u00a0\u00a0\u00a0\u00a0 Total : 11&#8217;840 km. \u00a0\u00a0\u00a0\u00a0\u00a0\u00a0\u00a0<\/span><\/strong><\/p>\n<p style=\"text-align: justify;\"><strong><span style=\"color: #ff0000;\">\u00a0Desnivel : 805 m. \u00a0\u00a0\u00a0\u00a0\u00a0\u00a0\u00a0\u00a0\u00a0\u00a0\u00a0\u00a0\u00a0\u00a0\u00a0\u00a0\u00a0\u00a0\u00a0\u00a0\u00a0\u00a0\u00a0\u00a0\u00a0\u00a0\u00a0\u00a0 Alturas :\u00a0 1.594\/ 2.166<\/span><\/strong><\/p>\n<p style=\"text-align: justify;\">Para llegar con el coche al punto de partida, ver la ruta <a href=\"http:\/\/www.carlosyconchita.net\/rutas\/?p=450\" target=\"_blank\">\u00abParking de la Restanque-Acceso coche\u00bb<\/a><\/p>\n<p style=\"text-align: justify;\">Fantastica ruta que partiendo del parking de La Restanque , nos llevar\u00e1 primero al lago de la Ballbone y despu\u00e9s, subiendo por el recorrido del riachuelo del mismo nombre, en el tramo final casi en vertical, nos llevar\u00e1 hasta\u00a0 el GR-7 , y siguiendolo pasaremos por el Coll de Les Bourriques, Coll de Egue, y desde alli, bajaremos casi en picado hasta el lago del Estagnet, enlazando con el camino\u00a0 de vuelta desde el Lac de Rabassoles (<a title=\"25-08-2012 \u2013 Lac de Rabassoles\" href=\"http:\/\/www.carlosyconchita.net\/rutas\/?p=231\">ver excursi\u00f3n<\/a>) , que nos llevar\u00e1 de vuelta al parking de La Restanque.<\/p>\n<p style=\"text-align: justify;\"><a href=\"http:\/\/www.carlosyconchita.net\/rutas\/wp-content\/uploads\/2012\/09\/DSC05383.jpg\"><img loading=\"lazy\" decoding=\"async\" class=\"alignleft size-medium wp-image-419\" title=\"DSC05383\" src=\"http:\/\/www.carlosyconchita.net\/rutas\/wp-content\/uploads\/2012\/09\/DSC05383-300x168.jpg\" alt=\"\" width=\"300\" height=\"168\" srcset=\"https:\/\/www.carlosyconchita.net\/rutas\/wp-content\/uploads\/2012\/09\/DSC05383-300x168.jpg 300w, https:\/\/www.carlosyconchita.net\/rutas\/wp-content\/uploads\/2012\/09\/DSC05383-600x338.jpg 600w, https:\/\/www.carlosyconchita.net\/rutas\/wp-content\/uploads\/2012\/09\/DSC05383-1024x576.jpg 1024w, https:\/\/www.carlosyconchita.net\/rutas\/wp-content\/uploads\/2012\/09\/DSC05383.jpg 700w\" sizes=\"auto, (max-width: 300px) 100vw, 300px\" \/><\/a><\/p>\n<p style=\"text-align: justify;\">Una vez en el citado parking, cruzaremos un puente de madera y seguiremos las se\u00f1ales amarillas de la ruta , que va siguiendo el riachuelo de la Ballbone, cruzandolo un par de veces.<\/p>\n<p style=\"text-align: justify;\"><a href=\"http:\/\/www.carlosyconchita.net\/rutas\/wp-content\/uploads\/2012\/09\/DSC05384.jpg\"><img loading=\"lazy\" decoding=\"async\" class=\"alignleft size-medium wp-image-420\" title=\"DSC05384\" src=\"http:\/\/www.carlosyconchita.net\/rutas\/wp-content\/uploads\/2012\/09\/DSC05384-300x168.jpg\" alt=\"\" width=\"300\" height=\"168\" srcset=\"https:\/\/www.carlosyconchita.net\/rutas\/wp-content\/uploads\/2012\/09\/DSC05384-300x168.jpg 300w, https:\/\/www.carlosyconchita.net\/rutas\/wp-content\/uploads\/2012\/09\/DSC05384-600x338.jpg 600w, https:\/\/www.carlosyconchita.net\/rutas\/wp-content\/uploads\/2012\/09\/DSC05384-1024x576.jpg 1024w, https:\/\/www.carlosyconchita.net\/rutas\/wp-content\/uploads\/2012\/09\/DSC05384.jpg 700w\" sizes=\"auto, (max-width: 300px) 100vw, 300px\" \/><\/a><\/p>\n<p style=\"text-align: justify;\"><a href=\"http:\/\/www.carlosyconchita.net\/rutas\/wp-content\/uploads\/2012\/09\/DSC05389.jpg\"><img loading=\"lazy\" decoding=\"async\" class=\"alignnone size-medium wp-image-421\" title=\"DSC05389\" src=\"http:\/\/www.carlosyconchita.net\/rutas\/wp-content\/uploads\/2012\/09\/DSC05389-300x168.jpg\" alt=\"\" width=\"300\" height=\"168\" srcset=\"https:\/\/www.carlosyconchita.net\/rutas\/wp-content\/uploads\/2012\/09\/DSC05389-300x168.jpg 300w, https:\/\/www.carlosyconchita.net\/rutas\/wp-content\/uploads\/2012\/09\/DSC05389-600x338.jpg 600w, https:\/\/www.carlosyconchita.net\/rutas\/wp-content\/uploads\/2012\/09\/DSC05389-1024x576.jpg 1024w, https:\/\/www.carlosyconchita.net\/rutas\/wp-content\/uploads\/2012\/09\/DSC05389.jpg 700w\" sizes=\"auto, (max-width: 300px) 100vw, 300px\" \/><\/a><\/p>\n<p style=\"text-align: justify;\">El bosque es bastante espeso, pero conforme vayamos subiendo, nos permitir\u00e1 ver a nuestra espalda una bonita panoramica de la zona y a lo lejos el parking.<\/p>\n<p style=\"text-align: justify;\"><a href=\"http:\/\/www.carlosyconchita.net\/rutas\/wp-content\/uploads\/2012\/09\/DSC05399.jpg\"><img loading=\"lazy\" decoding=\"async\" class=\"aligncenter size-large wp-image-425\" title=\"DSC05399\" src=\"http:\/\/www.carlosyconchita.net\/rutas\/wp-content\/uploads\/2012\/09\/DSC05399-1024x768.jpg\" alt=\"\" width=\"640\" height=\"480\" srcset=\"https:\/\/www.carlosyconchita.net\/rutas\/wp-content\/uploads\/2012\/09\/DSC05399-1024x768.jpg 1024w, https:\/\/www.carlosyconchita.net\/rutas\/wp-content\/uploads\/2012\/09\/DSC05399-300x225.jpg 300w, https:\/\/www.carlosyconchita.net\/rutas\/wp-content\/uploads\/2012\/09\/DSC05399.jpg 533w\" sizes=\"auto, (max-width: 640px) 100vw, 640px\" \/><\/a><\/p>\n<p style=\"text-align: justify;\"><a href=\"http:\/\/www.carlosyconchita.net\/rutas\/wp-content\/uploads\/2012\/09\/DSC05401.jpg\"><img loading=\"lazy\" decoding=\"async\" class=\"aligncenter size-large wp-image-426\" title=\"DSC05401\" src=\"http:\/\/www.carlosyconchita.net\/rutas\/wp-content\/uploads\/2012\/09\/DSC05401-1024x768.jpg\" alt=\"\" width=\"640\" height=\"480\" srcset=\"https:\/\/www.carlosyconchita.net\/rutas\/wp-content\/uploads\/2012\/09\/DSC05401-1024x768.jpg 1024w, https:\/\/www.carlosyconchita.net\/rutas\/wp-content\/uploads\/2012\/09\/DSC05401-300x225.jpg 300w, https:\/\/www.carlosyconchita.net\/rutas\/wp-content\/uploads\/2012\/09\/DSC05401.jpg 533w\" sizes=\"auto, (max-width: 640px) 100vw, 640px\" \/><\/a><\/p>\n<p style=\"text-align: justify;\"><a href=\"http:\/\/www.carlosyconchita.net\/rutas\/wp-content\/uploads\/2012\/09\/DSC05400.jpg\"><img loading=\"lazy\" decoding=\"async\" class=\"alignright size-medium wp-image-427\" title=\"DSC05400\" src=\"http:\/\/www.carlosyconchita.net\/rutas\/wp-content\/uploads\/2012\/09\/DSC05400-300x225.jpg\" alt=\"\" width=\"300\" height=\"225\" srcset=\"https:\/\/www.carlosyconchita.net\/rutas\/wp-content\/uploads\/2012\/09\/DSC05400-300x225.jpg 300w, https:\/\/www.carlosyconchita.net\/rutas\/wp-content\/uploads\/2012\/09\/DSC05400-1024x768.jpg 1024w, https:\/\/www.carlosyconchita.net\/rutas\/wp-content\/uploads\/2012\/09\/DSC05400.jpg 533w\" sizes=\"auto, (max-width: 300px) 100vw, 300px\" \/><\/a><\/p>\n<p style=\"text-align: justify;\">El camino va subiendo, hasta alcanzar la zona llamada \u201cles escales de Ballbona\u201d , que como su nombe indica suben de forma muy fuerte hasta que arriba se suaviza un poco, y finalmente podemos ver el lago de Ballbona a nuestros pies.<\/p>\n<p style=\"text-align: justify;\"><a href=\"http:\/\/www.carlosyconchita.net\/rutas\/wp-content\/uploads\/2012\/09\/DSC05404.jpg\"><img loading=\"lazy\" decoding=\"async\" class=\"aligncenter size-large wp-image-428\" title=\"DSC05404\" src=\"http:\/\/www.carlosyconchita.net\/rutas\/wp-content\/uploads\/2012\/09\/DSC05404-1024x768.jpg\" alt=\"\" width=\"640\" height=\"480\" srcset=\"https:\/\/www.carlosyconchita.net\/rutas\/wp-content\/uploads\/2012\/09\/DSC05404-1024x768.jpg 1024w, https:\/\/www.carlosyconchita.net\/rutas\/wp-content\/uploads\/2012\/09\/DSC05404-300x225.jpg 300w, https:\/\/www.carlosyconchita.net\/rutas\/wp-content\/uploads\/2012\/09\/DSC05404.jpg 533w\" sizes=\"auto, (max-width: 640px) 100vw, 640px\" \/><\/a><\/p>\n<p style=\"text-align: justify;\">Desde aqu\u00ed no se ve mucho, pero bajando hasta el lago y siguiendo el camino por la izquierda del lago, podremos ir viendolo del todo y continuar la ruta por el lado contrario del que hemos llegado.<\/p>\n<p style=\"text-align: justify;\"><a href=\"http:\/\/www.carlosyconchita.net\/rutas\/wp-content\/uploads\/2012\/09\/DSC05409.jpg\"><img loading=\"lazy\" decoding=\"async\" class=\"aligncenter size-large wp-image-429\" title=\"DSC05409\" src=\"http:\/\/www.carlosyconchita.net\/rutas\/wp-content\/uploads\/2012\/09\/DSC05409-1024x768.jpg\" alt=\"\" width=\"640\" height=\"480\" srcset=\"https:\/\/www.carlosyconchita.net\/rutas\/wp-content\/uploads\/2012\/09\/DSC05409-1024x768.jpg 1024w, https:\/\/www.carlosyconchita.net\/rutas\/wp-content\/uploads\/2012\/09\/DSC05409-300x225.jpg 300w, https:\/\/www.carlosyconchita.net\/rutas\/wp-content\/uploads\/2012\/09\/DSC05409.jpg 533w\" sizes=\"auto, (max-width: 640px) 100vw, 640px\" \/><\/a><\/p>\n<p style=\"text-align: justify;\"><a href=\"http:\/\/www.carlosyconchita.net\/rutas\/wp-content\/uploads\/2012\/09\/DSC05411.jpg\"><img loading=\"lazy\" decoding=\"async\" class=\"aligncenter size-large wp-image-430\" title=\"DSC05411\" src=\"http:\/\/www.carlosyconchita.net\/rutas\/wp-content\/uploads\/2012\/09\/DSC05411-1024x768.jpg\" alt=\"\" width=\"640\" height=\"480\" srcset=\"https:\/\/www.carlosyconchita.net\/rutas\/wp-content\/uploads\/2012\/09\/DSC05411-1024x768.jpg 1024w, https:\/\/www.carlosyconchita.net\/rutas\/wp-content\/uploads\/2012\/09\/DSC05411-300x225.jpg 300w, https:\/\/www.carlosyconchita.net\/rutas\/wp-content\/uploads\/2012\/09\/DSC05411.jpg 533w\" sizes=\"auto, (max-width: 640px) 100vw, 640px\" \/><\/a><\/p>\n<p style=\"text-align: justify;\"><a href=\"http:\/\/www.carlosyconchita.net\/rutas\/wp-content\/uploads\/2012\/09\/DSC05418.jpg\"><img loading=\"lazy\" decoding=\"async\" class=\"aligncenter size-large wp-image-431\" title=\"DSC05418\" src=\"http:\/\/www.carlosyconchita.net\/rutas\/wp-content\/uploads\/2012\/09\/DSC05418-1024x768.jpg\" alt=\"\" width=\"640\" height=\"480\" srcset=\"https:\/\/www.carlosyconchita.net\/rutas\/wp-content\/uploads\/2012\/09\/DSC05418-1024x768.jpg 1024w, https:\/\/www.carlosyconchita.net\/rutas\/wp-content\/uploads\/2012\/09\/DSC05418-300x225.jpg 300w, https:\/\/www.carlosyconchita.net\/rutas\/wp-content\/uploads\/2012\/09\/DSC05418.jpg 533w\" sizes=\"auto, (max-width: 640px) 100vw, 640px\" \/><\/a><\/p>\n<p style=\"text-align: justify;\"><a href=\"http:\/\/www.carlosyconchita.net\/rutas\/wp-content\/uploads\/2012\/09\/DSC05424.jpg\"><img loading=\"lazy\" decoding=\"async\" class=\"alignleft size-thumbnail wp-image-432\" title=\"DSC05424\" src=\"http:\/\/www.carlosyconchita.net\/rutas\/wp-content\/uploads\/2012\/09\/DSC05424-150x150.jpg\" alt=\"\" width=\"150\" height=\"150\" srcset=\"https:\/\/www.carlosyconchita.net\/rutas\/wp-content\/uploads\/2012\/09\/DSC05424-150x150.jpg 150w, https:\/\/www.carlosyconchita.net\/rutas\/wp-content\/uploads\/2012\/09\/DSC05424-120x120.jpg 120w\" sizes=\"auto, (max-width: 150px) 100vw, 150px\" \/><\/a>Inicialmente veremos las se\u00f1ales amarillas, pero luego se van perdiendo, pero de todas formas, el camino que debemos seguir es el del riachuelo, y dependiendo de c\u00f3mo lo veamos, iremos pasando de un lado al otro del mismo, para coger el camino que veamos mejor, pero siempre siguiendo el camino del agua que va bajando.<\/p>\n<p style=\"text-align: justify;\">Al cabo de un par de kil\u00f3metros, llegaremos a una amplia zona con unas magnificas vistas de las altas monta\u00f1as que nos rodean por todos lados.<\/p>\n<p style=\"text-align: justify;\"><a href=\"http:\/\/www.carlosyconchita.net\/rutas\/wp-content\/uploads\/2012\/09\/DSC05428.jpg\"><img loading=\"lazy\" decoding=\"async\" class=\"aligncenter size-large wp-image-433\" title=\"DSC05428\" src=\"http:\/\/www.carlosyconchita.net\/rutas\/wp-content\/uploads\/2012\/09\/DSC05428-1024x768.jpg\" alt=\"\" width=\"640\" height=\"480\" srcset=\"https:\/\/www.carlosyconchita.net\/rutas\/wp-content\/uploads\/2012\/09\/DSC05428-1024x768.jpg 1024w, https:\/\/www.carlosyconchita.net\/rutas\/wp-content\/uploads\/2012\/09\/DSC05428-300x225.jpg 300w, https:\/\/www.carlosyconchita.net\/rutas\/wp-content\/uploads\/2012\/09\/DSC05428.jpg 533w\" sizes=\"auto, (max-width: 640px) 100vw, 640px\" \/><\/a><\/p>\n<p style=\"text-align: justify;\"><a href=\"http:\/\/www.carlosyconchita.net\/rutas\/wp-content\/uploads\/2012\/09\/DSC05430.jpg\"><img loading=\"lazy\" decoding=\"async\" class=\"aligncenter size-large wp-image-434\" title=\"DSC05430\" src=\"http:\/\/www.carlosyconchita.net\/rutas\/wp-content\/uploads\/2012\/09\/DSC05430-1024x768.jpg\" alt=\"\" width=\"640\" height=\"480\" srcset=\"https:\/\/www.carlosyconchita.net\/rutas\/wp-content\/uploads\/2012\/09\/DSC05430-1024x768.jpg 1024w, https:\/\/www.carlosyconchita.net\/rutas\/wp-content\/uploads\/2012\/09\/DSC05430-300x225.jpg 300w, https:\/\/www.carlosyconchita.net\/rutas\/wp-content\/uploads\/2012\/09\/DSC05430.jpg 533w\" sizes=\"auto, (max-width: 640px) 100vw, 640px\" \/><\/a><\/p>\n<p style=\"text-align: justify;\"><a href=\"http:\/\/www.carlosyconchita.net\/rutas\/wp-content\/uploads\/2012\/09\/DSC05436.jpg\"><img loading=\"lazy\" decoding=\"async\" class=\"alignleft size-thumbnail wp-image-435\" title=\"DSC05436\" src=\"http:\/\/www.carlosyconchita.net\/rutas\/wp-content\/uploads\/2012\/09\/DSC05436-150x150.jpg\" alt=\"\" width=\"150\" height=\"150\" srcset=\"https:\/\/www.carlosyconchita.net\/rutas\/wp-content\/uploads\/2012\/09\/DSC05436-150x150.jpg 150w, https:\/\/www.carlosyconchita.net\/rutas\/wp-content\/uploads\/2012\/09\/DSC05436-120x120.jpg 120w\" sizes=\"auto, (max-width: 150px) 100vw, 150px\" \/><\/a>Despu\u00e9s de hacer fotos, continuamos la ruta siguiendo el curso del riachuelo de Ballbona, y aproximadamente a los 4,5 km. de ruta llegamos a un tramo muy fuerte\u00a0 en que hemos de subir entre las piedras del torrente (alli ya no es un riachuelo , sino un torrente muy vertical\u2026) , en el que oimos por debajo nuestro el agua, pero por suerte y gracias a la sequia de este a\u00f1o, no baja mucha agua , porque sino el ascenso seria imposible, ya que estamos pasando por el mismo camino que sigue el agua cuando baja, y ademas entre grandes piedras.<\/p>\n<p style=\"text-align: justify;\">Este tramo es bastante dif\u00edcil, pero las magnificas vistas de las monta\u00f1as valen la pena.<\/p>\n<p style=\"text-align: justify;\"><a href=\"http:\/\/www.carlosyconchita.net\/rutas\/wp-content\/uploads\/2012\/09\/DSC05439.jpg\"><img loading=\"lazy\" decoding=\"async\" class=\"alignleft size-medium wp-image-436\" title=\"DSC05439\" src=\"http:\/\/www.carlosyconchita.net\/rutas\/wp-content\/uploads\/2012\/09\/DSC05439-225x300.jpg\" alt=\"\" width=\"225\" height=\"300\" srcset=\"https:\/\/www.carlosyconchita.net\/rutas\/wp-content\/uploads\/2012\/09\/DSC05439-225x300.jpg 225w, https:\/\/www.carlosyconchita.net\/rutas\/wp-content\/uploads\/2012\/09\/DSC05439-768x1024.jpg 768w, https:\/\/www.carlosyconchita.net\/rutas\/wp-content\/uploads\/2012\/09\/DSC05439.jpg 300w\" sizes=\"auto, (max-width: 225px) 100vw, 225px\" \/><\/a><\/p>\n<p>&nbsp;<\/p>\n<p>Finalmente, cuando acabamos de \u201cescalar\u201d y una vez arriba, podemos abandonar el curso del torrente y seguimos un camino hacia nuestra derecha que nos lleva a enlazar con el GR-7b, que seguiremos subiendo hasta que lleguemos al Coll de les Bourriques (2.160 m seg\u00fan el GPS y los mapas, y 2.252 m seg\u00fan el letrero que hay alli)<\/p>\n<p>&nbsp;<\/p>\n<p>&nbsp;<\/p>\n<p><a href=\"http:\/\/www.carlosyconchita.net\/rutas\/wp-content\/uploads\/2012\/09\/DSC05444.jpg\"><img loading=\"lazy\" decoding=\"async\" class=\"aligncenter size-large wp-image-437\" title=\"DSC05444\" src=\"http:\/\/www.carlosyconchita.net\/rutas\/wp-content\/uploads\/2012\/09\/DSC05444-1024x768.jpg\" alt=\"\" width=\"640\" height=\"480\" srcset=\"https:\/\/www.carlosyconchita.net\/rutas\/wp-content\/uploads\/2012\/09\/DSC05444-1024x768.jpg 1024w, https:\/\/www.carlosyconchita.net\/rutas\/wp-content\/uploads\/2012\/09\/DSC05444-300x225.jpg 300w, https:\/\/www.carlosyconchita.net\/rutas\/wp-content\/uploads\/2012\/09\/DSC05444.jpg 533w\" sizes=\"auto, (max-width: 640px) 100vw, 640px\" \/><\/a><\/p>\n<p>&nbsp;<\/p>\n<p>Alli encontraremos un letrero y una valla que limitan el paso a la Reserva Nacional de Fauna de Oriu<\/p>\n<p><a href=\"http:\/\/www.carlosyconchita.net\/rutas\/wp-content\/uploads\/2012\/09\/DSC05443.jpg\"><img loading=\"lazy\" decoding=\"async\" class=\"aligncenter size-large wp-image-438\" title=\"DSC05443\" src=\"http:\/\/www.carlosyconchita.net\/rutas\/wp-content\/uploads\/2012\/09\/DSC05443-1024x768.jpg\" alt=\"\" width=\"640\" height=\"480\" srcset=\"https:\/\/www.carlosyconchita.net\/rutas\/wp-content\/uploads\/2012\/09\/DSC05443-1024x768.jpg 1024w, https:\/\/www.carlosyconchita.net\/rutas\/wp-content\/uploads\/2012\/09\/DSC05443-300x225.jpg 300w, https:\/\/www.carlosyconchita.net\/rutas\/wp-content\/uploads\/2012\/09\/DSC05443.jpg 533w\" sizes=\"auto, (max-width: 640px) 100vw, 640px\" \/><\/a><\/p>\n<p><a href=\"http:\/\/www.carlosyconchita.net\/rutas\/wp-content\/uploads\/2012\/09\/DSC05451.jpg\"><img loading=\"lazy\" decoding=\"async\" class=\"aligncenter size-large wp-image-439\" title=\"DSC05451\" src=\"http:\/\/www.carlosyconchita.net\/rutas\/wp-content\/uploads\/2012\/09\/DSC05451-1024x576.jpg\" alt=\"\" width=\"640\" height=\"360\" srcset=\"https:\/\/www.carlosyconchita.net\/rutas\/wp-content\/uploads\/2012\/09\/DSC05451-1024x576.jpg 1024w, https:\/\/www.carlosyconchita.net\/rutas\/wp-content\/uploads\/2012\/09\/DSC05451-300x168.jpg 300w, https:\/\/www.carlosyconchita.net\/rutas\/wp-content\/uploads\/2012\/09\/DSC05451-600x338.jpg 600w, https:\/\/www.carlosyconchita.net\/rutas\/wp-content\/uploads\/2012\/09\/DSC05451.jpg 700w\" sizes=\"auto, (max-width: 640px) 100vw, 640px\" \/><\/a><\/p>\n<p><a href=\"http:\/\/www.carlosyconchita.net\/rutas\/wp-content\/uploads\/2012\/09\/Imagen0051.jpg\"><img loading=\"lazy\" decoding=\"async\" class=\"alignright size-medium wp-image-480\" title=\"Imagen0051\" src=\"http:\/\/www.carlosyconchita.net\/rutas\/wp-content\/uploads\/2012\/09\/Imagen0051-300x240.jpg\" alt=\"\" width=\"300\" height=\"240\" srcset=\"https:\/\/www.carlosyconchita.net\/rutas\/wp-content\/uploads\/2012\/09\/Imagen0051-300x240.jpg 300w, https:\/\/www.carlosyconchita.net\/rutas\/wp-content\/uploads\/2012\/09\/Imagen0051-563x450.jpg 563w, https:\/\/www.carlosyconchita.net\/rutas\/wp-content\/uploads\/2012\/09\/Imagen0051-250x200.jpg 250w, https:\/\/www.carlosyconchita.net\/rutas\/wp-content\/uploads\/2012\/09\/Imagen0051-768x614.jpg 768w, https:\/\/www.carlosyconchita.net\/rutas\/wp-content\/uploads\/2012\/09\/Imagen0051-1024x819.jpg 1024w, https:\/\/www.carlosyconchita.net\/rutas\/wp-content\/uploads\/2012\/09\/Imagen0051.jpg 1280w\" sizes=\"auto, (max-width: 300px) 100vw, 300px\" \/><\/a><\/p>\n<p>&nbsp;<\/p>\n<p>Las vistas desde alli son magnificas, y a pesar de la sequia podemos ver varios lagos e imaginar como serian en epoca mas lluviosa\u2026<\/p>\n<p><a href=\"http:\/\/www.carlosyconchita.net\/rutas\/wp-content\/uploads\/2012\/09\/Imagen0052.jpg\"><img loading=\"lazy\" decoding=\"async\" class=\"alignright size-medium wp-image-481\" title=\"Imagen0052\" src=\"http:\/\/www.carlosyconchita.net\/rutas\/wp-content\/uploads\/2012\/09\/Imagen0052-300x222.jpg\" alt=\"\" width=\"300\" height=\"222\" srcset=\"https:\/\/www.carlosyconchita.net\/rutas\/wp-content\/uploads\/2012\/09\/Imagen0052-300x222.jpg 300w, https:\/\/www.carlosyconchita.net\/rutas\/wp-content\/uploads\/2012\/09\/Imagen0052.jpg 560w\" sizes=\"auto, (max-width: 300px) 100vw, 300px\" \/><\/a><\/p>\n<p>&nbsp;<\/p>\n<p style=\"text-align: justify;\">Seguiremos el GR-7 en direccion al Coll de Egue, por un camino algo complicado a veces, debido a su estrechez y al paso por encima de grandes zonas de piedras caidas desde arriba de las monta\u00f1as , que recuerdan un \u201calud de piedras\u201d (tarteras) , pero al igual que antes, las vistas desde alli son realmente fantasticas.<\/p>\n<p>&nbsp;<\/p>\n<p>Llegaremos despu\u00e9s al Coll de Egue, y alli dejaremos el GR-7 y nos desviaremos a nuestra derecha, para bajar hacia el Lago del Estagnet, que alcanzaremos despu\u00e9s de una fuerte bajada siguiendo el torrente del mismo nombre, que nos acabar\u00e1 de arreglar las rodillas.<\/p>\n<p><a href=\"http:\/\/www.carlosyconchita.net\/rutas\/wp-content\/uploads\/2012\/09\/Imagen0054.jpg\"><img loading=\"lazy\" decoding=\"async\" class=\"size-medium wp-image-484 alignleft\" title=\"Imagen0054\" src=\"http:\/\/www.carlosyconchita.net\/rutas\/wp-content\/uploads\/2012\/09\/Imagen0054-300x225.jpg\" alt=\"\" width=\"300\" height=\"225\" srcset=\"https:\/\/www.carlosyconchita.net\/rutas\/wp-content\/uploads\/2012\/09\/Imagen0054-300x225.jpg 300w, https:\/\/www.carlosyconchita.net\/rutas\/wp-content\/uploads\/2012\/09\/Imagen0054-600x450.jpg 600w, https:\/\/www.carlosyconchita.net\/rutas\/wp-content\/uploads\/2012\/09\/Imagen0054-768x576.jpg 768w, https:\/\/www.carlosyconchita.net\/rutas\/wp-content\/uploads\/2012\/09\/Imagen0054.jpg 800w\" sizes=\"auto, (max-width: 300px) 100vw, 300px\" \/><\/a><\/p>\n<p>&nbsp;<\/p>\n<p>&nbsp;<\/p>\n<p>&nbsp;<\/p>\n<p>&nbsp;<\/p>\n<p>&nbsp;<\/p>\n<p>Bordearemos el lago por la izquierda<a href=\"http:\/\/www.carlosyconchita.net\/rutas\/wp-content\/uploads\/2012\/09\/Imagen0056.jpg\"><img loading=\"lazy\" decoding=\"async\" class=\"alignright size-medium wp-image-485\" title=\"Imagen0056\" src=\"http:\/\/www.carlosyconchita.net\/rutas\/wp-content\/uploads\/2012\/09\/Imagen0056-300x223.jpg\" alt=\"\" width=\"300\" height=\"223\" srcset=\"https:\/\/www.carlosyconchita.net\/rutas\/wp-content\/uploads\/2012\/09\/Imagen0056-300x223.jpg 300w, https:\/\/www.carlosyconchita.net\/rutas\/wp-content\/uploads\/2012\/09\/Imagen0056-600x447.jpg 600w, https:\/\/www.carlosyconchita.net\/rutas\/wp-content\/uploads\/2012\/09\/Imagen0056.jpg 752w\" sizes=\"auto, (max-width: 300px) 100vw, 300px\" \/><\/a><\/p>\n<p>&nbsp;<\/p>\n<p>&nbsp;<\/p>\n<p>&nbsp;<\/p>\n<p>&nbsp;<\/p>\n<p>&nbsp;<\/p>\n<p>de nuevo tendremos una fuerte bajada para acabar de cansarnos , que nos llevar\u00e1 a una amplia y verde zona plana , en la que enlazaremos al final con el camino de vuelta del lago de Rabassoles (ver nuestra excursi\u00f3n a este lago) , y que siguiendolo hacia nuestra derecha, nos llevar\u00e1 al punto de partida.<\/p>\n<p><a href=\"http:\/\/www.carlosyconchita.net\/rutas\/wp-content\/uploads\/2012\/09\/Imagen0063.jpg\"><img loading=\"lazy\" decoding=\"async\" class=\"alignright size-large wp-image-486\" title=\"Imagen0063\" src=\"http:\/\/www.carlosyconchita.net\/rutas\/wp-content\/uploads\/2012\/09\/Imagen0063-1024x819.jpg\" alt=\"\" width=\"640\" height=\"511\" srcset=\"https:\/\/www.carlosyconchita.net\/rutas\/wp-content\/uploads\/2012\/09\/Imagen0063-1024x819.jpg 1024w, https:\/\/www.carlosyconchita.net\/rutas\/wp-content\/uploads\/2012\/09\/Imagen0063-300x240.jpg 300w, https:\/\/www.carlosyconchita.net\/rutas\/wp-content\/uploads\/2012\/09\/Imagen0063-563x450.jpg 563w, https:\/\/www.carlosyconchita.net\/rutas\/wp-content\/uploads\/2012\/09\/Imagen0063-250x200.jpg 250w, https:\/\/www.carlosyconchita.net\/rutas\/wp-content\/uploads\/2012\/09\/Imagen0063-768x614.jpg 768w, https:\/\/www.carlosyconchita.net\/rutas\/wp-content\/uploads\/2012\/09\/Imagen0063.jpg 1280w\" sizes=\"auto, (max-width: 640px) 100vw, 640px\" \/><\/a><\/p>\n<p><a href=\"http:\/\/es.wikiloc.com\/wikiloc\/view.do?id=3392709\" target=\"_blank\">Enlace a la ruta en Wikiloc <\/a><\/p>\n<p><a href=\"https:\/\/plus.google.com\/u\/0\/photos\/107644747431220159618\/albums\/5791739373456523857\" target=\"_blank\">Enlace al albun de fotos completo<\/a><\/p>\n<p>[wpdm_file id=3 ]<\/p>\n<p>[wpdm_file id=4 ]<\/p>\n<p>&nbsp;<\/p>\n","protected":false},"excerpt":{"rendered":"<p>Dificultad :\u00a0 Dificil\u00a0\u00a0\u00a0\u00a0\u00a0\u00a0\u00a0\u00a0\u00a0\u00a0\u00a0\u00a0\u00a0\u00a0\u00a0\u00a0\u00a0\u00a0\u00a0\u00a0\u00a0\u00a0\u00a0\u00a0\u00a0\u00a0\u00a0 Total : 11&#8217;840 km. \u00a0\u00a0\u00a0\u00a0\u00a0\u00a0\u00a0 \u00a0Desnivel : 805 m. \u00a0\u00a0\u00a0\u00a0\u00a0\u00a0\u00a0\u00a0\u00a0\u00a0\u00a0\u00a0\u00a0\u00a0\u00a0\u00a0\u00a0\u00a0\u00a0\u00a0\u00a0\u00a0\u00a0\u00a0\u00a0\u00a0\u00a0\u00a0 Alturas :\u00a0 1.594\/ 2.166 Para llegar con el coche al punto de partida, ver la ruta \u00abParking de la Restanque-Acceso coche\u00bb Fantastica ruta que partiendo del parking de La Restanque , nos llevar\u00e1 primero al lago de la Ballbone y despu\u00e9s, subiendo [&hellip;]<\/p>\n","protected":false},"author":50,"featured_media":431,"comment_status":"open","ping_status":"open","sticky":false,"template":"","format":"gallery","meta":{"footnotes":""},"categories":[23,12,45],"tags":[],"class_list":{"0":"post-417","1":"post","2":"type-post","3":"status-publish","4":"format-gallery","5":"has-post-thumbnail","6":"hentry","7":"category-de-10-a-15-km","8":"category-dificil","9":"category-ariege","10":"post_format-post-format-gallery","12":"post-with-thumbnail","13":"post-with-thumbnail-icon"},"yoast_head":"<!-- This site is optimized with the Yoast SEO plugin v27.4 - https:\/\/yoast.com\/product\/yoast-seo-wordpress\/ -->\n<title>22-09-2012 - Lagos de Ballbone y L&#039;Estagnet -<\/title>\n<meta name=\"robots\" content=\"index, follow, max-snippet:-1, max-image-preview:large, max-video-preview:-1\" \/>\n<link rel=\"canonical\" href=\"https:\/\/www.carlosyconchita.net\/rutas\/22-09-2012-lagos-de-ballbone-y-lestagnet\/\" \/>\n<meta property=\"og:locale\" content=\"es_ES\" \/>\n<meta property=\"og:type\" content=\"article\" \/>\n<meta property=\"og:title\" content=\"22-09-2012 - Lagos de Ballbone y L&#039;Estagnet -\" \/>\n<meta property=\"og:description\" content=\"Dificultad :\u00a0 Dificil\u00a0\u00a0\u00a0\u00a0\u00a0\u00a0\u00a0\u00a0\u00a0\u00a0\u00a0\u00a0\u00a0\u00a0\u00a0\u00a0\u00a0\u00a0\u00a0\u00a0\u00a0\u00a0\u00a0\u00a0\u00a0\u00a0\u00a0 Total : 11&#8217;840 km. \u00a0\u00a0\u00a0\u00a0\u00a0\u00a0\u00a0 \u00a0Desnivel : 805 m. \u00a0\u00a0\u00a0\u00a0\u00a0\u00a0\u00a0\u00a0\u00a0\u00a0\u00a0\u00a0\u00a0\u00a0\u00a0\u00a0\u00a0\u00a0\u00a0\u00a0\u00a0\u00a0\u00a0\u00a0\u00a0\u00a0\u00a0\u00a0 Alturas :\u00a0 1.594\/ 2.166 Para llegar con el coche al punto de partida, ver la ruta \u00abParking de la Restanque-Acceso coche\u00bb Fantastica ruta que partiendo del parking de La Restanque , nos llevar\u00e1 primero al lago de la Ballbone y despu\u00e9s, subiendo [&hellip;]\" \/>\n<meta property=\"og:url\" content=\"https:\/\/www.carlosyconchita.net\/rutas\/22-09-2012-lagos-de-ballbone-y-lestagnet\/\" \/>\n<meta property=\"og:site_name\" content=\"Las rutas de Carlos y Conchita\" \/>\n<meta property=\"article:published_time\" content=\"2012-09-22T14:34:08+00:00\" \/>\n<meta property=\"article:modified_time\" content=\"2014-05-29T19:40:06+00:00\" \/>\n<meta property=\"og:image\" content=\"https:\/\/www.carlosyconchita.net\/rutas\/wp-content\/uploads\/2012\/09\/DSC05418.jpg\" \/>\n\t<meta property=\"og:image:width\" content=\"533\" \/>\n\t<meta property=\"og:image:height\" content=\"400\" \/>\n\t<meta property=\"og:image:type\" content=\"image\/jpeg\" \/>\n<meta name=\"author\" content=\"Carlos Conchita\" \/>\n<meta name=\"twitter:label1\" content=\"Escrito por\" \/>\n\t<meta name=\"twitter:data1\" content=\"Carlos Conchita\" \/>\n\t<meta name=\"twitter:label2\" content=\"Tiempo de lectura\" \/>\n\t<meta name=\"twitter:data2\" content=\"4 minutos\" \/>\n<script type=\"application\/ld+json\" class=\"yoast-schema-graph\">{\"@context\":\"https:\\\/\\\/schema.org\",\"@graph\":[{\"@type\":\"Article\",\"@id\":\"https:\\\/\\\/www.carlosyconchita.net\\\/rutas\\\/22-09-2012-lagos-de-ballbone-y-lestagnet\\\/#article\",\"isPartOf\":{\"@id\":\"https:\\\/\\\/www.carlosyconchita.net\\\/rutas\\\/22-09-2012-lagos-de-ballbone-y-lestagnet\\\/\"},\"author\":{\"name\":\"Carlos Conchita\",\"@id\":\"https:\\\/\\\/www.carlosyconchita.net\\\/rutas\\\/#\\\/schema\\\/person\\\/a9691f7258c28443fab2d3aa1479ea19\"},\"headline\":\"22-09-2012 &#8211; Lagos de Ballbone y L&#8217;Estagnet\",\"datePublished\":\"2012-09-22T14:34:08+00:00\",\"dateModified\":\"2014-05-29T19:40:06+00:00\",\"mainEntityOfPage\":{\"@id\":\"https:\\\/\\\/www.carlosyconchita.net\\\/rutas\\\/22-09-2012-lagos-de-ballbone-y-lestagnet\\\/\"},\"wordCount\":761,\"commentCount\":1,\"image\":{\"@id\":\"https:\\\/\\\/www.carlosyconchita.net\\\/rutas\\\/22-09-2012-lagos-de-ballbone-y-lestagnet\\\/#primaryimage\"},\"thumbnailUrl\":\"https:\\\/\\\/www.carlosyconchita.net\\\/rutas\\\/wp-content\\\/uploads\\\/2012\\\/09\\\/DSC05418.jpg\",\"articleSection\":[\"3 - De 10 a 15 km.\",\"3-Dif\u00edcil\",\"Ari\u00e8ge\"],\"inLanguage\":\"es\",\"potentialAction\":[{\"@type\":\"CommentAction\",\"name\":\"Comment\",\"target\":[\"https:\\\/\\\/www.carlosyconchita.net\\\/rutas\\\/22-09-2012-lagos-de-ballbone-y-lestagnet\\\/#respond\"]}]},{\"@type\":\"WebPage\",\"@id\":\"https:\\\/\\\/www.carlosyconchita.net\\\/rutas\\\/22-09-2012-lagos-de-ballbone-y-lestagnet\\\/\",\"url\":\"https:\\\/\\\/www.carlosyconchita.net\\\/rutas\\\/22-09-2012-lagos-de-ballbone-y-lestagnet\\\/\",\"name\":\"22-09-2012 - Lagos de Ballbone y L'Estagnet -\",\"isPartOf\":{\"@id\":\"https:\\\/\\\/www.carlosyconchita.net\\\/rutas\\\/#website\"},\"primaryImageOfPage\":{\"@id\":\"https:\\\/\\\/www.carlosyconchita.net\\\/rutas\\\/22-09-2012-lagos-de-ballbone-y-lestagnet\\\/#primaryimage\"},\"image\":{\"@id\":\"https:\\\/\\\/www.carlosyconchita.net\\\/rutas\\\/22-09-2012-lagos-de-ballbone-y-lestagnet\\\/#primaryimage\"},\"thumbnailUrl\":\"https:\\\/\\\/www.carlosyconchita.net\\\/rutas\\\/wp-content\\\/uploads\\\/2012\\\/09\\\/DSC05418.jpg\",\"datePublished\":\"2012-09-22T14:34:08+00:00\",\"dateModified\":\"2014-05-29T19:40:06+00:00\",\"author\":{\"@id\":\"https:\\\/\\\/www.carlosyconchita.net\\\/rutas\\\/#\\\/schema\\\/person\\\/a9691f7258c28443fab2d3aa1479ea19\"},\"breadcrumb\":{\"@id\":\"https:\\\/\\\/www.carlosyconchita.net\\\/rutas\\\/22-09-2012-lagos-de-ballbone-y-lestagnet\\\/#breadcrumb\"},\"inLanguage\":\"es\",\"potentialAction\":[{\"@type\":\"ReadAction\",\"target\":[\"https:\\\/\\\/www.carlosyconchita.net\\\/rutas\\\/22-09-2012-lagos-de-ballbone-y-lestagnet\\\/\"]}]},{\"@type\":\"ImageObject\",\"inLanguage\":\"es\",\"@id\":\"https:\\\/\\\/www.carlosyconchita.net\\\/rutas\\\/22-09-2012-lagos-de-ballbone-y-lestagnet\\\/#primaryimage\",\"url\":\"https:\\\/\\\/www.carlosyconchita.net\\\/rutas\\\/wp-content\\\/uploads\\\/2012\\\/09\\\/DSC05418.jpg\",\"contentUrl\":\"https:\\\/\\\/www.carlosyconchita.net\\\/rutas\\\/wp-content\\\/uploads\\\/2012\\\/09\\\/DSC05418.jpg\",\"width\":533,\"height\":400},{\"@type\":\"BreadcrumbList\",\"@id\":\"https:\\\/\\\/www.carlosyconchita.net\\\/rutas\\\/22-09-2012-lagos-de-ballbone-y-lestagnet\\\/#breadcrumb\",\"itemListElement\":[{\"@type\":\"ListItem\",\"position\":1,\"name\":\"Portada\",\"item\":\"https:\\\/\\\/www.carlosyconchita.net\\\/rutas\\\/\"},{\"@type\":\"ListItem\",\"position\":2,\"name\":\"22-09-2012 &#8211; Lagos de Ballbone y L&#8217;Estagnet\"}]},{\"@type\":\"WebSite\",\"@id\":\"https:\\\/\\\/www.carlosyconchita.net\\\/rutas\\\/#website\",\"url\":\"https:\\\/\\\/www.carlosyconchita.net\\\/rutas\\\/\",\"name\":\"Las rutas de Carlos y Conchita\",\"description\":\"\",\"potentialAction\":[{\"@type\":\"SearchAction\",\"target\":{\"@type\":\"EntryPoint\",\"urlTemplate\":\"https:\\\/\\\/www.carlosyconchita.net\\\/rutas\\\/?s={search_term_string}\"},\"query-input\":{\"@type\":\"PropertyValueSpecification\",\"valueRequired\":true,\"valueName\":\"search_term_string\"}}],\"inLanguage\":\"es\"},{\"@type\":\"Person\",\"@id\":\"https:\\\/\\\/www.carlosyconchita.net\\\/rutas\\\/#\\\/schema\\\/person\\\/a9691f7258c28443fab2d3aa1479ea19\",\"name\":\"Carlos Conchita\",\"image\":{\"@type\":\"ImageObject\",\"inLanguage\":\"es\",\"@id\":\"https:\\\/\\\/secure.gravatar.com\\\/avatar\\\/3a4625b20c8da3de99da69bfe7a322774e291c3f90dce7e8778a30fe6748ed1a?s=96&d=mm&r=g\",\"url\":\"https:\\\/\\\/secure.gravatar.com\\\/avatar\\\/3a4625b20c8da3de99da69bfe7a322774e291c3f90dce7e8778a30fe6748ed1a?s=96&d=mm&r=g\",\"contentUrl\":\"https:\\\/\\\/secure.gravatar.com\\\/avatar\\\/3a4625b20c8da3de99da69bfe7a322774e291c3f90dce7e8778a30fe6748ed1a?s=96&d=mm&r=g\",\"caption\":\"Carlos Conchita\"}}]}<\/script>\n<!-- \/ Yoast SEO plugin. -->","yoast_head_json":{"title":"22-09-2012 - Lagos de Ballbone y L'Estagnet -","robots":{"index":"index","follow":"follow","max-snippet":"max-snippet:-1","max-image-preview":"max-image-preview:large","max-video-preview":"max-video-preview:-1"},"canonical":"https:\/\/www.carlosyconchita.net\/rutas\/22-09-2012-lagos-de-ballbone-y-lestagnet\/","og_locale":"es_ES","og_type":"article","og_title":"22-09-2012 - Lagos de Ballbone y L'Estagnet -","og_description":"Dificultad :\u00a0 Dificil\u00a0\u00a0\u00a0\u00a0\u00a0\u00a0\u00a0\u00a0\u00a0\u00a0\u00a0\u00a0\u00a0\u00a0\u00a0\u00a0\u00a0\u00a0\u00a0\u00a0\u00a0\u00a0\u00a0\u00a0\u00a0\u00a0\u00a0 Total : 11&#8217;840 km. \u00a0\u00a0\u00a0\u00a0\u00a0\u00a0\u00a0 \u00a0Desnivel : 805 m. \u00a0\u00a0\u00a0\u00a0\u00a0\u00a0\u00a0\u00a0\u00a0\u00a0\u00a0\u00a0\u00a0\u00a0\u00a0\u00a0\u00a0\u00a0\u00a0\u00a0\u00a0\u00a0\u00a0\u00a0\u00a0\u00a0\u00a0\u00a0 Alturas :\u00a0 1.594\/ 2.166 Para llegar con el coche al punto de partida, ver la ruta \u00abParking de la Restanque-Acceso coche\u00bb Fantastica ruta que partiendo del parking de La Restanque , nos llevar\u00e1 primero al lago de la Ballbone y despu\u00e9s, subiendo [&hellip;]","og_url":"https:\/\/www.carlosyconchita.net\/rutas\/22-09-2012-lagos-de-ballbone-y-lestagnet\/","og_site_name":"Las rutas de Carlos y Conchita","article_published_time":"2012-09-22T14:34:08+00:00","article_modified_time":"2014-05-29T19:40:06+00:00","og_image":[{"width":533,"height":400,"url":"https:\/\/www.carlosyconchita.net\/rutas\/wp-content\/uploads\/2012\/09\/DSC05418.jpg","type":"image\/jpeg"}],"author":"Carlos Conchita","twitter_misc":{"Escrito por":"Carlos Conchita","Tiempo de lectura":"4 minutos"},"schema":{"@context":"https:\/\/schema.org","@graph":[{"@type":"Article","@id":"https:\/\/www.carlosyconchita.net\/rutas\/22-09-2012-lagos-de-ballbone-y-lestagnet\/#article","isPartOf":{"@id":"https:\/\/www.carlosyconchita.net\/rutas\/22-09-2012-lagos-de-ballbone-y-lestagnet\/"},"author":{"name":"Carlos Conchita","@id":"https:\/\/www.carlosyconchita.net\/rutas\/#\/schema\/person\/a9691f7258c28443fab2d3aa1479ea19"},"headline":"22-09-2012 &#8211; Lagos de Ballbone y L&#8217;Estagnet","datePublished":"2012-09-22T14:34:08+00:00","dateModified":"2014-05-29T19:40:06+00:00","mainEntityOfPage":{"@id":"https:\/\/www.carlosyconchita.net\/rutas\/22-09-2012-lagos-de-ballbone-y-lestagnet\/"},"wordCount":761,"commentCount":1,"image":{"@id":"https:\/\/www.carlosyconchita.net\/rutas\/22-09-2012-lagos-de-ballbone-y-lestagnet\/#primaryimage"},"thumbnailUrl":"https:\/\/www.carlosyconchita.net\/rutas\/wp-content\/uploads\/2012\/09\/DSC05418.jpg","articleSection":["3 - De 10 a 15 km.","3-Dif\u00edcil","Ari\u00e8ge"],"inLanguage":"es","potentialAction":[{"@type":"CommentAction","name":"Comment","target":["https:\/\/www.carlosyconchita.net\/rutas\/22-09-2012-lagos-de-ballbone-y-lestagnet\/#respond"]}]},{"@type":"WebPage","@id":"https:\/\/www.carlosyconchita.net\/rutas\/22-09-2012-lagos-de-ballbone-y-lestagnet\/","url":"https:\/\/www.carlosyconchita.net\/rutas\/22-09-2012-lagos-de-ballbone-y-lestagnet\/","name":"22-09-2012 - Lagos de Ballbone y L'Estagnet -","isPartOf":{"@id":"https:\/\/www.carlosyconchita.net\/rutas\/#website"},"primaryImageOfPage":{"@id":"https:\/\/www.carlosyconchita.net\/rutas\/22-09-2012-lagos-de-ballbone-y-lestagnet\/#primaryimage"},"image":{"@id":"https:\/\/www.carlosyconchita.net\/rutas\/22-09-2012-lagos-de-ballbone-y-lestagnet\/#primaryimage"},"thumbnailUrl":"https:\/\/www.carlosyconchita.net\/rutas\/wp-content\/uploads\/2012\/09\/DSC05418.jpg","datePublished":"2012-09-22T14:34:08+00:00","dateModified":"2014-05-29T19:40:06+00:00","author":{"@id":"https:\/\/www.carlosyconchita.net\/rutas\/#\/schema\/person\/a9691f7258c28443fab2d3aa1479ea19"},"breadcrumb":{"@id":"https:\/\/www.carlosyconchita.net\/rutas\/22-09-2012-lagos-de-ballbone-y-lestagnet\/#breadcrumb"},"inLanguage":"es","potentialAction":[{"@type":"ReadAction","target":["https:\/\/www.carlosyconchita.net\/rutas\/22-09-2012-lagos-de-ballbone-y-lestagnet\/"]}]},{"@type":"ImageObject","inLanguage":"es","@id":"https:\/\/www.carlosyconchita.net\/rutas\/22-09-2012-lagos-de-ballbone-y-lestagnet\/#primaryimage","url":"https:\/\/www.carlosyconchita.net\/rutas\/wp-content\/uploads\/2012\/09\/DSC05418.jpg","contentUrl":"https:\/\/www.carlosyconchita.net\/rutas\/wp-content\/uploads\/2012\/09\/DSC05418.jpg","width":533,"height":400},{"@type":"BreadcrumbList","@id":"https:\/\/www.carlosyconchita.net\/rutas\/22-09-2012-lagos-de-ballbone-y-lestagnet\/#breadcrumb","itemListElement":[{"@type":"ListItem","position":1,"name":"Portada","item":"https:\/\/www.carlosyconchita.net\/rutas\/"},{"@type":"ListItem","position":2,"name":"22-09-2012 &#8211; Lagos de Ballbone y L&#8217;Estagnet"}]},{"@type":"WebSite","@id":"https:\/\/www.carlosyconchita.net\/rutas\/#website","url":"https:\/\/www.carlosyconchita.net\/rutas\/","name":"Las rutas de Carlos y Conchita","description":"","potentialAction":[{"@type":"SearchAction","target":{"@type":"EntryPoint","urlTemplate":"https:\/\/www.carlosyconchita.net\/rutas\/?s={search_term_string}"},"query-input":{"@type":"PropertyValueSpecification","valueRequired":true,"valueName":"search_term_string"}}],"inLanguage":"es"},{"@type":"Person","@id":"https:\/\/www.carlosyconchita.net\/rutas\/#\/schema\/person\/a9691f7258c28443fab2d3aa1479ea19","name":"Carlos Conchita","image":{"@type":"ImageObject","inLanguage":"es","@id":"https:\/\/secure.gravatar.com\/avatar\/3a4625b20c8da3de99da69bfe7a322774e291c3f90dce7e8778a30fe6748ed1a?s=96&d=mm&r=g","url":"https:\/\/secure.gravatar.com\/avatar\/3a4625b20c8da3de99da69bfe7a322774e291c3f90dce7e8778a30fe6748ed1a?s=96&d=mm&r=g","contentUrl":"https:\/\/secure.gravatar.com\/avatar\/3a4625b20c8da3de99da69bfe7a322774e291c3f90dce7e8778a30fe6748ed1a?s=96&d=mm&r=g","caption":"Carlos Conchita"}}]}},"_links":{"self":[{"href":"https:\/\/www.carlosyconchita.net\/rutas\/wp-json\/wp\/v2\/posts\/417","targetHints":{"allow":["GET"]}}],"collection":[{"href":"https:\/\/www.carlosyconchita.net\/rutas\/wp-json\/wp\/v2\/posts"}],"about":[{"href":"https:\/\/www.carlosyconchita.net\/rutas\/wp-json\/wp\/v2\/types\/post"}],"author":[{"embeddable":true,"href":"https:\/\/www.carlosyconchita.net\/rutas\/wp-json\/wp\/v2\/users\/50"}],"replies":[{"embeddable":true,"href":"https:\/\/www.carlosyconchita.net\/rutas\/wp-json\/wp\/v2\/comments?post=417"}],"version-history":[{"count":0,"href":"https:\/\/www.carlosyconchita.net\/rutas\/wp-json\/wp\/v2\/posts\/417\/revisions"}],"wp:featuredmedia":[{"embeddable":true,"href":"https:\/\/www.carlosyconchita.net\/rutas\/wp-json\/wp\/v2\/media\/431"}],"wp:attachment":[{"href":"https:\/\/www.carlosyconchita.net\/rutas\/wp-json\/wp\/v2\/media?parent=417"}],"wp:term":[{"taxonomy":"category","embeddable":true,"href":"https:\/\/www.carlosyconchita.net\/rutas\/wp-json\/wp\/v2\/categories?post=417"},{"taxonomy":"post_tag","embeddable":true,"href":"https:\/\/www.carlosyconchita.net\/rutas\/wp-json\/wp\/v2\/tags?post=417"}],"curies":[{"name":"wp","href":"https:\/\/api.w.org\/{rel}","templated":true}]}}