{"id":4185,"date":"2014-03-23T21:53:58","date_gmt":"2014-03-23T20:53:58","guid":{"rendered":"http:\/\/www.carlosyconchita.net\/rutas\/?p=4185"},"modified":"2015-09-27T15:10:05","modified_gmt":"2015-09-27T14:10:05","slug":"23-03-2014-la-cabanasse-siguiendo-el-tren-jaune","status":"publish","type":"post","link":"https:\/\/www.carlosyconchita.net\/rutas\/23-03-2014-la-cabanasse-siguiendo-el-tren-jaune\/","title":{"rendered":"23-03-2014 &#8211; La Cabanasse: siguiendo el Tren Jaune"},"content":{"rendered":"<table border=\"0\">\n<tbody>\n<tr>\n<td><strong>Dificultad :\u00a0 F\u00e1cil\u00a0\u00a0\u00a0\u00a0\u00a0\u00a0\u00a0\u00a0\u00a0\u00a0\u00a0\u00a0\u00a0\u00a0\u00a0\u00a0\u00a0\u00a0\u00a0\u00a0\u00a0\u00a0\u00a0\u00a0\u00a0\u00a0\u00a0\u00a0\u00a0\u00a0\u00a0\u00a0\u00a0\u00a0\u00a0\u00a0\u00a0\u00a0\u00a0\u00a0\u00a0\u00a0\u00a0\u00a0\u00a0\u00a0\u00a0\u00a0\u00a0 <strong>Recorrido : 8&#8217;180 km.<\/strong><\/strong><\/td>\n<\/tr>\n<tr>\n<td><strong>\u00a0Desnivel :\u00a0 475 m. \u00a0 \u00a0 \u00a0 \u00a0 \u00a0 \u00a0 \u00a0 \u00a0 \u00a0 \u00a0 \u00a0 \u00a0 \u00a0 \u00a0 \u00a0 \u00a0 \u00a0 \u00a0 \u00a0 \u00a0 \u00a0 \u00a0 \u00a0\u00a0 <strong>Alturas :\u00a0 1.308 \/ 1.523 m. <\/strong><\/strong><\/td>\n<\/tr>\n<tr>\n<td><strong> Tiempo total :\u00a0 3h . 49m.\u00a0\u00a0\u00a0\u00a0\u00a0\u00a0\u00a0\u00a0\u00a0\u00a0\u00a0\u00a0\u00a0\u00a0\u00a0\u00a0\u00a0\u00a0\u00a0\u00a0\u00a0\u00a0\u00a0\u00a0\u00a0\u00a0\u00a0\u00a0\u00a0\u00a0\u00a0\u00a0\u00a0\u00a0\u00a0\u00a0\u00a0 Velocidad media<strong> :\u00a0 1&#8217;6 km.\/hora<\/strong> <\/strong><\/td>\n<\/tr>\n<tr>\n<td><strong>Tiempo movimiento :\u00a0 1h. 55 m.\u00a0\u00a0\u00a0\u00a0\u00a0\u00a0\u00a0\u00a0\u00a0\u00a0\u00a0\u00a0\u00a0\u00a0\u00a0\u00a0\u00a0\u00a0\u00a0\u00a0\u00a0\u00a0\u00a0\u00a0 Velocidad media\u00a0<strong><strong> :\u00a0 3&#8217;1 km.\/hora<\/strong><\/strong> <\/strong><\/td>\n<\/tr>\n<\/tbody>\n<\/table>\n<p style=\"text-align: justify;\">Para empezar esta excursi\u00f3n, nos dirigiremos a la estaci\u00f3n del tren Jaune de La Cabanasse que hay en este pueblo, y que no debemos confundir, como hicimos nosotros, con la que hay en La Cabanasse-Coll de la Perche.<\/p>\n<p style=\"text-align: justify;\">[shashin type=\u00bbphoto\u00bb id=\u00bb5595,5596&#8243; size=\u00bblarge\u00bb columns=\u00bbmax\u00bb order=\u00bbuser\u00bb caption=\u00bby\u00bb position=\u00bbcenter\u00bb]<\/p>\n<p style=\"text-align: justify;\">Saliendo de la estaci\u00f3n, donde podremos dejar el coche, veremos ya varios indicadores de nuestra ruta , que est\u00e1 se\u00f1alada con el num. 4, y que b\u00e1sicamente nos servir\u00e1 de guia.<\/p>\n<p style=\"text-align: justify;\">Siguiendo las se\u00f1ales, saldremos del pueblo por la Av. Gisclard hacia la izquierda y por un peque\u00f1o puente a nuestra derecha cruzaremos un peque\u00f1o riachuelo, siguiendo despues un camino que va subiendo hasta que llegamos a una zona de prados mucho mas abierta y que debido a la nevada de la noche anterior, est\u00e1 completamente blanca.<\/p>\n<p style=\"text-align: justify;\">[shashin type=\u00bbphoto\u00bb id=\u00bb5600,5604,5606&#8243; size=\u00bblarge\u00bb columns=\u00bbmax\u00bb order=\u00bbuser\u00bb caption=\u00bby\u00bb position=\u00bbcenter\u00bb]<\/p>\n<p style=\"text-align: justify;\">Poco despu\u00e9s veremos un se\u00f1al que nos indica que debemos desviarnos a la izquierda para llegar a una fuente o manantial ferruginoso, y m\u00e1s adelante, una vieja mini-central electrica.<\/p>\n<p style=\"text-align: justify;\">[shashin type=\u00bbphoto\u00bb id=\u00bb5611,5610&#8243; size=\u00bblarge\u00bb columns=\u00bbmax\u00bb order=\u00bbuser\u00bb caption=\u00bby\u00bb position=\u00bbcenter\u00bb]<\/p>\n<p style=\"text-align: justify;\">A partir de ese punto, el camino pasa por dentro del bosque, y en muchos tramos queda completamente cerrado y tapado por los arboles.<\/p>\n<p style=\"text-align: justify;\">[shashin type=\u00bbphoto\u00bb id=\u00bb5616,5613&#8243; size=\u00bblarge\u00bb columns=\u00bbmax\u00bb order=\u00bbuser\u00bb caption=\u00bby\u00bb position=\u00bbcenter\u00bb]<\/p>\n<p style=\"text-align: justify;\">Cuando el camino se despeja un poco, entre los arboles , podremos ver ya al otro lado de la monta\u00f1a la via del tren Jaune, hasta que llegaremos a la base de uno de los puentes por el que pasa.<\/p>\n<p style=\"text-align: justify;\">[shashin type=\u00bbphoto\u00bb id=\u00bb5617,5623,5624&#8243; size=\u00bblarge\u00bb columns=\u00bbmax\u00bb order=\u00bbuser\u00bb caption=\u00bby\u00bb position=\u00bbcenter\u00bb]<\/p>\n<p style=\"text-align: justify;\">Cruzando por debajo del puente, seguimos el camino, y en algun tramo, dependiendo de la orientacion de la ladera, no queda ni rastro de nieve.<\/p>\n<p style=\"text-align: justify;\">[shashin type=\u00bbphoto\u00bb id=\u00bb5629&#8243; size=\u00bblarge\u00bb columns=\u00bbmax\u00bb order=\u00bbuser\u00bb caption=\u00bby\u00bb position=\u00bbcenter\u00bb]<\/p>\n<p style=\"text-align: justify;\">El camino va bajando progresivamente, hasta llegar a un\u00a0 peque\u00f1o riachuelo, el Rec del Mol\u00ed, que no deberiamos haber cruzado si hubieramos seguido las indicaciones de nuestra guia, que nos indicaba seguir el camino que gira bruscamente a la izquierda.<\/p>\n<p style=\"text-align: justify;\">Nosotros nos equivocamos, y por no mirar a menudo la guia, cruzamos el rio y seguimos adelante, hasta que llegamos a una zona por la que habiamos pasado en otra ruta ,\u00a0 que fu\u00e9 cuando nos dimos cuenta de que nos habiamos pasado de largo, y por lo tanto, dimos media vuelta.<\/p>\n<p style=\"text-align: justify;\">El problema hasta que nos convencimos de nuestro error, despues de varias idas y venidas en el ultimo tramo (ver el track) ,\u00a0 fu\u00e9 que tanto en el punto donde estabamos, como en el punto en que debiamos haber girado, habia 2 riachuelos que se unian, y ademas habia un amplio camino que podia ser la antigua via romana que nos se\u00f1alaba la guia.<\/p>\n<p style=\"text-align: justify;\">De todas formas, como la intencion era caminar y ver los paisajes, el hecho de haber o no seguido literalmente la ruta de nuestra guia no tiene la menor importancia.<\/p>\n<p style=\"text-align: justify;\">Estas fotos corresponden a la zona \u00abequivocada\u00bb.<\/p>\n<p style=\"text-align: justify;\">[shashin type=\u00bbphoto\u00bb id=\u00bb5627,5628&#8243; size=\u00bblarge\u00bb columns=\u00bbmax\u00bb order=\u00bbuser\u00bb caption=\u00bby\u00bb position=\u00bbcenter\u00bb]<\/p>\n<p style=\"text-align: justify;\">Volvimos atr\u00e1s hasta llegar de nuevo al punto en que teniamos que haber girado\u00a0 a la izquierda, (ver punto se\u00f1alado en el track)\u00a0 , por lo cual hicimos unos 2.8 Km. de m\u00e1s, y llegamos a los restos de una antigua mini-central electrica :<\/p>\n<p style=\"text-align: justify;\">[shashin type=\u00bbphoto\u00bb id=\u00bb5634,5644,5640,5646&#8243; size=\u00bblarge\u00bb columns=\u00bbmax\u00bb order=\u00bbuser\u00bb caption=\u00bby\u00bb position=\u00bbcenter\u00bb]<\/p>\n<p style=\"text-align: justify;\">A partir de alli, el camino sube un poco , y vamos viendo los restos del canal que llevaba el agua a la mini-central<\/p>\n<p style=\"text-align: justify;\">[shashin type=\u00bbphoto\u00bb id=\u00bb5651&#8243; size=\u00bblarge\u00bb columns=\u00bbmax\u00bb order=\u00bbuser\u00bb caption=\u00bby\u00bb position=\u00bbcenter\u00bb]<\/p>\n<p style=\"text-align: justify;\">Seguimos subiendo, y llegamos a un ancho camino, que es una antigua via romana, que seguiremos por la izquierda.<\/p>\n<p style=\"text-align: justify;\">[shashin type=\u00bbphoto\u00bb id=\u00bb5652,5654&#8243; size=\u00bblarge\u00bb columns=\u00bbmax\u00bb order=\u00bbuser\u00bb caption=\u00bby\u00bb position=\u00bbcenter\u00bb]<\/p>\n<p style=\"text-align: justify;\">Al cabo de unos cientos de metros llegaremos al mismo puente del ferrocarril por el que habiamos pasado a la ida, pero por el otro lado de la monta\u00f1a.<\/p>\n<p style=\"text-align: justify;\">En las fotos hemos se\u00f1alado los puntos en donde habiamos estado a la ida.<\/p>\n<p style=\"text-align: justify;\">[shashin type=\u00bbphoto\u00bb id=\u00bb5656,5657,5658&#8243; size=\u00bblarge\u00bb columns=\u00bbmax\u00bb order=\u00bbuser\u00bb caption=\u00bby\u00bb position=\u00bbcenter\u00bb]<\/p>\n<p>Desde all\u00ed, el ancho camino nos lleva de\u00a0 nuevo a La Cabanasse, en donde iremos al parking de la estacion del ferrocarril para recoger el coche, y ver unas bonitas vistas de la Cambre d&#8217;Aze. [shashin type=\u00bbphoto\u00bb id=\u00bb5661,5663,5662&#8243; size=\u00bblarge\u00bb columns=\u00bbmax\u00bb order=\u00bbuser\u00bb caption=\u00bby\u00bb position=\u00bbcenter\u00bb] \u00a0<\/p>\n<hr \/>\n<p><strong class=\"wp-caption\">Track de la ruta<\/strong> [sgpx gpx=\u00bb\/wp-content\/uploads\/gpx\/\/Cabanasse-TrenJaune-original.gpx\u00bb]<\/p>\n<hr \/>\n<p class=\"wp-caption\"><strong>\u00a0Enlace album de fotos<\/strong><\/p>\n<p>[shashin type=\u00bbalbum\u00bb id=\u00bb112&#8243; size=\u00bbsmall\u00bb crop=\u00bbn\u00bb columns=\u00bbmax\u00bb caption=\u00bby\u00bb order=\u00bbdate\u00bb position=\u00bbcenter\u00bb]<\/p>\n<hr \/>\n<p class=\"wp-caption\"><strong>Enlace Wikiloc<\/strong><\/p>\n<p style=\"text-align: center;\"><a href=\"http:\/\/es.wikiloc.com\/wikiloc\/view.do?id=6429343\" target=\"_blank\"><img loading=\"lazy\" decoding=\"async\" class=\"aligncenter\" title=\"wikiloc\" src=\"http:\/\/www.carlosyconchita.net\/rutas\/wp-content\/uploads\/2020\/09\/wikiloc.jpg\" alt=\"\" width=\"117\" height=\"34\" \/><\/a><\/p>\n<hr \/>\n<p>&nbsp;<\/p>\n","protected":false},"excerpt":{"rendered":"<p>Dificultad :\u00a0 F\u00e1cil\u00a0\u00a0\u00a0\u00a0\u00a0\u00a0\u00a0\u00a0\u00a0\u00a0\u00a0\u00a0\u00a0\u00a0\u00a0\u00a0\u00a0\u00a0\u00a0\u00a0\u00a0\u00a0\u00a0\u00a0\u00a0\u00a0\u00a0\u00a0\u00a0\u00a0\u00a0\u00a0\u00a0\u00a0\u00a0\u00a0\u00a0\u00a0\u00a0\u00a0\u00a0\u00a0\u00a0\u00a0\u00a0\u00a0\u00a0\u00a0\u00a0 Recorrido : 8&#8217;180 km. \u00a0Desnivel :\u00a0 475 m. \u00a0 \u00a0 \u00a0 \u00a0 \u00a0 \u00a0 \u00a0 \u00a0 \u00a0 \u00a0 \u00a0 \u00a0 \u00a0 \u00a0 \u00a0 \u00a0 \u00a0 \u00a0 \u00a0 \u00a0 \u00a0 \u00a0 \u00a0\u00a0 Alturas :\u00a0 1.308 \/ 1.523 m. Tiempo total :\u00a0 3h . 49m.\u00a0\u00a0\u00a0\u00a0\u00a0\u00a0\u00a0\u00a0\u00a0\u00a0\u00a0\u00a0\u00a0\u00a0\u00a0\u00a0\u00a0\u00a0\u00a0\u00a0\u00a0\u00a0\u00a0\u00a0\u00a0\u00a0\u00a0\u00a0\u00a0\u00a0\u00a0\u00a0\u00a0\u00a0\u00a0\u00a0\u00a0 Velocidad media :\u00a0 1&#8217;6 km.\/hora Tiempo movimiento :\u00a0 1h. [&hellip;]<\/p>\n","protected":false},"author":50,"featured_media":4199,"comment_status":"open","ping_status":"open","sticky":false,"template":"","format":"gallery","meta":{"footnotes":""},"categories":[10,22,6],"tags":[],"class_list":{"0":"post-4185","1":"post","2":"type-post","3":"status-publish","4":"format-gallery","5":"has-post-thumbnail","6":"hentry","7":"category-facil","8":"category-de-05-a-10-km","9":"category-saillagosa","10":"post_format-post-format-gallery","12":"post-with-thumbnail","13":"post-with-thumbnail-icon"},"yoast_head":"<!-- This site is optimized with the Yoast SEO plugin v27.5 - https:\/\/yoast.com\/product\/yoast-seo-wordpress\/ -->\n<title>La Cabanasse: siguiendo el Tren Jaune<\/title>\n<meta name=\"description\" content=\"Para empezar esta excursi\u00f3n, nos dirigiremos a la estaci\u00f3n del tren Jaune de La Cabanasse que hay en este pueblo, y que no debemos confundir, como hicimos nosotros, con la que hay en La Cabanasse-Coll de la Perche.\" \/>\n<meta name=\"robots\" content=\"index, follow, max-snippet:-1, max-image-preview:large, max-video-preview:-1\" \/>\n<link rel=\"canonical\" href=\"https:\/\/www.carlosyconchita.net\/rutas\/23-03-2014-la-cabanasse-siguiendo-el-tren-jaune\/\" \/>\n<meta property=\"og:locale\" content=\"es_ES\" \/>\n<meta property=\"og:type\" content=\"article\" \/>\n<meta property=\"og:title\" content=\"La Cabanasse: siguiendo el Tren Jaune\" \/>\n<meta property=\"og:description\" content=\"Para empezar esta excursi\u00f3n, nos dirigiremos a la estaci\u00f3n del tren Jaune de La Cabanasse que hay en este pueblo, y que no debemos confundir, como hicimos nosotros, con la que hay en La Cabanasse-Coll de la Perche.\" \/>\n<meta property=\"og:url\" content=\"https:\/\/www.carlosyconchita.net\/rutas\/23-03-2014-la-cabanasse-siguiendo-el-tren-jaune\/\" \/>\n<meta property=\"og:site_name\" content=\"Las rutas de Carlos y Conchita\" \/>\n<meta property=\"article:published_time\" content=\"2014-03-23T20:53:58+00:00\" \/>\n<meta property=\"article:modified_time\" content=\"2015-09-27T14:10:05+00:00\" \/>\n<meta property=\"og:image\" content=\"https:\/\/www.carlosyconchita.net\/rutas\/wp-content\/uploads\/2014\/03\/P3234199.jpg\" \/>\n\t<meta property=\"og:image:width\" content=\"2048\" \/>\n\t<meta property=\"og:image:height\" content=\"1536\" \/>\n\t<meta property=\"og:image:type\" content=\"image\/jpeg\" \/>\n<meta name=\"author\" content=\"Carlos Conchita\" \/>\n<meta name=\"twitter:label1\" content=\"Escrito por\" \/>\n\t<meta name=\"twitter:data1\" content=\"Carlos Conchita\" \/>\n\t<meta name=\"twitter:label2\" content=\"Tiempo de lectura\" \/>\n\t<meta name=\"twitter:data2\" content=\"4 minutos\" \/>\n<script type=\"application\/ld+json\" class=\"yoast-schema-graph\">{\"@context\":\"https:\\\/\\\/schema.org\",\"@graph\":[{\"@type\":\"Article\",\"@id\":\"https:\\\/\\\/www.carlosyconchita.net\\\/rutas\\\/23-03-2014-la-cabanasse-siguiendo-el-tren-jaune\\\/#article\",\"isPartOf\":{\"@id\":\"https:\\\/\\\/www.carlosyconchita.net\\\/rutas\\\/23-03-2014-la-cabanasse-siguiendo-el-tren-jaune\\\/\"},\"author\":{\"name\":\"Carlos Conchita\",\"@id\":\"https:\\\/\\\/www.carlosyconchita.net\\\/rutas\\\/#\\\/schema\\\/person\\\/a9691f7258c28443fab2d3aa1479ea19\"},\"headline\":\"23-03-2014 &#8211; La Cabanasse: siguiendo el Tren Jaune\",\"datePublished\":\"2014-03-23T20:53:58+00:00\",\"dateModified\":\"2015-09-27T14:10:05+00:00\",\"mainEntityOfPage\":{\"@id\":\"https:\\\/\\\/www.carlosyconchita.net\\\/rutas\\\/23-03-2014-la-cabanasse-siguiendo-el-tren-jaune\\\/\"},\"wordCount\":847,\"commentCount\":0,\"image\":{\"@id\":\"https:\\\/\\\/www.carlosyconchita.net\\\/rutas\\\/23-03-2014-la-cabanasse-siguiendo-el-tren-jaune\\\/#primaryimage\"},\"thumbnailUrl\":\"https:\\\/\\\/www.carlosyconchita.net\\\/rutas\\\/wp-content\\\/uploads\\\/2014\\\/03\\\/P3234199.jpg\",\"articleSection\":[\"1-F\u00e1cil\",\"2 - De 5 a 10 km.\",\"Saillagosa\"],\"inLanguage\":\"es\",\"potentialAction\":[{\"@type\":\"CommentAction\",\"name\":\"Comment\",\"target\":[\"https:\\\/\\\/www.carlosyconchita.net\\\/rutas\\\/23-03-2014-la-cabanasse-siguiendo-el-tren-jaune\\\/#respond\"]}]},{\"@type\":\"WebPage\",\"@id\":\"https:\\\/\\\/www.carlosyconchita.net\\\/rutas\\\/23-03-2014-la-cabanasse-siguiendo-el-tren-jaune\\\/\",\"url\":\"https:\\\/\\\/www.carlosyconchita.net\\\/rutas\\\/23-03-2014-la-cabanasse-siguiendo-el-tren-jaune\\\/\",\"name\":\"La Cabanasse: siguiendo el Tren Jaune\",\"isPartOf\":{\"@id\":\"https:\\\/\\\/www.carlosyconchita.net\\\/rutas\\\/#website\"},\"primaryImageOfPage\":{\"@id\":\"https:\\\/\\\/www.carlosyconchita.net\\\/rutas\\\/23-03-2014-la-cabanasse-siguiendo-el-tren-jaune\\\/#primaryimage\"},\"image\":{\"@id\":\"https:\\\/\\\/www.carlosyconchita.net\\\/rutas\\\/23-03-2014-la-cabanasse-siguiendo-el-tren-jaune\\\/#primaryimage\"},\"thumbnailUrl\":\"https:\\\/\\\/www.carlosyconchita.net\\\/rutas\\\/wp-content\\\/uploads\\\/2014\\\/03\\\/P3234199.jpg\",\"datePublished\":\"2014-03-23T20:53:58+00:00\",\"dateModified\":\"2015-09-27T14:10:05+00:00\",\"author\":{\"@id\":\"https:\\\/\\\/www.carlosyconchita.net\\\/rutas\\\/#\\\/schema\\\/person\\\/a9691f7258c28443fab2d3aa1479ea19\"},\"description\":\"Para empezar esta excursi\u00f3n, nos dirigiremos a la estaci\u00f3n del tren Jaune de La Cabanasse que hay en este pueblo, y que no debemos confundir, como hicimos nosotros, con la que hay en La Cabanasse-Coll de la Perche.\",\"breadcrumb\":{\"@id\":\"https:\\\/\\\/www.carlosyconchita.net\\\/rutas\\\/23-03-2014-la-cabanasse-siguiendo-el-tren-jaune\\\/#breadcrumb\"},\"inLanguage\":\"es\",\"potentialAction\":[{\"@type\":\"ReadAction\",\"target\":[\"https:\\\/\\\/www.carlosyconchita.net\\\/rutas\\\/23-03-2014-la-cabanasse-siguiendo-el-tren-jaune\\\/\"]}]},{\"@type\":\"ImageObject\",\"inLanguage\":\"es\",\"@id\":\"https:\\\/\\\/www.carlosyconchita.net\\\/rutas\\\/23-03-2014-la-cabanasse-siguiendo-el-tren-jaune\\\/#primaryimage\",\"url\":\"https:\\\/\\\/www.carlosyconchita.net\\\/rutas\\\/wp-content\\\/uploads\\\/2014\\\/03\\\/P3234199.jpg\",\"contentUrl\":\"https:\\\/\\\/www.carlosyconchita.net\\\/rutas\\\/wp-content\\\/uploads\\\/2014\\\/03\\\/P3234199.jpg\",\"width\":2048,\"height\":1536},{\"@type\":\"BreadcrumbList\",\"@id\":\"https:\\\/\\\/www.carlosyconchita.net\\\/rutas\\\/23-03-2014-la-cabanasse-siguiendo-el-tren-jaune\\\/#breadcrumb\",\"itemListElement\":[{\"@type\":\"ListItem\",\"position\":1,\"name\":\"Portada\",\"item\":\"https:\\\/\\\/www.carlosyconchita.net\\\/rutas\\\/\"},{\"@type\":\"ListItem\",\"position\":2,\"name\":\"23-03-2014 &#8211; La Cabanasse: siguiendo el Tren Jaune\"}]},{\"@type\":\"WebSite\",\"@id\":\"https:\\\/\\\/www.carlosyconchita.net\\\/rutas\\\/#website\",\"url\":\"https:\\\/\\\/www.carlosyconchita.net\\\/rutas\\\/\",\"name\":\"Las rutas de Carlos y Conchita\",\"description\":\"\",\"potentialAction\":[{\"@type\":\"SearchAction\",\"target\":{\"@type\":\"EntryPoint\",\"urlTemplate\":\"https:\\\/\\\/www.carlosyconchita.net\\\/rutas\\\/?s={search_term_string}\"},\"query-input\":{\"@type\":\"PropertyValueSpecification\",\"valueRequired\":true,\"valueName\":\"search_term_string\"}}],\"inLanguage\":\"es\"},{\"@type\":\"Person\",\"@id\":\"https:\\\/\\\/www.carlosyconchita.net\\\/rutas\\\/#\\\/schema\\\/person\\\/a9691f7258c28443fab2d3aa1479ea19\",\"name\":\"Carlos Conchita\",\"image\":{\"@type\":\"ImageObject\",\"inLanguage\":\"es\",\"@id\":\"https:\\\/\\\/secure.gravatar.com\\\/avatar\\\/3a4625b20c8da3de99da69bfe7a322774e291c3f90dce7e8778a30fe6748ed1a?s=96&d=mm&r=g\",\"url\":\"https:\\\/\\\/secure.gravatar.com\\\/avatar\\\/3a4625b20c8da3de99da69bfe7a322774e291c3f90dce7e8778a30fe6748ed1a?s=96&d=mm&r=g\",\"contentUrl\":\"https:\\\/\\\/secure.gravatar.com\\\/avatar\\\/3a4625b20c8da3de99da69bfe7a322774e291c3f90dce7e8778a30fe6748ed1a?s=96&d=mm&r=g\",\"caption\":\"Carlos Conchita\"}}]}<\/script>\n<!-- \/ Yoast SEO plugin. -->","yoast_head_json":{"title":"La Cabanasse: siguiendo el Tren Jaune","description":"Para empezar esta excursi\u00f3n, nos dirigiremos a la estaci\u00f3n del tren Jaune de La Cabanasse que hay en este pueblo, y que no debemos confundir, como hicimos nosotros, con la que hay en La Cabanasse-Coll de la Perche.","robots":{"index":"index","follow":"follow","max-snippet":"max-snippet:-1","max-image-preview":"max-image-preview:large","max-video-preview":"max-video-preview:-1"},"canonical":"https:\/\/www.carlosyconchita.net\/rutas\/23-03-2014-la-cabanasse-siguiendo-el-tren-jaune\/","og_locale":"es_ES","og_type":"article","og_title":"La Cabanasse: siguiendo el Tren Jaune","og_description":"Para empezar esta excursi\u00f3n, nos dirigiremos a la estaci\u00f3n del tren Jaune de La Cabanasse que hay en este pueblo, y que no debemos confundir, como hicimos nosotros, con la que hay en La Cabanasse-Coll de la Perche.","og_url":"https:\/\/www.carlosyconchita.net\/rutas\/23-03-2014-la-cabanasse-siguiendo-el-tren-jaune\/","og_site_name":"Las rutas de Carlos y Conchita","article_published_time":"2014-03-23T20:53:58+00:00","article_modified_time":"2015-09-27T14:10:05+00:00","og_image":[{"width":2048,"height":1536,"url":"https:\/\/www.carlosyconchita.net\/rutas\/wp-content\/uploads\/2014\/03\/P3234199.jpg","type":"image\/jpeg"}],"author":"Carlos Conchita","twitter_misc":{"Escrito por":"Carlos Conchita","Tiempo de lectura":"4 minutos"},"schema":{"@context":"https:\/\/schema.org","@graph":[{"@type":"Article","@id":"https:\/\/www.carlosyconchita.net\/rutas\/23-03-2014-la-cabanasse-siguiendo-el-tren-jaune\/#article","isPartOf":{"@id":"https:\/\/www.carlosyconchita.net\/rutas\/23-03-2014-la-cabanasse-siguiendo-el-tren-jaune\/"},"author":{"name":"Carlos Conchita","@id":"https:\/\/www.carlosyconchita.net\/rutas\/#\/schema\/person\/a9691f7258c28443fab2d3aa1479ea19"},"headline":"23-03-2014 &#8211; La Cabanasse: siguiendo el Tren Jaune","datePublished":"2014-03-23T20:53:58+00:00","dateModified":"2015-09-27T14:10:05+00:00","mainEntityOfPage":{"@id":"https:\/\/www.carlosyconchita.net\/rutas\/23-03-2014-la-cabanasse-siguiendo-el-tren-jaune\/"},"wordCount":847,"commentCount":0,"image":{"@id":"https:\/\/www.carlosyconchita.net\/rutas\/23-03-2014-la-cabanasse-siguiendo-el-tren-jaune\/#primaryimage"},"thumbnailUrl":"https:\/\/www.carlosyconchita.net\/rutas\/wp-content\/uploads\/2014\/03\/P3234199.jpg","articleSection":["1-F\u00e1cil","2 - De 5 a 10 km.","Saillagosa"],"inLanguage":"es","potentialAction":[{"@type":"CommentAction","name":"Comment","target":["https:\/\/www.carlosyconchita.net\/rutas\/23-03-2014-la-cabanasse-siguiendo-el-tren-jaune\/#respond"]}]},{"@type":"WebPage","@id":"https:\/\/www.carlosyconchita.net\/rutas\/23-03-2014-la-cabanasse-siguiendo-el-tren-jaune\/","url":"https:\/\/www.carlosyconchita.net\/rutas\/23-03-2014-la-cabanasse-siguiendo-el-tren-jaune\/","name":"La Cabanasse: siguiendo el Tren Jaune","isPartOf":{"@id":"https:\/\/www.carlosyconchita.net\/rutas\/#website"},"primaryImageOfPage":{"@id":"https:\/\/www.carlosyconchita.net\/rutas\/23-03-2014-la-cabanasse-siguiendo-el-tren-jaune\/#primaryimage"},"image":{"@id":"https:\/\/www.carlosyconchita.net\/rutas\/23-03-2014-la-cabanasse-siguiendo-el-tren-jaune\/#primaryimage"},"thumbnailUrl":"https:\/\/www.carlosyconchita.net\/rutas\/wp-content\/uploads\/2014\/03\/P3234199.jpg","datePublished":"2014-03-23T20:53:58+00:00","dateModified":"2015-09-27T14:10:05+00:00","author":{"@id":"https:\/\/www.carlosyconchita.net\/rutas\/#\/schema\/person\/a9691f7258c28443fab2d3aa1479ea19"},"description":"Para empezar esta excursi\u00f3n, nos dirigiremos a la estaci\u00f3n del tren Jaune de La Cabanasse que hay en este pueblo, y que no debemos confundir, como hicimos nosotros, con la que hay en La Cabanasse-Coll de la Perche.","breadcrumb":{"@id":"https:\/\/www.carlosyconchita.net\/rutas\/23-03-2014-la-cabanasse-siguiendo-el-tren-jaune\/#breadcrumb"},"inLanguage":"es","potentialAction":[{"@type":"ReadAction","target":["https:\/\/www.carlosyconchita.net\/rutas\/23-03-2014-la-cabanasse-siguiendo-el-tren-jaune\/"]}]},{"@type":"ImageObject","inLanguage":"es","@id":"https:\/\/www.carlosyconchita.net\/rutas\/23-03-2014-la-cabanasse-siguiendo-el-tren-jaune\/#primaryimage","url":"https:\/\/www.carlosyconchita.net\/rutas\/wp-content\/uploads\/2014\/03\/P3234199.jpg","contentUrl":"https:\/\/www.carlosyconchita.net\/rutas\/wp-content\/uploads\/2014\/03\/P3234199.jpg","width":2048,"height":1536},{"@type":"BreadcrumbList","@id":"https:\/\/www.carlosyconchita.net\/rutas\/23-03-2014-la-cabanasse-siguiendo-el-tren-jaune\/#breadcrumb","itemListElement":[{"@type":"ListItem","position":1,"name":"Portada","item":"https:\/\/www.carlosyconchita.net\/rutas\/"},{"@type":"ListItem","position":2,"name":"23-03-2014 &#8211; La Cabanasse: siguiendo el Tren Jaune"}]},{"@type":"WebSite","@id":"https:\/\/www.carlosyconchita.net\/rutas\/#website","url":"https:\/\/www.carlosyconchita.net\/rutas\/","name":"Las rutas de Carlos y Conchita","description":"","potentialAction":[{"@type":"SearchAction","target":{"@type":"EntryPoint","urlTemplate":"https:\/\/www.carlosyconchita.net\/rutas\/?s={search_term_string}"},"query-input":{"@type":"PropertyValueSpecification","valueRequired":true,"valueName":"search_term_string"}}],"inLanguage":"es"},{"@type":"Person","@id":"https:\/\/www.carlosyconchita.net\/rutas\/#\/schema\/person\/a9691f7258c28443fab2d3aa1479ea19","name":"Carlos Conchita","image":{"@type":"ImageObject","inLanguage":"es","@id":"https:\/\/secure.gravatar.com\/avatar\/3a4625b20c8da3de99da69bfe7a322774e291c3f90dce7e8778a30fe6748ed1a?s=96&d=mm&r=g","url":"https:\/\/secure.gravatar.com\/avatar\/3a4625b20c8da3de99da69bfe7a322774e291c3f90dce7e8778a30fe6748ed1a?s=96&d=mm&r=g","contentUrl":"https:\/\/secure.gravatar.com\/avatar\/3a4625b20c8da3de99da69bfe7a322774e291c3f90dce7e8778a30fe6748ed1a?s=96&d=mm&r=g","caption":"Carlos Conchita"}}]}},"_links":{"self":[{"href":"https:\/\/www.carlosyconchita.net\/rutas\/wp-json\/wp\/v2\/posts\/4185","targetHints":{"allow":["GET"]}}],"collection":[{"href":"https:\/\/www.carlosyconchita.net\/rutas\/wp-json\/wp\/v2\/posts"}],"about":[{"href":"https:\/\/www.carlosyconchita.net\/rutas\/wp-json\/wp\/v2\/types\/post"}],"author":[{"embeddable":true,"href":"https:\/\/www.carlosyconchita.net\/rutas\/wp-json\/wp\/v2\/users\/50"}],"replies":[{"embeddable":true,"href":"https:\/\/www.carlosyconchita.net\/rutas\/wp-json\/wp\/v2\/comments?post=4185"}],"version-history":[{"count":0,"href":"https:\/\/www.carlosyconchita.net\/rutas\/wp-json\/wp\/v2\/posts\/4185\/revisions"}],"wp:featuredmedia":[{"embeddable":true,"href":"https:\/\/www.carlosyconchita.net\/rutas\/wp-json\/wp\/v2\/media\/4199"}],"wp:attachment":[{"href":"https:\/\/www.carlosyconchita.net\/rutas\/wp-json\/wp\/v2\/media?parent=4185"}],"wp:term":[{"taxonomy":"category","embeddable":true,"href":"https:\/\/www.carlosyconchita.net\/rutas\/wp-json\/wp\/v2\/categories?post=4185"},{"taxonomy":"post_tag","embeddable":true,"href":"https:\/\/www.carlosyconchita.net\/rutas\/wp-json\/wp\/v2\/tags?post=4185"}],"curies":[{"name":"wp","href":"https:\/\/api.w.org\/{rel}","templated":true}]}}