{"id":4235,"date":"2014-04-17T20:43:44","date_gmt":"2014-04-17T19:43:44","guid":{"rendered":"http:\/\/www.carlosyconchita.net\/rutas\/?p=4235"},"modified":"2014-06-02T16:10:28","modified_gmt":"2014-06-02T15:10:28","slug":"17-04-2014-cabanasse-coll-de-la-perche-santt-pere-dels-forcats","status":"publish","type":"post","link":"https:\/\/www.carlosyconchita.net\/rutas\/17-04-2014-cabanasse-coll-de-la-perche-santt-pere-dels-forcats\/","title":{"rendered":"17-04-2014 &#8211; Cabanasse &#8211; Coll de la Perche &#8211; Sant Pere dels Forcats"},"content":{"rendered":"<p>&nbsp;<\/p>\n<table border=\"0\">\n<tbody>\n<tr>\n<td><strong>Dificultad :\u00a0 F\u00e1cil\u00a0\u00a0\u00a0\u00a0\u00a0\u00a0\u00a0\u00a0\u00a0\u00a0\u00a0\u00a0\u00a0\u00a0\u00a0\u00a0\u00a0\u00a0\u00a0\u00a0\u00a0\u00a0\u00a0\u00a0\u00a0\u00a0\u00a0\u00a0\u00a0\u00a0\u00a0\u00a0\u00a0\u00a0\u00a0\u00a0\u00a0\u00a0\u00a0\u00a0\u00a0\u00a0\u00a0\u00a0\u00a0\u00a0\u00a0\u00a0\u00a0 <strong>Recorrido : 9&#8217;140 km.<\/strong><\/strong><\/td>\n<\/tr>\n<tr>\n<td><strong>\u00a0Desnivel :\u00a0 260 m. \u00a0 \u00a0 \u00a0 \u00a0 \u00a0 \u00a0 \u00a0 \u00a0 \u00a0 \u00a0 \u00a0 \u00a0 \u00a0 \u00a0 \u00a0 \u00a0 \u00a0 \u00a0 \u00a0 \u00a0 \u00a0 \u00a0 \u00a0\u00a0 <strong>Alturas :\u00a0 1.455 \/ 1.603 m.<br \/>\n<\/strong><\/strong><\/td>\n<\/tr>\n<tr>\n<td><strong> Tiempo total :\u00a0 3h. 1m.\u00a0\u00a0\u00a0\u00a0\u00a0\u00a0\u00a0\u00a0\u00a0\u00a0\u00a0\u00a0\u00a0\u00a0\u00a0\u00a0\u00a0\u00a0\u00a0\u00a0\u00a0\u00a0\u00a0\u00a0\u00a0\u00a0\u00a0\u00a0\u00a0\u00a0\u00a0\u00a0\u00a0\u00a0\u00a0\u00a0\u00a0 Velocidad media<strong> :\u00a0 2&#8217;9 km.\/hora<\/strong><br \/>\n<\/strong><\/td>\n<\/tr>\n<tr>\n<td><strong>Tiempo movimiento :\u00a0 2h. 8 m.\u00a0\u00a0\u00a0\u00a0\u00a0\u00a0\u00a0\u00a0\u00a0\u00a0\u00a0\u00a0\u00a0\u00a0\u00a0\u00a0\u00a0\u00a0\u00a0\u00a0\u00a0\u00a0\u00a0\u00a0 Velocidad media\u00a0<strong><strong> :\u00a0 4\u20191 km.\/hora<\/strong><\/strong><\/strong><\/td>\n<\/tr>\n<\/tbody>\n<\/table>\n<p>Ruta tranquila para enlazar las poblaciones de La Cabanasse, Coll de la Perche y Sant Pere dels Forcats.<\/p>\n<p style=\"text-align: justify;\">Como que \u00faltimamente no hemos podido hacer demasiadas rutas, y no estamos en plena forma, hemos elegido esta f\u00e1cil caminata para ponernos al d\u00eda, ya que ma\u00f1ana y pasado queremos hacer un par de excursiones algo m\u00e1s \u00abdurillas\u00bb.<strong><br \/>\n<\/strong><\/p>\n<p style=\"text-align: justify;\">Aunque no es una ruta de fantasticas vistas de lagos o de monta\u00f1as, cumple perfectamente el cometido de hacer algo de ejercicio y de ir completando nuestra idea de unir sobre el mapa todas las poblaciones de la Cerdanya con nuestras rutas, y que poco a poco vamos consiguiendo.<\/p>\n<p style=\"text-align: justify;\">La empezamos en la estacion del ferrocarril de La Cabanasse , al igual que nuestra anterior excursion del dia 23 de marzo, y que no debemos confundir con la que hay en La Cabanasse-Coll de la Perche.<\/p>\n<p style=\"text-align: justify;\">De hecho la ruta podriamos empezarla en cualquier otro punto del pueblo, pero aparte de que la guia que seguimos la se\u00f1ala como punto inicial, es un buen sitio para poder dejar el coche.<\/p>\n<p style=\"text-align: justify;\">[shashin type=\u00bbphoto\u00bb id=\u00bb6021&#8243; size=\u00bblarge\u00bb columns=\u00bbmax\u00bb order=\u00bbuser\u00bb caption=\u00bby\u00bb position=\u00bbcenter\u00bb]<\/p>\n<p>Saliendo de la estaci\u00f3n, veremos ya varios indicadores, entre ellos el\u00a0 de nuestra ruta , que est\u00e1 se\u00f1alada con el num. 13, y que b\u00e1sicamente nos servir\u00e1 de guia.<\/p>\n<p>[shashin type=\u00bbphoto\u00bb id=\u00bb5967&#8243; size=\u00bblarge\u00bb columns=\u00bbmax\u00bb order=\u00bbuser\u00bb caption=\u00bby\u00bb position=\u00bbcenter\u00bb]<\/p>\n<p style=\"text-align: justify;\">Siguiendo las se\u00f1ales, llegaremos a la Av. Gisclard y alli giraremos a la derecha, pasando por delante de la iglesia<\/p>\n<p style=\"text-align: justify;\">[shashin type=\u00bbphoto\u00bb id=\u00bb5970&#8243; size=\u00bblarge\u00bb columns=\u00bbmax\u00bb order=\u00bbuser\u00bb caption=\u00bby\u00bb position=\u00bbcenter\u00bb]<\/p>\n<p style=\"text-align: justify;\">De hecho iremos siguiendo el camino que hemos hecho antes con el coche, pero al rev\u00e9s, hasta casi a la entrada del pueblo, en donde veremos el cruce con la carretera que lleva a Sant Pere dels Forcats, junto a unas pistas de tenis.<\/p>\n<p style=\"text-align: justify;\">Seguiremos esa carretera que sube a nuestra izquierda durante unos 100 m. hasta que veamos a la derecha un antiguo camino de transhumancia que rodea una granja, que nos llevar\u00e1 hasta el Coll de la Percha.<\/p>\n<p style=\"text-align: justify;\">[shashin type=\u00bbphoto\u00bb id=\u00bb5972,5973&#8243; size=\u00bblarge\u00bb columns=\u00bbmax\u00bb order=\u00bbuser\u00bb caption=\u00bby\u00bb position=\u00bbcenter\u00bb]<\/p>\n<p style=\"text-align: justify;\">A nuestra derecha veremos en primer lugar el pueblo de La Cabanasse, y mas a lo lejos Mont-Louis con sus caracteristicas murallas, y a la izquierda La Cambre d&#8217;Aze.<\/p>\n<p style=\"text-align: justify;\">[shashin type=\u00bbphoto\u00bb id=\u00bb5976,5974&#8243; size=\u00bblarge\u00bb columns=\u00bbmax\u00bb order=\u00bbuser\u00bb caption=\u00bby\u00bb position=\u00bbcenter\u00bb]<\/p>\n<p style=\"text-align: justify;\">Llegaremos al cabo de unos 2.8 Km al Coll de la Perche.<\/p>\n<p style=\"text-align: justify;\">[shashin type=\u00bbphoto\u00bb id=\u00bb5977,5980&#8243; size=\u00bblarge\u00bb columns=\u00bbmax\u00bb order=\u00bbuser\u00bb caption=\u00bby\u00bb position=\u00bbcenter\u00bb]<\/p>\n<p style=\"text-align: justify;\">El camino desemboca en la carretera D33, y alli giraremos a la izquierda siguiendo la carretera en direccion a Eyne durante unos 200 m. hasta que veamos un ancho camino a nuestra izquierda, que nos llevar\u00e1 a St. Pere dels Forcats.<\/p>\n<p style=\"text-align: justify;\">Nosotros dejamos la carretera antes de tiempo, y entramos en un camino mas peque\u00f1o, y tuvimos que hacer un tramo de \u00abfuera pista\u00bb hasta encontrar el camino correcto, como se puede ver en el track de la excursion.<\/p>\n<p style=\"text-align: justify;\">El camino es totalmente plano, y cuando llevemos unos 6.5 Km desde el inicio, veremos las primeras casas de St.Pere dels Forcats y despues giraremos a la izquierda siguiendo la carretera principal, hasta que veamos la iglesia.<\/p>\n<p style=\"text-align: justify;\">[shashin type=\u00bbphoto\u00bb id=\u00bb6000,6003&#8243; size=\u00bblarge\u00bb columns=\u00bbmax\u00bb order=\u00bbuser\u00bb caption=\u00bby\u00bb position=\u00bbcenter\u00bb]<\/p>\n<p style=\"text-align: justify;\">Rodearemos la iglesia y el cementerio anexo, y saldremos del pueblo siguiendo la carretera, dejandola poco despues por un camino que sale a la izquierda y que nos llevar\u00e1 a una especie de granja-escuela<\/p>\n<p style=\"text-align: justify;\">[shashin type=\u00bbphoto\u00bb id=\u00bb6007,6010,6012&#8243; size=\u00bblarge\u00bb columns=\u00bbmax\u00bb order=\u00bbuser\u00bb caption=\u00bby\u00bb position=\u00bbcenter\u00bb]<\/p>\n<p style=\"text-align: justify;\">Siguiendo el camino y al cabo de unos 250m. despues de la granja, veremos el indicador de nuestra ruta que nos desviar\u00e1 por un camino que sale a nuestra izquierda.<\/p>\n<p style=\"text-align: justify;\">A unos 300 m. desde el ultimo desvio, veremos el indicador de la fuente sulfurosa que habiamos visto en nuestra anterior ruta de\u00a0 <a href=\"http:\/\/www.carlosyconchita.net\/rutas\/?p=4185\" rel=\"bookmark\">23-03-2014 \u2013 La Cabanasse: siguiendo el Tren Jaune<\/a><\/p>\n<p style=\"text-align: justify;\">En esta ocasi\u00f3n la pasamos de largo, y seguimos recto por un camino que se va estrechando y bajando hacia el pueblo de La Cabanasse, al que llegaremos despues de cruzar el viejo puente de piedra sobre el rio Jardo.<\/p>\n<p style=\"text-align: justify;\">[shashin type=\u00bbphoto\u00bb id=\u00bb6018,6020&#8243; size=\u00bblarge\u00bb columns=\u00bbmax\u00bb order=\u00bbuser\u00bb caption=\u00bby\u00bb position=\u00bbcenter\u00bb]<\/p>\n<p style=\"text-align: justify;\">Una vez cruzamos el puente, giraremos a la izquierda y seguiremos esa calle hasta que a nuestra derecha veamos unas escaleras y un letrero que nos indica la estacion del ferrocarril.<\/p>\n<hr \/>\n<p><strong class=\"wp-caption\">Track de la ruta<\/strong><\/p>\n<p>[sgpx gpx=\u00bb\/wp-content\/uploads\/gpx\/Cabanasse-Perche-St.Pierre.gpx\u00bb]<\/p>\n<hr \/>\n<p style=\"text-align: left;\"><strong class=\"wp-caption\">Enlace album de fotos<\/strong><\/p>\n<p style=\"text-align: left;\">[shashin type=\u00bbalbum\u00bb id=\u00bb118&#8243; size=\u00bbsmall\u00bb crop=\u00bbn\u00bb columns=\u00bbmax\u00bb caption=\u00bby\u00bb order=\u00bbdate\u00bb position=\u00bbcenter\u00bb]<\/p>\n<hr \/>\n<p class=\"wp-caption\" style=\"text-align: left;\"><strong>Enlace Wikiloc<\/strong><\/p>\n<p style=\"text-align: center;\"><a href=\"http:\/\/es.wikiloc.com\/wikiloc\/view.do?id=6651642\" target=\"_blank\"><img loading=\"lazy\" decoding=\"async\" class=\"aligncenter\" title=\"wikiloc\" src=\"http:\/\/www.carlosyconchita.net\/rutas\/wp-content\/uploads\/2020\/09\/wikiloc.jpg\" alt=\"\" width=\"117\" height=\"34\" \/><\/a><\/p>\n<hr \/>\n<p style=\"text-align: center;\">\n","protected":false},"excerpt":{"rendered":"<p>&nbsp; Dificultad :\u00a0 F\u00e1cil\u00a0\u00a0\u00a0\u00a0\u00a0\u00a0\u00a0\u00a0\u00a0\u00a0\u00a0\u00a0\u00a0\u00a0\u00a0\u00a0\u00a0\u00a0\u00a0\u00a0\u00a0\u00a0\u00a0\u00a0\u00a0\u00a0\u00a0\u00a0\u00a0\u00a0\u00a0\u00a0\u00a0\u00a0\u00a0\u00a0\u00a0\u00a0\u00a0\u00a0\u00a0\u00a0\u00a0\u00a0\u00a0\u00a0\u00a0\u00a0\u00a0 Recorrido : 9&#8217;140 km. \u00a0Desnivel :\u00a0 260 m. \u00a0 \u00a0 \u00a0 \u00a0 \u00a0 \u00a0 \u00a0 \u00a0 \u00a0 \u00a0 \u00a0 \u00a0 \u00a0 \u00a0 \u00a0 \u00a0 \u00a0 \u00a0 \u00a0 \u00a0 \u00a0 \u00a0 \u00a0\u00a0 Alturas :\u00a0 1.455 \/ 1.603 m. Tiempo total :\u00a0 3h. 1m.\u00a0\u00a0\u00a0\u00a0\u00a0\u00a0\u00a0\u00a0\u00a0\u00a0\u00a0\u00a0\u00a0\u00a0\u00a0\u00a0\u00a0\u00a0\u00a0\u00a0\u00a0\u00a0\u00a0\u00a0\u00a0\u00a0\u00a0\u00a0\u00a0\u00a0\u00a0\u00a0\u00a0\u00a0\u00a0\u00a0\u00a0 Velocidad media :\u00a0 2&#8217;9 km.\/hora Tiempo movimiento :\u00a0 2h. [&hellip;]<\/p>\n","protected":false},"author":50,"featured_media":4242,"comment_status":"open","ping_status":"open","sticky":false,"template":"","format":"gallery","meta":{"footnotes":""},"categories":[10,22,6],"tags":[],"class_list":{"0":"post-4235","1":"post","2":"type-post","3":"status-publish","4":"format-gallery","5":"has-post-thumbnail","6":"hentry","7":"category-facil","8":"category-de-05-a-10-km","9":"category-saillagosa","10":"post_format-post-format-gallery","12":"post-with-thumbnail","13":"post-with-thumbnail-icon"},"yoast_head":"<!-- This site is optimized with the Yoast SEO plugin v27.4 - https:\/\/yoast.com\/product\/yoast-seo-wordpress\/ -->\n<title>Cabanasse, Coll de la Perche, Sant Pere dels Forcats<\/title>\n<meta name=\"description\" content=\"Ruta tranquila para enlazar las poblaciones de La Cabanasse, Coll de la Perche y Sant Pere dels Forcats.\" \/>\n<meta name=\"robots\" content=\"index, follow, max-snippet:-1, max-image-preview:large, max-video-preview:-1\" \/>\n<link rel=\"canonical\" href=\"https:\/\/www.carlosyconchita.net\/rutas\/17-04-2014-cabanasse-coll-de-la-perche-santt-pere-dels-forcats\/\" \/>\n<meta property=\"og:locale\" content=\"es_ES\" \/>\n<meta property=\"og:type\" content=\"article\" \/>\n<meta property=\"og:title\" content=\"Cabanasse, Coll de la Perche, Sant Pere dels Forcats\" \/>\n<meta property=\"og:description\" content=\"Ruta tranquila para enlazar las poblaciones de La Cabanasse, Coll de la Perche y Sant Pere dels Forcats.\" \/>\n<meta property=\"og:url\" content=\"https:\/\/www.carlosyconchita.net\/rutas\/17-04-2014-cabanasse-coll-de-la-perche-santt-pere-dels-forcats\/\" \/>\n<meta property=\"og:site_name\" content=\"Las rutas de Carlos y Conchita\" \/>\n<meta property=\"article:published_time\" content=\"2014-04-17T19:43:44+00:00\" \/>\n<meta property=\"article:modified_time\" content=\"2014-06-02T15:10:28+00:00\" \/>\n<meta property=\"og:image\" content=\"https:\/\/www.carlosyconchita.net\/rutas\/wp-content\/uploads\/2014\/04\/P4174319.jpg\" \/>\n\t<meta property=\"og:image:width\" content=\"2048\" \/>\n\t<meta property=\"og:image:height\" content=\"1536\" \/>\n\t<meta property=\"og:image:type\" content=\"image\/jpeg\" \/>\n<meta name=\"author\" content=\"Carlos Conchita\" \/>\n<meta name=\"twitter:label1\" content=\"Escrito por\" \/>\n\t<meta name=\"twitter:data1\" content=\"Carlos Conchita\" \/>\n\t<meta name=\"twitter:label2\" content=\"Tiempo de lectura\" \/>\n\t<meta name=\"twitter:data2\" content=\"4 minutos\" \/>\n<script type=\"application\/ld+json\" class=\"yoast-schema-graph\">{\"@context\":\"https:\\\/\\\/schema.org\",\"@graph\":[{\"@type\":\"Article\",\"@id\":\"https:\\\/\\\/www.carlosyconchita.net\\\/rutas\\\/17-04-2014-cabanasse-coll-de-la-perche-santt-pere-dels-forcats\\\/#article\",\"isPartOf\":{\"@id\":\"https:\\\/\\\/www.carlosyconchita.net\\\/rutas\\\/17-04-2014-cabanasse-coll-de-la-perche-santt-pere-dels-forcats\\\/\"},\"author\":{\"name\":\"Carlos Conchita\",\"@id\":\"https:\\\/\\\/www.carlosyconchita.net\\\/rutas\\\/#\\\/schema\\\/person\\\/a9691f7258c28443fab2d3aa1479ea19\"},\"headline\":\"17-04-2014 &#8211; Cabanasse &#8211; Coll de la Perche &#8211; Sant Pere dels Forcats\",\"datePublished\":\"2014-04-17T19:43:44+00:00\",\"dateModified\":\"2014-06-02T15:10:28+00:00\",\"mainEntityOfPage\":{\"@id\":\"https:\\\/\\\/www.carlosyconchita.net\\\/rutas\\\/17-04-2014-cabanasse-coll-de-la-perche-santt-pere-dels-forcats\\\/\"},\"wordCount\":834,\"commentCount\":0,\"image\":{\"@id\":\"https:\\\/\\\/www.carlosyconchita.net\\\/rutas\\\/17-04-2014-cabanasse-coll-de-la-perche-santt-pere-dels-forcats\\\/#primaryimage\"},\"thumbnailUrl\":\"https:\\\/\\\/www.carlosyconchita.net\\\/rutas\\\/wp-content\\\/uploads\\\/2014\\\/04\\\/P4174319.jpg\",\"articleSection\":[\"1-F\u00e1cil\",\"2 - De 5 a 10 km.\",\"Saillagosa\"],\"inLanguage\":\"es\",\"potentialAction\":[{\"@type\":\"CommentAction\",\"name\":\"Comment\",\"target\":[\"https:\\\/\\\/www.carlosyconchita.net\\\/rutas\\\/17-04-2014-cabanasse-coll-de-la-perche-santt-pere-dels-forcats\\\/#respond\"]}]},{\"@type\":\"WebPage\",\"@id\":\"https:\\\/\\\/www.carlosyconchita.net\\\/rutas\\\/17-04-2014-cabanasse-coll-de-la-perche-santt-pere-dels-forcats\\\/\",\"url\":\"https:\\\/\\\/www.carlosyconchita.net\\\/rutas\\\/17-04-2014-cabanasse-coll-de-la-perche-santt-pere-dels-forcats\\\/\",\"name\":\"Cabanasse, Coll de la Perche, Sant Pere dels Forcats\",\"isPartOf\":{\"@id\":\"https:\\\/\\\/www.carlosyconchita.net\\\/rutas\\\/#website\"},\"primaryImageOfPage\":{\"@id\":\"https:\\\/\\\/www.carlosyconchita.net\\\/rutas\\\/17-04-2014-cabanasse-coll-de-la-perche-santt-pere-dels-forcats\\\/#primaryimage\"},\"image\":{\"@id\":\"https:\\\/\\\/www.carlosyconchita.net\\\/rutas\\\/17-04-2014-cabanasse-coll-de-la-perche-santt-pere-dels-forcats\\\/#primaryimage\"},\"thumbnailUrl\":\"https:\\\/\\\/www.carlosyconchita.net\\\/rutas\\\/wp-content\\\/uploads\\\/2014\\\/04\\\/P4174319.jpg\",\"datePublished\":\"2014-04-17T19:43:44+00:00\",\"dateModified\":\"2014-06-02T15:10:28+00:00\",\"author\":{\"@id\":\"https:\\\/\\\/www.carlosyconchita.net\\\/rutas\\\/#\\\/schema\\\/person\\\/a9691f7258c28443fab2d3aa1479ea19\"},\"description\":\"Ruta tranquila para enlazar las poblaciones de La Cabanasse, Coll de la Perche y Sant Pere dels Forcats.\",\"breadcrumb\":{\"@id\":\"https:\\\/\\\/www.carlosyconchita.net\\\/rutas\\\/17-04-2014-cabanasse-coll-de-la-perche-santt-pere-dels-forcats\\\/#breadcrumb\"},\"inLanguage\":\"es\",\"potentialAction\":[{\"@type\":\"ReadAction\",\"target\":[\"https:\\\/\\\/www.carlosyconchita.net\\\/rutas\\\/17-04-2014-cabanasse-coll-de-la-perche-santt-pere-dels-forcats\\\/\"]}]},{\"@type\":\"ImageObject\",\"inLanguage\":\"es\",\"@id\":\"https:\\\/\\\/www.carlosyconchita.net\\\/rutas\\\/17-04-2014-cabanasse-coll-de-la-perche-santt-pere-dels-forcats\\\/#primaryimage\",\"url\":\"https:\\\/\\\/www.carlosyconchita.net\\\/rutas\\\/wp-content\\\/uploads\\\/2014\\\/04\\\/P4174319.jpg\",\"contentUrl\":\"https:\\\/\\\/www.carlosyconchita.net\\\/rutas\\\/wp-content\\\/uploads\\\/2014\\\/04\\\/P4174319.jpg\",\"width\":2048,\"height\":1536},{\"@type\":\"BreadcrumbList\",\"@id\":\"https:\\\/\\\/www.carlosyconchita.net\\\/rutas\\\/17-04-2014-cabanasse-coll-de-la-perche-santt-pere-dels-forcats\\\/#breadcrumb\",\"itemListElement\":[{\"@type\":\"ListItem\",\"position\":1,\"name\":\"Portada\",\"item\":\"https:\\\/\\\/www.carlosyconchita.net\\\/rutas\\\/\"},{\"@type\":\"ListItem\",\"position\":2,\"name\":\"17-04-2014 &#8211; Cabanasse &#8211; Coll de la Perche &#8211; Sant Pere dels Forcats\"}]},{\"@type\":\"WebSite\",\"@id\":\"https:\\\/\\\/www.carlosyconchita.net\\\/rutas\\\/#website\",\"url\":\"https:\\\/\\\/www.carlosyconchita.net\\\/rutas\\\/\",\"name\":\"Las rutas de Carlos y Conchita\",\"description\":\"\",\"potentialAction\":[{\"@type\":\"SearchAction\",\"target\":{\"@type\":\"EntryPoint\",\"urlTemplate\":\"https:\\\/\\\/www.carlosyconchita.net\\\/rutas\\\/?s={search_term_string}\"},\"query-input\":{\"@type\":\"PropertyValueSpecification\",\"valueRequired\":true,\"valueName\":\"search_term_string\"}}],\"inLanguage\":\"es\"},{\"@type\":\"Person\",\"@id\":\"https:\\\/\\\/www.carlosyconchita.net\\\/rutas\\\/#\\\/schema\\\/person\\\/a9691f7258c28443fab2d3aa1479ea19\",\"name\":\"Carlos Conchita\",\"image\":{\"@type\":\"ImageObject\",\"inLanguage\":\"es\",\"@id\":\"https:\\\/\\\/secure.gravatar.com\\\/avatar\\\/3a4625b20c8da3de99da69bfe7a322774e291c3f90dce7e8778a30fe6748ed1a?s=96&d=mm&r=g\",\"url\":\"https:\\\/\\\/secure.gravatar.com\\\/avatar\\\/3a4625b20c8da3de99da69bfe7a322774e291c3f90dce7e8778a30fe6748ed1a?s=96&d=mm&r=g\",\"contentUrl\":\"https:\\\/\\\/secure.gravatar.com\\\/avatar\\\/3a4625b20c8da3de99da69bfe7a322774e291c3f90dce7e8778a30fe6748ed1a?s=96&d=mm&r=g\",\"caption\":\"Carlos Conchita\"}}]}<\/script>\n<!-- \/ Yoast SEO plugin. -->","yoast_head_json":{"title":"Cabanasse, Coll de la Perche, Sant Pere dels Forcats","description":"Ruta tranquila para enlazar las poblaciones de La Cabanasse, Coll de la Perche y Sant Pere dels Forcats.","robots":{"index":"index","follow":"follow","max-snippet":"max-snippet:-1","max-image-preview":"max-image-preview:large","max-video-preview":"max-video-preview:-1"},"canonical":"https:\/\/www.carlosyconchita.net\/rutas\/17-04-2014-cabanasse-coll-de-la-perche-santt-pere-dels-forcats\/","og_locale":"es_ES","og_type":"article","og_title":"Cabanasse, Coll de la Perche, Sant Pere dels Forcats","og_description":"Ruta tranquila para enlazar las poblaciones de La Cabanasse, Coll de la Perche y Sant Pere dels Forcats.","og_url":"https:\/\/www.carlosyconchita.net\/rutas\/17-04-2014-cabanasse-coll-de-la-perche-santt-pere-dels-forcats\/","og_site_name":"Las rutas de Carlos y Conchita","article_published_time":"2014-04-17T19:43:44+00:00","article_modified_time":"2014-06-02T15:10:28+00:00","og_image":[{"width":2048,"height":1536,"url":"https:\/\/www.carlosyconchita.net\/rutas\/wp-content\/uploads\/2014\/04\/P4174319.jpg","type":"image\/jpeg"}],"author":"Carlos Conchita","twitter_misc":{"Escrito por":"Carlos Conchita","Tiempo de lectura":"4 minutos"},"schema":{"@context":"https:\/\/schema.org","@graph":[{"@type":"Article","@id":"https:\/\/www.carlosyconchita.net\/rutas\/17-04-2014-cabanasse-coll-de-la-perche-santt-pere-dels-forcats\/#article","isPartOf":{"@id":"https:\/\/www.carlosyconchita.net\/rutas\/17-04-2014-cabanasse-coll-de-la-perche-santt-pere-dels-forcats\/"},"author":{"name":"Carlos Conchita","@id":"https:\/\/www.carlosyconchita.net\/rutas\/#\/schema\/person\/a9691f7258c28443fab2d3aa1479ea19"},"headline":"17-04-2014 &#8211; Cabanasse &#8211; Coll de la Perche &#8211; Sant Pere dels Forcats","datePublished":"2014-04-17T19:43:44+00:00","dateModified":"2014-06-02T15:10:28+00:00","mainEntityOfPage":{"@id":"https:\/\/www.carlosyconchita.net\/rutas\/17-04-2014-cabanasse-coll-de-la-perche-santt-pere-dels-forcats\/"},"wordCount":834,"commentCount":0,"image":{"@id":"https:\/\/www.carlosyconchita.net\/rutas\/17-04-2014-cabanasse-coll-de-la-perche-santt-pere-dels-forcats\/#primaryimage"},"thumbnailUrl":"https:\/\/www.carlosyconchita.net\/rutas\/wp-content\/uploads\/2014\/04\/P4174319.jpg","articleSection":["1-F\u00e1cil","2 - De 5 a 10 km.","Saillagosa"],"inLanguage":"es","potentialAction":[{"@type":"CommentAction","name":"Comment","target":["https:\/\/www.carlosyconchita.net\/rutas\/17-04-2014-cabanasse-coll-de-la-perche-santt-pere-dels-forcats\/#respond"]}]},{"@type":"WebPage","@id":"https:\/\/www.carlosyconchita.net\/rutas\/17-04-2014-cabanasse-coll-de-la-perche-santt-pere-dels-forcats\/","url":"https:\/\/www.carlosyconchita.net\/rutas\/17-04-2014-cabanasse-coll-de-la-perche-santt-pere-dels-forcats\/","name":"Cabanasse, Coll de la Perche, Sant Pere dels Forcats","isPartOf":{"@id":"https:\/\/www.carlosyconchita.net\/rutas\/#website"},"primaryImageOfPage":{"@id":"https:\/\/www.carlosyconchita.net\/rutas\/17-04-2014-cabanasse-coll-de-la-perche-santt-pere-dels-forcats\/#primaryimage"},"image":{"@id":"https:\/\/www.carlosyconchita.net\/rutas\/17-04-2014-cabanasse-coll-de-la-perche-santt-pere-dels-forcats\/#primaryimage"},"thumbnailUrl":"https:\/\/www.carlosyconchita.net\/rutas\/wp-content\/uploads\/2014\/04\/P4174319.jpg","datePublished":"2014-04-17T19:43:44+00:00","dateModified":"2014-06-02T15:10:28+00:00","author":{"@id":"https:\/\/www.carlosyconchita.net\/rutas\/#\/schema\/person\/a9691f7258c28443fab2d3aa1479ea19"},"description":"Ruta tranquila para enlazar las poblaciones de La Cabanasse, Coll de la Perche y Sant Pere dels Forcats.","breadcrumb":{"@id":"https:\/\/www.carlosyconchita.net\/rutas\/17-04-2014-cabanasse-coll-de-la-perche-santt-pere-dels-forcats\/#breadcrumb"},"inLanguage":"es","potentialAction":[{"@type":"ReadAction","target":["https:\/\/www.carlosyconchita.net\/rutas\/17-04-2014-cabanasse-coll-de-la-perche-santt-pere-dels-forcats\/"]}]},{"@type":"ImageObject","inLanguage":"es","@id":"https:\/\/www.carlosyconchita.net\/rutas\/17-04-2014-cabanasse-coll-de-la-perche-santt-pere-dels-forcats\/#primaryimage","url":"https:\/\/www.carlosyconchita.net\/rutas\/wp-content\/uploads\/2014\/04\/P4174319.jpg","contentUrl":"https:\/\/www.carlosyconchita.net\/rutas\/wp-content\/uploads\/2014\/04\/P4174319.jpg","width":2048,"height":1536},{"@type":"BreadcrumbList","@id":"https:\/\/www.carlosyconchita.net\/rutas\/17-04-2014-cabanasse-coll-de-la-perche-santt-pere-dels-forcats\/#breadcrumb","itemListElement":[{"@type":"ListItem","position":1,"name":"Portada","item":"https:\/\/www.carlosyconchita.net\/rutas\/"},{"@type":"ListItem","position":2,"name":"17-04-2014 &#8211; Cabanasse &#8211; Coll de la Perche &#8211; Sant Pere dels Forcats"}]},{"@type":"WebSite","@id":"https:\/\/www.carlosyconchita.net\/rutas\/#website","url":"https:\/\/www.carlosyconchita.net\/rutas\/","name":"Las rutas de Carlos y Conchita","description":"","potentialAction":[{"@type":"SearchAction","target":{"@type":"EntryPoint","urlTemplate":"https:\/\/www.carlosyconchita.net\/rutas\/?s={search_term_string}"},"query-input":{"@type":"PropertyValueSpecification","valueRequired":true,"valueName":"search_term_string"}}],"inLanguage":"es"},{"@type":"Person","@id":"https:\/\/www.carlosyconchita.net\/rutas\/#\/schema\/person\/a9691f7258c28443fab2d3aa1479ea19","name":"Carlos Conchita","image":{"@type":"ImageObject","inLanguage":"es","@id":"https:\/\/secure.gravatar.com\/avatar\/3a4625b20c8da3de99da69bfe7a322774e291c3f90dce7e8778a30fe6748ed1a?s=96&d=mm&r=g","url":"https:\/\/secure.gravatar.com\/avatar\/3a4625b20c8da3de99da69bfe7a322774e291c3f90dce7e8778a30fe6748ed1a?s=96&d=mm&r=g","contentUrl":"https:\/\/secure.gravatar.com\/avatar\/3a4625b20c8da3de99da69bfe7a322774e291c3f90dce7e8778a30fe6748ed1a?s=96&d=mm&r=g","caption":"Carlos Conchita"}}]}},"_links":{"self":[{"href":"https:\/\/www.carlosyconchita.net\/rutas\/wp-json\/wp\/v2\/posts\/4235","targetHints":{"allow":["GET"]}}],"collection":[{"href":"https:\/\/www.carlosyconchita.net\/rutas\/wp-json\/wp\/v2\/posts"}],"about":[{"href":"https:\/\/www.carlosyconchita.net\/rutas\/wp-json\/wp\/v2\/types\/post"}],"author":[{"embeddable":true,"href":"https:\/\/www.carlosyconchita.net\/rutas\/wp-json\/wp\/v2\/users\/50"}],"replies":[{"embeddable":true,"href":"https:\/\/www.carlosyconchita.net\/rutas\/wp-json\/wp\/v2\/comments?post=4235"}],"version-history":[{"count":0,"href":"https:\/\/www.carlosyconchita.net\/rutas\/wp-json\/wp\/v2\/posts\/4235\/revisions"}],"wp:featuredmedia":[{"embeddable":true,"href":"https:\/\/www.carlosyconchita.net\/rutas\/wp-json\/wp\/v2\/media\/4242"}],"wp:attachment":[{"href":"https:\/\/www.carlosyconchita.net\/rutas\/wp-json\/wp\/v2\/media?parent=4235"}],"wp:term":[{"taxonomy":"category","embeddable":true,"href":"https:\/\/www.carlosyconchita.net\/rutas\/wp-json\/wp\/v2\/categories?post=4235"},{"taxonomy":"post_tag","embeddable":true,"href":"https:\/\/www.carlosyconchita.net\/rutas\/wp-json\/wp\/v2\/tags?post=4235"}],"curies":[{"name":"wp","href":"https:\/\/api.w.org\/{rel}","templated":true}]}}