{"id":4343,"date":"2014-05-01T20:35:12","date_gmt":"2014-05-01T19:35:12","guid":{"rendered":"http:\/\/www.carlosyconchita.net\/rutas\/?p=4343"},"modified":"2016-10-28T20:42:07","modified_gmt":"2016-10-28T19:42:07","slug":"01-05-2014-querforadat-beixec-estana","status":"publish","type":"post","link":"https:\/\/www.carlosyconchita.net\/rutas\/01-05-2014-querforadat-beixec-estana\/","title":{"rendered":"01-05-2014 &#8211; Querforadat , B\u00e9ixec, Estana"},"content":{"rendered":"<p>&nbsp;<\/p>\n<table border=\"0\">\n<tbody>\n<tr>\n<td><strong>Dificultad :\u00a0 Moderada \u00a0\u00a0 \u00a0\u00a0\u00a0\u00a0\u00a0\u00a0\u00a0\u00a0\u00a0\u00a0\u00a0\u00a0\u00a0\u00a0\u00a0\u00a0\u00a0\u00a0\u00a0\u00a0\u00a0\u00a0\u00a0\u00a0\u00a0\u00a0\u00a0\u00a0\u00a0\u00a0\u00a0\u00a0\u00a0\u00a0\u00a0\u00a0\u00a0\u00a0\u00a0\u00a0 <strong>Recorrido : 15\u2019030 km.<\/strong><\/strong><\/td>\n<td>&nbsp;<\/td>\n<\/tr>\n<tr>\n<td><strong>\u00a0Desnivel :\u00a0 693 m. \u00a0 \u00a0 \u00a0 \u00a0 \u00a0 \u00a0 \u00a0 \u00a0 \u00a0 \u00a0 \u00a0 \u00a0 \u00a0 \u00a0 \u00a0 \u00a0 \u00a0 \u00a0 \u00a0 \u00a0 \u00a0 \u00a0 \u00a0 \u00a0 \u00a0\u00a0<strong> Alturas :\u00a0 1.164 \/ 1.506<\/strong><\/strong><\/td>\n<td>&nbsp;<\/td>\n<\/tr>\n<tr>\n<td><strong> Tiempo total :\u00a0 5 h. 58 m.\u00a0\u00a0\u00a0\u00a0\u00a0\u00a0\u00a0\u00a0\u00a0\u00a0\u00a0\u00a0\u00a0\u00a0\u00a0\u00a0\u00a0\u00a0\u00a0\u00a0\u00a0\u00a0\u00a0\u00a0\u00a0\u00a0\u00a0\u00a0\u00a0\u00a0\u00a0\u00a0\u00a0\u00a0\u00a0\u00a0\u00a0\u00a0\u00a0\u00a0\u00a0 Velocidad media<strong> :\u00a0 2\u20195 km.\/hora<\/strong><br \/>\n <\/strong><\/td>\n<td>&nbsp;<\/td>\n<\/tr>\n<tr>\n<td><strong>Tiempo movimiento :\u00a0 3 h. 50 m.\u00a0\u00a0\u00a0\u00a0\u00a0\u00a0\u00a0\u00a0\u00a0\u00a0\u00a0\u00a0\u00a0\u00a0\u00a0\u00a0\u00a0\u00a0\u00a0\u00a0\u00a0\u00a0\u00a0\u00a0\u00a0\u00a0\u00a0\u00a0 Velocidad media\u00a0<strong><strong> :\u00a0 3\u20199 km.\/hora<\/strong><\/strong><br \/>\n <\/strong><\/td>\n<td>&nbsp;<\/td>\n<\/tr>\n<\/tbody>\n<\/table>\n<p style=\"text-align: justify;\">La excursi\u00f3n empieza en el pueblo de Querforadat, pasa por B\u00e9ixec y Estana,\u00a0 y a lo largo de su recorrido, aparte de los pueblos y paisaje pr\u00f3ximo por el que iremos pasando, podremos ver unas magnificas vistas de las monta\u00f1as del parque del Cadi-Moixer\u00f3.<\/p>\n<p style=\"text-align: justify;\">Para llegar a Querforadat, cogeremos la carretera N-260, que va de Puigcerd\u00e1 a La Seo d&#8217; Urgell, y a unos 15 km. de La Seo y 45 de Puigcerd\u00e1, veremos el desvio que nos indica Queforadat a 11 km.<\/p>\n<p style=\"text-align: justify;\">Subiendo por esta carretera, pasaremos por Bar, a 4 km. y poco despues por Toloriu.<\/p>\n<p style=\"text-align: justify;\">[shashin type=\u00bbphoto\u00bb id=\u00bb6206,6207,6208&#8243; size=\u00bblarge\u00bb columns=\u00bbmax\u00bb order=\u00bbuser\u00bb caption=\u00bby\u00bb position=\u00bbcenter\u00bb]<\/p>\n<p style=\"text-align: justify;\">Ya en la carretera de subida, tenemos un anticipo de las bonitas vistas de las monta\u00f1as, hasta que lleguemos al peque\u00f1o pueblo de Querforadat, en donde intentaremos dejar el coche, ya que realmente no hay mucho sitio para hacerlo.<\/p>\n<p style=\"text-align: justify;\">[shashin type=\u00bbphoto\u00bb id=\u00bb6212,6215&#8243; size=\u00bblarge\u00bb columns=\u00bbmax\u00bb order=\u00bbuser\u00bb caption=\u00bby\u00bb position=\u00bbcenter\u00bb]<\/p>\n<p style=\"text-align: justify;\">Nosotros hemos podido dejarlo delante del restaurante Cal Coix.<\/p>\n<p style=\"text-align: justify;\">[shashin type=\u00bbphoto\u00bb id=\u00bb6216&#8243; size=\u00bblarge\u00bb columns=\u00bbmax\u00bb order=\u00bbuser\u00bb caption=\u00bby\u00bb position=\u00bbcenter\u00bb]<\/p>\n<p style=\"text-align: justify;\">Empezamos a caminar hacia la iglesia, que tenemos en la calle de debajo de donde estamos, y despues seguimos esa calle que desciende fuertemente, en direccion al fondo del valle, donde pasa el rio Quer.<\/p>\n<p style=\"text-align: justify;\">[shashin type=\u00bbphoto\u00bb id=\u00bb6217,6220&#8243; size=\u00bblarge\u00bb columns=\u00bbmax\u00bb order=\u00bbuser\u00bb caption=\u00bby\u00bb position=\u00bbcenter\u00bb]<\/p>\n<p style=\"text-align: justify;\">Poco despues, encontramos un letrero indicador (de los pocos que hemos visto en toda la excursi\u00f3n) , que nos indica Beixec a la izquierda y Estana a la derecha.<\/p>\n<p style=\"text-align: justify;\">En realidad podemos hacer la ruta en cualquiera de los 2 sentidos, pero nosotros hemos preferido hacerla por la izquierda, es decir primero a Beixec y al final Estana.<\/p>\n<p style=\"text-align: justify;\">Despues , hemos visto que hemos acertado en la elecci\u00f3n, ya que de esa forma tenemos 2 fuertes bajadas (esta en la que estamos hasta llegar al rio, y despues el paso por el GR-150), que de hacerlo en sentido inverso, hubieran sido 2 fuertes subidas.<\/p>\n<p style=\"text-align: justify;\">Bajamos pues durante unos 2.2 km. por el camino que nos llevar\u00e1 hasta el fondo, a cruzar el rio Quer<\/p>\n<p style=\"text-align: justify;\">[shashin type=\u00bbphoto\u00bb id=\u00bb6223,6224,6225&#8243; size=\u00bblarge\u00bb columns=\u00bbmax\u00bb order=\u00bbuser\u00bb caption=\u00bby\u00bb position=\u00bbcenter\u00bb]<\/p>\n<p style=\"text-align: justify;\">A partir de alli el camino va subiendo, y podremos ir admirando las monta\u00f1as del Cadi-Moixer\u00f3, hasta que en el km. 3.8 aprox. podremos ver lo que queda del antiguo pueblo de Bima o Vima.<\/p>\n<p style=\"text-align: justify;\">[shashin type=\u00bbphoto\u00bb id=\u00bb6229,6235,6232&#8243; size=\u00bblarge\u00bb columns=\u00bbmax\u00bb order=\u00bbuser\u00bb caption=\u00bby\u00bb position=\u00bbcenter\u00bb]<\/p>\n<p style=\"text-align: justify;\">Siguiendo el camino, cuando llevemos aprox. 5.7 k, llegaremos a Beixec.<\/p>\n<p style=\"text-align: justify;\">[shashin type=\u00bbphoto\u00bb id=\u00bb6237,6239&#8243; size=\u00bblarge\u00bb columns=\u00bbmax\u00bb order=\u00bbuser\u00bb caption=\u00bby\u00bb position=\u00bbcenter\u00bb]<\/p>\n<p style=\"text-align: justify;\">Seguimos el camino, y poco despues, a la salida del pueblo, dejaremos el camino principal por el que ibamos, y cogeremos un camino m\u00e1s estrecho que sube a nuestra derecha, que nos indica \u00abLa Collada\u00bb y \u00abEstana\u00bb<\/p>\n<p style=\"text-align: justify;\">Al cabo de unos 700-800 m. de subida, llegaremos a una amplia zona muy despejada, el Coll de Beixec, donde descansamos un poco y comemos algo, disfrutando de las vistas.<\/p>\n<p style=\"text-align: justify;\">[shashin type=\u00bbphoto\u00bb id=\u00bb6242,6243,6245&#8243; size=\u00bblarge\u00bb columns=\u00bbmax\u00bb order=\u00bbuser\u00bb caption=\u00bby\u00bb position=\u00bbcenter\u00bb]<\/p>\n<p style=\"text-align: justify;\">Continuamos por el camino por el que veniamos, que hace una amplia curva, pero hay que prestar atencion a un letrero que encontramos alli mismo porque puede despistar, ya que la se\u00f1al apunta a otro camino que sube hacia una colina m\u00e1s a la derecha : hemos de seguir el camino \u00abprincipal\u00bb por el que veniamos, y no subir a la colina m\u00e1s a la derecha.<\/p>\n<p style=\"text-align: justify;\">Durante unos 2 km, vamos por ese camino de tierra, hasta que desemboca en una curva de la carretera que lleva a Estana, y que seguimos hasta que llegamos a ese pueblo.<\/p>\n<p style=\"text-align: justify;\">[shashin type=\u00bbphoto\u00bb id=\u00bb6246,6251&#8243; size=\u00bblarge\u00bb columns=\u00bbmax\u00bb order=\u00bbuser\u00bb caption=\u00bby\u00bb position=\u00bbcenter\u00bb]<\/p>\n<p style=\"text-align: justify;\">[shashin type=\u00bbphoto\u00bb id=\u00bb6252,6254&#8243; size=\u00bblarge\u00bb columns=\u00bbmax\u00bb order=\u00bbuser\u00bb caption=\u00bby\u00bb position=\u00bbcenter\u00bb]<\/p>\n<p style=\"text-align: justify;\">Salimos del pueblo , y encontramos alli una se\u00f1al que nos indica Coll de Paillers a 0.7 km, y Cava a 8.7 km.<\/p>\n<p style=\"text-align: justify;\">Aqui encontramos otra\u00a0 de las muchas incogruencias de las escasas se\u00f1ales que hemos visto durante la ruta, ya que esta indicado Cava , \u00absin rastro\u00bb de Querforadat, mientras que un poco m\u00e1s adelante, en el Coll de Paillers, se \u00abpierde\u00bb Cava y aparece Querforadat&#8230;<\/p>\n<p style=\"text-align: justify;\">Salimos pues del pueblo, y a unos 500 m. despues de una peque\u00f1a zona de picnic, y antes de un aparcamiento, veremos un desvio a la derecha, que nos indica , ahora s\u00ed Querforadat.<\/p>\n<p style=\"text-align: justify;\">Giramos pues a la derecha, y a unos 20 m vemos que alli empiezan 3 caminos : cual ser\u00e1 el nuestro ?\u00a0 (otro fallo de se\u00f1alizaci\u00f3n&#8230;)<\/p>\n<p style=\"text-align: justify;\">Teniendo en cuenta que sab\u00edamos que alli empezaba un tramo del GR-150, buscamos las se\u00f1ales rojas\/blancas correspondientes, y para acabar de arreglarlo, las encontramos medio borradas en unas piedras entre 2 de esos 3 caminos citados : cual de los 2 ser\u00e1 el camino correcto ???<\/p>\n<p style=\"text-align: justify;\">Decidimos seguir por el mas ancho, y como suele pasar, el amigo Murphy hace de las suyas y al cabo de 1 km. nos encontramos un letrero de \u00abcamino particular\u00bb y despues de una curva la entrada a\u00a0 una masia. (no podian poner el letrero al principio\u00a0 ???)<\/p>\n<p style=\"text-align: justify;\">Volvemos pues atras, y cogemos el otro camino, estrecho, bastante sucio y que baja de forma bastante pronunciada y al cabo de unos metros vamos viendo las se\u00f1ales rojas\/blancas del GR-150&#8230; por fin.\u00a0 (hay que indicar que la guia que llevabamos tampoco decia nada de que ese camino bajaba o subia tanto)<\/p>\n<p style=\"text-align: justify;\">[shashin type=\u00bbphoto\u00bb id=\u00bb6258,6260&#8243; size=\u00bblarge\u00bb columns=\u00bbmax\u00bb order=\u00bbuser\u00bb caption=\u00bby\u00bb position=\u00bbcenter\u00bb]<\/p>\n<p style=\"text-align: justify;\">Pasamos por un tramo de bastante bajada entre arboles, y de nuevo un peque\u00f1o \u00abmisterio\u00bb de la se\u00f1alizaci\u00f3n :<\/p>\n<p style=\"text-align: justify;\">[shashin type=\u00bbphoto\u00bb id=\u00bb6259&#8243; size=\u00bblarge\u00bb columns=\u00bbmax\u00bb order=\u00bbuser\u00bb caption=\u00bby\u00bb position=\u00bbcenter\u00bb]<\/p>\n<p style=\"text-align: justify;\">Ya que se indica que por la derecha llegamos a Querforadat en 40 min. , tan raro seria poner que por la izquierda se tarda 2 horas o 2 dias\u00a0 ??<\/p>\n<p style=\"text-align: justify;\">Decidimos ir por la izquierda, y al cabo de pocos metros nuevo \u00ablio\u00bb\u00a0 :\u00a0 el camino de bifurca y no hay ninguna se\u00f1al , por lo que al final decidimos pasar de todo ,\u00a0 y coger el camino a la derecha que segun nuestro GPS nos llevar\u00e1 a Querforadat, siguiendo el curso del rio, que cruzaremos en un par de ocasiones, una de ellas donde se junta el Quer con el Torrente de la Torrentera.<\/p>\n<p style=\"text-align: justify;\">[shashin type=\u00bbphoto\u00bb id=\u00bb6261,6262,6263&#8243; size=\u00bblarge\u00bb columns=\u00bbmax\u00bb order=\u00bbuser\u00bb caption=\u00bby\u00bb position=\u00bbcenter\u00bb]<\/p>\n<p style=\"text-align: justify;\">Poco despues vemos ya el pueblo, hasta que llegamos al punto en el que al principio de la ruta hemos decidido empezar por la izquierda, y a partir de alli, subir la pronunciada calle que nos llevar\u00e1 a la iglesia y despues a nuestro coche.<\/p>\n<p style=\"text-align: justify;\">[shashin type=\u00bbphoto\u00bb id=\u00bb6265,6267,6269&#8243; size=\u00bblarge\u00bb columns=\u00bbmax\u00bb order=\u00bbuser\u00bb caption=\u00bby\u00bb position=\u00bbcenter\u00bb]<\/p>\n<p style=\"text-align: justify;\">En resumen, una muy bonita excursi\u00f3n, aunque hemos de reconocer que falla muchisimo no solo la se\u00f1alizacion, sino la \u00ablogica\u00bb de la misma, (porqu\u00e9 no se indica Querforadat siempre en vez de poner una vez Cava y otra Querforadat\u00a0 ?)<\/p>\n<p style=\"text-align: justify;\">Aunque no creo que sirva de nada, tambien \u00abprotestamos\u00bb por las indicaciones de la distancia en tiempo : si el recorrido la hace el amigo Kilian o nosotros, seguro que el tiempo no se parece en nada : a qu\u00e9 viene entonces poner tiempo y no km.\u00a0 ???<\/p>\n<p style=\"text-align: justify;\">Y si se decide poner tiempo, en una se\u00f1al que nos indica que puedes ir a Querforadat tanto por la derecha como por la izquierda, porqu\u00e9 no se indica el tiempo en las 2 opciones ??<\/p>\n<p style=\"text-align: justify;\">[shashin type=\u00bbphoto\u00bb id=\u00bb6259&#8243; size=\u00bblarge\u00bb columns=\u00bbmax\u00bb order=\u00bbuser\u00bb caption=\u00bby\u00bb position=\u00bbcenter\u00bb]<\/p>\n<hr \/>\n<p><strong class=\"wp-caption\">Track de la ruta<\/strong><\/p>\n<p>[map style=\u00bbwidth: auto; height:400px; margin:20px 0px 20px 0px; border: 1px solid black;\u00bb gpx=\u00bbhttp:\/\/www.carlosyconchita.net\/rutas\/wp-content\/uploads\/Querforadat-Beixec-Estana.gpx\u00bb]<\/p>\n<hr \/>\n<p>&nbsp;<\/p>\n<h2 style=\"text-align: center;\"><a href=\"https:\/\/get.google.com\/albumarchive\/107644747431220159618\/album\/AF1QipMhOrJB0RPP1LCceZ-akSoK3NCtbEVsJrz2S9eZ\" target=\"_blank\"><strong><span style=\"color: #000080;\">Enlace album de fotos<\/span><\/strong><\/a><\/h2>\n<p style=\"text-align: justify;\">\u00a0<\/p>\n<hr \/>\n<p class=\"wp-caption\" style=\"text-align: justify;\"><strong>Enlace Wikiloc<\/strong><\/p>\n<p style=\"text-align: center;\"><a href=\"http:\/\/es.wikiloc.com\/wikiloc\/view.do?id=6776401\" target=\"_blank\"><img loading=\"lazy\" decoding=\"async\" class=\"aligncenter\" title=\"wikiloc\" src=\"http:\/\/www.carlosyconchita.net\/rutas\/wp-content\/uploads\/2020\/09\/wikiloc.jpg\" alt=\"\" width=\"117\" height=\"34\" \/><\/a><\/p>\n<hr \/>\n","protected":false},"excerpt":{"rendered":"<p>&nbsp; Dificultad :\u00a0 Moderada \u00a0\u00a0 \u00a0\u00a0\u00a0\u00a0\u00a0\u00a0\u00a0\u00a0\u00a0\u00a0\u00a0\u00a0\u00a0\u00a0\u00a0\u00a0\u00a0\u00a0\u00a0\u00a0\u00a0\u00a0\u00a0\u00a0\u00a0\u00a0\u00a0\u00a0\u00a0\u00a0\u00a0\u00a0\u00a0\u00a0\u00a0\u00a0\u00a0\u00a0\u00a0\u00a0 Recorrido : 15\u2019030 km. &nbsp; \u00a0Desnivel :\u00a0 693 m. \u00a0 \u00a0 \u00a0 \u00a0 \u00a0 \u00a0 \u00a0 \u00a0 \u00a0 \u00a0 \u00a0 \u00a0 \u00a0 \u00a0 \u00a0 \u00a0 \u00a0 \u00a0 \u00a0 \u00a0 \u00a0 \u00a0 \u00a0 \u00a0 \u00a0\u00a0 Alturas :\u00a0 1.164 \/ 1.506 &nbsp; Tiempo total :\u00a0 5 h. 58 m.\u00a0\u00a0\u00a0\u00a0\u00a0\u00a0\u00a0\u00a0\u00a0\u00a0\u00a0\u00a0\u00a0\u00a0\u00a0\u00a0\u00a0\u00a0\u00a0\u00a0\u00a0\u00a0\u00a0\u00a0\u00a0\u00a0\u00a0\u00a0\u00a0\u00a0\u00a0\u00a0\u00a0\u00a0\u00a0\u00a0\u00a0\u00a0\u00a0\u00a0\u00a0 Velocidad media [&hellip;]<\/p>\n","protected":false},"author":50,"featured_media":4357,"comment_status":"open","ping_status":"open","sticky":false,"template":"","format":"gallery","meta":{"footnotes":""},"categories":[11,23,41],"tags":[],"class_list":{"0":"post-4343","1":"post","2":"type-post","3":"status-publish","4":"format-gallery","5":"has-post-thumbnail","6":"hentry","7":"category-moderada","8":"category-de-10-a-15-km","9":"category-cerdanya-sur","10":"post_format-post-format-gallery","12":"post-with-thumbnail","13":"post-with-thumbnail-icon"},"yoast_head":"<!-- This site is optimized with the Yoast SEO plugin v27.4 - https:\/\/yoast.com\/product\/yoast-seo-wordpress\/ -->\n<title>Querforadat , B\u00e9ixec, Estana<\/title>\n<meta name=\"description\" content=\"Ruta por la zona de Querforadat , B\u00e9ixec, Estana (Cad\u00ed-Moixer\u00f3)\" \/>\n<meta name=\"robots\" content=\"index, follow, max-snippet:-1, max-image-preview:large, max-video-preview:-1\" \/>\n<link rel=\"canonical\" href=\"https:\/\/www.carlosyconchita.net\/rutas\/01-05-2014-querforadat-beixec-estana\/\" \/>\n<meta property=\"og:locale\" content=\"es_ES\" \/>\n<meta property=\"og:type\" content=\"article\" \/>\n<meta property=\"og:title\" content=\"Querforadat , B\u00e9ixec, Estana\" \/>\n<meta property=\"og:description\" content=\"Ruta por la zona de Querforadat , B\u00e9ixec, Estana (Cad\u00ed-Moixer\u00f3)\" \/>\n<meta property=\"og:url\" content=\"https:\/\/www.carlosyconchita.net\/rutas\/01-05-2014-querforadat-beixec-estana\/\" \/>\n<meta property=\"og:site_name\" content=\"Las rutas de Carlos y Conchita\" \/>\n<meta property=\"article:published_time\" content=\"2014-05-01T19:35:12+00:00\" \/>\n<meta property=\"article:modified_time\" content=\"2016-10-28T19:42:07+00:00\" \/>\n<meta property=\"og:image\" content=\"https:\/\/www.carlosyconchita.net\/rutas\/wp-content\/uploads\/2014\/05\/P5014562-copia.jpg\" \/>\n\t<meta property=\"og:image:width\" content=\"2048\" \/>\n\t<meta property=\"og:image:height\" content=\"927\" \/>\n\t<meta property=\"og:image:type\" content=\"image\/jpeg\" \/>\n<meta name=\"author\" content=\"Carlos Conchita\" \/>\n<meta name=\"twitter:label1\" content=\"Escrito por\" \/>\n\t<meta name=\"twitter:data1\" content=\"Carlos Conchita\" \/>\n\t<meta name=\"twitter:label2\" content=\"Tiempo de lectura\" \/>\n\t<meta name=\"twitter:data2\" content=\"7 minutos\" \/>\n<script type=\"application\/ld+json\" class=\"yoast-schema-graph\">{\"@context\":\"https:\\\/\\\/schema.org\",\"@graph\":[{\"@type\":\"Article\",\"@id\":\"https:\\\/\\\/www.carlosyconchita.net\\\/rutas\\\/01-05-2014-querforadat-beixec-estana\\\/#article\",\"isPartOf\":{\"@id\":\"https:\\\/\\\/www.carlosyconchita.net\\\/rutas\\\/01-05-2014-querforadat-beixec-estana\\\/\"},\"author\":{\"name\":\"Carlos Conchita\",\"@id\":\"https:\\\/\\\/www.carlosyconchita.net\\\/rutas\\\/#\\\/schema\\\/person\\\/a9691f7258c28443fab2d3aa1479ea19\"},\"headline\":\"01-05-2014 &#8211; Querforadat , B\u00e9ixec, Estana\",\"datePublished\":\"2014-05-01T19:35:12+00:00\",\"dateModified\":\"2016-10-28T19:42:07+00:00\",\"mainEntityOfPage\":{\"@id\":\"https:\\\/\\\/www.carlosyconchita.net\\\/rutas\\\/01-05-2014-querforadat-beixec-estana\\\/\"},\"wordCount\":1349,\"commentCount\":0,\"image\":{\"@id\":\"https:\\\/\\\/www.carlosyconchita.net\\\/rutas\\\/01-05-2014-querforadat-beixec-estana\\\/#primaryimage\"},\"thumbnailUrl\":\"https:\\\/\\\/www.carlosyconchita.net\\\/rutas\\\/wp-content\\\/uploads\\\/2014\\\/05\\\/P5014562-copia.jpg\",\"articleSection\":[\"2-Moderada\",\"3 - De 10 a 15 km.\",\"Cerdanya Sur-Cad\u00ed-Moixer\u00f3\"],\"inLanguage\":\"es\",\"potentialAction\":[{\"@type\":\"CommentAction\",\"name\":\"Comment\",\"target\":[\"https:\\\/\\\/www.carlosyconchita.net\\\/rutas\\\/01-05-2014-querforadat-beixec-estana\\\/#respond\"]}]},{\"@type\":\"WebPage\",\"@id\":\"https:\\\/\\\/www.carlosyconchita.net\\\/rutas\\\/01-05-2014-querforadat-beixec-estana\\\/\",\"url\":\"https:\\\/\\\/www.carlosyconchita.net\\\/rutas\\\/01-05-2014-querforadat-beixec-estana\\\/\",\"name\":\"Querforadat , B\u00e9ixec, Estana\",\"isPartOf\":{\"@id\":\"https:\\\/\\\/www.carlosyconchita.net\\\/rutas\\\/#website\"},\"primaryImageOfPage\":{\"@id\":\"https:\\\/\\\/www.carlosyconchita.net\\\/rutas\\\/01-05-2014-querforadat-beixec-estana\\\/#primaryimage\"},\"image\":{\"@id\":\"https:\\\/\\\/www.carlosyconchita.net\\\/rutas\\\/01-05-2014-querforadat-beixec-estana\\\/#primaryimage\"},\"thumbnailUrl\":\"https:\\\/\\\/www.carlosyconchita.net\\\/rutas\\\/wp-content\\\/uploads\\\/2014\\\/05\\\/P5014562-copia.jpg\",\"datePublished\":\"2014-05-01T19:35:12+00:00\",\"dateModified\":\"2016-10-28T19:42:07+00:00\",\"author\":{\"@id\":\"https:\\\/\\\/www.carlosyconchita.net\\\/rutas\\\/#\\\/schema\\\/person\\\/a9691f7258c28443fab2d3aa1479ea19\"},\"description\":\"Ruta por la zona de Querforadat , B\u00e9ixec, Estana (Cad\u00ed-Moixer\u00f3)\",\"breadcrumb\":{\"@id\":\"https:\\\/\\\/www.carlosyconchita.net\\\/rutas\\\/01-05-2014-querforadat-beixec-estana\\\/#breadcrumb\"},\"inLanguage\":\"es\",\"potentialAction\":[{\"@type\":\"ReadAction\",\"target\":[\"https:\\\/\\\/www.carlosyconchita.net\\\/rutas\\\/01-05-2014-querforadat-beixec-estana\\\/\"]}]},{\"@type\":\"ImageObject\",\"inLanguage\":\"es\",\"@id\":\"https:\\\/\\\/www.carlosyconchita.net\\\/rutas\\\/01-05-2014-querforadat-beixec-estana\\\/#primaryimage\",\"url\":\"https:\\\/\\\/www.carlosyconchita.net\\\/rutas\\\/wp-content\\\/uploads\\\/2014\\\/05\\\/P5014562-copia.jpg\",\"contentUrl\":\"https:\\\/\\\/www.carlosyconchita.net\\\/rutas\\\/wp-content\\\/uploads\\\/2014\\\/05\\\/P5014562-copia.jpg\",\"width\":2048,\"height\":927},{\"@type\":\"BreadcrumbList\",\"@id\":\"https:\\\/\\\/www.carlosyconchita.net\\\/rutas\\\/01-05-2014-querforadat-beixec-estana\\\/#breadcrumb\",\"itemListElement\":[{\"@type\":\"ListItem\",\"position\":1,\"name\":\"Portada\",\"item\":\"https:\\\/\\\/www.carlosyconchita.net\\\/rutas\\\/\"},{\"@type\":\"ListItem\",\"position\":2,\"name\":\"01-05-2014 &#8211; Querforadat , B\u00e9ixec, Estana\"}]},{\"@type\":\"WebSite\",\"@id\":\"https:\\\/\\\/www.carlosyconchita.net\\\/rutas\\\/#website\",\"url\":\"https:\\\/\\\/www.carlosyconchita.net\\\/rutas\\\/\",\"name\":\"Las rutas de Carlos y Conchita\",\"description\":\"\",\"potentialAction\":[{\"@type\":\"SearchAction\",\"target\":{\"@type\":\"EntryPoint\",\"urlTemplate\":\"https:\\\/\\\/www.carlosyconchita.net\\\/rutas\\\/?s={search_term_string}\"},\"query-input\":{\"@type\":\"PropertyValueSpecification\",\"valueRequired\":true,\"valueName\":\"search_term_string\"}}],\"inLanguage\":\"es\"},{\"@type\":\"Person\",\"@id\":\"https:\\\/\\\/www.carlosyconchita.net\\\/rutas\\\/#\\\/schema\\\/person\\\/a9691f7258c28443fab2d3aa1479ea19\",\"name\":\"Carlos Conchita\",\"image\":{\"@type\":\"ImageObject\",\"inLanguage\":\"es\",\"@id\":\"https:\\\/\\\/secure.gravatar.com\\\/avatar\\\/3a4625b20c8da3de99da69bfe7a322774e291c3f90dce7e8778a30fe6748ed1a?s=96&d=mm&r=g\",\"url\":\"https:\\\/\\\/secure.gravatar.com\\\/avatar\\\/3a4625b20c8da3de99da69bfe7a322774e291c3f90dce7e8778a30fe6748ed1a?s=96&d=mm&r=g\",\"contentUrl\":\"https:\\\/\\\/secure.gravatar.com\\\/avatar\\\/3a4625b20c8da3de99da69bfe7a322774e291c3f90dce7e8778a30fe6748ed1a?s=96&d=mm&r=g\",\"caption\":\"Carlos Conchita\"}}]}<\/script>\n<!-- \/ Yoast SEO plugin. -->","yoast_head_json":{"title":"Querforadat , B\u00e9ixec, Estana","description":"Ruta por la zona de Querforadat , B\u00e9ixec, Estana (Cad\u00ed-Moixer\u00f3)","robots":{"index":"index","follow":"follow","max-snippet":"max-snippet:-1","max-image-preview":"max-image-preview:large","max-video-preview":"max-video-preview:-1"},"canonical":"https:\/\/www.carlosyconchita.net\/rutas\/01-05-2014-querforadat-beixec-estana\/","og_locale":"es_ES","og_type":"article","og_title":"Querforadat , B\u00e9ixec, Estana","og_description":"Ruta por la zona de Querforadat , B\u00e9ixec, Estana (Cad\u00ed-Moixer\u00f3)","og_url":"https:\/\/www.carlosyconchita.net\/rutas\/01-05-2014-querforadat-beixec-estana\/","og_site_name":"Las rutas de Carlos y Conchita","article_published_time":"2014-05-01T19:35:12+00:00","article_modified_time":"2016-10-28T19:42:07+00:00","og_image":[{"width":2048,"height":927,"url":"https:\/\/www.carlosyconchita.net\/rutas\/wp-content\/uploads\/2014\/05\/P5014562-copia.jpg","type":"image\/jpeg"}],"author":"Carlos Conchita","twitter_misc":{"Escrito por":"Carlos Conchita","Tiempo de lectura":"7 minutos"},"schema":{"@context":"https:\/\/schema.org","@graph":[{"@type":"Article","@id":"https:\/\/www.carlosyconchita.net\/rutas\/01-05-2014-querforadat-beixec-estana\/#article","isPartOf":{"@id":"https:\/\/www.carlosyconchita.net\/rutas\/01-05-2014-querforadat-beixec-estana\/"},"author":{"name":"Carlos Conchita","@id":"https:\/\/www.carlosyconchita.net\/rutas\/#\/schema\/person\/a9691f7258c28443fab2d3aa1479ea19"},"headline":"01-05-2014 &#8211; Querforadat , B\u00e9ixec, Estana","datePublished":"2014-05-01T19:35:12+00:00","dateModified":"2016-10-28T19:42:07+00:00","mainEntityOfPage":{"@id":"https:\/\/www.carlosyconchita.net\/rutas\/01-05-2014-querforadat-beixec-estana\/"},"wordCount":1349,"commentCount":0,"image":{"@id":"https:\/\/www.carlosyconchita.net\/rutas\/01-05-2014-querforadat-beixec-estana\/#primaryimage"},"thumbnailUrl":"https:\/\/www.carlosyconchita.net\/rutas\/wp-content\/uploads\/2014\/05\/P5014562-copia.jpg","articleSection":["2-Moderada","3 - De 10 a 15 km.","Cerdanya Sur-Cad\u00ed-Moixer\u00f3"],"inLanguage":"es","potentialAction":[{"@type":"CommentAction","name":"Comment","target":["https:\/\/www.carlosyconchita.net\/rutas\/01-05-2014-querforadat-beixec-estana\/#respond"]}]},{"@type":"WebPage","@id":"https:\/\/www.carlosyconchita.net\/rutas\/01-05-2014-querforadat-beixec-estana\/","url":"https:\/\/www.carlosyconchita.net\/rutas\/01-05-2014-querforadat-beixec-estana\/","name":"Querforadat , B\u00e9ixec, Estana","isPartOf":{"@id":"https:\/\/www.carlosyconchita.net\/rutas\/#website"},"primaryImageOfPage":{"@id":"https:\/\/www.carlosyconchita.net\/rutas\/01-05-2014-querforadat-beixec-estana\/#primaryimage"},"image":{"@id":"https:\/\/www.carlosyconchita.net\/rutas\/01-05-2014-querforadat-beixec-estana\/#primaryimage"},"thumbnailUrl":"https:\/\/www.carlosyconchita.net\/rutas\/wp-content\/uploads\/2014\/05\/P5014562-copia.jpg","datePublished":"2014-05-01T19:35:12+00:00","dateModified":"2016-10-28T19:42:07+00:00","author":{"@id":"https:\/\/www.carlosyconchita.net\/rutas\/#\/schema\/person\/a9691f7258c28443fab2d3aa1479ea19"},"description":"Ruta por la zona de Querforadat , B\u00e9ixec, Estana (Cad\u00ed-Moixer\u00f3)","breadcrumb":{"@id":"https:\/\/www.carlosyconchita.net\/rutas\/01-05-2014-querforadat-beixec-estana\/#breadcrumb"},"inLanguage":"es","potentialAction":[{"@type":"ReadAction","target":["https:\/\/www.carlosyconchita.net\/rutas\/01-05-2014-querforadat-beixec-estana\/"]}]},{"@type":"ImageObject","inLanguage":"es","@id":"https:\/\/www.carlosyconchita.net\/rutas\/01-05-2014-querforadat-beixec-estana\/#primaryimage","url":"https:\/\/www.carlosyconchita.net\/rutas\/wp-content\/uploads\/2014\/05\/P5014562-copia.jpg","contentUrl":"https:\/\/www.carlosyconchita.net\/rutas\/wp-content\/uploads\/2014\/05\/P5014562-copia.jpg","width":2048,"height":927},{"@type":"BreadcrumbList","@id":"https:\/\/www.carlosyconchita.net\/rutas\/01-05-2014-querforadat-beixec-estana\/#breadcrumb","itemListElement":[{"@type":"ListItem","position":1,"name":"Portada","item":"https:\/\/www.carlosyconchita.net\/rutas\/"},{"@type":"ListItem","position":2,"name":"01-05-2014 &#8211; Querforadat , B\u00e9ixec, Estana"}]},{"@type":"WebSite","@id":"https:\/\/www.carlosyconchita.net\/rutas\/#website","url":"https:\/\/www.carlosyconchita.net\/rutas\/","name":"Las rutas de Carlos y Conchita","description":"","potentialAction":[{"@type":"SearchAction","target":{"@type":"EntryPoint","urlTemplate":"https:\/\/www.carlosyconchita.net\/rutas\/?s={search_term_string}"},"query-input":{"@type":"PropertyValueSpecification","valueRequired":true,"valueName":"search_term_string"}}],"inLanguage":"es"},{"@type":"Person","@id":"https:\/\/www.carlosyconchita.net\/rutas\/#\/schema\/person\/a9691f7258c28443fab2d3aa1479ea19","name":"Carlos Conchita","image":{"@type":"ImageObject","inLanguage":"es","@id":"https:\/\/secure.gravatar.com\/avatar\/3a4625b20c8da3de99da69bfe7a322774e291c3f90dce7e8778a30fe6748ed1a?s=96&d=mm&r=g","url":"https:\/\/secure.gravatar.com\/avatar\/3a4625b20c8da3de99da69bfe7a322774e291c3f90dce7e8778a30fe6748ed1a?s=96&d=mm&r=g","contentUrl":"https:\/\/secure.gravatar.com\/avatar\/3a4625b20c8da3de99da69bfe7a322774e291c3f90dce7e8778a30fe6748ed1a?s=96&d=mm&r=g","caption":"Carlos Conchita"}}]}},"_links":{"self":[{"href":"https:\/\/www.carlosyconchita.net\/rutas\/wp-json\/wp\/v2\/posts\/4343","targetHints":{"allow":["GET"]}}],"collection":[{"href":"https:\/\/www.carlosyconchita.net\/rutas\/wp-json\/wp\/v2\/posts"}],"about":[{"href":"https:\/\/www.carlosyconchita.net\/rutas\/wp-json\/wp\/v2\/types\/post"}],"author":[{"embeddable":true,"href":"https:\/\/www.carlosyconchita.net\/rutas\/wp-json\/wp\/v2\/users\/50"}],"replies":[{"embeddable":true,"href":"https:\/\/www.carlosyconchita.net\/rutas\/wp-json\/wp\/v2\/comments?post=4343"}],"version-history":[{"count":0,"href":"https:\/\/www.carlosyconchita.net\/rutas\/wp-json\/wp\/v2\/posts\/4343\/revisions"}],"wp:featuredmedia":[{"embeddable":true,"href":"https:\/\/www.carlosyconchita.net\/rutas\/wp-json\/wp\/v2\/media\/4357"}],"wp:attachment":[{"href":"https:\/\/www.carlosyconchita.net\/rutas\/wp-json\/wp\/v2\/media?parent=4343"}],"wp:term":[{"taxonomy":"category","embeddable":true,"href":"https:\/\/www.carlosyconchita.net\/rutas\/wp-json\/wp\/v2\/categories?post=4343"},{"taxonomy":"post_tag","embeddable":true,"href":"https:\/\/www.carlosyconchita.net\/rutas\/wp-json\/wp\/v2\/tags?post=4343"}],"curies":[{"name":"wp","href":"https:\/\/api.w.org\/{rel}","templated":true}]}}